{"id":29271,"date":"2022-10-19T22:08:00","date_gmt":"2022-10-19T21:08:00","guid":{"rendered":"https:\/\/lasentinelle.dz\/?p=29271"},"modified":"2022-10-19T17:25:08","modified_gmt":"2022-10-19T16:25:08","slug":"eliminatoires-de-la-can-2023-u23-la-derniere-ligne-droite","status":"publish","type":"post","link":"https:\/\/lasentinelle.dz\/index.php\/2022\/10\/19\/eliminatoires-de-la-can-2023-u23-la-derniere-ligne-droite\/","title":{"rendered":"\u00c9liminatoires de la CAN-2023 (U23)\u00a0: La derni\u00e8re ligne droite"},"content":{"rendered":"\n<p>Les joueurs de la S\u00e9lection nationale des U23 s\u2019envolent aujourd\u2019hui pour Kinshasa en perspective de leur premi\u00e8re confrontation avec son homologue de la RDC du Congo comptant pour les \u00e9liminatoires de la Coupe d\u2019Afrique des Nations de la cat\u00e9gorie.<\/p>\n\n\n\n<p>Noureddine Ould Ali et ses poulains sont fin pr\u00eats pour entamer les phases de qualification pour le tournoi continental. Exempt\u00e9e du 1er tour, la S\u00e9lection alg\u00e9rienne doit entamer le tournoi au 2e tour &nbsp;des qualifications en allant \u00e0 la rencontre de la RD Congo. Le match aller est pr\u00e9vu dimanche \u00e0 Kinshasa, tandis que le match retour doit \u00eatre disputer une semaine plus tard. C\u2019est dans cette perspective que la S\u00e9lection espoirs doit s\u2019envoler aujourd\u2019hui pour la capitale congolaise apr\u00e8s avoir suivi une phase de pr\u00e9paration intensive. En sus du stage de pr\u00e9paration du mois de septembre et au cours duquel, les prot\u00e9g\u00e9s de d\u2019Ould Ali ont jou\u00e9 deux matchs amicaux contre la s\u00e9lection soudanaise, les U23 ont suivi deux stages de pr\u00e9paration au cours des derniers jours au Centre technique national de Sidi Moussa, le premier la semaine derni\u00e8re et le second et dernier stage a \u00e9t\u00e9 tenu cette semaine. Une pr\u00e9paration qui a permis \u00e0 Ould Ali d\u2019apporter les derni\u00e8res retouches \u00e0 l\u2019effectif avec lequel il entend qualifier l\u2019Alg\u00e9rie \u00e0 la prochaine CAN des U23.<\/p>\n\n\n\n<p>Le s\u00e9lectionneur nationala, ainsi, &nbsp;fait appel \u00e0 un effectif dans le cadre d&rsquo;une liste \u00e9largie compos\u00e9e de joueurs \u00e9voluant en Alg\u00e9rie et d\u2019autres venant de l\u2019\u00e9tranger, un choix d\u00e9lib\u00e9r\u00e9 qui lui permettra de trier les meilleurs d\u2019entre eux en pr\u00e9vision de ce 2e tour pr\u00e9liminaire de la CAN U23, Maroc 2023, pr\u00e9cise l&rsquo;instance f\u00e9d\u00e9rale sur son site officiel.La manche aller RD Congo &#8211; Alg\u00e9rie, aura lieu dimanche 23 octobre au stade des Martyrs de Kinshasa. Le match retour se d\u00e9roulera&nbsp; jeudi 27 octobre au stade du 8 mai 1945 de S\u00e9tif, d\u00e9terminant pour la qualification au 3e et dernier tour de la CAN U23.En cas de qualification, les \u00ab\u00a0Verts\u00a0\u00bb d\u00e9fieront au 3e et dernier tour (20-28 mars 2023, ndlr) le vainqueur de Ghana-Mozambique. Pour ce faire le coach national s\u2019est fix\u00e9 des objectifs pr\u00e9cis. C\u2019est ainsi qu\u2019au mois de septembre dernier, Ould Ali avait estim\u00e9 que pour venir \u00e0 bout de la s\u00e9lection congolaise, \u00ab&nbsp;l&rsquo;\u00e9quipe doit \u00eatre solide sur tous les plans&nbsp;\u00bb. Il a estim\u00e9 qu\u2019il \u00ab&nbsp;faudra absolument bien n\u00e9gocier&nbsp;\u00bb. En ce sens, le s\u00e9lectionneur des U23 a mis\u00e9 sur une pr\u00e9paration intensive et attendait beaucoup de ses joueurs. Celui-ci n\u2019a d\u2019ailleurs pas \u00e9t\u00e9 d\u00e9\u00e7u. Il y a quelques jours Ould Ali s\u2019est dit \u00ab agr\u00e9ablement surpris par l\u2019\u00e9tat d\u2019esprit des jeunes qui ont affich\u00e9 beaucoup de motivation et qui ont montr\u00e9 leur engagement \u00e0 notre projet\u00bb. Pour rappel, la CAN U23 se jouera en juin 2023 au Maroc, et sera qualificative pour les Jeux olympiques JO-2024 \u00e0 Paris.<\/p>\n\n\n\n<p><strong>Chokri Hafed<\/strong><\/p>\n","protected":false},"excerpt":{"rendered":"<p>Les joueurs de la S\u00e9lection nationale des U23 s\u2019envolent aujourd\u2019hui pour Kinshasa en perspective de leur premi\u00e8re confrontation avec son<\/p>\n","protected":false},"author":3,"featured_media":29286,"comment_status":"open","ping_status":"closed","sticky":false,"template":"","format":"standard","meta":{"colormag_page_container_layout":"default_layout","colormag_page_sidebar_layout":"default_layout","om_disable_all_campaigns":false,"_monsterinsights_skip_tracking":false,"_monsterinsights_sitenote_active":false,"_monsterinsights_sitenote_note":"","_monsterinsights_sitenote_category":0,"footnotes":"","_wpscppro_dont_share_socialmedia":false,"_wpscppro_custom_social_share_image":0,"_facebook_share_type":"","_twitter_share_type":"","_linkedin_share_type":"","_pinterest_share_type":"","_linkedin_share_type_page":"","_instagram_share_type":"","_medium_share_type":"","_threads_share_type":"","_google_business_share_type":"","_selected_social_profile":[],"_wpsp_enable_custom_social_template":false,"_wpsp_social_scheduling":{"enabled":false,"datetime":null,"platforms":[],"status":"template_only","dateOption":"today","timeOption":"now","customDays":"","customHours":"","customDate":"","customTime":"","schedulingType":"absolute"},"_wpsp_active_default_template":true},"categories":[52,33],"tags":[],"class_list":["post-29271","post","type-post","status-publish","format-standard","has-post-thumbnail","hentry","category-a-la-une","category-sports"],"aioseo_notices":[],"yoast_head":"<!-- This site is optimized with the Yoast SEO plugin v27.5 - https:\/\/yoast.com\/product\/yoast-seo-wordpress\/ -->\n<title>\u00c9liminatoires de la CAN-2023 (U23)\u00a0: La derni\u00e8re ligne droite - La Sentinelle<\/title>\n<meta name=\"robots\" content=\"index, follow, max-snippet:-1, max-image-preview:large, max-video-preview:-1\" \/>\n<link rel=\"canonical\" href=\"https:\/\/lasentinelle.dz\/index.php\/2022\/10\/19\/eliminatoires-de-la-can-2023-u23-la-derniere-ligne-droite\/\" \/>\n<meta property=\"og:locale\" content=\"fr_FR\" \/>\n<meta property=\"og:type\" content=\"article\" \/>\n<meta property=\"og:title\" content=\"\u00c9liminatoires de la CAN-2023 (U23)\u00a0: La derni\u00e8re ligne droite - La Sentinelle\" \/>\n<meta property=\"og:description\" content=\"Les joueurs de la S\u00e9lection nationale des U23 s\u2019envolent aujourd\u2019hui pour Kinshasa en perspective de leur premi\u00e8re confrontation avec son\" \/>\n<meta property=\"og:url\" content=\"https:\/\/lasentinelle.dz\/index.php\/2022\/10\/19\/eliminatoires-de-la-can-2023-u23-la-derniere-ligne-droite\/\" \/>\n<meta property=\"og:site_name\" content=\"La Sentinelle\" \/>\n<meta property=\"article:publisher\" content=\"https:\/\/www.facebook.com\/La-Sentinelle-104059864394773\" \/>\n<meta property=\"article:published_time\" content=\"2022-10-19T21:08:00+00:00\" \/>\n<meta property=\"og:image\" content=\"https:\/\/lasentinelle.dz\/wp-content\/uploads\/2022\/10\/U23.png\" \/>\n\t<meta property=\"og:image:width\" content=\"1350\" \/>\n\t<meta property=\"og:image:height\" content=\"900\" \/>\n\t<meta property=\"og:image:type\" content=\"image\/png\" \/>\n<meta name=\"author\" content=\"La Sentinelle\" \/>\n<meta name=\"twitter:card\" content=\"summary_large_image\" \/>\n<meta name=\"twitter:label1\" content=\"\u00c9crit par\" \/>\n\t<meta name=\"twitter:data1\" content=\"La Sentinelle\" \/>\n\t<meta name=\"twitter:label2\" content=\"Dur\u00e9e de lecture estim\u00e9e\" \/>\n\t<meta name=\"twitter:data2\" content=\"3 minutes\" \/>\n<script type=\"application\/ld+json\" class=\"yoast-schema-graph\">{\"@context\":\"https:\\\/\\\/schema.org\",\"@graph\":[{\"@type\":\"Article\",\"@id\":\"https:\\\/\\\/lasentinelle.dz\\\/index.php\\\/2022\\\/10\\\/19\\\/eliminatoires-de-la-can-2023-u23-la-derniere-ligne-droite\\\/#article\",\"isPartOf\":{\"@id\":\"https:\\\/\\\/lasentinelle.dz\\\/index.php\\\/2022\\\/10\\\/19\\\/eliminatoires-de-la-can-2023-u23-la-derniere-ligne-droite\\\/\"},\"author\":{\"name\":\"La Sentinelle\",\"@id\":\"https:\\\/\\\/lasentinelle.dz\\\/#\\\/schema\\\/person\\\/d865044e22e70a75174ce8bcad3acfb3\"},\"headline\":\"\u00c9liminatoires de la CAN-2023 (U23)\u00a0: La derni\u00e8re ligne droite\",\"datePublished\":\"2022-10-19T21:08:00+00:00\",\"mainEntityOfPage\":{\"@id\":\"https:\\\/\\\/lasentinelle.dz\\\/index.php\\\/2022\\\/10\\\/19\\\/eliminatoires-de-la-can-2023-u23-la-derniere-ligne-droite\\\/\"},\"wordCount\":536,\"commentCount\":0,\"publisher\":{\"@id\":\"https:\\\/\\\/lasentinelle.dz\\\/#organization\"},\"image\":{\"@id\":\"https:\\\/\\\/lasentinelle.dz\\\/index.php\\\/2022\\\/10\\\/19\\\/eliminatoires-de-la-can-2023-u23-la-derniere-ligne-droite\\\/#primaryimage\"},\"thumbnailUrl\":\"https:\\\/\\\/lasentinelle.dz\\\/wp-content\\\/uploads\\\/2022\\\/10\\\/U23.png\",\"articleSection\":[\"\u00c0 la Une\",\"Sports\"],\"inLanguage\":\"fr-FR\",\"potentialAction\":[{\"@type\":\"CommentAction\",\"name\":\"Comment\",\"target\":[\"https:\\\/\\\/lasentinelle.dz\\\/index.php\\\/2022\\\/10\\\/19\\\/eliminatoires-de-la-can-2023-u23-la-derniere-ligne-droite\\\/#respond\"]}]},{\"@type\":\"WebPage\",\"@id\":\"https:\\\/\\\/lasentinelle.dz\\\/index.php\\\/2022\\\/10\\\/19\\\/eliminatoires-de-la-can-2023-u23-la-derniere-ligne-droite\\\/\",\"url\":\"https:\\\/\\\/lasentinelle.dz\\\/index.php\\\/2022\\\/10\\\/19\\\/eliminatoires-de-la-can-2023-u23-la-derniere-ligne-droite\\\/\",\"name\":\"\u00c9liminatoires de la CAN-2023 (U23)\u00a0: La derni\u00e8re ligne droite - La Sentinelle\",\"isPartOf\":{\"@id\":\"https:\\\/\\\/lasentinelle.dz\\\/#website\"},\"primaryImageOfPage\":{\"@id\":\"https:\\\/\\\/lasentinelle.dz\\\/index.php\\\/2022\\\/10\\\/19\\\/eliminatoires-de-la-can-2023-u23-la-derniere-ligne-droite\\\/#primaryimage\"},\"image\":{\"@id\":\"https:\\\/\\\/lasentinelle.dz\\\/index.php\\\/2022\\\/10\\\/19\\\/eliminatoires-de-la-can-2023-u23-la-derniere-ligne-droite\\\/#primaryimage\"},\"thumbnailUrl\":\"https:\\\/\\\/lasentinelle.dz\\\/wp-content\\\/uploads\\\/2022\\\/10\\\/U23.png\",\"datePublished\":\"2022-10-19T21:08:00+00:00\",\"breadcrumb\":{\"@id\":\"https:\\\/\\\/lasentinelle.dz\\\/index.php\\\/2022\\\/10\\\/19\\\/eliminatoires-de-la-can-2023-u23-la-derniere-ligne-droite\\\/#breadcrumb\"},\"inLanguage\":\"fr-FR\",\"potentialAction\":[{\"@type\":\"ReadAction\",\"target\":[\"https:\\\/\\\/lasentinelle.dz\\\/index.php\\\/2022\\\/10\\\/19\\\/eliminatoires-de-la-can-2023-u23-la-derniere-ligne-droite\\\/\"]}]},{\"@type\":\"ImageObject\",\"inLanguage\":\"fr-FR\",\"@id\":\"https:\\\/\\\/lasentinelle.dz\\\/index.php\\\/2022\\\/10\\\/19\\\/eliminatoires-de-la-can-2023-u23-la-derniere-ligne-droite\\\/#primaryimage\",\"url\":\"https:\\\/\\\/lasentinelle.dz\\\/wp-content\\\/uploads\\\/2022\\\/10\\\/U23.png\",\"contentUrl\":\"https:\\\/\\\/lasentinelle.dz\\\/wp-content\\\/uploads\\\/2022\\\/10\\\/U23.png\",\"width\":1350,\"height\":900},{\"@type\":\"BreadcrumbList\",\"@id\":\"https:\\\/\\\/lasentinelle.dz\\\/index.php\\\/2022\\\/10\\\/19\\\/eliminatoires-de-la-can-2023-u23-la-derniere-ligne-droite\\\/#breadcrumb\",\"itemListElement\":[{\"@type\":\"ListItem\",\"position\":1,\"name\":\"Accueil\",\"item\":\"https:\\\/\\\/lasentinelle.dz\\\/\"},{\"@type\":\"ListItem\",\"position\":2,\"name\":\"\u00c9liminatoires de la CAN-2023 (U23)\u00a0: La derni\u00e8re ligne droite\"}]},{\"@type\":\"WebSite\",\"@id\":\"https:\\\/\\\/lasentinelle.dz\\\/#website\",\"url\":\"https:\\\/\\\/lasentinelle.dz\\\/\",\"name\":\"La Sentinelle\",\"description\":\"Quotidien national d&#039;information\",\"publisher\":{\"@id\":\"https:\\\/\\\/lasentinelle.dz\\\/#organization\"},\"potentialAction\":[{\"@type\":\"SearchAction\",\"target\":{\"@type\":\"EntryPoint\",\"urlTemplate\":\"https:\\\/\\\/lasentinelle.dz\\\/?s={search_term_string}\"},\"query-input\":{\"@type\":\"PropertyValueSpecification\",\"valueRequired\":true,\"valueName\":\"search_term_string\"}}],\"inLanguage\":\"fr-FR\"},{\"@type\":\"Organization\",\"@id\":\"https:\\\/\\\/lasentinelle.dz\\\/#organization\",\"name\":\"Quotidien La Sentinelle\",\"url\":\"https:\\\/\\\/lasentinelle.dz\\\/\",\"logo\":{\"@type\":\"ImageObject\",\"inLanguage\":\"fr-FR\",\"@id\":\"https:\\\/\\\/lasentinelle.dz\\\/#\\\/schema\\\/logo\\\/image\\\/\",\"url\":\"https:\\\/\\\/lasentinelle.dz\\\/wp-content\\\/uploads\\\/2021\\\/09\\\/logo-sentinelleSLOGAN-1.png\",\"contentUrl\":\"https:\\\/\\\/lasentinelle.dz\\\/wp-content\\\/uploads\\\/2021\\\/09\\\/logo-sentinelleSLOGAN-1.png\",\"width\":615,\"height\":142,\"caption\":\"Quotidien La Sentinelle\"},\"image\":{\"@id\":\"https:\\\/\\\/lasentinelle.dz\\\/#\\\/schema\\\/logo\\\/image\\\/\"},\"sameAs\":[\"https:\\\/\\\/www.facebook.com\\\/La-Sentinelle-104059864394773\"]},{\"@type\":\"Person\",\"@id\":\"https:\\\/\\\/lasentinelle.dz\\\/#\\\/schema\\\/person\\\/d865044e22e70a75174ce8bcad3acfb3\",\"name\":\"La Sentinelle\",\"image\":{\"@type\":\"ImageObject\",\"inLanguage\":\"fr-FR\",\"@id\":\"https:\\\/\\\/secure.gravatar.com\\\/avatar\\\/57de8e5d4b15d43fb361a71fbb36338450fe67865b528a43dd10ef7c51a20392?s=96&d=mm&r=g\",\"url\":\"https:\\\/\\\/secure.gravatar.com\\\/avatar\\\/57de8e5d4b15d43fb361a71fbb36338450fe67865b528a43dd10ef7c51a20392?s=96&d=mm&r=g\",\"contentUrl\":\"https:\\\/\\\/secure.gravatar.com\\\/avatar\\\/57de8e5d4b15d43fb361a71fbb36338450fe67865b528a43dd10ef7c51a20392?s=96&d=mm&r=g\",\"caption\":\"La Sentinelle\"},\"sameAs\":[\"http:\\\/\\\/www.lasentinelle.dz\"],\"url\":\"https:\\\/\\\/lasentinelle.dz\\\/author\\\/redaction\\\/\"}]}<\/script>\n<!-- \/ Yoast SEO plugin. -->","yoast_head_json":{"title":"\u00c9liminatoires de la CAN-2023 (U23)\u00a0: La derni\u00e8re ligne droite - La Sentinelle","robots":{"index":"index","follow":"follow","max-snippet":"max-snippet:-1","max-image-preview":"max-image-preview:large","max-video-preview":"max-video-preview:-1"},"canonical":"https:\/\/lasentinelle.dz\/index.php\/2022\/10\/19\/eliminatoires-de-la-can-2023-u23-la-derniere-ligne-droite\/","og_locale":"fr_FR","og_type":"article","og_title":"\u00c9liminatoires de la CAN-2023 (U23)\u00a0: La derni\u00e8re ligne droite - La Sentinelle","og_description":"Les joueurs de la S\u00e9lection nationale des U23 s\u2019envolent aujourd\u2019hui pour Kinshasa en perspective de leur premi\u00e8re confrontation avec son","og_url":"https:\/\/lasentinelle.dz\/index.php\/2022\/10\/19\/eliminatoires-de-la-can-2023-u23-la-derniere-ligne-droite\/","og_site_name":"La Sentinelle","article_publisher":"https:\/\/www.facebook.com\/La-Sentinelle-104059864394773","article_published_time":"2022-10-19T21:08:00+00:00","og_image":[{"width":1350,"height":900,"url":"https:\/\/lasentinelle.dz\/wp-content\/uploads\/2022\/10\/U23.png","type":"image\/png"}],"author":"La Sentinelle","twitter_card":"summary_large_image","twitter_misc":{"\u00c9crit par":"La Sentinelle","Dur\u00e9e de lecture estim\u00e9e":"3 minutes"},"schema":{"@context":"https:\/\/schema.org","@graph":[{"@type":"Article","@id":"https:\/\/lasentinelle.dz\/index.php\/2022\/10\/19\/eliminatoires-de-la-can-2023-u23-la-derniere-ligne-droite\/#article","isPartOf":{"@id":"https:\/\/lasentinelle.dz\/index.php\/2022\/10\/19\/eliminatoires-de-la-can-2023-u23-la-derniere-ligne-droite\/"},"author":{"name":"La Sentinelle","@id":"https:\/\/lasentinelle.dz\/#\/schema\/person\/d865044e22e70a75174ce8bcad3acfb3"},"headline":"\u00c9liminatoires de la CAN-2023 (U23)\u00a0: La derni\u00e8re ligne droite","datePublished":"2022-10-19T21:08:00+00:00","mainEntityOfPage":{"@id":"https:\/\/lasentinelle.dz\/index.php\/2022\/10\/19\/eliminatoires-de-la-can-2023-u23-la-derniere-ligne-droite\/"},"wordCount":536,"commentCount":0,"publisher":{"@id":"https:\/\/lasentinelle.dz\/#organization"},"image":{"@id":"https:\/\/lasentinelle.dz\/index.php\/2022\/10\/19\/eliminatoires-de-la-can-2023-u23-la-derniere-ligne-droite\/#primaryimage"},"thumbnailUrl":"https:\/\/lasentinelle.dz\/wp-content\/uploads\/2022\/10\/U23.png","articleSection":["\u00c0 la Une","Sports"],"inLanguage":"fr-FR","potentialAction":[{"@type":"CommentAction","name":"Comment","target":["https:\/\/lasentinelle.dz\/index.php\/2022\/10\/19\/eliminatoires-de-la-can-2023-u23-la-derniere-ligne-droite\/#respond"]}]},{"@type":"WebPage","@id":"https:\/\/lasentinelle.dz\/index.php\/2022\/10\/19\/eliminatoires-de-la-can-2023-u23-la-derniere-ligne-droite\/","url":"https:\/\/lasentinelle.dz\/index.php\/2022\/10\/19\/eliminatoires-de-la-can-2023-u23-la-derniere-ligne-droite\/","name":"\u00c9liminatoires de la CAN-2023 (U23)\u00a0: La derni\u00e8re ligne droite - La Sentinelle","isPartOf":{"@id":"https:\/\/lasentinelle.dz\/#website"},"primaryImageOfPage":{"@id":"https:\/\/lasentinelle.dz\/index.php\/2022\/10\/19\/eliminatoires-de-la-can-2023-u23-la-derniere-ligne-droite\/#primaryimage"},"image":{"@id":"https:\/\/lasentinelle.dz\/index.php\/2022\/10\/19\/eliminatoires-de-la-can-2023-u23-la-derniere-ligne-droite\/#primaryimage"},"thumbnailUrl":"https:\/\/lasentinelle.dz\/wp-content\/uploads\/2022\/10\/U23.png","datePublished":"2022-10-19T21:08:00+00:00","breadcrumb":{"@id":"https:\/\/lasentinelle.dz\/index.php\/2022\/10\/19\/eliminatoires-de-la-can-2023-u23-la-derniere-ligne-droite\/#breadcrumb"},"inLanguage":"fr-FR","potentialAction":[{"@type":"ReadAction","target":["https:\/\/lasentinelle.dz\/index.php\/2022\/10\/19\/eliminatoires-de-la-can-2023-u23-la-derniere-ligne-droite\/"]}]},{"@type":"ImageObject","inLanguage":"fr-FR","@id":"https:\/\/lasentinelle.dz\/index.php\/2022\/10\/19\/eliminatoires-de-la-can-2023-u23-la-derniere-ligne-droite\/#primaryimage","url":"https:\/\/lasentinelle.dz\/wp-content\/uploads\/2022\/10\/U23.png","contentUrl":"https:\/\/lasentinelle.dz\/wp-content\/uploads\/2022\/10\/U23.png","width":1350,"height":900},{"@type":"BreadcrumbList","@id":"https:\/\/lasentinelle.dz\/index.php\/2022\/10\/19\/eliminatoires-de-la-can-2023-u23-la-derniere-ligne-droite\/#breadcrumb","itemListElement":[{"@type":"ListItem","position":1,"name":"Accueil","item":"https:\/\/lasentinelle.dz\/"},{"@type":"ListItem","position":2,"name":"\u00c9liminatoires de la CAN-2023 (U23)\u00a0: La derni\u00e8re ligne droite"}]},{"@type":"WebSite","@id":"https:\/\/lasentinelle.dz\/#website","url":"https:\/\/lasentinelle.dz\/","name":"La Sentinelle","description":"Quotidien national d&#039;information","publisher":{"@id":"https:\/\/lasentinelle.dz\/#organization"},"potentialAction":[{"@type":"SearchAction","target":{"@type":"EntryPoint","urlTemplate":"https:\/\/lasentinelle.dz\/?s={search_term_string}"},"query-input":{"@type":"PropertyValueSpecification","valueRequired":true,"valueName":"search_term_string"}}],"inLanguage":"fr-FR"},{"@type":"Organization","@id":"https:\/\/lasentinelle.dz\/#organization","name":"Quotidien La Sentinelle","url":"https:\/\/lasentinelle.dz\/","logo":{"@type":"ImageObject","inLanguage":"fr-FR","@id":"https:\/\/lasentinelle.dz\/#\/schema\/logo\/image\/","url":"https:\/\/lasentinelle.dz\/wp-content\/uploads\/2021\/09\/logo-sentinelleSLOGAN-1.png","contentUrl":"https:\/\/lasentinelle.dz\/wp-content\/uploads\/2021\/09\/logo-sentinelleSLOGAN-1.png","width":615,"height":142,"caption":"Quotidien La Sentinelle"},"image":{"@id":"https:\/\/lasentinelle.dz\/#\/schema\/logo\/image\/"},"sameAs":["https:\/\/www.facebook.com\/La-Sentinelle-104059864394773"]},{"@type":"Person","@id":"https:\/\/lasentinelle.dz\/#\/schema\/person\/d865044e22e70a75174ce8bcad3acfb3","name":"La Sentinelle","image":{"@type":"ImageObject","inLanguage":"fr-FR","@id":"https:\/\/secure.gravatar.com\/avatar\/57de8e5d4b15d43fb361a71fbb36338450fe67865b528a43dd10ef7c51a20392?s=96&d=mm&r=g","url":"https:\/\/secure.gravatar.com\/avatar\/57de8e5d4b15d43fb361a71fbb36338450fe67865b528a43dd10ef7c51a20392?s=96&d=mm&r=g","contentUrl":"https:\/\/secure.gravatar.com\/avatar\/57de8e5d4b15d43fb361a71fbb36338450fe67865b528a43dd10ef7c51a20392?s=96&d=mm&r=g","caption":"La Sentinelle"},"sameAs":["http:\/\/www.lasentinelle.dz"],"url":"https:\/\/lasentinelle.dz\/author\/redaction\/"}]}},"_links":{"self":[{"href":"https:\/\/lasentinelle.dz\/index.php\/wp-json\/wp\/v2\/posts\/29271","targetHints":{"allow":["GET"]}}],"collection":[{"href":"https:\/\/lasentinelle.dz\/index.php\/wp-json\/wp\/v2\/posts"}],"about":[{"href":"https:\/\/lasentinelle.dz\/index.php\/wp-json\/wp\/v2\/types\/post"}],"author":[{"embeddable":true,"href":"https:\/\/lasentinelle.dz\/index.php\/wp-json\/wp\/v2\/users\/3"}],"replies":[{"embeddable":true,"href":"https:\/\/lasentinelle.dz\/index.php\/wp-json\/wp\/v2\/comments?post=29271"}],"version-history":[{"count":1,"href":"https:\/\/lasentinelle.dz\/index.php\/wp-json\/wp\/v2\/posts\/29271\/revisions"}],"predecessor-version":[{"id":29287,"href":"https:\/\/lasentinelle.dz\/index.php\/wp-json\/wp\/v2\/posts\/29271\/revisions\/29287"}],"wp:featuredmedia":[{"embeddable":true,"href":"https:\/\/lasentinelle.dz\/index.php\/wp-json\/wp\/v2\/media\/29286"}],"wp:attachment":[{"href":"https:\/\/lasentinelle.dz\/index.php\/wp-json\/wp\/v2\/media?parent=29271"}],"wp:term":[{"taxonomy":"category","embeddable":true,"href":"https:\/\/lasentinelle.dz\/index.php\/wp-json\/wp\/v2\/categories?post=29271"},{"taxonomy":"post_tag","embeddable":true,"href":"https:\/\/lasentinelle.dz\/index.php\/wp-json\/wp\/v2\/tags?post=29271"}],"curies":[{"name":"wp","href":"https:\/\/api.w.org\/{rel}","templated":true}]}}