{"id":29309,"date":"2022-10-19T22:17:00","date_gmt":"2022-10-19T21:17:00","guid":{"rendered":"https:\/\/lasentinelle.dz\/?p=29309"},"modified":"2022-10-19T20:40:30","modified_gmt":"2022-10-19T19:40:30","slug":"le-statut-de-la-magistrature-doit-etre-presente-au-prochain-conseil-des-ministres-consacrer-lindependance-de-la-justice","status":"publish","type":"post","link":"https:\/\/lasentinelle.dz\/index.php\/2022\/10\/19\/le-statut-de-la-magistrature-doit-etre-presente-au-prochain-conseil-des-ministres-consacrer-lindependance-de-la-justice\/","title":{"rendered":"Le statut de la Magistrature doit \u00eatre pr\u00e9sent\u00e9 au prochain Conseil des ministres\u00a0: Consacrer l\u2019ind\u00e9pendance de la Justice"},"content":{"rendered":"\n<p>Le statut de la Magistrature est pr\u00eat et doit \u00eatre pr\u00e9sent\u00e9 au prochain Conseil des ministres. Le texte doit finaliser le cadre r\u00e9glementaire devant garantirl\u2019ind\u00e9pendance de la Justice.<\/p>\n\n\n\n<p>Le statut de la Magistrature a \u00e9t\u00e9 au c\u0153ur de la r\u00e9union hebdomadaire du Gouvernement tenue hier. Le texte doit permettre de consacrer l\u2019ind\u00e9pendance de la Justice en \u00e9loignant la gestion des questions professionnelles et disciplinaires des magistrats de l\u2019influence de l\u2019Ex\u00e9cutif. C\u2019est ainsi que l\u2019avant-projet de loi organique portant statut de la Magistrature \u00ab&nbsp;consacre la supervision exclusive, par le Conseil sup\u00e9rieur de la Magistrature (CSM), de l&rsquo;ensemble des questions professionnelles et disciplinaires en relation avec le magistrat et d\u00e9termine ses droits et ses obligations ainsi que l&rsquo;organisation et le d\u00e9roulement de sa carri\u00e8re&nbsp;\u00bb, a indiqu\u00e9 hier un communiqu\u00e9 des services du Premier ministre qui a sanctionn\u00e9 les travaux de la r\u00e9union du Gouvernement. Le texte met ainsi \u00e0 l\u2019abri, les magistrats de toute pression de la part l\u2019Ex\u00e9cutif que ce soit par le biais des sanctions, ou par le biais de l\u2019\u00e9volution de carri\u00e8re. &nbsp;Il est vrai que les interf\u00e9rences de l\u2019Ex\u00e9cutif ont souvent constitu\u00e9 un frein \u00e0 la bonne marche de la Justice et \u00e0 l\u2019ind\u00e9pendance du pouvoir judiciaire. Les r\u00e9cents proc\u00e8s pour corruption et pour entrave \u00e0 la Justice ont mis \u00e0 nu les lacunes en la mati\u00e8re. C\u2019est en ce sens que la r\u00e9forme visant \u00e0 garantir l\u2019ind\u00e9pendance de la Justice, assise de tout \u00c9tat de droit s\u2019est impos\u00e9e. Une r\u00e9forme traduite d\u2019abord dans le cadre de la Constitution du 1<sup>er<\/sup> novembre 2020. D\u2019ailleurs, le communiqu\u00e9 du Premier minist\u00e8re souligne que nouveau projet de texte, \u00ab&nbsp;qui abroge et remplace la loi organique num\u00e9ro 04-11 du 06 septembre 2004, s&rsquo;inscrit dans le cadre de la mise en conformit\u00e9 du statut de la Magistrature avec la lettre et l&rsquo;esprit de la r\u00e9vision constitutionnelle du 1er novembre 2020, ayant consacr\u00e9 l&rsquo;engagement de Monsieur le pr\u00e9sident de la R\u00e9publique pour valoriser le corps des magistrats, promouvoir leur statut et pr\u00e9server leur ind\u00e9pendance et ce, dans le cadre de la r\u00e9forme globale de la Justice&nbsp;\u00bb.<\/p>\n\n\n\n<p>Une r\u00e9forme qui impos\u00e9 la r\u00e9vision de nombreux textes. La nouvelle Constitution a donn\u00e9 lieu d\u2019abord \u00e0 la cr\u00e9ation et l\u2019\u00e9lection d\u2019une Cour constitutionnelle qui a remplac\u00e9 le Conseil constitutionnel, ainsi qu\u2019\u00e0 la promulgation de nouveaux textes relatifs au fonctionnement du Conseil sup\u00e9rieur de la magistrature et \u00e0 l\u2019\u00e9lection de celui-ci en excluant le ministre de la Justice de sa composition. Le Statut de la magistrature, et bien qu\u2019il ait suscit\u00e9 des pol\u00e9miques au cours des derniers mois, doit permettre de finaliser ce cadre qui a pour objectif d\u2019exclure l\u2019influence du pouvoir ex\u00e9cutif sur la Justice. Ce qui en th\u00e9orie doit garantir l\u2019ind\u00e9pendance de la Justice assise de tout \u00c9tat de droit qui consacre la protection des droits des citoyens.<\/p>\n\n\n\n<p>Il est utile de rappeler dans ce contexte que le pr\u00e9sident de la R\u00e9publique, Abdelmadjid Tebboune, a indiqu\u00e9 dimanche lors de l\u2019ouverture de l\u2019ann\u00e9e judiciaire que la Justice \u00ab&nbsp;est le bouclier protecteur du citoyen et de ses biens et la garante des droits des citoyens et qui veille sur la qui\u00e9tude et le bien-\u00eatre au sein de la soci\u00e9t\u00e9&nbsp;\u00bb. Il a soulign\u00e9 son souci de \u00ab&nbsp;renforcer les m\u00e9canismes de l&rsquo;ind\u00e9pendance de l&rsquo;institution judiciaire, aux fins de garantir la supr\u00e9matie de la loi, prot\u00e9ger les libert\u00e9s et consacrer l&rsquo;\u00e9galit\u00e9 en termes des droits et des devoirs\u00a0\u00bb, partant \u00ab\u00a0de sa place et de ce qui est attendu d&rsquo;elle comme t\u00e2ches diverses dans le cadre du processus d&rsquo;\u00e9dification nationale\u00a0\u00bb.Le chef de l&rsquo;Etat a expliqu\u00e9 que \u00ab\u00a0les garanties qui consacrent l&rsquo;ind\u00e9pendance de la Justice constituent un pas important et n\u00e9cessaire sur la voie de la r\u00e9forme de la justice et de l&rsquo;instauration des bases d&rsquo;une justice forte, impartiale et int\u00e8gre\u00a0\u00bb. Au-del\u00e0 du cadre garantissant l\u2019ind\u00e9pendance de la Justice, le pr\u00e9sident de la R\u00e9publique a mis en avant certains d\u00e9fis qu\u2019il reste encore \u00e0 relever pour consolider les bases de l\u2019\u00c9tat de droit et la bonne marche de la Justice. Il a ainsi mis en avant \u00ab&nbsp;l&rsquo;importance de la formation des magistrats et autres corps contribuant \u00e0 l&rsquo;action judiciaire&nbsp;\u00bb, ainsi que l&rsquo;imp\u00e9ratif \u00ab&nbsp;de consolider les droits de la D\u00e9fense et r\u00e9unir les conditions n\u00e9cessaires pour permettre aux avocats d&rsquo;exercer leurs fonctions dans les meilleures conditions, dans le cadre du respect de la Loi et des chartes de l&rsquo;\u00e9thique professionnelle&nbsp;\u00bb.<\/p>\n\n\n\n<p>Hocine Fadheli<\/p>\n","protected":false},"excerpt":{"rendered":"<p>Le statut de la Magistrature est pr\u00eat et doit \u00eatre pr\u00e9sent\u00e9 au prochain Conseil des ministres. Le texte doit finaliser<\/p>\n","protected":false},"author":3,"featured_media":29312,"comment_status":"open","ping_status":"closed","sticky":false,"template":"","format":"standard","meta":{"colormag_page_container_layout":"default_layout","colormag_page_sidebar_layout":"default_layout","om_disable_all_campaigns":false,"_monsterinsights_skip_tracking":false,"_monsterinsights_sitenote_active":false,"_monsterinsights_sitenote_note":"","_monsterinsights_sitenote_category":0,"footnotes":"","_wpscppro_dont_share_socialmedia":false,"_wpscppro_custom_social_share_image":0,"_facebook_share_type":"","_twitter_share_type":"","_linkedin_share_type":"","_pinterest_share_type":"","_linkedin_share_type_page":"","_instagram_share_type":"","_medium_share_type":"","_threads_share_type":"","_google_business_share_type":"","_selected_social_profile":[],"_wpsp_enable_custom_social_template":false,"_wpsp_social_scheduling":{"enabled":false,"datetime":null,"platforms":[],"status":"template_only","dateOption":"today","timeOption":"now","customDays":"","customHours":"","customDate":"","customTime":"","schedulingType":"absolute"},"_wpsp_active_default_template":true},"categories":[52,27],"tags":[],"class_list":["post-29309","post","type-post","status-publish","format-standard","has-post-thumbnail","hentry","category-a-la-une","category-actualite"],"aioseo_notices":[],"yoast_head":"<!-- This site is optimized with the Yoast SEO plugin v27.5 - https:\/\/yoast.com\/product\/yoast-seo-wordpress\/ -->\n<title>Le statut de la Magistrature doit \u00eatre pr\u00e9sent\u00e9 au prochain Conseil des ministres\u00a0: Consacrer l\u2019ind\u00e9pendance de la Justice - La Sentinelle<\/title>\n<meta name=\"robots\" content=\"index, follow, max-snippet:-1, max-image-preview:large, max-video-preview:-1\" \/>\n<link rel=\"canonical\" href=\"https:\/\/lasentinelle.dz\/index.php\/2022\/10\/19\/le-statut-de-la-magistrature-doit-etre-presente-au-prochain-conseil-des-ministres-consacrer-lindependance-de-la-justice\/\" \/>\n<meta property=\"og:locale\" content=\"fr_FR\" \/>\n<meta property=\"og:type\" content=\"article\" \/>\n<meta property=\"og:title\" content=\"Le statut de la Magistrature doit \u00eatre pr\u00e9sent\u00e9 au prochain Conseil des ministres\u00a0: Consacrer l\u2019ind\u00e9pendance de la Justice - La Sentinelle\" \/>\n<meta property=\"og:description\" content=\"Le statut de la Magistrature est pr\u00eat et doit \u00eatre pr\u00e9sent\u00e9 au prochain Conseil des ministres. Le texte doit finaliser\" \/>\n<meta property=\"og:url\" content=\"https:\/\/lasentinelle.dz\/index.php\/2022\/10\/19\/le-statut-de-la-magistrature-doit-etre-presente-au-prochain-conseil-des-ministres-consacrer-lindependance-de-la-justice\/\" \/>\n<meta property=\"og:site_name\" content=\"La Sentinelle\" \/>\n<meta property=\"article:publisher\" content=\"https:\/\/www.facebook.com\/La-Sentinelle-104059864394773\" \/>\n<meta property=\"article:published_time\" content=\"2022-10-19T21:17:00+00:00\" \/>\n<meta property=\"og:image\" content=\"https:\/\/lasentinelle.dz\/wp-content\/uploads\/2022\/10\/Justice-1.png\" \/>\n\t<meta property=\"og:image:width\" content=\"1600\" \/>\n\t<meta property=\"og:image:height\" content=\"900\" \/>\n\t<meta property=\"og:image:type\" content=\"image\/png\" \/>\n<meta name=\"author\" content=\"La Sentinelle\" \/>\n<meta name=\"twitter:card\" content=\"summary_large_image\" \/>\n<meta name=\"twitter:label1\" content=\"\u00c9crit par\" \/>\n\t<meta name=\"twitter:data1\" content=\"La Sentinelle\" \/>\n\t<meta name=\"twitter:label2\" content=\"Dur\u00e9e de lecture estim\u00e9e\" \/>\n\t<meta name=\"twitter:data2\" content=\"4 minutes\" \/>\n<script type=\"application\/ld+json\" class=\"yoast-schema-graph\">{\"@context\":\"https:\\\/\\\/schema.org\",\"@graph\":[{\"@type\":\"Article\",\"@id\":\"https:\\\/\\\/lasentinelle.dz\\\/index.php\\\/2022\\\/10\\\/19\\\/le-statut-de-la-magistrature-doit-etre-presente-au-prochain-conseil-des-ministres-consacrer-lindependance-de-la-justice\\\/#article\",\"isPartOf\":{\"@id\":\"https:\\\/\\\/lasentinelle.dz\\\/index.php\\\/2022\\\/10\\\/19\\\/le-statut-de-la-magistrature-doit-etre-presente-au-prochain-conseil-des-ministres-consacrer-lindependance-de-la-justice\\\/\"},\"author\":{\"name\":\"La Sentinelle\",\"@id\":\"https:\\\/\\\/lasentinelle.dz\\\/#\\\/schema\\\/person\\\/d865044e22e70a75174ce8bcad3acfb3\"},\"headline\":\"Le statut de la Magistrature doit \u00eatre pr\u00e9sent\u00e9 au prochain Conseil des ministres\u00a0: Consacrer l\u2019ind\u00e9pendance de la Justice\",\"datePublished\":\"2022-10-19T21:17:00+00:00\",\"mainEntityOfPage\":{\"@id\":\"https:\\\/\\\/lasentinelle.dz\\\/index.php\\\/2022\\\/10\\\/19\\\/le-statut-de-la-magistrature-doit-etre-presente-au-prochain-conseil-des-ministres-consacrer-lindependance-de-la-justice\\\/\"},\"wordCount\":851,\"commentCount\":0,\"publisher\":{\"@id\":\"https:\\\/\\\/lasentinelle.dz\\\/#organization\"},\"image\":{\"@id\":\"https:\\\/\\\/lasentinelle.dz\\\/index.php\\\/2022\\\/10\\\/19\\\/le-statut-de-la-magistrature-doit-etre-presente-au-prochain-conseil-des-ministres-consacrer-lindependance-de-la-justice\\\/#primaryimage\"},\"thumbnailUrl\":\"https:\\\/\\\/lasentinelle.dz\\\/wp-content\\\/uploads\\\/2022\\\/10\\\/Justice-1.png\",\"articleSection\":[\"\u00c0 la Une\",\"Actualit\u00e9\"],\"inLanguage\":\"fr-FR\",\"potentialAction\":[{\"@type\":\"CommentAction\",\"name\":\"Comment\",\"target\":[\"https:\\\/\\\/lasentinelle.dz\\\/index.php\\\/2022\\\/10\\\/19\\\/le-statut-de-la-magistrature-doit-etre-presente-au-prochain-conseil-des-ministres-consacrer-lindependance-de-la-justice\\\/#respond\"]}]},{\"@type\":\"WebPage\",\"@id\":\"https:\\\/\\\/lasentinelle.dz\\\/index.php\\\/2022\\\/10\\\/19\\\/le-statut-de-la-magistrature-doit-etre-presente-au-prochain-conseil-des-ministres-consacrer-lindependance-de-la-justice\\\/\",\"url\":\"https:\\\/\\\/lasentinelle.dz\\\/index.php\\\/2022\\\/10\\\/19\\\/le-statut-de-la-magistrature-doit-etre-presente-au-prochain-conseil-des-ministres-consacrer-lindependance-de-la-justice\\\/\",\"name\":\"Le statut de la Magistrature doit \u00eatre pr\u00e9sent\u00e9 au prochain Conseil des ministres\u00a0: Consacrer l\u2019ind\u00e9pendance de la Justice - La Sentinelle\",\"isPartOf\":{\"@id\":\"https:\\\/\\\/lasentinelle.dz\\\/#website\"},\"primaryImageOfPage\":{\"@id\":\"https:\\\/\\\/lasentinelle.dz\\\/index.php\\\/2022\\\/10\\\/19\\\/le-statut-de-la-magistrature-doit-etre-presente-au-prochain-conseil-des-ministres-consacrer-lindependance-de-la-justice\\\/#primaryimage\"},\"image\":{\"@id\":\"https:\\\/\\\/lasentinelle.dz\\\/index.php\\\/2022\\\/10\\\/19\\\/le-statut-de-la-magistrature-doit-etre-presente-au-prochain-conseil-des-ministres-consacrer-lindependance-de-la-justice\\\/#primaryimage\"},\"thumbnailUrl\":\"https:\\\/\\\/lasentinelle.dz\\\/wp-content\\\/uploads\\\/2022\\\/10\\\/Justice-1.png\",\"datePublished\":\"2022-10-19T21:17:00+00:00\",\"breadcrumb\":{\"@id\":\"https:\\\/\\\/lasentinelle.dz\\\/index.php\\\/2022\\\/10\\\/19\\\/le-statut-de-la-magistrature-doit-etre-presente-au-prochain-conseil-des-ministres-consacrer-lindependance-de-la-justice\\\/#breadcrumb\"},\"inLanguage\":\"fr-FR\",\"potentialAction\":[{\"@type\":\"ReadAction\",\"target\":[\"https:\\\/\\\/lasentinelle.dz\\\/index.php\\\/2022\\\/10\\\/19\\\/le-statut-de-la-magistrature-doit-etre-presente-au-prochain-conseil-des-ministres-consacrer-lindependance-de-la-justice\\\/\"]}]},{\"@type\":\"ImageObject\",\"inLanguage\":\"fr-FR\",\"@id\":\"https:\\\/\\\/lasentinelle.dz\\\/index.php\\\/2022\\\/10\\\/19\\\/le-statut-de-la-magistrature-doit-etre-presente-au-prochain-conseil-des-ministres-consacrer-lindependance-de-la-justice\\\/#primaryimage\",\"url\":\"https:\\\/\\\/lasentinelle.dz\\\/wp-content\\\/uploads\\\/2022\\\/10\\\/Justice-1.png\",\"contentUrl\":\"https:\\\/\\\/lasentinelle.dz\\\/wp-content\\\/uploads\\\/2022\\\/10\\\/Justice-1.png\",\"width\":1600,\"height\":900},{\"@type\":\"BreadcrumbList\",\"@id\":\"https:\\\/\\\/lasentinelle.dz\\\/index.php\\\/2022\\\/10\\\/19\\\/le-statut-de-la-magistrature-doit-etre-presente-au-prochain-conseil-des-ministres-consacrer-lindependance-de-la-justice\\\/#breadcrumb\",\"itemListElement\":[{\"@type\":\"ListItem\",\"position\":1,\"name\":\"Accueil\",\"item\":\"https:\\\/\\\/lasentinelle.dz\\\/\"},{\"@type\":\"ListItem\",\"position\":2,\"name\":\"Le statut de la Magistrature doit \u00eatre pr\u00e9sent\u00e9 au prochain Conseil des ministres\u00a0: Consacrer l\u2019ind\u00e9pendance de la Justice\"}]},{\"@type\":\"WebSite\",\"@id\":\"https:\\\/\\\/lasentinelle.dz\\\/#website\",\"url\":\"https:\\\/\\\/lasentinelle.dz\\\/\",\"name\":\"La Sentinelle\",\"description\":\"Quotidien national d&#039;information\",\"publisher\":{\"@id\":\"https:\\\/\\\/lasentinelle.dz\\\/#organization\"},\"potentialAction\":[{\"@type\":\"SearchAction\",\"target\":{\"@type\":\"EntryPoint\",\"urlTemplate\":\"https:\\\/\\\/lasentinelle.dz\\\/?s={search_term_string}\"},\"query-input\":{\"@type\":\"PropertyValueSpecification\",\"valueRequired\":true,\"valueName\":\"search_term_string\"}}],\"inLanguage\":\"fr-FR\"},{\"@type\":\"Organization\",\"@id\":\"https:\\\/\\\/lasentinelle.dz\\\/#organization\",\"name\":\"Quotidien La Sentinelle\",\"url\":\"https:\\\/\\\/lasentinelle.dz\\\/\",\"logo\":{\"@type\":\"ImageObject\",\"inLanguage\":\"fr-FR\",\"@id\":\"https:\\\/\\\/lasentinelle.dz\\\/#\\\/schema\\\/logo\\\/image\\\/\",\"url\":\"https:\\\/\\\/lasentinelle.dz\\\/wp-content\\\/uploads\\\/2021\\\/09\\\/logo-sentinelleSLOGAN-1.png\",\"contentUrl\":\"https:\\\/\\\/lasentinelle.dz\\\/wp-content\\\/uploads\\\/2021\\\/09\\\/logo-sentinelleSLOGAN-1.png\",\"width\":615,\"height\":142,\"caption\":\"Quotidien La Sentinelle\"},\"image\":{\"@id\":\"https:\\\/\\\/lasentinelle.dz\\\/#\\\/schema\\\/logo\\\/image\\\/\"},\"sameAs\":[\"https:\\\/\\\/www.facebook.com\\\/La-Sentinelle-104059864394773\"]},{\"@type\":\"Person\",\"@id\":\"https:\\\/\\\/lasentinelle.dz\\\/#\\\/schema\\\/person\\\/d865044e22e70a75174ce8bcad3acfb3\",\"name\":\"La Sentinelle\",\"image\":{\"@type\":\"ImageObject\",\"inLanguage\":\"fr-FR\",\"@id\":\"https:\\\/\\\/secure.gravatar.com\\\/avatar\\\/57de8e5d4b15d43fb361a71fbb36338450fe67865b528a43dd10ef7c51a20392?s=96&d=mm&r=g\",\"url\":\"https:\\\/\\\/secure.gravatar.com\\\/avatar\\\/57de8e5d4b15d43fb361a71fbb36338450fe67865b528a43dd10ef7c51a20392?s=96&d=mm&r=g\",\"contentUrl\":\"https:\\\/\\\/secure.gravatar.com\\\/avatar\\\/57de8e5d4b15d43fb361a71fbb36338450fe67865b528a43dd10ef7c51a20392?s=96&d=mm&r=g\",\"caption\":\"La Sentinelle\"},\"sameAs\":[\"http:\\\/\\\/www.lasentinelle.dz\"],\"url\":\"https:\\\/\\\/lasentinelle.dz\\\/author\\\/redaction\\\/\"}]}<\/script>\n<!-- \/ Yoast SEO plugin. -->","yoast_head_json":{"title":"Le statut de la Magistrature doit \u00eatre pr\u00e9sent\u00e9 au prochain Conseil des ministres\u00a0: Consacrer l\u2019ind\u00e9pendance de la Justice - La Sentinelle","robots":{"index":"index","follow":"follow","max-snippet":"max-snippet:-1","max-image-preview":"max-image-preview:large","max-video-preview":"max-video-preview:-1"},"canonical":"https:\/\/lasentinelle.dz\/index.php\/2022\/10\/19\/le-statut-de-la-magistrature-doit-etre-presente-au-prochain-conseil-des-ministres-consacrer-lindependance-de-la-justice\/","og_locale":"fr_FR","og_type":"article","og_title":"Le statut de la Magistrature doit \u00eatre pr\u00e9sent\u00e9 au prochain Conseil des ministres\u00a0: Consacrer l\u2019ind\u00e9pendance de la Justice - La Sentinelle","og_description":"Le statut de la Magistrature est pr\u00eat et doit \u00eatre pr\u00e9sent\u00e9 au prochain Conseil des ministres. Le texte doit finaliser","og_url":"https:\/\/lasentinelle.dz\/index.php\/2022\/10\/19\/le-statut-de-la-magistrature-doit-etre-presente-au-prochain-conseil-des-ministres-consacrer-lindependance-de-la-justice\/","og_site_name":"La Sentinelle","article_publisher":"https:\/\/www.facebook.com\/La-Sentinelle-104059864394773","article_published_time":"2022-10-19T21:17:00+00:00","og_image":[{"width":1600,"height":900,"url":"https:\/\/lasentinelle.dz\/wp-content\/uploads\/2022\/10\/Justice-1.png","type":"image\/png"}],"author":"La Sentinelle","twitter_card":"summary_large_image","twitter_misc":{"\u00c9crit par":"La Sentinelle","Dur\u00e9e de lecture estim\u00e9e":"4 minutes"},"schema":{"@context":"https:\/\/schema.org","@graph":[{"@type":"Article","@id":"https:\/\/lasentinelle.dz\/index.php\/2022\/10\/19\/le-statut-de-la-magistrature-doit-etre-presente-au-prochain-conseil-des-ministres-consacrer-lindependance-de-la-justice\/#article","isPartOf":{"@id":"https:\/\/lasentinelle.dz\/index.php\/2022\/10\/19\/le-statut-de-la-magistrature-doit-etre-presente-au-prochain-conseil-des-ministres-consacrer-lindependance-de-la-justice\/"},"author":{"name":"La Sentinelle","@id":"https:\/\/lasentinelle.dz\/#\/schema\/person\/d865044e22e70a75174ce8bcad3acfb3"},"headline":"Le statut de la Magistrature doit \u00eatre pr\u00e9sent\u00e9 au prochain Conseil des ministres\u00a0: Consacrer l\u2019ind\u00e9pendance de la Justice","datePublished":"2022-10-19T21:17:00+00:00","mainEntityOfPage":{"@id":"https:\/\/lasentinelle.dz\/index.php\/2022\/10\/19\/le-statut-de-la-magistrature-doit-etre-presente-au-prochain-conseil-des-ministres-consacrer-lindependance-de-la-justice\/"},"wordCount":851,"commentCount":0,"publisher":{"@id":"https:\/\/lasentinelle.dz\/#organization"},"image":{"@id":"https:\/\/lasentinelle.dz\/index.php\/2022\/10\/19\/le-statut-de-la-magistrature-doit-etre-presente-au-prochain-conseil-des-ministres-consacrer-lindependance-de-la-justice\/#primaryimage"},"thumbnailUrl":"https:\/\/lasentinelle.dz\/wp-content\/uploads\/2022\/10\/Justice-1.png","articleSection":["\u00c0 la Une","Actualit\u00e9"],"inLanguage":"fr-FR","potentialAction":[{"@type":"CommentAction","name":"Comment","target":["https:\/\/lasentinelle.dz\/index.php\/2022\/10\/19\/le-statut-de-la-magistrature-doit-etre-presente-au-prochain-conseil-des-ministres-consacrer-lindependance-de-la-justice\/#respond"]}]},{"@type":"WebPage","@id":"https:\/\/lasentinelle.dz\/index.php\/2022\/10\/19\/le-statut-de-la-magistrature-doit-etre-presente-au-prochain-conseil-des-ministres-consacrer-lindependance-de-la-justice\/","url":"https:\/\/lasentinelle.dz\/index.php\/2022\/10\/19\/le-statut-de-la-magistrature-doit-etre-presente-au-prochain-conseil-des-ministres-consacrer-lindependance-de-la-justice\/","name":"Le statut de la Magistrature doit \u00eatre pr\u00e9sent\u00e9 au prochain Conseil des ministres\u00a0: Consacrer l\u2019ind\u00e9pendance de la Justice - La Sentinelle","isPartOf":{"@id":"https:\/\/lasentinelle.dz\/#website"},"primaryImageOfPage":{"@id":"https:\/\/lasentinelle.dz\/index.php\/2022\/10\/19\/le-statut-de-la-magistrature-doit-etre-presente-au-prochain-conseil-des-ministres-consacrer-lindependance-de-la-justice\/#primaryimage"},"image":{"@id":"https:\/\/lasentinelle.dz\/index.php\/2022\/10\/19\/le-statut-de-la-magistrature-doit-etre-presente-au-prochain-conseil-des-ministres-consacrer-lindependance-de-la-justice\/#primaryimage"},"thumbnailUrl":"https:\/\/lasentinelle.dz\/wp-content\/uploads\/2022\/10\/Justice-1.png","datePublished":"2022-10-19T21:17:00+00:00","breadcrumb":{"@id":"https:\/\/lasentinelle.dz\/index.php\/2022\/10\/19\/le-statut-de-la-magistrature-doit-etre-presente-au-prochain-conseil-des-ministres-consacrer-lindependance-de-la-justice\/#breadcrumb"},"inLanguage":"fr-FR","potentialAction":[{"@type":"ReadAction","target":["https:\/\/lasentinelle.dz\/index.php\/2022\/10\/19\/le-statut-de-la-magistrature-doit-etre-presente-au-prochain-conseil-des-ministres-consacrer-lindependance-de-la-justice\/"]}]},{"@type":"ImageObject","inLanguage":"fr-FR","@id":"https:\/\/lasentinelle.dz\/index.php\/2022\/10\/19\/le-statut-de-la-magistrature-doit-etre-presente-au-prochain-conseil-des-ministres-consacrer-lindependance-de-la-justice\/#primaryimage","url":"https:\/\/lasentinelle.dz\/wp-content\/uploads\/2022\/10\/Justice-1.png","contentUrl":"https:\/\/lasentinelle.dz\/wp-content\/uploads\/2022\/10\/Justice-1.png","width":1600,"height":900},{"@type":"BreadcrumbList","@id":"https:\/\/lasentinelle.dz\/index.php\/2022\/10\/19\/le-statut-de-la-magistrature-doit-etre-presente-au-prochain-conseil-des-ministres-consacrer-lindependance-de-la-justice\/#breadcrumb","itemListElement":[{"@type":"ListItem","position":1,"name":"Accueil","item":"https:\/\/lasentinelle.dz\/"},{"@type":"ListItem","position":2,"name":"Le statut de la Magistrature doit \u00eatre pr\u00e9sent\u00e9 au prochain Conseil des ministres\u00a0: Consacrer l\u2019ind\u00e9pendance de la Justice"}]},{"@type":"WebSite","@id":"https:\/\/lasentinelle.dz\/#website","url":"https:\/\/lasentinelle.dz\/","name":"La Sentinelle","description":"Quotidien national d&#039;information","publisher":{"@id":"https:\/\/lasentinelle.dz\/#organization"},"potentialAction":[{"@type":"SearchAction","target":{"@type":"EntryPoint","urlTemplate":"https:\/\/lasentinelle.dz\/?s={search_term_string}"},"query-input":{"@type":"PropertyValueSpecification","valueRequired":true,"valueName":"search_term_string"}}],"inLanguage":"fr-FR"},{"@type":"Organization","@id":"https:\/\/lasentinelle.dz\/#organization","name":"Quotidien La Sentinelle","url":"https:\/\/lasentinelle.dz\/","logo":{"@type":"ImageObject","inLanguage":"fr-FR","@id":"https:\/\/lasentinelle.dz\/#\/schema\/logo\/image\/","url":"https:\/\/lasentinelle.dz\/wp-content\/uploads\/2021\/09\/logo-sentinelleSLOGAN-1.png","contentUrl":"https:\/\/lasentinelle.dz\/wp-content\/uploads\/2021\/09\/logo-sentinelleSLOGAN-1.png","width":615,"height":142,"caption":"Quotidien La Sentinelle"},"image":{"@id":"https:\/\/lasentinelle.dz\/#\/schema\/logo\/image\/"},"sameAs":["https:\/\/www.facebook.com\/La-Sentinelle-104059864394773"]},{"@type":"Person","@id":"https:\/\/lasentinelle.dz\/#\/schema\/person\/d865044e22e70a75174ce8bcad3acfb3","name":"La Sentinelle","image":{"@type":"ImageObject","inLanguage":"fr-FR","@id":"https:\/\/secure.gravatar.com\/avatar\/57de8e5d4b15d43fb361a71fbb36338450fe67865b528a43dd10ef7c51a20392?s=96&d=mm&r=g","url":"https:\/\/secure.gravatar.com\/avatar\/57de8e5d4b15d43fb361a71fbb36338450fe67865b528a43dd10ef7c51a20392?s=96&d=mm&r=g","contentUrl":"https:\/\/secure.gravatar.com\/avatar\/57de8e5d4b15d43fb361a71fbb36338450fe67865b528a43dd10ef7c51a20392?s=96&d=mm&r=g","caption":"La Sentinelle"},"sameAs":["http:\/\/www.lasentinelle.dz"],"url":"https:\/\/lasentinelle.dz\/author\/redaction\/"}]}},"_links":{"self":[{"href":"https:\/\/lasentinelle.dz\/index.php\/wp-json\/wp\/v2\/posts\/29309","targetHints":{"allow":["GET"]}}],"collection":[{"href":"https:\/\/lasentinelle.dz\/index.php\/wp-json\/wp\/v2\/posts"}],"about":[{"href":"https:\/\/lasentinelle.dz\/index.php\/wp-json\/wp\/v2\/types\/post"}],"author":[{"embeddable":true,"href":"https:\/\/lasentinelle.dz\/index.php\/wp-json\/wp\/v2\/users\/3"}],"replies":[{"embeddable":true,"href":"https:\/\/lasentinelle.dz\/index.php\/wp-json\/wp\/v2\/comments?post=29309"}],"version-history":[{"count":1,"href":"https:\/\/lasentinelle.dz\/index.php\/wp-json\/wp\/v2\/posts\/29309\/revisions"}],"predecessor-version":[{"id":29313,"href":"https:\/\/lasentinelle.dz\/index.php\/wp-json\/wp\/v2\/posts\/29309\/revisions\/29313"}],"wp:featuredmedia":[{"embeddable":true,"href":"https:\/\/lasentinelle.dz\/index.php\/wp-json\/wp\/v2\/media\/29312"}],"wp:attachment":[{"href":"https:\/\/lasentinelle.dz\/index.php\/wp-json\/wp\/v2\/media?parent=29309"}],"wp:term":[{"taxonomy":"category","embeddable":true,"href":"https:\/\/lasentinelle.dz\/index.php\/wp-json\/wp\/v2\/categories?post=29309"},{"taxonomy":"post_tag","embeddable":true,"href":"https:\/\/lasentinelle.dz\/index.php\/wp-json\/wp\/v2\/tags?post=29309"}],"curies":[{"name":"wp","href":"https:\/\/api.w.org\/{rel}","templated":true}]}}