{"id":29311,"date":"2022-10-19T22:05:00","date_gmt":"2022-10-19T21:05:00","guid":{"rendered":"https:\/\/lasentinelle.dz\/?p=29311"},"modified":"2022-10-19T20:41:25","modified_gmt":"2022-10-19T19:41:25","slug":"le-president-tebboune-recoit-un-appel-telephonique-de-son-homologue-turc","status":"publish","type":"post","link":"https:\/\/lasentinelle.dz\/index.php\/2022\/10\/19\/le-president-tebboune-recoit-un-appel-telephonique-de-son-homologue-turc\/","title":{"rendered":"Le Pr\u00e9sident Tebboune re\u00e7oit un appel t\u00e9l\u00e9phonique de son homologue turc"},"content":{"rendered":"\n<p>Le pr\u00e9sident de la R\u00e9publique, M. Abdelmadjid Tebboune, a re\u00e7u hier un appel t\u00e9l\u00e9phonique du pr\u00e9sident de la R\u00e9publique de Turquie, M. Recep Tayyip Erdogan, avec lequel il a pass\u00e9 en revue les relations bilat\u00e9rales excellentes unissant les deux pays, ainsi que les questions int\u00e9ressant les deux peuples amis, a indiqu\u00e9 un communiqu\u00e9 de la Pr\u00e9sidence de la R\u00e9publique.\u00a0\u00bbLe Pr\u00e9sident de la R\u00e9publique, M. Abdelmadjid Tebboune, a re\u00e7u ce mercredi un appel t\u00e9l\u00e9phonique de son fr\u00e8re le Pr\u00e9sident de la R\u00e9publique de Turquie, M. Recep Tayyip Erdogan, lors duquel les deux parties ont pass\u00e9 en revue les excellentes relations bilat\u00e9rales unissant les deux pays, ainsi que les questions int\u00e9ressant les deux peuples amis\u00a0\u00bb, lit-on dans le communiqu\u00e9.A cette occasion, le Pr\u00e9sident turc \u00ab\u00a0a f\u00e9licit\u00e9 son homologue alg\u00e9rien pour le succ\u00e8s de l&rsquo;Alg\u00e9rie dans l&rsquo;organisation de la Conf\u00e9rence de rassemblement des factions palestiniennes, et lui a exprim\u00e9 sa consid\u00e9ration de ses efforts visant \u00e0 atteindre ce noble objectif, lui souhaitant un autre succ\u00e8s dans l&rsquo;unification des rangs arabes, \u00e0 l&rsquo;occasion du prochain sommet de la Ligue arabe, pr\u00e9vu les 1er et 2 novembre \u00e0 Alger\u00a0\u00bb, ajoute la m\u00eame source.<\/p>\n\n\n\n<p>APS<\/p>\n","protected":false},"excerpt":{"rendered":"<p>Le pr\u00e9sident de la R\u00e9publique, M. Abdelmadjid Tebboune, a re\u00e7u hier un appel t\u00e9l\u00e9phonique du pr\u00e9sident de la R\u00e9publique de<\/p>\n","protected":false},"author":3,"featured_media":29317,"comment_status":"open","ping_status":"closed","sticky":false,"template":"","format":"standard","meta":{"colormag_page_container_layout":"default_layout","colormag_page_sidebar_layout":"default_layout","om_disable_all_campaigns":false,"_monsterinsights_skip_tracking":false,"_monsterinsights_sitenote_active":false,"_monsterinsights_sitenote_note":"","_monsterinsights_sitenote_category":0,"footnotes":"","_wpscppro_dont_share_socialmedia":false,"_wpscppro_custom_social_share_image":0,"_facebook_share_type":"","_twitter_share_type":"","_linkedin_share_type":"","_pinterest_share_type":"","_linkedin_share_type_page":"","_instagram_share_type":"","_medium_share_type":"","_threads_share_type":"","_google_business_share_type":"","_selected_social_profile":[],"_wpsp_enable_custom_social_template":false,"_wpsp_social_scheduling":{"enabled":false,"datetime":null,"platforms":[],"status":"template_only","dateOption":"today","timeOption":"now","customDays":"","customHours":"","customDate":"","customTime":"","schedulingType":"absolute"},"_wpsp_active_default_template":true},"categories":[27],"tags":[],"class_list":["post-29311","post","type-post","status-publish","format-standard","has-post-thumbnail","hentry","category-actualite"],"aioseo_notices":[],"yoast_head":"<!-- This site is optimized with the Yoast SEO plugin v27.5 - https:\/\/yoast.com\/product\/yoast-seo-wordpress\/ -->\n<title>Le Pr\u00e9sident Tebboune re\u00e7oit un appel t\u00e9l\u00e9phonique de son homologue turc - La Sentinelle<\/title>\n<meta name=\"robots\" content=\"index, follow, max-snippet:-1, max-image-preview:large, max-video-preview:-1\" \/>\n<link rel=\"canonical\" href=\"https:\/\/lasentinelle.dz\/index.php\/2022\/10\/19\/le-president-tebboune-recoit-un-appel-telephonique-de-son-homologue-turc\/\" \/>\n<meta property=\"og:locale\" content=\"fr_FR\" \/>\n<meta property=\"og:type\" content=\"article\" \/>\n<meta property=\"og:title\" content=\"Le Pr\u00e9sident Tebboune re\u00e7oit un appel t\u00e9l\u00e9phonique de son homologue turc - La Sentinelle\" \/>\n<meta property=\"og:description\" content=\"Le pr\u00e9sident de la R\u00e9publique, M. Abdelmadjid Tebboune, a re\u00e7u hier un appel t\u00e9l\u00e9phonique du pr\u00e9sident de la R\u00e9publique de\" \/>\n<meta property=\"og:url\" content=\"https:\/\/lasentinelle.dz\/index.php\/2022\/10\/19\/le-president-tebboune-recoit-un-appel-telephonique-de-son-homologue-turc\/\" \/>\n<meta property=\"og:site_name\" content=\"La Sentinelle\" \/>\n<meta property=\"article:publisher\" content=\"https:\/\/www.facebook.com\/La-Sentinelle-104059864394773\" \/>\n<meta property=\"article:published_time\" content=\"2022-10-19T21:05:00+00:00\" \/>\n<meta property=\"og:image\" content=\"https:\/\/lasentinelle.dz\/wp-content\/uploads\/2022\/10\/image_2022-10-19_204106886.png\" \/>\n\t<meta property=\"og:image:width\" content=\"1300\" \/>\n\t<meta property=\"og:image:height\" content=\"900\" \/>\n\t<meta property=\"og:image:type\" content=\"image\/png\" \/>\n<meta name=\"author\" content=\"La Sentinelle\" \/>\n<meta name=\"twitter:card\" content=\"summary_large_image\" \/>\n<meta name=\"twitter:label1\" content=\"\u00c9crit par\" \/>\n\t<meta name=\"twitter:data1\" content=\"La Sentinelle\" \/>\n\t<meta name=\"twitter:label2\" content=\"Dur\u00e9e de lecture estim\u00e9e\" \/>\n\t<meta name=\"twitter:data2\" content=\"1 minute\" \/>\n<script type=\"application\/ld+json\" class=\"yoast-schema-graph\">{\"@context\":\"https:\\\/\\\/schema.org\",\"@graph\":[{\"@type\":\"Article\",\"@id\":\"https:\\\/\\\/lasentinelle.dz\\\/index.php\\\/2022\\\/10\\\/19\\\/le-president-tebboune-recoit-un-appel-telephonique-de-son-homologue-turc\\\/#article\",\"isPartOf\":{\"@id\":\"https:\\\/\\\/lasentinelle.dz\\\/index.php\\\/2022\\\/10\\\/19\\\/le-president-tebboune-recoit-un-appel-telephonique-de-son-homologue-turc\\\/\"},\"author\":{\"name\":\"La Sentinelle\",\"@id\":\"https:\\\/\\\/lasentinelle.dz\\\/#\\\/schema\\\/person\\\/d865044e22e70a75174ce8bcad3acfb3\"},\"headline\":\"Le Pr\u00e9sident Tebboune re\u00e7oit un appel t\u00e9l\u00e9phonique de son homologue turc\",\"datePublished\":\"2022-10-19T21:05:00+00:00\",\"mainEntityOfPage\":{\"@id\":\"https:\\\/\\\/lasentinelle.dz\\\/index.php\\\/2022\\\/10\\\/19\\\/le-president-tebboune-recoit-un-appel-telephonique-de-son-homologue-turc\\\/\"},\"wordCount\":237,\"commentCount\":0,\"publisher\":{\"@id\":\"https:\\\/\\\/lasentinelle.dz\\\/#organization\"},\"image\":{\"@id\":\"https:\\\/\\\/lasentinelle.dz\\\/index.php\\\/2022\\\/10\\\/19\\\/le-president-tebboune-recoit-un-appel-telephonique-de-son-homologue-turc\\\/#primaryimage\"},\"thumbnailUrl\":\"https:\\\/\\\/lasentinelle.dz\\\/wp-content\\\/uploads\\\/2022\\\/10\\\/image_2022-10-19_204106886.png\",\"articleSection\":[\"Actualit\u00e9\"],\"inLanguage\":\"fr-FR\",\"potentialAction\":[{\"@type\":\"CommentAction\",\"name\":\"Comment\",\"target\":[\"https:\\\/\\\/lasentinelle.dz\\\/index.php\\\/2022\\\/10\\\/19\\\/le-president-tebboune-recoit-un-appel-telephonique-de-son-homologue-turc\\\/#respond\"]}]},{\"@type\":\"WebPage\",\"@id\":\"https:\\\/\\\/lasentinelle.dz\\\/index.php\\\/2022\\\/10\\\/19\\\/le-president-tebboune-recoit-un-appel-telephonique-de-son-homologue-turc\\\/\",\"url\":\"https:\\\/\\\/lasentinelle.dz\\\/index.php\\\/2022\\\/10\\\/19\\\/le-president-tebboune-recoit-un-appel-telephonique-de-son-homologue-turc\\\/\",\"name\":\"Le Pr\u00e9sident Tebboune re\u00e7oit un appel t\u00e9l\u00e9phonique de son homologue turc - La Sentinelle\",\"isPartOf\":{\"@id\":\"https:\\\/\\\/lasentinelle.dz\\\/#website\"},\"primaryImageOfPage\":{\"@id\":\"https:\\\/\\\/lasentinelle.dz\\\/index.php\\\/2022\\\/10\\\/19\\\/le-president-tebboune-recoit-un-appel-telephonique-de-son-homologue-turc\\\/#primaryimage\"},\"image\":{\"@id\":\"https:\\\/\\\/lasentinelle.dz\\\/index.php\\\/2022\\\/10\\\/19\\\/le-president-tebboune-recoit-un-appel-telephonique-de-son-homologue-turc\\\/#primaryimage\"},\"thumbnailUrl\":\"https:\\\/\\\/lasentinelle.dz\\\/wp-content\\\/uploads\\\/2022\\\/10\\\/image_2022-10-19_204106886.png\",\"datePublished\":\"2022-10-19T21:05:00+00:00\",\"breadcrumb\":{\"@id\":\"https:\\\/\\\/lasentinelle.dz\\\/index.php\\\/2022\\\/10\\\/19\\\/le-president-tebboune-recoit-un-appel-telephonique-de-son-homologue-turc\\\/#breadcrumb\"},\"inLanguage\":\"fr-FR\",\"potentialAction\":[{\"@type\":\"ReadAction\",\"target\":[\"https:\\\/\\\/lasentinelle.dz\\\/index.php\\\/2022\\\/10\\\/19\\\/le-president-tebboune-recoit-un-appel-telephonique-de-son-homologue-turc\\\/\"]}]},{\"@type\":\"ImageObject\",\"inLanguage\":\"fr-FR\",\"@id\":\"https:\\\/\\\/lasentinelle.dz\\\/index.php\\\/2022\\\/10\\\/19\\\/le-president-tebboune-recoit-un-appel-telephonique-de-son-homologue-turc\\\/#primaryimage\",\"url\":\"https:\\\/\\\/lasentinelle.dz\\\/wp-content\\\/uploads\\\/2022\\\/10\\\/image_2022-10-19_204106886.png\",\"contentUrl\":\"https:\\\/\\\/lasentinelle.dz\\\/wp-content\\\/uploads\\\/2022\\\/10\\\/image_2022-10-19_204106886.png\",\"width\":1300,\"height\":900},{\"@type\":\"BreadcrumbList\",\"@id\":\"https:\\\/\\\/lasentinelle.dz\\\/index.php\\\/2022\\\/10\\\/19\\\/le-president-tebboune-recoit-un-appel-telephonique-de-son-homologue-turc\\\/#breadcrumb\",\"itemListElement\":[{\"@type\":\"ListItem\",\"position\":1,\"name\":\"Accueil\",\"item\":\"https:\\\/\\\/lasentinelle.dz\\\/\"},{\"@type\":\"ListItem\",\"position\":2,\"name\":\"Le Pr\u00e9sident Tebboune re\u00e7oit un appel t\u00e9l\u00e9phonique de son homologue turc\"}]},{\"@type\":\"WebSite\",\"@id\":\"https:\\\/\\\/lasentinelle.dz\\\/#website\",\"url\":\"https:\\\/\\\/lasentinelle.dz\\\/\",\"name\":\"La Sentinelle\",\"description\":\"Quotidien national d&#039;information\",\"publisher\":{\"@id\":\"https:\\\/\\\/lasentinelle.dz\\\/#organization\"},\"potentialAction\":[{\"@type\":\"SearchAction\",\"target\":{\"@type\":\"EntryPoint\",\"urlTemplate\":\"https:\\\/\\\/lasentinelle.dz\\\/?s={search_term_string}\"},\"query-input\":{\"@type\":\"PropertyValueSpecification\",\"valueRequired\":true,\"valueName\":\"search_term_string\"}}],\"inLanguage\":\"fr-FR\"},{\"@type\":\"Organization\",\"@id\":\"https:\\\/\\\/lasentinelle.dz\\\/#organization\",\"name\":\"Quotidien La Sentinelle\",\"url\":\"https:\\\/\\\/lasentinelle.dz\\\/\",\"logo\":{\"@type\":\"ImageObject\",\"inLanguage\":\"fr-FR\",\"@id\":\"https:\\\/\\\/lasentinelle.dz\\\/#\\\/schema\\\/logo\\\/image\\\/\",\"url\":\"https:\\\/\\\/lasentinelle.dz\\\/wp-content\\\/uploads\\\/2021\\\/09\\\/logo-sentinelleSLOGAN-1.png\",\"contentUrl\":\"https:\\\/\\\/lasentinelle.dz\\\/wp-content\\\/uploads\\\/2021\\\/09\\\/logo-sentinelleSLOGAN-1.png\",\"width\":615,\"height\":142,\"caption\":\"Quotidien La Sentinelle\"},\"image\":{\"@id\":\"https:\\\/\\\/lasentinelle.dz\\\/#\\\/schema\\\/logo\\\/image\\\/\"},\"sameAs\":[\"https:\\\/\\\/www.facebook.com\\\/La-Sentinelle-104059864394773\"]},{\"@type\":\"Person\",\"@id\":\"https:\\\/\\\/lasentinelle.dz\\\/#\\\/schema\\\/person\\\/d865044e22e70a75174ce8bcad3acfb3\",\"name\":\"La Sentinelle\",\"image\":{\"@type\":\"ImageObject\",\"inLanguage\":\"fr-FR\",\"@id\":\"https:\\\/\\\/secure.gravatar.com\\\/avatar\\\/57de8e5d4b15d43fb361a71fbb36338450fe67865b528a43dd10ef7c51a20392?s=96&d=mm&r=g\",\"url\":\"https:\\\/\\\/secure.gravatar.com\\\/avatar\\\/57de8e5d4b15d43fb361a71fbb36338450fe67865b528a43dd10ef7c51a20392?s=96&d=mm&r=g\",\"contentUrl\":\"https:\\\/\\\/secure.gravatar.com\\\/avatar\\\/57de8e5d4b15d43fb361a71fbb36338450fe67865b528a43dd10ef7c51a20392?s=96&d=mm&r=g\",\"caption\":\"La Sentinelle\"},\"sameAs\":[\"http:\\\/\\\/www.lasentinelle.dz\"],\"url\":\"https:\\\/\\\/lasentinelle.dz\\\/author\\\/redaction\\\/\"}]}<\/script>\n<!-- \/ Yoast SEO plugin. -->","yoast_head_json":{"title":"Le Pr\u00e9sident Tebboune re\u00e7oit un appel t\u00e9l\u00e9phonique de son homologue turc - La Sentinelle","robots":{"index":"index","follow":"follow","max-snippet":"max-snippet:-1","max-image-preview":"max-image-preview:large","max-video-preview":"max-video-preview:-1"},"canonical":"https:\/\/lasentinelle.dz\/index.php\/2022\/10\/19\/le-president-tebboune-recoit-un-appel-telephonique-de-son-homologue-turc\/","og_locale":"fr_FR","og_type":"article","og_title":"Le Pr\u00e9sident Tebboune re\u00e7oit un appel t\u00e9l\u00e9phonique de son homologue turc - La Sentinelle","og_description":"Le pr\u00e9sident de la R\u00e9publique, M. Abdelmadjid Tebboune, a re\u00e7u hier un appel t\u00e9l\u00e9phonique du pr\u00e9sident de la R\u00e9publique de","og_url":"https:\/\/lasentinelle.dz\/index.php\/2022\/10\/19\/le-president-tebboune-recoit-un-appel-telephonique-de-son-homologue-turc\/","og_site_name":"La Sentinelle","article_publisher":"https:\/\/www.facebook.com\/La-Sentinelle-104059864394773","article_published_time":"2022-10-19T21:05:00+00:00","og_image":[{"width":1300,"height":900,"url":"https:\/\/lasentinelle.dz\/wp-content\/uploads\/2022\/10\/image_2022-10-19_204106886.png","type":"image\/png"}],"author":"La Sentinelle","twitter_card":"summary_large_image","twitter_misc":{"\u00c9crit par":"La Sentinelle","Dur\u00e9e de lecture estim\u00e9e":"1 minute"},"schema":{"@context":"https:\/\/schema.org","@graph":[{"@type":"Article","@id":"https:\/\/lasentinelle.dz\/index.php\/2022\/10\/19\/le-president-tebboune-recoit-un-appel-telephonique-de-son-homologue-turc\/#article","isPartOf":{"@id":"https:\/\/lasentinelle.dz\/index.php\/2022\/10\/19\/le-president-tebboune-recoit-un-appel-telephonique-de-son-homologue-turc\/"},"author":{"name":"La Sentinelle","@id":"https:\/\/lasentinelle.dz\/#\/schema\/person\/d865044e22e70a75174ce8bcad3acfb3"},"headline":"Le Pr\u00e9sident Tebboune re\u00e7oit un appel t\u00e9l\u00e9phonique de son homologue turc","datePublished":"2022-10-19T21:05:00+00:00","mainEntityOfPage":{"@id":"https:\/\/lasentinelle.dz\/index.php\/2022\/10\/19\/le-president-tebboune-recoit-un-appel-telephonique-de-son-homologue-turc\/"},"wordCount":237,"commentCount":0,"publisher":{"@id":"https:\/\/lasentinelle.dz\/#organization"},"image":{"@id":"https:\/\/lasentinelle.dz\/index.php\/2022\/10\/19\/le-president-tebboune-recoit-un-appel-telephonique-de-son-homologue-turc\/#primaryimage"},"thumbnailUrl":"https:\/\/lasentinelle.dz\/wp-content\/uploads\/2022\/10\/image_2022-10-19_204106886.png","articleSection":["Actualit\u00e9"],"inLanguage":"fr-FR","potentialAction":[{"@type":"CommentAction","name":"Comment","target":["https:\/\/lasentinelle.dz\/index.php\/2022\/10\/19\/le-president-tebboune-recoit-un-appel-telephonique-de-son-homologue-turc\/#respond"]}]},{"@type":"WebPage","@id":"https:\/\/lasentinelle.dz\/index.php\/2022\/10\/19\/le-president-tebboune-recoit-un-appel-telephonique-de-son-homologue-turc\/","url":"https:\/\/lasentinelle.dz\/index.php\/2022\/10\/19\/le-president-tebboune-recoit-un-appel-telephonique-de-son-homologue-turc\/","name":"Le Pr\u00e9sident Tebboune re\u00e7oit un appel t\u00e9l\u00e9phonique de son homologue turc - La Sentinelle","isPartOf":{"@id":"https:\/\/lasentinelle.dz\/#website"},"primaryImageOfPage":{"@id":"https:\/\/lasentinelle.dz\/index.php\/2022\/10\/19\/le-president-tebboune-recoit-un-appel-telephonique-de-son-homologue-turc\/#primaryimage"},"image":{"@id":"https:\/\/lasentinelle.dz\/index.php\/2022\/10\/19\/le-president-tebboune-recoit-un-appel-telephonique-de-son-homologue-turc\/#primaryimage"},"thumbnailUrl":"https:\/\/lasentinelle.dz\/wp-content\/uploads\/2022\/10\/image_2022-10-19_204106886.png","datePublished":"2022-10-19T21:05:00+00:00","breadcrumb":{"@id":"https:\/\/lasentinelle.dz\/index.php\/2022\/10\/19\/le-president-tebboune-recoit-un-appel-telephonique-de-son-homologue-turc\/#breadcrumb"},"inLanguage":"fr-FR","potentialAction":[{"@type":"ReadAction","target":["https:\/\/lasentinelle.dz\/index.php\/2022\/10\/19\/le-president-tebboune-recoit-un-appel-telephonique-de-son-homologue-turc\/"]}]},{"@type":"ImageObject","inLanguage":"fr-FR","@id":"https:\/\/lasentinelle.dz\/index.php\/2022\/10\/19\/le-president-tebboune-recoit-un-appel-telephonique-de-son-homologue-turc\/#primaryimage","url":"https:\/\/lasentinelle.dz\/wp-content\/uploads\/2022\/10\/image_2022-10-19_204106886.png","contentUrl":"https:\/\/lasentinelle.dz\/wp-content\/uploads\/2022\/10\/image_2022-10-19_204106886.png","width":1300,"height":900},{"@type":"BreadcrumbList","@id":"https:\/\/lasentinelle.dz\/index.php\/2022\/10\/19\/le-president-tebboune-recoit-un-appel-telephonique-de-son-homologue-turc\/#breadcrumb","itemListElement":[{"@type":"ListItem","position":1,"name":"Accueil","item":"https:\/\/lasentinelle.dz\/"},{"@type":"ListItem","position":2,"name":"Le Pr\u00e9sident Tebboune re\u00e7oit un appel t\u00e9l\u00e9phonique de son homologue turc"}]},{"@type":"WebSite","@id":"https:\/\/lasentinelle.dz\/#website","url":"https:\/\/lasentinelle.dz\/","name":"La Sentinelle","description":"Quotidien national d&#039;information","publisher":{"@id":"https:\/\/lasentinelle.dz\/#organization"},"potentialAction":[{"@type":"SearchAction","target":{"@type":"EntryPoint","urlTemplate":"https:\/\/lasentinelle.dz\/?s={search_term_string}"},"query-input":{"@type":"PropertyValueSpecification","valueRequired":true,"valueName":"search_term_string"}}],"inLanguage":"fr-FR"},{"@type":"Organization","@id":"https:\/\/lasentinelle.dz\/#organization","name":"Quotidien La Sentinelle","url":"https:\/\/lasentinelle.dz\/","logo":{"@type":"ImageObject","inLanguage":"fr-FR","@id":"https:\/\/lasentinelle.dz\/#\/schema\/logo\/image\/","url":"https:\/\/lasentinelle.dz\/wp-content\/uploads\/2021\/09\/logo-sentinelleSLOGAN-1.png","contentUrl":"https:\/\/lasentinelle.dz\/wp-content\/uploads\/2021\/09\/logo-sentinelleSLOGAN-1.png","width":615,"height":142,"caption":"Quotidien La Sentinelle"},"image":{"@id":"https:\/\/lasentinelle.dz\/#\/schema\/logo\/image\/"},"sameAs":["https:\/\/www.facebook.com\/La-Sentinelle-104059864394773"]},{"@type":"Person","@id":"https:\/\/lasentinelle.dz\/#\/schema\/person\/d865044e22e70a75174ce8bcad3acfb3","name":"La Sentinelle","image":{"@type":"ImageObject","inLanguage":"fr-FR","@id":"https:\/\/secure.gravatar.com\/avatar\/57de8e5d4b15d43fb361a71fbb36338450fe67865b528a43dd10ef7c51a20392?s=96&d=mm&r=g","url":"https:\/\/secure.gravatar.com\/avatar\/57de8e5d4b15d43fb361a71fbb36338450fe67865b528a43dd10ef7c51a20392?s=96&d=mm&r=g","contentUrl":"https:\/\/secure.gravatar.com\/avatar\/57de8e5d4b15d43fb361a71fbb36338450fe67865b528a43dd10ef7c51a20392?s=96&d=mm&r=g","caption":"La Sentinelle"},"sameAs":["http:\/\/www.lasentinelle.dz"],"url":"https:\/\/lasentinelle.dz\/author\/redaction\/"}]}},"_links":{"self":[{"href":"https:\/\/lasentinelle.dz\/index.php\/wp-json\/wp\/v2\/posts\/29311","targetHints":{"allow":["GET"]}}],"collection":[{"href":"https:\/\/lasentinelle.dz\/index.php\/wp-json\/wp\/v2\/posts"}],"about":[{"href":"https:\/\/lasentinelle.dz\/index.php\/wp-json\/wp\/v2\/types\/post"}],"author":[{"embeddable":true,"href":"https:\/\/lasentinelle.dz\/index.php\/wp-json\/wp\/v2\/users\/3"}],"replies":[{"embeddable":true,"href":"https:\/\/lasentinelle.dz\/index.php\/wp-json\/wp\/v2\/comments?post=29311"}],"version-history":[{"count":1,"href":"https:\/\/lasentinelle.dz\/index.php\/wp-json\/wp\/v2\/posts\/29311\/revisions"}],"predecessor-version":[{"id":29318,"href":"https:\/\/lasentinelle.dz\/index.php\/wp-json\/wp\/v2\/posts\/29311\/revisions\/29318"}],"wp:featuredmedia":[{"embeddable":true,"href":"https:\/\/lasentinelle.dz\/index.php\/wp-json\/wp\/v2\/media\/29317"}],"wp:attachment":[{"href":"https:\/\/lasentinelle.dz\/index.php\/wp-json\/wp\/v2\/media?parent=29311"}],"wp:term":[{"taxonomy":"category","embeddable":true,"href":"https:\/\/lasentinelle.dz\/index.php\/wp-json\/wp\/v2\/categories?post=29311"},{"taxonomy":"post_tag","embeddable":true,"href":"https:\/\/lasentinelle.dz\/index.php\/wp-json\/wp\/v2\/tags?post=29311"}],"curies":[{"name":"wp","href":"https:\/\/api.w.org\/{rel}","templated":true}]}}