{"id":29343,"date":"2022-10-22T22:00:00","date_gmt":"2022-10-22T21:00:00","guid":{"rendered":"https:\/\/lasentinelle.dz\/?p=29343"},"modified":"2022-10-22T17:48:35","modified_gmt":"2022-10-22T16:48:35","slug":"etats-unis-biden-dit-avoir-lintention-detre-candidat-a-un-nouveau-mandat-en-2024","status":"publish","type":"post","link":"https:\/\/lasentinelle.dz\/index.php\/2022\/10\/22\/etats-unis-biden-dit-avoir-lintention-detre-candidat-a-un-nouveau-mandat-en-2024\/","title":{"rendered":"\u00c9tats-Unis\u00a0: Biden dit avoir l&rsquo;\u00abintention\u00bb d&rsquo;\u00eatre candidat \u00e0 un nouveau mandat en 2024"},"content":{"rendered":"\n<p>Le pr\u00e9sident am\u00e9ricain Joe Biden, qui aura 80 ans en novembre, a affirm\u00e9 vendredi soir qu&rsquo;il avait l&rsquo;\u00abintention\u00bb de se pr\u00e9senter pour un nouveau mandat en 2024, mais qu&rsquo;il n&rsquo;en avait pas encore pris la d\u00e9cision formelle. Interrog\u00e9 \u00e0 ce sujet sur la cha\u00eene MSNBC, le d\u00e9mocrate a dit que s&rsquo;il ne se d\u00e9cidait pas dans l&rsquo;imm\u00e9diat, c&rsquo;est parce qu&rsquo;aussit\u00f4t l&rsquo;annonce faite, \u00abtoute une s\u00e9rie de r\u00e8gles s&rsquo;enclenchent\u00bb et \u00abje devrai me comporter en candidat\u00bb. \u00abJe n&rsquo;ai pas encore formellement pris la d\u00e9cision, mais c&rsquo;est mon intention. Mon intention (est) de me pr\u00e9senter de nouveau et nous avons le temps de prendre cette d\u00e9cision\u00bb, a-t-il d\u00e9clar\u00e9.\u00c0 la question de savoir si son \u00e9pouse, Jill Biden, \u00e9tait favorable \u00e0 ce qu&rsquo;il se lance de nouveau dans la course, il a sous-entendu qu&rsquo;elle l&rsquo;\u00e9tait. \u00abMa femme pense que nous sommes en train de faire quelque chose de tr\u00e8s important et que je ne devrais pas m&rsquo;en d\u00e9tourner\u00bb, a-t-il affirm\u00e9 apr\u00e8s avoir marqu\u00e9 une pause. Joe Biden avait d\u00e9j\u00e0 fait part de son \u00abintention\u00bb de se repr\u00e9senter en septembre, tout en restant \u00e9vasif.Plus vieux pr\u00e9sident jamais \u00e9lu aux \u00c9tats-Unis, Joe Biden f\u00eatera ses 80 ans le 20 novembre. Il aurait 82 ans au d\u00e9but d&rsquo;un \u00e9ventuel second mandat, et 86 ans \u00e0 la fin. Son \u00e2ge alimente r\u00e9guli\u00e8rement les sp\u00e9culations sur la r\u00e9alit\u00e9 d&rsquo;une nouvelle candidature. Joe Biden et son parti s&rsquo;appr\u00eatent \u00e0 passer le test des \u00e9lections parlementaires de mi-mandat le 8 novembre, traditionnellement difficiles pour le pr\u00e9sident en exercice. Parmi les candidats r\u00e9publicains \u00e0 ce scrutin, plusieurs font campagne en continuant de marteler &#8211; faussement &#8211; que la pr\u00e9sidentielle de 2020 remport\u00e9e par Joe Biden a \u00e9t\u00e9 \u00abvol\u00e9e\u00bb \u00e0 son pr\u00e9d\u00e9cesseur Donald Trump. Ce dernier flirte de plus en plus ouvertement avec l&rsquo;id\u00e9e de se repr\u00e9senter en 2024.<\/p>\n\n\n\n<p><strong>R.I.<\/strong><\/p>\n","protected":false},"excerpt":{"rendered":"<p>Le pr\u00e9sident am\u00e9ricain Joe Biden, qui aura 80 ans en novembre, a affirm\u00e9 vendredi soir qu&rsquo;il avait l&rsquo;\u00abintention\u00bb de se<\/p>\n","protected":false},"author":3,"featured_media":29360,"comment_status":"open","ping_status":"closed","sticky":false,"template":"","format":"standard","meta":{"colormag_page_container_layout":"default_layout","colormag_page_sidebar_layout":"default_layout","om_disable_all_campaigns":false,"_monsterinsights_skip_tracking":false,"_monsterinsights_sitenote_active":false,"_monsterinsights_sitenote_note":"","_monsterinsights_sitenote_category":0,"footnotes":"","_wpscppro_dont_share_socialmedia":false,"_wpscppro_custom_social_share_image":0,"_facebook_share_type":"","_twitter_share_type":"","_linkedin_share_type":"","_pinterest_share_type":"","_linkedin_share_type_page":"","_instagram_share_type":"","_medium_share_type":"","_threads_share_type":"","_google_business_share_type":"","_selected_social_profile":[],"_wpsp_enable_custom_social_template":false,"_wpsp_social_scheduling":{"enabled":false,"datetime":null,"platforms":[],"status":"template_only","dateOption":"today","timeOption":"now","customDays":"","customHours":"","customDate":"","customTime":"","schedulingType":"absolute"},"_wpsp_active_default_template":true},"categories":[37],"tags":[],"class_list":["post-29343","post","type-post","status-publish","format-standard","has-post-thumbnail","hentry","category-monde"],"aioseo_notices":[],"yoast_head":"<!-- This site is optimized with the Yoast SEO plugin v27.5 - https:\/\/yoast.com\/product\/yoast-seo-wordpress\/ -->\n<title>\u00c9tats-Unis\u00a0: Biden dit avoir l&rsquo;\u00abintention\u00bb d&rsquo;\u00eatre candidat \u00e0 un nouveau mandat en 2024 - La Sentinelle<\/title>\n<meta name=\"robots\" content=\"index, follow, max-snippet:-1, max-image-preview:large, max-video-preview:-1\" \/>\n<link rel=\"canonical\" href=\"https:\/\/lasentinelle.dz\/index.php\/2022\/10\/22\/etats-unis-biden-dit-avoir-lintention-detre-candidat-a-un-nouveau-mandat-en-2024\/\" \/>\n<meta property=\"og:locale\" content=\"fr_FR\" \/>\n<meta property=\"og:type\" content=\"article\" \/>\n<meta property=\"og:title\" content=\"\u00c9tats-Unis\u00a0: Biden dit avoir l&rsquo;\u00abintention\u00bb d&rsquo;\u00eatre candidat \u00e0 un nouveau mandat en 2024 - La Sentinelle\" \/>\n<meta property=\"og:description\" content=\"Le pr\u00e9sident am\u00e9ricain Joe Biden, qui aura 80 ans en novembre, a affirm\u00e9 vendredi soir qu&rsquo;il avait l&rsquo;\u00abintention\u00bb de se\" \/>\n<meta property=\"og:url\" content=\"https:\/\/lasentinelle.dz\/index.php\/2022\/10\/22\/etats-unis-biden-dit-avoir-lintention-detre-candidat-a-un-nouveau-mandat-en-2024\/\" \/>\n<meta property=\"og:site_name\" content=\"La Sentinelle\" \/>\n<meta property=\"article:publisher\" content=\"https:\/\/www.facebook.com\/La-Sentinelle-104059864394773\" \/>\n<meta property=\"article:published_time\" content=\"2022-10-22T21:00:00+00:00\" \/>\n<meta property=\"og:image\" content=\"https:\/\/lasentinelle.dz\/wp-content\/uploads\/2022\/10\/image_2022-10-22_174622248.png\" \/>\n\t<meta property=\"og:image:width\" content=\"1200\" \/>\n\t<meta property=\"og:image:height\" content=\"680\" \/>\n\t<meta property=\"og:image:type\" content=\"image\/png\" \/>\n<meta name=\"author\" content=\"La Sentinelle\" \/>\n<meta name=\"twitter:card\" content=\"summary_large_image\" \/>\n<meta name=\"twitter:label1\" content=\"\u00c9crit par\" \/>\n\t<meta name=\"twitter:data1\" content=\"La Sentinelle\" \/>\n\t<meta name=\"twitter:label2\" content=\"Dur\u00e9e de lecture estim\u00e9e\" \/>\n\t<meta name=\"twitter:data2\" content=\"2 minutes\" \/>\n<script type=\"application\/ld+json\" class=\"yoast-schema-graph\">{\"@context\":\"https:\\\/\\\/schema.org\",\"@graph\":[{\"@type\":\"Article\",\"@id\":\"https:\\\/\\\/lasentinelle.dz\\\/index.php\\\/2022\\\/10\\\/22\\\/etats-unis-biden-dit-avoir-lintention-detre-candidat-a-un-nouveau-mandat-en-2024\\\/#article\",\"isPartOf\":{\"@id\":\"https:\\\/\\\/lasentinelle.dz\\\/index.php\\\/2022\\\/10\\\/22\\\/etats-unis-biden-dit-avoir-lintention-detre-candidat-a-un-nouveau-mandat-en-2024\\\/\"},\"author\":{\"name\":\"La Sentinelle\",\"@id\":\"https:\\\/\\\/lasentinelle.dz\\\/#\\\/schema\\\/person\\\/d865044e22e70a75174ce8bcad3acfb3\"},\"headline\":\"\u00c9tats-Unis\u00a0: Biden dit avoir l&rsquo;\u00abintention\u00bb d&rsquo;\u00eatre candidat \u00e0 un nouveau mandat en 2024\",\"datePublished\":\"2022-10-22T21:00:00+00:00\",\"mainEntityOfPage\":{\"@id\":\"https:\\\/\\\/lasentinelle.dz\\\/index.php\\\/2022\\\/10\\\/22\\\/etats-unis-biden-dit-avoir-lintention-detre-candidat-a-un-nouveau-mandat-en-2024\\\/\"},\"wordCount\":357,\"commentCount\":0,\"publisher\":{\"@id\":\"https:\\\/\\\/lasentinelle.dz\\\/#organization\"},\"image\":{\"@id\":\"https:\\\/\\\/lasentinelle.dz\\\/index.php\\\/2022\\\/10\\\/22\\\/etats-unis-biden-dit-avoir-lintention-detre-candidat-a-un-nouveau-mandat-en-2024\\\/#primaryimage\"},\"thumbnailUrl\":\"https:\\\/\\\/lasentinelle.dz\\\/wp-content\\\/uploads\\\/2022\\\/10\\\/image_2022-10-22_174622248.png\",\"articleSection\":[\"Monde\"],\"inLanguage\":\"fr-FR\",\"potentialAction\":[{\"@type\":\"CommentAction\",\"name\":\"Comment\",\"target\":[\"https:\\\/\\\/lasentinelle.dz\\\/index.php\\\/2022\\\/10\\\/22\\\/etats-unis-biden-dit-avoir-lintention-detre-candidat-a-un-nouveau-mandat-en-2024\\\/#respond\"]}]},{\"@type\":\"WebPage\",\"@id\":\"https:\\\/\\\/lasentinelle.dz\\\/index.php\\\/2022\\\/10\\\/22\\\/etats-unis-biden-dit-avoir-lintention-detre-candidat-a-un-nouveau-mandat-en-2024\\\/\",\"url\":\"https:\\\/\\\/lasentinelle.dz\\\/index.php\\\/2022\\\/10\\\/22\\\/etats-unis-biden-dit-avoir-lintention-detre-candidat-a-un-nouveau-mandat-en-2024\\\/\",\"name\":\"\u00c9tats-Unis\u00a0: Biden dit avoir l&rsquo;\u00abintention\u00bb d&rsquo;\u00eatre candidat \u00e0 un nouveau mandat en 2024 - La Sentinelle\",\"isPartOf\":{\"@id\":\"https:\\\/\\\/lasentinelle.dz\\\/#website\"},\"primaryImageOfPage\":{\"@id\":\"https:\\\/\\\/lasentinelle.dz\\\/index.php\\\/2022\\\/10\\\/22\\\/etats-unis-biden-dit-avoir-lintention-detre-candidat-a-un-nouveau-mandat-en-2024\\\/#primaryimage\"},\"image\":{\"@id\":\"https:\\\/\\\/lasentinelle.dz\\\/index.php\\\/2022\\\/10\\\/22\\\/etats-unis-biden-dit-avoir-lintention-detre-candidat-a-un-nouveau-mandat-en-2024\\\/#primaryimage\"},\"thumbnailUrl\":\"https:\\\/\\\/lasentinelle.dz\\\/wp-content\\\/uploads\\\/2022\\\/10\\\/image_2022-10-22_174622248.png\",\"datePublished\":\"2022-10-22T21:00:00+00:00\",\"breadcrumb\":{\"@id\":\"https:\\\/\\\/lasentinelle.dz\\\/index.php\\\/2022\\\/10\\\/22\\\/etats-unis-biden-dit-avoir-lintention-detre-candidat-a-un-nouveau-mandat-en-2024\\\/#breadcrumb\"},\"inLanguage\":\"fr-FR\",\"potentialAction\":[{\"@type\":\"ReadAction\",\"target\":[\"https:\\\/\\\/lasentinelle.dz\\\/index.php\\\/2022\\\/10\\\/22\\\/etats-unis-biden-dit-avoir-lintention-detre-candidat-a-un-nouveau-mandat-en-2024\\\/\"]}]},{\"@type\":\"ImageObject\",\"inLanguage\":\"fr-FR\",\"@id\":\"https:\\\/\\\/lasentinelle.dz\\\/index.php\\\/2022\\\/10\\\/22\\\/etats-unis-biden-dit-avoir-lintention-detre-candidat-a-un-nouveau-mandat-en-2024\\\/#primaryimage\",\"url\":\"https:\\\/\\\/lasentinelle.dz\\\/wp-content\\\/uploads\\\/2022\\\/10\\\/image_2022-10-22_174622248.png\",\"contentUrl\":\"https:\\\/\\\/lasentinelle.dz\\\/wp-content\\\/uploads\\\/2022\\\/10\\\/image_2022-10-22_174622248.png\",\"width\":1200,\"height\":680},{\"@type\":\"BreadcrumbList\",\"@id\":\"https:\\\/\\\/lasentinelle.dz\\\/index.php\\\/2022\\\/10\\\/22\\\/etats-unis-biden-dit-avoir-lintention-detre-candidat-a-un-nouveau-mandat-en-2024\\\/#breadcrumb\",\"itemListElement\":[{\"@type\":\"ListItem\",\"position\":1,\"name\":\"Accueil\",\"item\":\"https:\\\/\\\/lasentinelle.dz\\\/\"},{\"@type\":\"ListItem\",\"position\":2,\"name\":\"\u00c9tats-Unis\u00a0: Biden dit avoir l&rsquo;\u00abintention\u00bb d&rsquo;\u00eatre candidat \u00e0 un nouveau mandat en 2024\"}]},{\"@type\":\"WebSite\",\"@id\":\"https:\\\/\\\/lasentinelle.dz\\\/#website\",\"url\":\"https:\\\/\\\/lasentinelle.dz\\\/\",\"name\":\"La Sentinelle\",\"description\":\"Quotidien national d&#039;information\",\"publisher\":{\"@id\":\"https:\\\/\\\/lasentinelle.dz\\\/#organization\"},\"potentialAction\":[{\"@type\":\"SearchAction\",\"target\":{\"@type\":\"EntryPoint\",\"urlTemplate\":\"https:\\\/\\\/lasentinelle.dz\\\/?s={search_term_string}\"},\"query-input\":{\"@type\":\"PropertyValueSpecification\",\"valueRequired\":true,\"valueName\":\"search_term_string\"}}],\"inLanguage\":\"fr-FR\"},{\"@type\":\"Organization\",\"@id\":\"https:\\\/\\\/lasentinelle.dz\\\/#organization\",\"name\":\"Quotidien La Sentinelle\",\"url\":\"https:\\\/\\\/lasentinelle.dz\\\/\",\"logo\":{\"@type\":\"ImageObject\",\"inLanguage\":\"fr-FR\",\"@id\":\"https:\\\/\\\/lasentinelle.dz\\\/#\\\/schema\\\/logo\\\/image\\\/\",\"url\":\"https:\\\/\\\/lasentinelle.dz\\\/wp-content\\\/uploads\\\/2021\\\/09\\\/logo-sentinelleSLOGAN-1.png\",\"contentUrl\":\"https:\\\/\\\/lasentinelle.dz\\\/wp-content\\\/uploads\\\/2021\\\/09\\\/logo-sentinelleSLOGAN-1.png\",\"width\":615,\"height\":142,\"caption\":\"Quotidien La Sentinelle\"},\"image\":{\"@id\":\"https:\\\/\\\/lasentinelle.dz\\\/#\\\/schema\\\/logo\\\/image\\\/\"},\"sameAs\":[\"https:\\\/\\\/www.facebook.com\\\/La-Sentinelle-104059864394773\"]},{\"@type\":\"Person\",\"@id\":\"https:\\\/\\\/lasentinelle.dz\\\/#\\\/schema\\\/person\\\/d865044e22e70a75174ce8bcad3acfb3\",\"name\":\"La Sentinelle\",\"image\":{\"@type\":\"ImageObject\",\"inLanguage\":\"fr-FR\",\"@id\":\"https:\\\/\\\/secure.gravatar.com\\\/avatar\\\/57de8e5d4b15d43fb361a71fbb36338450fe67865b528a43dd10ef7c51a20392?s=96&d=mm&r=g\",\"url\":\"https:\\\/\\\/secure.gravatar.com\\\/avatar\\\/57de8e5d4b15d43fb361a71fbb36338450fe67865b528a43dd10ef7c51a20392?s=96&d=mm&r=g\",\"contentUrl\":\"https:\\\/\\\/secure.gravatar.com\\\/avatar\\\/57de8e5d4b15d43fb361a71fbb36338450fe67865b528a43dd10ef7c51a20392?s=96&d=mm&r=g\",\"caption\":\"La Sentinelle\"},\"sameAs\":[\"http:\\\/\\\/www.lasentinelle.dz\"],\"url\":\"https:\\\/\\\/lasentinelle.dz\\\/author\\\/redaction\\\/\"}]}<\/script>\n<!-- \/ Yoast SEO plugin. -->","yoast_head_json":{"title":"\u00c9tats-Unis\u00a0: Biden dit avoir l&rsquo;\u00abintention\u00bb d&rsquo;\u00eatre candidat \u00e0 un nouveau mandat en 2024 - La Sentinelle","robots":{"index":"index","follow":"follow","max-snippet":"max-snippet:-1","max-image-preview":"max-image-preview:large","max-video-preview":"max-video-preview:-1"},"canonical":"https:\/\/lasentinelle.dz\/index.php\/2022\/10\/22\/etats-unis-biden-dit-avoir-lintention-detre-candidat-a-un-nouveau-mandat-en-2024\/","og_locale":"fr_FR","og_type":"article","og_title":"\u00c9tats-Unis\u00a0: Biden dit avoir l&rsquo;\u00abintention\u00bb d&rsquo;\u00eatre candidat \u00e0 un nouveau mandat en 2024 - La Sentinelle","og_description":"Le pr\u00e9sident am\u00e9ricain Joe Biden, qui aura 80 ans en novembre, a affirm\u00e9 vendredi soir qu&rsquo;il avait l&rsquo;\u00abintention\u00bb de se","og_url":"https:\/\/lasentinelle.dz\/index.php\/2022\/10\/22\/etats-unis-biden-dit-avoir-lintention-detre-candidat-a-un-nouveau-mandat-en-2024\/","og_site_name":"La Sentinelle","article_publisher":"https:\/\/www.facebook.com\/La-Sentinelle-104059864394773","article_published_time":"2022-10-22T21:00:00+00:00","og_image":[{"width":1200,"height":680,"url":"https:\/\/lasentinelle.dz\/wp-content\/uploads\/2022\/10\/image_2022-10-22_174622248.png","type":"image\/png"}],"author":"La Sentinelle","twitter_card":"summary_large_image","twitter_misc":{"\u00c9crit par":"La Sentinelle","Dur\u00e9e de lecture estim\u00e9e":"2 minutes"},"schema":{"@context":"https:\/\/schema.org","@graph":[{"@type":"Article","@id":"https:\/\/lasentinelle.dz\/index.php\/2022\/10\/22\/etats-unis-biden-dit-avoir-lintention-detre-candidat-a-un-nouveau-mandat-en-2024\/#article","isPartOf":{"@id":"https:\/\/lasentinelle.dz\/index.php\/2022\/10\/22\/etats-unis-biden-dit-avoir-lintention-detre-candidat-a-un-nouveau-mandat-en-2024\/"},"author":{"name":"La Sentinelle","@id":"https:\/\/lasentinelle.dz\/#\/schema\/person\/d865044e22e70a75174ce8bcad3acfb3"},"headline":"\u00c9tats-Unis\u00a0: Biden dit avoir l&rsquo;\u00abintention\u00bb d&rsquo;\u00eatre candidat \u00e0 un nouveau mandat en 2024","datePublished":"2022-10-22T21:00:00+00:00","mainEntityOfPage":{"@id":"https:\/\/lasentinelle.dz\/index.php\/2022\/10\/22\/etats-unis-biden-dit-avoir-lintention-detre-candidat-a-un-nouveau-mandat-en-2024\/"},"wordCount":357,"commentCount":0,"publisher":{"@id":"https:\/\/lasentinelle.dz\/#organization"},"image":{"@id":"https:\/\/lasentinelle.dz\/index.php\/2022\/10\/22\/etats-unis-biden-dit-avoir-lintention-detre-candidat-a-un-nouveau-mandat-en-2024\/#primaryimage"},"thumbnailUrl":"https:\/\/lasentinelle.dz\/wp-content\/uploads\/2022\/10\/image_2022-10-22_174622248.png","articleSection":["Monde"],"inLanguage":"fr-FR","potentialAction":[{"@type":"CommentAction","name":"Comment","target":["https:\/\/lasentinelle.dz\/index.php\/2022\/10\/22\/etats-unis-biden-dit-avoir-lintention-detre-candidat-a-un-nouveau-mandat-en-2024\/#respond"]}]},{"@type":"WebPage","@id":"https:\/\/lasentinelle.dz\/index.php\/2022\/10\/22\/etats-unis-biden-dit-avoir-lintention-detre-candidat-a-un-nouveau-mandat-en-2024\/","url":"https:\/\/lasentinelle.dz\/index.php\/2022\/10\/22\/etats-unis-biden-dit-avoir-lintention-detre-candidat-a-un-nouveau-mandat-en-2024\/","name":"\u00c9tats-Unis\u00a0: Biden dit avoir l&rsquo;\u00abintention\u00bb d&rsquo;\u00eatre candidat \u00e0 un nouveau mandat en 2024 - La Sentinelle","isPartOf":{"@id":"https:\/\/lasentinelle.dz\/#website"},"primaryImageOfPage":{"@id":"https:\/\/lasentinelle.dz\/index.php\/2022\/10\/22\/etats-unis-biden-dit-avoir-lintention-detre-candidat-a-un-nouveau-mandat-en-2024\/#primaryimage"},"image":{"@id":"https:\/\/lasentinelle.dz\/index.php\/2022\/10\/22\/etats-unis-biden-dit-avoir-lintention-detre-candidat-a-un-nouveau-mandat-en-2024\/#primaryimage"},"thumbnailUrl":"https:\/\/lasentinelle.dz\/wp-content\/uploads\/2022\/10\/image_2022-10-22_174622248.png","datePublished":"2022-10-22T21:00:00+00:00","breadcrumb":{"@id":"https:\/\/lasentinelle.dz\/index.php\/2022\/10\/22\/etats-unis-biden-dit-avoir-lintention-detre-candidat-a-un-nouveau-mandat-en-2024\/#breadcrumb"},"inLanguage":"fr-FR","potentialAction":[{"@type":"ReadAction","target":["https:\/\/lasentinelle.dz\/index.php\/2022\/10\/22\/etats-unis-biden-dit-avoir-lintention-detre-candidat-a-un-nouveau-mandat-en-2024\/"]}]},{"@type":"ImageObject","inLanguage":"fr-FR","@id":"https:\/\/lasentinelle.dz\/index.php\/2022\/10\/22\/etats-unis-biden-dit-avoir-lintention-detre-candidat-a-un-nouveau-mandat-en-2024\/#primaryimage","url":"https:\/\/lasentinelle.dz\/wp-content\/uploads\/2022\/10\/image_2022-10-22_174622248.png","contentUrl":"https:\/\/lasentinelle.dz\/wp-content\/uploads\/2022\/10\/image_2022-10-22_174622248.png","width":1200,"height":680},{"@type":"BreadcrumbList","@id":"https:\/\/lasentinelle.dz\/index.php\/2022\/10\/22\/etats-unis-biden-dit-avoir-lintention-detre-candidat-a-un-nouveau-mandat-en-2024\/#breadcrumb","itemListElement":[{"@type":"ListItem","position":1,"name":"Accueil","item":"https:\/\/lasentinelle.dz\/"},{"@type":"ListItem","position":2,"name":"\u00c9tats-Unis\u00a0: Biden dit avoir l&rsquo;\u00abintention\u00bb d&rsquo;\u00eatre candidat \u00e0 un nouveau mandat en 2024"}]},{"@type":"WebSite","@id":"https:\/\/lasentinelle.dz\/#website","url":"https:\/\/lasentinelle.dz\/","name":"La Sentinelle","description":"Quotidien national d&#039;information","publisher":{"@id":"https:\/\/lasentinelle.dz\/#organization"},"potentialAction":[{"@type":"SearchAction","target":{"@type":"EntryPoint","urlTemplate":"https:\/\/lasentinelle.dz\/?s={search_term_string}"},"query-input":{"@type":"PropertyValueSpecification","valueRequired":true,"valueName":"search_term_string"}}],"inLanguage":"fr-FR"},{"@type":"Organization","@id":"https:\/\/lasentinelle.dz\/#organization","name":"Quotidien La Sentinelle","url":"https:\/\/lasentinelle.dz\/","logo":{"@type":"ImageObject","inLanguage":"fr-FR","@id":"https:\/\/lasentinelle.dz\/#\/schema\/logo\/image\/","url":"https:\/\/lasentinelle.dz\/wp-content\/uploads\/2021\/09\/logo-sentinelleSLOGAN-1.png","contentUrl":"https:\/\/lasentinelle.dz\/wp-content\/uploads\/2021\/09\/logo-sentinelleSLOGAN-1.png","width":615,"height":142,"caption":"Quotidien La Sentinelle"},"image":{"@id":"https:\/\/lasentinelle.dz\/#\/schema\/logo\/image\/"},"sameAs":["https:\/\/www.facebook.com\/La-Sentinelle-104059864394773"]},{"@type":"Person","@id":"https:\/\/lasentinelle.dz\/#\/schema\/person\/d865044e22e70a75174ce8bcad3acfb3","name":"La Sentinelle","image":{"@type":"ImageObject","inLanguage":"fr-FR","@id":"https:\/\/secure.gravatar.com\/avatar\/57de8e5d4b15d43fb361a71fbb36338450fe67865b528a43dd10ef7c51a20392?s=96&d=mm&r=g","url":"https:\/\/secure.gravatar.com\/avatar\/57de8e5d4b15d43fb361a71fbb36338450fe67865b528a43dd10ef7c51a20392?s=96&d=mm&r=g","contentUrl":"https:\/\/secure.gravatar.com\/avatar\/57de8e5d4b15d43fb361a71fbb36338450fe67865b528a43dd10ef7c51a20392?s=96&d=mm&r=g","caption":"La Sentinelle"},"sameAs":["http:\/\/www.lasentinelle.dz"],"url":"https:\/\/lasentinelle.dz\/author\/redaction\/"}]}},"_links":{"self":[{"href":"https:\/\/lasentinelle.dz\/index.php\/wp-json\/wp\/v2\/posts\/29343","targetHints":{"allow":["GET"]}}],"collection":[{"href":"https:\/\/lasentinelle.dz\/index.php\/wp-json\/wp\/v2\/posts"}],"about":[{"href":"https:\/\/lasentinelle.dz\/index.php\/wp-json\/wp\/v2\/types\/post"}],"author":[{"embeddable":true,"href":"https:\/\/lasentinelle.dz\/index.php\/wp-json\/wp\/v2\/users\/3"}],"replies":[{"embeddable":true,"href":"https:\/\/lasentinelle.dz\/index.php\/wp-json\/wp\/v2\/comments?post=29343"}],"version-history":[{"count":1,"href":"https:\/\/lasentinelle.dz\/index.php\/wp-json\/wp\/v2\/posts\/29343\/revisions"}],"predecessor-version":[{"id":29365,"href":"https:\/\/lasentinelle.dz\/index.php\/wp-json\/wp\/v2\/posts\/29343\/revisions\/29365"}],"wp:featuredmedia":[{"embeddable":true,"href":"https:\/\/lasentinelle.dz\/index.php\/wp-json\/wp\/v2\/media\/29360"}],"wp:attachment":[{"href":"https:\/\/lasentinelle.dz\/index.php\/wp-json\/wp\/v2\/media?parent=29343"}],"wp:term":[{"taxonomy":"category","embeddable":true,"href":"https:\/\/lasentinelle.dz\/index.php\/wp-json\/wp\/v2\/categories?post=29343"},{"taxonomy":"post_tag","embeddable":true,"href":"https:\/\/lasentinelle.dz\/index.php\/wp-json\/wp\/v2\/tags?post=29343"}],"curies":[{"name":"wp","href":"https:\/\/api.w.org\/{rel}","templated":true}]}}