{"id":29353,"date":"2022-10-22T22:00:00","date_gmt":"2022-10-22T21:00:00","guid":{"rendered":"https:\/\/lasentinelle.dz\/?p=29353"},"modified":"2022-10-22T17:49:07","modified_gmt":"2022-10-22T16:49:07","slug":"guerre-en-ukraine-plusieurs-regions-sans-eau-et-sans-electricite","status":"publish","type":"post","link":"https:\/\/lasentinelle.dz\/index.php\/2022\/10\/22\/guerre-en-ukraine-plusieurs-regions-sans-eau-et-sans-electricite\/","title":{"rendered":"Guerre en Ukraine\u00a0: Plusieurs r\u00e9gions sans eau et sans \u00e9lectricit\u00e9"},"content":{"rendered":"\n<p>De nouvelles frappes russes ont vis\u00e9 hier des infrastructures \u00e9nerg\u00e9tiques dans l&rsquo;Ouest de l&rsquo;Ukraine, a annonc\u00e9 l&rsquo;op\u00e9rateur Ukrenergo, tandis que des responsables ont fait \u00e9tat de coupures de courant dans plusieurs r\u00e9gions du pays. Les forces russes \u00abont proc\u00e9d\u00e9 \u00e0 une nouvelle attaque avec des missiles sur des installations \u00e9nerg\u00e9tiques des principaux r\u00e9seaux dans les r\u00e9gions occidentales de l&rsquo;Ukraine\u00bb, a expliqu\u00e9 Ukrenergo sur les r\u00e9seaux sociaux. \u00abL&rsquo;\u00e9tendue des dommages est comparable ou pourrait d\u00e9passer les cons\u00e9quences de l&rsquo;attaque des 10-12 octobre\u00bb, a ajout\u00e9 l&rsquo;op\u00e9rateur. Des restrictions d&rsquo;\u00e9nergie sont \u00abappliqu\u00e9es de force\u00bb dans plusieurs r\u00e9gions, dont la capitale Kiev et sa r\u00e9gion, a pr\u00e9cis\u00e9 Ukrenergo, promettant que ses sp\u00e9cialistes \u00abprennent toutes les mesures pour r\u00e9tablir la fourniture d&rsquo;\u00e9lectricit\u00e9 d\u00e8s que possible dans les r\u00e9gions actuellement priv\u00e9es d&rsquo;\u00e9lectricit\u00e9\u00bb. Parall\u00e8lement, les Ukrainiens ont d\u00e9j\u00e0 volontairement r\u00e9duit leur consommation d&rsquo;\u00e9lectricit\u00e9 de 5% jusqu&rsquo;\u00e0 20% en moyenne certains jours et dans certaines r\u00e9gions, a pr\u00e9cis\u00e9 \u00e0 la presse le patron d&rsquo;Ukrenergo, Volodymyr Kudrytsky, dans une d\u00e9claration \u00e9crite. \u00abNous sommes reconnaissants envers les personnes qui ont r\u00e9duit la consommation chez elles comme envers les entreprises qui font de m\u00eame\u00bb, a-t-il ajout\u00e9. Des responsables dans tout le pays avaient auparavant fait \u00e9tat de coupures d&rsquo;\u00e9lectricit\u00e9 apr\u00e8s de nouvelles frappes.<\/p>\n\n\n\n<p>KhiderL.<\/p>\n","protected":false},"excerpt":{"rendered":"<p>De nouvelles frappes russes ont vis\u00e9 hier des infrastructures \u00e9nerg\u00e9tiques dans l&rsquo;Ouest de l&rsquo;Ukraine, a annonc\u00e9 l&rsquo;op\u00e9rateur Ukrenergo, tandis que<\/p>\n","protected":false},"author":3,"featured_media":29364,"comment_status":"open","ping_status":"closed","sticky":false,"template":"","format":"standard","meta":{"colormag_page_container_layout":"default_layout","colormag_page_sidebar_layout":"default_layout","om_disable_all_campaigns":false,"_monsterinsights_skip_tracking":false,"_monsterinsights_sitenote_active":false,"_monsterinsights_sitenote_note":"","_monsterinsights_sitenote_category":0,"footnotes":"","_wpscppro_dont_share_socialmedia":false,"_wpscppro_custom_social_share_image":0,"_facebook_share_type":"","_twitter_share_type":"","_linkedin_share_type":"","_pinterest_share_type":"","_linkedin_share_type_page":"","_instagram_share_type":"","_medium_share_type":"","_threads_share_type":"","_google_business_share_type":"","_selected_social_profile":[],"_wpsp_enable_custom_social_template":false,"_wpsp_social_scheduling":{"enabled":false,"datetime":null,"platforms":[],"status":"template_only","dateOption":"today","timeOption":"now","customDays":"","customHours":"","customDate":"","customTime":"","schedulingType":"absolute"},"_wpsp_active_default_template":true},"categories":[37],"tags":[],"class_list":["post-29353","post","type-post","status-publish","format-standard","has-post-thumbnail","hentry","category-monde"],"aioseo_notices":[],"yoast_head":"<!-- This site is optimized with the Yoast SEO plugin v27.5 - https:\/\/yoast.com\/product\/yoast-seo-wordpress\/ -->\n<title>Guerre en Ukraine\u00a0: Plusieurs r\u00e9gions sans eau et sans \u00e9lectricit\u00e9 - La Sentinelle<\/title>\n<meta name=\"robots\" content=\"index, follow, max-snippet:-1, max-image-preview:large, max-video-preview:-1\" \/>\n<link rel=\"canonical\" href=\"https:\/\/lasentinelle.dz\/index.php\/2022\/10\/22\/guerre-en-ukraine-plusieurs-regions-sans-eau-et-sans-electricite\/\" \/>\n<meta property=\"og:locale\" content=\"fr_FR\" \/>\n<meta property=\"og:type\" content=\"article\" \/>\n<meta property=\"og:title\" content=\"Guerre en Ukraine\u00a0: Plusieurs r\u00e9gions sans eau et sans \u00e9lectricit\u00e9 - La Sentinelle\" \/>\n<meta property=\"og:description\" content=\"De nouvelles frappes russes ont vis\u00e9 hier des infrastructures \u00e9nerg\u00e9tiques dans l&rsquo;Ouest de l&rsquo;Ukraine, a annonc\u00e9 l&rsquo;op\u00e9rateur Ukrenergo, tandis que\" \/>\n<meta property=\"og:url\" content=\"https:\/\/lasentinelle.dz\/index.php\/2022\/10\/22\/guerre-en-ukraine-plusieurs-regions-sans-eau-et-sans-electricite\/\" \/>\n<meta property=\"og:site_name\" content=\"La Sentinelle\" \/>\n<meta property=\"article:publisher\" content=\"https:\/\/www.facebook.com\/La-Sentinelle-104059864394773\" \/>\n<meta property=\"article:published_time\" content=\"2022-10-22T21:00:00+00:00\" \/>\n<meta property=\"og:image\" content=\"https:\/\/lasentinelle.dz\/wp-content\/uploads\/2022\/10\/image_2022-10-22_174721399.png\" \/>\n\t<meta property=\"og:image:width\" content=\"932\" \/>\n\t<meta property=\"og:image:height\" content=\"582\" \/>\n\t<meta property=\"og:image:type\" content=\"image\/png\" \/>\n<meta name=\"author\" content=\"La Sentinelle\" \/>\n<meta name=\"twitter:card\" content=\"summary_large_image\" \/>\n<meta name=\"twitter:label1\" content=\"\u00c9crit par\" \/>\n\t<meta name=\"twitter:data1\" content=\"La Sentinelle\" \/>\n\t<meta name=\"twitter:label2\" content=\"Dur\u00e9e de lecture estim\u00e9e\" \/>\n\t<meta name=\"twitter:data2\" content=\"2 minutes\" \/>\n<script type=\"application\/ld+json\" class=\"yoast-schema-graph\">{\"@context\":\"https:\\\/\\\/schema.org\",\"@graph\":[{\"@type\":\"Article\",\"@id\":\"https:\\\/\\\/lasentinelle.dz\\\/index.php\\\/2022\\\/10\\\/22\\\/guerre-en-ukraine-plusieurs-regions-sans-eau-et-sans-electricite\\\/#article\",\"isPartOf\":{\"@id\":\"https:\\\/\\\/lasentinelle.dz\\\/index.php\\\/2022\\\/10\\\/22\\\/guerre-en-ukraine-plusieurs-regions-sans-eau-et-sans-electricite\\\/\"},\"author\":{\"name\":\"La Sentinelle\",\"@id\":\"https:\\\/\\\/lasentinelle.dz\\\/#\\\/schema\\\/person\\\/d865044e22e70a75174ce8bcad3acfb3\"},\"headline\":\"Guerre en Ukraine\u00a0: Plusieurs r\u00e9gions sans eau et sans \u00e9lectricit\u00e9\",\"datePublished\":\"2022-10-22T21:00:00+00:00\",\"mainEntityOfPage\":{\"@id\":\"https:\\\/\\\/lasentinelle.dz\\\/index.php\\\/2022\\\/10\\\/22\\\/guerre-en-ukraine-plusieurs-regions-sans-eau-et-sans-electricite\\\/\"},\"wordCount\":252,\"commentCount\":0,\"publisher\":{\"@id\":\"https:\\\/\\\/lasentinelle.dz\\\/#organization\"},\"image\":{\"@id\":\"https:\\\/\\\/lasentinelle.dz\\\/index.php\\\/2022\\\/10\\\/22\\\/guerre-en-ukraine-plusieurs-regions-sans-eau-et-sans-electricite\\\/#primaryimage\"},\"thumbnailUrl\":\"https:\\\/\\\/lasentinelle.dz\\\/wp-content\\\/uploads\\\/2022\\\/10\\\/image_2022-10-22_174721399.png\",\"articleSection\":[\"Monde\"],\"inLanguage\":\"fr-FR\",\"potentialAction\":[{\"@type\":\"CommentAction\",\"name\":\"Comment\",\"target\":[\"https:\\\/\\\/lasentinelle.dz\\\/index.php\\\/2022\\\/10\\\/22\\\/guerre-en-ukraine-plusieurs-regions-sans-eau-et-sans-electricite\\\/#respond\"]}]},{\"@type\":\"WebPage\",\"@id\":\"https:\\\/\\\/lasentinelle.dz\\\/index.php\\\/2022\\\/10\\\/22\\\/guerre-en-ukraine-plusieurs-regions-sans-eau-et-sans-electricite\\\/\",\"url\":\"https:\\\/\\\/lasentinelle.dz\\\/index.php\\\/2022\\\/10\\\/22\\\/guerre-en-ukraine-plusieurs-regions-sans-eau-et-sans-electricite\\\/\",\"name\":\"Guerre en Ukraine\u00a0: Plusieurs r\u00e9gions sans eau et sans \u00e9lectricit\u00e9 - La Sentinelle\",\"isPartOf\":{\"@id\":\"https:\\\/\\\/lasentinelle.dz\\\/#website\"},\"primaryImageOfPage\":{\"@id\":\"https:\\\/\\\/lasentinelle.dz\\\/index.php\\\/2022\\\/10\\\/22\\\/guerre-en-ukraine-plusieurs-regions-sans-eau-et-sans-electricite\\\/#primaryimage\"},\"image\":{\"@id\":\"https:\\\/\\\/lasentinelle.dz\\\/index.php\\\/2022\\\/10\\\/22\\\/guerre-en-ukraine-plusieurs-regions-sans-eau-et-sans-electricite\\\/#primaryimage\"},\"thumbnailUrl\":\"https:\\\/\\\/lasentinelle.dz\\\/wp-content\\\/uploads\\\/2022\\\/10\\\/image_2022-10-22_174721399.png\",\"datePublished\":\"2022-10-22T21:00:00+00:00\",\"breadcrumb\":{\"@id\":\"https:\\\/\\\/lasentinelle.dz\\\/index.php\\\/2022\\\/10\\\/22\\\/guerre-en-ukraine-plusieurs-regions-sans-eau-et-sans-electricite\\\/#breadcrumb\"},\"inLanguage\":\"fr-FR\",\"potentialAction\":[{\"@type\":\"ReadAction\",\"target\":[\"https:\\\/\\\/lasentinelle.dz\\\/index.php\\\/2022\\\/10\\\/22\\\/guerre-en-ukraine-plusieurs-regions-sans-eau-et-sans-electricite\\\/\"]}]},{\"@type\":\"ImageObject\",\"inLanguage\":\"fr-FR\",\"@id\":\"https:\\\/\\\/lasentinelle.dz\\\/index.php\\\/2022\\\/10\\\/22\\\/guerre-en-ukraine-plusieurs-regions-sans-eau-et-sans-electricite\\\/#primaryimage\",\"url\":\"https:\\\/\\\/lasentinelle.dz\\\/wp-content\\\/uploads\\\/2022\\\/10\\\/image_2022-10-22_174721399.png\",\"contentUrl\":\"https:\\\/\\\/lasentinelle.dz\\\/wp-content\\\/uploads\\\/2022\\\/10\\\/image_2022-10-22_174721399.png\",\"width\":932,\"height\":582},{\"@type\":\"BreadcrumbList\",\"@id\":\"https:\\\/\\\/lasentinelle.dz\\\/index.php\\\/2022\\\/10\\\/22\\\/guerre-en-ukraine-plusieurs-regions-sans-eau-et-sans-electricite\\\/#breadcrumb\",\"itemListElement\":[{\"@type\":\"ListItem\",\"position\":1,\"name\":\"Accueil\",\"item\":\"https:\\\/\\\/lasentinelle.dz\\\/\"},{\"@type\":\"ListItem\",\"position\":2,\"name\":\"Guerre en Ukraine\u00a0: Plusieurs r\u00e9gions sans eau et sans \u00e9lectricit\u00e9\"}]},{\"@type\":\"WebSite\",\"@id\":\"https:\\\/\\\/lasentinelle.dz\\\/#website\",\"url\":\"https:\\\/\\\/lasentinelle.dz\\\/\",\"name\":\"La Sentinelle\",\"description\":\"Quotidien national d&#039;information\",\"publisher\":{\"@id\":\"https:\\\/\\\/lasentinelle.dz\\\/#organization\"},\"potentialAction\":[{\"@type\":\"SearchAction\",\"target\":{\"@type\":\"EntryPoint\",\"urlTemplate\":\"https:\\\/\\\/lasentinelle.dz\\\/?s={search_term_string}\"},\"query-input\":{\"@type\":\"PropertyValueSpecification\",\"valueRequired\":true,\"valueName\":\"search_term_string\"}}],\"inLanguage\":\"fr-FR\"},{\"@type\":\"Organization\",\"@id\":\"https:\\\/\\\/lasentinelle.dz\\\/#organization\",\"name\":\"Quotidien La Sentinelle\",\"url\":\"https:\\\/\\\/lasentinelle.dz\\\/\",\"logo\":{\"@type\":\"ImageObject\",\"inLanguage\":\"fr-FR\",\"@id\":\"https:\\\/\\\/lasentinelle.dz\\\/#\\\/schema\\\/logo\\\/image\\\/\",\"url\":\"https:\\\/\\\/lasentinelle.dz\\\/wp-content\\\/uploads\\\/2021\\\/09\\\/logo-sentinelleSLOGAN-1.png\",\"contentUrl\":\"https:\\\/\\\/lasentinelle.dz\\\/wp-content\\\/uploads\\\/2021\\\/09\\\/logo-sentinelleSLOGAN-1.png\",\"width\":615,\"height\":142,\"caption\":\"Quotidien La Sentinelle\"},\"image\":{\"@id\":\"https:\\\/\\\/lasentinelle.dz\\\/#\\\/schema\\\/logo\\\/image\\\/\"},\"sameAs\":[\"https:\\\/\\\/www.facebook.com\\\/La-Sentinelle-104059864394773\"]},{\"@type\":\"Person\",\"@id\":\"https:\\\/\\\/lasentinelle.dz\\\/#\\\/schema\\\/person\\\/d865044e22e70a75174ce8bcad3acfb3\",\"name\":\"La Sentinelle\",\"image\":{\"@type\":\"ImageObject\",\"inLanguage\":\"fr-FR\",\"@id\":\"https:\\\/\\\/secure.gravatar.com\\\/avatar\\\/57de8e5d4b15d43fb361a71fbb36338450fe67865b528a43dd10ef7c51a20392?s=96&d=mm&r=g\",\"url\":\"https:\\\/\\\/secure.gravatar.com\\\/avatar\\\/57de8e5d4b15d43fb361a71fbb36338450fe67865b528a43dd10ef7c51a20392?s=96&d=mm&r=g\",\"contentUrl\":\"https:\\\/\\\/secure.gravatar.com\\\/avatar\\\/57de8e5d4b15d43fb361a71fbb36338450fe67865b528a43dd10ef7c51a20392?s=96&d=mm&r=g\",\"caption\":\"La Sentinelle\"},\"sameAs\":[\"http:\\\/\\\/www.lasentinelle.dz\"],\"url\":\"https:\\\/\\\/lasentinelle.dz\\\/author\\\/redaction\\\/\"}]}<\/script>\n<!-- \/ Yoast SEO plugin. -->","yoast_head_json":{"title":"Guerre en Ukraine\u00a0: Plusieurs r\u00e9gions sans eau et sans \u00e9lectricit\u00e9 - La Sentinelle","robots":{"index":"index","follow":"follow","max-snippet":"max-snippet:-1","max-image-preview":"max-image-preview:large","max-video-preview":"max-video-preview:-1"},"canonical":"https:\/\/lasentinelle.dz\/index.php\/2022\/10\/22\/guerre-en-ukraine-plusieurs-regions-sans-eau-et-sans-electricite\/","og_locale":"fr_FR","og_type":"article","og_title":"Guerre en Ukraine\u00a0: Plusieurs r\u00e9gions sans eau et sans \u00e9lectricit\u00e9 - La Sentinelle","og_description":"De nouvelles frappes russes ont vis\u00e9 hier des infrastructures \u00e9nerg\u00e9tiques dans l&rsquo;Ouest de l&rsquo;Ukraine, a annonc\u00e9 l&rsquo;op\u00e9rateur Ukrenergo, tandis que","og_url":"https:\/\/lasentinelle.dz\/index.php\/2022\/10\/22\/guerre-en-ukraine-plusieurs-regions-sans-eau-et-sans-electricite\/","og_site_name":"La Sentinelle","article_publisher":"https:\/\/www.facebook.com\/La-Sentinelle-104059864394773","article_published_time":"2022-10-22T21:00:00+00:00","og_image":[{"width":932,"height":582,"url":"https:\/\/lasentinelle.dz\/wp-content\/uploads\/2022\/10\/image_2022-10-22_174721399.png","type":"image\/png"}],"author":"La Sentinelle","twitter_card":"summary_large_image","twitter_misc":{"\u00c9crit par":"La Sentinelle","Dur\u00e9e de lecture estim\u00e9e":"2 minutes"},"schema":{"@context":"https:\/\/schema.org","@graph":[{"@type":"Article","@id":"https:\/\/lasentinelle.dz\/index.php\/2022\/10\/22\/guerre-en-ukraine-plusieurs-regions-sans-eau-et-sans-electricite\/#article","isPartOf":{"@id":"https:\/\/lasentinelle.dz\/index.php\/2022\/10\/22\/guerre-en-ukraine-plusieurs-regions-sans-eau-et-sans-electricite\/"},"author":{"name":"La Sentinelle","@id":"https:\/\/lasentinelle.dz\/#\/schema\/person\/d865044e22e70a75174ce8bcad3acfb3"},"headline":"Guerre en Ukraine\u00a0: Plusieurs r\u00e9gions sans eau et sans \u00e9lectricit\u00e9","datePublished":"2022-10-22T21:00:00+00:00","mainEntityOfPage":{"@id":"https:\/\/lasentinelle.dz\/index.php\/2022\/10\/22\/guerre-en-ukraine-plusieurs-regions-sans-eau-et-sans-electricite\/"},"wordCount":252,"commentCount":0,"publisher":{"@id":"https:\/\/lasentinelle.dz\/#organization"},"image":{"@id":"https:\/\/lasentinelle.dz\/index.php\/2022\/10\/22\/guerre-en-ukraine-plusieurs-regions-sans-eau-et-sans-electricite\/#primaryimage"},"thumbnailUrl":"https:\/\/lasentinelle.dz\/wp-content\/uploads\/2022\/10\/image_2022-10-22_174721399.png","articleSection":["Monde"],"inLanguage":"fr-FR","potentialAction":[{"@type":"CommentAction","name":"Comment","target":["https:\/\/lasentinelle.dz\/index.php\/2022\/10\/22\/guerre-en-ukraine-plusieurs-regions-sans-eau-et-sans-electricite\/#respond"]}]},{"@type":"WebPage","@id":"https:\/\/lasentinelle.dz\/index.php\/2022\/10\/22\/guerre-en-ukraine-plusieurs-regions-sans-eau-et-sans-electricite\/","url":"https:\/\/lasentinelle.dz\/index.php\/2022\/10\/22\/guerre-en-ukraine-plusieurs-regions-sans-eau-et-sans-electricite\/","name":"Guerre en Ukraine\u00a0: Plusieurs r\u00e9gions sans eau et sans \u00e9lectricit\u00e9 - La Sentinelle","isPartOf":{"@id":"https:\/\/lasentinelle.dz\/#website"},"primaryImageOfPage":{"@id":"https:\/\/lasentinelle.dz\/index.php\/2022\/10\/22\/guerre-en-ukraine-plusieurs-regions-sans-eau-et-sans-electricite\/#primaryimage"},"image":{"@id":"https:\/\/lasentinelle.dz\/index.php\/2022\/10\/22\/guerre-en-ukraine-plusieurs-regions-sans-eau-et-sans-electricite\/#primaryimage"},"thumbnailUrl":"https:\/\/lasentinelle.dz\/wp-content\/uploads\/2022\/10\/image_2022-10-22_174721399.png","datePublished":"2022-10-22T21:00:00+00:00","breadcrumb":{"@id":"https:\/\/lasentinelle.dz\/index.php\/2022\/10\/22\/guerre-en-ukraine-plusieurs-regions-sans-eau-et-sans-electricite\/#breadcrumb"},"inLanguage":"fr-FR","potentialAction":[{"@type":"ReadAction","target":["https:\/\/lasentinelle.dz\/index.php\/2022\/10\/22\/guerre-en-ukraine-plusieurs-regions-sans-eau-et-sans-electricite\/"]}]},{"@type":"ImageObject","inLanguage":"fr-FR","@id":"https:\/\/lasentinelle.dz\/index.php\/2022\/10\/22\/guerre-en-ukraine-plusieurs-regions-sans-eau-et-sans-electricite\/#primaryimage","url":"https:\/\/lasentinelle.dz\/wp-content\/uploads\/2022\/10\/image_2022-10-22_174721399.png","contentUrl":"https:\/\/lasentinelle.dz\/wp-content\/uploads\/2022\/10\/image_2022-10-22_174721399.png","width":932,"height":582},{"@type":"BreadcrumbList","@id":"https:\/\/lasentinelle.dz\/index.php\/2022\/10\/22\/guerre-en-ukraine-plusieurs-regions-sans-eau-et-sans-electricite\/#breadcrumb","itemListElement":[{"@type":"ListItem","position":1,"name":"Accueil","item":"https:\/\/lasentinelle.dz\/"},{"@type":"ListItem","position":2,"name":"Guerre en Ukraine\u00a0: Plusieurs r\u00e9gions sans eau et sans \u00e9lectricit\u00e9"}]},{"@type":"WebSite","@id":"https:\/\/lasentinelle.dz\/#website","url":"https:\/\/lasentinelle.dz\/","name":"La Sentinelle","description":"Quotidien national d&#039;information","publisher":{"@id":"https:\/\/lasentinelle.dz\/#organization"},"potentialAction":[{"@type":"SearchAction","target":{"@type":"EntryPoint","urlTemplate":"https:\/\/lasentinelle.dz\/?s={search_term_string}"},"query-input":{"@type":"PropertyValueSpecification","valueRequired":true,"valueName":"search_term_string"}}],"inLanguage":"fr-FR"},{"@type":"Organization","@id":"https:\/\/lasentinelle.dz\/#organization","name":"Quotidien La Sentinelle","url":"https:\/\/lasentinelle.dz\/","logo":{"@type":"ImageObject","inLanguage":"fr-FR","@id":"https:\/\/lasentinelle.dz\/#\/schema\/logo\/image\/","url":"https:\/\/lasentinelle.dz\/wp-content\/uploads\/2021\/09\/logo-sentinelleSLOGAN-1.png","contentUrl":"https:\/\/lasentinelle.dz\/wp-content\/uploads\/2021\/09\/logo-sentinelleSLOGAN-1.png","width":615,"height":142,"caption":"Quotidien La Sentinelle"},"image":{"@id":"https:\/\/lasentinelle.dz\/#\/schema\/logo\/image\/"},"sameAs":["https:\/\/www.facebook.com\/La-Sentinelle-104059864394773"]},{"@type":"Person","@id":"https:\/\/lasentinelle.dz\/#\/schema\/person\/d865044e22e70a75174ce8bcad3acfb3","name":"La Sentinelle","image":{"@type":"ImageObject","inLanguage":"fr-FR","@id":"https:\/\/secure.gravatar.com\/avatar\/57de8e5d4b15d43fb361a71fbb36338450fe67865b528a43dd10ef7c51a20392?s=96&d=mm&r=g","url":"https:\/\/secure.gravatar.com\/avatar\/57de8e5d4b15d43fb361a71fbb36338450fe67865b528a43dd10ef7c51a20392?s=96&d=mm&r=g","contentUrl":"https:\/\/secure.gravatar.com\/avatar\/57de8e5d4b15d43fb361a71fbb36338450fe67865b528a43dd10ef7c51a20392?s=96&d=mm&r=g","caption":"La Sentinelle"},"sameAs":["http:\/\/www.lasentinelle.dz"],"url":"https:\/\/lasentinelle.dz\/author\/redaction\/"}]}},"_links":{"self":[{"href":"https:\/\/lasentinelle.dz\/index.php\/wp-json\/wp\/v2\/posts\/29353","targetHints":{"allow":["GET"]}}],"collection":[{"href":"https:\/\/lasentinelle.dz\/index.php\/wp-json\/wp\/v2\/posts"}],"about":[{"href":"https:\/\/lasentinelle.dz\/index.php\/wp-json\/wp\/v2\/types\/post"}],"author":[{"embeddable":true,"href":"https:\/\/lasentinelle.dz\/index.php\/wp-json\/wp\/v2\/users\/3"}],"replies":[{"embeddable":true,"href":"https:\/\/lasentinelle.dz\/index.php\/wp-json\/wp\/v2\/comments?post=29353"}],"version-history":[{"count":1,"href":"https:\/\/lasentinelle.dz\/index.php\/wp-json\/wp\/v2\/posts\/29353\/revisions"}],"predecessor-version":[{"id":29366,"href":"https:\/\/lasentinelle.dz\/index.php\/wp-json\/wp\/v2\/posts\/29353\/revisions\/29366"}],"wp:featuredmedia":[{"embeddable":true,"href":"https:\/\/lasentinelle.dz\/index.php\/wp-json\/wp\/v2\/media\/29364"}],"wp:attachment":[{"href":"https:\/\/lasentinelle.dz\/index.php\/wp-json\/wp\/v2\/media?parent=29353"}],"wp:term":[{"taxonomy":"category","embeddable":true,"href":"https:\/\/lasentinelle.dz\/index.php\/wp-json\/wp\/v2\/categories?post=29353"},{"taxonomy":"post_tag","embeddable":true,"href":"https:\/\/lasentinelle.dz\/index.php\/wp-json\/wp\/v2\/tags?post=29353"}],"curies":[{"name":"wp","href":"https:\/\/api.w.org\/{rel}","templated":true}]}}