{"id":29367,"date":"2022-10-22T22:05:00","date_gmt":"2022-10-22T21:05:00","guid":{"rendered":"https:\/\/lasentinelle.dz\/?p=29367"},"modified":"2022-10-22T20:04:12","modified_gmt":"2022-10-22T19:04:12","slug":"politique-bengrina-appelle-au-renforcement-du-front-interne-autour-des-institutions-de-letat","status":"publish","type":"post","link":"https:\/\/lasentinelle.dz\/index.php\/2022\/10\/22\/politique-bengrina-appelle-au-renforcement-du-front-interne-autour-des-institutions-de-letat\/","title":{"rendered":"Politique\u00a0: Bengrina appelle au renforcement du front interne autour des institutions de l\u2019Etat"},"content":{"rendered":"\n<p>Le pr\u00e9sident du Mouvement El Bina El watani, Abdelkader Bengrina, a anim\u00e9hierdans la wilaya de Mila un meeting populaire devant les militants de son partilors duquel il a appel\u00e9 au \u00ab\u00a0renforcement du front int\u00e9rieur et de la coh\u00e9sion du peuple avec les institutions de l\u2019Etat\u00a0\u00bb.<\/p>\n\n\n\n<p>Bengrina a affirm\u00e9 que \u00ab\u00a0legs des chouhada, exige la non-rupture de la communication entre les cat\u00e9gories de la soci\u00e9t\u00e9 et le renforcement du front int\u00e9rieur et de la coh\u00e9sion du peuple avec les institutions officielles de l\u2019Etat\u00a0\u00bb.Il a ajout\u00e9 \u00ab\u00a0nous croyons que la continuit\u00e9 de l\u2019Etat ne s\u2019op\u00e8re que par la continuit\u00e9 de ses institutions \u00e0 accomplir leurs nobles missions dans la protection du pays et sa relance\u00a0\u00bb.Il a \u00e9galement port\u00e9 l\u2019accent sur les efforts politiques faits par l\u2019Alg\u00e9rie sur les plans r\u00e9gional et arabe dont \u00ab\u00a0la d\u00e9claration d\u2019Alger\u00a0\u00bb pour l\u2019unification des factions palestiniennes.<\/p>\n\n\n\n<p>Concernant le sommet arabe qui aura lieu les 1 et 2 novembre prochain, il a relev\u00e9 que ce sommet a \u00ab\u00a0la particularit\u00e9 de se tenir sur la terre des chouhada et d\u2019un pays qui refuse l\u2019atteinte \u00e0 sa souverainet\u00e9 et respecte la souverainet\u00e9 des autres et qui refuse la normalisation avec l\u2019entit\u00e9 sioniste\u00a0\u00bb.Pour le pr\u00e9sident du Mouvement El Bina, l\u2019Alg\u00e9rie \u00ab\u00a0r\u00e9occupe au travers de ce sommet et au travers de la d\u00e9claration d\u2019unification des rangs palestiniens sa position de leader et d\u2019influence positive sur la r\u00e9gion et son environnement\u00a0\u00bb.<\/p>\n\n\n\n<p>Evoquant les dispositions de la nouvelle loi de finances, l\u2019orateur a salu\u00e9 tout ce qui concerne le caract\u00e8re social de l\u2019Etat et les efforts de soutien au citoyen simple pour lui assurer une vie digne.<\/p>\n\n\n\n<p>M. Bengrina a relev\u00e9 en outre que la c\u00e9l\u00e9bration de la journ\u00e9e nationale de la presse \u00ab\u00a0nous rappelle la naissance du premier m\u00e9dia de l&rsquo;Alg\u00e9rie combattante en 1955 ainsi que les efforts consentis par la corporation m\u00e9diatique\u00a0\u00bb, insistant sur le r\u00f4le du journaliste en tant qu\u2019acteur social dans l\u2019\u00e9dification de l\u2019Etat.La Journ\u00e9e nationale de la presse est c\u00e9l\u00e9br\u00e9e chaque ann\u00e9e le 22 octobre, co\u00efncidant avec la parution en ce m\u00eame jour de l&rsquo;ann\u00e9e 1955 du tout premier num\u00e9ro du Journal \u2018R\u00e9sistance alg\u00e9rienne\u2019, porte-voix du FLN\/ALN et du 60e anniversaire du recouvrement de la souverainet\u00e9 sur la Radio et la T\u00e9l\u00e9vision alg\u00e9riennes, le 28 octobre 1962.<\/p>\n\n\n\n<p>R.N.<\/p>\n","protected":false},"excerpt":{"rendered":"<p>Le pr\u00e9sident du Mouvement El Bina El watani, Abdelkader Bengrina, a anim\u00e9hierdans la wilaya de Mila un meeting populaire devant<\/p>\n","protected":false},"author":3,"featured_media":29387,"comment_status":"open","ping_status":"closed","sticky":false,"template":"","format":"standard","meta":{"colormag_page_container_layout":"default_layout","colormag_page_sidebar_layout":"default_layout","om_disable_all_campaigns":false,"_monsterinsights_skip_tracking":false,"_monsterinsights_sitenote_active":false,"_monsterinsights_sitenote_note":"","_monsterinsights_sitenote_category":0,"footnotes":"","_wpscppro_dont_share_socialmedia":false,"_wpscppro_custom_social_share_image":0,"_facebook_share_type":"","_twitter_share_type":"","_linkedin_share_type":"","_pinterest_share_type":"","_linkedin_share_type_page":"","_instagram_share_type":"","_medium_share_type":"","_threads_share_type":"","_google_business_share_type":"","_selected_social_profile":[],"_wpsp_enable_custom_social_template":false,"_wpsp_social_scheduling":{"enabled":false,"datetime":null,"platforms":[],"status":"template_only","dateOption":"today","timeOption":"now","customDays":"","customHours":"","customDate":"","customTime":"","schedulingType":"absolute"},"_wpsp_active_default_template":true},"categories":[27],"tags":[],"class_list":["post-29367","post","type-post","status-publish","format-standard","has-post-thumbnail","hentry","category-actualite"],"aioseo_notices":[],"yoast_head":"<!-- This site is optimized with the Yoast SEO plugin v27.5 - https:\/\/yoast.com\/product\/yoast-seo-wordpress\/ -->\n<title>Politique\u00a0: Bengrina appelle au renforcement du front interne autour des institutions de l\u2019Etat - La Sentinelle<\/title>\n<meta name=\"robots\" content=\"index, follow, max-snippet:-1, max-image-preview:large, max-video-preview:-1\" \/>\n<link rel=\"canonical\" href=\"https:\/\/lasentinelle.dz\/index.php\/2022\/10\/22\/politique-bengrina-appelle-au-renforcement-du-front-interne-autour-des-institutions-de-letat\/\" \/>\n<meta property=\"og:locale\" content=\"fr_FR\" \/>\n<meta property=\"og:type\" content=\"article\" \/>\n<meta property=\"og:title\" content=\"Politique\u00a0: Bengrina appelle au renforcement du front interne autour des institutions de l\u2019Etat - La Sentinelle\" \/>\n<meta property=\"og:description\" content=\"Le pr\u00e9sident du Mouvement El Bina El watani, Abdelkader Bengrina, a anim\u00e9hierdans la wilaya de Mila un meeting populaire devant\" \/>\n<meta property=\"og:url\" content=\"https:\/\/lasentinelle.dz\/index.php\/2022\/10\/22\/politique-bengrina-appelle-au-renforcement-du-front-interne-autour-des-institutions-de-letat\/\" \/>\n<meta property=\"og:site_name\" content=\"La Sentinelle\" \/>\n<meta property=\"article:publisher\" content=\"https:\/\/www.facebook.com\/La-Sentinelle-104059864394773\" \/>\n<meta property=\"article:published_time\" content=\"2022-10-22T21:05:00+00:00\" \/>\n<meta property=\"og:image\" content=\"https:\/\/lasentinelle.dz\/wp-content\/uploads\/2022\/10\/bengrina.png\" \/>\n\t<meta property=\"og:image:width\" content=\"1823\" \/>\n\t<meta property=\"og:image:height\" content=\"900\" \/>\n\t<meta property=\"og:image:type\" content=\"image\/png\" \/>\n<meta name=\"author\" content=\"La Sentinelle\" \/>\n<meta name=\"twitter:card\" content=\"summary_large_image\" \/>\n<meta name=\"twitter:label1\" content=\"\u00c9crit par\" \/>\n\t<meta name=\"twitter:data1\" content=\"La Sentinelle\" \/>\n\t<meta name=\"twitter:label2\" content=\"Dur\u00e9e de lecture estim\u00e9e\" \/>\n\t<meta name=\"twitter:data2\" content=\"2 minutes\" \/>\n<script type=\"application\/ld+json\" class=\"yoast-schema-graph\">{\"@context\":\"https:\\\/\\\/schema.org\",\"@graph\":[{\"@type\":\"Article\",\"@id\":\"https:\\\/\\\/lasentinelle.dz\\\/index.php\\\/2022\\\/10\\\/22\\\/politique-bengrina-appelle-au-renforcement-du-front-interne-autour-des-institutions-de-letat\\\/#article\",\"isPartOf\":{\"@id\":\"https:\\\/\\\/lasentinelle.dz\\\/index.php\\\/2022\\\/10\\\/22\\\/politique-bengrina-appelle-au-renforcement-du-front-interne-autour-des-institutions-de-letat\\\/\"},\"author\":{\"name\":\"La Sentinelle\",\"@id\":\"https:\\\/\\\/lasentinelle.dz\\\/#\\\/schema\\\/person\\\/d865044e22e70a75174ce8bcad3acfb3\"},\"headline\":\"Politique\u00a0: Bengrina appelle au renforcement du front interne autour des institutions de l\u2019Etat\",\"datePublished\":\"2022-10-22T21:05:00+00:00\",\"mainEntityOfPage\":{\"@id\":\"https:\\\/\\\/lasentinelle.dz\\\/index.php\\\/2022\\\/10\\\/22\\\/politique-bengrina-appelle-au-renforcement-du-front-interne-autour-des-institutions-de-letat\\\/\"},\"wordCount\":440,\"commentCount\":0,\"publisher\":{\"@id\":\"https:\\\/\\\/lasentinelle.dz\\\/#organization\"},\"image\":{\"@id\":\"https:\\\/\\\/lasentinelle.dz\\\/index.php\\\/2022\\\/10\\\/22\\\/politique-bengrina-appelle-au-renforcement-du-front-interne-autour-des-institutions-de-letat\\\/#primaryimage\"},\"thumbnailUrl\":\"https:\\\/\\\/lasentinelle.dz\\\/wp-content\\\/uploads\\\/2022\\\/10\\\/bengrina.png\",\"articleSection\":[\"Actualit\u00e9\"],\"inLanguage\":\"fr-FR\",\"potentialAction\":[{\"@type\":\"CommentAction\",\"name\":\"Comment\",\"target\":[\"https:\\\/\\\/lasentinelle.dz\\\/index.php\\\/2022\\\/10\\\/22\\\/politique-bengrina-appelle-au-renforcement-du-front-interne-autour-des-institutions-de-letat\\\/#respond\"]}]},{\"@type\":\"WebPage\",\"@id\":\"https:\\\/\\\/lasentinelle.dz\\\/index.php\\\/2022\\\/10\\\/22\\\/politique-bengrina-appelle-au-renforcement-du-front-interne-autour-des-institutions-de-letat\\\/\",\"url\":\"https:\\\/\\\/lasentinelle.dz\\\/index.php\\\/2022\\\/10\\\/22\\\/politique-bengrina-appelle-au-renforcement-du-front-interne-autour-des-institutions-de-letat\\\/\",\"name\":\"Politique\u00a0: Bengrina appelle au renforcement du front interne autour des institutions de l\u2019Etat - La Sentinelle\",\"isPartOf\":{\"@id\":\"https:\\\/\\\/lasentinelle.dz\\\/#website\"},\"primaryImageOfPage\":{\"@id\":\"https:\\\/\\\/lasentinelle.dz\\\/index.php\\\/2022\\\/10\\\/22\\\/politique-bengrina-appelle-au-renforcement-du-front-interne-autour-des-institutions-de-letat\\\/#primaryimage\"},\"image\":{\"@id\":\"https:\\\/\\\/lasentinelle.dz\\\/index.php\\\/2022\\\/10\\\/22\\\/politique-bengrina-appelle-au-renforcement-du-front-interne-autour-des-institutions-de-letat\\\/#primaryimage\"},\"thumbnailUrl\":\"https:\\\/\\\/lasentinelle.dz\\\/wp-content\\\/uploads\\\/2022\\\/10\\\/bengrina.png\",\"datePublished\":\"2022-10-22T21:05:00+00:00\",\"breadcrumb\":{\"@id\":\"https:\\\/\\\/lasentinelle.dz\\\/index.php\\\/2022\\\/10\\\/22\\\/politique-bengrina-appelle-au-renforcement-du-front-interne-autour-des-institutions-de-letat\\\/#breadcrumb\"},\"inLanguage\":\"fr-FR\",\"potentialAction\":[{\"@type\":\"ReadAction\",\"target\":[\"https:\\\/\\\/lasentinelle.dz\\\/index.php\\\/2022\\\/10\\\/22\\\/politique-bengrina-appelle-au-renforcement-du-front-interne-autour-des-institutions-de-letat\\\/\"]}]},{\"@type\":\"ImageObject\",\"inLanguage\":\"fr-FR\",\"@id\":\"https:\\\/\\\/lasentinelle.dz\\\/index.php\\\/2022\\\/10\\\/22\\\/politique-bengrina-appelle-au-renforcement-du-front-interne-autour-des-institutions-de-letat\\\/#primaryimage\",\"url\":\"https:\\\/\\\/lasentinelle.dz\\\/wp-content\\\/uploads\\\/2022\\\/10\\\/bengrina.png\",\"contentUrl\":\"https:\\\/\\\/lasentinelle.dz\\\/wp-content\\\/uploads\\\/2022\\\/10\\\/bengrina.png\",\"width\":1823,\"height\":900},{\"@type\":\"BreadcrumbList\",\"@id\":\"https:\\\/\\\/lasentinelle.dz\\\/index.php\\\/2022\\\/10\\\/22\\\/politique-bengrina-appelle-au-renforcement-du-front-interne-autour-des-institutions-de-letat\\\/#breadcrumb\",\"itemListElement\":[{\"@type\":\"ListItem\",\"position\":1,\"name\":\"Accueil\",\"item\":\"https:\\\/\\\/lasentinelle.dz\\\/\"},{\"@type\":\"ListItem\",\"position\":2,\"name\":\"Politique\u00a0: Bengrina appelle au renforcement du front interne autour des institutions de l\u2019Etat\"}]},{\"@type\":\"WebSite\",\"@id\":\"https:\\\/\\\/lasentinelle.dz\\\/#website\",\"url\":\"https:\\\/\\\/lasentinelle.dz\\\/\",\"name\":\"La Sentinelle\",\"description\":\"Quotidien national d&#039;information\",\"publisher\":{\"@id\":\"https:\\\/\\\/lasentinelle.dz\\\/#organization\"},\"potentialAction\":[{\"@type\":\"SearchAction\",\"target\":{\"@type\":\"EntryPoint\",\"urlTemplate\":\"https:\\\/\\\/lasentinelle.dz\\\/?s={search_term_string}\"},\"query-input\":{\"@type\":\"PropertyValueSpecification\",\"valueRequired\":true,\"valueName\":\"search_term_string\"}}],\"inLanguage\":\"fr-FR\"},{\"@type\":\"Organization\",\"@id\":\"https:\\\/\\\/lasentinelle.dz\\\/#organization\",\"name\":\"Quotidien La Sentinelle\",\"url\":\"https:\\\/\\\/lasentinelle.dz\\\/\",\"logo\":{\"@type\":\"ImageObject\",\"inLanguage\":\"fr-FR\",\"@id\":\"https:\\\/\\\/lasentinelle.dz\\\/#\\\/schema\\\/logo\\\/image\\\/\",\"url\":\"https:\\\/\\\/lasentinelle.dz\\\/wp-content\\\/uploads\\\/2021\\\/09\\\/logo-sentinelleSLOGAN-1.png\",\"contentUrl\":\"https:\\\/\\\/lasentinelle.dz\\\/wp-content\\\/uploads\\\/2021\\\/09\\\/logo-sentinelleSLOGAN-1.png\",\"width\":615,\"height\":142,\"caption\":\"Quotidien La Sentinelle\"},\"image\":{\"@id\":\"https:\\\/\\\/lasentinelle.dz\\\/#\\\/schema\\\/logo\\\/image\\\/\"},\"sameAs\":[\"https:\\\/\\\/www.facebook.com\\\/La-Sentinelle-104059864394773\"]},{\"@type\":\"Person\",\"@id\":\"https:\\\/\\\/lasentinelle.dz\\\/#\\\/schema\\\/person\\\/d865044e22e70a75174ce8bcad3acfb3\",\"name\":\"La Sentinelle\",\"image\":{\"@type\":\"ImageObject\",\"inLanguage\":\"fr-FR\",\"@id\":\"https:\\\/\\\/secure.gravatar.com\\\/avatar\\\/57de8e5d4b15d43fb361a71fbb36338450fe67865b528a43dd10ef7c51a20392?s=96&d=mm&r=g\",\"url\":\"https:\\\/\\\/secure.gravatar.com\\\/avatar\\\/57de8e5d4b15d43fb361a71fbb36338450fe67865b528a43dd10ef7c51a20392?s=96&d=mm&r=g\",\"contentUrl\":\"https:\\\/\\\/secure.gravatar.com\\\/avatar\\\/57de8e5d4b15d43fb361a71fbb36338450fe67865b528a43dd10ef7c51a20392?s=96&d=mm&r=g\",\"caption\":\"La Sentinelle\"},\"sameAs\":[\"http:\\\/\\\/www.lasentinelle.dz\"],\"url\":\"https:\\\/\\\/lasentinelle.dz\\\/author\\\/redaction\\\/\"}]}<\/script>\n<!-- \/ Yoast SEO plugin. -->","yoast_head_json":{"title":"Politique\u00a0: Bengrina appelle au renforcement du front interne autour des institutions de l\u2019Etat - La Sentinelle","robots":{"index":"index","follow":"follow","max-snippet":"max-snippet:-1","max-image-preview":"max-image-preview:large","max-video-preview":"max-video-preview:-1"},"canonical":"https:\/\/lasentinelle.dz\/index.php\/2022\/10\/22\/politique-bengrina-appelle-au-renforcement-du-front-interne-autour-des-institutions-de-letat\/","og_locale":"fr_FR","og_type":"article","og_title":"Politique\u00a0: Bengrina appelle au renforcement du front interne autour des institutions de l\u2019Etat - La Sentinelle","og_description":"Le pr\u00e9sident du Mouvement El Bina El watani, Abdelkader Bengrina, a anim\u00e9hierdans la wilaya de Mila un meeting populaire devant","og_url":"https:\/\/lasentinelle.dz\/index.php\/2022\/10\/22\/politique-bengrina-appelle-au-renforcement-du-front-interne-autour-des-institutions-de-letat\/","og_site_name":"La Sentinelle","article_publisher":"https:\/\/www.facebook.com\/La-Sentinelle-104059864394773","article_published_time":"2022-10-22T21:05:00+00:00","og_image":[{"width":1823,"height":900,"url":"https:\/\/lasentinelle.dz\/wp-content\/uploads\/2022\/10\/bengrina.png","type":"image\/png"}],"author":"La Sentinelle","twitter_card":"summary_large_image","twitter_misc":{"\u00c9crit par":"La Sentinelle","Dur\u00e9e de lecture estim\u00e9e":"2 minutes"},"schema":{"@context":"https:\/\/schema.org","@graph":[{"@type":"Article","@id":"https:\/\/lasentinelle.dz\/index.php\/2022\/10\/22\/politique-bengrina-appelle-au-renforcement-du-front-interne-autour-des-institutions-de-letat\/#article","isPartOf":{"@id":"https:\/\/lasentinelle.dz\/index.php\/2022\/10\/22\/politique-bengrina-appelle-au-renforcement-du-front-interne-autour-des-institutions-de-letat\/"},"author":{"name":"La Sentinelle","@id":"https:\/\/lasentinelle.dz\/#\/schema\/person\/d865044e22e70a75174ce8bcad3acfb3"},"headline":"Politique\u00a0: Bengrina appelle au renforcement du front interne autour des institutions de l\u2019Etat","datePublished":"2022-10-22T21:05:00+00:00","mainEntityOfPage":{"@id":"https:\/\/lasentinelle.dz\/index.php\/2022\/10\/22\/politique-bengrina-appelle-au-renforcement-du-front-interne-autour-des-institutions-de-letat\/"},"wordCount":440,"commentCount":0,"publisher":{"@id":"https:\/\/lasentinelle.dz\/#organization"},"image":{"@id":"https:\/\/lasentinelle.dz\/index.php\/2022\/10\/22\/politique-bengrina-appelle-au-renforcement-du-front-interne-autour-des-institutions-de-letat\/#primaryimage"},"thumbnailUrl":"https:\/\/lasentinelle.dz\/wp-content\/uploads\/2022\/10\/bengrina.png","articleSection":["Actualit\u00e9"],"inLanguage":"fr-FR","potentialAction":[{"@type":"CommentAction","name":"Comment","target":["https:\/\/lasentinelle.dz\/index.php\/2022\/10\/22\/politique-bengrina-appelle-au-renforcement-du-front-interne-autour-des-institutions-de-letat\/#respond"]}]},{"@type":"WebPage","@id":"https:\/\/lasentinelle.dz\/index.php\/2022\/10\/22\/politique-bengrina-appelle-au-renforcement-du-front-interne-autour-des-institutions-de-letat\/","url":"https:\/\/lasentinelle.dz\/index.php\/2022\/10\/22\/politique-bengrina-appelle-au-renforcement-du-front-interne-autour-des-institutions-de-letat\/","name":"Politique\u00a0: Bengrina appelle au renforcement du front interne autour des institutions de l\u2019Etat - La Sentinelle","isPartOf":{"@id":"https:\/\/lasentinelle.dz\/#website"},"primaryImageOfPage":{"@id":"https:\/\/lasentinelle.dz\/index.php\/2022\/10\/22\/politique-bengrina-appelle-au-renforcement-du-front-interne-autour-des-institutions-de-letat\/#primaryimage"},"image":{"@id":"https:\/\/lasentinelle.dz\/index.php\/2022\/10\/22\/politique-bengrina-appelle-au-renforcement-du-front-interne-autour-des-institutions-de-letat\/#primaryimage"},"thumbnailUrl":"https:\/\/lasentinelle.dz\/wp-content\/uploads\/2022\/10\/bengrina.png","datePublished":"2022-10-22T21:05:00+00:00","breadcrumb":{"@id":"https:\/\/lasentinelle.dz\/index.php\/2022\/10\/22\/politique-bengrina-appelle-au-renforcement-du-front-interne-autour-des-institutions-de-letat\/#breadcrumb"},"inLanguage":"fr-FR","potentialAction":[{"@type":"ReadAction","target":["https:\/\/lasentinelle.dz\/index.php\/2022\/10\/22\/politique-bengrina-appelle-au-renforcement-du-front-interne-autour-des-institutions-de-letat\/"]}]},{"@type":"ImageObject","inLanguage":"fr-FR","@id":"https:\/\/lasentinelle.dz\/index.php\/2022\/10\/22\/politique-bengrina-appelle-au-renforcement-du-front-interne-autour-des-institutions-de-letat\/#primaryimage","url":"https:\/\/lasentinelle.dz\/wp-content\/uploads\/2022\/10\/bengrina.png","contentUrl":"https:\/\/lasentinelle.dz\/wp-content\/uploads\/2022\/10\/bengrina.png","width":1823,"height":900},{"@type":"BreadcrumbList","@id":"https:\/\/lasentinelle.dz\/index.php\/2022\/10\/22\/politique-bengrina-appelle-au-renforcement-du-front-interne-autour-des-institutions-de-letat\/#breadcrumb","itemListElement":[{"@type":"ListItem","position":1,"name":"Accueil","item":"https:\/\/lasentinelle.dz\/"},{"@type":"ListItem","position":2,"name":"Politique\u00a0: Bengrina appelle au renforcement du front interne autour des institutions de l\u2019Etat"}]},{"@type":"WebSite","@id":"https:\/\/lasentinelle.dz\/#website","url":"https:\/\/lasentinelle.dz\/","name":"La Sentinelle","description":"Quotidien national d&#039;information","publisher":{"@id":"https:\/\/lasentinelle.dz\/#organization"},"potentialAction":[{"@type":"SearchAction","target":{"@type":"EntryPoint","urlTemplate":"https:\/\/lasentinelle.dz\/?s={search_term_string}"},"query-input":{"@type":"PropertyValueSpecification","valueRequired":true,"valueName":"search_term_string"}}],"inLanguage":"fr-FR"},{"@type":"Organization","@id":"https:\/\/lasentinelle.dz\/#organization","name":"Quotidien La Sentinelle","url":"https:\/\/lasentinelle.dz\/","logo":{"@type":"ImageObject","inLanguage":"fr-FR","@id":"https:\/\/lasentinelle.dz\/#\/schema\/logo\/image\/","url":"https:\/\/lasentinelle.dz\/wp-content\/uploads\/2021\/09\/logo-sentinelleSLOGAN-1.png","contentUrl":"https:\/\/lasentinelle.dz\/wp-content\/uploads\/2021\/09\/logo-sentinelleSLOGAN-1.png","width":615,"height":142,"caption":"Quotidien La Sentinelle"},"image":{"@id":"https:\/\/lasentinelle.dz\/#\/schema\/logo\/image\/"},"sameAs":["https:\/\/www.facebook.com\/La-Sentinelle-104059864394773"]},{"@type":"Person","@id":"https:\/\/lasentinelle.dz\/#\/schema\/person\/d865044e22e70a75174ce8bcad3acfb3","name":"La Sentinelle","image":{"@type":"ImageObject","inLanguage":"fr-FR","@id":"https:\/\/secure.gravatar.com\/avatar\/57de8e5d4b15d43fb361a71fbb36338450fe67865b528a43dd10ef7c51a20392?s=96&d=mm&r=g","url":"https:\/\/secure.gravatar.com\/avatar\/57de8e5d4b15d43fb361a71fbb36338450fe67865b528a43dd10ef7c51a20392?s=96&d=mm&r=g","contentUrl":"https:\/\/secure.gravatar.com\/avatar\/57de8e5d4b15d43fb361a71fbb36338450fe67865b528a43dd10ef7c51a20392?s=96&d=mm&r=g","caption":"La Sentinelle"},"sameAs":["http:\/\/www.lasentinelle.dz"],"url":"https:\/\/lasentinelle.dz\/author\/redaction\/"}]}},"_links":{"self":[{"href":"https:\/\/lasentinelle.dz\/index.php\/wp-json\/wp\/v2\/posts\/29367","targetHints":{"allow":["GET"]}}],"collection":[{"href":"https:\/\/lasentinelle.dz\/index.php\/wp-json\/wp\/v2\/posts"}],"about":[{"href":"https:\/\/lasentinelle.dz\/index.php\/wp-json\/wp\/v2\/types\/post"}],"author":[{"embeddable":true,"href":"https:\/\/lasentinelle.dz\/index.php\/wp-json\/wp\/v2\/users\/3"}],"replies":[{"embeddable":true,"href":"https:\/\/lasentinelle.dz\/index.php\/wp-json\/wp\/v2\/comments?post=29367"}],"version-history":[{"count":1,"href":"https:\/\/lasentinelle.dz\/index.php\/wp-json\/wp\/v2\/posts\/29367\/revisions"}],"predecessor-version":[{"id":29388,"href":"https:\/\/lasentinelle.dz\/index.php\/wp-json\/wp\/v2\/posts\/29367\/revisions\/29388"}],"wp:featuredmedia":[{"embeddable":true,"href":"https:\/\/lasentinelle.dz\/index.php\/wp-json\/wp\/v2\/media\/29387"}],"wp:attachment":[{"href":"https:\/\/lasentinelle.dz\/index.php\/wp-json\/wp\/v2\/media?parent=29367"}],"wp:term":[{"taxonomy":"category","embeddable":true,"href":"https:\/\/lasentinelle.dz\/index.php\/wp-json\/wp\/v2\/categories?post=29367"},{"taxonomy":"post_tag","embeddable":true,"href":"https:\/\/lasentinelle.dz\/index.php\/wp-json\/wp\/v2\/tags?post=29367"}],"curies":[{"name":"wp","href":"https:\/\/api.w.org\/{rel}","templated":true}]}}