{"id":29467,"date":"2022-10-23T22:05:00","date_gmt":"2022-10-23T21:05:00","guid":{"rendered":"https:\/\/lasentinelle.dz\/?p=29467"},"modified":"2022-10-23T21:36:07","modified_gmt":"2022-10-23T20:36:07","slug":"echanges-commerciaux-avec-la-gzale-en-deca-du-potentiel-reel","status":"publish","type":"post","link":"https:\/\/lasentinelle.dz\/index.php\/2022\/10\/23\/echanges-commerciaux-avec-la-gzale-en-deca-du-potentiel-reel\/","title":{"rendered":"\u00c9changes commerciaux avec la Gzale\u00a0: En de\u00e7\u00e0 du potentiel r\u00e9el"},"content":{"rendered":"\n<p>Bien qu\u2019ayant augment\u00e9 depuis l\u2019adh\u00e9sion de l\u2019Alg\u00e9rie \u00e0 Grande Zone de libre-\u00e9change arabe, les \u00e9changes commerciaux entre l\u2019Alg\u00e9rie et les pays de la r\u00e9gion reste en-de\u00e7\u00e0 du potentiel. Le fait est que les exportations de l\u2019Alg\u00e9rie vers cette zone ne repr\u00e9sentent que 6% de l\u2019ensemble de ses exportations, les importations \u00e0 partir de cette zone restant limit\u00e9. C\u2019est ce qui ressort du bilan \u00e9tabli par les services du minist\u00e8re du Commerce et de la Promotion des exportations. Dans une d\u00e9claration \u00e0 l\u2019APS, le sous-directeur de la Gzale et de la Zlecaf au minist\u00e8re du commerce et de la promotion des exportations, Abdelaziz Boucha, a indiqu\u00e9 que la moyenne des \u00e9changes commerciaux entre l&rsquo;Alg\u00e9rie et les pays arabes, depuis son adh\u00e9sion \u00e0 la Grande zone arabe de libre \u00e9change (GZALE) en 2009 jusqu&rsquo;\u00e0 l&rsquo;ann\u00e9e derni\u00e8re, a atteint une moyenne 4,7 milliards de dollars\/an. Il pr\u00e9cise que ces \u00e9changes commerciaux ont enregistr\u00e9 des seuils minimum en 2009 de pr\u00e8s de 3 milliards de dollars et un pic en &nbsp;2013\u00e0 6,7 milliards de dollars.Entre 2009 et 2021, la valeur moyenne de ces exportations a d\u00e9pass\u00e9 3,3 milliards de dollars\/an, soit 6% de la valeur globale des exportations commerciales alg\u00e9riennes vers le monde au cours de la m\u00eame p\u00e9riode.Quant aux importations alg\u00e9riennes en provenance des pays de la r\u00e9gion, elles ont atteint en moyenne 2,4 milliards de dollars\/an durant la m\u00eame p\u00e9riode.<\/p>\n\n\n\n<p>Soucieuse d&rsquo;honorer ses engagements relatifs notamment \u00e0 l&rsquo;\u00e9change des produits sans droits de douanes au sein de la GZALE, et afin de renforcer la coop\u00e9ration arabe commune, l&rsquo;Alg\u00e9rie a annul\u00e9, d\u00e9but 2022, l&rsquo;application de la liste n\u00e9gative des produits exclus de la franchise de droits de douanes, une mesure en vigueur depuis 2010.<\/p>\n\n\n\n<p>De son c\u00f4t\u00e9, la sous-directrice des relations commerciales entre les pays arabes et d&rsquo;Afrique au minist\u00e8re, Ahlem Rahmani a d\u00e9clar\u00e9 \u00e0 l&rsquo;APS que la valeur des exportations de l&rsquo;Alg\u00e9rie vers les pays arabes s&rsquo;\u00e9tait \u00e9lev\u00e9e en 2021 \u00e0 2,24 milliards de dollars contre des importations de 2,54 milliards de dollars.Les marchandises \u00e9chang\u00e9es dans le cadre de la GZALE concernent divers produits dans les domaines industriel, agricole, \u00e9nerg\u00e9tique et culturel.Les exportations de l&rsquo;Alg\u00e9rie vers ces pays consistent principalement en des d\u00e9riv\u00e9s des hydrocarbures (huiles min\u00e9rales, caoutchouc.. etc), des produits m\u00e9tallurgiques, des mat\u00e9riels et \u00e9quipements \u00e9lectriques, des denr\u00e9es alimentaires comme le sucre et les fruits et l\u00e9gumes.Quant aux importations de l&rsquo;Alg\u00e9rie provenant de ces pays, elles sont compos\u00e9es des engrais, des mat\u00e9riels et engins m\u00e9caniques, des produits plastiques, des produits chimiques organiques, l&rsquo;acier, les livres et les ouvrages. Ce qui d\u00e9montre tout le potentiel que l\u2019Alg\u00e9rie peut exploiter pour am\u00e9liorer ses exportations, notamment vers cette zone. En ce sens, M. Boucha a estim\u00e9 que l&rsquo;Alg\u00e9rie peut exploiter les potentialit\u00e9s disponibles \u00e0 travers l&rsquo;am\u00e9lioration de la comp\u00e9titivit\u00e9 du produit alg\u00e9rien, le renforcement du tissu industriel et la cons\u00e9cration de la culture de la production destin\u00e9e \u00e0 l&rsquo;exportation aupr\u00e8s des op\u00e9rateurs \u00e9conomiques alg\u00e9riens, une d\u00e9marche devant permettre \u00e0 l&rsquo;Alg\u00e9rie de renforcer sa place et sa pr\u00e9sence dans les march\u00e9s arabes.L&rsquo;Alg\u00e9rie doit tirer parti de la proximit\u00e9 et de la similarit\u00e9 des exigences des march\u00e9s arabes avec les produits alg\u00e9riens et r\u00e9orienter ses exportations en direction de ces march\u00e9s, a-t-il dit.<\/p>\n\n\n\n<p>R.N.<\/p>\n","protected":false},"excerpt":{"rendered":"<p>Bien qu\u2019ayant augment\u00e9 depuis l\u2019adh\u00e9sion de l\u2019Alg\u00e9rie \u00e0 Grande Zone de libre-\u00e9change arabe, les \u00e9changes commerciaux entre l\u2019Alg\u00e9rie et les<\/p>\n","protected":false},"author":3,"featured_media":29472,"comment_status":"open","ping_status":"closed","sticky":false,"template":"","format":"standard","meta":{"colormag_page_container_layout":"default_layout","colormag_page_sidebar_layout":"default_layout","om_disable_all_campaigns":false,"_monsterinsights_skip_tracking":false,"_monsterinsights_sitenote_active":false,"_monsterinsights_sitenote_note":"","_monsterinsights_sitenote_category":0,"footnotes":"","_wpscppro_dont_share_socialmedia":false,"_wpscppro_custom_social_share_image":0,"_facebook_share_type":"","_twitter_share_type":"","_linkedin_share_type":"","_pinterest_share_type":"","_linkedin_share_type_page":"","_instagram_share_type":"","_medium_share_type":"","_threads_share_type":"","_google_business_share_type":"","_selected_social_profile":[],"_wpsp_enable_custom_social_template":false,"_wpsp_social_scheduling":{"enabled":false,"datetime":null,"platforms":[],"status":"template_only","dateOption":"today","timeOption":"now","customDays":"","customHours":"","customDate":"","customTime":"","schedulingType":"absolute"},"_wpsp_active_default_template":true},"categories":[27],"tags":[],"class_list":["post-29467","post","type-post","status-publish","format-standard","has-post-thumbnail","hentry","category-actualite"],"aioseo_notices":[],"yoast_head":"<!-- This site is optimized with the Yoast SEO plugin v27.5 - https:\/\/yoast.com\/product\/yoast-seo-wordpress\/ -->\n<title>\u00c9changes commerciaux avec la Gzale\u00a0: En de\u00e7\u00e0 du potentiel r\u00e9el - La Sentinelle<\/title>\n<meta name=\"robots\" content=\"index, follow, max-snippet:-1, max-image-preview:large, max-video-preview:-1\" \/>\n<link rel=\"canonical\" href=\"https:\/\/lasentinelle.dz\/index.php\/2022\/10\/23\/echanges-commerciaux-avec-la-gzale-en-deca-du-potentiel-reel\/\" \/>\n<meta property=\"og:locale\" content=\"fr_FR\" \/>\n<meta property=\"og:type\" content=\"article\" \/>\n<meta property=\"og:title\" content=\"\u00c9changes commerciaux avec la Gzale\u00a0: En de\u00e7\u00e0 du potentiel r\u00e9el - La Sentinelle\" \/>\n<meta property=\"og:description\" content=\"Bien qu\u2019ayant augment\u00e9 depuis l\u2019adh\u00e9sion de l\u2019Alg\u00e9rie \u00e0 Grande Zone de libre-\u00e9change arabe, les \u00e9changes commerciaux entre l\u2019Alg\u00e9rie et les\" \/>\n<meta property=\"og:url\" content=\"https:\/\/lasentinelle.dz\/index.php\/2022\/10\/23\/echanges-commerciaux-avec-la-gzale-en-deca-du-potentiel-reel\/\" \/>\n<meta property=\"og:site_name\" content=\"La Sentinelle\" \/>\n<meta property=\"article:publisher\" content=\"https:\/\/www.facebook.com\/La-Sentinelle-104059864394773\" \/>\n<meta property=\"article:published_time\" content=\"2022-10-23T21:05:00+00:00\" \/>\n<meta property=\"og:image\" content=\"https:\/\/lasentinelle.dz\/wp-content\/uploads\/2022\/10\/image_2022-10-23_213323913.png\" \/>\n\t<meta property=\"og:image:width\" content=\"580\" \/>\n\t<meta property=\"og:image:height\" content=\"350\" \/>\n\t<meta property=\"og:image:type\" content=\"image\/png\" \/>\n<meta name=\"author\" content=\"La Sentinelle\" \/>\n<meta name=\"twitter:card\" content=\"summary_large_image\" \/>\n<meta name=\"twitter:label1\" content=\"\u00c9crit par\" \/>\n\t<meta name=\"twitter:data1\" content=\"La Sentinelle\" \/>\n\t<meta name=\"twitter:label2\" content=\"Dur\u00e9e de lecture estim\u00e9e\" \/>\n\t<meta name=\"twitter:data2\" content=\"3 minutes\" \/>\n<script type=\"application\/ld+json\" class=\"yoast-schema-graph\">{\"@context\":\"https:\\\/\\\/schema.org\",\"@graph\":[{\"@type\":\"Article\",\"@id\":\"https:\\\/\\\/lasentinelle.dz\\\/index.php\\\/2022\\\/10\\\/23\\\/echanges-commerciaux-avec-la-gzale-en-deca-du-potentiel-reel\\\/#article\",\"isPartOf\":{\"@id\":\"https:\\\/\\\/lasentinelle.dz\\\/index.php\\\/2022\\\/10\\\/23\\\/echanges-commerciaux-avec-la-gzale-en-deca-du-potentiel-reel\\\/\"},\"author\":{\"name\":\"La Sentinelle\",\"@id\":\"https:\\\/\\\/lasentinelle.dz\\\/#\\\/schema\\\/person\\\/d865044e22e70a75174ce8bcad3acfb3\"},\"headline\":\"\u00c9changes commerciaux avec la Gzale\u00a0: En de\u00e7\u00e0 du potentiel r\u00e9el\",\"datePublished\":\"2022-10-23T21:05:00+00:00\",\"mainEntityOfPage\":{\"@id\":\"https:\\\/\\\/lasentinelle.dz\\\/index.php\\\/2022\\\/10\\\/23\\\/echanges-commerciaux-avec-la-gzale-en-deca-du-potentiel-reel\\\/\"},\"wordCount\":619,\"commentCount\":0,\"publisher\":{\"@id\":\"https:\\\/\\\/lasentinelle.dz\\\/#organization\"},\"image\":{\"@id\":\"https:\\\/\\\/lasentinelle.dz\\\/index.php\\\/2022\\\/10\\\/23\\\/echanges-commerciaux-avec-la-gzale-en-deca-du-potentiel-reel\\\/#primaryimage\"},\"thumbnailUrl\":\"https:\\\/\\\/lasentinelle.dz\\\/wp-content\\\/uploads\\\/2022\\\/10\\\/image_2022-10-23_213323913.png\",\"articleSection\":[\"Actualit\u00e9\"],\"inLanguage\":\"fr-FR\",\"potentialAction\":[{\"@type\":\"CommentAction\",\"name\":\"Comment\",\"target\":[\"https:\\\/\\\/lasentinelle.dz\\\/index.php\\\/2022\\\/10\\\/23\\\/echanges-commerciaux-avec-la-gzale-en-deca-du-potentiel-reel\\\/#respond\"]}]},{\"@type\":\"WebPage\",\"@id\":\"https:\\\/\\\/lasentinelle.dz\\\/index.php\\\/2022\\\/10\\\/23\\\/echanges-commerciaux-avec-la-gzale-en-deca-du-potentiel-reel\\\/\",\"url\":\"https:\\\/\\\/lasentinelle.dz\\\/index.php\\\/2022\\\/10\\\/23\\\/echanges-commerciaux-avec-la-gzale-en-deca-du-potentiel-reel\\\/\",\"name\":\"\u00c9changes commerciaux avec la Gzale\u00a0: En de\u00e7\u00e0 du potentiel r\u00e9el - La Sentinelle\",\"isPartOf\":{\"@id\":\"https:\\\/\\\/lasentinelle.dz\\\/#website\"},\"primaryImageOfPage\":{\"@id\":\"https:\\\/\\\/lasentinelle.dz\\\/index.php\\\/2022\\\/10\\\/23\\\/echanges-commerciaux-avec-la-gzale-en-deca-du-potentiel-reel\\\/#primaryimage\"},\"image\":{\"@id\":\"https:\\\/\\\/lasentinelle.dz\\\/index.php\\\/2022\\\/10\\\/23\\\/echanges-commerciaux-avec-la-gzale-en-deca-du-potentiel-reel\\\/#primaryimage\"},\"thumbnailUrl\":\"https:\\\/\\\/lasentinelle.dz\\\/wp-content\\\/uploads\\\/2022\\\/10\\\/image_2022-10-23_213323913.png\",\"datePublished\":\"2022-10-23T21:05:00+00:00\",\"breadcrumb\":{\"@id\":\"https:\\\/\\\/lasentinelle.dz\\\/index.php\\\/2022\\\/10\\\/23\\\/echanges-commerciaux-avec-la-gzale-en-deca-du-potentiel-reel\\\/#breadcrumb\"},\"inLanguage\":\"fr-FR\",\"potentialAction\":[{\"@type\":\"ReadAction\",\"target\":[\"https:\\\/\\\/lasentinelle.dz\\\/index.php\\\/2022\\\/10\\\/23\\\/echanges-commerciaux-avec-la-gzale-en-deca-du-potentiel-reel\\\/\"]}]},{\"@type\":\"ImageObject\",\"inLanguage\":\"fr-FR\",\"@id\":\"https:\\\/\\\/lasentinelle.dz\\\/index.php\\\/2022\\\/10\\\/23\\\/echanges-commerciaux-avec-la-gzale-en-deca-du-potentiel-reel\\\/#primaryimage\",\"url\":\"https:\\\/\\\/lasentinelle.dz\\\/wp-content\\\/uploads\\\/2022\\\/10\\\/image_2022-10-23_213323913.png\",\"contentUrl\":\"https:\\\/\\\/lasentinelle.dz\\\/wp-content\\\/uploads\\\/2022\\\/10\\\/image_2022-10-23_213323913.png\",\"width\":580,\"height\":350},{\"@type\":\"BreadcrumbList\",\"@id\":\"https:\\\/\\\/lasentinelle.dz\\\/index.php\\\/2022\\\/10\\\/23\\\/echanges-commerciaux-avec-la-gzale-en-deca-du-potentiel-reel\\\/#breadcrumb\",\"itemListElement\":[{\"@type\":\"ListItem\",\"position\":1,\"name\":\"Accueil\",\"item\":\"https:\\\/\\\/lasentinelle.dz\\\/\"},{\"@type\":\"ListItem\",\"position\":2,\"name\":\"\u00c9changes commerciaux avec la Gzale\u00a0: En de\u00e7\u00e0 du potentiel r\u00e9el\"}]},{\"@type\":\"WebSite\",\"@id\":\"https:\\\/\\\/lasentinelle.dz\\\/#website\",\"url\":\"https:\\\/\\\/lasentinelle.dz\\\/\",\"name\":\"La Sentinelle\",\"description\":\"Quotidien national d&#039;information\",\"publisher\":{\"@id\":\"https:\\\/\\\/lasentinelle.dz\\\/#organization\"},\"potentialAction\":[{\"@type\":\"SearchAction\",\"target\":{\"@type\":\"EntryPoint\",\"urlTemplate\":\"https:\\\/\\\/lasentinelle.dz\\\/?s={search_term_string}\"},\"query-input\":{\"@type\":\"PropertyValueSpecification\",\"valueRequired\":true,\"valueName\":\"search_term_string\"}}],\"inLanguage\":\"fr-FR\"},{\"@type\":\"Organization\",\"@id\":\"https:\\\/\\\/lasentinelle.dz\\\/#organization\",\"name\":\"Quotidien La Sentinelle\",\"url\":\"https:\\\/\\\/lasentinelle.dz\\\/\",\"logo\":{\"@type\":\"ImageObject\",\"inLanguage\":\"fr-FR\",\"@id\":\"https:\\\/\\\/lasentinelle.dz\\\/#\\\/schema\\\/logo\\\/image\\\/\",\"url\":\"https:\\\/\\\/lasentinelle.dz\\\/wp-content\\\/uploads\\\/2021\\\/09\\\/logo-sentinelleSLOGAN-1.png\",\"contentUrl\":\"https:\\\/\\\/lasentinelle.dz\\\/wp-content\\\/uploads\\\/2021\\\/09\\\/logo-sentinelleSLOGAN-1.png\",\"width\":615,\"height\":142,\"caption\":\"Quotidien La Sentinelle\"},\"image\":{\"@id\":\"https:\\\/\\\/lasentinelle.dz\\\/#\\\/schema\\\/logo\\\/image\\\/\"},\"sameAs\":[\"https:\\\/\\\/www.facebook.com\\\/La-Sentinelle-104059864394773\"]},{\"@type\":\"Person\",\"@id\":\"https:\\\/\\\/lasentinelle.dz\\\/#\\\/schema\\\/person\\\/d865044e22e70a75174ce8bcad3acfb3\",\"name\":\"La Sentinelle\",\"image\":{\"@type\":\"ImageObject\",\"inLanguage\":\"fr-FR\",\"@id\":\"https:\\\/\\\/secure.gravatar.com\\\/avatar\\\/57de8e5d4b15d43fb361a71fbb36338450fe67865b528a43dd10ef7c51a20392?s=96&d=mm&r=g\",\"url\":\"https:\\\/\\\/secure.gravatar.com\\\/avatar\\\/57de8e5d4b15d43fb361a71fbb36338450fe67865b528a43dd10ef7c51a20392?s=96&d=mm&r=g\",\"contentUrl\":\"https:\\\/\\\/secure.gravatar.com\\\/avatar\\\/57de8e5d4b15d43fb361a71fbb36338450fe67865b528a43dd10ef7c51a20392?s=96&d=mm&r=g\",\"caption\":\"La Sentinelle\"},\"sameAs\":[\"http:\\\/\\\/www.lasentinelle.dz\"],\"url\":\"https:\\\/\\\/lasentinelle.dz\\\/author\\\/redaction\\\/\"}]}<\/script>\n<!-- \/ Yoast SEO plugin. -->","yoast_head_json":{"title":"\u00c9changes commerciaux avec la Gzale\u00a0: En de\u00e7\u00e0 du potentiel r\u00e9el - La Sentinelle","robots":{"index":"index","follow":"follow","max-snippet":"max-snippet:-1","max-image-preview":"max-image-preview:large","max-video-preview":"max-video-preview:-1"},"canonical":"https:\/\/lasentinelle.dz\/index.php\/2022\/10\/23\/echanges-commerciaux-avec-la-gzale-en-deca-du-potentiel-reel\/","og_locale":"fr_FR","og_type":"article","og_title":"\u00c9changes commerciaux avec la Gzale\u00a0: En de\u00e7\u00e0 du potentiel r\u00e9el - La Sentinelle","og_description":"Bien qu\u2019ayant augment\u00e9 depuis l\u2019adh\u00e9sion de l\u2019Alg\u00e9rie \u00e0 Grande Zone de libre-\u00e9change arabe, les \u00e9changes commerciaux entre l\u2019Alg\u00e9rie et les","og_url":"https:\/\/lasentinelle.dz\/index.php\/2022\/10\/23\/echanges-commerciaux-avec-la-gzale-en-deca-du-potentiel-reel\/","og_site_name":"La Sentinelle","article_publisher":"https:\/\/www.facebook.com\/La-Sentinelle-104059864394773","article_published_time":"2022-10-23T21:05:00+00:00","og_image":[{"width":580,"height":350,"url":"https:\/\/lasentinelle.dz\/wp-content\/uploads\/2022\/10\/image_2022-10-23_213323913.png","type":"image\/png"}],"author":"La Sentinelle","twitter_card":"summary_large_image","twitter_misc":{"\u00c9crit par":"La Sentinelle","Dur\u00e9e de lecture estim\u00e9e":"3 minutes"},"schema":{"@context":"https:\/\/schema.org","@graph":[{"@type":"Article","@id":"https:\/\/lasentinelle.dz\/index.php\/2022\/10\/23\/echanges-commerciaux-avec-la-gzale-en-deca-du-potentiel-reel\/#article","isPartOf":{"@id":"https:\/\/lasentinelle.dz\/index.php\/2022\/10\/23\/echanges-commerciaux-avec-la-gzale-en-deca-du-potentiel-reel\/"},"author":{"name":"La Sentinelle","@id":"https:\/\/lasentinelle.dz\/#\/schema\/person\/d865044e22e70a75174ce8bcad3acfb3"},"headline":"\u00c9changes commerciaux avec la Gzale\u00a0: En de\u00e7\u00e0 du potentiel r\u00e9el","datePublished":"2022-10-23T21:05:00+00:00","mainEntityOfPage":{"@id":"https:\/\/lasentinelle.dz\/index.php\/2022\/10\/23\/echanges-commerciaux-avec-la-gzale-en-deca-du-potentiel-reel\/"},"wordCount":619,"commentCount":0,"publisher":{"@id":"https:\/\/lasentinelle.dz\/#organization"},"image":{"@id":"https:\/\/lasentinelle.dz\/index.php\/2022\/10\/23\/echanges-commerciaux-avec-la-gzale-en-deca-du-potentiel-reel\/#primaryimage"},"thumbnailUrl":"https:\/\/lasentinelle.dz\/wp-content\/uploads\/2022\/10\/image_2022-10-23_213323913.png","articleSection":["Actualit\u00e9"],"inLanguage":"fr-FR","potentialAction":[{"@type":"CommentAction","name":"Comment","target":["https:\/\/lasentinelle.dz\/index.php\/2022\/10\/23\/echanges-commerciaux-avec-la-gzale-en-deca-du-potentiel-reel\/#respond"]}]},{"@type":"WebPage","@id":"https:\/\/lasentinelle.dz\/index.php\/2022\/10\/23\/echanges-commerciaux-avec-la-gzale-en-deca-du-potentiel-reel\/","url":"https:\/\/lasentinelle.dz\/index.php\/2022\/10\/23\/echanges-commerciaux-avec-la-gzale-en-deca-du-potentiel-reel\/","name":"\u00c9changes commerciaux avec la Gzale\u00a0: En de\u00e7\u00e0 du potentiel r\u00e9el - La Sentinelle","isPartOf":{"@id":"https:\/\/lasentinelle.dz\/#website"},"primaryImageOfPage":{"@id":"https:\/\/lasentinelle.dz\/index.php\/2022\/10\/23\/echanges-commerciaux-avec-la-gzale-en-deca-du-potentiel-reel\/#primaryimage"},"image":{"@id":"https:\/\/lasentinelle.dz\/index.php\/2022\/10\/23\/echanges-commerciaux-avec-la-gzale-en-deca-du-potentiel-reel\/#primaryimage"},"thumbnailUrl":"https:\/\/lasentinelle.dz\/wp-content\/uploads\/2022\/10\/image_2022-10-23_213323913.png","datePublished":"2022-10-23T21:05:00+00:00","breadcrumb":{"@id":"https:\/\/lasentinelle.dz\/index.php\/2022\/10\/23\/echanges-commerciaux-avec-la-gzale-en-deca-du-potentiel-reel\/#breadcrumb"},"inLanguage":"fr-FR","potentialAction":[{"@type":"ReadAction","target":["https:\/\/lasentinelle.dz\/index.php\/2022\/10\/23\/echanges-commerciaux-avec-la-gzale-en-deca-du-potentiel-reel\/"]}]},{"@type":"ImageObject","inLanguage":"fr-FR","@id":"https:\/\/lasentinelle.dz\/index.php\/2022\/10\/23\/echanges-commerciaux-avec-la-gzale-en-deca-du-potentiel-reel\/#primaryimage","url":"https:\/\/lasentinelle.dz\/wp-content\/uploads\/2022\/10\/image_2022-10-23_213323913.png","contentUrl":"https:\/\/lasentinelle.dz\/wp-content\/uploads\/2022\/10\/image_2022-10-23_213323913.png","width":580,"height":350},{"@type":"BreadcrumbList","@id":"https:\/\/lasentinelle.dz\/index.php\/2022\/10\/23\/echanges-commerciaux-avec-la-gzale-en-deca-du-potentiel-reel\/#breadcrumb","itemListElement":[{"@type":"ListItem","position":1,"name":"Accueil","item":"https:\/\/lasentinelle.dz\/"},{"@type":"ListItem","position":2,"name":"\u00c9changes commerciaux avec la Gzale\u00a0: En de\u00e7\u00e0 du potentiel r\u00e9el"}]},{"@type":"WebSite","@id":"https:\/\/lasentinelle.dz\/#website","url":"https:\/\/lasentinelle.dz\/","name":"La Sentinelle","description":"Quotidien national d&#039;information","publisher":{"@id":"https:\/\/lasentinelle.dz\/#organization"},"potentialAction":[{"@type":"SearchAction","target":{"@type":"EntryPoint","urlTemplate":"https:\/\/lasentinelle.dz\/?s={search_term_string}"},"query-input":{"@type":"PropertyValueSpecification","valueRequired":true,"valueName":"search_term_string"}}],"inLanguage":"fr-FR"},{"@type":"Organization","@id":"https:\/\/lasentinelle.dz\/#organization","name":"Quotidien La Sentinelle","url":"https:\/\/lasentinelle.dz\/","logo":{"@type":"ImageObject","inLanguage":"fr-FR","@id":"https:\/\/lasentinelle.dz\/#\/schema\/logo\/image\/","url":"https:\/\/lasentinelle.dz\/wp-content\/uploads\/2021\/09\/logo-sentinelleSLOGAN-1.png","contentUrl":"https:\/\/lasentinelle.dz\/wp-content\/uploads\/2021\/09\/logo-sentinelleSLOGAN-1.png","width":615,"height":142,"caption":"Quotidien La Sentinelle"},"image":{"@id":"https:\/\/lasentinelle.dz\/#\/schema\/logo\/image\/"},"sameAs":["https:\/\/www.facebook.com\/La-Sentinelle-104059864394773"]},{"@type":"Person","@id":"https:\/\/lasentinelle.dz\/#\/schema\/person\/d865044e22e70a75174ce8bcad3acfb3","name":"La Sentinelle","image":{"@type":"ImageObject","inLanguage":"fr-FR","@id":"https:\/\/secure.gravatar.com\/avatar\/57de8e5d4b15d43fb361a71fbb36338450fe67865b528a43dd10ef7c51a20392?s=96&d=mm&r=g","url":"https:\/\/secure.gravatar.com\/avatar\/57de8e5d4b15d43fb361a71fbb36338450fe67865b528a43dd10ef7c51a20392?s=96&d=mm&r=g","contentUrl":"https:\/\/secure.gravatar.com\/avatar\/57de8e5d4b15d43fb361a71fbb36338450fe67865b528a43dd10ef7c51a20392?s=96&d=mm&r=g","caption":"La Sentinelle"},"sameAs":["http:\/\/www.lasentinelle.dz"],"url":"https:\/\/lasentinelle.dz\/author\/redaction\/"}]}},"_links":{"self":[{"href":"https:\/\/lasentinelle.dz\/index.php\/wp-json\/wp\/v2\/posts\/29467","targetHints":{"allow":["GET"]}}],"collection":[{"href":"https:\/\/lasentinelle.dz\/index.php\/wp-json\/wp\/v2\/posts"}],"about":[{"href":"https:\/\/lasentinelle.dz\/index.php\/wp-json\/wp\/v2\/types\/post"}],"author":[{"embeddable":true,"href":"https:\/\/lasentinelle.dz\/index.php\/wp-json\/wp\/v2\/users\/3"}],"replies":[{"embeddable":true,"href":"https:\/\/lasentinelle.dz\/index.php\/wp-json\/wp\/v2\/comments?post=29467"}],"version-history":[{"count":1,"href":"https:\/\/lasentinelle.dz\/index.php\/wp-json\/wp\/v2\/posts\/29467\/revisions"}],"predecessor-version":[{"id":29475,"href":"https:\/\/lasentinelle.dz\/index.php\/wp-json\/wp\/v2\/posts\/29467\/revisions\/29475"}],"wp:featuredmedia":[{"embeddable":true,"href":"https:\/\/lasentinelle.dz\/index.php\/wp-json\/wp\/v2\/media\/29472"}],"wp:attachment":[{"href":"https:\/\/lasentinelle.dz\/index.php\/wp-json\/wp\/v2\/media?parent=29467"}],"wp:term":[{"taxonomy":"category","embeddable":true,"href":"https:\/\/lasentinelle.dz\/index.php\/wp-json\/wp\/v2\/categories?post=29467"},{"taxonomy":"post_tag","embeddable":true,"href":"https:\/\/lasentinelle.dz\/index.php\/wp-json\/wp\/v2\/tags?post=29467"}],"curies":[{"name":"wp","href":"https:\/\/api.w.org\/{rel}","templated":true}]}}