{"id":2947,"date":"2021-08-01T00:01:00","date_gmt":"2021-07-31T23:01:00","guid":{"rendered":"https:\/\/lasentinelle.dz\/?p=2947"},"modified":"2021-07-31T15:32:50","modified_gmt":"2021-07-31T14:32:50","slug":"constantine-65-des-zones-dombre-ciblees-par-une-caravane-de-sensibilisation","status":"publish","type":"post","link":"https:\/\/lasentinelle.dz\/index.php\/2021\/08\/01\/constantine-65-des-zones-dombre-ciblees-par-une-caravane-de-sensibilisation\/","title":{"rendered":"Constantine : 65 % des zones d\u2019ombre cibl\u00e9es par une caravane de sensibilisation"},"content":{"rendered":"\n<p>Soixante cinq (65) %, des zones d\u2019ombre de la wilaya de Constantine, ont \u00e9t\u00e9 cibl\u00e9es par un programme d\u2019envergure de la caravane mobile de sensibilisation sur la vaccination contre la pand\u00e9mie Covid -19, initi\u00e9 par la direction de l\u2019action sociale et de solidarit\u00e9 (DASS), ont indiqu\u00e9 jeudi \u00e0 l\u2019APS les responsables locaux du secteur.Dans la wilaya de Constantine et depuis mi -juillet en cours, date du lancement des actions de sensibilisation sur l\u2019importance de cette op\u00e9ration en particulier en cette conjoncture, marqu\u00e9e par un pic des cas de contamination, au moins 115 parmi les 200 zones d\u2019ombre, r\u00e9parties \u00e0 travers les douze (12) communes, ont \u00e9t\u00e9 jusqu\u2019\u00e0 pr\u00e9sent touch\u00e9es, a d\u00e9clar\u00e9 la directrice de l\u2019action sociale et de la solidarit\u00e9, Samia Gouah en marge de cette caravane qui a visit\u00e9, jeudi trois (3) zones d\u2019ombre de la wilaya.Il s\u2019agit des zones d\u2019ombre d\u2019El Djebass et de Taferent sur les hauteurs de la for\u00eat de Djebel Ouahch ( Constantine) et de la localit\u00e9 rurale Djama\u00e2 Tarcha \u00e0 proximit\u00e9 de l\u2019agglom\u00e9ration d\u2019El Meridj, l\u2019une des zones foresti\u00e8res relevant de la commune d\u2019El Khroub (Sud-Ouest de Constantine).Les mechtas de Sekraniya, d\u2019Ouled Djellal et d\u2019Ouled Mebarek dans la commune d\u2019Ain Abid, les villages d\u2019El Hambeli et de Beni Ya\u00e2goub dans la commune de Ben Badis ainsi que les zones rurales de Salah Derradji et de Guettar El Aich (El Khroub), figurent parmi les localit\u00e9s cibl\u00e9es dans le cadre des actions de sensibilisation, a-t-elle not\u00e9.La caravane mobile encadr\u00e9e par les cellules de proximit\u00e9 et de solidarit\u00e9 (CPS) relevant de l\u2019agence de d\u00e9veloppement social (ADS) compos\u00e9es de m\u00e9decins g\u00e9n\u00e9ralistes, de psychologues, de sociologues et d\u2019assistants sociaux, est inscrite dans le cadre des efforts d\u00e9ploy\u00e9s par le minist\u00e8re de la solidarit\u00e9 nationale, de la famille et de la condition de la femme en \u00e9troite collaboration avec celui de la sant\u00e9, de la population et des r\u00e9formes hospitali\u00e8res, ayant pour objectif \u00ab\u00a0primordial\u00a0\u00bb de r\u00e9duire les cas de propagation de ce virus, a affirm\u00e9 la m\u00eame responsable.Mme Gouah a fait savoir dans ce m\u00eame contexte que les zones urbaines et suburbaines figurent aussi dans le cadre de ces sorties sur le terrain pour cibler les personnes aux besoins sp\u00e9cifiques, les femmes aux foyers, les personnes \u00e2g\u00e9es et les malades chroniques, rappelant que l\u2019antenne locale de l\u2019ADS de Constantine dispose actuellement de quatre (4) CPS implant\u00e9es dans les villes de Constantine, d\u2019El Khroub, d\u2019Ibn Ziad et d\u2019Ain Abid.<\/p>\n\n\n\n<p>En outre, le plan d\u2019action mis en place par les services de la DAAS, dans le cadre de cette caravane consiste, en l\u2019information sur la n\u00e9cessit\u00e9 du respect du protocole sanitaire, les mesures barri\u00e8res et le confinement partiel, d\u00e9cid\u00e9s par les pouvoirs publics, a-t-elle dit.Ainsi, des actions de sensibilisation li\u00e9es au m\u00eame sujet, se poursuivent sur le territoire de la wilaya de Constantine, \u00e0 travers la mobilisation des \u00e9quipes pluridisciplinaires mobiles, par la direction de la sant\u00e9 et de la population (DSP), a d\u00e9clar\u00e9 \u00e0 l\u2019APS de son cot\u00e9 le directeur local du secteur, Abdelhamid Bouchelouche, soulignant que des campagnes de vaccination \u00e0 travers des pharmacies implant\u00e9es dans des zones d\u2019ombre seront lanc\u00e9es la semaine prochaine.Selon les chiffes du dernier bilan \u00e9tabli par les services de la DSP, de la wilaya de Constantine, plus de 6.500 cas confirm\u00e9s de Covid- 19, ont \u00e9t\u00e9 recens\u00e9s depuis l\u2019apparition de cette pand\u00e9mie en mars 2020 dont 270 nouveaux cas d\u00e9nombr\u00e9s durant les derni\u00e8res 48 heures.<\/p>\n\n\n\n<p>APS<\/p>\n","protected":false},"excerpt":{"rendered":"<p>Soixante cinq (65) %, des zones d\u2019ombre de la wilaya de Constantine, ont \u00e9t\u00e9 cibl\u00e9es par un programme d\u2019envergure de<\/p>\n","protected":false},"author":3,"featured_media":2948,"comment_status":"open","ping_status":"closed","sticky":false,"template":"","format":"standard","meta":{"colormag_page_container_layout":"default_layout","colormag_page_sidebar_layout":"default_layout","om_disable_all_campaigns":false,"_monsterinsights_skip_tracking":false,"_monsterinsights_sitenote_active":false,"_monsterinsights_sitenote_note":"","_monsterinsights_sitenote_category":0,"footnotes":"","_wpscppro_dont_share_socialmedia":false,"_wpscppro_custom_social_share_image":0,"_facebook_share_type":"","_twitter_share_type":"","_linkedin_share_type":"","_pinterest_share_type":"","_linkedin_share_type_page":"","_instagram_share_type":"","_medium_share_type":"","_threads_share_type":"","_google_business_share_type":"","_selected_social_profile":[],"_wpsp_enable_custom_social_template":false,"_wpsp_social_scheduling":{"enabled":false,"datetime":null,"platforms":[],"status":"template_only","dateOption":"today","timeOption":"now","customDays":"","customHours":"","customDate":"","customTime":"","schedulingType":"absolute"},"_wpsp_active_default_template":true},"categories":[31],"tags":[],"class_list":["post-2947","post","type-post","status-publish","format-standard","has-post-thumbnail","hentry","category-regions"],"aioseo_notices":[],"yoast_head":"<!-- This site is optimized with the Yoast SEO plugin v27.5 - https:\/\/yoast.com\/product\/yoast-seo-wordpress\/ -->\n<title>Constantine : 65 % des zones d\u2019ombre cibl\u00e9es par une caravane de sensibilisation - La Sentinelle<\/title>\n<meta name=\"robots\" content=\"index, follow, max-snippet:-1, max-image-preview:large, max-video-preview:-1\" \/>\n<link rel=\"canonical\" href=\"https:\/\/lasentinelle.dz\/index.php\/2021\/08\/01\/constantine-65-des-zones-dombre-ciblees-par-une-caravane-de-sensibilisation\/\" \/>\n<meta property=\"og:locale\" content=\"fr_FR\" \/>\n<meta property=\"og:type\" content=\"article\" \/>\n<meta property=\"og:title\" content=\"Constantine : 65 % des zones d\u2019ombre cibl\u00e9es par une caravane de sensibilisation - La Sentinelle\" \/>\n<meta property=\"og:description\" content=\"Soixante cinq (65) %, des zones d\u2019ombre de la wilaya de Constantine, ont \u00e9t\u00e9 cibl\u00e9es par un programme d\u2019envergure de\" \/>\n<meta property=\"og:url\" content=\"https:\/\/lasentinelle.dz\/index.php\/2021\/08\/01\/constantine-65-des-zones-dombre-ciblees-par-une-caravane-de-sensibilisation\/\" \/>\n<meta property=\"og:site_name\" content=\"La Sentinelle\" \/>\n<meta property=\"article:publisher\" content=\"https:\/\/www.facebook.com\/La-Sentinelle-104059864394773\" \/>\n<meta property=\"article:published_time\" content=\"2021-07-31T23:01:00+00:00\" \/>\n<meta property=\"og:image\" content=\"https:\/\/lasentinelle.dz\/wp-content\/uploads\/2021\/07\/vaccin01.png\" \/>\n\t<meta property=\"og:image:width\" content=\"1352\" \/>\n\t<meta property=\"og:image:height\" content=\"900\" \/>\n\t<meta property=\"og:image:type\" content=\"image\/png\" \/>\n<meta name=\"author\" content=\"La Sentinelle\" \/>\n<meta name=\"twitter:card\" content=\"summary_large_image\" \/>\n<meta name=\"twitter:label1\" content=\"\u00c9crit par\" \/>\n\t<meta name=\"twitter:data1\" content=\"La Sentinelle\" \/>\n\t<meta name=\"twitter:label2\" content=\"Dur\u00e9e de lecture estim\u00e9e\" \/>\n\t<meta name=\"twitter:data2\" content=\"3 minutes\" \/>\n<script type=\"application\/ld+json\" class=\"yoast-schema-graph\">{\"@context\":\"https:\\\/\\\/schema.org\",\"@graph\":[{\"@type\":\"Article\",\"@id\":\"https:\\\/\\\/lasentinelle.dz\\\/index.php\\\/2021\\\/08\\\/01\\\/constantine-65-des-zones-dombre-ciblees-par-une-caravane-de-sensibilisation\\\/#article\",\"isPartOf\":{\"@id\":\"https:\\\/\\\/lasentinelle.dz\\\/index.php\\\/2021\\\/08\\\/01\\\/constantine-65-des-zones-dombre-ciblees-par-une-caravane-de-sensibilisation\\\/\"},\"author\":{\"name\":\"La Sentinelle\",\"@id\":\"https:\\\/\\\/lasentinelle.dz\\\/#\\\/schema\\\/person\\\/d865044e22e70a75174ce8bcad3acfb3\"},\"headline\":\"Constantine : 65 % des zones d\u2019ombre cibl\u00e9es par une caravane de sensibilisation\",\"datePublished\":\"2021-07-31T23:01:00+00:00\",\"mainEntityOfPage\":{\"@id\":\"https:\\\/\\\/lasentinelle.dz\\\/index.php\\\/2021\\\/08\\\/01\\\/constantine-65-des-zones-dombre-ciblees-par-une-caravane-de-sensibilisation\\\/\"},\"wordCount\":638,\"commentCount\":0,\"publisher\":{\"@id\":\"https:\\\/\\\/lasentinelle.dz\\\/#organization\"},\"image\":{\"@id\":\"https:\\\/\\\/lasentinelle.dz\\\/index.php\\\/2021\\\/08\\\/01\\\/constantine-65-des-zones-dombre-ciblees-par-une-caravane-de-sensibilisation\\\/#primaryimage\"},\"thumbnailUrl\":\"https:\\\/\\\/lasentinelle.dz\\\/wp-content\\\/uploads\\\/2021\\\/07\\\/vaccin01.png\",\"articleSection\":[\"R\u00e9gions\"],\"inLanguage\":\"fr-FR\",\"potentialAction\":[{\"@type\":\"CommentAction\",\"name\":\"Comment\",\"target\":[\"https:\\\/\\\/lasentinelle.dz\\\/index.php\\\/2021\\\/08\\\/01\\\/constantine-65-des-zones-dombre-ciblees-par-une-caravane-de-sensibilisation\\\/#respond\"]}]},{\"@type\":\"WebPage\",\"@id\":\"https:\\\/\\\/lasentinelle.dz\\\/index.php\\\/2021\\\/08\\\/01\\\/constantine-65-des-zones-dombre-ciblees-par-une-caravane-de-sensibilisation\\\/\",\"url\":\"https:\\\/\\\/lasentinelle.dz\\\/index.php\\\/2021\\\/08\\\/01\\\/constantine-65-des-zones-dombre-ciblees-par-une-caravane-de-sensibilisation\\\/\",\"name\":\"Constantine : 65 % des zones d\u2019ombre cibl\u00e9es par une caravane de sensibilisation - La Sentinelle\",\"isPartOf\":{\"@id\":\"https:\\\/\\\/lasentinelle.dz\\\/#website\"},\"primaryImageOfPage\":{\"@id\":\"https:\\\/\\\/lasentinelle.dz\\\/index.php\\\/2021\\\/08\\\/01\\\/constantine-65-des-zones-dombre-ciblees-par-une-caravane-de-sensibilisation\\\/#primaryimage\"},\"image\":{\"@id\":\"https:\\\/\\\/lasentinelle.dz\\\/index.php\\\/2021\\\/08\\\/01\\\/constantine-65-des-zones-dombre-ciblees-par-une-caravane-de-sensibilisation\\\/#primaryimage\"},\"thumbnailUrl\":\"https:\\\/\\\/lasentinelle.dz\\\/wp-content\\\/uploads\\\/2021\\\/07\\\/vaccin01.png\",\"datePublished\":\"2021-07-31T23:01:00+00:00\",\"breadcrumb\":{\"@id\":\"https:\\\/\\\/lasentinelle.dz\\\/index.php\\\/2021\\\/08\\\/01\\\/constantine-65-des-zones-dombre-ciblees-par-une-caravane-de-sensibilisation\\\/#breadcrumb\"},\"inLanguage\":\"fr-FR\",\"potentialAction\":[{\"@type\":\"ReadAction\",\"target\":[\"https:\\\/\\\/lasentinelle.dz\\\/index.php\\\/2021\\\/08\\\/01\\\/constantine-65-des-zones-dombre-ciblees-par-une-caravane-de-sensibilisation\\\/\"]}]},{\"@type\":\"ImageObject\",\"inLanguage\":\"fr-FR\",\"@id\":\"https:\\\/\\\/lasentinelle.dz\\\/index.php\\\/2021\\\/08\\\/01\\\/constantine-65-des-zones-dombre-ciblees-par-une-caravane-de-sensibilisation\\\/#primaryimage\",\"url\":\"https:\\\/\\\/lasentinelle.dz\\\/wp-content\\\/uploads\\\/2021\\\/07\\\/vaccin01.png\",\"contentUrl\":\"https:\\\/\\\/lasentinelle.dz\\\/wp-content\\\/uploads\\\/2021\\\/07\\\/vaccin01.png\",\"width\":1352,\"height\":900},{\"@type\":\"BreadcrumbList\",\"@id\":\"https:\\\/\\\/lasentinelle.dz\\\/index.php\\\/2021\\\/08\\\/01\\\/constantine-65-des-zones-dombre-ciblees-par-une-caravane-de-sensibilisation\\\/#breadcrumb\",\"itemListElement\":[{\"@type\":\"ListItem\",\"position\":1,\"name\":\"Accueil\",\"item\":\"https:\\\/\\\/lasentinelle.dz\\\/\"},{\"@type\":\"ListItem\",\"position\":2,\"name\":\"Constantine : 65 % des zones d\u2019ombre cibl\u00e9es par une caravane de sensibilisation\"}]},{\"@type\":\"WebSite\",\"@id\":\"https:\\\/\\\/lasentinelle.dz\\\/#website\",\"url\":\"https:\\\/\\\/lasentinelle.dz\\\/\",\"name\":\"La Sentinelle\",\"description\":\"Quotidien national d&#039;information\",\"publisher\":{\"@id\":\"https:\\\/\\\/lasentinelle.dz\\\/#organization\"},\"potentialAction\":[{\"@type\":\"SearchAction\",\"target\":{\"@type\":\"EntryPoint\",\"urlTemplate\":\"https:\\\/\\\/lasentinelle.dz\\\/?s={search_term_string}\"},\"query-input\":{\"@type\":\"PropertyValueSpecification\",\"valueRequired\":true,\"valueName\":\"search_term_string\"}}],\"inLanguage\":\"fr-FR\"},{\"@type\":\"Organization\",\"@id\":\"https:\\\/\\\/lasentinelle.dz\\\/#organization\",\"name\":\"Quotidien La Sentinelle\",\"url\":\"https:\\\/\\\/lasentinelle.dz\\\/\",\"logo\":{\"@type\":\"ImageObject\",\"inLanguage\":\"fr-FR\",\"@id\":\"https:\\\/\\\/lasentinelle.dz\\\/#\\\/schema\\\/logo\\\/image\\\/\",\"url\":\"https:\\\/\\\/lasentinelle.dz\\\/wp-content\\\/uploads\\\/2021\\\/09\\\/logo-sentinelleSLOGAN-1.png\",\"contentUrl\":\"https:\\\/\\\/lasentinelle.dz\\\/wp-content\\\/uploads\\\/2021\\\/09\\\/logo-sentinelleSLOGAN-1.png\",\"width\":615,\"height\":142,\"caption\":\"Quotidien La Sentinelle\"},\"image\":{\"@id\":\"https:\\\/\\\/lasentinelle.dz\\\/#\\\/schema\\\/logo\\\/image\\\/\"},\"sameAs\":[\"https:\\\/\\\/www.facebook.com\\\/La-Sentinelle-104059864394773\"]},{\"@type\":\"Person\",\"@id\":\"https:\\\/\\\/lasentinelle.dz\\\/#\\\/schema\\\/person\\\/d865044e22e70a75174ce8bcad3acfb3\",\"name\":\"La Sentinelle\",\"image\":{\"@type\":\"ImageObject\",\"inLanguage\":\"fr-FR\",\"@id\":\"https:\\\/\\\/secure.gravatar.com\\\/avatar\\\/57de8e5d4b15d43fb361a71fbb36338450fe67865b528a43dd10ef7c51a20392?s=96&d=mm&r=g\",\"url\":\"https:\\\/\\\/secure.gravatar.com\\\/avatar\\\/57de8e5d4b15d43fb361a71fbb36338450fe67865b528a43dd10ef7c51a20392?s=96&d=mm&r=g\",\"contentUrl\":\"https:\\\/\\\/secure.gravatar.com\\\/avatar\\\/57de8e5d4b15d43fb361a71fbb36338450fe67865b528a43dd10ef7c51a20392?s=96&d=mm&r=g\",\"caption\":\"La Sentinelle\"},\"sameAs\":[\"http:\\\/\\\/www.lasentinelle.dz\"],\"url\":\"https:\\\/\\\/lasentinelle.dz\\\/author\\\/redaction\\\/\"}]}<\/script>\n<!-- \/ Yoast SEO plugin. -->","yoast_head_json":{"title":"Constantine : 65 % des zones d\u2019ombre cibl\u00e9es par une caravane de sensibilisation - La Sentinelle","robots":{"index":"index","follow":"follow","max-snippet":"max-snippet:-1","max-image-preview":"max-image-preview:large","max-video-preview":"max-video-preview:-1"},"canonical":"https:\/\/lasentinelle.dz\/index.php\/2021\/08\/01\/constantine-65-des-zones-dombre-ciblees-par-une-caravane-de-sensibilisation\/","og_locale":"fr_FR","og_type":"article","og_title":"Constantine : 65 % des zones d\u2019ombre cibl\u00e9es par une caravane de sensibilisation - La Sentinelle","og_description":"Soixante cinq (65) %, des zones d\u2019ombre de la wilaya de Constantine, ont \u00e9t\u00e9 cibl\u00e9es par un programme d\u2019envergure de","og_url":"https:\/\/lasentinelle.dz\/index.php\/2021\/08\/01\/constantine-65-des-zones-dombre-ciblees-par-une-caravane-de-sensibilisation\/","og_site_name":"La Sentinelle","article_publisher":"https:\/\/www.facebook.com\/La-Sentinelle-104059864394773","article_published_time":"2021-07-31T23:01:00+00:00","og_image":[{"width":1352,"height":900,"url":"https:\/\/lasentinelle.dz\/wp-content\/uploads\/2021\/07\/vaccin01.png","type":"image\/png"}],"author":"La Sentinelle","twitter_card":"summary_large_image","twitter_misc":{"\u00c9crit par":"La Sentinelle","Dur\u00e9e de lecture estim\u00e9e":"3 minutes"},"schema":{"@context":"https:\/\/schema.org","@graph":[{"@type":"Article","@id":"https:\/\/lasentinelle.dz\/index.php\/2021\/08\/01\/constantine-65-des-zones-dombre-ciblees-par-une-caravane-de-sensibilisation\/#article","isPartOf":{"@id":"https:\/\/lasentinelle.dz\/index.php\/2021\/08\/01\/constantine-65-des-zones-dombre-ciblees-par-une-caravane-de-sensibilisation\/"},"author":{"name":"La Sentinelle","@id":"https:\/\/lasentinelle.dz\/#\/schema\/person\/d865044e22e70a75174ce8bcad3acfb3"},"headline":"Constantine : 65 % des zones d\u2019ombre cibl\u00e9es par une caravane de sensibilisation","datePublished":"2021-07-31T23:01:00+00:00","mainEntityOfPage":{"@id":"https:\/\/lasentinelle.dz\/index.php\/2021\/08\/01\/constantine-65-des-zones-dombre-ciblees-par-une-caravane-de-sensibilisation\/"},"wordCount":638,"commentCount":0,"publisher":{"@id":"https:\/\/lasentinelle.dz\/#organization"},"image":{"@id":"https:\/\/lasentinelle.dz\/index.php\/2021\/08\/01\/constantine-65-des-zones-dombre-ciblees-par-une-caravane-de-sensibilisation\/#primaryimage"},"thumbnailUrl":"https:\/\/lasentinelle.dz\/wp-content\/uploads\/2021\/07\/vaccin01.png","articleSection":["R\u00e9gions"],"inLanguage":"fr-FR","potentialAction":[{"@type":"CommentAction","name":"Comment","target":["https:\/\/lasentinelle.dz\/index.php\/2021\/08\/01\/constantine-65-des-zones-dombre-ciblees-par-une-caravane-de-sensibilisation\/#respond"]}]},{"@type":"WebPage","@id":"https:\/\/lasentinelle.dz\/index.php\/2021\/08\/01\/constantine-65-des-zones-dombre-ciblees-par-une-caravane-de-sensibilisation\/","url":"https:\/\/lasentinelle.dz\/index.php\/2021\/08\/01\/constantine-65-des-zones-dombre-ciblees-par-une-caravane-de-sensibilisation\/","name":"Constantine : 65 % des zones d\u2019ombre cibl\u00e9es par une caravane de sensibilisation - La Sentinelle","isPartOf":{"@id":"https:\/\/lasentinelle.dz\/#website"},"primaryImageOfPage":{"@id":"https:\/\/lasentinelle.dz\/index.php\/2021\/08\/01\/constantine-65-des-zones-dombre-ciblees-par-une-caravane-de-sensibilisation\/#primaryimage"},"image":{"@id":"https:\/\/lasentinelle.dz\/index.php\/2021\/08\/01\/constantine-65-des-zones-dombre-ciblees-par-une-caravane-de-sensibilisation\/#primaryimage"},"thumbnailUrl":"https:\/\/lasentinelle.dz\/wp-content\/uploads\/2021\/07\/vaccin01.png","datePublished":"2021-07-31T23:01:00+00:00","breadcrumb":{"@id":"https:\/\/lasentinelle.dz\/index.php\/2021\/08\/01\/constantine-65-des-zones-dombre-ciblees-par-une-caravane-de-sensibilisation\/#breadcrumb"},"inLanguage":"fr-FR","potentialAction":[{"@type":"ReadAction","target":["https:\/\/lasentinelle.dz\/index.php\/2021\/08\/01\/constantine-65-des-zones-dombre-ciblees-par-une-caravane-de-sensibilisation\/"]}]},{"@type":"ImageObject","inLanguage":"fr-FR","@id":"https:\/\/lasentinelle.dz\/index.php\/2021\/08\/01\/constantine-65-des-zones-dombre-ciblees-par-une-caravane-de-sensibilisation\/#primaryimage","url":"https:\/\/lasentinelle.dz\/wp-content\/uploads\/2021\/07\/vaccin01.png","contentUrl":"https:\/\/lasentinelle.dz\/wp-content\/uploads\/2021\/07\/vaccin01.png","width":1352,"height":900},{"@type":"BreadcrumbList","@id":"https:\/\/lasentinelle.dz\/index.php\/2021\/08\/01\/constantine-65-des-zones-dombre-ciblees-par-une-caravane-de-sensibilisation\/#breadcrumb","itemListElement":[{"@type":"ListItem","position":1,"name":"Accueil","item":"https:\/\/lasentinelle.dz\/"},{"@type":"ListItem","position":2,"name":"Constantine : 65 % des zones d\u2019ombre cibl\u00e9es par une caravane de sensibilisation"}]},{"@type":"WebSite","@id":"https:\/\/lasentinelle.dz\/#website","url":"https:\/\/lasentinelle.dz\/","name":"La Sentinelle","description":"Quotidien national d&#039;information","publisher":{"@id":"https:\/\/lasentinelle.dz\/#organization"},"potentialAction":[{"@type":"SearchAction","target":{"@type":"EntryPoint","urlTemplate":"https:\/\/lasentinelle.dz\/?s={search_term_string}"},"query-input":{"@type":"PropertyValueSpecification","valueRequired":true,"valueName":"search_term_string"}}],"inLanguage":"fr-FR"},{"@type":"Organization","@id":"https:\/\/lasentinelle.dz\/#organization","name":"Quotidien La Sentinelle","url":"https:\/\/lasentinelle.dz\/","logo":{"@type":"ImageObject","inLanguage":"fr-FR","@id":"https:\/\/lasentinelle.dz\/#\/schema\/logo\/image\/","url":"https:\/\/lasentinelle.dz\/wp-content\/uploads\/2021\/09\/logo-sentinelleSLOGAN-1.png","contentUrl":"https:\/\/lasentinelle.dz\/wp-content\/uploads\/2021\/09\/logo-sentinelleSLOGAN-1.png","width":615,"height":142,"caption":"Quotidien La Sentinelle"},"image":{"@id":"https:\/\/lasentinelle.dz\/#\/schema\/logo\/image\/"},"sameAs":["https:\/\/www.facebook.com\/La-Sentinelle-104059864394773"]},{"@type":"Person","@id":"https:\/\/lasentinelle.dz\/#\/schema\/person\/d865044e22e70a75174ce8bcad3acfb3","name":"La Sentinelle","image":{"@type":"ImageObject","inLanguage":"fr-FR","@id":"https:\/\/secure.gravatar.com\/avatar\/57de8e5d4b15d43fb361a71fbb36338450fe67865b528a43dd10ef7c51a20392?s=96&d=mm&r=g","url":"https:\/\/secure.gravatar.com\/avatar\/57de8e5d4b15d43fb361a71fbb36338450fe67865b528a43dd10ef7c51a20392?s=96&d=mm&r=g","contentUrl":"https:\/\/secure.gravatar.com\/avatar\/57de8e5d4b15d43fb361a71fbb36338450fe67865b528a43dd10ef7c51a20392?s=96&d=mm&r=g","caption":"La Sentinelle"},"sameAs":["http:\/\/www.lasentinelle.dz"],"url":"https:\/\/lasentinelle.dz\/author\/redaction\/"}]}},"_links":{"self":[{"href":"https:\/\/lasentinelle.dz\/index.php\/wp-json\/wp\/v2\/posts\/2947","targetHints":{"allow":["GET"]}}],"collection":[{"href":"https:\/\/lasentinelle.dz\/index.php\/wp-json\/wp\/v2\/posts"}],"about":[{"href":"https:\/\/lasentinelle.dz\/index.php\/wp-json\/wp\/v2\/types\/post"}],"author":[{"embeddable":true,"href":"https:\/\/lasentinelle.dz\/index.php\/wp-json\/wp\/v2\/users\/3"}],"replies":[{"embeddable":true,"href":"https:\/\/lasentinelle.dz\/index.php\/wp-json\/wp\/v2\/comments?post=2947"}],"version-history":[{"count":1,"href":"https:\/\/lasentinelle.dz\/index.php\/wp-json\/wp\/v2\/posts\/2947\/revisions"}],"predecessor-version":[{"id":2954,"href":"https:\/\/lasentinelle.dz\/index.php\/wp-json\/wp\/v2\/posts\/2947\/revisions\/2954"}],"wp:featuredmedia":[{"embeddable":true,"href":"https:\/\/lasentinelle.dz\/index.php\/wp-json\/wp\/v2\/media\/2948"}],"wp:attachment":[{"href":"https:\/\/lasentinelle.dz\/index.php\/wp-json\/wp\/v2\/media?parent=2947"}],"wp:term":[{"taxonomy":"category","embeddable":true,"href":"https:\/\/lasentinelle.dz\/index.php\/wp-json\/wp\/v2\/categories?post=2947"},{"taxonomy":"post_tag","embeddable":true,"href":"https:\/\/lasentinelle.dz\/index.php\/wp-json\/wp\/v2\/tags?post=2947"}],"curies":[{"name":"wp","href":"https:\/\/api.w.org\/{rel}","templated":true}]}}