{"id":29492,"date":"2022-10-24T22:00:00","date_gmt":"2022-10-24T21:00:00","guid":{"rendered":"https:\/\/lasentinelle.dz\/?p=29492"},"modified":"2022-10-24T18:36:46","modified_gmt":"2022-10-24T17:36:46","slug":"faf-installation-des-membres-de-la-commission-federale-darbitrage","status":"publish","type":"post","link":"https:\/\/lasentinelle.dz\/index.php\/2022\/10\/24\/faf-installation-des-membres-de-la-commission-federale-darbitrage\/","title":{"rendered":"FAF\u00a0: Installation des membres de la commission f\u00e9d\u00e9rale d&rsquo;arbitrage"},"content":{"rendered":"\n<p>Le pr\u00e9sident de la F\u00e9d\u00e9ration alg\u00e9rienne de football (FAF),&nbsp; Djahid Zefizef , a pr\u00e9sid\u00e9 dimanche la c\u00e9r\u00e9monie d\u2019installation des membres de la Commission f\u00e9d\u00e9rale d\u2019arbitrage (CFA) en pr\u00e9sence de Djamel Haimoudi, vice-pr\u00e9sident de la (CFA), Rachid Medjiba, directeur technique national de l\u2019arbitrage (DTNA) et&nbsp; LIM Kee Chong, directeur du d\u00e9veloppement de l&rsquo;arbitrage (DDA).<\/p>\n\n\n\n<p>Dans son allocution, le pr\u00e9sident de la FAF a rappel\u00e9 les engagements de l\u2019\u00e9quipe f\u00e9d\u00e9rale pr\u00e9sent\u00e9s d\u00e9j\u00e0 lors de l\u2019installation de la CFA le mois d\u2019aout dernier, notamment le principe d\u2019\u00e9toffer cette structure importante en cadres comp\u00e9tents afin d\u2019assurer un r\u00e9el accompagnement du d\u00e9veloppement de ce corps arbitral et une harmonie dans la mise en \u0153uvre des programmes arr\u00eat\u00e9s dans ce cadre.Le pr\u00e9sident de la FAF a rappel\u00e9 \u00e9galement sa disponibilit\u00e9 \u00e0 mettre en place les moyens n\u00e9cessaires pour atteindre les objectifs assign\u00e9s \u00e0 travers une strat\u00e9gie ax\u00e9e sur des projets structurants, l\u2019\u00e9mergence de nouveaux arbitres talentueux, pr\u00e9server l\u2019int\u00e9grit\u00e9 du jeu et le recours \u00e0 la technologie o\u00f9 notre arbitrage a des rattrapages \u00e0 faire dans le cadre d\u2019un programme mis en place d\u2019ici 2026.Pour sa part, M. Lim a indiqu\u00e9 qu&rsquo;il peut \u00eatre consid\u00e9r\u00e9 d\u00e9sormais comme un cadre \u00ab\u00a0alg\u00e9rien\u00a0\u00bb qui va s\u2019investir pleinement dans ce challenge et cette mission qui lui a \u00e9t\u00e9 confi\u00e9e pour faire en sorte qu\u2019il y ait d\u2019autres Mustapha Ghorbal, avec en ligne de mire le Mondial 2026 pour assurer une pr\u00e9sence de qualit\u00e9 de l\u2019arbitrage alg\u00e9rien.Quant \u00e0 M. Medjiba, il a mis en avant le choix judicieux des membres de la CFA bas\u00e9 sur la moralit\u00e9 et la comp\u00e9tence, sans oublier la motivation et l\u2019ouverture sur les nouvelles technologies dans les domaines de la formation, de la p\u00e9dagogie, de la communication, de l\u2019information et de l\u2019arbitrage.<\/p>\n\n\n\n<p><strong>APS<\/strong><\/p>\n","protected":false},"excerpt":{"rendered":"<p>Le pr\u00e9sident de la F\u00e9d\u00e9ration alg\u00e9rienne de football (FAF),&nbsp; Djahid Zefizef , a pr\u00e9sid\u00e9 dimanche la c\u00e9r\u00e9monie d\u2019installation des membres<\/p>\n","protected":false},"author":2,"featured_media":29501,"comment_status":"open","ping_status":"closed","sticky":false,"template":"","format":"standard","meta":{"colormag_page_container_layout":"default_layout","colormag_page_sidebar_layout":"default_layout","om_disable_all_campaigns":false,"_monsterinsights_skip_tracking":false,"_monsterinsights_sitenote_active":false,"_monsterinsights_sitenote_note":"","_monsterinsights_sitenote_category":0,"footnotes":"","_wpscppro_dont_share_socialmedia":false,"_wpscppro_custom_social_share_image":0,"_facebook_share_type":"","_twitter_share_type":"","_linkedin_share_type":"","_pinterest_share_type":"","_linkedin_share_type_page":"","_instagram_share_type":"","_medium_share_type":"","_threads_share_type":"","_google_business_share_type":"","_selected_social_profile":[],"_wpsp_enable_custom_social_template":false,"_wpsp_social_scheduling":{"enabled":false,"datetime":null,"platforms":[],"status":"template_only","dateOption":"today","timeOption":"now","customDays":"","customHours":"","customDate":"","customTime":"","schedulingType":"absolute"},"_wpsp_active_default_template":true},"categories":[33],"tags":[],"class_list":["post-29492","post","type-post","status-publish","format-standard","has-post-thumbnail","hentry","category-sports"],"aioseo_notices":[],"yoast_head":"<!-- This site is optimized with the Yoast SEO plugin v27.5 - https:\/\/yoast.com\/product\/yoast-seo-wordpress\/ -->\n<title>FAF\u00a0: Installation des membres de la commission f\u00e9d\u00e9rale d&rsquo;arbitrage - La Sentinelle<\/title>\n<meta name=\"robots\" content=\"index, follow, max-snippet:-1, max-image-preview:large, max-video-preview:-1\" \/>\n<link rel=\"canonical\" href=\"https:\/\/lasentinelle.dz\/index.php\/2022\/10\/24\/faf-installation-des-membres-de-la-commission-federale-darbitrage\/\" \/>\n<meta property=\"og:locale\" content=\"fr_FR\" \/>\n<meta property=\"og:type\" content=\"article\" \/>\n<meta property=\"og:title\" content=\"FAF\u00a0: Installation des membres de la commission f\u00e9d\u00e9rale d&rsquo;arbitrage - La Sentinelle\" \/>\n<meta property=\"og:description\" content=\"Le pr\u00e9sident de la F\u00e9d\u00e9ration alg\u00e9rienne de football (FAF),&nbsp; Djahid Zefizef , a pr\u00e9sid\u00e9 dimanche la c\u00e9r\u00e9monie d\u2019installation des membres\" \/>\n<meta property=\"og:url\" content=\"https:\/\/lasentinelle.dz\/index.php\/2022\/10\/24\/faf-installation-des-membres-de-la-commission-federale-darbitrage\/\" \/>\n<meta property=\"og:site_name\" content=\"La Sentinelle\" \/>\n<meta property=\"article:publisher\" content=\"https:\/\/www.facebook.com\/La-Sentinelle-104059864394773\" \/>\n<meta property=\"article:published_time\" content=\"2022-10-24T21:00:00+00:00\" \/>\n<meta property=\"og:image\" content=\"https:\/\/lasentinelle.dz\/wp-content\/uploads\/2022\/10\/FAF-2.jpeg\" \/>\n\t<meta property=\"og:image:width\" content=\"2000\" \/>\n\t<meta property=\"og:image:height\" content=\"1333\" \/>\n\t<meta property=\"og:image:type\" content=\"image\/jpeg\" \/>\n<meta name=\"author\" content=\"Azzedine Belferag\" \/>\n<meta name=\"twitter:card\" content=\"summary_large_image\" \/>\n<meta name=\"twitter:label1\" content=\"\u00c9crit par\" \/>\n\t<meta name=\"twitter:data1\" content=\"Azzedine Belferag\" \/>\n\t<meta name=\"twitter:label2\" content=\"Dur\u00e9e de lecture estim\u00e9e\" \/>\n\t<meta name=\"twitter:data2\" content=\"2 minutes\" \/>\n<script type=\"application\/ld+json\" class=\"yoast-schema-graph\">{\"@context\":\"https:\\\/\\\/schema.org\",\"@graph\":[{\"@type\":\"Article\",\"@id\":\"https:\\\/\\\/lasentinelle.dz\\\/index.php\\\/2022\\\/10\\\/24\\\/faf-installation-des-membres-de-la-commission-federale-darbitrage\\\/#article\",\"isPartOf\":{\"@id\":\"https:\\\/\\\/lasentinelle.dz\\\/index.php\\\/2022\\\/10\\\/24\\\/faf-installation-des-membres-de-la-commission-federale-darbitrage\\\/\"},\"author\":{\"name\":\"Azzedine Belferag\",\"@id\":\"https:\\\/\\\/lasentinelle.dz\\\/#\\\/schema\\\/person\\\/e22c868643946ece5f328ac9d185b29f\"},\"headline\":\"FAF\u00a0: Installation des membres de la commission f\u00e9d\u00e9rale d&rsquo;arbitrage\",\"datePublished\":\"2022-10-24T21:00:00+00:00\",\"mainEntityOfPage\":{\"@id\":\"https:\\\/\\\/lasentinelle.dz\\\/index.php\\\/2022\\\/10\\\/24\\\/faf-installation-des-membres-de-la-commission-federale-darbitrage\\\/\"},\"wordCount\":355,\"commentCount\":0,\"publisher\":{\"@id\":\"https:\\\/\\\/lasentinelle.dz\\\/#organization\"},\"image\":{\"@id\":\"https:\\\/\\\/lasentinelle.dz\\\/index.php\\\/2022\\\/10\\\/24\\\/faf-installation-des-membres-de-la-commission-federale-darbitrage\\\/#primaryimage\"},\"thumbnailUrl\":\"https:\\\/\\\/lasentinelle.dz\\\/wp-content\\\/uploads\\\/2022\\\/10\\\/FAF-2.jpeg\",\"articleSection\":[\"Sports\"],\"inLanguage\":\"fr-FR\",\"potentialAction\":[{\"@type\":\"CommentAction\",\"name\":\"Comment\",\"target\":[\"https:\\\/\\\/lasentinelle.dz\\\/index.php\\\/2022\\\/10\\\/24\\\/faf-installation-des-membres-de-la-commission-federale-darbitrage\\\/#respond\"]}]},{\"@type\":\"WebPage\",\"@id\":\"https:\\\/\\\/lasentinelle.dz\\\/index.php\\\/2022\\\/10\\\/24\\\/faf-installation-des-membres-de-la-commission-federale-darbitrage\\\/\",\"url\":\"https:\\\/\\\/lasentinelle.dz\\\/index.php\\\/2022\\\/10\\\/24\\\/faf-installation-des-membres-de-la-commission-federale-darbitrage\\\/\",\"name\":\"FAF\u00a0: Installation des membres de la commission f\u00e9d\u00e9rale d&rsquo;arbitrage - La Sentinelle\",\"isPartOf\":{\"@id\":\"https:\\\/\\\/lasentinelle.dz\\\/#website\"},\"primaryImageOfPage\":{\"@id\":\"https:\\\/\\\/lasentinelle.dz\\\/index.php\\\/2022\\\/10\\\/24\\\/faf-installation-des-membres-de-la-commission-federale-darbitrage\\\/#primaryimage\"},\"image\":{\"@id\":\"https:\\\/\\\/lasentinelle.dz\\\/index.php\\\/2022\\\/10\\\/24\\\/faf-installation-des-membres-de-la-commission-federale-darbitrage\\\/#primaryimage\"},\"thumbnailUrl\":\"https:\\\/\\\/lasentinelle.dz\\\/wp-content\\\/uploads\\\/2022\\\/10\\\/FAF-2.jpeg\",\"datePublished\":\"2022-10-24T21:00:00+00:00\",\"breadcrumb\":{\"@id\":\"https:\\\/\\\/lasentinelle.dz\\\/index.php\\\/2022\\\/10\\\/24\\\/faf-installation-des-membres-de-la-commission-federale-darbitrage\\\/#breadcrumb\"},\"inLanguage\":\"fr-FR\",\"potentialAction\":[{\"@type\":\"ReadAction\",\"target\":[\"https:\\\/\\\/lasentinelle.dz\\\/index.php\\\/2022\\\/10\\\/24\\\/faf-installation-des-membres-de-la-commission-federale-darbitrage\\\/\"]}]},{\"@type\":\"ImageObject\",\"inLanguage\":\"fr-FR\",\"@id\":\"https:\\\/\\\/lasentinelle.dz\\\/index.php\\\/2022\\\/10\\\/24\\\/faf-installation-des-membres-de-la-commission-federale-darbitrage\\\/#primaryimage\",\"url\":\"https:\\\/\\\/lasentinelle.dz\\\/wp-content\\\/uploads\\\/2022\\\/10\\\/FAF-2.jpeg\",\"contentUrl\":\"https:\\\/\\\/lasentinelle.dz\\\/wp-content\\\/uploads\\\/2022\\\/10\\\/FAF-2.jpeg\",\"width\":2000,\"height\":1333},{\"@type\":\"BreadcrumbList\",\"@id\":\"https:\\\/\\\/lasentinelle.dz\\\/index.php\\\/2022\\\/10\\\/24\\\/faf-installation-des-membres-de-la-commission-federale-darbitrage\\\/#breadcrumb\",\"itemListElement\":[{\"@type\":\"ListItem\",\"position\":1,\"name\":\"Accueil\",\"item\":\"https:\\\/\\\/lasentinelle.dz\\\/\"},{\"@type\":\"ListItem\",\"position\":2,\"name\":\"FAF\u00a0: Installation des membres de la commission f\u00e9d\u00e9rale d&rsquo;arbitrage\"}]},{\"@type\":\"WebSite\",\"@id\":\"https:\\\/\\\/lasentinelle.dz\\\/#website\",\"url\":\"https:\\\/\\\/lasentinelle.dz\\\/\",\"name\":\"La Sentinelle\",\"description\":\"Quotidien national d&#039;information\",\"publisher\":{\"@id\":\"https:\\\/\\\/lasentinelle.dz\\\/#organization\"},\"potentialAction\":[{\"@type\":\"SearchAction\",\"target\":{\"@type\":\"EntryPoint\",\"urlTemplate\":\"https:\\\/\\\/lasentinelle.dz\\\/?s={search_term_string}\"},\"query-input\":{\"@type\":\"PropertyValueSpecification\",\"valueRequired\":true,\"valueName\":\"search_term_string\"}}],\"inLanguage\":\"fr-FR\"},{\"@type\":\"Organization\",\"@id\":\"https:\\\/\\\/lasentinelle.dz\\\/#organization\",\"name\":\"Quotidien La Sentinelle\",\"url\":\"https:\\\/\\\/lasentinelle.dz\\\/\",\"logo\":{\"@type\":\"ImageObject\",\"inLanguage\":\"fr-FR\",\"@id\":\"https:\\\/\\\/lasentinelle.dz\\\/#\\\/schema\\\/logo\\\/image\\\/\",\"url\":\"https:\\\/\\\/lasentinelle.dz\\\/wp-content\\\/uploads\\\/2021\\\/09\\\/logo-sentinelleSLOGAN-1.png\",\"contentUrl\":\"https:\\\/\\\/lasentinelle.dz\\\/wp-content\\\/uploads\\\/2021\\\/09\\\/logo-sentinelleSLOGAN-1.png\",\"width\":615,\"height\":142,\"caption\":\"Quotidien La Sentinelle\"},\"image\":{\"@id\":\"https:\\\/\\\/lasentinelle.dz\\\/#\\\/schema\\\/logo\\\/image\\\/\"},\"sameAs\":[\"https:\\\/\\\/www.facebook.com\\\/La-Sentinelle-104059864394773\"]},{\"@type\":\"Person\",\"@id\":\"https:\\\/\\\/lasentinelle.dz\\\/#\\\/schema\\\/person\\\/e22c868643946ece5f328ac9d185b29f\",\"name\":\"Azzedine Belferag\",\"image\":{\"@type\":\"ImageObject\",\"inLanguage\":\"fr-FR\",\"@id\":\"https:\\\/\\\/secure.gravatar.com\\\/avatar\\\/767ecc3bfcf23cd6d0dae1705f124feb13a88fded1daa56498e4fb3aa3fc36a1?s=96&d=mm&r=g\",\"url\":\"https:\\\/\\\/secure.gravatar.com\\\/avatar\\\/767ecc3bfcf23cd6d0dae1705f124feb13a88fded1daa56498e4fb3aa3fc36a1?s=96&d=mm&r=g\",\"contentUrl\":\"https:\\\/\\\/secure.gravatar.com\\\/avatar\\\/767ecc3bfcf23cd6d0dae1705f124feb13a88fded1daa56498e4fb3aa3fc36a1?s=96&d=mm&r=g\",\"caption\":\"Azzedine Belferag\"},\"sameAs\":[\"http:\\\/\\\/www.lasentinelle.dz\"],\"url\":\"https:\\\/\\\/lasentinelle.dz\\\/author\\\/belferag\\\/\"}]}<\/script>\n<!-- \/ Yoast SEO plugin. -->","yoast_head_json":{"title":"FAF\u00a0: Installation des membres de la commission f\u00e9d\u00e9rale d&rsquo;arbitrage - La Sentinelle","robots":{"index":"index","follow":"follow","max-snippet":"max-snippet:-1","max-image-preview":"max-image-preview:large","max-video-preview":"max-video-preview:-1"},"canonical":"https:\/\/lasentinelle.dz\/index.php\/2022\/10\/24\/faf-installation-des-membres-de-la-commission-federale-darbitrage\/","og_locale":"fr_FR","og_type":"article","og_title":"FAF\u00a0: Installation des membres de la commission f\u00e9d\u00e9rale d&rsquo;arbitrage - La Sentinelle","og_description":"Le pr\u00e9sident de la F\u00e9d\u00e9ration alg\u00e9rienne de football (FAF),&nbsp; Djahid Zefizef , a pr\u00e9sid\u00e9 dimanche la c\u00e9r\u00e9monie d\u2019installation des membres","og_url":"https:\/\/lasentinelle.dz\/index.php\/2022\/10\/24\/faf-installation-des-membres-de-la-commission-federale-darbitrage\/","og_site_name":"La Sentinelle","article_publisher":"https:\/\/www.facebook.com\/La-Sentinelle-104059864394773","article_published_time":"2022-10-24T21:00:00+00:00","og_image":[{"width":2000,"height":1333,"url":"https:\/\/lasentinelle.dz\/wp-content\/uploads\/2022\/10\/FAF-2.jpeg","type":"image\/jpeg"}],"author":"Azzedine Belferag","twitter_card":"summary_large_image","twitter_misc":{"\u00c9crit par":"Azzedine Belferag","Dur\u00e9e de lecture estim\u00e9e":"2 minutes"},"schema":{"@context":"https:\/\/schema.org","@graph":[{"@type":"Article","@id":"https:\/\/lasentinelle.dz\/index.php\/2022\/10\/24\/faf-installation-des-membres-de-la-commission-federale-darbitrage\/#article","isPartOf":{"@id":"https:\/\/lasentinelle.dz\/index.php\/2022\/10\/24\/faf-installation-des-membres-de-la-commission-federale-darbitrage\/"},"author":{"name":"Azzedine Belferag","@id":"https:\/\/lasentinelle.dz\/#\/schema\/person\/e22c868643946ece5f328ac9d185b29f"},"headline":"FAF\u00a0: Installation des membres de la commission f\u00e9d\u00e9rale d&rsquo;arbitrage","datePublished":"2022-10-24T21:00:00+00:00","mainEntityOfPage":{"@id":"https:\/\/lasentinelle.dz\/index.php\/2022\/10\/24\/faf-installation-des-membres-de-la-commission-federale-darbitrage\/"},"wordCount":355,"commentCount":0,"publisher":{"@id":"https:\/\/lasentinelle.dz\/#organization"},"image":{"@id":"https:\/\/lasentinelle.dz\/index.php\/2022\/10\/24\/faf-installation-des-membres-de-la-commission-federale-darbitrage\/#primaryimage"},"thumbnailUrl":"https:\/\/lasentinelle.dz\/wp-content\/uploads\/2022\/10\/FAF-2.jpeg","articleSection":["Sports"],"inLanguage":"fr-FR","potentialAction":[{"@type":"CommentAction","name":"Comment","target":["https:\/\/lasentinelle.dz\/index.php\/2022\/10\/24\/faf-installation-des-membres-de-la-commission-federale-darbitrage\/#respond"]}]},{"@type":"WebPage","@id":"https:\/\/lasentinelle.dz\/index.php\/2022\/10\/24\/faf-installation-des-membres-de-la-commission-federale-darbitrage\/","url":"https:\/\/lasentinelle.dz\/index.php\/2022\/10\/24\/faf-installation-des-membres-de-la-commission-federale-darbitrage\/","name":"FAF\u00a0: Installation des membres de la commission f\u00e9d\u00e9rale d&rsquo;arbitrage - La Sentinelle","isPartOf":{"@id":"https:\/\/lasentinelle.dz\/#website"},"primaryImageOfPage":{"@id":"https:\/\/lasentinelle.dz\/index.php\/2022\/10\/24\/faf-installation-des-membres-de-la-commission-federale-darbitrage\/#primaryimage"},"image":{"@id":"https:\/\/lasentinelle.dz\/index.php\/2022\/10\/24\/faf-installation-des-membres-de-la-commission-federale-darbitrage\/#primaryimage"},"thumbnailUrl":"https:\/\/lasentinelle.dz\/wp-content\/uploads\/2022\/10\/FAF-2.jpeg","datePublished":"2022-10-24T21:00:00+00:00","breadcrumb":{"@id":"https:\/\/lasentinelle.dz\/index.php\/2022\/10\/24\/faf-installation-des-membres-de-la-commission-federale-darbitrage\/#breadcrumb"},"inLanguage":"fr-FR","potentialAction":[{"@type":"ReadAction","target":["https:\/\/lasentinelle.dz\/index.php\/2022\/10\/24\/faf-installation-des-membres-de-la-commission-federale-darbitrage\/"]}]},{"@type":"ImageObject","inLanguage":"fr-FR","@id":"https:\/\/lasentinelle.dz\/index.php\/2022\/10\/24\/faf-installation-des-membres-de-la-commission-federale-darbitrage\/#primaryimage","url":"https:\/\/lasentinelle.dz\/wp-content\/uploads\/2022\/10\/FAF-2.jpeg","contentUrl":"https:\/\/lasentinelle.dz\/wp-content\/uploads\/2022\/10\/FAF-2.jpeg","width":2000,"height":1333},{"@type":"BreadcrumbList","@id":"https:\/\/lasentinelle.dz\/index.php\/2022\/10\/24\/faf-installation-des-membres-de-la-commission-federale-darbitrage\/#breadcrumb","itemListElement":[{"@type":"ListItem","position":1,"name":"Accueil","item":"https:\/\/lasentinelle.dz\/"},{"@type":"ListItem","position":2,"name":"FAF\u00a0: Installation des membres de la commission f\u00e9d\u00e9rale d&rsquo;arbitrage"}]},{"@type":"WebSite","@id":"https:\/\/lasentinelle.dz\/#website","url":"https:\/\/lasentinelle.dz\/","name":"La Sentinelle","description":"Quotidien national d&#039;information","publisher":{"@id":"https:\/\/lasentinelle.dz\/#organization"},"potentialAction":[{"@type":"SearchAction","target":{"@type":"EntryPoint","urlTemplate":"https:\/\/lasentinelle.dz\/?s={search_term_string}"},"query-input":{"@type":"PropertyValueSpecification","valueRequired":true,"valueName":"search_term_string"}}],"inLanguage":"fr-FR"},{"@type":"Organization","@id":"https:\/\/lasentinelle.dz\/#organization","name":"Quotidien La Sentinelle","url":"https:\/\/lasentinelle.dz\/","logo":{"@type":"ImageObject","inLanguage":"fr-FR","@id":"https:\/\/lasentinelle.dz\/#\/schema\/logo\/image\/","url":"https:\/\/lasentinelle.dz\/wp-content\/uploads\/2021\/09\/logo-sentinelleSLOGAN-1.png","contentUrl":"https:\/\/lasentinelle.dz\/wp-content\/uploads\/2021\/09\/logo-sentinelleSLOGAN-1.png","width":615,"height":142,"caption":"Quotidien La Sentinelle"},"image":{"@id":"https:\/\/lasentinelle.dz\/#\/schema\/logo\/image\/"},"sameAs":["https:\/\/www.facebook.com\/La-Sentinelle-104059864394773"]},{"@type":"Person","@id":"https:\/\/lasentinelle.dz\/#\/schema\/person\/e22c868643946ece5f328ac9d185b29f","name":"Azzedine Belferag","image":{"@type":"ImageObject","inLanguage":"fr-FR","@id":"https:\/\/secure.gravatar.com\/avatar\/767ecc3bfcf23cd6d0dae1705f124feb13a88fded1daa56498e4fb3aa3fc36a1?s=96&d=mm&r=g","url":"https:\/\/secure.gravatar.com\/avatar\/767ecc3bfcf23cd6d0dae1705f124feb13a88fded1daa56498e4fb3aa3fc36a1?s=96&d=mm&r=g","contentUrl":"https:\/\/secure.gravatar.com\/avatar\/767ecc3bfcf23cd6d0dae1705f124feb13a88fded1daa56498e4fb3aa3fc36a1?s=96&d=mm&r=g","caption":"Azzedine Belferag"},"sameAs":["http:\/\/www.lasentinelle.dz"],"url":"https:\/\/lasentinelle.dz\/author\/belferag\/"}]}},"_links":{"self":[{"href":"https:\/\/lasentinelle.dz\/index.php\/wp-json\/wp\/v2\/posts\/29492","targetHints":{"allow":["GET"]}}],"collection":[{"href":"https:\/\/lasentinelle.dz\/index.php\/wp-json\/wp\/v2\/posts"}],"about":[{"href":"https:\/\/lasentinelle.dz\/index.php\/wp-json\/wp\/v2\/types\/post"}],"author":[{"embeddable":true,"href":"https:\/\/lasentinelle.dz\/index.php\/wp-json\/wp\/v2\/users\/2"}],"replies":[{"embeddable":true,"href":"https:\/\/lasentinelle.dz\/index.php\/wp-json\/wp\/v2\/comments?post=29492"}],"version-history":[{"count":1,"href":"https:\/\/lasentinelle.dz\/index.php\/wp-json\/wp\/v2\/posts\/29492\/revisions"}],"predecessor-version":[{"id":29502,"href":"https:\/\/lasentinelle.dz\/index.php\/wp-json\/wp\/v2\/posts\/29492\/revisions\/29502"}],"wp:featuredmedia":[{"embeddable":true,"href":"https:\/\/lasentinelle.dz\/index.php\/wp-json\/wp\/v2\/media\/29501"}],"wp:attachment":[{"href":"https:\/\/lasentinelle.dz\/index.php\/wp-json\/wp\/v2\/media?parent=29492"}],"wp:term":[{"taxonomy":"category","embeddable":true,"href":"https:\/\/lasentinelle.dz\/index.php\/wp-json\/wp\/v2\/categories?post=29492"},{"taxonomy":"post_tag","embeddable":true,"href":"https:\/\/lasentinelle.dz\/index.php\/wp-json\/wp\/v2\/tags?post=29492"}],"curies":[{"name":"wp","href":"https:\/\/api.w.org\/{rel}","templated":true}]}}