{"id":29494,"date":"2022-10-24T22:00:00","date_gmt":"2022-10-24T21:00:00","guid":{"rendered":"https:\/\/lasentinelle.dz\/?p=29494"},"modified":"2022-10-24T18:38:45","modified_gmt":"2022-10-24T17:38:45","slug":"lilas-annaba-lentrepot-de-produits-chimiques-ravage-par-un-incendie","status":"publish","type":"post","link":"https:\/\/lasentinelle.dz\/index.php\/2022\/10\/24\/lilas-annaba-lentrepot-de-produits-chimiques-ravage-par-un-incendie\/","title":{"rendered":"\u00abLilas\u00a0\u00bb Annaba\u00a0: L\u2019entrep\u00f4t de produits chimiques ravag\u00e9 par un incendie"},"content":{"rendered":"\n<p>Un \u00e9norme incendie s&rsquo;est d\u00e9clar\u00e9 hier, \u00e0 l&rsquo;int\u00e9rieur d\u2019un d\u00e9p\u00f4t de stockage de la soci\u00e9t\u00e9 d&rsquo;articles hygi\u00e9niquesLilasSPA, implant\u00e9e \u00e0 la zone industrielle d\u2019El-Bouni, avons-nous appris aupr\u00e8s des services de la Protection civile d\u2019Annaba. Bien que l\u2019incendie n\u2019ait occasionn\u00e9 aucune perte humaine, on d\u00e9plore tout de m\u00eame d&rsquo;importants&nbsp; d\u00e9g\u00e2ts mat\u00e9riels, nous dit-on. Jusqu\u2019\u00e0 la mise sous presse aucune estimation financi\u00e8re n\u2019a \u00e9t\u00e9 avanc\u00e9e sur les pertes occasionn\u00e9es par le sinistre.&nbsp; Selon le bilan de la Protection civile, outre la destruction de la mati\u00e8re premi\u00e8re et de tr\u00e8s grandes quantit\u00e9s de produits finis et semi-finis en mati\u00e8re de plastique, toutes les installations&nbsp; ont \u00e9t\u00e9 ravag\u00e9es par les flammes \u00e0 l\u2019exception des salles des machines, a-t-on pr\u00e9cis\u00e9.&nbsp; Aussit\u00f4t alert\u00e9e, la direction de la Protection civile a mobilis\u00e9 les moyens humains et mat\u00e9riels, dont des dizaines d\u2019\u00e9l\u00e9ments, repr\u00e9sentant diff\u00e9rentes brigades de la Protection civile de la wilaya d\u2019Annaba. Au bout de plus de deux heures, les sapeurs pompiers ont pu circonscrire l\u2019incendie, dont le dense voile de fum\u00e9e a couvert toute la commune d\u2019El Bouni, s\u2019\u00e9tendant jusqu\u2019aux abords de la localit\u00e9 de Sidi Salem.&nbsp; Visible depuis la ville d\u2019Annaba, la fum\u00e9e noire d\u00e9gag\u00e9 par l\u2019incendie \u00e9tait tellement dense qu\u2019elle a provoqu\u00e9 la&nbsp; panique au sein des populations.&nbsp; Celle-ci a retrouv\u00e9 son calme apr\u00e8s que l\u2019information sur l\u2019incendie ait \u00e9t\u00e9 partag\u00e9e sur les r\u00e9seaux sociaux. S\u2019agissant des raisons de l&rsquo;incendie, rien n\u2019a encore filtr\u00e9. Car, nous dit-on, l\u2019enqu\u00eate ouverte par la Gendarmerie nationale d\u2019El Bouni devra en d\u00e9terminer les causes. Ces derni\u00e8res semblent \u00e0 priori, nous dit-on, \u00eatre d\u2019origine accidentelle, occasionn\u00e9es par un court circuit, d\u00fb aux fortes chaleurs qui s\u2019abat depuis plusieurs jours sur la wilaya d\u2019Annaba.<\/p>\n\n\n\n<p><strong>Sofia Chahine<\/strong><\/p>\n","protected":false},"excerpt":{"rendered":"<p>Un \u00e9norme incendie s&rsquo;est d\u00e9clar\u00e9 hier, \u00e0 l&rsquo;int\u00e9rieur d\u2019un d\u00e9p\u00f4t de stockage de la soci\u00e9t\u00e9 d&rsquo;articles hygi\u00e9niquesLilasSPA, implant\u00e9e \u00e0 la<\/p>\n","protected":false},"author":3,"featured_media":29505,"comment_status":"open","ping_status":"closed","sticky":false,"template":"","format":"standard","meta":{"colormag_page_container_layout":"default_layout","colormag_page_sidebar_layout":"default_layout","om_disable_all_campaigns":false,"_monsterinsights_skip_tracking":false,"_monsterinsights_sitenote_active":false,"_monsterinsights_sitenote_note":"","_monsterinsights_sitenote_category":0,"footnotes":"","_wpscppro_dont_share_socialmedia":false,"_wpscppro_custom_social_share_image":0,"_facebook_share_type":"","_twitter_share_type":"","_linkedin_share_type":"","_pinterest_share_type":"","_linkedin_share_type_page":"","_instagram_share_type":"","_medium_share_type":"","_threads_share_type":"","_google_business_share_type":"","_selected_social_profile":[],"_wpsp_enable_custom_social_template":false,"_wpsp_social_scheduling":{"enabled":false,"datetime":null,"platforms":[],"status":"template_only","dateOption":"today","timeOption":"now","customDays":"","customHours":"","customDate":"","customTime":"","schedulingType":"absolute"},"_wpsp_active_default_template":true},"categories":[31],"tags":[],"class_list":["post-29494","post","type-post","status-publish","format-standard","has-post-thumbnail","hentry","category-regions"],"aioseo_notices":[],"yoast_head":"<!-- This site is optimized with the Yoast SEO plugin v27.5 - https:\/\/yoast.com\/product\/yoast-seo-wordpress\/ -->\n<title>\u00abLilas\u00a0\u00bb Annaba\u00a0: L\u2019entrep\u00f4t de produits chimiques ravag\u00e9 par un incendie - La Sentinelle<\/title>\n<meta name=\"robots\" content=\"index, follow, max-snippet:-1, max-image-preview:large, max-video-preview:-1\" \/>\n<link rel=\"canonical\" href=\"https:\/\/lasentinelle.dz\/index.php\/2022\/10\/24\/lilas-annaba-lentrepot-de-produits-chimiques-ravage-par-un-incendie\/\" \/>\n<meta property=\"og:locale\" content=\"fr_FR\" \/>\n<meta property=\"og:type\" content=\"article\" \/>\n<meta property=\"og:title\" content=\"\u00abLilas\u00a0\u00bb Annaba\u00a0: L\u2019entrep\u00f4t de produits chimiques ravag\u00e9 par un incendie - La Sentinelle\" \/>\n<meta property=\"og:description\" content=\"Un \u00e9norme incendie s&rsquo;est d\u00e9clar\u00e9 hier, \u00e0 l&rsquo;int\u00e9rieur d\u2019un d\u00e9p\u00f4t de stockage de la soci\u00e9t\u00e9 d&rsquo;articles hygi\u00e9niquesLilasSPA, implant\u00e9e \u00e0 la\" \/>\n<meta property=\"og:url\" content=\"https:\/\/lasentinelle.dz\/index.php\/2022\/10\/24\/lilas-annaba-lentrepot-de-produits-chimiques-ravage-par-un-incendie\/\" \/>\n<meta property=\"og:site_name\" content=\"La Sentinelle\" \/>\n<meta property=\"article:publisher\" content=\"https:\/\/www.facebook.com\/La-Sentinelle-104059864394773\" \/>\n<meta property=\"article:published_time\" content=\"2022-10-24T21:00:00+00:00\" \/>\n<meta property=\"og:image\" content=\"https:\/\/lasentinelle.dz\/wp-content\/uploads\/2022\/10\/image_2022-10-24_183819203.png\" \/>\n\t<meta property=\"og:image:width\" content=\"768\" \/>\n\t<meta property=\"og:image:height\" content=\"409\" \/>\n\t<meta property=\"og:image:type\" content=\"image\/png\" \/>\n<meta name=\"author\" content=\"La Sentinelle\" \/>\n<meta name=\"twitter:card\" content=\"summary_large_image\" \/>\n<meta name=\"twitter:label1\" content=\"\u00c9crit par\" \/>\n\t<meta name=\"twitter:data1\" content=\"La Sentinelle\" \/>\n\t<meta name=\"twitter:label2\" content=\"Dur\u00e9e de lecture estim\u00e9e\" \/>\n\t<meta name=\"twitter:data2\" content=\"2 minutes\" \/>\n<script type=\"application\/ld+json\" class=\"yoast-schema-graph\">{\"@context\":\"https:\\\/\\\/schema.org\",\"@graph\":[{\"@type\":\"Article\",\"@id\":\"https:\\\/\\\/lasentinelle.dz\\\/index.php\\\/2022\\\/10\\\/24\\\/lilas-annaba-lentrepot-de-produits-chimiques-ravage-par-un-incendie\\\/#article\",\"isPartOf\":{\"@id\":\"https:\\\/\\\/lasentinelle.dz\\\/index.php\\\/2022\\\/10\\\/24\\\/lilas-annaba-lentrepot-de-produits-chimiques-ravage-par-un-incendie\\\/\"},\"author\":{\"name\":\"La Sentinelle\",\"@id\":\"https:\\\/\\\/lasentinelle.dz\\\/#\\\/schema\\\/person\\\/d865044e22e70a75174ce8bcad3acfb3\"},\"headline\":\"\u00abLilas\u00a0\u00bb Annaba\u00a0: L\u2019entrep\u00f4t de produits chimiques ravag\u00e9 par un incendie\",\"datePublished\":\"2022-10-24T21:00:00+00:00\",\"mainEntityOfPage\":{\"@id\":\"https:\\\/\\\/lasentinelle.dz\\\/index.php\\\/2022\\\/10\\\/24\\\/lilas-annaba-lentrepot-de-produits-chimiques-ravage-par-un-incendie\\\/\"},\"wordCount\":359,\"commentCount\":0,\"publisher\":{\"@id\":\"https:\\\/\\\/lasentinelle.dz\\\/#organization\"},\"image\":{\"@id\":\"https:\\\/\\\/lasentinelle.dz\\\/index.php\\\/2022\\\/10\\\/24\\\/lilas-annaba-lentrepot-de-produits-chimiques-ravage-par-un-incendie\\\/#primaryimage\"},\"thumbnailUrl\":\"https:\\\/\\\/lasentinelle.dz\\\/wp-content\\\/uploads\\\/2022\\\/10\\\/image_2022-10-24_183819203.png\",\"articleSection\":[\"R\u00e9gions\"],\"inLanguage\":\"fr-FR\",\"potentialAction\":[{\"@type\":\"CommentAction\",\"name\":\"Comment\",\"target\":[\"https:\\\/\\\/lasentinelle.dz\\\/index.php\\\/2022\\\/10\\\/24\\\/lilas-annaba-lentrepot-de-produits-chimiques-ravage-par-un-incendie\\\/#respond\"]}]},{\"@type\":\"WebPage\",\"@id\":\"https:\\\/\\\/lasentinelle.dz\\\/index.php\\\/2022\\\/10\\\/24\\\/lilas-annaba-lentrepot-de-produits-chimiques-ravage-par-un-incendie\\\/\",\"url\":\"https:\\\/\\\/lasentinelle.dz\\\/index.php\\\/2022\\\/10\\\/24\\\/lilas-annaba-lentrepot-de-produits-chimiques-ravage-par-un-incendie\\\/\",\"name\":\"\u00abLilas\u00a0\u00bb Annaba\u00a0: L\u2019entrep\u00f4t de produits chimiques ravag\u00e9 par un incendie - La Sentinelle\",\"isPartOf\":{\"@id\":\"https:\\\/\\\/lasentinelle.dz\\\/#website\"},\"primaryImageOfPage\":{\"@id\":\"https:\\\/\\\/lasentinelle.dz\\\/index.php\\\/2022\\\/10\\\/24\\\/lilas-annaba-lentrepot-de-produits-chimiques-ravage-par-un-incendie\\\/#primaryimage\"},\"image\":{\"@id\":\"https:\\\/\\\/lasentinelle.dz\\\/index.php\\\/2022\\\/10\\\/24\\\/lilas-annaba-lentrepot-de-produits-chimiques-ravage-par-un-incendie\\\/#primaryimage\"},\"thumbnailUrl\":\"https:\\\/\\\/lasentinelle.dz\\\/wp-content\\\/uploads\\\/2022\\\/10\\\/image_2022-10-24_183819203.png\",\"datePublished\":\"2022-10-24T21:00:00+00:00\",\"breadcrumb\":{\"@id\":\"https:\\\/\\\/lasentinelle.dz\\\/index.php\\\/2022\\\/10\\\/24\\\/lilas-annaba-lentrepot-de-produits-chimiques-ravage-par-un-incendie\\\/#breadcrumb\"},\"inLanguage\":\"fr-FR\",\"potentialAction\":[{\"@type\":\"ReadAction\",\"target\":[\"https:\\\/\\\/lasentinelle.dz\\\/index.php\\\/2022\\\/10\\\/24\\\/lilas-annaba-lentrepot-de-produits-chimiques-ravage-par-un-incendie\\\/\"]}]},{\"@type\":\"ImageObject\",\"inLanguage\":\"fr-FR\",\"@id\":\"https:\\\/\\\/lasentinelle.dz\\\/index.php\\\/2022\\\/10\\\/24\\\/lilas-annaba-lentrepot-de-produits-chimiques-ravage-par-un-incendie\\\/#primaryimage\",\"url\":\"https:\\\/\\\/lasentinelle.dz\\\/wp-content\\\/uploads\\\/2022\\\/10\\\/image_2022-10-24_183819203.png\",\"contentUrl\":\"https:\\\/\\\/lasentinelle.dz\\\/wp-content\\\/uploads\\\/2022\\\/10\\\/image_2022-10-24_183819203.png\",\"width\":768,\"height\":409},{\"@type\":\"BreadcrumbList\",\"@id\":\"https:\\\/\\\/lasentinelle.dz\\\/index.php\\\/2022\\\/10\\\/24\\\/lilas-annaba-lentrepot-de-produits-chimiques-ravage-par-un-incendie\\\/#breadcrumb\",\"itemListElement\":[{\"@type\":\"ListItem\",\"position\":1,\"name\":\"Accueil\",\"item\":\"https:\\\/\\\/lasentinelle.dz\\\/\"},{\"@type\":\"ListItem\",\"position\":2,\"name\":\"\u00abLilas\u00a0\u00bb Annaba\u00a0: L\u2019entrep\u00f4t de produits chimiques ravag\u00e9 par un incendie\"}]},{\"@type\":\"WebSite\",\"@id\":\"https:\\\/\\\/lasentinelle.dz\\\/#website\",\"url\":\"https:\\\/\\\/lasentinelle.dz\\\/\",\"name\":\"La Sentinelle\",\"description\":\"Quotidien national d&#039;information\",\"publisher\":{\"@id\":\"https:\\\/\\\/lasentinelle.dz\\\/#organization\"},\"potentialAction\":[{\"@type\":\"SearchAction\",\"target\":{\"@type\":\"EntryPoint\",\"urlTemplate\":\"https:\\\/\\\/lasentinelle.dz\\\/?s={search_term_string}\"},\"query-input\":{\"@type\":\"PropertyValueSpecification\",\"valueRequired\":true,\"valueName\":\"search_term_string\"}}],\"inLanguage\":\"fr-FR\"},{\"@type\":\"Organization\",\"@id\":\"https:\\\/\\\/lasentinelle.dz\\\/#organization\",\"name\":\"Quotidien La Sentinelle\",\"url\":\"https:\\\/\\\/lasentinelle.dz\\\/\",\"logo\":{\"@type\":\"ImageObject\",\"inLanguage\":\"fr-FR\",\"@id\":\"https:\\\/\\\/lasentinelle.dz\\\/#\\\/schema\\\/logo\\\/image\\\/\",\"url\":\"https:\\\/\\\/lasentinelle.dz\\\/wp-content\\\/uploads\\\/2021\\\/09\\\/logo-sentinelleSLOGAN-1.png\",\"contentUrl\":\"https:\\\/\\\/lasentinelle.dz\\\/wp-content\\\/uploads\\\/2021\\\/09\\\/logo-sentinelleSLOGAN-1.png\",\"width\":615,\"height\":142,\"caption\":\"Quotidien La Sentinelle\"},\"image\":{\"@id\":\"https:\\\/\\\/lasentinelle.dz\\\/#\\\/schema\\\/logo\\\/image\\\/\"},\"sameAs\":[\"https:\\\/\\\/www.facebook.com\\\/La-Sentinelle-104059864394773\"]},{\"@type\":\"Person\",\"@id\":\"https:\\\/\\\/lasentinelle.dz\\\/#\\\/schema\\\/person\\\/d865044e22e70a75174ce8bcad3acfb3\",\"name\":\"La Sentinelle\",\"image\":{\"@type\":\"ImageObject\",\"inLanguage\":\"fr-FR\",\"@id\":\"https:\\\/\\\/secure.gravatar.com\\\/avatar\\\/57de8e5d4b15d43fb361a71fbb36338450fe67865b528a43dd10ef7c51a20392?s=96&d=mm&r=g\",\"url\":\"https:\\\/\\\/secure.gravatar.com\\\/avatar\\\/57de8e5d4b15d43fb361a71fbb36338450fe67865b528a43dd10ef7c51a20392?s=96&d=mm&r=g\",\"contentUrl\":\"https:\\\/\\\/secure.gravatar.com\\\/avatar\\\/57de8e5d4b15d43fb361a71fbb36338450fe67865b528a43dd10ef7c51a20392?s=96&d=mm&r=g\",\"caption\":\"La Sentinelle\"},\"sameAs\":[\"http:\\\/\\\/www.lasentinelle.dz\"],\"url\":\"https:\\\/\\\/lasentinelle.dz\\\/author\\\/redaction\\\/\"}]}<\/script>\n<!-- \/ Yoast SEO plugin. -->","yoast_head_json":{"title":"\u00abLilas\u00a0\u00bb Annaba\u00a0: L\u2019entrep\u00f4t de produits chimiques ravag\u00e9 par un incendie - La Sentinelle","robots":{"index":"index","follow":"follow","max-snippet":"max-snippet:-1","max-image-preview":"max-image-preview:large","max-video-preview":"max-video-preview:-1"},"canonical":"https:\/\/lasentinelle.dz\/index.php\/2022\/10\/24\/lilas-annaba-lentrepot-de-produits-chimiques-ravage-par-un-incendie\/","og_locale":"fr_FR","og_type":"article","og_title":"\u00abLilas\u00a0\u00bb Annaba\u00a0: L\u2019entrep\u00f4t de produits chimiques ravag\u00e9 par un incendie - La Sentinelle","og_description":"Un \u00e9norme incendie s&rsquo;est d\u00e9clar\u00e9 hier, \u00e0 l&rsquo;int\u00e9rieur d\u2019un d\u00e9p\u00f4t de stockage de la soci\u00e9t\u00e9 d&rsquo;articles hygi\u00e9niquesLilasSPA, implant\u00e9e \u00e0 la","og_url":"https:\/\/lasentinelle.dz\/index.php\/2022\/10\/24\/lilas-annaba-lentrepot-de-produits-chimiques-ravage-par-un-incendie\/","og_site_name":"La Sentinelle","article_publisher":"https:\/\/www.facebook.com\/La-Sentinelle-104059864394773","article_published_time":"2022-10-24T21:00:00+00:00","og_image":[{"width":768,"height":409,"url":"https:\/\/lasentinelle.dz\/wp-content\/uploads\/2022\/10\/image_2022-10-24_183819203.png","type":"image\/png"}],"author":"La Sentinelle","twitter_card":"summary_large_image","twitter_misc":{"\u00c9crit par":"La Sentinelle","Dur\u00e9e de lecture estim\u00e9e":"2 minutes"},"schema":{"@context":"https:\/\/schema.org","@graph":[{"@type":"Article","@id":"https:\/\/lasentinelle.dz\/index.php\/2022\/10\/24\/lilas-annaba-lentrepot-de-produits-chimiques-ravage-par-un-incendie\/#article","isPartOf":{"@id":"https:\/\/lasentinelle.dz\/index.php\/2022\/10\/24\/lilas-annaba-lentrepot-de-produits-chimiques-ravage-par-un-incendie\/"},"author":{"name":"La Sentinelle","@id":"https:\/\/lasentinelle.dz\/#\/schema\/person\/d865044e22e70a75174ce8bcad3acfb3"},"headline":"\u00abLilas\u00a0\u00bb Annaba\u00a0: L\u2019entrep\u00f4t de produits chimiques ravag\u00e9 par un incendie","datePublished":"2022-10-24T21:00:00+00:00","mainEntityOfPage":{"@id":"https:\/\/lasentinelle.dz\/index.php\/2022\/10\/24\/lilas-annaba-lentrepot-de-produits-chimiques-ravage-par-un-incendie\/"},"wordCount":359,"commentCount":0,"publisher":{"@id":"https:\/\/lasentinelle.dz\/#organization"},"image":{"@id":"https:\/\/lasentinelle.dz\/index.php\/2022\/10\/24\/lilas-annaba-lentrepot-de-produits-chimiques-ravage-par-un-incendie\/#primaryimage"},"thumbnailUrl":"https:\/\/lasentinelle.dz\/wp-content\/uploads\/2022\/10\/image_2022-10-24_183819203.png","articleSection":["R\u00e9gions"],"inLanguage":"fr-FR","potentialAction":[{"@type":"CommentAction","name":"Comment","target":["https:\/\/lasentinelle.dz\/index.php\/2022\/10\/24\/lilas-annaba-lentrepot-de-produits-chimiques-ravage-par-un-incendie\/#respond"]}]},{"@type":"WebPage","@id":"https:\/\/lasentinelle.dz\/index.php\/2022\/10\/24\/lilas-annaba-lentrepot-de-produits-chimiques-ravage-par-un-incendie\/","url":"https:\/\/lasentinelle.dz\/index.php\/2022\/10\/24\/lilas-annaba-lentrepot-de-produits-chimiques-ravage-par-un-incendie\/","name":"\u00abLilas\u00a0\u00bb Annaba\u00a0: L\u2019entrep\u00f4t de produits chimiques ravag\u00e9 par un incendie - La Sentinelle","isPartOf":{"@id":"https:\/\/lasentinelle.dz\/#website"},"primaryImageOfPage":{"@id":"https:\/\/lasentinelle.dz\/index.php\/2022\/10\/24\/lilas-annaba-lentrepot-de-produits-chimiques-ravage-par-un-incendie\/#primaryimage"},"image":{"@id":"https:\/\/lasentinelle.dz\/index.php\/2022\/10\/24\/lilas-annaba-lentrepot-de-produits-chimiques-ravage-par-un-incendie\/#primaryimage"},"thumbnailUrl":"https:\/\/lasentinelle.dz\/wp-content\/uploads\/2022\/10\/image_2022-10-24_183819203.png","datePublished":"2022-10-24T21:00:00+00:00","breadcrumb":{"@id":"https:\/\/lasentinelle.dz\/index.php\/2022\/10\/24\/lilas-annaba-lentrepot-de-produits-chimiques-ravage-par-un-incendie\/#breadcrumb"},"inLanguage":"fr-FR","potentialAction":[{"@type":"ReadAction","target":["https:\/\/lasentinelle.dz\/index.php\/2022\/10\/24\/lilas-annaba-lentrepot-de-produits-chimiques-ravage-par-un-incendie\/"]}]},{"@type":"ImageObject","inLanguage":"fr-FR","@id":"https:\/\/lasentinelle.dz\/index.php\/2022\/10\/24\/lilas-annaba-lentrepot-de-produits-chimiques-ravage-par-un-incendie\/#primaryimage","url":"https:\/\/lasentinelle.dz\/wp-content\/uploads\/2022\/10\/image_2022-10-24_183819203.png","contentUrl":"https:\/\/lasentinelle.dz\/wp-content\/uploads\/2022\/10\/image_2022-10-24_183819203.png","width":768,"height":409},{"@type":"BreadcrumbList","@id":"https:\/\/lasentinelle.dz\/index.php\/2022\/10\/24\/lilas-annaba-lentrepot-de-produits-chimiques-ravage-par-un-incendie\/#breadcrumb","itemListElement":[{"@type":"ListItem","position":1,"name":"Accueil","item":"https:\/\/lasentinelle.dz\/"},{"@type":"ListItem","position":2,"name":"\u00abLilas\u00a0\u00bb Annaba\u00a0: L\u2019entrep\u00f4t de produits chimiques ravag\u00e9 par un incendie"}]},{"@type":"WebSite","@id":"https:\/\/lasentinelle.dz\/#website","url":"https:\/\/lasentinelle.dz\/","name":"La Sentinelle","description":"Quotidien national d&#039;information","publisher":{"@id":"https:\/\/lasentinelle.dz\/#organization"},"potentialAction":[{"@type":"SearchAction","target":{"@type":"EntryPoint","urlTemplate":"https:\/\/lasentinelle.dz\/?s={search_term_string}"},"query-input":{"@type":"PropertyValueSpecification","valueRequired":true,"valueName":"search_term_string"}}],"inLanguage":"fr-FR"},{"@type":"Organization","@id":"https:\/\/lasentinelle.dz\/#organization","name":"Quotidien La Sentinelle","url":"https:\/\/lasentinelle.dz\/","logo":{"@type":"ImageObject","inLanguage":"fr-FR","@id":"https:\/\/lasentinelle.dz\/#\/schema\/logo\/image\/","url":"https:\/\/lasentinelle.dz\/wp-content\/uploads\/2021\/09\/logo-sentinelleSLOGAN-1.png","contentUrl":"https:\/\/lasentinelle.dz\/wp-content\/uploads\/2021\/09\/logo-sentinelleSLOGAN-1.png","width":615,"height":142,"caption":"Quotidien La Sentinelle"},"image":{"@id":"https:\/\/lasentinelle.dz\/#\/schema\/logo\/image\/"},"sameAs":["https:\/\/www.facebook.com\/La-Sentinelle-104059864394773"]},{"@type":"Person","@id":"https:\/\/lasentinelle.dz\/#\/schema\/person\/d865044e22e70a75174ce8bcad3acfb3","name":"La Sentinelle","image":{"@type":"ImageObject","inLanguage":"fr-FR","@id":"https:\/\/secure.gravatar.com\/avatar\/57de8e5d4b15d43fb361a71fbb36338450fe67865b528a43dd10ef7c51a20392?s=96&d=mm&r=g","url":"https:\/\/secure.gravatar.com\/avatar\/57de8e5d4b15d43fb361a71fbb36338450fe67865b528a43dd10ef7c51a20392?s=96&d=mm&r=g","contentUrl":"https:\/\/secure.gravatar.com\/avatar\/57de8e5d4b15d43fb361a71fbb36338450fe67865b528a43dd10ef7c51a20392?s=96&d=mm&r=g","caption":"La Sentinelle"},"sameAs":["http:\/\/www.lasentinelle.dz"],"url":"https:\/\/lasentinelle.dz\/author\/redaction\/"}]}},"_links":{"self":[{"href":"https:\/\/lasentinelle.dz\/index.php\/wp-json\/wp\/v2\/posts\/29494","targetHints":{"allow":["GET"]}}],"collection":[{"href":"https:\/\/lasentinelle.dz\/index.php\/wp-json\/wp\/v2\/posts"}],"about":[{"href":"https:\/\/lasentinelle.dz\/index.php\/wp-json\/wp\/v2\/types\/post"}],"author":[{"embeddable":true,"href":"https:\/\/lasentinelle.dz\/index.php\/wp-json\/wp\/v2\/users\/3"}],"replies":[{"embeddable":true,"href":"https:\/\/lasentinelle.dz\/index.php\/wp-json\/wp\/v2\/comments?post=29494"}],"version-history":[{"count":1,"href":"https:\/\/lasentinelle.dz\/index.php\/wp-json\/wp\/v2\/posts\/29494\/revisions"}],"predecessor-version":[{"id":29506,"href":"https:\/\/lasentinelle.dz\/index.php\/wp-json\/wp\/v2\/posts\/29494\/revisions\/29506"}],"wp:featuredmedia":[{"embeddable":true,"href":"https:\/\/lasentinelle.dz\/index.php\/wp-json\/wp\/v2\/media\/29505"}],"wp:attachment":[{"href":"https:\/\/lasentinelle.dz\/index.php\/wp-json\/wp\/v2\/media?parent=29494"}],"wp:term":[{"taxonomy":"category","embeddable":true,"href":"https:\/\/lasentinelle.dz\/index.php\/wp-json\/wp\/v2\/categories?post=29494"},{"taxonomy":"post_tag","embeddable":true,"href":"https:\/\/lasentinelle.dz\/index.php\/wp-json\/wp\/v2\/tags?post=29494"}],"curies":[{"name":"wp","href":"https:\/\/api.w.org\/{rel}","templated":true}]}}