{"id":29522,"date":"2022-10-24T22:05:00","date_gmt":"2022-10-24T21:05:00","guid":{"rendered":"https:\/\/lasentinelle.dz\/?p=29522"},"modified":"2022-10-24T19:48:31","modified_gmt":"2022-10-24T18:48:31","slug":"revision-des-codes-communal-et-de-wilaya-le-processus-acheve-avant-la-fin-de-lannee","status":"publish","type":"post","link":"https:\/\/lasentinelle.dz\/index.php\/2022\/10\/24\/revision-des-codes-communal-et-de-wilaya-le-processus-acheve-avant-la-fin-de-lannee\/","title":{"rendered":"R\u00e9vision des Codes communal et de wilaya\u00a0: Le processus achev\u00e9 avant la fin de l\u2019ann\u00e9e"},"content":{"rendered":"\n<p>&nbsp;Apr\u00e8s l\u2019installation du Comit\u00e9 des experts charg\u00e9 de la r\u00e9vision des codes communal et de wilaya, le ministre de l\u2019Int\u00e9rieur, des Collectivit\u00e9s locales et de l\u2019Am\u00e9nagement du territoire, Brahim Merad, a lanc\u00e9 hier des consultations avec les pr\u00e9sidents des groupes parlementaires \u00e0 l\u2019Assembl\u00e9e populaire nationale dans la perspective d\u2019\u00e9toffer et d\u2019enrichir le d\u00e9bat sur lesdits textes.<\/p>\n\n\n\n<p>La r\u00e9vision se fera selon le ministre avant la fin de l\u2019ann\u00e9e en cours, c\u2019est dire que la prochaine loi qui r\u00e9gira la commune et la wilaya sera en vigueur en 2023 comme signe de changement et de r\u00e9forme qui consacrera les pr\u00e9rogatives et les devoirs \u00e0 la fois des \u00e9lus au niveau de la commune et de wilaya.Plusieurs r\u00e9formes seront op\u00e9r\u00e9es sur les deux codes respectifs par le comit\u00e9 d\u2019experts. Il faut rappeler que ce comit\u00e9 est constitu\u00e9 de \u00ab membres des deux chambres du Parlement, des walis, des \u00e9lus locaux, des repr\u00e9sentants de plusieurs instances publiques et de la soci\u00e9t\u00e9 civile, des professeurs universitaires, des experts et des sp\u00e9cialistes \u00bb.Brahim Merad avait d\u00e9clar\u00e9 \u00e0 propos de la r\u00e9vision des deux codes que \u00ab la mission de la r\u00e9vision et de l&rsquo;examen des projets de loi portant codes communal et de wilaya intervient dans le cadre de la concr\u00e9tisation des orientations du pr\u00e9sident de la R\u00e9publique donn\u00e9es lors de la rencontre Gouvernement-walis, tenue en septembre dernier&nbsp;\u00bb.<\/p>\n\n\n\n<p>Le principe r\u00e9it\u00e9r\u00e9 quant \u00e0 cette r\u00e9forme n\u00e9cessaire des codes communal et de wilaya, c\u2019est d\u2019 \u00ab \u00e9laborer et pr\u00e9parer les projets des codes communal et de wilaya et consacrer des concepts et des m\u00e9canismes modernes bas\u00e9s sur les notions de la gouvernance locale, la d\u00e9mocratie participative, la collaboration et la solidarit\u00e9 locale \u00bb, affirme-t-on.<\/p>\n\n\n\n<p>L\u2019un des amendements qui sera mis de l\u2019avant pour donner plus de pr\u00e9rogatives aux \u00e9lus c\u2019est bien \u00ab la mise en place de m\u00e9canismes renfor\u00e7ant le nouveau r\u00f4le des collectivit\u00e9s locales dans le d\u00e9veloppement de l\u2019\u00e9conomie et la croissance locale et la r\u00e9vision de la typologie et la classification des communes selon la sp\u00e9cificit\u00e9 de chacune commune et la diversification de leurs ressources financi\u00e8res \u00bb. Cette nouvelle approche va permettre aux \u00e9lus d\u2019avoir une d\u00e9marche plus souple \u00e0 m\u00eame d\u2019op\u00e9rer des actions en direction de leurs communes dans la perspective de redonner au d\u00e9veloppement local ses lettres de noblesses. La gestion de la fiscalit\u00e9 est le grand enjeu qui taraudait l\u2019esprit des \u00e9lus. Cette r\u00e9forme va permettre aux \u00e9lus d\u2019acc\u00e9der \u00e0 cette gestion tout en \u00e9tant comptable quant \u00e0 la gestion de ce volet sensible, \u00e0 savoir la fiscalit\u00e9 communale et de wilaya.<\/p>\n\n\n\n<p>La d\u00e9centralisation dans la conception des plans de d\u00e9veloppement local est aussi l\u2019une ds amendements qui sera entam\u00e9e dans le but de permettre au P\/APC d\u2019\u00eatre le premier responsable des plans et des programmes de d\u00e9veloppement local. Les experts de la chose publique ont abord\u00e9 ce volet en apportant des clarifications qui font avancer l\u2019id\u00e9e que \u00ab la d\u00e9centralisation consiste en un transfert des centres d\u00e9cisions prises au niveau central vers les walis et, \u00e0 un autre degr\u00e9, aux pr\u00e9sidents des Assembl\u00e9es populaires communales, en les dotant d\u2019une autonomie plus ou moins grande et en leur affectant un budget propre \u00bb. Cette approche figurera dans la r\u00e9vision attendue des codes communal et de wilaya.<\/p>\n\n\n\n<p>La valorisation des territoires est incluse dans la r\u00e9forme pour concevoir une nouvelle conception \u00e0 m\u00eame de tenir compte de la sp\u00e9cificit\u00e9 territoriale et les plans de d\u00e9veloppement local qui correspondent aux communes en question.D&rsquo;ailleurs la nouvelle commission des experts charg\u00e9 de la r\u00e9vision des codes communale et de wilaya&nbsp; s\u2019attellera \u00e0&nbsp; mettre en place de \u00ab nouveaux textes de loi appuyant davantage la d\u00e9centralisation et en mesure de cr\u00e9er des richesses pour financer les collectivit\u00e9s locales \u00bb.Il faut rappeler que sur un total de 1541 communes \u00e0 l\u2019\u00e9chelle nationale, il y a 1000 communes qui sont pauvres ce qui veut dire que la formation de responsables communaux s\u2019impose avec acuit\u00e9 pour les introduire dans le circuit de d\u00e9veloppement locale et la cr\u00e9ation de la richesse.<\/p>\n\n\n\n<p><strong>Rachid Nassouti<\/strong><\/p>\n","protected":false},"excerpt":{"rendered":"<p>&nbsp;Apr\u00e8s l\u2019installation du Comit\u00e9 des experts charg\u00e9 de la r\u00e9vision des codes communal et de wilaya, le ministre de l\u2019Int\u00e9rieur,<\/p>\n","protected":false},"author":3,"featured_media":29529,"comment_status":"open","ping_status":"closed","sticky":false,"template":"","format":"standard","meta":{"colormag_page_container_layout":"default_layout","colormag_page_sidebar_layout":"default_layout","om_disable_all_campaigns":false,"_monsterinsights_skip_tracking":false,"_monsterinsights_sitenote_active":false,"_monsterinsights_sitenote_note":"","_monsterinsights_sitenote_category":0,"footnotes":"","_wpscppro_dont_share_socialmedia":false,"_wpscppro_custom_social_share_image":0,"_facebook_share_type":"","_twitter_share_type":"","_linkedin_share_type":"","_pinterest_share_type":"","_linkedin_share_type_page":"","_instagram_share_type":"","_medium_share_type":"","_threads_share_type":"","_google_business_share_type":"","_selected_social_profile":[],"_wpsp_enable_custom_social_template":false,"_wpsp_social_scheduling":{"enabled":false,"datetime":null,"platforms":[],"status":"template_only","dateOption":"today","timeOption":"now","customDays":"","customHours":"","customDate":"","customTime":"","schedulingType":"absolute"},"_wpsp_active_default_template":true},"categories":[27],"tags":[],"class_list":["post-29522","post","type-post","status-publish","format-standard","has-post-thumbnail","hentry","category-actualite"],"aioseo_notices":[],"yoast_head":"<!-- This site is optimized with the Yoast SEO plugin v27.5 - https:\/\/yoast.com\/product\/yoast-seo-wordpress\/ -->\n<title>R\u00e9vision des Codes communal et de wilaya\u00a0: Le processus achev\u00e9 avant la fin de l\u2019ann\u00e9e - La Sentinelle<\/title>\n<meta name=\"robots\" content=\"index, follow, max-snippet:-1, max-image-preview:large, max-video-preview:-1\" \/>\n<link rel=\"canonical\" href=\"https:\/\/lasentinelle.dz\/index.php\/2022\/10\/24\/revision-des-codes-communal-et-de-wilaya-le-processus-acheve-avant-la-fin-de-lannee\/\" \/>\n<meta property=\"og:locale\" content=\"fr_FR\" \/>\n<meta property=\"og:type\" content=\"article\" \/>\n<meta property=\"og:title\" content=\"R\u00e9vision des Codes communal et de wilaya\u00a0: Le processus achev\u00e9 avant la fin de l\u2019ann\u00e9e - La Sentinelle\" \/>\n<meta property=\"og:description\" content=\"&nbsp;Apr\u00e8s l\u2019installation du Comit\u00e9 des experts charg\u00e9 de la r\u00e9vision des codes communal et de wilaya, le ministre de l\u2019Int\u00e9rieur,\" \/>\n<meta property=\"og:url\" content=\"https:\/\/lasentinelle.dz\/index.php\/2022\/10\/24\/revision-des-codes-communal-et-de-wilaya-le-processus-acheve-avant-la-fin-de-lannee\/\" \/>\n<meta property=\"og:site_name\" content=\"La Sentinelle\" \/>\n<meta property=\"article:publisher\" content=\"https:\/\/www.facebook.com\/La-Sentinelle-104059864394773\" \/>\n<meta property=\"article:published_time\" content=\"2022-10-24T21:05:00+00:00\" \/>\n<meta property=\"og:image\" content=\"https:\/\/lasentinelle.dz\/wp-content\/uploads\/2022\/10\/Sans-titre-5-6.png\" \/>\n\t<meta property=\"og:image:width\" content=\"1350\" \/>\n\t<meta property=\"og:image:height\" content=\"900\" \/>\n\t<meta property=\"og:image:type\" content=\"image\/png\" \/>\n<meta name=\"author\" content=\"La Sentinelle\" \/>\n<meta name=\"twitter:card\" content=\"summary_large_image\" \/>\n<meta name=\"twitter:label1\" content=\"\u00c9crit par\" \/>\n\t<meta name=\"twitter:data1\" content=\"La Sentinelle\" \/>\n\t<meta name=\"twitter:label2\" content=\"Dur\u00e9e de lecture estim\u00e9e\" \/>\n\t<meta name=\"twitter:data2\" content=\"4 minutes\" \/>\n<script type=\"application\/ld+json\" class=\"yoast-schema-graph\">{\"@context\":\"https:\\\/\\\/schema.org\",\"@graph\":[{\"@type\":\"Article\",\"@id\":\"https:\\\/\\\/lasentinelle.dz\\\/index.php\\\/2022\\\/10\\\/24\\\/revision-des-codes-communal-et-de-wilaya-le-processus-acheve-avant-la-fin-de-lannee\\\/#article\",\"isPartOf\":{\"@id\":\"https:\\\/\\\/lasentinelle.dz\\\/index.php\\\/2022\\\/10\\\/24\\\/revision-des-codes-communal-et-de-wilaya-le-processus-acheve-avant-la-fin-de-lannee\\\/\"},\"author\":{\"name\":\"La Sentinelle\",\"@id\":\"https:\\\/\\\/lasentinelle.dz\\\/#\\\/schema\\\/person\\\/d865044e22e70a75174ce8bcad3acfb3\"},\"headline\":\"R\u00e9vision des Codes communal et de wilaya\u00a0: Le processus achev\u00e9 avant la fin de l\u2019ann\u00e9e\",\"datePublished\":\"2022-10-24T21:05:00+00:00\",\"mainEntityOfPage\":{\"@id\":\"https:\\\/\\\/lasentinelle.dz\\\/index.php\\\/2022\\\/10\\\/24\\\/revision-des-codes-communal-et-de-wilaya-le-processus-acheve-avant-la-fin-de-lannee\\\/\"},\"wordCount\":760,\"commentCount\":1,\"publisher\":{\"@id\":\"https:\\\/\\\/lasentinelle.dz\\\/#organization\"},\"image\":{\"@id\":\"https:\\\/\\\/lasentinelle.dz\\\/index.php\\\/2022\\\/10\\\/24\\\/revision-des-codes-communal-et-de-wilaya-le-processus-acheve-avant-la-fin-de-lannee\\\/#primaryimage\"},\"thumbnailUrl\":\"https:\\\/\\\/lasentinelle.dz\\\/wp-content\\\/uploads\\\/2022\\\/10\\\/Sans-titre-5-6.png\",\"articleSection\":[\"Actualit\u00e9\"],\"inLanguage\":\"fr-FR\",\"potentialAction\":[{\"@type\":\"CommentAction\",\"name\":\"Comment\",\"target\":[\"https:\\\/\\\/lasentinelle.dz\\\/index.php\\\/2022\\\/10\\\/24\\\/revision-des-codes-communal-et-de-wilaya-le-processus-acheve-avant-la-fin-de-lannee\\\/#respond\"]}]},{\"@type\":\"WebPage\",\"@id\":\"https:\\\/\\\/lasentinelle.dz\\\/index.php\\\/2022\\\/10\\\/24\\\/revision-des-codes-communal-et-de-wilaya-le-processus-acheve-avant-la-fin-de-lannee\\\/\",\"url\":\"https:\\\/\\\/lasentinelle.dz\\\/index.php\\\/2022\\\/10\\\/24\\\/revision-des-codes-communal-et-de-wilaya-le-processus-acheve-avant-la-fin-de-lannee\\\/\",\"name\":\"R\u00e9vision des Codes communal et de wilaya\u00a0: Le processus achev\u00e9 avant la fin de l\u2019ann\u00e9e - La Sentinelle\",\"isPartOf\":{\"@id\":\"https:\\\/\\\/lasentinelle.dz\\\/#website\"},\"primaryImageOfPage\":{\"@id\":\"https:\\\/\\\/lasentinelle.dz\\\/index.php\\\/2022\\\/10\\\/24\\\/revision-des-codes-communal-et-de-wilaya-le-processus-acheve-avant-la-fin-de-lannee\\\/#primaryimage\"},\"image\":{\"@id\":\"https:\\\/\\\/lasentinelle.dz\\\/index.php\\\/2022\\\/10\\\/24\\\/revision-des-codes-communal-et-de-wilaya-le-processus-acheve-avant-la-fin-de-lannee\\\/#primaryimage\"},\"thumbnailUrl\":\"https:\\\/\\\/lasentinelle.dz\\\/wp-content\\\/uploads\\\/2022\\\/10\\\/Sans-titre-5-6.png\",\"datePublished\":\"2022-10-24T21:05:00+00:00\",\"breadcrumb\":{\"@id\":\"https:\\\/\\\/lasentinelle.dz\\\/index.php\\\/2022\\\/10\\\/24\\\/revision-des-codes-communal-et-de-wilaya-le-processus-acheve-avant-la-fin-de-lannee\\\/#breadcrumb\"},\"inLanguage\":\"fr-FR\",\"potentialAction\":[{\"@type\":\"ReadAction\",\"target\":[\"https:\\\/\\\/lasentinelle.dz\\\/index.php\\\/2022\\\/10\\\/24\\\/revision-des-codes-communal-et-de-wilaya-le-processus-acheve-avant-la-fin-de-lannee\\\/\"]}]},{\"@type\":\"ImageObject\",\"inLanguage\":\"fr-FR\",\"@id\":\"https:\\\/\\\/lasentinelle.dz\\\/index.php\\\/2022\\\/10\\\/24\\\/revision-des-codes-communal-et-de-wilaya-le-processus-acheve-avant-la-fin-de-lannee\\\/#primaryimage\",\"url\":\"https:\\\/\\\/lasentinelle.dz\\\/wp-content\\\/uploads\\\/2022\\\/10\\\/Sans-titre-5-6.png\",\"contentUrl\":\"https:\\\/\\\/lasentinelle.dz\\\/wp-content\\\/uploads\\\/2022\\\/10\\\/Sans-titre-5-6.png\",\"width\":1350,\"height\":900},{\"@type\":\"BreadcrumbList\",\"@id\":\"https:\\\/\\\/lasentinelle.dz\\\/index.php\\\/2022\\\/10\\\/24\\\/revision-des-codes-communal-et-de-wilaya-le-processus-acheve-avant-la-fin-de-lannee\\\/#breadcrumb\",\"itemListElement\":[{\"@type\":\"ListItem\",\"position\":1,\"name\":\"Accueil\",\"item\":\"https:\\\/\\\/lasentinelle.dz\\\/\"},{\"@type\":\"ListItem\",\"position\":2,\"name\":\"R\u00e9vision des Codes communal et de wilaya\u00a0: Le processus achev\u00e9 avant la fin de l\u2019ann\u00e9e\"}]},{\"@type\":\"WebSite\",\"@id\":\"https:\\\/\\\/lasentinelle.dz\\\/#website\",\"url\":\"https:\\\/\\\/lasentinelle.dz\\\/\",\"name\":\"La Sentinelle\",\"description\":\"Quotidien national d&#039;information\",\"publisher\":{\"@id\":\"https:\\\/\\\/lasentinelle.dz\\\/#organization\"},\"potentialAction\":[{\"@type\":\"SearchAction\",\"target\":{\"@type\":\"EntryPoint\",\"urlTemplate\":\"https:\\\/\\\/lasentinelle.dz\\\/?s={search_term_string}\"},\"query-input\":{\"@type\":\"PropertyValueSpecification\",\"valueRequired\":true,\"valueName\":\"search_term_string\"}}],\"inLanguage\":\"fr-FR\"},{\"@type\":\"Organization\",\"@id\":\"https:\\\/\\\/lasentinelle.dz\\\/#organization\",\"name\":\"Quotidien La Sentinelle\",\"url\":\"https:\\\/\\\/lasentinelle.dz\\\/\",\"logo\":{\"@type\":\"ImageObject\",\"inLanguage\":\"fr-FR\",\"@id\":\"https:\\\/\\\/lasentinelle.dz\\\/#\\\/schema\\\/logo\\\/image\\\/\",\"url\":\"https:\\\/\\\/lasentinelle.dz\\\/wp-content\\\/uploads\\\/2021\\\/09\\\/logo-sentinelleSLOGAN-1.png\",\"contentUrl\":\"https:\\\/\\\/lasentinelle.dz\\\/wp-content\\\/uploads\\\/2021\\\/09\\\/logo-sentinelleSLOGAN-1.png\",\"width\":615,\"height\":142,\"caption\":\"Quotidien La Sentinelle\"},\"image\":{\"@id\":\"https:\\\/\\\/lasentinelle.dz\\\/#\\\/schema\\\/logo\\\/image\\\/\"},\"sameAs\":[\"https:\\\/\\\/www.facebook.com\\\/La-Sentinelle-104059864394773\"]},{\"@type\":\"Person\",\"@id\":\"https:\\\/\\\/lasentinelle.dz\\\/#\\\/schema\\\/person\\\/d865044e22e70a75174ce8bcad3acfb3\",\"name\":\"La Sentinelle\",\"image\":{\"@type\":\"ImageObject\",\"inLanguage\":\"fr-FR\",\"@id\":\"https:\\\/\\\/secure.gravatar.com\\\/avatar\\\/57de8e5d4b15d43fb361a71fbb36338450fe67865b528a43dd10ef7c51a20392?s=96&d=mm&r=g\",\"url\":\"https:\\\/\\\/secure.gravatar.com\\\/avatar\\\/57de8e5d4b15d43fb361a71fbb36338450fe67865b528a43dd10ef7c51a20392?s=96&d=mm&r=g\",\"contentUrl\":\"https:\\\/\\\/secure.gravatar.com\\\/avatar\\\/57de8e5d4b15d43fb361a71fbb36338450fe67865b528a43dd10ef7c51a20392?s=96&d=mm&r=g\",\"caption\":\"La Sentinelle\"},\"sameAs\":[\"http:\\\/\\\/www.lasentinelle.dz\"],\"url\":\"https:\\\/\\\/lasentinelle.dz\\\/author\\\/redaction\\\/\"}]}<\/script>\n<!-- \/ Yoast SEO plugin. -->","yoast_head_json":{"title":"R\u00e9vision des Codes communal et de wilaya\u00a0: Le processus achev\u00e9 avant la fin de l\u2019ann\u00e9e - La Sentinelle","robots":{"index":"index","follow":"follow","max-snippet":"max-snippet:-1","max-image-preview":"max-image-preview:large","max-video-preview":"max-video-preview:-1"},"canonical":"https:\/\/lasentinelle.dz\/index.php\/2022\/10\/24\/revision-des-codes-communal-et-de-wilaya-le-processus-acheve-avant-la-fin-de-lannee\/","og_locale":"fr_FR","og_type":"article","og_title":"R\u00e9vision des Codes communal et de wilaya\u00a0: Le processus achev\u00e9 avant la fin de l\u2019ann\u00e9e - La Sentinelle","og_description":"&nbsp;Apr\u00e8s l\u2019installation du Comit\u00e9 des experts charg\u00e9 de la r\u00e9vision des codes communal et de wilaya, le ministre de l\u2019Int\u00e9rieur,","og_url":"https:\/\/lasentinelle.dz\/index.php\/2022\/10\/24\/revision-des-codes-communal-et-de-wilaya-le-processus-acheve-avant-la-fin-de-lannee\/","og_site_name":"La Sentinelle","article_publisher":"https:\/\/www.facebook.com\/La-Sentinelle-104059864394773","article_published_time":"2022-10-24T21:05:00+00:00","og_image":[{"width":1350,"height":900,"url":"https:\/\/lasentinelle.dz\/wp-content\/uploads\/2022\/10\/Sans-titre-5-6.png","type":"image\/png"}],"author":"La Sentinelle","twitter_card":"summary_large_image","twitter_misc":{"\u00c9crit par":"La Sentinelle","Dur\u00e9e de lecture estim\u00e9e":"4 minutes"},"schema":{"@context":"https:\/\/schema.org","@graph":[{"@type":"Article","@id":"https:\/\/lasentinelle.dz\/index.php\/2022\/10\/24\/revision-des-codes-communal-et-de-wilaya-le-processus-acheve-avant-la-fin-de-lannee\/#article","isPartOf":{"@id":"https:\/\/lasentinelle.dz\/index.php\/2022\/10\/24\/revision-des-codes-communal-et-de-wilaya-le-processus-acheve-avant-la-fin-de-lannee\/"},"author":{"name":"La Sentinelle","@id":"https:\/\/lasentinelle.dz\/#\/schema\/person\/d865044e22e70a75174ce8bcad3acfb3"},"headline":"R\u00e9vision des Codes communal et de wilaya\u00a0: Le processus achev\u00e9 avant la fin de l\u2019ann\u00e9e","datePublished":"2022-10-24T21:05:00+00:00","mainEntityOfPage":{"@id":"https:\/\/lasentinelle.dz\/index.php\/2022\/10\/24\/revision-des-codes-communal-et-de-wilaya-le-processus-acheve-avant-la-fin-de-lannee\/"},"wordCount":760,"commentCount":1,"publisher":{"@id":"https:\/\/lasentinelle.dz\/#organization"},"image":{"@id":"https:\/\/lasentinelle.dz\/index.php\/2022\/10\/24\/revision-des-codes-communal-et-de-wilaya-le-processus-acheve-avant-la-fin-de-lannee\/#primaryimage"},"thumbnailUrl":"https:\/\/lasentinelle.dz\/wp-content\/uploads\/2022\/10\/Sans-titre-5-6.png","articleSection":["Actualit\u00e9"],"inLanguage":"fr-FR","potentialAction":[{"@type":"CommentAction","name":"Comment","target":["https:\/\/lasentinelle.dz\/index.php\/2022\/10\/24\/revision-des-codes-communal-et-de-wilaya-le-processus-acheve-avant-la-fin-de-lannee\/#respond"]}]},{"@type":"WebPage","@id":"https:\/\/lasentinelle.dz\/index.php\/2022\/10\/24\/revision-des-codes-communal-et-de-wilaya-le-processus-acheve-avant-la-fin-de-lannee\/","url":"https:\/\/lasentinelle.dz\/index.php\/2022\/10\/24\/revision-des-codes-communal-et-de-wilaya-le-processus-acheve-avant-la-fin-de-lannee\/","name":"R\u00e9vision des Codes communal et de wilaya\u00a0: Le processus achev\u00e9 avant la fin de l\u2019ann\u00e9e - La Sentinelle","isPartOf":{"@id":"https:\/\/lasentinelle.dz\/#website"},"primaryImageOfPage":{"@id":"https:\/\/lasentinelle.dz\/index.php\/2022\/10\/24\/revision-des-codes-communal-et-de-wilaya-le-processus-acheve-avant-la-fin-de-lannee\/#primaryimage"},"image":{"@id":"https:\/\/lasentinelle.dz\/index.php\/2022\/10\/24\/revision-des-codes-communal-et-de-wilaya-le-processus-acheve-avant-la-fin-de-lannee\/#primaryimage"},"thumbnailUrl":"https:\/\/lasentinelle.dz\/wp-content\/uploads\/2022\/10\/Sans-titre-5-6.png","datePublished":"2022-10-24T21:05:00+00:00","breadcrumb":{"@id":"https:\/\/lasentinelle.dz\/index.php\/2022\/10\/24\/revision-des-codes-communal-et-de-wilaya-le-processus-acheve-avant-la-fin-de-lannee\/#breadcrumb"},"inLanguage":"fr-FR","potentialAction":[{"@type":"ReadAction","target":["https:\/\/lasentinelle.dz\/index.php\/2022\/10\/24\/revision-des-codes-communal-et-de-wilaya-le-processus-acheve-avant-la-fin-de-lannee\/"]}]},{"@type":"ImageObject","inLanguage":"fr-FR","@id":"https:\/\/lasentinelle.dz\/index.php\/2022\/10\/24\/revision-des-codes-communal-et-de-wilaya-le-processus-acheve-avant-la-fin-de-lannee\/#primaryimage","url":"https:\/\/lasentinelle.dz\/wp-content\/uploads\/2022\/10\/Sans-titre-5-6.png","contentUrl":"https:\/\/lasentinelle.dz\/wp-content\/uploads\/2022\/10\/Sans-titre-5-6.png","width":1350,"height":900},{"@type":"BreadcrumbList","@id":"https:\/\/lasentinelle.dz\/index.php\/2022\/10\/24\/revision-des-codes-communal-et-de-wilaya-le-processus-acheve-avant-la-fin-de-lannee\/#breadcrumb","itemListElement":[{"@type":"ListItem","position":1,"name":"Accueil","item":"https:\/\/lasentinelle.dz\/"},{"@type":"ListItem","position":2,"name":"R\u00e9vision des Codes communal et de wilaya\u00a0: Le processus achev\u00e9 avant la fin de l\u2019ann\u00e9e"}]},{"@type":"WebSite","@id":"https:\/\/lasentinelle.dz\/#website","url":"https:\/\/lasentinelle.dz\/","name":"La Sentinelle","description":"Quotidien national d&#039;information","publisher":{"@id":"https:\/\/lasentinelle.dz\/#organization"},"potentialAction":[{"@type":"SearchAction","target":{"@type":"EntryPoint","urlTemplate":"https:\/\/lasentinelle.dz\/?s={search_term_string}"},"query-input":{"@type":"PropertyValueSpecification","valueRequired":true,"valueName":"search_term_string"}}],"inLanguage":"fr-FR"},{"@type":"Organization","@id":"https:\/\/lasentinelle.dz\/#organization","name":"Quotidien La Sentinelle","url":"https:\/\/lasentinelle.dz\/","logo":{"@type":"ImageObject","inLanguage":"fr-FR","@id":"https:\/\/lasentinelle.dz\/#\/schema\/logo\/image\/","url":"https:\/\/lasentinelle.dz\/wp-content\/uploads\/2021\/09\/logo-sentinelleSLOGAN-1.png","contentUrl":"https:\/\/lasentinelle.dz\/wp-content\/uploads\/2021\/09\/logo-sentinelleSLOGAN-1.png","width":615,"height":142,"caption":"Quotidien La Sentinelle"},"image":{"@id":"https:\/\/lasentinelle.dz\/#\/schema\/logo\/image\/"},"sameAs":["https:\/\/www.facebook.com\/La-Sentinelle-104059864394773"]},{"@type":"Person","@id":"https:\/\/lasentinelle.dz\/#\/schema\/person\/d865044e22e70a75174ce8bcad3acfb3","name":"La Sentinelle","image":{"@type":"ImageObject","inLanguage":"fr-FR","@id":"https:\/\/secure.gravatar.com\/avatar\/57de8e5d4b15d43fb361a71fbb36338450fe67865b528a43dd10ef7c51a20392?s=96&d=mm&r=g","url":"https:\/\/secure.gravatar.com\/avatar\/57de8e5d4b15d43fb361a71fbb36338450fe67865b528a43dd10ef7c51a20392?s=96&d=mm&r=g","contentUrl":"https:\/\/secure.gravatar.com\/avatar\/57de8e5d4b15d43fb361a71fbb36338450fe67865b528a43dd10ef7c51a20392?s=96&d=mm&r=g","caption":"La Sentinelle"},"sameAs":["http:\/\/www.lasentinelle.dz"],"url":"https:\/\/lasentinelle.dz\/author\/redaction\/"}]}},"_links":{"self":[{"href":"https:\/\/lasentinelle.dz\/index.php\/wp-json\/wp\/v2\/posts\/29522","targetHints":{"allow":["GET"]}}],"collection":[{"href":"https:\/\/lasentinelle.dz\/index.php\/wp-json\/wp\/v2\/posts"}],"about":[{"href":"https:\/\/lasentinelle.dz\/index.php\/wp-json\/wp\/v2\/types\/post"}],"author":[{"embeddable":true,"href":"https:\/\/lasentinelle.dz\/index.php\/wp-json\/wp\/v2\/users\/3"}],"replies":[{"embeddable":true,"href":"https:\/\/lasentinelle.dz\/index.php\/wp-json\/wp\/v2\/comments?post=29522"}],"version-history":[{"count":1,"href":"https:\/\/lasentinelle.dz\/index.php\/wp-json\/wp\/v2\/posts\/29522\/revisions"}],"predecessor-version":[{"id":29531,"href":"https:\/\/lasentinelle.dz\/index.php\/wp-json\/wp\/v2\/posts\/29522\/revisions\/29531"}],"wp:featuredmedia":[{"embeddable":true,"href":"https:\/\/lasentinelle.dz\/index.php\/wp-json\/wp\/v2\/media\/29529"}],"wp:attachment":[{"href":"https:\/\/lasentinelle.dz\/index.php\/wp-json\/wp\/v2\/media?parent=29522"}],"wp:term":[{"taxonomy":"category","embeddable":true,"href":"https:\/\/lasentinelle.dz\/index.php\/wp-json\/wp\/v2\/categories?post=29522"},{"taxonomy":"post_tag","embeddable":true,"href":"https:\/\/lasentinelle.dz\/index.php\/wp-json\/wp\/v2\/tags?post=29522"}],"curies":[{"name":"wp","href":"https:\/\/api.w.org\/{rel}","templated":true}]}}