{"id":29544,"date":"2022-10-24T22:05:00","date_gmt":"2022-10-24T21:05:00","guid":{"rendered":"https:\/\/lasentinelle.dz\/?p=29544"},"modified":"2022-10-24T20:27:24","modified_gmt":"2022-10-24T19:27:24","slug":"education-nationale-vers-lelaboration-de-fichiers-definissant-les-acquis-scolaires-des-eleves-du-primaire","status":"publish","type":"post","link":"https:\/\/lasentinelle.dz\/index.php\/2022\/10\/24\/education-nationale-vers-lelaboration-de-fichiers-definissant-les-acquis-scolaires-des-eleves-du-primaire\/","title":{"rendered":"\u00c9ducation nationale\u00a0: Vers l\u2019\u00e9laboration de fichiers d\u00e9finissant les acquis scolaires des \u00e9l\u00e8ves du primaire"},"content":{"rendered":"\n<p>Des fichiers seront cr\u00e9\u00e9s afin de d\u00e9finir les acquis scolaires des \u00e9l\u00e8ves du palier primaire dans toutes les mati\u00e8res, a annonc\u00e9 hier \u00e0 Constantine le pr\u00e9sident du Conseil national des programmes (CNP) aupr\u00e8s du minist\u00e8re de l\u2019Education Nationale, Abdallah Loucif.Dans une d\u00e9claration \u00e0 la presse en marge d\u2019une conf\u00e9rence r\u00e9gionale sur \u00ab\u00a0les acquis des \u00e9l\u00e8ves du palier primaire de l\u2019Enseignement\u00a0\u00bb regroupant 15 wilayas du pays \u00e0 la salle des conf\u00e9rences de l\u2019APW, M. Loucif a indiqu\u00e9 que ces fichiers constituent \u00ab\u00a0le maillon perdu\u00a0\u00bb entre les deux paliers du primaire et du moyen, estimant qu\u2019ils devront fournir une id\u00e9e claire sur les acquis et les difficult\u00e9s de chaque \u00e9l\u00e8ve qui passe au palier moyen.Cette mesure permettra de \u00ab\u00a0d\u00e9finir avec pr\u00e9cision les acquis non obtenus par l\u2019\u00e9l\u00e8ve afin de les traiter p\u00e9dagogiquement d\u00e8s le d\u00e9but de l\u2019ann\u00e9e scolaire\u00a0\u00bb, a affirm\u00e9 le pr\u00e9sident du CNP qui a soulign\u00e9 que l\u2019op\u00e9ration s\u2019inscrit dans le cadre de la mise en \u0153uvre du plan de travail du Gouvernement concernant notamment la r\u00e9vision du syst\u00e8me des examens scolaires.L\u2019objectif, a-t-il ajout\u00e9, de ces rencontres est d\u2019\u00e9tablir \u00ab\u00a0une synth\u00e8se des propositions issues des ateliers organis\u00e9s au niveau des wilayas le 22 octobre courant par le personnel du secteur\u00a0\u00bb.M. Loucif a ajout\u00e9 que les \u00e9tudes r\u00e9alis\u00e9es chaque ann\u00e9e par le minist\u00e8re de tutelle ont montr\u00e9 \u00ab\u00a0un taux \u00e9lev\u00e9 d\u2019\u00e9chec chez les \u00e9l\u00e8ves de premi\u00e8re ann\u00e9e moyenne en raison de l\u2019absence d\u2019une approche globale et claire des capacit\u00e9s des \u00e9l\u00e8ves qui passent du primaire au secondaire\u00a0\u00bb, soulignant que l\u2019examen des \u00e9l\u00e8ves dans toutes les mati\u00e8res en fin du palier primaire (au lieu de seulement trois mati\u00e8res) permettra de diagnostiquer avec minutie les acquis de chaque \u00e9l\u00e8ve et de les porter sur des fichiers de sorte \u00e0 en conna\u00eetre ses performances et d\u2019en d\u00e9terminer les insuffisances.La rencontre a donn\u00e9 lieu \u00e0 la tenue d\u2019ateliers th\u00e9matiques sur la langue arabe, le Fran\u00e7ais, tamazight, les math\u00e9matiques et l\u2019\u00e9ducation scientifique et technologique.<\/p>\n\n\n\n<p>APS<\/p>\n","protected":false},"excerpt":{"rendered":"<p>Des fichiers seront cr\u00e9\u00e9s afin de d\u00e9finir les acquis scolaires des \u00e9l\u00e8ves du palier primaire dans toutes les mati\u00e8res, a<\/p>\n","protected":false},"author":3,"featured_media":29551,"comment_status":"open","ping_status":"closed","sticky":false,"template":"","format":"standard","meta":{"colormag_page_container_layout":"default_layout","colormag_page_sidebar_layout":"default_layout","om_disable_all_campaigns":false,"_monsterinsights_skip_tracking":false,"_monsterinsights_sitenote_active":false,"_monsterinsights_sitenote_note":"","_monsterinsights_sitenote_category":0,"footnotes":"","_wpscppro_dont_share_socialmedia":false,"_wpscppro_custom_social_share_image":0,"_facebook_share_type":"","_twitter_share_type":"","_linkedin_share_type":"","_pinterest_share_type":"","_linkedin_share_type_page":"","_instagram_share_type":"","_medium_share_type":"","_threads_share_type":"","_google_business_share_type":"","_selected_social_profile":[],"_wpsp_enable_custom_social_template":false,"_wpsp_social_scheduling":{"enabled":false,"datetime":null,"platforms":[],"status":"template_only","dateOption":"today","timeOption":"now","customDays":"","customHours":"","customDate":"","customTime":"","schedulingType":"absolute"},"_wpsp_active_default_template":true},"categories":[27],"tags":[],"class_list":["post-29544","post","type-post","status-publish","format-standard","has-post-thumbnail","hentry","category-actualite"],"aioseo_notices":[],"yoast_head":"<!-- This site is optimized with the Yoast SEO plugin v27.5 - https:\/\/yoast.com\/product\/yoast-seo-wordpress\/ -->\n<title>\u00c9ducation nationale\u00a0: Vers l\u2019\u00e9laboration de fichiers d\u00e9finissant les acquis scolaires des \u00e9l\u00e8ves du primaire - La Sentinelle<\/title>\n<meta name=\"robots\" content=\"index, follow, max-snippet:-1, max-image-preview:large, max-video-preview:-1\" \/>\n<link rel=\"canonical\" href=\"https:\/\/lasentinelle.dz\/index.php\/2022\/10\/24\/education-nationale-vers-lelaboration-de-fichiers-definissant-les-acquis-scolaires-des-eleves-du-primaire\/\" \/>\n<meta property=\"og:locale\" content=\"fr_FR\" \/>\n<meta property=\"og:type\" content=\"article\" \/>\n<meta property=\"og:title\" content=\"\u00c9ducation nationale\u00a0: Vers l\u2019\u00e9laboration de fichiers d\u00e9finissant les acquis scolaires des \u00e9l\u00e8ves du primaire - La Sentinelle\" \/>\n<meta property=\"og:description\" content=\"Des fichiers seront cr\u00e9\u00e9s afin de d\u00e9finir les acquis scolaires des \u00e9l\u00e8ves du palier primaire dans toutes les mati\u00e8res, a\" \/>\n<meta property=\"og:url\" content=\"https:\/\/lasentinelle.dz\/index.php\/2022\/10\/24\/education-nationale-vers-lelaboration-de-fichiers-definissant-les-acquis-scolaires-des-eleves-du-primaire\/\" \/>\n<meta property=\"og:site_name\" content=\"La Sentinelle\" \/>\n<meta property=\"article:publisher\" content=\"https:\/\/www.facebook.com\/La-Sentinelle-104059864394773\" \/>\n<meta property=\"article:published_time\" content=\"2022-10-24T21:05:00+00:00\" \/>\n<meta property=\"og:image\" content=\"https:\/\/lasentinelle.dz\/wp-content\/uploads\/2022\/10\/Sans-titre-11.png\" \/>\n\t<meta property=\"og:image:width\" content=\"1352\" \/>\n\t<meta property=\"og:image:height\" content=\"900\" \/>\n\t<meta property=\"og:image:type\" content=\"image\/png\" \/>\n<meta name=\"author\" content=\"La Sentinelle\" \/>\n<meta name=\"twitter:card\" content=\"summary_large_image\" \/>\n<meta name=\"twitter:label1\" content=\"\u00c9crit par\" \/>\n\t<meta name=\"twitter:data1\" content=\"La Sentinelle\" \/>\n\t<meta name=\"twitter:label2\" content=\"Dur\u00e9e de lecture estim\u00e9e\" \/>\n\t<meta name=\"twitter:data2\" content=\"2 minutes\" \/>\n<script type=\"application\/ld+json\" class=\"yoast-schema-graph\">{\"@context\":\"https:\\\/\\\/schema.org\",\"@graph\":[{\"@type\":\"Article\",\"@id\":\"https:\\\/\\\/lasentinelle.dz\\\/index.php\\\/2022\\\/10\\\/24\\\/education-nationale-vers-lelaboration-de-fichiers-definissant-les-acquis-scolaires-des-eleves-du-primaire\\\/#article\",\"isPartOf\":{\"@id\":\"https:\\\/\\\/lasentinelle.dz\\\/index.php\\\/2022\\\/10\\\/24\\\/education-nationale-vers-lelaboration-de-fichiers-definissant-les-acquis-scolaires-des-eleves-du-primaire\\\/\"},\"author\":{\"name\":\"La Sentinelle\",\"@id\":\"https:\\\/\\\/lasentinelle.dz\\\/#\\\/schema\\\/person\\\/d865044e22e70a75174ce8bcad3acfb3\"},\"headline\":\"\u00c9ducation nationale\u00a0: Vers l\u2019\u00e9laboration de fichiers d\u00e9finissant les acquis scolaires des \u00e9l\u00e8ves du primaire\",\"datePublished\":\"2022-10-24T21:05:00+00:00\",\"mainEntityOfPage\":{\"@id\":\"https:\\\/\\\/lasentinelle.dz\\\/index.php\\\/2022\\\/10\\\/24\\\/education-nationale-vers-lelaboration-de-fichiers-definissant-les-acquis-scolaires-des-eleves-du-primaire\\\/\"},\"wordCount\":397,\"commentCount\":0,\"publisher\":{\"@id\":\"https:\\\/\\\/lasentinelle.dz\\\/#organization\"},\"image\":{\"@id\":\"https:\\\/\\\/lasentinelle.dz\\\/index.php\\\/2022\\\/10\\\/24\\\/education-nationale-vers-lelaboration-de-fichiers-definissant-les-acquis-scolaires-des-eleves-du-primaire\\\/#primaryimage\"},\"thumbnailUrl\":\"https:\\\/\\\/lasentinelle.dz\\\/wp-content\\\/uploads\\\/2022\\\/10\\\/Sans-titre-11.png\",\"articleSection\":[\"Actualit\u00e9\"],\"inLanguage\":\"fr-FR\",\"potentialAction\":[{\"@type\":\"CommentAction\",\"name\":\"Comment\",\"target\":[\"https:\\\/\\\/lasentinelle.dz\\\/index.php\\\/2022\\\/10\\\/24\\\/education-nationale-vers-lelaboration-de-fichiers-definissant-les-acquis-scolaires-des-eleves-du-primaire\\\/#respond\"]}]},{\"@type\":\"WebPage\",\"@id\":\"https:\\\/\\\/lasentinelle.dz\\\/index.php\\\/2022\\\/10\\\/24\\\/education-nationale-vers-lelaboration-de-fichiers-definissant-les-acquis-scolaires-des-eleves-du-primaire\\\/\",\"url\":\"https:\\\/\\\/lasentinelle.dz\\\/index.php\\\/2022\\\/10\\\/24\\\/education-nationale-vers-lelaboration-de-fichiers-definissant-les-acquis-scolaires-des-eleves-du-primaire\\\/\",\"name\":\"\u00c9ducation nationale\u00a0: Vers l\u2019\u00e9laboration de fichiers d\u00e9finissant les acquis scolaires des \u00e9l\u00e8ves du primaire - La Sentinelle\",\"isPartOf\":{\"@id\":\"https:\\\/\\\/lasentinelle.dz\\\/#website\"},\"primaryImageOfPage\":{\"@id\":\"https:\\\/\\\/lasentinelle.dz\\\/index.php\\\/2022\\\/10\\\/24\\\/education-nationale-vers-lelaboration-de-fichiers-definissant-les-acquis-scolaires-des-eleves-du-primaire\\\/#primaryimage\"},\"image\":{\"@id\":\"https:\\\/\\\/lasentinelle.dz\\\/index.php\\\/2022\\\/10\\\/24\\\/education-nationale-vers-lelaboration-de-fichiers-definissant-les-acquis-scolaires-des-eleves-du-primaire\\\/#primaryimage\"},\"thumbnailUrl\":\"https:\\\/\\\/lasentinelle.dz\\\/wp-content\\\/uploads\\\/2022\\\/10\\\/Sans-titre-11.png\",\"datePublished\":\"2022-10-24T21:05:00+00:00\",\"breadcrumb\":{\"@id\":\"https:\\\/\\\/lasentinelle.dz\\\/index.php\\\/2022\\\/10\\\/24\\\/education-nationale-vers-lelaboration-de-fichiers-definissant-les-acquis-scolaires-des-eleves-du-primaire\\\/#breadcrumb\"},\"inLanguage\":\"fr-FR\",\"potentialAction\":[{\"@type\":\"ReadAction\",\"target\":[\"https:\\\/\\\/lasentinelle.dz\\\/index.php\\\/2022\\\/10\\\/24\\\/education-nationale-vers-lelaboration-de-fichiers-definissant-les-acquis-scolaires-des-eleves-du-primaire\\\/\"]}]},{\"@type\":\"ImageObject\",\"inLanguage\":\"fr-FR\",\"@id\":\"https:\\\/\\\/lasentinelle.dz\\\/index.php\\\/2022\\\/10\\\/24\\\/education-nationale-vers-lelaboration-de-fichiers-definissant-les-acquis-scolaires-des-eleves-du-primaire\\\/#primaryimage\",\"url\":\"https:\\\/\\\/lasentinelle.dz\\\/wp-content\\\/uploads\\\/2022\\\/10\\\/Sans-titre-11.png\",\"contentUrl\":\"https:\\\/\\\/lasentinelle.dz\\\/wp-content\\\/uploads\\\/2022\\\/10\\\/Sans-titre-11.png\",\"width\":1352,\"height\":900},{\"@type\":\"BreadcrumbList\",\"@id\":\"https:\\\/\\\/lasentinelle.dz\\\/index.php\\\/2022\\\/10\\\/24\\\/education-nationale-vers-lelaboration-de-fichiers-definissant-les-acquis-scolaires-des-eleves-du-primaire\\\/#breadcrumb\",\"itemListElement\":[{\"@type\":\"ListItem\",\"position\":1,\"name\":\"Accueil\",\"item\":\"https:\\\/\\\/lasentinelle.dz\\\/\"},{\"@type\":\"ListItem\",\"position\":2,\"name\":\"\u00c9ducation nationale\u00a0: Vers l\u2019\u00e9laboration de fichiers d\u00e9finissant les acquis scolaires des \u00e9l\u00e8ves du primaire\"}]},{\"@type\":\"WebSite\",\"@id\":\"https:\\\/\\\/lasentinelle.dz\\\/#website\",\"url\":\"https:\\\/\\\/lasentinelle.dz\\\/\",\"name\":\"La Sentinelle\",\"description\":\"Quotidien national d&#039;information\",\"publisher\":{\"@id\":\"https:\\\/\\\/lasentinelle.dz\\\/#organization\"},\"potentialAction\":[{\"@type\":\"SearchAction\",\"target\":{\"@type\":\"EntryPoint\",\"urlTemplate\":\"https:\\\/\\\/lasentinelle.dz\\\/?s={search_term_string}\"},\"query-input\":{\"@type\":\"PropertyValueSpecification\",\"valueRequired\":true,\"valueName\":\"search_term_string\"}}],\"inLanguage\":\"fr-FR\"},{\"@type\":\"Organization\",\"@id\":\"https:\\\/\\\/lasentinelle.dz\\\/#organization\",\"name\":\"Quotidien La Sentinelle\",\"url\":\"https:\\\/\\\/lasentinelle.dz\\\/\",\"logo\":{\"@type\":\"ImageObject\",\"inLanguage\":\"fr-FR\",\"@id\":\"https:\\\/\\\/lasentinelle.dz\\\/#\\\/schema\\\/logo\\\/image\\\/\",\"url\":\"https:\\\/\\\/lasentinelle.dz\\\/wp-content\\\/uploads\\\/2021\\\/09\\\/logo-sentinelleSLOGAN-1.png\",\"contentUrl\":\"https:\\\/\\\/lasentinelle.dz\\\/wp-content\\\/uploads\\\/2021\\\/09\\\/logo-sentinelleSLOGAN-1.png\",\"width\":615,\"height\":142,\"caption\":\"Quotidien La Sentinelle\"},\"image\":{\"@id\":\"https:\\\/\\\/lasentinelle.dz\\\/#\\\/schema\\\/logo\\\/image\\\/\"},\"sameAs\":[\"https:\\\/\\\/www.facebook.com\\\/La-Sentinelle-104059864394773\"]},{\"@type\":\"Person\",\"@id\":\"https:\\\/\\\/lasentinelle.dz\\\/#\\\/schema\\\/person\\\/d865044e22e70a75174ce8bcad3acfb3\",\"name\":\"La Sentinelle\",\"image\":{\"@type\":\"ImageObject\",\"inLanguage\":\"fr-FR\",\"@id\":\"https:\\\/\\\/secure.gravatar.com\\\/avatar\\\/57de8e5d4b15d43fb361a71fbb36338450fe67865b528a43dd10ef7c51a20392?s=96&d=mm&r=g\",\"url\":\"https:\\\/\\\/secure.gravatar.com\\\/avatar\\\/57de8e5d4b15d43fb361a71fbb36338450fe67865b528a43dd10ef7c51a20392?s=96&d=mm&r=g\",\"contentUrl\":\"https:\\\/\\\/secure.gravatar.com\\\/avatar\\\/57de8e5d4b15d43fb361a71fbb36338450fe67865b528a43dd10ef7c51a20392?s=96&d=mm&r=g\",\"caption\":\"La Sentinelle\"},\"sameAs\":[\"http:\\\/\\\/www.lasentinelle.dz\"],\"url\":\"https:\\\/\\\/lasentinelle.dz\\\/author\\\/redaction\\\/\"}]}<\/script>\n<!-- \/ Yoast SEO plugin. -->","yoast_head_json":{"title":"\u00c9ducation nationale\u00a0: Vers l\u2019\u00e9laboration de fichiers d\u00e9finissant les acquis scolaires des \u00e9l\u00e8ves du primaire - La Sentinelle","robots":{"index":"index","follow":"follow","max-snippet":"max-snippet:-1","max-image-preview":"max-image-preview:large","max-video-preview":"max-video-preview:-1"},"canonical":"https:\/\/lasentinelle.dz\/index.php\/2022\/10\/24\/education-nationale-vers-lelaboration-de-fichiers-definissant-les-acquis-scolaires-des-eleves-du-primaire\/","og_locale":"fr_FR","og_type":"article","og_title":"\u00c9ducation nationale\u00a0: Vers l\u2019\u00e9laboration de fichiers d\u00e9finissant les acquis scolaires des \u00e9l\u00e8ves du primaire - La Sentinelle","og_description":"Des fichiers seront cr\u00e9\u00e9s afin de d\u00e9finir les acquis scolaires des \u00e9l\u00e8ves du palier primaire dans toutes les mati\u00e8res, a","og_url":"https:\/\/lasentinelle.dz\/index.php\/2022\/10\/24\/education-nationale-vers-lelaboration-de-fichiers-definissant-les-acquis-scolaires-des-eleves-du-primaire\/","og_site_name":"La Sentinelle","article_publisher":"https:\/\/www.facebook.com\/La-Sentinelle-104059864394773","article_published_time":"2022-10-24T21:05:00+00:00","og_image":[{"width":1352,"height":900,"url":"https:\/\/lasentinelle.dz\/wp-content\/uploads\/2022\/10\/Sans-titre-11.png","type":"image\/png"}],"author":"La Sentinelle","twitter_card":"summary_large_image","twitter_misc":{"\u00c9crit par":"La Sentinelle","Dur\u00e9e de lecture estim\u00e9e":"2 minutes"},"schema":{"@context":"https:\/\/schema.org","@graph":[{"@type":"Article","@id":"https:\/\/lasentinelle.dz\/index.php\/2022\/10\/24\/education-nationale-vers-lelaboration-de-fichiers-definissant-les-acquis-scolaires-des-eleves-du-primaire\/#article","isPartOf":{"@id":"https:\/\/lasentinelle.dz\/index.php\/2022\/10\/24\/education-nationale-vers-lelaboration-de-fichiers-definissant-les-acquis-scolaires-des-eleves-du-primaire\/"},"author":{"name":"La Sentinelle","@id":"https:\/\/lasentinelle.dz\/#\/schema\/person\/d865044e22e70a75174ce8bcad3acfb3"},"headline":"\u00c9ducation nationale\u00a0: Vers l\u2019\u00e9laboration de fichiers d\u00e9finissant les acquis scolaires des \u00e9l\u00e8ves du primaire","datePublished":"2022-10-24T21:05:00+00:00","mainEntityOfPage":{"@id":"https:\/\/lasentinelle.dz\/index.php\/2022\/10\/24\/education-nationale-vers-lelaboration-de-fichiers-definissant-les-acquis-scolaires-des-eleves-du-primaire\/"},"wordCount":397,"commentCount":0,"publisher":{"@id":"https:\/\/lasentinelle.dz\/#organization"},"image":{"@id":"https:\/\/lasentinelle.dz\/index.php\/2022\/10\/24\/education-nationale-vers-lelaboration-de-fichiers-definissant-les-acquis-scolaires-des-eleves-du-primaire\/#primaryimage"},"thumbnailUrl":"https:\/\/lasentinelle.dz\/wp-content\/uploads\/2022\/10\/Sans-titre-11.png","articleSection":["Actualit\u00e9"],"inLanguage":"fr-FR","potentialAction":[{"@type":"CommentAction","name":"Comment","target":["https:\/\/lasentinelle.dz\/index.php\/2022\/10\/24\/education-nationale-vers-lelaboration-de-fichiers-definissant-les-acquis-scolaires-des-eleves-du-primaire\/#respond"]}]},{"@type":"WebPage","@id":"https:\/\/lasentinelle.dz\/index.php\/2022\/10\/24\/education-nationale-vers-lelaboration-de-fichiers-definissant-les-acquis-scolaires-des-eleves-du-primaire\/","url":"https:\/\/lasentinelle.dz\/index.php\/2022\/10\/24\/education-nationale-vers-lelaboration-de-fichiers-definissant-les-acquis-scolaires-des-eleves-du-primaire\/","name":"\u00c9ducation nationale\u00a0: Vers l\u2019\u00e9laboration de fichiers d\u00e9finissant les acquis scolaires des \u00e9l\u00e8ves du primaire - La Sentinelle","isPartOf":{"@id":"https:\/\/lasentinelle.dz\/#website"},"primaryImageOfPage":{"@id":"https:\/\/lasentinelle.dz\/index.php\/2022\/10\/24\/education-nationale-vers-lelaboration-de-fichiers-definissant-les-acquis-scolaires-des-eleves-du-primaire\/#primaryimage"},"image":{"@id":"https:\/\/lasentinelle.dz\/index.php\/2022\/10\/24\/education-nationale-vers-lelaboration-de-fichiers-definissant-les-acquis-scolaires-des-eleves-du-primaire\/#primaryimage"},"thumbnailUrl":"https:\/\/lasentinelle.dz\/wp-content\/uploads\/2022\/10\/Sans-titre-11.png","datePublished":"2022-10-24T21:05:00+00:00","breadcrumb":{"@id":"https:\/\/lasentinelle.dz\/index.php\/2022\/10\/24\/education-nationale-vers-lelaboration-de-fichiers-definissant-les-acquis-scolaires-des-eleves-du-primaire\/#breadcrumb"},"inLanguage":"fr-FR","potentialAction":[{"@type":"ReadAction","target":["https:\/\/lasentinelle.dz\/index.php\/2022\/10\/24\/education-nationale-vers-lelaboration-de-fichiers-definissant-les-acquis-scolaires-des-eleves-du-primaire\/"]}]},{"@type":"ImageObject","inLanguage":"fr-FR","@id":"https:\/\/lasentinelle.dz\/index.php\/2022\/10\/24\/education-nationale-vers-lelaboration-de-fichiers-definissant-les-acquis-scolaires-des-eleves-du-primaire\/#primaryimage","url":"https:\/\/lasentinelle.dz\/wp-content\/uploads\/2022\/10\/Sans-titre-11.png","contentUrl":"https:\/\/lasentinelle.dz\/wp-content\/uploads\/2022\/10\/Sans-titre-11.png","width":1352,"height":900},{"@type":"BreadcrumbList","@id":"https:\/\/lasentinelle.dz\/index.php\/2022\/10\/24\/education-nationale-vers-lelaboration-de-fichiers-definissant-les-acquis-scolaires-des-eleves-du-primaire\/#breadcrumb","itemListElement":[{"@type":"ListItem","position":1,"name":"Accueil","item":"https:\/\/lasentinelle.dz\/"},{"@type":"ListItem","position":2,"name":"\u00c9ducation nationale\u00a0: Vers l\u2019\u00e9laboration de fichiers d\u00e9finissant les acquis scolaires des \u00e9l\u00e8ves du primaire"}]},{"@type":"WebSite","@id":"https:\/\/lasentinelle.dz\/#website","url":"https:\/\/lasentinelle.dz\/","name":"La Sentinelle","description":"Quotidien national d&#039;information","publisher":{"@id":"https:\/\/lasentinelle.dz\/#organization"},"potentialAction":[{"@type":"SearchAction","target":{"@type":"EntryPoint","urlTemplate":"https:\/\/lasentinelle.dz\/?s={search_term_string}"},"query-input":{"@type":"PropertyValueSpecification","valueRequired":true,"valueName":"search_term_string"}}],"inLanguage":"fr-FR"},{"@type":"Organization","@id":"https:\/\/lasentinelle.dz\/#organization","name":"Quotidien La Sentinelle","url":"https:\/\/lasentinelle.dz\/","logo":{"@type":"ImageObject","inLanguage":"fr-FR","@id":"https:\/\/lasentinelle.dz\/#\/schema\/logo\/image\/","url":"https:\/\/lasentinelle.dz\/wp-content\/uploads\/2021\/09\/logo-sentinelleSLOGAN-1.png","contentUrl":"https:\/\/lasentinelle.dz\/wp-content\/uploads\/2021\/09\/logo-sentinelleSLOGAN-1.png","width":615,"height":142,"caption":"Quotidien La Sentinelle"},"image":{"@id":"https:\/\/lasentinelle.dz\/#\/schema\/logo\/image\/"},"sameAs":["https:\/\/www.facebook.com\/La-Sentinelle-104059864394773"]},{"@type":"Person","@id":"https:\/\/lasentinelle.dz\/#\/schema\/person\/d865044e22e70a75174ce8bcad3acfb3","name":"La Sentinelle","image":{"@type":"ImageObject","inLanguage":"fr-FR","@id":"https:\/\/secure.gravatar.com\/avatar\/57de8e5d4b15d43fb361a71fbb36338450fe67865b528a43dd10ef7c51a20392?s=96&d=mm&r=g","url":"https:\/\/secure.gravatar.com\/avatar\/57de8e5d4b15d43fb361a71fbb36338450fe67865b528a43dd10ef7c51a20392?s=96&d=mm&r=g","contentUrl":"https:\/\/secure.gravatar.com\/avatar\/57de8e5d4b15d43fb361a71fbb36338450fe67865b528a43dd10ef7c51a20392?s=96&d=mm&r=g","caption":"La Sentinelle"},"sameAs":["http:\/\/www.lasentinelle.dz"],"url":"https:\/\/lasentinelle.dz\/author\/redaction\/"}]}},"_links":{"self":[{"href":"https:\/\/lasentinelle.dz\/index.php\/wp-json\/wp\/v2\/posts\/29544","targetHints":{"allow":["GET"]}}],"collection":[{"href":"https:\/\/lasentinelle.dz\/index.php\/wp-json\/wp\/v2\/posts"}],"about":[{"href":"https:\/\/lasentinelle.dz\/index.php\/wp-json\/wp\/v2\/types\/post"}],"author":[{"embeddable":true,"href":"https:\/\/lasentinelle.dz\/index.php\/wp-json\/wp\/v2\/users\/3"}],"replies":[{"embeddable":true,"href":"https:\/\/lasentinelle.dz\/index.php\/wp-json\/wp\/v2\/comments?post=29544"}],"version-history":[{"count":1,"href":"https:\/\/lasentinelle.dz\/index.php\/wp-json\/wp\/v2\/posts\/29544\/revisions"}],"predecessor-version":[{"id":29552,"href":"https:\/\/lasentinelle.dz\/index.php\/wp-json\/wp\/v2\/posts\/29544\/revisions\/29552"}],"wp:featuredmedia":[{"embeddable":true,"href":"https:\/\/lasentinelle.dz\/index.php\/wp-json\/wp\/v2\/media\/29551"}],"wp:attachment":[{"href":"https:\/\/lasentinelle.dz\/index.php\/wp-json\/wp\/v2\/media?parent=29544"}],"wp:term":[{"taxonomy":"category","embeddable":true,"href":"https:\/\/lasentinelle.dz\/index.php\/wp-json\/wp\/v2\/categories?post=29544"},{"taxonomy":"post_tag","embeddable":true,"href":"https:\/\/lasentinelle.dz\/index.php\/wp-json\/wp\/v2\/tags?post=29544"}],"curies":[{"name":"wp","href":"https:\/\/api.w.org\/{rel}","templated":true}]}}