{"id":29564,"date":"2022-10-25T22:00:00","date_gmt":"2022-10-25T21:00:00","guid":{"rendered":"https:\/\/lasentinelle.dz\/?p=29564"},"modified":"2022-10-25T17:24:12","modified_gmt":"2022-10-25T16:24:12","slug":"guerre-en-ukraine-des-elus-democrates-appellent-biden-a-negocier-avec-moscou","status":"publish","type":"post","link":"https:\/\/lasentinelle.dz\/index.php\/2022\/10\/25\/guerre-en-ukraine-des-elus-democrates-appellent-biden-a-negocier-avec-moscou\/","title":{"rendered":"Guerre en Ukraine\u00a0: Des \u00e9lus d\u00e9mocrates appellent Biden \u00e0 n\u00e9gocier avec Moscou\u00a0"},"content":{"rendered":"\n<p>Une trentaine d&rsquo;\u00e9lus de l&rsquo;aile gauche du parti d\u00e9mocrate am\u00e9ricain ont demand\u00e9 lundi au pr\u00e9sident Joe Biden, qui a d\u00e9bloqu\u00e9 des milliards de dollars d&rsquo;aide militaire \u00e0 l&rsquo;Ukraine face \u00e0 l&rsquo;invasion russe, de d\u00e9multiplier les efforts diplomatiques et d&rsquo;engager des pourparlers directs avec Moscou dans un but : une fin rapide \u00e0 la guerre.<\/p>\n\n\n\n<p>C&rsquo;est la premi\u00e8re fois qu&rsquo;un tel appel \u00e9mane du propre parti du pr\u00e9sident.&nbsp; \u00abNous vous appelons \u00e0 accompagner le soutien \u00e9conomique et militaire que les \u00c9tats-Unis ont fourni \u00e0 l&rsquo;Ukraine d&rsquo;une impulsion diplomatique proactive, et \u00e0 redoubler d&rsquo;efforts pour chercher un cadre r\u00e9aliste pour un cessez-le-feu\u00bb, ont dit les \u00e9lus dans leur lettre, en disant clairement \u00eatre contre l&rsquo;invasion \u00abill\u00e9gale et scandaleuse\u00bb de l&rsquo;Ukraine, et que toute solution devrait \u00eatre approuv\u00e9e par Kiev. \u00abMais en tant que l\u00e9gislateurs responsables de la mani\u00e8re dont sont d\u00e9pens\u00e9es des dizaines de milliards de dollars du contribuable am\u00e9ricain en assistance militaire dans le conflit, nous pensons qu&rsquo;une telle implication dans cette guerre cr\u00e9e \u00e9galement la responsabilit\u00e9 pour les \u00c9tats-Unis de s\u00e9rieusement explorer toutes les voies possibles\u00bb, ont-ils ajout\u00e9.<\/p>\n\n\n\n<p>Parmi eux figurent Alexandria Ocasio-Cortez, Ilhan Omar et Pramila Jayapal, figures de l&rsquo;aile progressiste du parti. Ces \u00e9lus appellent Joe Biden \u00e0 \u00abd\u00e9ployer de vigoureux efforts diplomatiques en soutien \u00e0 un r\u00e8glement n\u00e9goci\u00e9 et \u00e0 un cessez-le-feu, \u00e0 engager des pourparlers directs avec la Russie (et) \u00e0 explorer les perspectives pour un nouvel accord de s\u00e9curit\u00e9 europ\u00e9en acceptable pour toutes les parties\u00bb.<\/p>\n\n\n\n<p>Interrog\u00e9 sur le courrier, le porte-parole du d\u00e9partement d&rsquo;\u00c9tat, Ned Price, a affirm\u00e9 que \u00abpersonne ne veut voir cette guerre se terminer plus que nos homologues ukrainiens\u00bb. \u00abNous ne savons pas quand cela se produira (&#8230;), parce que nous n&rsquo;avons vu aucune indication de la part des Russes disant qu&rsquo;ils sont pr\u00eats \u00e0 s&rsquo;engager dans cette diplomatie et ce dialogue\u00bb, a-t-il ajout\u00e9. \u00abNous fournissons \u00e0 nos partenaires ukrainiens ce dont ils ont besoin sur le champ de bataille pour que, lorsqu&rsquo;une table de n\u00e9gociations fera son apparition, ils soient dans la position la plus forte possible\u00bb, a-t-il encore dit. Quant \u00e0 la porte-parole de la Maison Blanche, Karine Jean-Pierre, elle a dit que l&rsquo;ex\u00e9cutif avait \u00e9t\u00e9 \u00abtr\u00e8s clair : rien sur l&rsquo;Ukraine sans l&rsquo;Ukraine\u00bb.<\/p>\n\n\n\n<p>Depuis le d\u00e9but de l&rsquo;invasion, le gouvernement Biden a d\u00e9bours\u00e9 plusieurs dizaines de milliards de dollars d&rsquo;aide militaire \u00e0 l&rsquo;Ukraine, avec l&rsquo;accord des deux partis au Congr\u00e8s, bien qu&rsquo;une partie de l&rsquo;aide droite des r\u00e9publicains ait protest\u00e9. Un influent \u00e9lu r\u00e9publicain a r\u00e9cemment pr\u00e9venu que son parti ne signerait pas de \u00abch\u00e8que en blanc\u00bb \u00e0 l&rsquo;Ukraine s&rsquo;il remporte, comme les sondages le pr\u00e9disent, la majorit\u00e9 des si\u00e8ges de la Chambre des repr\u00e9sentants aux \u00e9lections de mi-mandat.<\/p>\n\n\n\n<p><strong>Agences<\/strong><\/p>\n","protected":false},"excerpt":{"rendered":"<p>Une trentaine d&rsquo;\u00e9lus de l&rsquo;aile gauche du parti d\u00e9mocrate am\u00e9ricain ont demand\u00e9 lundi au pr\u00e9sident Joe Biden, qui a d\u00e9bloqu\u00e9<\/p>\n","protected":false},"author":3,"featured_media":29574,"comment_status":"open","ping_status":"closed","sticky":false,"template":"","format":"standard","meta":{"colormag_page_container_layout":"default_layout","colormag_page_sidebar_layout":"default_layout","om_disable_all_campaigns":false,"_monsterinsights_skip_tracking":false,"_monsterinsights_sitenote_active":false,"_monsterinsights_sitenote_note":"","_monsterinsights_sitenote_category":0,"footnotes":"","_wpscppro_dont_share_socialmedia":false,"_wpscppro_custom_social_share_image":0,"_facebook_share_type":"","_twitter_share_type":"","_linkedin_share_type":"","_pinterest_share_type":"","_linkedin_share_type_page":"","_instagram_share_type":"","_medium_share_type":"","_threads_share_type":"","_google_business_share_type":"","_selected_social_profile":[],"_wpsp_enable_custom_social_template":false,"_wpsp_social_scheduling":{"enabled":false,"datetime":null,"platforms":[],"status":"template_only","dateOption":"today","timeOption":"now","customDays":"","customHours":"","customDate":"","customTime":"","schedulingType":"absolute"},"_wpsp_active_default_template":true},"categories":[37],"tags":[],"class_list":["post-29564","post","type-post","status-publish","format-standard","has-post-thumbnail","hentry","category-monde"],"aioseo_notices":[],"yoast_head":"<!-- This site is optimized with the Yoast SEO plugin v27.5 - https:\/\/yoast.com\/product\/yoast-seo-wordpress\/ -->\n<title>Guerre en Ukraine\u00a0: Des \u00e9lus d\u00e9mocrates appellent Biden \u00e0 n\u00e9gocier avec Moscou\u00a0 - La Sentinelle<\/title>\n<meta name=\"robots\" content=\"index, follow, max-snippet:-1, max-image-preview:large, max-video-preview:-1\" \/>\n<link rel=\"canonical\" href=\"https:\/\/lasentinelle.dz\/index.php\/2022\/10\/25\/guerre-en-ukraine-des-elus-democrates-appellent-biden-a-negocier-avec-moscou\/\" \/>\n<meta property=\"og:locale\" content=\"fr_FR\" \/>\n<meta property=\"og:type\" content=\"article\" \/>\n<meta property=\"og:title\" content=\"Guerre en Ukraine\u00a0: Des \u00e9lus d\u00e9mocrates appellent Biden \u00e0 n\u00e9gocier avec Moscou\u00a0 - La Sentinelle\" \/>\n<meta property=\"og:description\" content=\"Une trentaine d&rsquo;\u00e9lus de l&rsquo;aile gauche du parti d\u00e9mocrate am\u00e9ricain ont demand\u00e9 lundi au pr\u00e9sident Joe Biden, qui a d\u00e9bloqu\u00e9\" \/>\n<meta property=\"og:url\" content=\"https:\/\/lasentinelle.dz\/index.php\/2022\/10\/25\/guerre-en-ukraine-des-elus-democrates-appellent-biden-a-negocier-avec-moscou\/\" \/>\n<meta property=\"og:site_name\" content=\"La Sentinelle\" \/>\n<meta property=\"article:publisher\" content=\"https:\/\/www.facebook.com\/La-Sentinelle-104059864394773\" \/>\n<meta property=\"article:published_time\" content=\"2022-10-25T21:00:00+00:00\" \/>\n<meta property=\"og:image\" content=\"https:\/\/lasentinelle.dz\/wp-content\/uploads\/2022\/10\/baiden.png\" \/>\n\t<meta property=\"og:image:width\" content=\"1600\" \/>\n\t<meta property=\"og:image:height\" content=\"900\" \/>\n\t<meta property=\"og:image:type\" content=\"image\/png\" \/>\n<meta name=\"author\" content=\"La Sentinelle\" \/>\n<meta name=\"twitter:card\" content=\"summary_large_image\" \/>\n<meta name=\"twitter:label1\" content=\"\u00c9crit par\" \/>\n\t<meta name=\"twitter:data1\" content=\"La Sentinelle\" \/>\n\t<meta name=\"twitter:label2\" content=\"Dur\u00e9e de lecture estim\u00e9e\" \/>\n\t<meta name=\"twitter:data2\" content=\"3 minutes\" \/>\n<script type=\"application\/ld+json\" class=\"yoast-schema-graph\">{\"@context\":\"https:\\\/\\\/schema.org\",\"@graph\":[{\"@type\":\"Article\",\"@id\":\"https:\\\/\\\/lasentinelle.dz\\\/index.php\\\/2022\\\/10\\\/25\\\/guerre-en-ukraine-des-elus-democrates-appellent-biden-a-negocier-avec-moscou\\\/#article\",\"isPartOf\":{\"@id\":\"https:\\\/\\\/lasentinelle.dz\\\/index.php\\\/2022\\\/10\\\/25\\\/guerre-en-ukraine-des-elus-democrates-appellent-biden-a-negocier-avec-moscou\\\/\"},\"author\":{\"name\":\"La Sentinelle\",\"@id\":\"https:\\\/\\\/lasentinelle.dz\\\/#\\\/schema\\\/person\\\/d865044e22e70a75174ce8bcad3acfb3\"},\"headline\":\"Guerre en Ukraine\u00a0: Des \u00e9lus d\u00e9mocrates appellent Biden \u00e0 n\u00e9gocier avec Moscou\u00a0\",\"datePublished\":\"2022-10-25T21:00:00+00:00\",\"mainEntityOfPage\":{\"@id\":\"https:\\\/\\\/lasentinelle.dz\\\/index.php\\\/2022\\\/10\\\/25\\\/guerre-en-ukraine-des-elus-democrates-appellent-biden-a-negocier-avec-moscou\\\/\"},\"wordCount\":505,\"commentCount\":0,\"publisher\":{\"@id\":\"https:\\\/\\\/lasentinelle.dz\\\/#organization\"},\"image\":{\"@id\":\"https:\\\/\\\/lasentinelle.dz\\\/index.php\\\/2022\\\/10\\\/25\\\/guerre-en-ukraine-des-elus-democrates-appellent-biden-a-negocier-avec-moscou\\\/#primaryimage\"},\"thumbnailUrl\":\"https:\\\/\\\/lasentinelle.dz\\\/wp-content\\\/uploads\\\/2022\\\/10\\\/baiden.png\",\"articleSection\":[\"Monde\"],\"inLanguage\":\"fr-FR\",\"potentialAction\":[{\"@type\":\"CommentAction\",\"name\":\"Comment\",\"target\":[\"https:\\\/\\\/lasentinelle.dz\\\/index.php\\\/2022\\\/10\\\/25\\\/guerre-en-ukraine-des-elus-democrates-appellent-biden-a-negocier-avec-moscou\\\/#respond\"]}]},{\"@type\":\"WebPage\",\"@id\":\"https:\\\/\\\/lasentinelle.dz\\\/index.php\\\/2022\\\/10\\\/25\\\/guerre-en-ukraine-des-elus-democrates-appellent-biden-a-negocier-avec-moscou\\\/\",\"url\":\"https:\\\/\\\/lasentinelle.dz\\\/index.php\\\/2022\\\/10\\\/25\\\/guerre-en-ukraine-des-elus-democrates-appellent-biden-a-negocier-avec-moscou\\\/\",\"name\":\"Guerre en Ukraine\u00a0: Des \u00e9lus d\u00e9mocrates appellent Biden \u00e0 n\u00e9gocier avec Moscou\u00a0 - La Sentinelle\",\"isPartOf\":{\"@id\":\"https:\\\/\\\/lasentinelle.dz\\\/#website\"},\"primaryImageOfPage\":{\"@id\":\"https:\\\/\\\/lasentinelle.dz\\\/index.php\\\/2022\\\/10\\\/25\\\/guerre-en-ukraine-des-elus-democrates-appellent-biden-a-negocier-avec-moscou\\\/#primaryimage\"},\"image\":{\"@id\":\"https:\\\/\\\/lasentinelle.dz\\\/index.php\\\/2022\\\/10\\\/25\\\/guerre-en-ukraine-des-elus-democrates-appellent-biden-a-negocier-avec-moscou\\\/#primaryimage\"},\"thumbnailUrl\":\"https:\\\/\\\/lasentinelle.dz\\\/wp-content\\\/uploads\\\/2022\\\/10\\\/baiden.png\",\"datePublished\":\"2022-10-25T21:00:00+00:00\",\"breadcrumb\":{\"@id\":\"https:\\\/\\\/lasentinelle.dz\\\/index.php\\\/2022\\\/10\\\/25\\\/guerre-en-ukraine-des-elus-democrates-appellent-biden-a-negocier-avec-moscou\\\/#breadcrumb\"},\"inLanguage\":\"fr-FR\",\"potentialAction\":[{\"@type\":\"ReadAction\",\"target\":[\"https:\\\/\\\/lasentinelle.dz\\\/index.php\\\/2022\\\/10\\\/25\\\/guerre-en-ukraine-des-elus-democrates-appellent-biden-a-negocier-avec-moscou\\\/\"]}]},{\"@type\":\"ImageObject\",\"inLanguage\":\"fr-FR\",\"@id\":\"https:\\\/\\\/lasentinelle.dz\\\/index.php\\\/2022\\\/10\\\/25\\\/guerre-en-ukraine-des-elus-democrates-appellent-biden-a-negocier-avec-moscou\\\/#primaryimage\",\"url\":\"https:\\\/\\\/lasentinelle.dz\\\/wp-content\\\/uploads\\\/2022\\\/10\\\/baiden.png\",\"contentUrl\":\"https:\\\/\\\/lasentinelle.dz\\\/wp-content\\\/uploads\\\/2022\\\/10\\\/baiden.png\",\"width\":1600,\"height\":900},{\"@type\":\"BreadcrumbList\",\"@id\":\"https:\\\/\\\/lasentinelle.dz\\\/index.php\\\/2022\\\/10\\\/25\\\/guerre-en-ukraine-des-elus-democrates-appellent-biden-a-negocier-avec-moscou\\\/#breadcrumb\",\"itemListElement\":[{\"@type\":\"ListItem\",\"position\":1,\"name\":\"Accueil\",\"item\":\"https:\\\/\\\/lasentinelle.dz\\\/\"},{\"@type\":\"ListItem\",\"position\":2,\"name\":\"Guerre en Ukraine\u00a0: Des \u00e9lus d\u00e9mocrates appellent Biden \u00e0 n\u00e9gocier avec Moscou\u00a0\"}]},{\"@type\":\"WebSite\",\"@id\":\"https:\\\/\\\/lasentinelle.dz\\\/#website\",\"url\":\"https:\\\/\\\/lasentinelle.dz\\\/\",\"name\":\"La Sentinelle\",\"description\":\"Quotidien national d&#039;information\",\"publisher\":{\"@id\":\"https:\\\/\\\/lasentinelle.dz\\\/#organization\"},\"potentialAction\":[{\"@type\":\"SearchAction\",\"target\":{\"@type\":\"EntryPoint\",\"urlTemplate\":\"https:\\\/\\\/lasentinelle.dz\\\/?s={search_term_string}\"},\"query-input\":{\"@type\":\"PropertyValueSpecification\",\"valueRequired\":true,\"valueName\":\"search_term_string\"}}],\"inLanguage\":\"fr-FR\"},{\"@type\":\"Organization\",\"@id\":\"https:\\\/\\\/lasentinelle.dz\\\/#organization\",\"name\":\"Quotidien La Sentinelle\",\"url\":\"https:\\\/\\\/lasentinelle.dz\\\/\",\"logo\":{\"@type\":\"ImageObject\",\"inLanguage\":\"fr-FR\",\"@id\":\"https:\\\/\\\/lasentinelle.dz\\\/#\\\/schema\\\/logo\\\/image\\\/\",\"url\":\"https:\\\/\\\/lasentinelle.dz\\\/wp-content\\\/uploads\\\/2021\\\/09\\\/logo-sentinelleSLOGAN-1.png\",\"contentUrl\":\"https:\\\/\\\/lasentinelle.dz\\\/wp-content\\\/uploads\\\/2021\\\/09\\\/logo-sentinelleSLOGAN-1.png\",\"width\":615,\"height\":142,\"caption\":\"Quotidien La Sentinelle\"},\"image\":{\"@id\":\"https:\\\/\\\/lasentinelle.dz\\\/#\\\/schema\\\/logo\\\/image\\\/\"},\"sameAs\":[\"https:\\\/\\\/www.facebook.com\\\/La-Sentinelle-104059864394773\"]},{\"@type\":\"Person\",\"@id\":\"https:\\\/\\\/lasentinelle.dz\\\/#\\\/schema\\\/person\\\/d865044e22e70a75174ce8bcad3acfb3\",\"name\":\"La Sentinelle\",\"image\":{\"@type\":\"ImageObject\",\"inLanguage\":\"fr-FR\",\"@id\":\"https:\\\/\\\/secure.gravatar.com\\\/avatar\\\/57de8e5d4b15d43fb361a71fbb36338450fe67865b528a43dd10ef7c51a20392?s=96&d=mm&r=g\",\"url\":\"https:\\\/\\\/secure.gravatar.com\\\/avatar\\\/57de8e5d4b15d43fb361a71fbb36338450fe67865b528a43dd10ef7c51a20392?s=96&d=mm&r=g\",\"contentUrl\":\"https:\\\/\\\/secure.gravatar.com\\\/avatar\\\/57de8e5d4b15d43fb361a71fbb36338450fe67865b528a43dd10ef7c51a20392?s=96&d=mm&r=g\",\"caption\":\"La Sentinelle\"},\"sameAs\":[\"http:\\\/\\\/www.lasentinelle.dz\"],\"url\":\"https:\\\/\\\/lasentinelle.dz\\\/author\\\/redaction\\\/\"}]}<\/script>\n<!-- \/ Yoast SEO plugin. -->","yoast_head_json":{"title":"Guerre en Ukraine\u00a0: Des \u00e9lus d\u00e9mocrates appellent Biden \u00e0 n\u00e9gocier avec Moscou\u00a0 - La Sentinelle","robots":{"index":"index","follow":"follow","max-snippet":"max-snippet:-1","max-image-preview":"max-image-preview:large","max-video-preview":"max-video-preview:-1"},"canonical":"https:\/\/lasentinelle.dz\/index.php\/2022\/10\/25\/guerre-en-ukraine-des-elus-democrates-appellent-biden-a-negocier-avec-moscou\/","og_locale":"fr_FR","og_type":"article","og_title":"Guerre en Ukraine\u00a0: Des \u00e9lus d\u00e9mocrates appellent Biden \u00e0 n\u00e9gocier avec Moscou\u00a0 - La Sentinelle","og_description":"Une trentaine d&rsquo;\u00e9lus de l&rsquo;aile gauche du parti d\u00e9mocrate am\u00e9ricain ont demand\u00e9 lundi au pr\u00e9sident Joe Biden, qui a d\u00e9bloqu\u00e9","og_url":"https:\/\/lasentinelle.dz\/index.php\/2022\/10\/25\/guerre-en-ukraine-des-elus-democrates-appellent-biden-a-negocier-avec-moscou\/","og_site_name":"La Sentinelle","article_publisher":"https:\/\/www.facebook.com\/La-Sentinelle-104059864394773","article_published_time":"2022-10-25T21:00:00+00:00","og_image":[{"width":1600,"height":900,"url":"https:\/\/lasentinelle.dz\/wp-content\/uploads\/2022\/10\/baiden.png","type":"image\/png"}],"author":"La Sentinelle","twitter_card":"summary_large_image","twitter_misc":{"\u00c9crit par":"La Sentinelle","Dur\u00e9e de lecture estim\u00e9e":"3 minutes"},"schema":{"@context":"https:\/\/schema.org","@graph":[{"@type":"Article","@id":"https:\/\/lasentinelle.dz\/index.php\/2022\/10\/25\/guerre-en-ukraine-des-elus-democrates-appellent-biden-a-negocier-avec-moscou\/#article","isPartOf":{"@id":"https:\/\/lasentinelle.dz\/index.php\/2022\/10\/25\/guerre-en-ukraine-des-elus-democrates-appellent-biden-a-negocier-avec-moscou\/"},"author":{"name":"La Sentinelle","@id":"https:\/\/lasentinelle.dz\/#\/schema\/person\/d865044e22e70a75174ce8bcad3acfb3"},"headline":"Guerre en Ukraine\u00a0: Des \u00e9lus d\u00e9mocrates appellent Biden \u00e0 n\u00e9gocier avec Moscou\u00a0","datePublished":"2022-10-25T21:00:00+00:00","mainEntityOfPage":{"@id":"https:\/\/lasentinelle.dz\/index.php\/2022\/10\/25\/guerre-en-ukraine-des-elus-democrates-appellent-biden-a-negocier-avec-moscou\/"},"wordCount":505,"commentCount":0,"publisher":{"@id":"https:\/\/lasentinelle.dz\/#organization"},"image":{"@id":"https:\/\/lasentinelle.dz\/index.php\/2022\/10\/25\/guerre-en-ukraine-des-elus-democrates-appellent-biden-a-negocier-avec-moscou\/#primaryimage"},"thumbnailUrl":"https:\/\/lasentinelle.dz\/wp-content\/uploads\/2022\/10\/baiden.png","articleSection":["Monde"],"inLanguage":"fr-FR","potentialAction":[{"@type":"CommentAction","name":"Comment","target":["https:\/\/lasentinelle.dz\/index.php\/2022\/10\/25\/guerre-en-ukraine-des-elus-democrates-appellent-biden-a-negocier-avec-moscou\/#respond"]}]},{"@type":"WebPage","@id":"https:\/\/lasentinelle.dz\/index.php\/2022\/10\/25\/guerre-en-ukraine-des-elus-democrates-appellent-biden-a-negocier-avec-moscou\/","url":"https:\/\/lasentinelle.dz\/index.php\/2022\/10\/25\/guerre-en-ukraine-des-elus-democrates-appellent-biden-a-negocier-avec-moscou\/","name":"Guerre en Ukraine\u00a0: Des \u00e9lus d\u00e9mocrates appellent Biden \u00e0 n\u00e9gocier avec Moscou\u00a0 - La Sentinelle","isPartOf":{"@id":"https:\/\/lasentinelle.dz\/#website"},"primaryImageOfPage":{"@id":"https:\/\/lasentinelle.dz\/index.php\/2022\/10\/25\/guerre-en-ukraine-des-elus-democrates-appellent-biden-a-negocier-avec-moscou\/#primaryimage"},"image":{"@id":"https:\/\/lasentinelle.dz\/index.php\/2022\/10\/25\/guerre-en-ukraine-des-elus-democrates-appellent-biden-a-negocier-avec-moscou\/#primaryimage"},"thumbnailUrl":"https:\/\/lasentinelle.dz\/wp-content\/uploads\/2022\/10\/baiden.png","datePublished":"2022-10-25T21:00:00+00:00","breadcrumb":{"@id":"https:\/\/lasentinelle.dz\/index.php\/2022\/10\/25\/guerre-en-ukraine-des-elus-democrates-appellent-biden-a-negocier-avec-moscou\/#breadcrumb"},"inLanguage":"fr-FR","potentialAction":[{"@type":"ReadAction","target":["https:\/\/lasentinelle.dz\/index.php\/2022\/10\/25\/guerre-en-ukraine-des-elus-democrates-appellent-biden-a-negocier-avec-moscou\/"]}]},{"@type":"ImageObject","inLanguage":"fr-FR","@id":"https:\/\/lasentinelle.dz\/index.php\/2022\/10\/25\/guerre-en-ukraine-des-elus-democrates-appellent-biden-a-negocier-avec-moscou\/#primaryimage","url":"https:\/\/lasentinelle.dz\/wp-content\/uploads\/2022\/10\/baiden.png","contentUrl":"https:\/\/lasentinelle.dz\/wp-content\/uploads\/2022\/10\/baiden.png","width":1600,"height":900},{"@type":"BreadcrumbList","@id":"https:\/\/lasentinelle.dz\/index.php\/2022\/10\/25\/guerre-en-ukraine-des-elus-democrates-appellent-biden-a-negocier-avec-moscou\/#breadcrumb","itemListElement":[{"@type":"ListItem","position":1,"name":"Accueil","item":"https:\/\/lasentinelle.dz\/"},{"@type":"ListItem","position":2,"name":"Guerre en Ukraine\u00a0: Des \u00e9lus d\u00e9mocrates appellent Biden \u00e0 n\u00e9gocier avec Moscou\u00a0"}]},{"@type":"WebSite","@id":"https:\/\/lasentinelle.dz\/#website","url":"https:\/\/lasentinelle.dz\/","name":"La Sentinelle","description":"Quotidien national d&#039;information","publisher":{"@id":"https:\/\/lasentinelle.dz\/#organization"},"potentialAction":[{"@type":"SearchAction","target":{"@type":"EntryPoint","urlTemplate":"https:\/\/lasentinelle.dz\/?s={search_term_string}"},"query-input":{"@type":"PropertyValueSpecification","valueRequired":true,"valueName":"search_term_string"}}],"inLanguage":"fr-FR"},{"@type":"Organization","@id":"https:\/\/lasentinelle.dz\/#organization","name":"Quotidien La Sentinelle","url":"https:\/\/lasentinelle.dz\/","logo":{"@type":"ImageObject","inLanguage":"fr-FR","@id":"https:\/\/lasentinelle.dz\/#\/schema\/logo\/image\/","url":"https:\/\/lasentinelle.dz\/wp-content\/uploads\/2021\/09\/logo-sentinelleSLOGAN-1.png","contentUrl":"https:\/\/lasentinelle.dz\/wp-content\/uploads\/2021\/09\/logo-sentinelleSLOGAN-1.png","width":615,"height":142,"caption":"Quotidien La Sentinelle"},"image":{"@id":"https:\/\/lasentinelle.dz\/#\/schema\/logo\/image\/"},"sameAs":["https:\/\/www.facebook.com\/La-Sentinelle-104059864394773"]},{"@type":"Person","@id":"https:\/\/lasentinelle.dz\/#\/schema\/person\/d865044e22e70a75174ce8bcad3acfb3","name":"La Sentinelle","image":{"@type":"ImageObject","inLanguage":"fr-FR","@id":"https:\/\/secure.gravatar.com\/avatar\/57de8e5d4b15d43fb361a71fbb36338450fe67865b528a43dd10ef7c51a20392?s=96&d=mm&r=g","url":"https:\/\/secure.gravatar.com\/avatar\/57de8e5d4b15d43fb361a71fbb36338450fe67865b528a43dd10ef7c51a20392?s=96&d=mm&r=g","contentUrl":"https:\/\/secure.gravatar.com\/avatar\/57de8e5d4b15d43fb361a71fbb36338450fe67865b528a43dd10ef7c51a20392?s=96&d=mm&r=g","caption":"La Sentinelle"},"sameAs":["http:\/\/www.lasentinelle.dz"],"url":"https:\/\/lasentinelle.dz\/author\/redaction\/"}]}},"_links":{"self":[{"href":"https:\/\/lasentinelle.dz\/index.php\/wp-json\/wp\/v2\/posts\/29564","targetHints":{"allow":["GET"]}}],"collection":[{"href":"https:\/\/lasentinelle.dz\/index.php\/wp-json\/wp\/v2\/posts"}],"about":[{"href":"https:\/\/lasentinelle.dz\/index.php\/wp-json\/wp\/v2\/types\/post"}],"author":[{"embeddable":true,"href":"https:\/\/lasentinelle.dz\/index.php\/wp-json\/wp\/v2\/users\/3"}],"replies":[{"embeddable":true,"href":"https:\/\/lasentinelle.dz\/index.php\/wp-json\/wp\/v2\/comments?post=29564"}],"version-history":[{"count":1,"href":"https:\/\/lasentinelle.dz\/index.php\/wp-json\/wp\/v2\/posts\/29564\/revisions"}],"predecessor-version":[{"id":29579,"href":"https:\/\/lasentinelle.dz\/index.php\/wp-json\/wp\/v2\/posts\/29564\/revisions\/29579"}],"wp:featuredmedia":[{"embeddable":true,"href":"https:\/\/lasentinelle.dz\/index.php\/wp-json\/wp\/v2\/media\/29574"}],"wp:attachment":[{"href":"https:\/\/lasentinelle.dz\/index.php\/wp-json\/wp\/v2\/media?parent=29564"}],"wp:term":[{"taxonomy":"category","embeddable":true,"href":"https:\/\/lasentinelle.dz\/index.php\/wp-json\/wp\/v2\/categories?post=29564"},{"taxonomy":"post_tag","embeddable":true,"href":"https:\/\/lasentinelle.dz\/index.php\/wp-json\/wp\/v2\/tags?post=29564"}],"curies":[{"name":"wp","href":"https:\/\/api.w.org\/{rel}","templated":true}]}}