{"id":29565,"date":"2022-10-25T22:00:00","date_gmt":"2022-10-25T21:00:00","guid":{"rendered":"https:\/\/lasentinelle.dz\/?p=29565"},"modified":"2022-10-25T17:24:23","modified_gmt":"2022-10-25T16:24:23","slug":"grande-bretagne-le-nouveau-premier-ministre-rishi-sunak-sur-la-corde-raide","status":"publish","type":"post","link":"https:\/\/lasentinelle.dz\/index.php\/2022\/10\/25\/grande-bretagne-le-nouveau-premier-ministre-rishi-sunak-sur-la-corde-raide\/","title":{"rendered":"Grande-Bretagne\u00a0: Le nouveau Premier ministre Rishi Sunak sur la corde raide\u00a0\u00a0"},"content":{"rendered":"\n<p>Charg\u00e9 par le roi Charles III de former un gouvernement, Rishi Sunak est devenu hier officiellement premier ministre britannique, le troisi\u00e8me en deux mois, dans un pays plong\u00e9 dans une grave crise \u00e9conomique et sociale. Ex-banquier et ministre des Finances, Rishi Sunak devient le premier dirigeant britannique d&rsquo;origine indienne, de confession hindoue et le premier originaire d&rsquo;une ancienne colonie britannique. \u00c0 42 ans, il est aussi le plus jeune chef de gouvernement de l&rsquo;histoire contemporaine du Royaume-Uni, apr\u00e8s une ascension fulgurante en politique. Pouss\u00e9e au d\u00e9part apr\u00e8s la temp\u00eate provoqu\u00e9e par son plan massif de baisses d&rsquo;imp\u00f4ts, Liz Truss, l&rsquo;avait pr\u00e9c\u00e9d\u00e9 au palais de Buckingham pour pr\u00e9senter au roi sa d\u00e9mission, apr\u00e8s un mandat d&rsquo;une bri\u00e8vet\u00e9 record : 49 jours.Elle a souhait\u00e9 \u00abtous les succ\u00e8s\u00bb du monde \u00e0 son successeur, \u00abpour le bien de notre pays\u00bb et dans un plaidoyer pour l&rsquo;audace au pouvoir cit\u00e9 le philosophe romain S\u00e9n\u00e8que : \u00abce n&rsquo;est pas parce que les choses sont difficiles que nous n&rsquo;osons pas, c&rsquo;est parce que nous n&rsquo;osons pas qu&rsquo;elles sont difficiles\u00bb. Faisant un bilan de son mandat \u00e9clair, marqu\u00e9 par le d\u00e9c\u00e8s et les fun\u00e9railles de la reine Elizabeth II et l&rsquo;accession au tr\u00f4ne de Charles III, elle a soulign\u00e9 le soutien apport\u00e9 aux m\u00e9nages face \u00e0 l&rsquo;augmentation des factures d&rsquo;\u00e9nergie.Elle s&rsquo;est ensuite rendue en voiture pour remettre sa d\u00e9mission au roi Charles III au palais de Buckingham. Le souverain, \u00e2g\u00e9 de 73 ans, a confi\u00e9 la t\u00e2che de former un nouveau gouvernement \u00e0 Rishi Sunak. C&rsquo;est la premi\u00e8re fois que Charles III nomme un chef de gouvernement. Liz Truss, avait \u00e9t\u00e9 re\u00e7ue par Elizabeth II le 6 septembre lors d&rsquo;une audience au ch\u00e2teau \u00e9cossais de Balmoral. La souveraine de 96 ans est d\u00e9c\u00e9d\u00e9e deux jours plus tard.Apr\u00e8s sa victoire lundi, seul candidat confirm\u00e9 au sein de sa formation, Rishi Sunak a promis \u00abstabilit\u00e9 et unit\u00e9\u00bb. \u00abRassembler le parti et le pays sera ma priorit\u00e9 absolue\u00bb, a-t-il d\u00e9clar\u00e9 dans une br\u00e8ve allocution. Rishi Sunak prend les r\u00eanes d&rsquo;un pays confront\u00e9 \u00e0 une grave crise \u00e9conomique et sociale. L&rsquo;inflation d\u00e9passe 10%, au plus haut au sein du G7. Les prix de l&rsquo;\u00e9nergie flambent, comme ceux de l&rsquo;alimentation. Le risque de r\u00e9cession plane.<\/p>\n\n\n\n<p>Il lui faudra aussi calmer les march\u00e9s, \u00e9branl\u00e9s par les annonces budg\u00e9taires du gouvernement Truss fin septembre, annul\u00e9es depuis pour l&rsquo;essentiel en catastrophe. Rishi Sunak arrive au pouvoir dans une p\u00e9riode d&rsquo;instabilit\u00e9 sans pr\u00e9c\u00e9dent. Il est le cinqui\u00e8me premier ministre britannique depuis 2016, quand le pays a choisi lors d&rsquo;un r\u00e9f\u00e9rendum de sortir de l&rsquo;Union europ\u00e9enne, et le troisi\u00e8me en deux mois. Il a averti de \u00abd\u00e9cisions difficiles\u00bb \u00e0 venir pour r\u00e9parer les \u00aberreurs\u00bb commises sous Liz Truss, pouss\u00e9e \u00e0 la d\u00e9mission apr\u00e8s une temp\u00eate financi\u00e8re provoqu\u00e9e par son programme \u00e9conomique.Il prend la t\u00eate d&rsquo;un parti conservateur extr\u00eamement divis\u00e9, apr\u00e8s douze ans au pouvoir. Alors que l&rsquo;opposition travailliste caracole en t\u00eate dans les sondages \u00e0 deux ans des \u00e9lections g\u00e9n\u00e9rales, Rishi Sunak a pr\u00e9venu les d\u00e9put\u00e9s de son camp qu&rsquo;ils devaient \u00abs&rsquo;unir ou mourir\u00bb. Rishi Sunak a exclu des \u00e9lections anticip\u00e9es, r\u00e9clam\u00e9es par le Labour.&nbsp; Ce Brexiter de la premi\u00e8re heure, qui passe pour un travailleur pragmatique, devra former un gouvernement rapidement, pour \u00e0 la fois donner des gages aux march\u00e9s et satisfaire les clans de sa majorit\u00e9, au risque de subir le m\u00eame sort que Liz Truss. Il devra aussi s&rsquo;expliquer sur ses intentions : il ne s&rsquo;est pas exprim\u00e9 pendant la campagne \u00e9clair des Tories qui a d\u00e9marr\u00e9 jeudi. Il s&rsquo;est impos\u00e9 sans programme ni vote des adh\u00e9rents, apr\u00e8s la renonciation de l&rsquo;ex-Premier ministre Boris Johnson et l&rsquo;\u00e9chec de son adversaire Penny Mordaunt \u00e0 se qualifier.<\/p>\n\n\n\n<p>R.I.<\/p>\n","protected":false},"excerpt":{"rendered":"<p>Charg\u00e9 par le roi Charles III de former un gouvernement, Rishi Sunak est devenu hier officiellement premier ministre britannique, le<\/p>\n","protected":false},"author":3,"featured_media":29576,"comment_status":"open","ping_status":"closed","sticky":false,"template":"","format":"standard","meta":{"colormag_page_container_layout":"default_layout","colormag_page_sidebar_layout":"default_layout","om_disable_all_campaigns":false,"_monsterinsights_skip_tracking":false,"_monsterinsights_sitenote_active":false,"_monsterinsights_sitenote_note":"","_monsterinsights_sitenote_category":0,"footnotes":"","_wpscppro_dont_share_socialmedia":false,"_wpscppro_custom_social_share_image":0,"_facebook_share_type":"","_twitter_share_type":"","_linkedin_share_type":"","_pinterest_share_type":"","_linkedin_share_type_page":"","_instagram_share_type":"","_medium_share_type":"","_threads_share_type":"","_google_business_share_type":"","_selected_social_profile":[],"_wpsp_enable_custom_social_template":false,"_wpsp_social_scheduling":{"enabled":false,"datetime":null,"platforms":[],"status":"template_only","dateOption":"today","timeOption":"now","customDays":"","customHours":"","customDate":"","customTime":"","schedulingType":"absolute"},"_wpsp_active_default_template":true},"categories":[37],"tags":[],"class_list":["post-29565","post","type-post","status-publish","format-standard","has-post-thumbnail","hentry","category-monde"],"aioseo_notices":[],"yoast_head":"<!-- This site is optimized with the Yoast SEO plugin v27.5 - https:\/\/yoast.com\/product\/yoast-seo-wordpress\/ -->\n<title>Grande-Bretagne\u00a0: Le nouveau Premier ministre Rishi Sunak sur la corde raide\u00a0\u00a0 - La Sentinelle<\/title>\n<meta name=\"robots\" content=\"index, follow, max-snippet:-1, max-image-preview:large, max-video-preview:-1\" \/>\n<link rel=\"canonical\" href=\"https:\/\/lasentinelle.dz\/index.php\/2022\/10\/25\/grande-bretagne-le-nouveau-premier-ministre-rishi-sunak-sur-la-corde-raide\/\" \/>\n<meta property=\"og:locale\" content=\"fr_FR\" \/>\n<meta property=\"og:type\" content=\"article\" \/>\n<meta property=\"og:title\" content=\"Grande-Bretagne\u00a0: Le nouveau Premier ministre Rishi Sunak sur la corde raide\u00a0\u00a0 - La Sentinelle\" \/>\n<meta property=\"og:description\" content=\"Charg\u00e9 par le roi Charles III de former un gouvernement, Rishi Sunak est devenu hier officiellement premier ministre britannique, le\" \/>\n<meta property=\"og:url\" content=\"https:\/\/lasentinelle.dz\/index.php\/2022\/10\/25\/grande-bretagne-le-nouveau-premier-ministre-rishi-sunak-sur-la-corde-raide\/\" \/>\n<meta property=\"og:site_name\" content=\"La Sentinelle\" \/>\n<meta property=\"article:publisher\" content=\"https:\/\/www.facebook.com\/La-Sentinelle-104059864394773\" \/>\n<meta property=\"article:published_time\" content=\"2022-10-25T21:00:00+00:00\" \/>\n<meta property=\"og:image\" content=\"https:\/\/lasentinelle.dz\/wp-content\/uploads\/2022\/10\/image_2022-10-25_172328462.png\" \/>\n\t<meta property=\"og:image:width\" content=\"1200\" \/>\n\t<meta property=\"og:image:height\" content=\"630\" \/>\n\t<meta property=\"og:image:type\" content=\"image\/png\" \/>\n<meta name=\"author\" content=\"La Sentinelle\" \/>\n<meta name=\"twitter:card\" content=\"summary_large_image\" \/>\n<meta name=\"twitter:label1\" content=\"\u00c9crit par\" \/>\n\t<meta name=\"twitter:data1\" content=\"La Sentinelle\" \/>\n\t<meta name=\"twitter:label2\" content=\"Dur\u00e9e de lecture estim\u00e9e\" \/>\n\t<meta name=\"twitter:data2\" content=\"4 minutes\" \/>\n<script type=\"application\/ld+json\" class=\"yoast-schema-graph\">{\"@context\":\"https:\\\/\\\/schema.org\",\"@graph\":[{\"@type\":\"Article\",\"@id\":\"https:\\\/\\\/lasentinelle.dz\\\/index.php\\\/2022\\\/10\\\/25\\\/grande-bretagne-le-nouveau-premier-ministre-rishi-sunak-sur-la-corde-raide\\\/#article\",\"isPartOf\":{\"@id\":\"https:\\\/\\\/lasentinelle.dz\\\/index.php\\\/2022\\\/10\\\/25\\\/grande-bretagne-le-nouveau-premier-ministre-rishi-sunak-sur-la-corde-raide\\\/\"},\"author\":{\"name\":\"La Sentinelle\",\"@id\":\"https:\\\/\\\/lasentinelle.dz\\\/#\\\/schema\\\/person\\\/d865044e22e70a75174ce8bcad3acfb3\"},\"headline\":\"Grande-Bretagne\u00a0: Le nouveau Premier ministre Rishi Sunak sur la corde raide\u00a0\u00a0\",\"datePublished\":\"2022-10-25T21:00:00+00:00\",\"mainEntityOfPage\":{\"@id\":\"https:\\\/\\\/lasentinelle.dz\\\/index.php\\\/2022\\\/10\\\/25\\\/grande-bretagne-le-nouveau-premier-ministre-rishi-sunak-sur-la-corde-raide\\\/\"},\"wordCount\":707,\"commentCount\":0,\"publisher\":{\"@id\":\"https:\\\/\\\/lasentinelle.dz\\\/#organization\"},\"image\":{\"@id\":\"https:\\\/\\\/lasentinelle.dz\\\/index.php\\\/2022\\\/10\\\/25\\\/grande-bretagne-le-nouveau-premier-ministre-rishi-sunak-sur-la-corde-raide\\\/#primaryimage\"},\"thumbnailUrl\":\"https:\\\/\\\/lasentinelle.dz\\\/wp-content\\\/uploads\\\/2022\\\/10\\\/image_2022-10-25_172328462.png\",\"articleSection\":[\"Monde\"],\"inLanguage\":\"fr-FR\",\"potentialAction\":[{\"@type\":\"CommentAction\",\"name\":\"Comment\",\"target\":[\"https:\\\/\\\/lasentinelle.dz\\\/index.php\\\/2022\\\/10\\\/25\\\/grande-bretagne-le-nouveau-premier-ministre-rishi-sunak-sur-la-corde-raide\\\/#respond\"]}]},{\"@type\":\"WebPage\",\"@id\":\"https:\\\/\\\/lasentinelle.dz\\\/index.php\\\/2022\\\/10\\\/25\\\/grande-bretagne-le-nouveau-premier-ministre-rishi-sunak-sur-la-corde-raide\\\/\",\"url\":\"https:\\\/\\\/lasentinelle.dz\\\/index.php\\\/2022\\\/10\\\/25\\\/grande-bretagne-le-nouveau-premier-ministre-rishi-sunak-sur-la-corde-raide\\\/\",\"name\":\"Grande-Bretagne\u00a0: Le nouveau Premier ministre Rishi Sunak sur la corde raide\u00a0\u00a0 - La Sentinelle\",\"isPartOf\":{\"@id\":\"https:\\\/\\\/lasentinelle.dz\\\/#website\"},\"primaryImageOfPage\":{\"@id\":\"https:\\\/\\\/lasentinelle.dz\\\/index.php\\\/2022\\\/10\\\/25\\\/grande-bretagne-le-nouveau-premier-ministre-rishi-sunak-sur-la-corde-raide\\\/#primaryimage\"},\"image\":{\"@id\":\"https:\\\/\\\/lasentinelle.dz\\\/index.php\\\/2022\\\/10\\\/25\\\/grande-bretagne-le-nouveau-premier-ministre-rishi-sunak-sur-la-corde-raide\\\/#primaryimage\"},\"thumbnailUrl\":\"https:\\\/\\\/lasentinelle.dz\\\/wp-content\\\/uploads\\\/2022\\\/10\\\/image_2022-10-25_172328462.png\",\"datePublished\":\"2022-10-25T21:00:00+00:00\",\"breadcrumb\":{\"@id\":\"https:\\\/\\\/lasentinelle.dz\\\/index.php\\\/2022\\\/10\\\/25\\\/grande-bretagne-le-nouveau-premier-ministre-rishi-sunak-sur-la-corde-raide\\\/#breadcrumb\"},\"inLanguage\":\"fr-FR\",\"potentialAction\":[{\"@type\":\"ReadAction\",\"target\":[\"https:\\\/\\\/lasentinelle.dz\\\/index.php\\\/2022\\\/10\\\/25\\\/grande-bretagne-le-nouveau-premier-ministre-rishi-sunak-sur-la-corde-raide\\\/\"]}]},{\"@type\":\"ImageObject\",\"inLanguage\":\"fr-FR\",\"@id\":\"https:\\\/\\\/lasentinelle.dz\\\/index.php\\\/2022\\\/10\\\/25\\\/grande-bretagne-le-nouveau-premier-ministre-rishi-sunak-sur-la-corde-raide\\\/#primaryimage\",\"url\":\"https:\\\/\\\/lasentinelle.dz\\\/wp-content\\\/uploads\\\/2022\\\/10\\\/image_2022-10-25_172328462.png\",\"contentUrl\":\"https:\\\/\\\/lasentinelle.dz\\\/wp-content\\\/uploads\\\/2022\\\/10\\\/image_2022-10-25_172328462.png\",\"width\":1200,\"height\":630},{\"@type\":\"BreadcrumbList\",\"@id\":\"https:\\\/\\\/lasentinelle.dz\\\/index.php\\\/2022\\\/10\\\/25\\\/grande-bretagne-le-nouveau-premier-ministre-rishi-sunak-sur-la-corde-raide\\\/#breadcrumb\",\"itemListElement\":[{\"@type\":\"ListItem\",\"position\":1,\"name\":\"Accueil\",\"item\":\"https:\\\/\\\/lasentinelle.dz\\\/\"},{\"@type\":\"ListItem\",\"position\":2,\"name\":\"Grande-Bretagne\u00a0: Le nouveau Premier ministre Rishi Sunak sur la corde raide\u00a0\u00a0\"}]},{\"@type\":\"WebSite\",\"@id\":\"https:\\\/\\\/lasentinelle.dz\\\/#website\",\"url\":\"https:\\\/\\\/lasentinelle.dz\\\/\",\"name\":\"La Sentinelle\",\"description\":\"Quotidien national d&#039;information\",\"publisher\":{\"@id\":\"https:\\\/\\\/lasentinelle.dz\\\/#organization\"},\"potentialAction\":[{\"@type\":\"SearchAction\",\"target\":{\"@type\":\"EntryPoint\",\"urlTemplate\":\"https:\\\/\\\/lasentinelle.dz\\\/?s={search_term_string}\"},\"query-input\":{\"@type\":\"PropertyValueSpecification\",\"valueRequired\":true,\"valueName\":\"search_term_string\"}}],\"inLanguage\":\"fr-FR\"},{\"@type\":\"Organization\",\"@id\":\"https:\\\/\\\/lasentinelle.dz\\\/#organization\",\"name\":\"Quotidien La Sentinelle\",\"url\":\"https:\\\/\\\/lasentinelle.dz\\\/\",\"logo\":{\"@type\":\"ImageObject\",\"inLanguage\":\"fr-FR\",\"@id\":\"https:\\\/\\\/lasentinelle.dz\\\/#\\\/schema\\\/logo\\\/image\\\/\",\"url\":\"https:\\\/\\\/lasentinelle.dz\\\/wp-content\\\/uploads\\\/2021\\\/09\\\/logo-sentinelleSLOGAN-1.png\",\"contentUrl\":\"https:\\\/\\\/lasentinelle.dz\\\/wp-content\\\/uploads\\\/2021\\\/09\\\/logo-sentinelleSLOGAN-1.png\",\"width\":615,\"height\":142,\"caption\":\"Quotidien La Sentinelle\"},\"image\":{\"@id\":\"https:\\\/\\\/lasentinelle.dz\\\/#\\\/schema\\\/logo\\\/image\\\/\"},\"sameAs\":[\"https:\\\/\\\/www.facebook.com\\\/La-Sentinelle-104059864394773\"]},{\"@type\":\"Person\",\"@id\":\"https:\\\/\\\/lasentinelle.dz\\\/#\\\/schema\\\/person\\\/d865044e22e70a75174ce8bcad3acfb3\",\"name\":\"La Sentinelle\",\"image\":{\"@type\":\"ImageObject\",\"inLanguage\":\"fr-FR\",\"@id\":\"https:\\\/\\\/secure.gravatar.com\\\/avatar\\\/57de8e5d4b15d43fb361a71fbb36338450fe67865b528a43dd10ef7c51a20392?s=96&d=mm&r=g\",\"url\":\"https:\\\/\\\/secure.gravatar.com\\\/avatar\\\/57de8e5d4b15d43fb361a71fbb36338450fe67865b528a43dd10ef7c51a20392?s=96&d=mm&r=g\",\"contentUrl\":\"https:\\\/\\\/secure.gravatar.com\\\/avatar\\\/57de8e5d4b15d43fb361a71fbb36338450fe67865b528a43dd10ef7c51a20392?s=96&d=mm&r=g\",\"caption\":\"La Sentinelle\"},\"sameAs\":[\"http:\\\/\\\/www.lasentinelle.dz\"],\"url\":\"https:\\\/\\\/lasentinelle.dz\\\/author\\\/redaction\\\/\"}]}<\/script>\n<!-- \/ Yoast SEO plugin. -->","yoast_head_json":{"title":"Grande-Bretagne\u00a0: Le nouveau Premier ministre Rishi Sunak sur la corde raide\u00a0\u00a0 - La Sentinelle","robots":{"index":"index","follow":"follow","max-snippet":"max-snippet:-1","max-image-preview":"max-image-preview:large","max-video-preview":"max-video-preview:-1"},"canonical":"https:\/\/lasentinelle.dz\/index.php\/2022\/10\/25\/grande-bretagne-le-nouveau-premier-ministre-rishi-sunak-sur-la-corde-raide\/","og_locale":"fr_FR","og_type":"article","og_title":"Grande-Bretagne\u00a0: Le nouveau Premier ministre Rishi Sunak sur la corde raide\u00a0\u00a0 - La Sentinelle","og_description":"Charg\u00e9 par le roi Charles III de former un gouvernement, Rishi Sunak est devenu hier officiellement premier ministre britannique, le","og_url":"https:\/\/lasentinelle.dz\/index.php\/2022\/10\/25\/grande-bretagne-le-nouveau-premier-ministre-rishi-sunak-sur-la-corde-raide\/","og_site_name":"La Sentinelle","article_publisher":"https:\/\/www.facebook.com\/La-Sentinelle-104059864394773","article_published_time":"2022-10-25T21:00:00+00:00","og_image":[{"width":1200,"height":630,"url":"https:\/\/lasentinelle.dz\/wp-content\/uploads\/2022\/10\/image_2022-10-25_172328462.png","type":"image\/png"}],"author":"La Sentinelle","twitter_card":"summary_large_image","twitter_misc":{"\u00c9crit par":"La Sentinelle","Dur\u00e9e de lecture estim\u00e9e":"4 minutes"},"schema":{"@context":"https:\/\/schema.org","@graph":[{"@type":"Article","@id":"https:\/\/lasentinelle.dz\/index.php\/2022\/10\/25\/grande-bretagne-le-nouveau-premier-ministre-rishi-sunak-sur-la-corde-raide\/#article","isPartOf":{"@id":"https:\/\/lasentinelle.dz\/index.php\/2022\/10\/25\/grande-bretagne-le-nouveau-premier-ministre-rishi-sunak-sur-la-corde-raide\/"},"author":{"name":"La Sentinelle","@id":"https:\/\/lasentinelle.dz\/#\/schema\/person\/d865044e22e70a75174ce8bcad3acfb3"},"headline":"Grande-Bretagne\u00a0: Le nouveau Premier ministre Rishi Sunak sur la corde raide\u00a0\u00a0","datePublished":"2022-10-25T21:00:00+00:00","mainEntityOfPage":{"@id":"https:\/\/lasentinelle.dz\/index.php\/2022\/10\/25\/grande-bretagne-le-nouveau-premier-ministre-rishi-sunak-sur-la-corde-raide\/"},"wordCount":707,"commentCount":0,"publisher":{"@id":"https:\/\/lasentinelle.dz\/#organization"},"image":{"@id":"https:\/\/lasentinelle.dz\/index.php\/2022\/10\/25\/grande-bretagne-le-nouveau-premier-ministre-rishi-sunak-sur-la-corde-raide\/#primaryimage"},"thumbnailUrl":"https:\/\/lasentinelle.dz\/wp-content\/uploads\/2022\/10\/image_2022-10-25_172328462.png","articleSection":["Monde"],"inLanguage":"fr-FR","potentialAction":[{"@type":"CommentAction","name":"Comment","target":["https:\/\/lasentinelle.dz\/index.php\/2022\/10\/25\/grande-bretagne-le-nouveau-premier-ministre-rishi-sunak-sur-la-corde-raide\/#respond"]}]},{"@type":"WebPage","@id":"https:\/\/lasentinelle.dz\/index.php\/2022\/10\/25\/grande-bretagne-le-nouveau-premier-ministre-rishi-sunak-sur-la-corde-raide\/","url":"https:\/\/lasentinelle.dz\/index.php\/2022\/10\/25\/grande-bretagne-le-nouveau-premier-ministre-rishi-sunak-sur-la-corde-raide\/","name":"Grande-Bretagne\u00a0: Le nouveau Premier ministre Rishi Sunak sur la corde raide\u00a0\u00a0 - La Sentinelle","isPartOf":{"@id":"https:\/\/lasentinelle.dz\/#website"},"primaryImageOfPage":{"@id":"https:\/\/lasentinelle.dz\/index.php\/2022\/10\/25\/grande-bretagne-le-nouveau-premier-ministre-rishi-sunak-sur-la-corde-raide\/#primaryimage"},"image":{"@id":"https:\/\/lasentinelle.dz\/index.php\/2022\/10\/25\/grande-bretagne-le-nouveau-premier-ministre-rishi-sunak-sur-la-corde-raide\/#primaryimage"},"thumbnailUrl":"https:\/\/lasentinelle.dz\/wp-content\/uploads\/2022\/10\/image_2022-10-25_172328462.png","datePublished":"2022-10-25T21:00:00+00:00","breadcrumb":{"@id":"https:\/\/lasentinelle.dz\/index.php\/2022\/10\/25\/grande-bretagne-le-nouveau-premier-ministre-rishi-sunak-sur-la-corde-raide\/#breadcrumb"},"inLanguage":"fr-FR","potentialAction":[{"@type":"ReadAction","target":["https:\/\/lasentinelle.dz\/index.php\/2022\/10\/25\/grande-bretagne-le-nouveau-premier-ministre-rishi-sunak-sur-la-corde-raide\/"]}]},{"@type":"ImageObject","inLanguage":"fr-FR","@id":"https:\/\/lasentinelle.dz\/index.php\/2022\/10\/25\/grande-bretagne-le-nouveau-premier-ministre-rishi-sunak-sur-la-corde-raide\/#primaryimage","url":"https:\/\/lasentinelle.dz\/wp-content\/uploads\/2022\/10\/image_2022-10-25_172328462.png","contentUrl":"https:\/\/lasentinelle.dz\/wp-content\/uploads\/2022\/10\/image_2022-10-25_172328462.png","width":1200,"height":630},{"@type":"BreadcrumbList","@id":"https:\/\/lasentinelle.dz\/index.php\/2022\/10\/25\/grande-bretagne-le-nouveau-premier-ministre-rishi-sunak-sur-la-corde-raide\/#breadcrumb","itemListElement":[{"@type":"ListItem","position":1,"name":"Accueil","item":"https:\/\/lasentinelle.dz\/"},{"@type":"ListItem","position":2,"name":"Grande-Bretagne\u00a0: Le nouveau Premier ministre Rishi Sunak sur la corde raide\u00a0\u00a0"}]},{"@type":"WebSite","@id":"https:\/\/lasentinelle.dz\/#website","url":"https:\/\/lasentinelle.dz\/","name":"La Sentinelle","description":"Quotidien national d&#039;information","publisher":{"@id":"https:\/\/lasentinelle.dz\/#organization"},"potentialAction":[{"@type":"SearchAction","target":{"@type":"EntryPoint","urlTemplate":"https:\/\/lasentinelle.dz\/?s={search_term_string}"},"query-input":{"@type":"PropertyValueSpecification","valueRequired":true,"valueName":"search_term_string"}}],"inLanguage":"fr-FR"},{"@type":"Organization","@id":"https:\/\/lasentinelle.dz\/#organization","name":"Quotidien La Sentinelle","url":"https:\/\/lasentinelle.dz\/","logo":{"@type":"ImageObject","inLanguage":"fr-FR","@id":"https:\/\/lasentinelle.dz\/#\/schema\/logo\/image\/","url":"https:\/\/lasentinelle.dz\/wp-content\/uploads\/2021\/09\/logo-sentinelleSLOGAN-1.png","contentUrl":"https:\/\/lasentinelle.dz\/wp-content\/uploads\/2021\/09\/logo-sentinelleSLOGAN-1.png","width":615,"height":142,"caption":"Quotidien La Sentinelle"},"image":{"@id":"https:\/\/lasentinelle.dz\/#\/schema\/logo\/image\/"},"sameAs":["https:\/\/www.facebook.com\/La-Sentinelle-104059864394773"]},{"@type":"Person","@id":"https:\/\/lasentinelle.dz\/#\/schema\/person\/d865044e22e70a75174ce8bcad3acfb3","name":"La Sentinelle","image":{"@type":"ImageObject","inLanguage":"fr-FR","@id":"https:\/\/secure.gravatar.com\/avatar\/57de8e5d4b15d43fb361a71fbb36338450fe67865b528a43dd10ef7c51a20392?s=96&d=mm&r=g","url":"https:\/\/secure.gravatar.com\/avatar\/57de8e5d4b15d43fb361a71fbb36338450fe67865b528a43dd10ef7c51a20392?s=96&d=mm&r=g","contentUrl":"https:\/\/secure.gravatar.com\/avatar\/57de8e5d4b15d43fb361a71fbb36338450fe67865b528a43dd10ef7c51a20392?s=96&d=mm&r=g","caption":"La Sentinelle"},"sameAs":["http:\/\/www.lasentinelle.dz"],"url":"https:\/\/lasentinelle.dz\/author\/redaction\/"}]}},"_links":{"self":[{"href":"https:\/\/lasentinelle.dz\/index.php\/wp-json\/wp\/v2\/posts\/29565","targetHints":{"allow":["GET"]}}],"collection":[{"href":"https:\/\/lasentinelle.dz\/index.php\/wp-json\/wp\/v2\/posts"}],"about":[{"href":"https:\/\/lasentinelle.dz\/index.php\/wp-json\/wp\/v2\/types\/post"}],"author":[{"embeddable":true,"href":"https:\/\/lasentinelle.dz\/index.php\/wp-json\/wp\/v2\/users\/3"}],"replies":[{"embeddable":true,"href":"https:\/\/lasentinelle.dz\/index.php\/wp-json\/wp\/v2\/comments?post=29565"}],"version-history":[{"count":1,"href":"https:\/\/lasentinelle.dz\/index.php\/wp-json\/wp\/v2\/posts\/29565\/revisions"}],"predecessor-version":[{"id":29581,"href":"https:\/\/lasentinelle.dz\/index.php\/wp-json\/wp\/v2\/posts\/29565\/revisions\/29581"}],"wp:featuredmedia":[{"embeddable":true,"href":"https:\/\/lasentinelle.dz\/index.php\/wp-json\/wp\/v2\/media\/29576"}],"wp:attachment":[{"href":"https:\/\/lasentinelle.dz\/index.php\/wp-json\/wp\/v2\/media?parent=29565"}],"wp:term":[{"taxonomy":"category","embeddable":true,"href":"https:\/\/lasentinelle.dz\/index.php\/wp-json\/wp\/v2\/categories?post=29565"},{"taxonomy":"post_tag","embeddable":true,"href":"https:\/\/lasentinelle.dz\/index.php\/wp-json\/wp\/v2\/tags?post=29565"}],"curies":[{"name":"wp","href":"https:\/\/api.w.org\/{rel}","templated":true}]}}