{"id":29567,"date":"2022-10-25T22:05:00","date_gmt":"2022-10-25T21:05:00","guid":{"rendered":"https:\/\/lasentinelle.dz\/?p=29567"},"modified":"2022-10-25T21:30:20","modified_gmt":"2022-10-25T20:30:20","slug":"salon-era-2022-les-pays-bas-affichent-leur-interet-pour-lhydrogene-vert-algerien","status":"publish","type":"post","link":"https:\/\/lasentinelle.dz\/index.php\/2022\/10\/25\/salon-era-2022-les-pays-bas-affichent-leur-interet-pour-lhydrogene-vert-algerien\/","title":{"rendered":"Salon ERA 2022\u00a0: Les Pays Bas affichent leur int\u00e9r\u00eat pour l\u2019hydrog\u00e8ne vert alg\u00e9rien"},"content":{"rendered":"\n<p>Pas moins de 50 entreprises, dont la Sonatrach et de nombreuses entreprises \u00e9trang\u00e8res prennent part au 12<sup>e<\/sup> Salon international des \u00e9nergies renouvelables ouvert dimanche \u00e0 Oran. L\u2019\u00e9v\u00e9nement constitue une opportunit\u00e9 pour prospecter des possibilit\u00e9s de partenariat dans le domaine des \u00e9nergies renouvelables et notamment dans l\u2019hydrog\u00e8ne vert qui risque de s\u2019imposer dans le mix \u00e9nerg\u00e9tique futur. Avec ses potentialit\u00e9s en termes de solaire thermique, de solaire photovolta\u00efque, d\u2019\u00e9olien et d\u2019hydrog\u00e8ne vert, l\u2019Alg\u00e9rie suscite beaucoup d\u2019int\u00e9r\u00eat de la part de nombreux op\u00e9rateurs notamment europ\u00e9ens, et ce, dans la perspective du lancement par l\u2019Alg\u00e9rie d\u2019un vaste programme de d\u00e9veloppement des ENR et de l\u2019hydrog\u00e8ne vert. Dans ce sens, l\u2019ambassadrice des Pays-BasJanna van der Velde a indiqu\u00e9 en marge du Salon que son pays pr\u00e9sent avec une importante d\u00e9l\u00e9gation \u00e0 la manifestation est int\u00e9ress\u00e9 par des partenariats avec l\u2019Alg\u00e9rie dans le domaine de la production de l\u2019hydrog\u00e8ne vert. \u00ab&nbsp;Nous cherchons \u00e0 nouer des partenaires en Alg\u00e9rie pour d\u00e9velopper des activit\u00e9s dans le domaine de l\u2019hydrog\u00e8ne vert\u00a0\u00bb, a affirm\u00e9 \u00e0 l\u2019APS.\u00a0\u00bbLa transition \u00e9nerg\u00e9tique est un objectif tr\u00e8s important pour le gouvernement n\u00e9erlandais qui a fait un choix tr\u00e8s clair par rapport \u00e0 un passage aux \u00e9nergies renouvelables le plus t\u00f4t possible\u00a0\u00bb, a-t-elle expliqu\u00e9.\u00a0\u00bbCette option nous pousse \u00e0 d\u00e9velopper des projets et des activit\u00e9s, pas seulement aux Pays-Bas, mais \u00e9galement \u00e0 l\u2019\u00e9chelle internationale, pour soutenir cette transition \u00e9nerg\u00e9tique et trouver de nouvelles sources d\u2019\u00e9nergie\u00a0\u00bb, a-t-elle soulign\u00e9, tout en relevant que \u00ab\u00a0l\u2019Alg\u00e9rie a un fort potentiel en mati\u00e8re d\u2019\u00e9nergies renouvelables, le solaire notamment, mais \u00e9galement dans d\u2019autres sources comme l\u2019hydrog\u00e8ne\u00a0\u00bb.\u00a0\u00bbLes Pays-Bas sont en train de d\u00e9velopper leur savoir-faire et leurs activit\u00e9s dans le domaine de l\u2019hydrog\u00e8ne et envisagent d\u00e9j\u00e0 \u00e0 d\u00e9velopper des partenariats \u00e0 l\u2019\u00e9tranger\u00a0\u00bb, a-t-elle not\u00e9.<\/p>\n\n\n\n<p>Pour sa part, la responsable de la transition \u00e9nerg\u00e9tique au sein de l\u2019Agence n\u00e9erlandaise de soutien \u00e0 l\u2019entreprenariat (Netherlands Entreprise Agency), Claire Hooft Graafland, pr\u00e9sente au stand n\u00e9erlandais a expliqu\u00e9 que 130 entreprises de son pays ont exprim\u00e9 leur int\u00e9r\u00eat \u00e0 d\u00e9velopper des partenariats en Alg\u00e9rie dans le domaine de l\u2019hydrog\u00e8ne vert.Les Pays-Bas sont pr\u00e9sents au salon ERA avec une importante d\u00e9l\u00e9gation, regroupant des institutions \u00e9tatiques en plus d\u2019une dizaine op\u00e9rateurs \u00e9conomiques, \u00e0 la recherche de partenariat dans le domaine des \u00e9nergies nouvelles, l\u2019hydrog\u00e8ne vert en particulier.<\/p>\n\n\n\n<p>ChokriHafed<\/p>\n","protected":false},"excerpt":{"rendered":"<p>Pas moins de 50 entreprises, dont la Sonatrach et de nombreuses entreprises \u00e9trang\u00e8res prennent part au 12e Salon international des<\/p>\n","protected":false},"author":3,"featured_media":29619,"comment_status":"open","ping_status":"closed","sticky":false,"template":"","format":"standard","meta":{"colormag_page_container_layout":"default_layout","colormag_page_sidebar_layout":"default_layout","om_disable_all_campaigns":false,"_monsterinsights_skip_tracking":false,"_monsterinsights_sitenote_active":false,"_monsterinsights_sitenote_note":"","_monsterinsights_sitenote_category":0,"footnotes":"","_wpscppro_dont_share_socialmedia":false,"_wpscppro_custom_social_share_image":0,"_facebook_share_type":"","_twitter_share_type":"","_linkedin_share_type":"","_pinterest_share_type":"","_linkedin_share_type_page":"","_instagram_share_type":"","_medium_share_type":"","_threads_share_type":"","_google_business_share_type":"","_selected_social_profile":[],"_wpsp_enable_custom_social_template":false,"_wpsp_social_scheduling":{"enabled":false,"datetime":null,"platforms":[],"status":"template_only","dateOption":"today","timeOption":"now","customDays":"","customHours":"","customDate":"","customTime":"","schedulingType":"absolute"},"_wpsp_active_default_template":true},"categories":[29],"tags":[],"class_list":["post-29567","post","type-post","status-publish","format-standard","has-post-thumbnail","hentry","category-economie"],"aioseo_notices":[],"yoast_head":"<!-- This site is optimized with the Yoast SEO plugin v27.5 - https:\/\/yoast.com\/product\/yoast-seo-wordpress\/ -->\n<title>Salon ERA 2022\u00a0: Les Pays Bas affichent leur int\u00e9r\u00eat pour l\u2019hydrog\u00e8ne vert alg\u00e9rien - La Sentinelle<\/title>\n<meta name=\"robots\" content=\"index, follow, max-snippet:-1, max-image-preview:large, max-video-preview:-1\" \/>\n<link rel=\"canonical\" href=\"https:\/\/lasentinelle.dz\/index.php\/2022\/10\/25\/salon-era-2022-les-pays-bas-affichent-leur-interet-pour-lhydrogene-vert-algerien\/\" \/>\n<meta property=\"og:locale\" content=\"fr_FR\" \/>\n<meta property=\"og:type\" content=\"article\" \/>\n<meta property=\"og:title\" content=\"Salon ERA 2022\u00a0: Les Pays Bas affichent leur int\u00e9r\u00eat pour l\u2019hydrog\u00e8ne vert alg\u00e9rien - La Sentinelle\" \/>\n<meta property=\"og:description\" content=\"Pas moins de 50 entreprises, dont la Sonatrach et de nombreuses entreprises \u00e9trang\u00e8res prennent part au 12e Salon international des\" \/>\n<meta property=\"og:url\" content=\"https:\/\/lasentinelle.dz\/index.php\/2022\/10\/25\/salon-era-2022-les-pays-bas-affichent-leur-interet-pour-lhydrogene-vert-algerien\/\" \/>\n<meta property=\"og:site_name\" content=\"La Sentinelle\" \/>\n<meta property=\"article:publisher\" content=\"https:\/\/www.facebook.com\/La-Sentinelle-104059864394773\" \/>\n<meta property=\"article:published_time\" content=\"2022-10-25T21:05:00+00:00\" \/>\n<meta property=\"og:image\" content=\"https:\/\/lasentinelle.dz\/wp-content\/uploads\/2022\/10\/image_2022-10-25_212941135.png\" \/>\n\t<meta property=\"og:image:width\" content=\"620\" \/>\n\t<meta property=\"og:image:height\" content=\"413\" \/>\n\t<meta property=\"og:image:type\" content=\"image\/png\" \/>\n<meta name=\"author\" content=\"La Sentinelle\" \/>\n<meta name=\"twitter:card\" content=\"summary_large_image\" \/>\n<meta name=\"twitter:label1\" content=\"\u00c9crit par\" \/>\n\t<meta name=\"twitter:data1\" content=\"La Sentinelle\" \/>\n\t<meta name=\"twitter:label2\" content=\"Dur\u00e9e de lecture estim\u00e9e\" \/>\n\t<meta name=\"twitter:data2\" content=\"2 minutes\" \/>\n<script type=\"application\/ld+json\" class=\"yoast-schema-graph\">{\"@context\":\"https:\\\/\\\/schema.org\",\"@graph\":[{\"@type\":\"Article\",\"@id\":\"https:\\\/\\\/lasentinelle.dz\\\/index.php\\\/2022\\\/10\\\/25\\\/salon-era-2022-les-pays-bas-affichent-leur-interet-pour-lhydrogene-vert-algerien\\\/#article\",\"isPartOf\":{\"@id\":\"https:\\\/\\\/lasentinelle.dz\\\/index.php\\\/2022\\\/10\\\/25\\\/salon-era-2022-les-pays-bas-affichent-leur-interet-pour-lhydrogene-vert-algerien\\\/\"},\"author\":{\"name\":\"La Sentinelle\",\"@id\":\"https:\\\/\\\/lasentinelle.dz\\\/#\\\/schema\\\/person\\\/d865044e22e70a75174ce8bcad3acfb3\"},\"headline\":\"Salon ERA 2022\u00a0: Les Pays Bas affichent leur int\u00e9r\u00eat pour l\u2019hydrog\u00e8ne vert alg\u00e9rien\",\"datePublished\":\"2022-10-25T21:05:00+00:00\",\"mainEntityOfPage\":{\"@id\":\"https:\\\/\\\/lasentinelle.dz\\\/index.php\\\/2022\\\/10\\\/25\\\/salon-era-2022-les-pays-bas-affichent-leur-interet-pour-lhydrogene-vert-algerien\\\/\"},\"wordCount\":461,\"commentCount\":0,\"publisher\":{\"@id\":\"https:\\\/\\\/lasentinelle.dz\\\/#organization\"},\"image\":{\"@id\":\"https:\\\/\\\/lasentinelle.dz\\\/index.php\\\/2022\\\/10\\\/25\\\/salon-era-2022-les-pays-bas-affichent-leur-interet-pour-lhydrogene-vert-algerien\\\/#primaryimage\"},\"thumbnailUrl\":\"https:\\\/\\\/lasentinelle.dz\\\/wp-content\\\/uploads\\\/2022\\\/10\\\/image_2022-10-25_212941135.png\",\"articleSection\":[\"\u00c9conomie\"],\"inLanguage\":\"fr-FR\",\"potentialAction\":[{\"@type\":\"CommentAction\",\"name\":\"Comment\",\"target\":[\"https:\\\/\\\/lasentinelle.dz\\\/index.php\\\/2022\\\/10\\\/25\\\/salon-era-2022-les-pays-bas-affichent-leur-interet-pour-lhydrogene-vert-algerien\\\/#respond\"]}]},{\"@type\":\"WebPage\",\"@id\":\"https:\\\/\\\/lasentinelle.dz\\\/index.php\\\/2022\\\/10\\\/25\\\/salon-era-2022-les-pays-bas-affichent-leur-interet-pour-lhydrogene-vert-algerien\\\/\",\"url\":\"https:\\\/\\\/lasentinelle.dz\\\/index.php\\\/2022\\\/10\\\/25\\\/salon-era-2022-les-pays-bas-affichent-leur-interet-pour-lhydrogene-vert-algerien\\\/\",\"name\":\"Salon ERA 2022\u00a0: Les Pays Bas affichent leur int\u00e9r\u00eat pour l\u2019hydrog\u00e8ne vert alg\u00e9rien - La Sentinelle\",\"isPartOf\":{\"@id\":\"https:\\\/\\\/lasentinelle.dz\\\/#website\"},\"primaryImageOfPage\":{\"@id\":\"https:\\\/\\\/lasentinelle.dz\\\/index.php\\\/2022\\\/10\\\/25\\\/salon-era-2022-les-pays-bas-affichent-leur-interet-pour-lhydrogene-vert-algerien\\\/#primaryimage\"},\"image\":{\"@id\":\"https:\\\/\\\/lasentinelle.dz\\\/index.php\\\/2022\\\/10\\\/25\\\/salon-era-2022-les-pays-bas-affichent-leur-interet-pour-lhydrogene-vert-algerien\\\/#primaryimage\"},\"thumbnailUrl\":\"https:\\\/\\\/lasentinelle.dz\\\/wp-content\\\/uploads\\\/2022\\\/10\\\/image_2022-10-25_212941135.png\",\"datePublished\":\"2022-10-25T21:05:00+00:00\",\"breadcrumb\":{\"@id\":\"https:\\\/\\\/lasentinelle.dz\\\/index.php\\\/2022\\\/10\\\/25\\\/salon-era-2022-les-pays-bas-affichent-leur-interet-pour-lhydrogene-vert-algerien\\\/#breadcrumb\"},\"inLanguage\":\"fr-FR\",\"potentialAction\":[{\"@type\":\"ReadAction\",\"target\":[\"https:\\\/\\\/lasentinelle.dz\\\/index.php\\\/2022\\\/10\\\/25\\\/salon-era-2022-les-pays-bas-affichent-leur-interet-pour-lhydrogene-vert-algerien\\\/\"]}]},{\"@type\":\"ImageObject\",\"inLanguage\":\"fr-FR\",\"@id\":\"https:\\\/\\\/lasentinelle.dz\\\/index.php\\\/2022\\\/10\\\/25\\\/salon-era-2022-les-pays-bas-affichent-leur-interet-pour-lhydrogene-vert-algerien\\\/#primaryimage\",\"url\":\"https:\\\/\\\/lasentinelle.dz\\\/wp-content\\\/uploads\\\/2022\\\/10\\\/image_2022-10-25_212941135.png\",\"contentUrl\":\"https:\\\/\\\/lasentinelle.dz\\\/wp-content\\\/uploads\\\/2022\\\/10\\\/image_2022-10-25_212941135.png\",\"width\":620,\"height\":413},{\"@type\":\"BreadcrumbList\",\"@id\":\"https:\\\/\\\/lasentinelle.dz\\\/index.php\\\/2022\\\/10\\\/25\\\/salon-era-2022-les-pays-bas-affichent-leur-interet-pour-lhydrogene-vert-algerien\\\/#breadcrumb\",\"itemListElement\":[{\"@type\":\"ListItem\",\"position\":1,\"name\":\"Accueil\",\"item\":\"https:\\\/\\\/lasentinelle.dz\\\/\"},{\"@type\":\"ListItem\",\"position\":2,\"name\":\"Salon ERA 2022\u00a0: Les Pays Bas affichent leur int\u00e9r\u00eat pour l\u2019hydrog\u00e8ne vert alg\u00e9rien\"}]},{\"@type\":\"WebSite\",\"@id\":\"https:\\\/\\\/lasentinelle.dz\\\/#website\",\"url\":\"https:\\\/\\\/lasentinelle.dz\\\/\",\"name\":\"La Sentinelle\",\"description\":\"Quotidien national d&#039;information\",\"publisher\":{\"@id\":\"https:\\\/\\\/lasentinelle.dz\\\/#organization\"},\"potentialAction\":[{\"@type\":\"SearchAction\",\"target\":{\"@type\":\"EntryPoint\",\"urlTemplate\":\"https:\\\/\\\/lasentinelle.dz\\\/?s={search_term_string}\"},\"query-input\":{\"@type\":\"PropertyValueSpecification\",\"valueRequired\":true,\"valueName\":\"search_term_string\"}}],\"inLanguage\":\"fr-FR\"},{\"@type\":\"Organization\",\"@id\":\"https:\\\/\\\/lasentinelle.dz\\\/#organization\",\"name\":\"Quotidien La Sentinelle\",\"url\":\"https:\\\/\\\/lasentinelle.dz\\\/\",\"logo\":{\"@type\":\"ImageObject\",\"inLanguage\":\"fr-FR\",\"@id\":\"https:\\\/\\\/lasentinelle.dz\\\/#\\\/schema\\\/logo\\\/image\\\/\",\"url\":\"https:\\\/\\\/lasentinelle.dz\\\/wp-content\\\/uploads\\\/2021\\\/09\\\/logo-sentinelleSLOGAN-1.png\",\"contentUrl\":\"https:\\\/\\\/lasentinelle.dz\\\/wp-content\\\/uploads\\\/2021\\\/09\\\/logo-sentinelleSLOGAN-1.png\",\"width\":615,\"height\":142,\"caption\":\"Quotidien La Sentinelle\"},\"image\":{\"@id\":\"https:\\\/\\\/lasentinelle.dz\\\/#\\\/schema\\\/logo\\\/image\\\/\"},\"sameAs\":[\"https:\\\/\\\/www.facebook.com\\\/La-Sentinelle-104059864394773\"]},{\"@type\":\"Person\",\"@id\":\"https:\\\/\\\/lasentinelle.dz\\\/#\\\/schema\\\/person\\\/d865044e22e70a75174ce8bcad3acfb3\",\"name\":\"La Sentinelle\",\"image\":{\"@type\":\"ImageObject\",\"inLanguage\":\"fr-FR\",\"@id\":\"https:\\\/\\\/secure.gravatar.com\\\/avatar\\\/57de8e5d4b15d43fb361a71fbb36338450fe67865b528a43dd10ef7c51a20392?s=96&d=mm&r=g\",\"url\":\"https:\\\/\\\/secure.gravatar.com\\\/avatar\\\/57de8e5d4b15d43fb361a71fbb36338450fe67865b528a43dd10ef7c51a20392?s=96&d=mm&r=g\",\"contentUrl\":\"https:\\\/\\\/secure.gravatar.com\\\/avatar\\\/57de8e5d4b15d43fb361a71fbb36338450fe67865b528a43dd10ef7c51a20392?s=96&d=mm&r=g\",\"caption\":\"La Sentinelle\"},\"sameAs\":[\"http:\\\/\\\/www.lasentinelle.dz\"],\"url\":\"https:\\\/\\\/lasentinelle.dz\\\/author\\\/redaction\\\/\"}]}<\/script>\n<!-- \/ Yoast SEO plugin. -->","yoast_head_json":{"title":"Salon ERA 2022\u00a0: Les Pays Bas affichent leur int\u00e9r\u00eat pour l\u2019hydrog\u00e8ne vert alg\u00e9rien - La Sentinelle","robots":{"index":"index","follow":"follow","max-snippet":"max-snippet:-1","max-image-preview":"max-image-preview:large","max-video-preview":"max-video-preview:-1"},"canonical":"https:\/\/lasentinelle.dz\/index.php\/2022\/10\/25\/salon-era-2022-les-pays-bas-affichent-leur-interet-pour-lhydrogene-vert-algerien\/","og_locale":"fr_FR","og_type":"article","og_title":"Salon ERA 2022\u00a0: Les Pays Bas affichent leur int\u00e9r\u00eat pour l\u2019hydrog\u00e8ne vert alg\u00e9rien - La Sentinelle","og_description":"Pas moins de 50 entreprises, dont la Sonatrach et de nombreuses entreprises \u00e9trang\u00e8res prennent part au 12e Salon international des","og_url":"https:\/\/lasentinelle.dz\/index.php\/2022\/10\/25\/salon-era-2022-les-pays-bas-affichent-leur-interet-pour-lhydrogene-vert-algerien\/","og_site_name":"La Sentinelle","article_publisher":"https:\/\/www.facebook.com\/La-Sentinelle-104059864394773","article_published_time":"2022-10-25T21:05:00+00:00","og_image":[{"width":620,"height":413,"url":"https:\/\/lasentinelle.dz\/wp-content\/uploads\/2022\/10\/image_2022-10-25_212941135.png","type":"image\/png"}],"author":"La Sentinelle","twitter_card":"summary_large_image","twitter_misc":{"\u00c9crit par":"La Sentinelle","Dur\u00e9e de lecture estim\u00e9e":"2 minutes"},"schema":{"@context":"https:\/\/schema.org","@graph":[{"@type":"Article","@id":"https:\/\/lasentinelle.dz\/index.php\/2022\/10\/25\/salon-era-2022-les-pays-bas-affichent-leur-interet-pour-lhydrogene-vert-algerien\/#article","isPartOf":{"@id":"https:\/\/lasentinelle.dz\/index.php\/2022\/10\/25\/salon-era-2022-les-pays-bas-affichent-leur-interet-pour-lhydrogene-vert-algerien\/"},"author":{"name":"La Sentinelle","@id":"https:\/\/lasentinelle.dz\/#\/schema\/person\/d865044e22e70a75174ce8bcad3acfb3"},"headline":"Salon ERA 2022\u00a0: Les Pays Bas affichent leur int\u00e9r\u00eat pour l\u2019hydrog\u00e8ne vert alg\u00e9rien","datePublished":"2022-10-25T21:05:00+00:00","mainEntityOfPage":{"@id":"https:\/\/lasentinelle.dz\/index.php\/2022\/10\/25\/salon-era-2022-les-pays-bas-affichent-leur-interet-pour-lhydrogene-vert-algerien\/"},"wordCount":461,"commentCount":0,"publisher":{"@id":"https:\/\/lasentinelle.dz\/#organization"},"image":{"@id":"https:\/\/lasentinelle.dz\/index.php\/2022\/10\/25\/salon-era-2022-les-pays-bas-affichent-leur-interet-pour-lhydrogene-vert-algerien\/#primaryimage"},"thumbnailUrl":"https:\/\/lasentinelle.dz\/wp-content\/uploads\/2022\/10\/image_2022-10-25_212941135.png","articleSection":["\u00c9conomie"],"inLanguage":"fr-FR","potentialAction":[{"@type":"CommentAction","name":"Comment","target":["https:\/\/lasentinelle.dz\/index.php\/2022\/10\/25\/salon-era-2022-les-pays-bas-affichent-leur-interet-pour-lhydrogene-vert-algerien\/#respond"]}]},{"@type":"WebPage","@id":"https:\/\/lasentinelle.dz\/index.php\/2022\/10\/25\/salon-era-2022-les-pays-bas-affichent-leur-interet-pour-lhydrogene-vert-algerien\/","url":"https:\/\/lasentinelle.dz\/index.php\/2022\/10\/25\/salon-era-2022-les-pays-bas-affichent-leur-interet-pour-lhydrogene-vert-algerien\/","name":"Salon ERA 2022\u00a0: Les Pays Bas affichent leur int\u00e9r\u00eat pour l\u2019hydrog\u00e8ne vert alg\u00e9rien - La Sentinelle","isPartOf":{"@id":"https:\/\/lasentinelle.dz\/#website"},"primaryImageOfPage":{"@id":"https:\/\/lasentinelle.dz\/index.php\/2022\/10\/25\/salon-era-2022-les-pays-bas-affichent-leur-interet-pour-lhydrogene-vert-algerien\/#primaryimage"},"image":{"@id":"https:\/\/lasentinelle.dz\/index.php\/2022\/10\/25\/salon-era-2022-les-pays-bas-affichent-leur-interet-pour-lhydrogene-vert-algerien\/#primaryimage"},"thumbnailUrl":"https:\/\/lasentinelle.dz\/wp-content\/uploads\/2022\/10\/image_2022-10-25_212941135.png","datePublished":"2022-10-25T21:05:00+00:00","breadcrumb":{"@id":"https:\/\/lasentinelle.dz\/index.php\/2022\/10\/25\/salon-era-2022-les-pays-bas-affichent-leur-interet-pour-lhydrogene-vert-algerien\/#breadcrumb"},"inLanguage":"fr-FR","potentialAction":[{"@type":"ReadAction","target":["https:\/\/lasentinelle.dz\/index.php\/2022\/10\/25\/salon-era-2022-les-pays-bas-affichent-leur-interet-pour-lhydrogene-vert-algerien\/"]}]},{"@type":"ImageObject","inLanguage":"fr-FR","@id":"https:\/\/lasentinelle.dz\/index.php\/2022\/10\/25\/salon-era-2022-les-pays-bas-affichent-leur-interet-pour-lhydrogene-vert-algerien\/#primaryimage","url":"https:\/\/lasentinelle.dz\/wp-content\/uploads\/2022\/10\/image_2022-10-25_212941135.png","contentUrl":"https:\/\/lasentinelle.dz\/wp-content\/uploads\/2022\/10\/image_2022-10-25_212941135.png","width":620,"height":413},{"@type":"BreadcrumbList","@id":"https:\/\/lasentinelle.dz\/index.php\/2022\/10\/25\/salon-era-2022-les-pays-bas-affichent-leur-interet-pour-lhydrogene-vert-algerien\/#breadcrumb","itemListElement":[{"@type":"ListItem","position":1,"name":"Accueil","item":"https:\/\/lasentinelle.dz\/"},{"@type":"ListItem","position":2,"name":"Salon ERA 2022\u00a0: Les Pays Bas affichent leur int\u00e9r\u00eat pour l\u2019hydrog\u00e8ne vert alg\u00e9rien"}]},{"@type":"WebSite","@id":"https:\/\/lasentinelle.dz\/#website","url":"https:\/\/lasentinelle.dz\/","name":"La Sentinelle","description":"Quotidien national d&#039;information","publisher":{"@id":"https:\/\/lasentinelle.dz\/#organization"},"potentialAction":[{"@type":"SearchAction","target":{"@type":"EntryPoint","urlTemplate":"https:\/\/lasentinelle.dz\/?s={search_term_string}"},"query-input":{"@type":"PropertyValueSpecification","valueRequired":true,"valueName":"search_term_string"}}],"inLanguage":"fr-FR"},{"@type":"Organization","@id":"https:\/\/lasentinelle.dz\/#organization","name":"Quotidien La Sentinelle","url":"https:\/\/lasentinelle.dz\/","logo":{"@type":"ImageObject","inLanguage":"fr-FR","@id":"https:\/\/lasentinelle.dz\/#\/schema\/logo\/image\/","url":"https:\/\/lasentinelle.dz\/wp-content\/uploads\/2021\/09\/logo-sentinelleSLOGAN-1.png","contentUrl":"https:\/\/lasentinelle.dz\/wp-content\/uploads\/2021\/09\/logo-sentinelleSLOGAN-1.png","width":615,"height":142,"caption":"Quotidien La Sentinelle"},"image":{"@id":"https:\/\/lasentinelle.dz\/#\/schema\/logo\/image\/"},"sameAs":["https:\/\/www.facebook.com\/La-Sentinelle-104059864394773"]},{"@type":"Person","@id":"https:\/\/lasentinelle.dz\/#\/schema\/person\/d865044e22e70a75174ce8bcad3acfb3","name":"La Sentinelle","image":{"@type":"ImageObject","inLanguage":"fr-FR","@id":"https:\/\/secure.gravatar.com\/avatar\/57de8e5d4b15d43fb361a71fbb36338450fe67865b528a43dd10ef7c51a20392?s=96&d=mm&r=g","url":"https:\/\/secure.gravatar.com\/avatar\/57de8e5d4b15d43fb361a71fbb36338450fe67865b528a43dd10ef7c51a20392?s=96&d=mm&r=g","contentUrl":"https:\/\/secure.gravatar.com\/avatar\/57de8e5d4b15d43fb361a71fbb36338450fe67865b528a43dd10ef7c51a20392?s=96&d=mm&r=g","caption":"La Sentinelle"},"sameAs":["http:\/\/www.lasentinelle.dz"],"url":"https:\/\/lasentinelle.dz\/author\/redaction\/"}]}},"_links":{"self":[{"href":"https:\/\/lasentinelle.dz\/index.php\/wp-json\/wp\/v2\/posts\/29567","targetHints":{"allow":["GET"]}}],"collection":[{"href":"https:\/\/lasentinelle.dz\/index.php\/wp-json\/wp\/v2\/posts"}],"about":[{"href":"https:\/\/lasentinelle.dz\/index.php\/wp-json\/wp\/v2\/types\/post"}],"author":[{"embeddable":true,"href":"https:\/\/lasentinelle.dz\/index.php\/wp-json\/wp\/v2\/users\/3"}],"replies":[{"embeddable":true,"href":"https:\/\/lasentinelle.dz\/index.php\/wp-json\/wp\/v2\/comments?post=29567"}],"version-history":[{"count":1,"href":"https:\/\/lasentinelle.dz\/index.php\/wp-json\/wp\/v2\/posts\/29567\/revisions"}],"predecessor-version":[{"id":29621,"href":"https:\/\/lasentinelle.dz\/index.php\/wp-json\/wp\/v2\/posts\/29567\/revisions\/29621"}],"wp:featuredmedia":[{"embeddable":true,"href":"https:\/\/lasentinelle.dz\/index.php\/wp-json\/wp\/v2\/media\/29619"}],"wp:attachment":[{"href":"https:\/\/lasentinelle.dz\/index.php\/wp-json\/wp\/v2\/media?parent=29567"}],"wp:term":[{"taxonomy":"category","embeddable":true,"href":"https:\/\/lasentinelle.dz\/index.php\/wp-json\/wp\/v2\/categories?post=29567"},{"taxonomy":"post_tag","embeddable":true,"href":"https:\/\/lasentinelle.dz\/index.php\/wp-json\/wp\/v2\/tags?post=29567"}],"curies":[{"name":"wp","href":"https:\/\/api.w.org\/{rel}","templated":true}]}}