{"id":29604,"date":"2022-10-25T22:28:00","date_gmt":"2022-10-25T21:28:00","guid":{"rendered":"https:\/\/lasentinelle.dz\/?p=29604"},"modified":"2022-10-25T21:39:03","modified_gmt":"2022-10-25T20:39:03","slug":"programme-aadl-3-le-oui-mais-de-belaribi","status":"publish","type":"post","link":"https:\/\/lasentinelle.dz\/index.php\/2022\/10\/25\/programme-aadl-3-le-oui-mais-de-belaribi\/","title":{"rendered":"Programme AADL 3\u00a0: Le \u00ab\u00a0Oui, mais\u2026\u00a0\u00bb de Belaribi"},"content":{"rendered":"\n<p>Le ministre de l\u2019Habitat, de l\u2019Urbanisme et de la Ville, Tarek Belaribi, n\u2019a pas \u00e9cart\u00e9 hier la possibilit\u00e9 de lancer un troisi\u00e8me programme de r\u00e9alisation de logements en location-vente \u00ab&nbsp;AADL&nbsp;\u00bb.<\/p>\n\n\n\n<p>Y\u2019aura-t-il un programme \u00ab&nbsp;AADL 3&nbsp;\u00bb&nbsp;? Le ministre de l\u2019Habitat, de l\u2019Urbanisme et de la Ville n\u2019en \u00e9carte pas la possibilit\u00e9. Cela est cependant tributaire de certaines conditions. En marge d\u2019une visite sur les sites des projets de logements de type location-vente de l&rsquo;Agence nationale de l&rsquo;am\u00e9lioration et du d\u00e9veloppement du Logementdans la nouvelle ville de Sidi Abdallah \u00e0 Alger Tarek Belaribi a indiqu\u00e9 qu\u2019avant de penser au lancement d\u2019un nouveau programme AADL, il \u00e9tait important de solder les programmes en cours, afin d\u2019\u00e9viter d\u2019\u00eatre soumis \u00e0 la pression qui a empreint la r\u00e9alisation des programmes AADL 1 et 2. Il a indiqu\u00e9 dans ce sens qu\u2019il \u00e9tait n\u00e9cessaire d\u2019en finir avec le programme AADL 2, de tout solder avec les souscripteurs actuels et de s\u2019assurer que chacun ait obtenu son logement, avant de penser \u00e0 un nouveau programme. En attendant, le ministre n\u2019a pas manqu\u00e9 de souligner que les programmes publics de logement en cours avancent bien ce qui permettra la livraison de centaines de milliers de logements durant cet exercice. Il a ainsi annonc\u00e9 que pr\u00e8s de 120.000 logements toutes formules confondues seront distribu\u00e9s \u00e0 travers l&rsquo;ensemble du territoire national, \u00e0 l&rsquo;occasion du 68e anniversaire du d\u00e9clenchement de la Guerre de lib\u00e9ration.Ce quota comprend 68.000 unit\u00e9s de type Logement social locatif (LSL), 29.700 logements AADL, 3.700 unit\u00e9s de type Logement promotionnel aid\u00e9 (LPA), et 1.750 unit\u00e9s de type Logement promotionnel public (LPP), a d\u00e9clar\u00e9 le ministre .L&rsquo;op\u00e9ration de distribution qui aura lieu le 15 novembre prochain en coordination avec les walis, pr\u00e9voit \u00e9galement plus de 11.000 aides aux logements ruraux, et 4.200 lotissements sociaux, a fait savoir le premier responsable du secteur.<\/p>\n\n\n\n<p>Il a \u00e9galement soulign\u00e9 que le secteur de l&rsquo;Habitat entend cl\u00f4turer 2022 avec pr\u00e8s de 380.000 unit\u00e9s de logement, toutes formules confondues, distribu\u00e9es durant l&rsquo;ann\u00e9e \u00e0 travers l&rsquo;ensemble du territoire national.Il a fait \u00e9tat, dans ce cadre, de la distribution de 70.000 unit\u00e9s de logement durant le premier semestre de l&rsquo;ann\u00e9e \u00e0 travers plusieurs wilayas du pays, un quota auquel s&rsquo;ajoutent 30.000 unit\u00e9s distribu\u00e9es \u00e0 l&rsquo;occasion de la comm\u00e9moration du 20 ao\u00fbt, et 120.000 logements programm\u00e9s durant le mois de novembre.<\/p>\n\n\n\n<p>S&rsquo;agissant des logements de type location-vente de l&rsquo;Agence nationale de l&rsquo;am\u00e9lioration et du d\u00e9veloppement du Logement (AADL), le ministre a pr\u00e9cis\u00e9 que durant le mois de novembre prochain, 29.700 unit\u00e9s seraient distribu\u00e9es \u00e0 travers les diff\u00e9rentes wilayas du pays, avec la distribution de 37.000 attestations d&rsquo;affectation.Avant fin novembre, pr\u00e8s de 26.000 souscripteurs sur 46.000 ayant proc\u00e9d\u00e9 \u00e0 l&rsquo;actualisation de leurs dossiers dans le cadre des recours et vers\u00e9 la premi\u00e8re tranche de leur logement, pourront choisir les sites, pour pouvoir ensuite payer la deuxi\u00e8me tranche, selon les explications de M. Belaribi.\u00a0\u00bbConform\u00e9ment aux instructions du pr\u00e9sident de la R\u00e9publique, M. Abdelmadjid Tebboune et en vertu du projet de Loi de finances 2023, plusieurs projets de logements ont \u00e9t\u00e9 inscrits dans le cadre du Logement public locatif (LPL), a-t-il ajout\u00e9.<\/p>\n\n\n\n<p><strong>Hocine Fadheli<\/strong><\/p>\n","protected":false},"excerpt":{"rendered":"<p>Le ministre de l\u2019Habitat, de l\u2019Urbanisme et de la Ville, Tarek Belaribi, n\u2019a pas \u00e9cart\u00e9 hier la possibilit\u00e9 de lancer<\/p>\n","protected":false},"author":3,"featured_media":29605,"comment_status":"open","ping_status":"closed","sticky":false,"template":"","format":"standard","meta":{"colormag_page_container_layout":"default_layout","colormag_page_sidebar_layout":"default_layout","om_disable_all_campaigns":false,"_monsterinsights_skip_tracking":false,"_monsterinsights_sitenote_active":false,"_monsterinsights_sitenote_note":"","_monsterinsights_sitenote_category":0,"footnotes":"","_wpscppro_dont_share_socialmedia":false,"_wpscppro_custom_social_share_image":0,"_facebook_share_type":"","_twitter_share_type":"","_linkedin_share_type":"","_pinterest_share_type":"","_linkedin_share_type_page":"","_instagram_share_type":"","_medium_share_type":"","_threads_share_type":"","_google_business_share_type":"","_selected_social_profile":[],"_wpsp_enable_custom_social_template":false,"_wpsp_social_scheduling":{"enabled":false,"datetime":null,"platforms":[],"status":"template_only","dateOption":"today","timeOption":"now","customDays":"","customHours":"","customDate":"","customTime":"","schedulingType":"absolute"},"_wpsp_active_default_template":true},"categories":[52,29],"tags":[],"class_list":["post-29604","post","type-post","status-publish","format-standard","has-post-thumbnail","hentry","category-a-la-une","category-economie"],"aioseo_notices":[],"yoast_head":"<!-- This site is optimized with the Yoast SEO plugin v27.5 - https:\/\/yoast.com\/product\/yoast-seo-wordpress\/ -->\n<title>Programme AADL 3\u00a0: Le \u00ab\u00a0Oui, mais\u2026\u00a0\u00bb de Belaribi - La Sentinelle<\/title>\n<meta name=\"robots\" content=\"index, follow, max-snippet:-1, max-image-preview:large, max-video-preview:-1\" \/>\n<link rel=\"canonical\" href=\"https:\/\/lasentinelle.dz\/index.php\/2022\/10\/25\/programme-aadl-3-le-oui-mais-de-belaribi\/\" \/>\n<meta property=\"og:locale\" content=\"fr_FR\" \/>\n<meta property=\"og:type\" content=\"article\" \/>\n<meta property=\"og:title\" content=\"Programme AADL 3\u00a0: Le \u00ab\u00a0Oui, mais\u2026\u00a0\u00bb de Belaribi - La Sentinelle\" \/>\n<meta property=\"og:description\" content=\"Le ministre de l\u2019Habitat, de l\u2019Urbanisme et de la Ville, Tarek Belaribi, n\u2019a pas \u00e9cart\u00e9 hier la possibilit\u00e9 de lancer\" \/>\n<meta property=\"og:url\" content=\"https:\/\/lasentinelle.dz\/index.php\/2022\/10\/25\/programme-aadl-3-le-oui-mais-de-belaribi\/\" \/>\n<meta property=\"og:site_name\" content=\"La Sentinelle\" \/>\n<meta property=\"article:publisher\" content=\"https:\/\/www.facebook.com\/La-Sentinelle-104059864394773\" \/>\n<meta property=\"article:published_time\" content=\"2022-10-25T21:28:00+00:00\" \/>\n<meta property=\"og:image\" content=\"https:\/\/lasentinelle.dz\/wp-content\/uploads\/2022\/10\/logement.png\" \/>\n\t<meta property=\"og:image:width\" content=\"1200\" \/>\n\t<meta property=\"og:image:height\" content=\"900\" \/>\n\t<meta property=\"og:image:type\" content=\"image\/png\" \/>\n<meta name=\"author\" content=\"La Sentinelle\" \/>\n<meta name=\"twitter:card\" content=\"summary_large_image\" \/>\n<meta name=\"twitter:label1\" content=\"\u00c9crit par\" \/>\n\t<meta name=\"twitter:data1\" content=\"La Sentinelle\" \/>\n\t<meta name=\"twitter:label2\" content=\"Dur\u00e9e de lecture estim\u00e9e\" \/>\n\t<meta name=\"twitter:data2\" content=\"3 minutes\" \/>\n<script type=\"application\/ld+json\" class=\"yoast-schema-graph\">{\"@context\":\"https:\\\/\\\/schema.org\",\"@graph\":[{\"@type\":\"Article\",\"@id\":\"https:\\\/\\\/lasentinelle.dz\\\/index.php\\\/2022\\\/10\\\/25\\\/programme-aadl-3-le-oui-mais-de-belaribi\\\/#article\",\"isPartOf\":{\"@id\":\"https:\\\/\\\/lasentinelle.dz\\\/index.php\\\/2022\\\/10\\\/25\\\/programme-aadl-3-le-oui-mais-de-belaribi\\\/\"},\"author\":{\"name\":\"La Sentinelle\",\"@id\":\"https:\\\/\\\/lasentinelle.dz\\\/#\\\/schema\\\/person\\\/d865044e22e70a75174ce8bcad3acfb3\"},\"headline\":\"Programme AADL 3\u00a0: Le \u00ab\u00a0Oui, mais\u2026\u00a0\u00bb de Belaribi\",\"datePublished\":\"2022-10-25T21:28:00+00:00\",\"mainEntityOfPage\":{\"@id\":\"https:\\\/\\\/lasentinelle.dz\\\/index.php\\\/2022\\\/10\\\/25\\\/programme-aadl-3-le-oui-mais-de-belaribi\\\/\"},\"wordCount\":570,\"commentCount\":0,\"publisher\":{\"@id\":\"https:\\\/\\\/lasentinelle.dz\\\/#organization\"},\"image\":{\"@id\":\"https:\\\/\\\/lasentinelle.dz\\\/index.php\\\/2022\\\/10\\\/25\\\/programme-aadl-3-le-oui-mais-de-belaribi\\\/#primaryimage\"},\"thumbnailUrl\":\"https:\\\/\\\/lasentinelle.dz\\\/wp-content\\\/uploads\\\/2022\\\/10\\\/logement.png\",\"articleSection\":[\"\u00c0 la Une\",\"\u00c9conomie\"],\"inLanguage\":\"fr-FR\",\"potentialAction\":[{\"@type\":\"CommentAction\",\"name\":\"Comment\",\"target\":[\"https:\\\/\\\/lasentinelle.dz\\\/index.php\\\/2022\\\/10\\\/25\\\/programme-aadl-3-le-oui-mais-de-belaribi\\\/#respond\"]}]},{\"@type\":\"WebPage\",\"@id\":\"https:\\\/\\\/lasentinelle.dz\\\/index.php\\\/2022\\\/10\\\/25\\\/programme-aadl-3-le-oui-mais-de-belaribi\\\/\",\"url\":\"https:\\\/\\\/lasentinelle.dz\\\/index.php\\\/2022\\\/10\\\/25\\\/programme-aadl-3-le-oui-mais-de-belaribi\\\/\",\"name\":\"Programme AADL 3\u00a0: Le \u00ab\u00a0Oui, mais\u2026\u00a0\u00bb de Belaribi - La Sentinelle\",\"isPartOf\":{\"@id\":\"https:\\\/\\\/lasentinelle.dz\\\/#website\"},\"primaryImageOfPage\":{\"@id\":\"https:\\\/\\\/lasentinelle.dz\\\/index.php\\\/2022\\\/10\\\/25\\\/programme-aadl-3-le-oui-mais-de-belaribi\\\/#primaryimage\"},\"image\":{\"@id\":\"https:\\\/\\\/lasentinelle.dz\\\/index.php\\\/2022\\\/10\\\/25\\\/programme-aadl-3-le-oui-mais-de-belaribi\\\/#primaryimage\"},\"thumbnailUrl\":\"https:\\\/\\\/lasentinelle.dz\\\/wp-content\\\/uploads\\\/2022\\\/10\\\/logement.png\",\"datePublished\":\"2022-10-25T21:28:00+00:00\",\"breadcrumb\":{\"@id\":\"https:\\\/\\\/lasentinelle.dz\\\/index.php\\\/2022\\\/10\\\/25\\\/programme-aadl-3-le-oui-mais-de-belaribi\\\/#breadcrumb\"},\"inLanguage\":\"fr-FR\",\"potentialAction\":[{\"@type\":\"ReadAction\",\"target\":[\"https:\\\/\\\/lasentinelle.dz\\\/index.php\\\/2022\\\/10\\\/25\\\/programme-aadl-3-le-oui-mais-de-belaribi\\\/\"]}]},{\"@type\":\"ImageObject\",\"inLanguage\":\"fr-FR\",\"@id\":\"https:\\\/\\\/lasentinelle.dz\\\/index.php\\\/2022\\\/10\\\/25\\\/programme-aadl-3-le-oui-mais-de-belaribi\\\/#primaryimage\",\"url\":\"https:\\\/\\\/lasentinelle.dz\\\/wp-content\\\/uploads\\\/2022\\\/10\\\/logement.png\",\"contentUrl\":\"https:\\\/\\\/lasentinelle.dz\\\/wp-content\\\/uploads\\\/2022\\\/10\\\/logement.png\",\"width\":1200,\"height\":900},{\"@type\":\"BreadcrumbList\",\"@id\":\"https:\\\/\\\/lasentinelle.dz\\\/index.php\\\/2022\\\/10\\\/25\\\/programme-aadl-3-le-oui-mais-de-belaribi\\\/#breadcrumb\",\"itemListElement\":[{\"@type\":\"ListItem\",\"position\":1,\"name\":\"Accueil\",\"item\":\"https:\\\/\\\/lasentinelle.dz\\\/\"},{\"@type\":\"ListItem\",\"position\":2,\"name\":\"Programme AADL 3\u00a0: Le \u00ab\u00a0Oui, mais\u2026\u00a0\u00bb de Belaribi\"}]},{\"@type\":\"WebSite\",\"@id\":\"https:\\\/\\\/lasentinelle.dz\\\/#website\",\"url\":\"https:\\\/\\\/lasentinelle.dz\\\/\",\"name\":\"La Sentinelle\",\"description\":\"Quotidien national d&#039;information\",\"publisher\":{\"@id\":\"https:\\\/\\\/lasentinelle.dz\\\/#organization\"},\"potentialAction\":[{\"@type\":\"SearchAction\",\"target\":{\"@type\":\"EntryPoint\",\"urlTemplate\":\"https:\\\/\\\/lasentinelle.dz\\\/?s={search_term_string}\"},\"query-input\":{\"@type\":\"PropertyValueSpecification\",\"valueRequired\":true,\"valueName\":\"search_term_string\"}}],\"inLanguage\":\"fr-FR\"},{\"@type\":\"Organization\",\"@id\":\"https:\\\/\\\/lasentinelle.dz\\\/#organization\",\"name\":\"Quotidien La Sentinelle\",\"url\":\"https:\\\/\\\/lasentinelle.dz\\\/\",\"logo\":{\"@type\":\"ImageObject\",\"inLanguage\":\"fr-FR\",\"@id\":\"https:\\\/\\\/lasentinelle.dz\\\/#\\\/schema\\\/logo\\\/image\\\/\",\"url\":\"https:\\\/\\\/lasentinelle.dz\\\/wp-content\\\/uploads\\\/2021\\\/09\\\/logo-sentinelleSLOGAN-1.png\",\"contentUrl\":\"https:\\\/\\\/lasentinelle.dz\\\/wp-content\\\/uploads\\\/2021\\\/09\\\/logo-sentinelleSLOGAN-1.png\",\"width\":615,\"height\":142,\"caption\":\"Quotidien La Sentinelle\"},\"image\":{\"@id\":\"https:\\\/\\\/lasentinelle.dz\\\/#\\\/schema\\\/logo\\\/image\\\/\"},\"sameAs\":[\"https:\\\/\\\/www.facebook.com\\\/La-Sentinelle-104059864394773\"]},{\"@type\":\"Person\",\"@id\":\"https:\\\/\\\/lasentinelle.dz\\\/#\\\/schema\\\/person\\\/d865044e22e70a75174ce8bcad3acfb3\",\"name\":\"La Sentinelle\",\"image\":{\"@type\":\"ImageObject\",\"inLanguage\":\"fr-FR\",\"@id\":\"https:\\\/\\\/secure.gravatar.com\\\/avatar\\\/57de8e5d4b15d43fb361a71fbb36338450fe67865b528a43dd10ef7c51a20392?s=96&d=mm&r=g\",\"url\":\"https:\\\/\\\/secure.gravatar.com\\\/avatar\\\/57de8e5d4b15d43fb361a71fbb36338450fe67865b528a43dd10ef7c51a20392?s=96&d=mm&r=g\",\"contentUrl\":\"https:\\\/\\\/secure.gravatar.com\\\/avatar\\\/57de8e5d4b15d43fb361a71fbb36338450fe67865b528a43dd10ef7c51a20392?s=96&d=mm&r=g\",\"caption\":\"La Sentinelle\"},\"sameAs\":[\"http:\\\/\\\/www.lasentinelle.dz\"],\"url\":\"https:\\\/\\\/lasentinelle.dz\\\/author\\\/redaction\\\/\"}]}<\/script>\n<!-- \/ Yoast SEO plugin. -->","yoast_head_json":{"title":"Programme AADL 3\u00a0: Le \u00ab\u00a0Oui, mais\u2026\u00a0\u00bb de Belaribi - La Sentinelle","robots":{"index":"index","follow":"follow","max-snippet":"max-snippet:-1","max-image-preview":"max-image-preview:large","max-video-preview":"max-video-preview:-1"},"canonical":"https:\/\/lasentinelle.dz\/index.php\/2022\/10\/25\/programme-aadl-3-le-oui-mais-de-belaribi\/","og_locale":"fr_FR","og_type":"article","og_title":"Programme AADL 3\u00a0: Le \u00ab\u00a0Oui, mais\u2026\u00a0\u00bb de Belaribi - La Sentinelle","og_description":"Le ministre de l\u2019Habitat, de l\u2019Urbanisme et de la Ville, Tarek Belaribi, n\u2019a pas \u00e9cart\u00e9 hier la possibilit\u00e9 de lancer","og_url":"https:\/\/lasentinelle.dz\/index.php\/2022\/10\/25\/programme-aadl-3-le-oui-mais-de-belaribi\/","og_site_name":"La Sentinelle","article_publisher":"https:\/\/www.facebook.com\/La-Sentinelle-104059864394773","article_published_time":"2022-10-25T21:28:00+00:00","og_image":[{"width":1200,"height":900,"url":"https:\/\/lasentinelle.dz\/wp-content\/uploads\/2022\/10\/logement.png","type":"image\/png"}],"author":"La Sentinelle","twitter_card":"summary_large_image","twitter_misc":{"\u00c9crit par":"La Sentinelle","Dur\u00e9e de lecture estim\u00e9e":"3 minutes"},"schema":{"@context":"https:\/\/schema.org","@graph":[{"@type":"Article","@id":"https:\/\/lasentinelle.dz\/index.php\/2022\/10\/25\/programme-aadl-3-le-oui-mais-de-belaribi\/#article","isPartOf":{"@id":"https:\/\/lasentinelle.dz\/index.php\/2022\/10\/25\/programme-aadl-3-le-oui-mais-de-belaribi\/"},"author":{"name":"La Sentinelle","@id":"https:\/\/lasentinelle.dz\/#\/schema\/person\/d865044e22e70a75174ce8bcad3acfb3"},"headline":"Programme AADL 3\u00a0: Le \u00ab\u00a0Oui, mais\u2026\u00a0\u00bb de Belaribi","datePublished":"2022-10-25T21:28:00+00:00","mainEntityOfPage":{"@id":"https:\/\/lasentinelle.dz\/index.php\/2022\/10\/25\/programme-aadl-3-le-oui-mais-de-belaribi\/"},"wordCount":570,"commentCount":0,"publisher":{"@id":"https:\/\/lasentinelle.dz\/#organization"},"image":{"@id":"https:\/\/lasentinelle.dz\/index.php\/2022\/10\/25\/programme-aadl-3-le-oui-mais-de-belaribi\/#primaryimage"},"thumbnailUrl":"https:\/\/lasentinelle.dz\/wp-content\/uploads\/2022\/10\/logement.png","articleSection":["\u00c0 la Une","\u00c9conomie"],"inLanguage":"fr-FR","potentialAction":[{"@type":"CommentAction","name":"Comment","target":["https:\/\/lasentinelle.dz\/index.php\/2022\/10\/25\/programme-aadl-3-le-oui-mais-de-belaribi\/#respond"]}]},{"@type":"WebPage","@id":"https:\/\/lasentinelle.dz\/index.php\/2022\/10\/25\/programme-aadl-3-le-oui-mais-de-belaribi\/","url":"https:\/\/lasentinelle.dz\/index.php\/2022\/10\/25\/programme-aadl-3-le-oui-mais-de-belaribi\/","name":"Programme AADL 3\u00a0: Le \u00ab\u00a0Oui, mais\u2026\u00a0\u00bb de Belaribi - La Sentinelle","isPartOf":{"@id":"https:\/\/lasentinelle.dz\/#website"},"primaryImageOfPage":{"@id":"https:\/\/lasentinelle.dz\/index.php\/2022\/10\/25\/programme-aadl-3-le-oui-mais-de-belaribi\/#primaryimage"},"image":{"@id":"https:\/\/lasentinelle.dz\/index.php\/2022\/10\/25\/programme-aadl-3-le-oui-mais-de-belaribi\/#primaryimage"},"thumbnailUrl":"https:\/\/lasentinelle.dz\/wp-content\/uploads\/2022\/10\/logement.png","datePublished":"2022-10-25T21:28:00+00:00","breadcrumb":{"@id":"https:\/\/lasentinelle.dz\/index.php\/2022\/10\/25\/programme-aadl-3-le-oui-mais-de-belaribi\/#breadcrumb"},"inLanguage":"fr-FR","potentialAction":[{"@type":"ReadAction","target":["https:\/\/lasentinelle.dz\/index.php\/2022\/10\/25\/programme-aadl-3-le-oui-mais-de-belaribi\/"]}]},{"@type":"ImageObject","inLanguage":"fr-FR","@id":"https:\/\/lasentinelle.dz\/index.php\/2022\/10\/25\/programme-aadl-3-le-oui-mais-de-belaribi\/#primaryimage","url":"https:\/\/lasentinelle.dz\/wp-content\/uploads\/2022\/10\/logement.png","contentUrl":"https:\/\/lasentinelle.dz\/wp-content\/uploads\/2022\/10\/logement.png","width":1200,"height":900},{"@type":"BreadcrumbList","@id":"https:\/\/lasentinelle.dz\/index.php\/2022\/10\/25\/programme-aadl-3-le-oui-mais-de-belaribi\/#breadcrumb","itemListElement":[{"@type":"ListItem","position":1,"name":"Accueil","item":"https:\/\/lasentinelle.dz\/"},{"@type":"ListItem","position":2,"name":"Programme AADL 3\u00a0: Le \u00ab\u00a0Oui, mais\u2026\u00a0\u00bb de Belaribi"}]},{"@type":"WebSite","@id":"https:\/\/lasentinelle.dz\/#website","url":"https:\/\/lasentinelle.dz\/","name":"La Sentinelle","description":"Quotidien national d&#039;information","publisher":{"@id":"https:\/\/lasentinelle.dz\/#organization"},"potentialAction":[{"@type":"SearchAction","target":{"@type":"EntryPoint","urlTemplate":"https:\/\/lasentinelle.dz\/?s={search_term_string}"},"query-input":{"@type":"PropertyValueSpecification","valueRequired":true,"valueName":"search_term_string"}}],"inLanguage":"fr-FR"},{"@type":"Organization","@id":"https:\/\/lasentinelle.dz\/#organization","name":"Quotidien La Sentinelle","url":"https:\/\/lasentinelle.dz\/","logo":{"@type":"ImageObject","inLanguage":"fr-FR","@id":"https:\/\/lasentinelle.dz\/#\/schema\/logo\/image\/","url":"https:\/\/lasentinelle.dz\/wp-content\/uploads\/2021\/09\/logo-sentinelleSLOGAN-1.png","contentUrl":"https:\/\/lasentinelle.dz\/wp-content\/uploads\/2021\/09\/logo-sentinelleSLOGAN-1.png","width":615,"height":142,"caption":"Quotidien La Sentinelle"},"image":{"@id":"https:\/\/lasentinelle.dz\/#\/schema\/logo\/image\/"},"sameAs":["https:\/\/www.facebook.com\/La-Sentinelle-104059864394773"]},{"@type":"Person","@id":"https:\/\/lasentinelle.dz\/#\/schema\/person\/d865044e22e70a75174ce8bcad3acfb3","name":"La Sentinelle","image":{"@type":"ImageObject","inLanguage":"fr-FR","@id":"https:\/\/secure.gravatar.com\/avatar\/57de8e5d4b15d43fb361a71fbb36338450fe67865b528a43dd10ef7c51a20392?s=96&d=mm&r=g","url":"https:\/\/secure.gravatar.com\/avatar\/57de8e5d4b15d43fb361a71fbb36338450fe67865b528a43dd10ef7c51a20392?s=96&d=mm&r=g","contentUrl":"https:\/\/secure.gravatar.com\/avatar\/57de8e5d4b15d43fb361a71fbb36338450fe67865b528a43dd10ef7c51a20392?s=96&d=mm&r=g","caption":"La Sentinelle"},"sameAs":["http:\/\/www.lasentinelle.dz"],"url":"https:\/\/lasentinelle.dz\/author\/redaction\/"}]}},"_links":{"self":[{"href":"https:\/\/lasentinelle.dz\/index.php\/wp-json\/wp\/v2\/posts\/29604","targetHints":{"allow":["GET"]}}],"collection":[{"href":"https:\/\/lasentinelle.dz\/index.php\/wp-json\/wp\/v2\/posts"}],"about":[{"href":"https:\/\/lasentinelle.dz\/index.php\/wp-json\/wp\/v2\/types\/post"}],"author":[{"embeddable":true,"href":"https:\/\/lasentinelle.dz\/index.php\/wp-json\/wp\/v2\/users\/3"}],"replies":[{"embeddable":true,"href":"https:\/\/lasentinelle.dz\/index.php\/wp-json\/wp\/v2\/comments?post=29604"}],"version-history":[{"count":1,"href":"https:\/\/lasentinelle.dz\/index.php\/wp-json\/wp\/v2\/posts\/29604\/revisions"}],"predecessor-version":[{"id":29606,"href":"https:\/\/lasentinelle.dz\/index.php\/wp-json\/wp\/v2\/posts\/29604\/revisions\/29606"}],"wp:featuredmedia":[{"embeddable":true,"href":"https:\/\/lasentinelle.dz\/index.php\/wp-json\/wp\/v2\/media\/29605"}],"wp:attachment":[{"href":"https:\/\/lasentinelle.dz\/index.php\/wp-json\/wp\/v2\/media?parent=29604"}],"wp:term":[{"taxonomy":"category","embeddable":true,"href":"https:\/\/lasentinelle.dz\/index.php\/wp-json\/wp\/v2\/categories?post=29604"},{"taxonomy":"post_tag","embeddable":true,"href":"https:\/\/lasentinelle.dz\/index.php\/wp-json\/wp\/v2\/tags?post=29604"}],"curies":[{"name":"wp","href":"https:\/\/api.w.org\/{rel}","templated":true}]}}