{"id":29658,"date":"2022-10-26T22:00:00","date_gmt":"2022-10-26T21:00:00","guid":{"rendered":"https:\/\/lasentinelle.dz\/?p=29658"},"modified":"2022-10-26T18:34:46","modified_gmt":"2022-10-26T17:34:46","slug":"chan-2022-bougherra-retient-23-joueurs-pour-le-stage-de-tabarka","status":"publish","type":"post","link":"https:\/\/lasentinelle.dz\/index.php\/2022\/10\/26\/chan-2022-bougherra-retient-23-joueurs-pour-le-stage-de-tabarka\/","title":{"rendered":"CHAN-2022\u00a0: Bougherra retient 23 joueurs pour le stage de Tabarka"},"content":{"rendered":"\n<p>Le s\u00e9lectionneur national des A&rsquo;, M. Madjid Bougherra, a retenu 23 joueurs pour le stage pr\u00e9vu du 26 octobre au 3 novembre 2022 dans la ville de Tabarka en Tunisie, indique mercredi la F\u00e9d\u00e9ration alg\u00e9rienne de football (FAF).<\/p>\n\n\n\n<p>Selon un communiqu\u00e9 de la F\u00e9d\u00e9ration alg\u00e9rienne de football, le staff technique a d\u00fb attendre le d\u00e9roulement des matchs en retard qui ont lieu ce mardi afin d\u2019\u00eatre fix\u00e9 sur l\u2019effectif qui prendra part \u00e0 ce stage.Pour ce stage, l&rsquo;ancien capitaine de l&rsquo;\u00e9quipe nationale a fait appel \u00e0 23 joueurs, dont 8 \u00e9l\u00e9ments du CR Belouizdad. Deux joueurs ont d\u00e9clar\u00e9 forfait pour blessures : le d\u00e9fenseur Khelif (JS Saoura) et l&rsquo;attaquant Massinissa Nezla (JS Kabylie).<\/p>\n\n\n\n<p>Au cours de ce stage l\u2019EN A\u2019disputera deux matchs amicaux. Le premier le samedi 29 octobre face \u00e0 la s\u00e9lection du Mali, et le second contre le Niger, le 2 du mois prochain.<\/p>\n\n\n\n<p>Dans ce contexte, le s\u00e9lectionneur de l&rsquo;\u00e9quipe nationale A&rsquo; de football, compos\u00e9e de joueurs locaux, Madjid Bougherra, a relev\u00e9 l&rsquo;importance de ce stage pr\u00e9paratoire qui intervient \u00e0 79 jours du coup d&rsquo;envoi du championnat d&rsquo;Afrique des nations CHAN-2022 en Alg\u00e9rie (13 janvier-4 f\u00e9vrier).\u00a0\u00bbLe stage de Tabarka est l&rsquo;un des plus importants, on a des choses \u00e0 tester, qu&rsquo;on va le faire \u00e0 l&rsquo;abri des regards. Il y aura deux autres stages en novembre et d\u00e9cembre, avant d&rsquo;entrer en regroupement d&rsquo;avant comp\u00e9tition en janvier\u00a0\u00bb, a indiqu\u00e9 le coach national \u00e0 la presse, peu avant le d\u00e9part de l&rsquo;\u00e9quipe nationale \u00e0 Tabarka.<\/p>\n\n\n\n<p>\u00ab\u00a0Tous les joueurs sont l\u00e0. Nous avons un petit souci avec les \u00e9l\u00e9ments de l&rsquo;USM Alger, on va les faire jouer le premier match du 29 octobre, avant de les lib\u00e9rer pour la double confrontation en Coupe de la Conf\u00e9d\u00e9ration (face aux Sud-africains de Cap Town City, NDLR). Le travail suit son cours, l&rsquo;objectif est d&rsquo;\u00eatre pr\u00eats pour ce CHAN en Alg\u00e9rie\u00a0\u00bb, a-t-il ajout\u00e9.<\/p>\n\n\n\n<p>\u00ab\u00a0En Alg\u00e9rie, quand une liste de joueurs est critiqu\u00e9e c&rsquo;est un bon signe (rires), quand il n y a pas de critiques c&rsquo;est l&rsquo;inverse. Concernant le cas Sofiane Bouchar (CR Belouizdad), c&rsquo;est un joueur que je suis, mais j&rsquo;ai des pr\u00e9f\u00e9rences sur d&rsquo;autres profils, la porte n&rsquo;est pas ferm\u00e9e, on suit aussi d&rsquo;autres joueurs qui sont proches de l&rsquo;\u00e9quipe nationale, ils doivent patienter car il se peut que je ferai appel \u00e0 l&rsquo;un d&rsquo;eux \u00e0 la derni\u00e8re minute. Je pr\u00e9f\u00e8re parler des joueurs qui sont l\u00e0, il faut leur donner du cr\u00e9dit et de respect\u00a0\u00bb.<\/p>\n\n\n\n<p>Lors du CHAN, l&rsquo;Alg\u00e9rie \u00e9voluera dans le groupe A, domicili\u00e9e au stade de Baraki, en compagnie de la Libye, de l&rsquo;Ethiopie, et du Mozambique.Pour rappel, les 18 pays participant \u00e0 cette comp\u00e9tition ont \u00e9t\u00e9 scind\u00e9s en trois groupes de quatre et deux groupes de trois. Les deux premiers des groupes A, B, et C, ainsi que les premiers des groupes D et E se qualifieront pour les quarts de finale.<\/p>\n\n\n\n<p>R.S.<\/p>\n\n\n\n<p class=\"has-medium-font-size\"><strong>Liste des joueurs convoqu\u00e9s :<\/strong><\/p>\n\n\n\n<p><strong>Gardiens de but :<\/strong> Sa\u00efdi (JS Saoura), Guendouz (CR belouizdad), Rahmani (CS Constantine).<\/p>\n\n\n\n<p><strong>D\u00e9fenseurs :<\/strong> Ghezala (MC Alger), Dehiri (Paradou AC), Bela\u00efd (USM Alger), Louafi (CR Belouizdad), Keddad (CR Belouizdad), Redouani (USM Alger), Abdellaoui (MC Alger).<\/p>\n\n\n\n<p><strong>Milieux :<\/strong> Kendouci (ES S\u00e9tif), Draoui (CR Belouizdad), Bakir (CR Belouizdad), Djahnit (USM Alger), Chita (USM Alger), Mrezigue (CR Belouizdad).<\/p>\n\n\n\n<p><strong>Attaquants :<\/strong> Debbih (MC Alger), Meziane (USM Alger), Lahmeri (JS Saoura), Aribi (CR Belouizdad), Mahious (USM Alger), Tahar (MC Alger).<\/p>\n","protected":false},"excerpt":{"rendered":"<p>Le s\u00e9lectionneur national des A&rsquo;, M. Madjid Bougherra, a retenu 23 joueurs pour le stage pr\u00e9vu du 26 octobre au<\/p>\n","protected":false},"author":3,"featured_media":29668,"comment_status":"open","ping_status":"closed","sticky":false,"template":"","format":"standard","meta":{"colormag_page_container_layout":"default_layout","colormag_page_sidebar_layout":"default_layout","om_disable_all_campaigns":false,"_monsterinsights_skip_tracking":false,"_monsterinsights_sitenote_active":false,"_monsterinsights_sitenote_note":"","_monsterinsights_sitenote_category":0,"footnotes":"","_wpscppro_dont_share_socialmedia":false,"_wpscppro_custom_social_share_image":0,"_facebook_share_type":"","_twitter_share_type":"","_linkedin_share_type":"","_pinterest_share_type":"","_linkedin_share_type_page":"","_instagram_share_type":"","_medium_share_type":"","_threads_share_type":"","_google_business_share_type":"","_selected_social_profile":[],"_wpsp_enable_custom_social_template":false,"_wpsp_social_scheduling":{"enabled":false,"datetime":null,"platforms":[],"status":"template_only","dateOption":"today","timeOption":"now","customDays":"","customHours":"","customDate":"","customTime":"","schedulingType":"absolute"},"_wpsp_active_default_template":true},"categories":[33],"tags":[],"class_list":["post-29658","post","type-post","status-publish","format-standard","has-post-thumbnail","hentry","category-sports"],"aioseo_notices":[],"yoast_head":"<!-- This site is optimized with the Yoast SEO plugin v27.5 - https:\/\/yoast.com\/product\/yoast-seo-wordpress\/ -->\n<title>CHAN-2022\u00a0: Bougherra retient 23 joueurs pour le stage de Tabarka - La Sentinelle<\/title>\n<meta name=\"robots\" content=\"index, follow, max-snippet:-1, max-image-preview:large, max-video-preview:-1\" \/>\n<link rel=\"canonical\" href=\"https:\/\/lasentinelle.dz\/index.php\/2022\/10\/26\/chan-2022-bougherra-retient-23-joueurs-pour-le-stage-de-tabarka\/\" \/>\n<meta property=\"og:locale\" content=\"fr_FR\" \/>\n<meta property=\"og:type\" content=\"article\" \/>\n<meta property=\"og:title\" content=\"CHAN-2022\u00a0: Bougherra retient 23 joueurs pour le stage de Tabarka - La Sentinelle\" \/>\n<meta property=\"og:description\" content=\"Le s\u00e9lectionneur national des A&rsquo;, M. Madjid Bougherra, a retenu 23 joueurs pour le stage pr\u00e9vu du 26 octobre au\" \/>\n<meta property=\"og:url\" content=\"https:\/\/lasentinelle.dz\/index.php\/2022\/10\/26\/chan-2022-bougherra-retient-23-joueurs-pour-le-stage-de-tabarka\/\" \/>\n<meta property=\"og:site_name\" content=\"La Sentinelle\" \/>\n<meta property=\"article:publisher\" content=\"https:\/\/www.facebook.com\/La-Sentinelle-104059864394773\" \/>\n<meta property=\"article:published_time\" content=\"2022-10-26T21:00:00+00:00\" \/>\n<meta property=\"og:image\" content=\"https:\/\/lasentinelle.dz\/wp-content\/uploads\/2022\/10\/madjid-bougherra.jpeg\" \/>\n\t<meta property=\"og:image:width\" content=\"2560\" \/>\n\t<meta property=\"og:image:height\" content=\"1440\" \/>\n\t<meta property=\"og:image:type\" content=\"image\/jpeg\" \/>\n<meta name=\"author\" content=\"La Sentinelle\" \/>\n<meta name=\"twitter:card\" content=\"summary_large_image\" \/>\n<meta name=\"twitter:label1\" content=\"\u00c9crit par\" \/>\n\t<meta name=\"twitter:data1\" content=\"La Sentinelle\" \/>\n\t<meta name=\"twitter:label2\" content=\"Dur\u00e9e de lecture estim\u00e9e\" \/>\n\t<meta name=\"twitter:data2\" content=\"3 minutes\" \/>\n<script type=\"application\/ld+json\" class=\"yoast-schema-graph\">{\"@context\":\"https:\\\/\\\/schema.org\",\"@graph\":[{\"@type\":\"Article\",\"@id\":\"https:\\\/\\\/lasentinelle.dz\\\/index.php\\\/2022\\\/10\\\/26\\\/chan-2022-bougherra-retient-23-joueurs-pour-le-stage-de-tabarka\\\/#article\",\"isPartOf\":{\"@id\":\"https:\\\/\\\/lasentinelle.dz\\\/index.php\\\/2022\\\/10\\\/26\\\/chan-2022-bougherra-retient-23-joueurs-pour-le-stage-de-tabarka\\\/\"},\"author\":{\"name\":\"La Sentinelle\",\"@id\":\"https:\\\/\\\/lasentinelle.dz\\\/#\\\/schema\\\/person\\\/d865044e22e70a75174ce8bcad3acfb3\"},\"headline\":\"CHAN-2022\u00a0: Bougherra retient 23 joueurs pour le stage de Tabarka\",\"datePublished\":\"2022-10-26T21:00:00+00:00\",\"mainEntityOfPage\":{\"@id\":\"https:\\\/\\\/lasentinelle.dz\\\/index.php\\\/2022\\\/10\\\/26\\\/chan-2022-bougherra-retient-23-joueurs-pour-le-stage-de-tabarka\\\/\"},\"wordCount\":619,\"commentCount\":0,\"publisher\":{\"@id\":\"https:\\\/\\\/lasentinelle.dz\\\/#organization\"},\"image\":{\"@id\":\"https:\\\/\\\/lasentinelle.dz\\\/index.php\\\/2022\\\/10\\\/26\\\/chan-2022-bougherra-retient-23-joueurs-pour-le-stage-de-tabarka\\\/#primaryimage\"},\"thumbnailUrl\":\"https:\\\/\\\/lasentinelle.dz\\\/wp-content\\\/uploads\\\/2022\\\/10\\\/madjid-bougherra.jpeg\",\"articleSection\":[\"Sports\"],\"inLanguage\":\"fr-FR\",\"potentialAction\":[{\"@type\":\"CommentAction\",\"name\":\"Comment\",\"target\":[\"https:\\\/\\\/lasentinelle.dz\\\/index.php\\\/2022\\\/10\\\/26\\\/chan-2022-bougherra-retient-23-joueurs-pour-le-stage-de-tabarka\\\/#respond\"]}]},{\"@type\":\"WebPage\",\"@id\":\"https:\\\/\\\/lasentinelle.dz\\\/index.php\\\/2022\\\/10\\\/26\\\/chan-2022-bougherra-retient-23-joueurs-pour-le-stage-de-tabarka\\\/\",\"url\":\"https:\\\/\\\/lasentinelle.dz\\\/index.php\\\/2022\\\/10\\\/26\\\/chan-2022-bougherra-retient-23-joueurs-pour-le-stage-de-tabarka\\\/\",\"name\":\"CHAN-2022\u00a0: Bougherra retient 23 joueurs pour le stage de Tabarka - La Sentinelle\",\"isPartOf\":{\"@id\":\"https:\\\/\\\/lasentinelle.dz\\\/#website\"},\"primaryImageOfPage\":{\"@id\":\"https:\\\/\\\/lasentinelle.dz\\\/index.php\\\/2022\\\/10\\\/26\\\/chan-2022-bougherra-retient-23-joueurs-pour-le-stage-de-tabarka\\\/#primaryimage\"},\"image\":{\"@id\":\"https:\\\/\\\/lasentinelle.dz\\\/index.php\\\/2022\\\/10\\\/26\\\/chan-2022-bougherra-retient-23-joueurs-pour-le-stage-de-tabarka\\\/#primaryimage\"},\"thumbnailUrl\":\"https:\\\/\\\/lasentinelle.dz\\\/wp-content\\\/uploads\\\/2022\\\/10\\\/madjid-bougherra.jpeg\",\"datePublished\":\"2022-10-26T21:00:00+00:00\",\"breadcrumb\":{\"@id\":\"https:\\\/\\\/lasentinelle.dz\\\/index.php\\\/2022\\\/10\\\/26\\\/chan-2022-bougherra-retient-23-joueurs-pour-le-stage-de-tabarka\\\/#breadcrumb\"},\"inLanguage\":\"fr-FR\",\"potentialAction\":[{\"@type\":\"ReadAction\",\"target\":[\"https:\\\/\\\/lasentinelle.dz\\\/index.php\\\/2022\\\/10\\\/26\\\/chan-2022-bougherra-retient-23-joueurs-pour-le-stage-de-tabarka\\\/\"]}]},{\"@type\":\"ImageObject\",\"inLanguage\":\"fr-FR\",\"@id\":\"https:\\\/\\\/lasentinelle.dz\\\/index.php\\\/2022\\\/10\\\/26\\\/chan-2022-bougherra-retient-23-joueurs-pour-le-stage-de-tabarka\\\/#primaryimage\",\"url\":\"https:\\\/\\\/lasentinelle.dz\\\/wp-content\\\/uploads\\\/2022\\\/10\\\/madjid-bougherra.jpeg\",\"contentUrl\":\"https:\\\/\\\/lasentinelle.dz\\\/wp-content\\\/uploads\\\/2022\\\/10\\\/madjid-bougherra.jpeg\",\"width\":2560,\"height\":1440},{\"@type\":\"BreadcrumbList\",\"@id\":\"https:\\\/\\\/lasentinelle.dz\\\/index.php\\\/2022\\\/10\\\/26\\\/chan-2022-bougherra-retient-23-joueurs-pour-le-stage-de-tabarka\\\/#breadcrumb\",\"itemListElement\":[{\"@type\":\"ListItem\",\"position\":1,\"name\":\"Accueil\",\"item\":\"https:\\\/\\\/lasentinelle.dz\\\/\"},{\"@type\":\"ListItem\",\"position\":2,\"name\":\"CHAN-2022\u00a0: Bougherra retient 23 joueurs pour le stage de Tabarka\"}]},{\"@type\":\"WebSite\",\"@id\":\"https:\\\/\\\/lasentinelle.dz\\\/#website\",\"url\":\"https:\\\/\\\/lasentinelle.dz\\\/\",\"name\":\"La Sentinelle\",\"description\":\"Quotidien national d&#039;information\",\"publisher\":{\"@id\":\"https:\\\/\\\/lasentinelle.dz\\\/#organization\"},\"potentialAction\":[{\"@type\":\"SearchAction\",\"target\":{\"@type\":\"EntryPoint\",\"urlTemplate\":\"https:\\\/\\\/lasentinelle.dz\\\/?s={search_term_string}\"},\"query-input\":{\"@type\":\"PropertyValueSpecification\",\"valueRequired\":true,\"valueName\":\"search_term_string\"}}],\"inLanguage\":\"fr-FR\"},{\"@type\":\"Organization\",\"@id\":\"https:\\\/\\\/lasentinelle.dz\\\/#organization\",\"name\":\"Quotidien La Sentinelle\",\"url\":\"https:\\\/\\\/lasentinelle.dz\\\/\",\"logo\":{\"@type\":\"ImageObject\",\"inLanguage\":\"fr-FR\",\"@id\":\"https:\\\/\\\/lasentinelle.dz\\\/#\\\/schema\\\/logo\\\/image\\\/\",\"url\":\"https:\\\/\\\/lasentinelle.dz\\\/wp-content\\\/uploads\\\/2021\\\/09\\\/logo-sentinelleSLOGAN-1.png\",\"contentUrl\":\"https:\\\/\\\/lasentinelle.dz\\\/wp-content\\\/uploads\\\/2021\\\/09\\\/logo-sentinelleSLOGAN-1.png\",\"width\":615,\"height\":142,\"caption\":\"Quotidien La Sentinelle\"},\"image\":{\"@id\":\"https:\\\/\\\/lasentinelle.dz\\\/#\\\/schema\\\/logo\\\/image\\\/\"},\"sameAs\":[\"https:\\\/\\\/www.facebook.com\\\/La-Sentinelle-104059864394773\"]},{\"@type\":\"Person\",\"@id\":\"https:\\\/\\\/lasentinelle.dz\\\/#\\\/schema\\\/person\\\/d865044e22e70a75174ce8bcad3acfb3\",\"name\":\"La Sentinelle\",\"image\":{\"@type\":\"ImageObject\",\"inLanguage\":\"fr-FR\",\"@id\":\"https:\\\/\\\/secure.gravatar.com\\\/avatar\\\/57de8e5d4b15d43fb361a71fbb36338450fe67865b528a43dd10ef7c51a20392?s=96&d=mm&r=g\",\"url\":\"https:\\\/\\\/secure.gravatar.com\\\/avatar\\\/57de8e5d4b15d43fb361a71fbb36338450fe67865b528a43dd10ef7c51a20392?s=96&d=mm&r=g\",\"contentUrl\":\"https:\\\/\\\/secure.gravatar.com\\\/avatar\\\/57de8e5d4b15d43fb361a71fbb36338450fe67865b528a43dd10ef7c51a20392?s=96&d=mm&r=g\",\"caption\":\"La Sentinelle\"},\"sameAs\":[\"http:\\\/\\\/www.lasentinelle.dz\"],\"url\":\"https:\\\/\\\/lasentinelle.dz\\\/author\\\/redaction\\\/\"}]}<\/script>\n<!-- \/ Yoast SEO plugin. -->","yoast_head_json":{"title":"CHAN-2022\u00a0: Bougherra retient 23 joueurs pour le stage de Tabarka - La Sentinelle","robots":{"index":"index","follow":"follow","max-snippet":"max-snippet:-1","max-image-preview":"max-image-preview:large","max-video-preview":"max-video-preview:-1"},"canonical":"https:\/\/lasentinelle.dz\/index.php\/2022\/10\/26\/chan-2022-bougherra-retient-23-joueurs-pour-le-stage-de-tabarka\/","og_locale":"fr_FR","og_type":"article","og_title":"CHAN-2022\u00a0: Bougherra retient 23 joueurs pour le stage de Tabarka - La Sentinelle","og_description":"Le s\u00e9lectionneur national des A&rsquo;, M. Madjid Bougherra, a retenu 23 joueurs pour le stage pr\u00e9vu du 26 octobre au","og_url":"https:\/\/lasentinelle.dz\/index.php\/2022\/10\/26\/chan-2022-bougherra-retient-23-joueurs-pour-le-stage-de-tabarka\/","og_site_name":"La Sentinelle","article_publisher":"https:\/\/www.facebook.com\/La-Sentinelle-104059864394773","article_published_time":"2022-10-26T21:00:00+00:00","og_image":[{"width":2560,"height":1440,"url":"https:\/\/lasentinelle.dz\/wp-content\/uploads\/2022\/10\/madjid-bougherra.jpeg","type":"image\/jpeg"}],"author":"La Sentinelle","twitter_card":"summary_large_image","twitter_misc":{"\u00c9crit par":"La Sentinelle","Dur\u00e9e de lecture estim\u00e9e":"3 minutes"},"schema":{"@context":"https:\/\/schema.org","@graph":[{"@type":"Article","@id":"https:\/\/lasentinelle.dz\/index.php\/2022\/10\/26\/chan-2022-bougherra-retient-23-joueurs-pour-le-stage-de-tabarka\/#article","isPartOf":{"@id":"https:\/\/lasentinelle.dz\/index.php\/2022\/10\/26\/chan-2022-bougherra-retient-23-joueurs-pour-le-stage-de-tabarka\/"},"author":{"name":"La Sentinelle","@id":"https:\/\/lasentinelle.dz\/#\/schema\/person\/d865044e22e70a75174ce8bcad3acfb3"},"headline":"CHAN-2022\u00a0: Bougherra retient 23 joueurs pour le stage de Tabarka","datePublished":"2022-10-26T21:00:00+00:00","mainEntityOfPage":{"@id":"https:\/\/lasentinelle.dz\/index.php\/2022\/10\/26\/chan-2022-bougherra-retient-23-joueurs-pour-le-stage-de-tabarka\/"},"wordCount":619,"commentCount":0,"publisher":{"@id":"https:\/\/lasentinelle.dz\/#organization"},"image":{"@id":"https:\/\/lasentinelle.dz\/index.php\/2022\/10\/26\/chan-2022-bougherra-retient-23-joueurs-pour-le-stage-de-tabarka\/#primaryimage"},"thumbnailUrl":"https:\/\/lasentinelle.dz\/wp-content\/uploads\/2022\/10\/madjid-bougherra.jpeg","articleSection":["Sports"],"inLanguage":"fr-FR","potentialAction":[{"@type":"CommentAction","name":"Comment","target":["https:\/\/lasentinelle.dz\/index.php\/2022\/10\/26\/chan-2022-bougherra-retient-23-joueurs-pour-le-stage-de-tabarka\/#respond"]}]},{"@type":"WebPage","@id":"https:\/\/lasentinelle.dz\/index.php\/2022\/10\/26\/chan-2022-bougherra-retient-23-joueurs-pour-le-stage-de-tabarka\/","url":"https:\/\/lasentinelle.dz\/index.php\/2022\/10\/26\/chan-2022-bougherra-retient-23-joueurs-pour-le-stage-de-tabarka\/","name":"CHAN-2022\u00a0: Bougherra retient 23 joueurs pour le stage de Tabarka - La Sentinelle","isPartOf":{"@id":"https:\/\/lasentinelle.dz\/#website"},"primaryImageOfPage":{"@id":"https:\/\/lasentinelle.dz\/index.php\/2022\/10\/26\/chan-2022-bougherra-retient-23-joueurs-pour-le-stage-de-tabarka\/#primaryimage"},"image":{"@id":"https:\/\/lasentinelle.dz\/index.php\/2022\/10\/26\/chan-2022-bougherra-retient-23-joueurs-pour-le-stage-de-tabarka\/#primaryimage"},"thumbnailUrl":"https:\/\/lasentinelle.dz\/wp-content\/uploads\/2022\/10\/madjid-bougherra.jpeg","datePublished":"2022-10-26T21:00:00+00:00","breadcrumb":{"@id":"https:\/\/lasentinelle.dz\/index.php\/2022\/10\/26\/chan-2022-bougherra-retient-23-joueurs-pour-le-stage-de-tabarka\/#breadcrumb"},"inLanguage":"fr-FR","potentialAction":[{"@type":"ReadAction","target":["https:\/\/lasentinelle.dz\/index.php\/2022\/10\/26\/chan-2022-bougherra-retient-23-joueurs-pour-le-stage-de-tabarka\/"]}]},{"@type":"ImageObject","inLanguage":"fr-FR","@id":"https:\/\/lasentinelle.dz\/index.php\/2022\/10\/26\/chan-2022-bougherra-retient-23-joueurs-pour-le-stage-de-tabarka\/#primaryimage","url":"https:\/\/lasentinelle.dz\/wp-content\/uploads\/2022\/10\/madjid-bougherra.jpeg","contentUrl":"https:\/\/lasentinelle.dz\/wp-content\/uploads\/2022\/10\/madjid-bougherra.jpeg","width":2560,"height":1440},{"@type":"BreadcrumbList","@id":"https:\/\/lasentinelle.dz\/index.php\/2022\/10\/26\/chan-2022-bougherra-retient-23-joueurs-pour-le-stage-de-tabarka\/#breadcrumb","itemListElement":[{"@type":"ListItem","position":1,"name":"Accueil","item":"https:\/\/lasentinelle.dz\/"},{"@type":"ListItem","position":2,"name":"CHAN-2022\u00a0: Bougherra retient 23 joueurs pour le stage de Tabarka"}]},{"@type":"WebSite","@id":"https:\/\/lasentinelle.dz\/#website","url":"https:\/\/lasentinelle.dz\/","name":"La Sentinelle","description":"Quotidien national d&#039;information","publisher":{"@id":"https:\/\/lasentinelle.dz\/#organization"},"potentialAction":[{"@type":"SearchAction","target":{"@type":"EntryPoint","urlTemplate":"https:\/\/lasentinelle.dz\/?s={search_term_string}"},"query-input":{"@type":"PropertyValueSpecification","valueRequired":true,"valueName":"search_term_string"}}],"inLanguage":"fr-FR"},{"@type":"Organization","@id":"https:\/\/lasentinelle.dz\/#organization","name":"Quotidien La Sentinelle","url":"https:\/\/lasentinelle.dz\/","logo":{"@type":"ImageObject","inLanguage":"fr-FR","@id":"https:\/\/lasentinelle.dz\/#\/schema\/logo\/image\/","url":"https:\/\/lasentinelle.dz\/wp-content\/uploads\/2021\/09\/logo-sentinelleSLOGAN-1.png","contentUrl":"https:\/\/lasentinelle.dz\/wp-content\/uploads\/2021\/09\/logo-sentinelleSLOGAN-1.png","width":615,"height":142,"caption":"Quotidien La Sentinelle"},"image":{"@id":"https:\/\/lasentinelle.dz\/#\/schema\/logo\/image\/"},"sameAs":["https:\/\/www.facebook.com\/La-Sentinelle-104059864394773"]},{"@type":"Person","@id":"https:\/\/lasentinelle.dz\/#\/schema\/person\/d865044e22e70a75174ce8bcad3acfb3","name":"La Sentinelle","image":{"@type":"ImageObject","inLanguage":"fr-FR","@id":"https:\/\/secure.gravatar.com\/avatar\/57de8e5d4b15d43fb361a71fbb36338450fe67865b528a43dd10ef7c51a20392?s=96&d=mm&r=g","url":"https:\/\/secure.gravatar.com\/avatar\/57de8e5d4b15d43fb361a71fbb36338450fe67865b528a43dd10ef7c51a20392?s=96&d=mm&r=g","contentUrl":"https:\/\/secure.gravatar.com\/avatar\/57de8e5d4b15d43fb361a71fbb36338450fe67865b528a43dd10ef7c51a20392?s=96&d=mm&r=g","caption":"La Sentinelle"},"sameAs":["http:\/\/www.lasentinelle.dz"],"url":"https:\/\/lasentinelle.dz\/author\/redaction\/"}]}},"_links":{"self":[{"href":"https:\/\/lasentinelle.dz\/index.php\/wp-json\/wp\/v2\/posts\/29658","targetHints":{"allow":["GET"]}}],"collection":[{"href":"https:\/\/lasentinelle.dz\/index.php\/wp-json\/wp\/v2\/posts"}],"about":[{"href":"https:\/\/lasentinelle.dz\/index.php\/wp-json\/wp\/v2\/types\/post"}],"author":[{"embeddable":true,"href":"https:\/\/lasentinelle.dz\/index.php\/wp-json\/wp\/v2\/users\/3"}],"replies":[{"embeddable":true,"href":"https:\/\/lasentinelle.dz\/index.php\/wp-json\/wp\/v2\/comments?post=29658"}],"version-history":[{"count":1,"href":"https:\/\/lasentinelle.dz\/index.php\/wp-json\/wp\/v2\/posts\/29658\/revisions"}],"predecessor-version":[{"id":29669,"href":"https:\/\/lasentinelle.dz\/index.php\/wp-json\/wp\/v2\/posts\/29658\/revisions\/29669"}],"wp:featuredmedia":[{"embeddable":true,"href":"https:\/\/lasentinelle.dz\/index.php\/wp-json\/wp\/v2\/media\/29668"}],"wp:attachment":[{"href":"https:\/\/lasentinelle.dz\/index.php\/wp-json\/wp\/v2\/media?parent=29658"}],"wp:term":[{"taxonomy":"category","embeddable":true,"href":"https:\/\/lasentinelle.dz\/index.php\/wp-json\/wp\/v2\/categories?post=29658"},{"taxonomy":"post_tag","embeddable":true,"href":"https:\/\/lasentinelle.dz\/index.php\/wp-json\/wp\/v2\/tags?post=29658"}],"curies":[{"name":"wp","href":"https:\/\/api.w.org\/{rel}","templated":true}]}}