{"id":29661,"date":"2022-10-26T22:05:00","date_gmt":"2022-10-26T21:05:00","guid":{"rendered":"https:\/\/lasentinelle.dz\/?p=29661"},"modified":"2022-10-26T19:43:53","modified_gmt":"2022-10-26T18:43:53","slug":"forum-des-pays-exportateurs-du-gaz-lalgerien-mohamed-hamel-reelu-sg","status":"publish","type":"post","link":"https:\/\/lasentinelle.dz\/index.php\/2022\/10\/26\/forum-des-pays-exportateurs-du-gaz-lalgerien-mohamed-hamel-reelu-sg\/","title":{"rendered":"Forum des pays exportateurs du gaz\u00a0: L&rsquo;Alg\u00e9rien Mohamed Hamel r\u00e9\u00e9lu SG"},"content":{"rendered":"\n<p>L&rsquo;Alg\u00e9rien Mohamed Hamel, secr\u00e9taire g\u00e9n\u00e9ral du Forum des pays exportateurs de gaz (GECF), a \u00e9t\u00e9 r\u00e9\u00e9lu, mardi au Caire, pour un second mandat, indique un communiqu\u00e9 du minist\u00e8re de l&rsquo;Energie et des Mines.Selon le communiqu\u00e9, Mohamed Hamel a \u00e9t\u00e9 r\u00e9\u00e9lu lors de la 24\u00e8me r\u00e9union minist\u00e9rielle du Forum, \u00e0 laquelle a pris part le ministre de l&rsquo;Energie et des Mines, Mohamed Arkab.M. Hamel avait \u00e9t\u00e9 \u00e9lu \u00e0 la t\u00eate de l&rsquo;organisation \u00e9nerg\u00e9tique lors de sa 23\u00e8me r\u00e9union minist\u00e9rielle, pr\u00e9sid\u00e9e par la Bolivie le 16 novembre dernier.Pour rappel, M. Hamel avait occup\u00e9 plusieurs r\u00f4les importants, \u00e0 savoir celui de membre du conseil des gouverneurs de l&rsquo;Organisation des pays exportateurs de p\u00e9trole (Opep), membre du comit\u00e9 ex\u00e9cutif de l&rsquo;IEF et membre du conseil d&rsquo;administration du GECF.Il a jou\u00e9 un r\u00f4le consultatif aupr\u00e8s du secr\u00e9taire g\u00e9n\u00e9ral de l&rsquo;Opep ainsi qu&rsquo;aupr\u00e8s du ministre de l&rsquo;Energie et des Mines.M. Hamel a entam\u00e9 sa carri\u00e8re au sein de la compagnie nationale des hydrocarbures Sonatrach, o\u00f9 il a occup\u00e9 le poste de vice-pr\u00e9sident de la strat\u00e9gie et de la planification, un r\u00f4le qu&rsquo;il a repris au GECF dans l&rsquo;\u00e9laboration de la strat\u00e9gie \u00e0 long terme de l&rsquo;organisation durant la p\u00e9riode 2017-2022.<\/p>\n\n\n\n<p>APS<\/p>\n","protected":false},"excerpt":{"rendered":"<p>L&rsquo;Alg\u00e9rien Mohamed Hamel, secr\u00e9taire g\u00e9n\u00e9ral du Forum des pays exportateurs de gaz (GECF), a \u00e9t\u00e9 r\u00e9\u00e9lu, mardi au Caire, pour<\/p>\n","protected":false},"author":3,"featured_media":29676,"comment_status":"open","ping_status":"closed","sticky":false,"template":"","format":"standard","meta":{"colormag_page_container_layout":"default_layout","colormag_page_sidebar_layout":"default_layout","om_disable_all_campaigns":false,"_monsterinsights_skip_tracking":false,"_monsterinsights_sitenote_active":false,"_monsterinsights_sitenote_note":"","_monsterinsights_sitenote_category":0,"footnotes":"","_wpscppro_dont_share_socialmedia":false,"_wpscppro_custom_social_share_image":0,"_facebook_share_type":"","_twitter_share_type":"","_linkedin_share_type":"","_pinterest_share_type":"","_linkedin_share_type_page":"","_instagram_share_type":"","_medium_share_type":"","_threads_share_type":"","_google_business_share_type":"","_selected_social_profile":[],"_wpsp_enable_custom_social_template":false,"_wpsp_social_scheduling":{"enabled":false,"datetime":null,"platforms":[],"status":"template_only","dateOption":"today","timeOption":"now","customDays":"","customHours":"","customDate":"","customTime":"","schedulingType":"absolute"},"_wpsp_active_default_template":true},"categories":[29],"tags":[],"class_list":["post-29661","post","type-post","status-publish","format-standard","has-post-thumbnail","hentry","category-economie"],"aioseo_notices":[],"yoast_head":"<!-- This site is optimized with the Yoast SEO plugin v27.5 - https:\/\/yoast.com\/product\/yoast-seo-wordpress\/ -->\n<title>Forum des pays exportateurs du gaz\u00a0: L&rsquo;Alg\u00e9rien Mohamed Hamel r\u00e9\u00e9lu SG - La Sentinelle<\/title>\n<meta name=\"robots\" content=\"index, follow, max-snippet:-1, max-image-preview:large, max-video-preview:-1\" \/>\n<link rel=\"canonical\" href=\"https:\/\/lasentinelle.dz\/index.php\/2022\/10\/26\/forum-des-pays-exportateurs-du-gaz-lalgerien-mohamed-hamel-reelu-sg\/\" \/>\n<meta property=\"og:locale\" content=\"fr_FR\" \/>\n<meta property=\"og:type\" content=\"article\" \/>\n<meta property=\"og:title\" content=\"Forum des pays exportateurs du gaz\u00a0: L&rsquo;Alg\u00e9rien Mohamed Hamel r\u00e9\u00e9lu SG - La Sentinelle\" \/>\n<meta property=\"og:description\" content=\"L&rsquo;Alg\u00e9rien Mohamed Hamel, secr\u00e9taire g\u00e9n\u00e9ral du Forum des pays exportateurs de gaz (GECF), a \u00e9t\u00e9 r\u00e9\u00e9lu, mardi au Caire, pour\" \/>\n<meta property=\"og:url\" content=\"https:\/\/lasentinelle.dz\/index.php\/2022\/10\/26\/forum-des-pays-exportateurs-du-gaz-lalgerien-mohamed-hamel-reelu-sg\/\" \/>\n<meta property=\"og:site_name\" content=\"La Sentinelle\" \/>\n<meta property=\"article:publisher\" content=\"https:\/\/www.facebook.com\/La-Sentinelle-104059864394773\" \/>\n<meta property=\"article:published_time\" content=\"2022-10-26T21:05:00+00:00\" \/>\n<meta property=\"og:image\" content=\"https:\/\/lasentinelle.dz\/wp-content\/uploads\/2022\/10\/Sans-titre-2-5.png\" \/>\n\t<meta property=\"og:image:width\" content=\"1290\" \/>\n\t<meta property=\"og:image:height\" content=\"900\" \/>\n\t<meta property=\"og:image:type\" content=\"image\/png\" \/>\n<meta name=\"author\" content=\"La Sentinelle\" \/>\n<meta name=\"twitter:card\" content=\"summary_large_image\" \/>\n<meta name=\"twitter:label1\" content=\"\u00c9crit par\" \/>\n\t<meta name=\"twitter:data1\" content=\"La Sentinelle\" \/>\n\t<meta name=\"twitter:label2\" content=\"Dur\u00e9e de lecture estim\u00e9e\" \/>\n\t<meta name=\"twitter:data2\" content=\"1 minute\" \/>\n<script type=\"application\/ld+json\" class=\"yoast-schema-graph\">{\"@context\":\"https:\\\/\\\/schema.org\",\"@graph\":[{\"@type\":\"Article\",\"@id\":\"https:\\\/\\\/lasentinelle.dz\\\/index.php\\\/2022\\\/10\\\/26\\\/forum-des-pays-exportateurs-du-gaz-lalgerien-mohamed-hamel-reelu-sg\\\/#article\",\"isPartOf\":{\"@id\":\"https:\\\/\\\/lasentinelle.dz\\\/index.php\\\/2022\\\/10\\\/26\\\/forum-des-pays-exportateurs-du-gaz-lalgerien-mohamed-hamel-reelu-sg\\\/\"},\"author\":{\"name\":\"La Sentinelle\",\"@id\":\"https:\\\/\\\/lasentinelle.dz\\\/#\\\/schema\\\/person\\\/d865044e22e70a75174ce8bcad3acfb3\"},\"headline\":\"Forum des pays exportateurs du gaz\u00a0: L&rsquo;Alg\u00e9rien Mohamed Hamel r\u00e9\u00e9lu SG\",\"datePublished\":\"2022-10-26T21:05:00+00:00\",\"mainEntityOfPage\":{\"@id\":\"https:\\\/\\\/lasentinelle.dz\\\/index.php\\\/2022\\\/10\\\/26\\\/forum-des-pays-exportateurs-du-gaz-lalgerien-mohamed-hamel-reelu-sg\\\/\"},\"wordCount\":253,\"commentCount\":0,\"publisher\":{\"@id\":\"https:\\\/\\\/lasentinelle.dz\\\/#organization\"},\"image\":{\"@id\":\"https:\\\/\\\/lasentinelle.dz\\\/index.php\\\/2022\\\/10\\\/26\\\/forum-des-pays-exportateurs-du-gaz-lalgerien-mohamed-hamel-reelu-sg\\\/#primaryimage\"},\"thumbnailUrl\":\"https:\\\/\\\/lasentinelle.dz\\\/wp-content\\\/uploads\\\/2022\\\/10\\\/Sans-titre-2-5.png\",\"articleSection\":[\"\u00c9conomie\"],\"inLanguage\":\"fr-FR\",\"potentialAction\":[{\"@type\":\"CommentAction\",\"name\":\"Comment\",\"target\":[\"https:\\\/\\\/lasentinelle.dz\\\/index.php\\\/2022\\\/10\\\/26\\\/forum-des-pays-exportateurs-du-gaz-lalgerien-mohamed-hamel-reelu-sg\\\/#respond\"]}]},{\"@type\":\"WebPage\",\"@id\":\"https:\\\/\\\/lasentinelle.dz\\\/index.php\\\/2022\\\/10\\\/26\\\/forum-des-pays-exportateurs-du-gaz-lalgerien-mohamed-hamel-reelu-sg\\\/\",\"url\":\"https:\\\/\\\/lasentinelle.dz\\\/index.php\\\/2022\\\/10\\\/26\\\/forum-des-pays-exportateurs-du-gaz-lalgerien-mohamed-hamel-reelu-sg\\\/\",\"name\":\"Forum des pays exportateurs du gaz\u00a0: L&rsquo;Alg\u00e9rien Mohamed Hamel r\u00e9\u00e9lu SG - La Sentinelle\",\"isPartOf\":{\"@id\":\"https:\\\/\\\/lasentinelle.dz\\\/#website\"},\"primaryImageOfPage\":{\"@id\":\"https:\\\/\\\/lasentinelle.dz\\\/index.php\\\/2022\\\/10\\\/26\\\/forum-des-pays-exportateurs-du-gaz-lalgerien-mohamed-hamel-reelu-sg\\\/#primaryimage\"},\"image\":{\"@id\":\"https:\\\/\\\/lasentinelle.dz\\\/index.php\\\/2022\\\/10\\\/26\\\/forum-des-pays-exportateurs-du-gaz-lalgerien-mohamed-hamel-reelu-sg\\\/#primaryimage\"},\"thumbnailUrl\":\"https:\\\/\\\/lasentinelle.dz\\\/wp-content\\\/uploads\\\/2022\\\/10\\\/Sans-titre-2-5.png\",\"datePublished\":\"2022-10-26T21:05:00+00:00\",\"breadcrumb\":{\"@id\":\"https:\\\/\\\/lasentinelle.dz\\\/index.php\\\/2022\\\/10\\\/26\\\/forum-des-pays-exportateurs-du-gaz-lalgerien-mohamed-hamel-reelu-sg\\\/#breadcrumb\"},\"inLanguage\":\"fr-FR\",\"potentialAction\":[{\"@type\":\"ReadAction\",\"target\":[\"https:\\\/\\\/lasentinelle.dz\\\/index.php\\\/2022\\\/10\\\/26\\\/forum-des-pays-exportateurs-du-gaz-lalgerien-mohamed-hamel-reelu-sg\\\/\"]}]},{\"@type\":\"ImageObject\",\"inLanguage\":\"fr-FR\",\"@id\":\"https:\\\/\\\/lasentinelle.dz\\\/index.php\\\/2022\\\/10\\\/26\\\/forum-des-pays-exportateurs-du-gaz-lalgerien-mohamed-hamel-reelu-sg\\\/#primaryimage\",\"url\":\"https:\\\/\\\/lasentinelle.dz\\\/wp-content\\\/uploads\\\/2022\\\/10\\\/Sans-titre-2-5.png\",\"contentUrl\":\"https:\\\/\\\/lasentinelle.dz\\\/wp-content\\\/uploads\\\/2022\\\/10\\\/Sans-titre-2-5.png\",\"width\":1290,\"height\":900},{\"@type\":\"BreadcrumbList\",\"@id\":\"https:\\\/\\\/lasentinelle.dz\\\/index.php\\\/2022\\\/10\\\/26\\\/forum-des-pays-exportateurs-du-gaz-lalgerien-mohamed-hamel-reelu-sg\\\/#breadcrumb\",\"itemListElement\":[{\"@type\":\"ListItem\",\"position\":1,\"name\":\"Accueil\",\"item\":\"https:\\\/\\\/lasentinelle.dz\\\/\"},{\"@type\":\"ListItem\",\"position\":2,\"name\":\"Forum des pays exportateurs du gaz\u00a0: L&rsquo;Alg\u00e9rien Mohamed Hamel r\u00e9\u00e9lu SG\"}]},{\"@type\":\"WebSite\",\"@id\":\"https:\\\/\\\/lasentinelle.dz\\\/#website\",\"url\":\"https:\\\/\\\/lasentinelle.dz\\\/\",\"name\":\"La Sentinelle\",\"description\":\"Quotidien national d&#039;information\",\"publisher\":{\"@id\":\"https:\\\/\\\/lasentinelle.dz\\\/#organization\"},\"potentialAction\":[{\"@type\":\"SearchAction\",\"target\":{\"@type\":\"EntryPoint\",\"urlTemplate\":\"https:\\\/\\\/lasentinelle.dz\\\/?s={search_term_string}\"},\"query-input\":{\"@type\":\"PropertyValueSpecification\",\"valueRequired\":true,\"valueName\":\"search_term_string\"}}],\"inLanguage\":\"fr-FR\"},{\"@type\":\"Organization\",\"@id\":\"https:\\\/\\\/lasentinelle.dz\\\/#organization\",\"name\":\"Quotidien La Sentinelle\",\"url\":\"https:\\\/\\\/lasentinelle.dz\\\/\",\"logo\":{\"@type\":\"ImageObject\",\"inLanguage\":\"fr-FR\",\"@id\":\"https:\\\/\\\/lasentinelle.dz\\\/#\\\/schema\\\/logo\\\/image\\\/\",\"url\":\"https:\\\/\\\/lasentinelle.dz\\\/wp-content\\\/uploads\\\/2021\\\/09\\\/logo-sentinelleSLOGAN-1.png\",\"contentUrl\":\"https:\\\/\\\/lasentinelle.dz\\\/wp-content\\\/uploads\\\/2021\\\/09\\\/logo-sentinelleSLOGAN-1.png\",\"width\":615,\"height\":142,\"caption\":\"Quotidien La Sentinelle\"},\"image\":{\"@id\":\"https:\\\/\\\/lasentinelle.dz\\\/#\\\/schema\\\/logo\\\/image\\\/\"},\"sameAs\":[\"https:\\\/\\\/www.facebook.com\\\/La-Sentinelle-104059864394773\"]},{\"@type\":\"Person\",\"@id\":\"https:\\\/\\\/lasentinelle.dz\\\/#\\\/schema\\\/person\\\/d865044e22e70a75174ce8bcad3acfb3\",\"name\":\"La Sentinelle\",\"image\":{\"@type\":\"ImageObject\",\"inLanguage\":\"fr-FR\",\"@id\":\"https:\\\/\\\/secure.gravatar.com\\\/avatar\\\/57de8e5d4b15d43fb361a71fbb36338450fe67865b528a43dd10ef7c51a20392?s=96&d=mm&r=g\",\"url\":\"https:\\\/\\\/secure.gravatar.com\\\/avatar\\\/57de8e5d4b15d43fb361a71fbb36338450fe67865b528a43dd10ef7c51a20392?s=96&d=mm&r=g\",\"contentUrl\":\"https:\\\/\\\/secure.gravatar.com\\\/avatar\\\/57de8e5d4b15d43fb361a71fbb36338450fe67865b528a43dd10ef7c51a20392?s=96&d=mm&r=g\",\"caption\":\"La Sentinelle\"},\"sameAs\":[\"http:\\\/\\\/www.lasentinelle.dz\"],\"url\":\"https:\\\/\\\/lasentinelle.dz\\\/author\\\/redaction\\\/\"}]}<\/script>\n<!-- \/ Yoast SEO plugin. -->","yoast_head_json":{"title":"Forum des pays exportateurs du gaz\u00a0: L&rsquo;Alg\u00e9rien Mohamed Hamel r\u00e9\u00e9lu SG - La Sentinelle","robots":{"index":"index","follow":"follow","max-snippet":"max-snippet:-1","max-image-preview":"max-image-preview:large","max-video-preview":"max-video-preview:-1"},"canonical":"https:\/\/lasentinelle.dz\/index.php\/2022\/10\/26\/forum-des-pays-exportateurs-du-gaz-lalgerien-mohamed-hamel-reelu-sg\/","og_locale":"fr_FR","og_type":"article","og_title":"Forum des pays exportateurs du gaz\u00a0: L&rsquo;Alg\u00e9rien Mohamed Hamel r\u00e9\u00e9lu SG - La Sentinelle","og_description":"L&rsquo;Alg\u00e9rien Mohamed Hamel, secr\u00e9taire g\u00e9n\u00e9ral du Forum des pays exportateurs de gaz (GECF), a \u00e9t\u00e9 r\u00e9\u00e9lu, mardi au Caire, pour","og_url":"https:\/\/lasentinelle.dz\/index.php\/2022\/10\/26\/forum-des-pays-exportateurs-du-gaz-lalgerien-mohamed-hamel-reelu-sg\/","og_site_name":"La Sentinelle","article_publisher":"https:\/\/www.facebook.com\/La-Sentinelle-104059864394773","article_published_time":"2022-10-26T21:05:00+00:00","og_image":[{"width":1290,"height":900,"url":"https:\/\/lasentinelle.dz\/wp-content\/uploads\/2022\/10\/Sans-titre-2-5.png","type":"image\/png"}],"author":"La Sentinelle","twitter_card":"summary_large_image","twitter_misc":{"\u00c9crit par":"La Sentinelle","Dur\u00e9e de lecture estim\u00e9e":"1 minute"},"schema":{"@context":"https:\/\/schema.org","@graph":[{"@type":"Article","@id":"https:\/\/lasentinelle.dz\/index.php\/2022\/10\/26\/forum-des-pays-exportateurs-du-gaz-lalgerien-mohamed-hamel-reelu-sg\/#article","isPartOf":{"@id":"https:\/\/lasentinelle.dz\/index.php\/2022\/10\/26\/forum-des-pays-exportateurs-du-gaz-lalgerien-mohamed-hamel-reelu-sg\/"},"author":{"name":"La Sentinelle","@id":"https:\/\/lasentinelle.dz\/#\/schema\/person\/d865044e22e70a75174ce8bcad3acfb3"},"headline":"Forum des pays exportateurs du gaz\u00a0: L&rsquo;Alg\u00e9rien Mohamed Hamel r\u00e9\u00e9lu SG","datePublished":"2022-10-26T21:05:00+00:00","mainEntityOfPage":{"@id":"https:\/\/lasentinelle.dz\/index.php\/2022\/10\/26\/forum-des-pays-exportateurs-du-gaz-lalgerien-mohamed-hamel-reelu-sg\/"},"wordCount":253,"commentCount":0,"publisher":{"@id":"https:\/\/lasentinelle.dz\/#organization"},"image":{"@id":"https:\/\/lasentinelle.dz\/index.php\/2022\/10\/26\/forum-des-pays-exportateurs-du-gaz-lalgerien-mohamed-hamel-reelu-sg\/#primaryimage"},"thumbnailUrl":"https:\/\/lasentinelle.dz\/wp-content\/uploads\/2022\/10\/Sans-titre-2-5.png","articleSection":["\u00c9conomie"],"inLanguage":"fr-FR","potentialAction":[{"@type":"CommentAction","name":"Comment","target":["https:\/\/lasentinelle.dz\/index.php\/2022\/10\/26\/forum-des-pays-exportateurs-du-gaz-lalgerien-mohamed-hamel-reelu-sg\/#respond"]}]},{"@type":"WebPage","@id":"https:\/\/lasentinelle.dz\/index.php\/2022\/10\/26\/forum-des-pays-exportateurs-du-gaz-lalgerien-mohamed-hamel-reelu-sg\/","url":"https:\/\/lasentinelle.dz\/index.php\/2022\/10\/26\/forum-des-pays-exportateurs-du-gaz-lalgerien-mohamed-hamel-reelu-sg\/","name":"Forum des pays exportateurs du gaz\u00a0: L&rsquo;Alg\u00e9rien Mohamed Hamel r\u00e9\u00e9lu SG - La Sentinelle","isPartOf":{"@id":"https:\/\/lasentinelle.dz\/#website"},"primaryImageOfPage":{"@id":"https:\/\/lasentinelle.dz\/index.php\/2022\/10\/26\/forum-des-pays-exportateurs-du-gaz-lalgerien-mohamed-hamel-reelu-sg\/#primaryimage"},"image":{"@id":"https:\/\/lasentinelle.dz\/index.php\/2022\/10\/26\/forum-des-pays-exportateurs-du-gaz-lalgerien-mohamed-hamel-reelu-sg\/#primaryimage"},"thumbnailUrl":"https:\/\/lasentinelle.dz\/wp-content\/uploads\/2022\/10\/Sans-titre-2-5.png","datePublished":"2022-10-26T21:05:00+00:00","breadcrumb":{"@id":"https:\/\/lasentinelle.dz\/index.php\/2022\/10\/26\/forum-des-pays-exportateurs-du-gaz-lalgerien-mohamed-hamel-reelu-sg\/#breadcrumb"},"inLanguage":"fr-FR","potentialAction":[{"@type":"ReadAction","target":["https:\/\/lasentinelle.dz\/index.php\/2022\/10\/26\/forum-des-pays-exportateurs-du-gaz-lalgerien-mohamed-hamel-reelu-sg\/"]}]},{"@type":"ImageObject","inLanguage":"fr-FR","@id":"https:\/\/lasentinelle.dz\/index.php\/2022\/10\/26\/forum-des-pays-exportateurs-du-gaz-lalgerien-mohamed-hamel-reelu-sg\/#primaryimage","url":"https:\/\/lasentinelle.dz\/wp-content\/uploads\/2022\/10\/Sans-titre-2-5.png","contentUrl":"https:\/\/lasentinelle.dz\/wp-content\/uploads\/2022\/10\/Sans-titre-2-5.png","width":1290,"height":900},{"@type":"BreadcrumbList","@id":"https:\/\/lasentinelle.dz\/index.php\/2022\/10\/26\/forum-des-pays-exportateurs-du-gaz-lalgerien-mohamed-hamel-reelu-sg\/#breadcrumb","itemListElement":[{"@type":"ListItem","position":1,"name":"Accueil","item":"https:\/\/lasentinelle.dz\/"},{"@type":"ListItem","position":2,"name":"Forum des pays exportateurs du gaz\u00a0: L&rsquo;Alg\u00e9rien Mohamed Hamel r\u00e9\u00e9lu SG"}]},{"@type":"WebSite","@id":"https:\/\/lasentinelle.dz\/#website","url":"https:\/\/lasentinelle.dz\/","name":"La Sentinelle","description":"Quotidien national d&#039;information","publisher":{"@id":"https:\/\/lasentinelle.dz\/#organization"},"potentialAction":[{"@type":"SearchAction","target":{"@type":"EntryPoint","urlTemplate":"https:\/\/lasentinelle.dz\/?s={search_term_string}"},"query-input":{"@type":"PropertyValueSpecification","valueRequired":true,"valueName":"search_term_string"}}],"inLanguage":"fr-FR"},{"@type":"Organization","@id":"https:\/\/lasentinelle.dz\/#organization","name":"Quotidien La Sentinelle","url":"https:\/\/lasentinelle.dz\/","logo":{"@type":"ImageObject","inLanguage":"fr-FR","@id":"https:\/\/lasentinelle.dz\/#\/schema\/logo\/image\/","url":"https:\/\/lasentinelle.dz\/wp-content\/uploads\/2021\/09\/logo-sentinelleSLOGAN-1.png","contentUrl":"https:\/\/lasentinelle.dz\/wp-content\/uploads\/2021\/09\/logo-sentinelleSLOGAN-1.png","width":615,"height":142,"caption":"Quotidien La Sentinelle"},"image":{"@id":"https:\/\/lasentinelle.dz\/#\/schema\/logo\/image\/"},"sameAs":["https:\/\/www.facebook.com\/La-Sentinelle-104059864394773"]},{"@type":"Person","@id":"https:\/\/lasentinelle.dz\/#\/schema\/person\/d865044e22e70a75174ce8bcad3acfb3","name":"La Sentinelle","image":{"@type":"ImageObject","inLanguage":"fr-FR","@id":"https:\/\/secure.gravatar.com\/avatar\/57de8e5d4b15d43fb361a71fbb36338450fe67865b528a43dd10ef7c51a20392?s=96&d=mm&r=g","url":"https:\/\/secure.gravatar.com\/avatar\/57de8e5d4b15d43fb361a71fbb36338450fe67865b528a43dd10ef7c51a20392?s=96&d=mm&r=g","contentUrl":"https:\/\/secure.gravatar.com\/avatar\/57de8e5d4b15d43fb361a71fbb36338450fe67865b528a43dd10ef7c51a20392?s=96&d=mm&r=g","caption":"La Sentinelle"},"sameAs":["http:\/\/www.lasentinelle.dz"],"url":"https:\/\/lasentinelle.dz\/author\/redaction\/"}]}},"_links":{"self":[{"href":"https:\/\/lasentinelle.dz\/index.php\/wp-json\/wp\/v2\/posts\/29661","targetHints":{"allow":["GET"]}}],"collection":[{"href":"https:\/\/lasentinelle.dz\/index.php\/wp-json\/wp\/v2\/posts"}],"about":[{"href":"https:\/\/lasentinelle.dz\/index.php\/wp-json\/wp\/v2\/types\/post"}],"author":[{"embeddable":true,"href":"https:\/\/lasentinelle.dz\/index.php\/wp-json\/wp\/v2\/users\/3"}],"replies":[{"embeddable":true,"href":"https:\/\/lasentinelle.dz\/index.php\/wp-json\/wp\/v2\/comments?post=29661"}],"version-history":[{"count":1,"href":"https:\/\/lasentinelle.dz\/index.php\/wp-json\/wp\/v2\/posts\/29661\/revisions"}],"predecessor-version":[{"id":29677,"href":"https:\/\/lasentinelle.dz\/index.php\/wp-json\/wp\/v2\/posts\/29661\/revisions\/29677"}],"wp:featuredmedia":[{"embeddable":true,"href":"https:\/\/lasentinelle.dz\/index.php\/wp-json\/wp\/v2\/media\/29676"}],"wp:attachment":[{"href":"https:\/\/lasentinelle.dz\/index.php\/wp-json\/wp\/v2\/media?parent=29661"}],"wp:term":[{"taxonomy":"category","embeddable":true,"href":"https:\/\/lasentinelle.dz\/index.php\/wp-json\/wp\/v2\/categories?post=29661"},{"taxonomy":"post_tag","embeddable":true,"href":"https:\/\/lasentinelle.dz\/index.php\/wp-json\/wp\/v2\/tags?post=29661"}],"curies":[{"name":"wp","href":"https:\/\/api.w.org\/{rel}","templated":true}]}}