{"id":29716,"date":"2022-10-29T22:00:00","date_gmt":"2022-10-29T21:00:00","guid":{"rendered":"https:\/\/lasentinelle.dz\/?p=29716"},"modified":"2022-10-29T18:46:18","modified_gmt":"2022-10-29T17:46:18","slug":"annaba-vers-la-realisation-dun-port-de-plaisance-de-seraidi","status":"publish","type":"post","link":"https:\/\/lasentinelle.dz\/index.php\/2022\/10\/29\/annaba-vers-la-realisation-dun-port-de-plaisance-de-seraidi\/","title":{"rendered":"Annaba\u00a0: Vers la r\u00e9alisation d\u2019un port de plaisance \u00e0 Seraidi"},"content":{"rendered":"\n<p>Retenu pour \u00eatre r\u00e9alis\u00e9 dans la commune de Seraidi, le nouveau port de plaisanceauraun triple impact sur le d\u00e9veloppement de cette station baln\u00e9aire.<\/p>\n\n\n\n<p>Le plan de d\u00e9veloppement de la commune de Seraidivient d\u2019\u00eatre relanc\u00e9. Culminant \u00e0 plus de 900 m\u00e8tres au-dessus du niveau de la mer,Scette station baln\u00e9aire et touristique par excellence est parvenue \u00e0 arracher le projet de r\u00e9alisationd\u2019un port de plaisance. Bien que plusieurs communes c\u00f4ti\u00e8res fussent en lice pour d\u00e9crocher ce projet, les atouts dont dispose la commune de Seraidi lui ont permis d\u2019\u00eatre retenue pour abriter un port de plaisance. On retient dans ce sensl\u2019emplacementc\u00f4tier de la commune et, entre autres, les diff\u00e9rents projets touristiques en cours de r\u00e9alisation. Relevant du plan de d\u00e9veloppement touristique, leprojet du port de plaisance vientcompl\u00e9ter le projet de la route c\u00f4ti\u00e8re en cours de r\u00e9alisation, afin de relier la commune d\u2019Annaba \u00e0 celle de Seraidi. S\u2019\u00e9tendant sur 6 km depuis la plage de Ain Achir dans la commune d\u2019Annaba jusqu\u2019\u00e0 la grande plage, ce projetqui comporte 04 viaducs va d\u00e9senclaver d\u00e9finitivement la plage de Djenane El Bey et rendra plus fluide la circulation et l\u2019acc\u00e8s \u00e0 celle \u2013ci. Ce projetmarque le d\u00e9but de la mise en \u0153uvre du plan d\u2019am\u00e9nagement touristique (PAT) de la plage de Djenane El Bey apr\u00e8s des ann\u00e9es d\u2019hibernation. En plus de ces deux projets,une enveloppe de 4 milliards de centimes a \u00e9t\u00e9 d\u00e9bloqu\u00e9e par l\u2019APC de Seraidi, dans la cadre du plan de d\u00e9veloppement local, pour la r\u00e9fection de la route reliant le village du chef-lieu de la commune \u00e0 la grande plage de Djenane El Bey sur une distance de 13 kms.L\u2019ach\u00e8vement et l\u2019entr\u00e9e en services des deux projetsva renforcer la dimension \u00e0 cette station baln\u00e9aire.En attendant, il est utile de rappeler que, les responsables communaux del\u2019APC de Seraidietles autorit\u00e9s locales de la wilaya d\u2019Annabaont, durant des mois, encha\u00een\u00e9 les r\u00e9unions. Des rencontres r\u00e9serv\u00e9esnotamment \u00e0 l&rsquo;\u00e9tudede l\u2019assiette fonci\u00e8re devant accueillir le projet du port de plaisance. \u00c0 cet effet, tous les terrains disponibles ont \u00e9t\u00e9 \u00e9tudi\u00e9s et toutes les possibilit\u00e9s ont \u00e9t\u00e9 envisag\u00e9es. Au final, sur les quatreoptions disponibles, le choix a \u00e9t\u00e9 port\u00e9 pourle site de Djenane El Bey. Un emplacement qui s\u2019est r\u00e9v\u00e9l\u00e9 \u00eatre plus prometteur et plus viable pour la r\u00e9alisationde ce projet d\u2019envergure. Puisque, nous dit-on, la r\u00e9alisation du futur port de plaisance offre l\u2019opportunit\u00e9 de son extension sur le moyen et le long termes.Pour un investissement financierestim\u00e9 \u00e0 1.200 milliards de centimes, le projet est retenu pour \u00eatre r\u00e9alis\u00e9 \u00e01.5 kilom\u00e8tre de laplage de Djenane El Bey, appel\u00e9e commun\u00e9ment la grande plage. Par ailleurs, il est \u00e0 noter que, plusieurs projets \u00e0 caract\u00e8re touristique sont en cours de r\u00e9alisation\u00e0Seraidi. Une superficie de 1.000 hectares a \u00e9t\u00e9allou\u00e9e\u00e0 ce programmede d\u00e9veloppement touristique de la commune.En retour, le projet du port de plaisance est appel\u00e9 \u00e0 g\u00e9n\u00e9rerun importantimpact socio-\u00e9conomique.Selon les pr\u00e9visions des responsables communaux, l\u2019investissement vaprocurer \u00e0 la commune de Seraidi, une attraction touristique. Selon les pr\u00e9visions avanc\u00e9es, pas moins de 3.000 v\u00e9hicules vont fr\u00f4ler le sol de la communeet pas moins de 500 postes d&#8217;emploi directs et indirects seront cr\u00e9\u00e9s au profit des habitants de la commune. C&rsquo;est pourquoi, onpense d\u00e9j\u00e0 aux espaces de stationnement\u00e0 cr\u00e9er.<\/p>\n\n\n\n<p><strong>Sofia Chahine<\/strong><\/p>\n","protected":false},"excerpt":{"rendered":"<p>Retenu pour \u00eatre r\u00e9alis\u00e9 dans la commune de Seraidi, le nouveau port de plaisanceauraun triple impact sur le d\u00e9veloppement de<\/p>\n","protected":false},"author":3,"featured_media":29736,"comment_status":"open","ping_status":"closed","sticky":false,"template":"","format":"standard","meta":{"colormag_page_container_layout":"default_layout","colormag_page_sidebar_layout":"default_layout","om_disable_all_campaigns":false,"_monsterinsights_skip_tracking":false,"_monsterinsights_sitenote_active":false,"_monsterinsights_sitenote_note":"","_monsterinsights_sitenote_category":0,"footnotes":"","_wpscppro_dont_share_socialmedia":false,"_wpscppro_custom_social_share_image":0,"_facebook_share_type":"","_twitter_share_type":"","_linkedin_share_type":"","_pinterest_share_type":"","_linkedin_share_type_page":"","_instagram_share_type":"","_medium_share_type":"","_threads_share_type":"","_google_business_share_type":"","_selected_social_profile":[],"_wpsp_enable_custom_social_template":false,"_wpsp_social_scheduling":{"enabled":false,"datetime":null,"platforms":[],"status":"template_only","dateOption":"today","timeOption":"now","customDays":"","customHours":"","customDate":"","customTime":"","schedulingType":"absolute"},"_wpsp_active_default_template":true},"categories":[31],"tags":[],"class_list":["post-29716","post","type-post","status-publish","format-standard","has-post-thumbnail","hentry","category-regions"],"aioseo_notices":[],"yoast_head":"<!-- This site is optimized with the Yoast SEO plugin v27.4 - https:\/\/yoast.com\/product\/yoast-seo-wordpress\/ -->\n<title>Annaba\u00a0: Vers la r\u00e9alisation d\u2019un port de plaisance \u00e0 Seraidi - La Sentinelle<\/title>\n<meta name=\"robots\" content=\"index, follow, max-snippet:-1, max-image-preview:large, max-video-preview:-1\" \/>\n<link rel=\"canonical\" href=\"https:\/\/lasentinelle.dz\/index.php\/2022\/10\/29\/annaba-vers-la-realisation-dun-port-de-plaisance-de-seraidi\/\" \/>\n<meta property=\"og:locale\" content=\"fr_FR\" \/>\n<meta property=\"og:type\" content=\"article\" \/>\n<meta property=\"og:title\" content=\"Annaba\u00a0: Vers la r\u00e9alisation d\u2019un port de plaisance \u00e0 Seraidi - La Sentinelle\" \/>\n<meta property=\"og:description\" content=\"Retenu pour \u00eatre r\u00e9alis\u00e9 dans la commune de Seraidi, le nouveau port de plaisanceauraun triple impact sur le d\u00e9veloppement de\" \/>\n<meta property=\"og:url\" content=\"https:\/\/lasentinelle.dz\/index.php\/2022\/10\/29\/annaba-vers-la-realisation-dun-port-de-plaisance-de-seraidi\/\" \/>\n<meta property=\"og:site_name\" content=\"La Sentinelle\" \/>\n<meta property=\"article:publisher\" content=\"https:\/\/www.facebook.com\/La-Sentinelle-104059864394773\" \/>\n<meta property=\"article:published_time\" content=\"2022-10-29T21:00:00+00:00\" \/>\n<meta property=\"og:image\" content=\"https:\/\/lasentinelle.dz\/wp-content\/uploads\/2022\/10\/seraidi.png\" \/>\n\t<meta property=\"og:image:width\" content=\"1535\" \/>\n\t<meta property=\"og:image:height\" content=\"900\" \/>\n\t<meta property=\"og:image:type\" content=\"image\/png\" \/>\n<meta name=\"author\" content=\"La Sentinelle\" \/>\n<meta name=\"twitter:card\" content=\"summary_large_image\" \/>\n<meta name=\"twitter:label1\" content=\"\u00c9crit par\" \/>\n\t<meta name=\"twitter:data1\" content=\"La Sentinelle\" \/>\n\t<meta name=\"twitter:label2\" content=\"Dur\u00e9e de lecture estim\u00e9e\" \/>\n\t<meta name=\"twitter:data2\" content=\"3 minutes\" \/>\n<script type=\"application\/ld+json\" class=\"yoast-schema-graph\">{\"@context\":\"https:\\\/\\\/schema.org\",\"@graph\":[{\"@type\":\"Article\",\"@id\":\"https:\\\/\\\/lasentinelle.dz\\\/index.php\\\/2022\\\/10\\\/29\\\/annaba-vers-la-realisation-dun-port-de-plaisance-de-seraidi\\\/#article\",\"isPartOf\":{\"@id\":\"https:\\\/\\\/lasentinelle.dz\\\/index.php\\\/2022\\\/10\\\/29\\\/annaba-vers-la-realisation-dun-port-de-plaisance-de-seraidi\\\/\"},\"author\":{\"name\":\"La Sentinelle\",\"@id\":\"https:\\\/\\\/lasentinelle.dz\\\/#\\\/schema\\\/person\\\/d865044e22e70a75174ce8bcad3acfb3\"},\"headline\":\"Annaba\u00a0: Vers la r\u00e9alisation d\u2019un port de plaisance \u00e0 Seraidi\",\"datePublished\":\"2022-10-29T21:00:00+00:00\",\"mainEntityOfPage\":{\"@id\":\"https:\\\/\\\/lasentinelle.dz\\\/index.php\\\/2022\\\/10\\\/29\\\/annaba-vers-la-realisation-dun-port-de-plaisance-de-seraidi\\\/\"},\"wordCount\":611,\"commentCount\":0,\"publisher\":{\"@id\":\"https:\\\/\\\/lasentinelle.dz\\\/#organization\"},\"image\":{\"@id\":\"https:\\\/\\\/lasentinelle.dz\\\/index.php\\\/2022\\\/10\\\/29\\\/annaba-vers-la-realisation-dun-port-de-plaisance-de-seraidi\\\/#primaryimage\"},\"thumbnailUrl\":\"https:\\\/\\\/lasentinelle.dz\\\/wp-content\\\/uploads\\\/2022\\\/10\\\/seraidi.png\",\"articleSection\":[\"R\u00e9gions\"],\"inLanguage\":\"fr-FR\",\"potentialAction\":[{\"@type\":\"CommentAction\",\"name\":\"Comment\",\"target\":[\"https:\\\/\\\/lasentinelle.dz\\\/index.php\\\/2022\\\/10\\\/29\\\/annaba-vers-la-realisation-dun-port-de-plaisance-de-seraidi\\\/#respond\"]}]},{\"@type\":\"WebPage\",\"@id\":\"https:\\\/\\\/lasentinelle.dz\\\/index.php\\\/2022\\\/10\\\/29\\\/annaba-vers-la-realisation-dun-port-de-plaisance-de-seraidi\\\/\",\"url\":\"https:\\\/\\\/lasentinelle.dz\\\/index.php\\\/2022\\\/10\\\/29\\\/annaba-vers-la-realisation-dun-port-de-plaisance-de-seraidi\\\/\",\"name\":\"Annaba\u00a0: Vers la r\u00e9alisation d\u2019un port de plaisance \u00e0 Seraidi - La Sentinelle\",\"isPartOf\":{\"@id\":\"https:\\\/\\\/lasentinelle.dz\\\/#website\"},\"primaryImageOfPage\":{\"@id\":\"https:\\\/\\\/lasentinelle.dz\\\/index.php\\\/2022\\\/10\\\/29\\\/annaba-vers-la-realisation-dun-port-de-plaisance-de-seraidi\\\/#primaryimage\"},\"image\":{\"@id\":\"https:\\\/\\\/lasentinelle.dz\\\/index.php\\\/2022\\\/10\\\/29\\\/annaba-vers-la-realisation-dun-port-de-plaisance-de-seraidi\\\/#primaryimage\"},\"thumbnailUrl\":\"https:\\\/\\\/lasentinelle.dz\\\/wp-content\\\/uploads\\\/2022\\\/10\\\/seraidi.png\",\"datePublished\":\"2022-10-29T21:00:00+00:00\",\"breadcrumb\":{\"@id\":\"https:\\\/\\\/lasentinelle.dz\\\/index.php\\\/2022\\\/10\\\/29\\\/annaba-vers-la-realisation-dun-port-de-plaisance-de-seraidi\\\/#breadcrumb\"},\"inLanguage\":\"fr-FR\",\"potentialAction\":[{\"@type\":\"ReadAction\",\"target\":[\"https:\\\/\\\/lasentinelle.dz\\\/index.php\\\/2022\\\/10\\\/29\\\/annaba-vers-la-realisation-dun-port-de-plaisance-de-seraidi\\\/\"]}]},{\"@type\":\"ImageObject\",\"inLanguage\":\"fr-FR\",\"@id\":\"https:\\\/\\\/lasentinelle.dz\\\/index.php\\\/2022\\\/10\\\/29\\\/annaba-vers-la-realisation-dun-port-de-plaisance-de-seraidi\\\/#primaryimage\",\"url\":\"https:\\\/\\\/lasentinelle.dz\\\/wp-content\\\/uploads\\\/2022\\\/10\\\/seraidi.png\",\"contentUrl\":\"https:\\\/\\\/lasentinelle.dz\\\/wp-content\\\/uploads\\\/2022\\\/10\\\/seraidi.png\",\"width\":1535,\"height\":900},{\"@type\":\"BreadcrumbList\",\"@id\":\"https:\\\/\\\/lasentinelle.dz\\\/index.php\\\/2022\\\/10\\\/29\\\/annaba-vers-la-realisation-dun-port-de-plaisance-de-seraidi\\\/#breadcrumb\",\"itemListElement\":[{\"@type\":\"ListItem\",\"position\":1,\"name\":\"Accueil\",\"item\":\"https:\\\/\\\/lasentinelle.dz\\\/\"},{\"@type\":\"ListItem\",\"position\":2,\"name\":\"Annaba\u00a0: Vers la r\u00e9alisation d\u2019un port de plaisance \u00e0 Seraidi\"}]},{\"@type\":\"WebSite\",\"@id\":\"https:\\\/\\\/lasentinelle.dz\\\/#website\",\"url\":\"https:\\\/\\\/lasentinelle.dz\\\/\",\"name\":\"La Sentinelle\",\"description\":\"Quotidien national d&#039;information\",\"publisher\":{\"@id\":\"https:\\\/\\\/lasentinelle.dz\\\/#organization\"},\"potentialAction\":[{\"@type\":\"SearchAction\",\"target\":{\"@type\":\"EntryPoint\",\"urlTemplate\":\"https:\\\/\\\/lasentinelle.dz\\\/?s={search_term_string}\"},\"query-input\":{\"@type\":\"PropertyValueSpecification\",\"valueRequired\":true,\"valueName\":\"search_term_string\"}}],\"inLanguage\":\"fr-FR\"},{\"@type\":\"Organization\",\"@id\":\"https:\\\/\\\/lasentinelle.dz\\\/#organization\",\"name\":\"Quotidien La Sentinelle\",\"url\":\"https:\\\/\\\/lasentinelle.dz\\\/\",\"logo\":{\"@type\":\"ImageObject\",\"inLanguage\":\"fr-FR\",\"@id\":\"https:\\\/\\\/lasentinelle.dz\\\/#\\\/schema\\\/logo\\\/image\\\/\",\"url\":\"https:\\\/\\\/lasentinelle.dz\\\/wp-content\\\/uploads\\\/2021\\\/09\\\/logo-sentinelleSLOGAN-1.png\",\"contentUrl\":\"https:\\\/\\\/lasentinelle.dz\\\/wp-content\\\/uploads\\\/2021\\\/09\\\/logo-sentinelleSLOGAN-1.png\",\"width\":615,\"height\":142,\"caption\":\"Quotidien La Sentinelle\"},\"image\":{\"@id\":\"https:\\\/\\\/lasentinelle.dz\\\/#\\\/schema\\\/logo\\\/image\\\/\"},\"sameAs\":[\"https:\\\/\\\/www.facebook.com\\\/La-Sentinelle-104059864394773\"]},{\"@type\":\"Person\",\"@id\":\"https:\\\/\\\/lasentinelle.dz\\\/#\\\/schema\\\/person\\\/d865044e22e70a75174ce8bcad3acfb3\",\"name\":\"La Sentinelle\",\"image\":{\"@type\":\"ImageObject\",\"inLanguage\":\"fr-FR\",\"@id\":\"https:\\\/\\\/secure.gravatar.com\\\/avatar\\\/57de8e5d4b15d43fb361a71fbb36338450fe67865b528a43dd10ef7c51a20392?s=96&d=mm&r=g\",\"url\":\"https:\\\/\\\/secure.gravatar.com\\\/avatar\\\/57de8e5d4b15d43fb361a71fbb36338450fe67865b528a43dd10ef7c51a20392?s=96&d=mm&r=g\",\"contentUrl\":\"https:\\\/\\\/secure.gravatar.com\\\/avatar\\\/57de8e5d4b15d43fb361a71fbb36338450fe67865b528a43dd10ef7c51a20392?s=96&d=mm&r=g\",\"caption\":\"La Sentinelle\"},\"sameAs\":[\"http:\\\/\\\/www.lasentinelle.dz\"],\"url\":\"https:\\\/\\\/lasentinelle.dz\\\/author\\\/redaction\\\/\"}]}<\/script>\n<!-- \/ Yoast SEO plugin. -->","yoast_head_json":{"title":"Annaba\u00a0: Vers la r\u00e9alisation d\u2019un port de plaisance \u00e0 Seraidi - La Sentinelle","robots":{"index":"index","follow":"follow","max-snippet":"max-snippet:-1","max-image-preview":"max-image-preview:large","max-video-preview":"max-video-preview:-1"},"canonical":"https:\/\/lasentinelle.dz\/index.php\/2022\/10\/29\/annaba-vers-la-realisation-dun-port-de-plaisance-de-seraidi\/","og_locale":"fr_FR","og_type":"article","og_title":"Annaba\u00a0: Vers la r\u00e9alisation d\u2019un port de plaisance \u00e0 Seraidi - La Sentinelle","og_description":"Retenu pour \u00eatre r\u00e9alis\u00e9 dans la commune de Seraidi, le nouveau port de plaisanceauraun triple impact sur le d\u00e9veloppement de","og_url":"https:\/\/lasentinelle.dz\/index.php\/2022\/10\/29\/annaba-vers-la-realisation-dun-port-de-plaisance-de-seraidi\/","og_site_name":"La Sentinelle","article_publisher":"https:\/\/www.facebook.com\/La-Sentinelle-104059864394773","article_published_time":"2022-10-29T21:00:00+00:00","og_image":[{"width":1535,"height":900,"url":"https:\/\/lasentinelle.dz\/wp-content\/uploads\/2022\/10\/seraidi.png","type":"image\/png"}],"author":"La Sentinelle","twitter_card":"summary_large_image","twitter_misc":{"\u00c9crit par":"La Sentinelle","Dur\u00e9e de lecture estim\u00e9e":"3 minutes"},"schema":{"@context":"https:\/\/schema.org","@graph":[{"@type":"Article","@id":"https:\/\/lasentinelle.dz\/index.php\/2022\/10\/29\/annaba-vers-la-realisation-dun-port-de-plaisance-de-seraidi\/#article","isPartOf":{"@id":"https:\/\/lasentinelle.dz\/index.php\/2022\/10\/29\/annaba-vers-la-realisation-dun-port-de-plaisance-de-seraidi\/"},"author":{"name":"La Sentinelle","@id":"https:\/\/lasentinelle.dz\/#\/schema\/person\/d865044e22e70a75174ce8bcad3acfb3"},"headline":"Annaba\u00a0: Vers la r\u00e9alisation d\u2019un port de plaisance \u00e0 Seraidi","datePublished":"2022-10-29T21:00:00+00:00","mainEntityOfPage":{"@id":"https:\/\/lasentinelle.dz\/index.php\/2022\/10\/29\/annaba-vers-la-realisation-dun-port-de-plaisance-de-seraidi\/"},"wordCount":611,"commentCount":0,"publisher":{"@id":"https:\/\/lasentinelle.dz\/#organization"},"image":{"@id":"https:\/\/lasentinelle.dz\/index.php\/2022\/10\/29\/annaba-vers-la-realisation-dun-port-de-plaisance-de-seraidi\/#primaryimage"},"thumbnailUrl":"https:\/\/lasentinelle.dz\/wp-content\/uploads\/2022\/10\/seraidi.png","articleSection":["R\u00e9gions"],"inLanguage":"fr-FR","potentialAction":[{"@type":"CommentAction","name":"Comment","target":["https:\/\/lasentinelle.dz\/index.php\/2022\/10\/29\/annaba-vers-la-realisation-dun-port-de-plaisance-de-seraidi\/#respond"]}]},{"@type":"WebPage","@id":"https:\/\/lasentinelle.dz\/index.php\/2022\/10\/29\/annaba-vers-la-realisation-dun-port-de-plaisance-de-seraidi\/","url":"https:\/\/lasentinelle.dz\/index.php\/2022\/10\/29\/annaba-vers-la-realisation-dun-port-de-plaisance-de-seraidi\/","name":"Annaba\u00a0: Vers la r\u00e9alisation d\u2019un port de plaisance \u00e0 Seraidi - La Sentinelle","isPartOf":{"@id":"https:\/\/lasentinelle.dz\/#website"},"primaryImageOfPage":{"@id":"https:\/\/lasentinelle.dz\/index.php\/2022\/10\/29\/annaba-vers-la-realisation-dun-port-de-plaisance-de-seraidi\/#primaryimage"},"image":{"@id":"https:\/\/lasentinelle.dz\/index.php\/2022\/10\/29\/annaba-vers-la-realisation-dun-port-de-plaisance-de-seraidi\/#primaryimage"},"thumbnailUrl":"https:\/\/lasentinelle.dz\/wp-content\/uploads\/2022\/10\/seraidi.png","datePublished":"2022-10-29T21:00:00+00:00","breadcrumb":{"@id":"https:\/\/lasentinelle.dz\/index.php\/2022\/10\/29\/annaba-vers-la-realisation-dun-port-de-plaisance-de-seraidi\/#breadcrumb"},"inLanguage":"fr-FR","potentialAction":[{"@type":"ReadAction","target":["https:\/\/lasentinelle.dz\/index.php\/2022\/10\/29\/annaba-vers-la-realisation-dun-port-de-plaisance-de-seraidi\/"]}]},{"@type":"ImageObject","inLanguage":"fr-FR","@id":"https:\/\/lasentinelle.dz\/index.php\/2022\/10\/29\/annaba-vers-la-realisation-dun-port-de-plaisance-de-seraidi\/#primaryimage","url":"https:\/\/lasentinelle.dz\/wp-content\/uploads\/2022\/10\/seraidi.png","contentUrl":"https:\/\/lasentinelle.dz\/wp-content\/uploads\/2022\/10\/seraidi.png","width":1535,"height":900},{"@type":"BreadcrumbList","@id":"https:\/\/lasentinelle.dz\/index.php\/2022\/10\/29\/annaba-vers-la-realisation-dun-port-de-plaisance-de-seraidi\/#breadcrumb","itemListElement":[{"@type":"ListItem","position":1,"name":"Accueil","item":"https:\/\/lasentinelle.dz\/"},{"@type":"ListItem","position":2,"name":"Annaba\u00a0: Vers la r\u00e9alisation d\u2019un port de plaisance \u00e0 Seraidi"}]},{"@type":"WebSite","@id":"https:\/\/lasentinelle.dz\/#website","url":"https:\/\/lasentinelle.dz\/","name":"La Sentinelle","description":"Quotidien national d&#039;information","publisher":{"@id":"https:\/\/lasentinelle.dz\/#organization"},"potentialAction":[{"@type":"SearchAction","target":{"@type":"EntryPoint","urlTemplate":"https:\/\/lasentinelle.dz\/?s={search_term_string}"},"query-input":{"@type":"PropertyValueSpecification","valueRequired":true,"valueName":"search_term_string"}}],"inLanguage":"fr-FR"},{"@type":"Organization","@id":"https:\/\/lasentinelle.dz\/#organization","name":"Quotidien La Sentinelle","url":"https:\/\/lasentinelle.dz\/","logo":{"@type":"ImageObject","inLanguage":"fr-FR","@id":"https:\/\/lasentinelle.dz\/#\/schema\/logo\/image\/","url":"https:\/\/lasentinelle.dz\/wp-content\/uploads\/2021\/09\/logo-sentinelleSLOGAN-1.png","contentUrl":"https:\/\/lasentinelle.dz\/wp-content\/uploads\/2021\/09\/logo-sentinelleSLOGAN-1.png","width":615,"height":142,"caption":"Quotidien La Sentinelle"},"image":{"@id":"https:\/\/lasentinelle.dz\/#\/schema\/logo\/image\/"},"sameAs":["https:\/\/www.facebook.com\/La-Sentinelle-104059864394773"]},{"@type":"Person","@id":"https:\/\/lasentinelle.dz\/#\/schema\/person\/d865044e22e70a75174ce8bcad3acfb3","name":"La Sentinelle","image":{"@type":"ImageObject","inLanguage":"fr-FR","@id":"https:\/\/secure.gravatar.com\/avatar\/57de8e5d4b15d43fb361a71fbb36338450fe67865b528a43dd10ef7c51a20392?s=96&d=mm&r=g","url":"https:\/\/secure.gravatar.com\/avatar\/57de8e5d4b15d43fb361a71fbb36338450fe67865b528a43dd10ef7c51a20392?s=96&d=mm&r=g","contentUrl":"https:\/\/secure.gravatar.com\/avatar\/57de8e5d4b15d43fb361a71fbb36338450fe67865b528a43dd10ef7c51a20392?s=96&d=mm&r=g","caption":"La Sentinelle"},"sameAs":["http:\/\/www.lasentinelle.dz"],"url":"https:\/\/lasentinelle.dz\/author\/redaction\/"}]}},"_links":{"self":[{"href":"https:\/\/lasentinelle.dz\/index.php\/wp-json\/wp\/v2\/posts\/29716","targetHints":{"allow":["GET"]}}],"collection":[{"href":"https:\/\/lasentinelle.dz\/index.php\/wp-json\/wp\/v2\/posts"}],"about":[{"href":"https:\/\/lasentinelle.dz\/index.php\/wp-json\/wp\/v2\/types\/post"}],"author":[{"embeddable":true,"href":"https:\/\/lasentinelle.dz\/index.php\/wp-json\/wp\/v2\/users\/3"}],"replies":[{"embeddable":true,"href":"https:\/\/lasentinelle.dz\/index.php\/wp-json\/wp\/v2\/comments?post=29716"}],"version-history":[{"count":2,"href":"https:\/\/lasentinelle.dz\/index.php\/wp-json\/wp\/v2\/posts\/29716\/revisions"}],"predecessor-version":[{"id":29760,"href":"https:\/\/lasentinelle.dz\/index.php\/wp-json\/wp\/v2\/posts\/29716\/revisions\/29760"}],"wp:featuredmedia":[{"embeddable":true,"href":"https:\/\/lasentinelle.dz\/index.php\/wp-json\/wp\/v2\/media\/29736"}],"wp:attachment":[{"href":"https:\/\/lasentinelle.dz\/index.php\/wp-json\/wp\/v2\/media?parent=29716"}],"wp:term":[{"taxonomy":"category","embeddable":true,"href":"https:\/\/lasentinelle.dz\/index.php\/wp-json\/wp\/v2\/categories?post=29716"},{"taxonomy":"post_tag","embeddable":true,"href":"https:\/\/lasentinelle.dz\/index.php\/wp-json\/wp\/v2\/tags?post=29716"}],"curies":[{"name":"wp","href":"https:\/\/api.w.org\/{rel}","templated":true}]}}