{"id":29744,"date":"2022-10-29T22:00:00","date_gmt":"2022-10-29T21:00:00","guid":{"rendered":"https:\/\/lasentinelle.dz\/?p=29744"},"modified":"2022-10-29T17:07:58","modified_gmt":"2022-10-29T16:07:58","slug":"fahb-les-ag-extraordinaire-et-elective-annulees-par-lihf","status":"publish","type":"post","link":"https:\/\/lasentinelle.dz\/index.php\/2022\/10\/29\/fahb-les-ag-extraordinaire-et-elective-annulees-par-lihf\/","title":{"rendered":"FAHB\u00a0: Les AG extraordinaire et \u00e9lective annul\u00e9es par l&rsquo;IHF"},"content":{"rendered":"\n<p>Les derni\u00e8res assembl\u00e9es g\u00e9n\u00e9rales extraordinaire et \u00e9lective de la F\u00e9d\u00e9ration alg\u00e9rienne de handball (FAHB) ont \u00e9t\u00e9 annul\u00e9es par la F\u00e9d\u00e9ration internationale (IHF), en raison d&rsquo;un probl\u00e8me li\u00e9 \u00e0 l&rsquo;amendement des statuts, a appris l&rsquo;APS vendredi aupr\u00e8s de Karima Taleb, \u00e9lue samedi \u00e0 la t\u00eate de l&rsquo;instance f\u00e9d\u00e9rale.<\/p>\n\n\n\n<p>\u00abL&rsquo;IHF a saisi le minist\u00e8re de la Jeunesse et des Sports (MJS) pour l&rsquo;informer de sa d\u00e9cision d&rsquo;annuler l&rsquo;AG extraordinaire, ce qui implique automatiquement l&rsquo;annulation de la derni\u00e8re assembl\u00e9e \u00e9lective au cours de laquelle j&rsquo;ai \u00e9t\u00e9 \u00e9lue. Il y aura certainement la mise en place d&rsquo;un nouveau processus \u00e9lectoral, tout sera mis au clair d&rsquo;ici \u00e0 la semaine prochaine\u00bb, a d\u00e9clar\u00e9 Karima Taleb.La pr\u00e9sidente du club f\u00e9minin de Boumerdes, a \u00e9t\u00e9 \u00e9lue samedi, en obtenant 67 voix contre 20 voix pour le deuxi\u00e8me candidat, Bouzid Abdelmadjid, et neuf bulletins nuls.La FAHB \u00e9tait g\u00e9r\u00e9e depuis le 27 septembre 2021 par un directoire, pr\u00e9sid\u00e9 par l&rsquo;ancien international Abdelkrim Bendjemil, suite \u00e0 la suspension \u00e0 titre conservatoire du pr\u00e9sident de cette instance, Habib Labane.\u00abL&rsquo;IHF exige que les \u00e9lections se d\u00e9roulent sur la base des <strong>nouveaux<\/strong> statuts, qui n&rsquo;ont pas \u00e9t\u00e9 approuv\u00e9s lors de l&rsquo;AGEX tenue le 12 octobre. Je tiens \u00e0 pr\u00e9ciser que l&rsquo;instance internationale n&rsquo;a \u00e0 aucun moment remis en cause les \u00e9lections\u00bb, a-t-elle pr\u00e9cis\u00e9.Lors de cette AGEX, 25 membres ont vot\u00e9 pour l&rsquo;adoption des nouveaux statuts sur 83 membres votants, contre une voix non et 47 abstentions, ce qui signifie que le 50%+1 n&rsquo;a pas \u00e9t\u00e9 respect\u00e9. L&rsquo;AG de la FAHB compte un total de 144 membres.Devant cette situation, Karima Taleb s&rsquo;est dite pr\u00eate \u00e0&nbsp; pr\u00e9senter de nouveau sa candidature, et confirmer son m\u00e9rite d&rsquo;\u00eatre \u00e9lue \u00e0 la t\u00eate de la FAHB.\u00abJe reste sereine. Cette annulation ne peut en aucun cas remettre en cause ma derni\u00e8re \u00e9lection. Je suis pr\u00eate \u00e0 me pr\u00e9senter de nouveau, et je suis s\u00fbre que je serai \u00e9lue encore une fois\u00bb, a-t-elle conclu.<\/p>\n\n\n\n<p>APS<\/p>\n","protected":false},"excerpt":{"rendered":"<p>Les derni\u00e8res assembl\u00e9es g\u00e9n\u00e9rales extraordinaire et \u00e9lective de la F\u00e9d\u00e9ration alg\u00e9rienne de handball (FAHB) ont \u00e9t\u00e9 annul\u00e9es par la F\u00e9d\u00e9ration<\/p>\n","protected":false},"author":3,"featured_media":29745,"comment_status":"open","ping_status":"closed","sticky":false,"template":"","format":"standard","meta":{"colormag_page_container_layout":"default_layout","colormag_page_sidebar_layout":"default_layout","om_disable_all_campaigns":false,"_monsterinsights_skip_tracking":false,"_monsterinsights_sitenote_active":false,"_monsterinsights_sitenote_note":"","_monsterinsights_sitenote_category":0,"footnotes":"","_wpscppro_dont_share_socialmedia":false,"_wpscppro_custom_social_share_image":0,"_facebook_share_type":"","_twitter_share_type":"","_linkedin_share_type":"","_pinterest_share_type":"","_linkedin_share_type_page":"","_instagram_share_type":"","_medium_share_type":"","_threads_share_type":"","_google_business_share_type":"","_selected_social_profile":[],"_wpsp_enable_custom_social_template":false,"_wpsp_social_scheduling":{"enabled":false,"datetime":null,"platforms":[],"status":"template_only","dateOption":"today","timeOption":"now","customDays":"","customHours":"","customDate":"","customTime":"","schedulingType":"absolute"},"_wpsp_active_default_template":true},"categories":[33],"tags":[],"class_list":["post-29744","post","type-post","status-publish","format-standard","has-post-thumbnail","hentry","category-sports"],"aioseo_notices":[],"yoast_head":"<!-- This site is optimized with the Yoast SEO plugin v27.5 - https:\/\/yoast.com\/product\/yoast-seo-wordpress\/ -->\n<title>FAHB\u00a0: Les AG extraordinaire et \u00e9lective annul\u00e9es par l&rsquo;IHF - La Sentinelle<\/title>\n<meta name=\"robots\" content=\"index, follow, max-snippet:-1, max-image-preview:large, max-video-preview:-1\" \/>\n<link rel=\"canonical\" href=\"https:\/\/lasentinelle.dz\/index.php\/2022\/10\/29\/fahb-les-ag-extraordinaire-et-elective-annulees-par-lihf\/\" \/>\n<meta property=\"og:locale\" content=\"fr_FR\" \/>\n<meta property=\"og:type\" content=\"article\" \/>\n<meta property=\"og:title\" content=\"FAHB\u00a0: Les AG extraordinaire et \u00e9lective annul\u00e9es par l&rsquo;IHF - La Sentinelle\" \/>\n<meta property=\"og:description\" content=\"Les derni\u00e8res assembl\u00e9es g\u00e9n\u00e9rales extraordinaire et \u00e9lective de la F\u00e9d\u00e9ration alg\u00e9rienne de handball (FAHB) ont \u00e9t\u00e9 annul\u00e9es par la F\u00e9d\u00e9ration\" \/>\n<meta property=\"og:url\" content=\"https:\/\/lasentinelle.dz\/index.php\/2022\/10\/29\/fahb-les-ag-extraordinaire-et-elective-annulees-par-lihf\/\" \/>\n<meta property=\"og:site_name\" content=\"La Sentinelle\" \/>\n<meta property=\"article:publisher\" content=\"https:\/\/www.facebook.com\/La-Sentinelle-104059864394773\" \/>\n<meta property=\"article:published_time\" content=\"2022-10-29T21:00:00+00:00\" \/>\n<meta property=\"og:image\" content=\"https:\/\/lasentinelle.dz\/wp-content\/uploads\/2022\/10\/hand-2.png\" \/>\n\t<meta property=\"og:image:width\" content=\"1200\" \/>\n\t<meta property=\"og:image:height\" content=\"900\" \/>\n\t<meta property=\"og:image:type\" content=\"image\/png\" \/>\n<meta name=\"author\" content=\"La Sentinelle\" \/>\n<meta name=\"twitter:card\" content=\"summary_large_image\" \/>\n<meta name=\"twitter:label1\" content=\"\u00c9crit par\" \/>\n\t<meta name=\"twitter:data1\" content=\"La Sentinelle\" \/>\n\t<meta name=\"twitter:label2\" content=\"Dur\u00e9e de lecture estim\u00e9e\" \/>\n\t<meta name=\"twitter:data2\" content=\"2 minutes\" \/>\n<script type=\"application\/ld+json\" class=\"yoast-schema-graph\">{\"@context\":\"https:\\\/\\\/schema.org\",\"@graph\":[{\"@type\":\"Article\",\"@id\":\"https:\\\/\\\/lasentinelle.dz\\\/index.php\\\/2022\\\/10\\\/29\\\/fahb-les-ag-extraordinaire-et-elective-annulees-par-lihf\\\/#article\",\"isPartOf\":{\"@id\":\"https:\\\/\\\/lasentinelle.dz\\\/index.php\\\/2022\\\/10\\\/29\\\/fahb-les-ag-extraordinaire-et-elective-annulees-par-lihf\\\/\"},\"author\":{\"name\":\"La Sentinelle\",\"@id\":\"https:\\\/\\\/lasentinelle.dz\\\/#\\\/schema\\\/person\\\/d865044e22e70a75174ce8bcad3acfb3\"},\"headline\":\"FAHB\u00a0: Les AG extraordinaire et \u00e9lective annul\u00e9es par l&rsquo;IHF\",\"datePublished\":\"2022-10-29T21:00:00+00:00\",\"mainEntityOfPage\":{\"@id\":\"https:\\\/\\\/lasentinelle.dz\\\/index.php\\\/2022\\\/10\\\/29\\\/fahb-les-ag-extraordinaire-et-elective-annulees-par-lihf\\\/\"},\"wordCount\":376,\"commentCount\":0,\"publisher\":{\"@id\":\"https:\\\/\\\/lasentinelle.dz\\\/#organization\"},\"image\":{\"@id\":\"https:\\\/\\\/lasentinelle.dz\\\/index.php\\\/2022\\\/10\\\/29\\\/fahb-les-ag-extraordinaire-et-elective-annulees-par-lihf\\\/#primaryimage\"},\"thumbnailUrl\":\"https:\\\/\\\/lasentinelle.dz\\\/wp-content\\\/uploads\\\/2022\\\/10\\\/hand-2.png\",\"articleSection\":[\"Sports\"],\"inLanguage\":\"fr-FR\",\"potentialAction\":[{\"@type\":\"CommentAction\",\"name\":\"Comment\",\"target\":[\"https:\\\/\\\/lasentinelle.dz\\\/index.php\\\/2022\\\/10\\\/29\\\/fahb-les-ag-extraordinaire-et-elective-annulees-par-lihf\\\/#respond\"]}]},{\"@type\":\"WebPage\",\"@id\":\"https:\\\/\\\/lasentinelle.dz\\\/index.php\\\/2022\\\/10\\\/29\\\/fahb-les-ag-extraordinaire-et-elective-annulees-par-lihf\\\/\",\"url\":\"https:\\\/\\\/lasentinelle.dz\\\/index.php\\\/2022\\\/10\\\/29\\\/fahb-les-ag-extraordinaire-et-elective-annulees-par-lihf\\\/\",\"name\":\"FAHB\u00a0: Les AG extraordinaire et \u00e9lective annul\u00e9es par l&rsquo;IHF - La Sentinelle\",\"isPartOf\":{\"@id\":\"https:\\\/\\\/lasentinelle.dz\\\/#website\"},\"primaryImageOfPage\":{\"@id\":\"https:\\\/\\\/lasentinelle.dz\\\/index.php\\\/2022\\\/10\\\/29\\\/fahb-les-ag-extraordinaire-et-elective-annulees-par-lihf\\\/#primaryimage\"},\"image\":{\"@id\":\"https:\\\/\\\/lasentinelle.dz\\\/index.php\\\/2022\\\/10\\\/29\\\/fahb-les-ag-extraordinaire-et-elective-annulees-par-lihf\\\/#primaryimage\"},\"thumbnailUrl\":\"https:\\\/\\\/lasentinelle.dz\\\/wp-content\\\/uploads\\\/2022\\\/10\\\/hand-2.png\",\"datePublished\":\"2022-10-29T21:00:00+00:00\",\"breadcrumb\":{\"@id\":\"https:\\\/\\\/lasentinelle.dz\\\/index.php\\\/2022\\\/10\\\/29\\\/fahb-les-ag-extraordinaire-et-elective-annulees-par-lihf\\\/#breadcrumb\"},\"inLanguage\":\"fr-FR\",\"potentialAction\":[{\"@type\":\"ReadAction\",\"target\":[\"https:\\\/\\\/lasentinelle.dz\\\/index.php\\\/2022\\\/10\\\/29\\\/fahb-les-ag-extraordinaire-et-elective-annulees-par-lihf\\\/\"]}]},{\"@type\":\"ImageObject\",\"inLanguage\":\"fr-FR\",\"@id\":\"https:\\\/\\\/lasentinelle.dz\\\/index.php\\\/2022\\\/10\\\/29\\\/fahb-les-ag-extraordinaire-et-elective-annulees-par-lihf\\\/#primaryimage\",\"url\":\"https:\\\/\\\/lasentinelle.dz\\\/wp-content\\\/uploads\\\/2022\\\/10\\\/hand-2.png\",\"contentUrl\":\"https:\\\/\\\/lasentinelle.dz\\\/wp-content\\\/uploads\\\/2022\\\/10\\\/hand-2.png\",\"width\":1200,\"height\":900},{\"@type\":\"BreadcrumbList\",\"@id\":\"https:\\\/\\\/lasentinelle.dz\\\/index.php\\\/2022\\\/10\\\/29\\\/fahb-les-ag-extraordinaire-et-elective-annulees-par-lihf\\\/#breadcrumb\",\"itemListElement\":[{\"@type\":\"ListItem\",\"position\":1,\"name\":\"Accueil\",\"item\":\"https:\\\/\\\/lasentinelle.dz\\\/\"},{\"@type\":\"ListItem\",\"position\":2,\"name\":\"FAHB\u00a0: Les AG extraordinaire et \u00e9lective annul\u00e9es par l&rsquo;IHF\"}]},{\"@type\":\"WebSite\",\"@id\":\"https:\\\/\\\/lasentinelle.dz\\\/#website\",\"url\":\"https:\\\/\\\/lasentinelle.dz\\\/\",\"name\":\"La Sentinelle\",\"description\":\"Quotidien national d&#039;information\",\"publisher\":{\"@id\":\"https:\\\/\\\/lasentinelle.dz\\\/#organization\"},\"potentialAction\":[{\"@type\":\"SearchAction\",\"target\":{\"@type\":\"EntryPoint\",\"urlTemplate\":\"https:\\\/\\\/lasentinelle.dz\\\/?s={search_term_string}\"},\"query-input\":{\"@type\":\"PropertyValueSpecification\",\"valueRequired\":true,\"valueName\":\"search_term_string\"}}],\"inLanguage\":\"fr-FR\"},{\"@type\":\"Organization\",\"@id\":\"https:\\\/\\\/lasentinelle.dz\\\/#organization\",\"name\":\"Quotidien La Sentinelle\",\"url\":\"https:\\\/\\\/lasentinelle.dz\\\/\",\"logo\":{\"@type\":\"ImageObject\",\"inLanguage\":\"fr-FR\",\"@id\":\"https:\\\/\\\/lasentinelle.dz\\\/#\\\/schema\\\/logo\\\/image\\\/\",\"url\":\"https:\\\/\\\/lasentinelle.dz\\\/wp-content\\\/uploads\\\/2021\\\/09\\\/logo-sentinelleSLOGAN-1.png\",\"contentUrl\":\"https:\\\/\\\/lasentinelle.dz\\\/wp-content\\\/uploads\\\/2021\\\/09\\\/logo-sentinelleSLOGAN-1.png\",\"width\":615,\"height\":142,\"caption\":\"Quotidien La Sentinelle\"},\"image\":{\"@id\":\"https:\\\/\\\/lasentinelle.dz\\\/#\\\/schema\\\/logo\\\/image\\\/\"},\"sameAs\":[\"https:\\\/\\\/www.facebook.com\\\/La-Sentinelle-104059864394773\"]},{\"@type\":\"Person\",\"@id\":\"https:\\\/\\\/lasentinelle.dz\\\/#\\\/schema\\\/person\\\/d865044e22e70a75174ce8bcad3acfb3\",\"name\":\"La Sentinelle\",\"image\":{\"@type\":\"ImageObject\",\"inLanguage\":\"fr-FR\",\"@id\":\"https:\\\/\\\/secure.gravatar.com\\\/avatar\\\/57de8e5d4b15d43fb361a71fbb36338450fe67865b528a43dd10ef7c51a20392?s=96&d=mm&r=g\",\"url\":\"https:\\\/\\\/secure.gravatar.com\\\/avatar\\\/57de8e5d4b15d43fb361a71fbb36338450fe67865b528a43dd10ef7c51a20392?s=96&d=mm&r=g\",\"contentUrl\":\"https:\\\/\\\/secure.gravatar.com\\\/avatar\\\/57de8e5d4b15d43fb361a71fbb36338450fe67865b528a43dd10ef7c51a20392?s=96&d=mm&r=g\",\"caption\":\"La Sentinelle\"},\"sameAs\":[\"http:\\\/\\\/www.lasentinelle.dz\"],\"url\":\"https:\\\/\\\/lasentinelle.dz\\\/author\\\/redaction\\\/\"}]}<\/script>\n<!-- \/ Yoast SEO plugin. -->","yoast_head_json":{"title":"FAHB\u00a0: Les AG extraordinaire et \u00e9lective annul\u00e9es par l&rsquo;IHF - La Sentinelle","robots":{"index":"index","follow":"follow","max-snippet":"max-snippet:-1","max-image-preview":"max-image-preview:large","max-video-preview":"max-video-preview:-1"},"canonical":"https:\/\/lasentinelle.dz\/index.php\/2022\/10\/29\/fahb-les-ag-extraordinaire-et-elective-annulees-par-lihf\/","og_locale":"fr_FR","og_type":"article","og_title":"FAHB\u00a0: Les AG extraordinaire et \u00e9lective annul\u00e9es par l&rsquo;IHF - La Sentinelle","og_description":"Les derni\u00e8res assembl\u00e9es g\u00e9n\u00e9rales extraordinaire et \u00e9lective de la F\u00e9d\u00e9ration alg\u00e9rienne de handball (FAHB) ont \u00e9t\u00e9 annul\u00e9es par la F\u00e9d\u00e9ration","og_url":"https:\/\/lasentinelle.dz\/index.php\/2022\/10\/29\/fahb-les-ag-extraordinaire-et-elective-annulees-par-lihf\/","og_site_name":"La Sentinelle","article_publisher":"https:\/\/www.facebook.com\/La-Sentinelle-104059864394773","article_published_time":"2022-10-29T21:00:00+00:00","og_image":[{"width":1200,"height":900,"url":"https:\/\/lasentinelle.dz\/wp-content\/uploads\/2022\/10\/hand-2.png","type":"image\/png"}],"author":"La Sentinelle","twitter_card":"summary_large_image","twitter_misc":{"\u00c9crit par":"La Sentinelle","Dur\u00e9e de lecture estim\u00e9e":"2 minutes"},"schema":{"@context":"https:\/\/schema.org","@graph":[{"@type":"Article","@id":"https:\/\/lasentinelle.dz\/index.php\/2022\/10\/29\/fahb-les-ag-extraordinaire-et-elective-annulees-par-lihf\/#article","isPartOf":{"@id":"https:\/\/lasentinelle.dz\/index.php\/2022\/10\/29\/fahb-les-ag-extraordinaire-et-elective-annulees-par-lihf\/"},"author":{"name":"La Sentinelle","@id":"https:\/\/lasentinelle.dz\/#\/schema\/person\/d865044e22e70a75174ce8bcad3acfb3"},"headline":"FAHB\u00a0: Les AG extraordinaire et \u00e9lective annul\u00e9es par l&rsquo;IHF","datePublished":"2022-10-29T21:00:00+00:00","mainEntityOfPage":{"@id":"https:\/\/lasentinelle.dz\/index.php\/2022\/10\/29\/fahb-les-ag-extraordinaire-et-elective-annulees-par-lihf\/"},"wordCount":376,"commentCount":0,"publisher":{"@id":"https:\/\/lasentinelle.dz\/#organization"},"image":{"@id":"https:\/\/lasentinelle.dz\/index.php\/2022\/10\/29\/fahb-les-ag-extraordinaire-et-elective-annulees-par-lihf\/#primaryimage"},"thumbnailUrl":"https:\/\/lasentinelle.dz\/wp-content\/uploads\/2022\/10\/hand-2.png","articleSection":["Sports"],"inLanguage":"fr-FR","potentialAction":[{"@type":"CommentAction","name":"Comment","target":["https:\/\/lasentinelle.dz\/index.php\/2022\/10\/29\/fahb-les-ag-extraordinaire-et-elective-annulees-par-lihf\/#respond"]}]},{"@type":"WebPage","@id":"https:\/\/lasentinelle.dz\/index.php\/2022\/10\/29\/fahb-les-ag-extraordinaire-et-elective-annulees-par-lihf\/","url":"https:\/\/lasentinelle.dz\/index.php\/2022\/10\/29\/fahb-les-ag-extraordinaire-et-elective-annulees-par-lihf\/","name":"FAHB\u00a0: Les AG extraordinaire et \u00e9lective annul\u00e9es par l&rsquo;IHF - La Sentinelle","isPartOf":{"@id":"https:\/\/lasentinelle.dz\/#website"},"primaryImageOfPage":{"@id":"https:\/\/lasentinelle.dz\/index.php\/2022\/10\/29\/fahb-les-ag-extraordinaire-et-elective-annulees-par-lihf\/#primaryimage"},"image":{"@id":"https:\/\/lasentinelle.dz\/index.php\/2022\/10\/29\/fahb-les-ag-extraordinaire-et-elective-annulees-par-lihf\/#primaryimage"},"thumbnailUrl":"https:\/\/lasentinelle.dz\/wp-content\/uploads\/2022\/10\/hand-2.png","datePublished":"2022-10-29T21:00:00+00:00","breadcrumb":{"@id":"https:\/\/lasentinelle.dz\/index.php\/2022\/10\/29\/fahb-les-ag-extraordinaire-et-elective-annulees-par-lihf\/#breadcrumb"},"inLanguage":"fr-FR","potentialAction":[{"@type":"ReadAction","target":["https:\/\/lasentinelle.dz\/index.php\/2022\/10\/29\/fahb-les-ag-extraordinaire-et-elective-annulees-par-lihf\/"]}]},{"@type":"ImageObject","inLanguage":"fr-FR","@id":"https:\/\/lasentinelle.dz\/index.php\/2022\/10\/29\/fahb-les-ag-extraordinaire-et-elective-annulees-par-lihf\/#primaryimage","url":"https:\/\/lasentinelle.dz\/wp-content\/uploads\/2022\/10\/hand-2.png","contentUrl":"https:\/\/lasentinelle.dz\/wp-content\/uploads\/2022\/10\/hand-2.png","width":1200,"height":900},{"@type":"BreadcrumbList","@id":"https:\/\/lasentinelle.dz\/index.php\/2022\/10\/29\/fahb-les-ag-extraordinaire-et-elective-annulees-par-lihf\/#breadcrumb","itemListElement":[{"@type":"ListItem","position":1,"name":"Accueil","item":"https:\/\/lasentinelle.dz\/"},{"@type":"ListItem","position":2,"name":"FAHB\u00a0: Les AG extraordinaire et \u00e9lective annul\u00e9es par l&rsquo;IHF"}]},{"@type":"WebSite","@id":"https:\/\/lasentinelle.dz\/#website","url":"https:\/\/lasentinelle.dz\/","name":"La Sentinelle","description":"Quotidien national d&#039;information","publisher":{"@id":"https:\/\/lasentinelle.dz\/#organization"},"potentialAction":[{"@type":"SearchAction","target":{"@type":"EntryPoint","urlTemplate":"https:\/\/lasentinelle.dz\/?s={search_term_string}"},"query-input":{"@type":"PropertyValueSpecification","valueRequired":true,"valueName":"search_term_string"}}],"inLanguage":"fr-FR"},{"@type":"Organization","@id":"https:\/\/lasentinelle.dz\/#organization","name":"Quotidien La Sentinelle","url":"https:\/\/lasentinelle.dz\/","logo":{"@type":"ImageObject","inLanguage":"fr-FR","@id":"https:\/\/lasentinelle.dz\/#\/schema\/logo\/image\/","url":"https:\/\/lasentinelle.dz\/wp-content\/uploads\/2021\/09\/logo-sentinelleSLOGAN-1.png","contentUrl":"https:\/\/lasentinelle.dz\/wp-content\/uploads\/2021\/09\/logo-sentinelleSLOGAN-1.png","width":615,"height":142,"caption":"Quotidien La Sentinelle"},"image":{"@id":"https:\/\/lasentinelle.dz\/#\/schema\/logo\/image\/"},"sameAs":["https:\/\/www.facebook.com\/La-Sentinelle-104059864394773"]},{"@type":"Person","@id":"https:\/\/lasentinelle.dz\/#\/schema\/person\/d865044e22e70a75174ce8bcad3acfb3","name":"La Sentinelle","image":{"@type":"ImageObject","inLanguage":"fr-FR","@id":"https:\/\/secure.gravatar.com\/avatar\/57de8e5d4b15d43fb361a71fbb36338450fe67865b528a43dd10ef7c51a20392?s=96&d=mm&r=g","url":"https:\/\/secure.gravatar.com\/avatar\/57de8e5d4b15d43fb361a71fbb36338450fe67865b528a43dd10ef7c51a20392?s=96&d=mm&r=g","contentUrl":"https:\/\/secure.gravatar.com\/avatar\/57de8e5d4b15d43fb361a71fbb36338450fe67865b528a43dd10ef7c51a20392?s=96&d=mm&r=g","caption":"La Sentinelle"},"sameAs":["http:\/\/www.lasentinelle.dz"],"url":"https:\/\/lasentinelle.dz\/author\/redaction\/"}]}},"_links":{"self":[{"href":"https:\/\/lasentinelle.dz\/index.php\/wp-json\/wp\/v2\/posts\/29744","targetHints":{"allow":["GET"]}}],"collection":[{"href":"https:\/\/lasentinelle.dz\/index.php\/wp-json\/wp\/v2\/posts"}],"about":[{"href":"https:\/\/lasentinelle.dz\/index.php\/wp-json\/wp\/v2\/types\/post"}],"author":[{"embeddable":true,"href":"https:\/\/lasentinelle.dz\/index.php\/wp-json\/wp\/v2\/users\/3"}],"replies":[{"embeddable":true,"href":"https:\/\/lasentinelle.dz\/index.php\/wp-json\/wp\/v2\/comments?post=29744"}],"version-history":[{"count":1,"href":"https:\/\/lasentinelle.dz\/index.php\/wp-json\/wp\/v2\/posts\/29744\/revisions"}],"predecessor-version":[{"id":29746,"href":"https:\/\/lasentinelle.dz\/index.php\/wp-json\/wp\/v2\/posts\/29744\/revisions\/29746"}],"wp:featuredmedia":[{"embeddable":true,"href":"https:\/\/lasentinelle.dz\/index.php\/wp-json\/wp\/v2\/media\/29745"}],"wp:attachment":[{"href":"https:\/\/lasentinelle.dz\/index.php\/wp-json\/wp\/v2\/media?parent=29744"}],"wp:term":[{"taxonomy":"category","embeddable":true,"href":"https:\/\/lasentinelle.dz\/index.php\/wp-json\/wp\/v2\/categories?post=29744"},{"taxonomy":"post_tag","embeddable":true,"href":"https:\/\/lasentinelle.dz\/index.php\/wp-json\/wp\/v2\/tags?post=29744"}],"curies":[{"name":"wp","href":"https:\/\/api.w.org\/{rel}","templated":true}]}}