{"id":29766,"date":"2022-10-29T22:08:00","date_gmt":"2022-10-29T21:08:00","guid":{"rendered":"https:\/\/lasentinelle.dz\/?p=29766"},"modified":"2022-10-29T20:29:00","modified_gmt":"2022-10-29T19:29:00","slug":"reprise-de-lactivite-de-lusine-hyundai-de-tiaret-premiers-vehicules-commercialises-en-2023","status":"publish","type":"post","link":"https:\/\/lasentinelle.dz\/index.php\/2022\/10\/29\/reprise-de-lactivite-de-lusine-hyundai-de-tiaret-premiers-vehicules-commercialises-en-2023\/","title":{"rendered":"Reprise de l\u2019activit\u00e9 de l\u2019usine Hyundai de Tiaret\u00a0: Premiers v\u00e9hicules commercialis\u00e9s en 2023"},"content":{"rendered":"\n<p>Le secteur de l\u2019automobile conna\u00eet un nouveau dynamisme. Apr\u00e8s la signature d\u2019un contrat avec Stellantis pour la r\u00e9alisation d\u2019une usine Fiat \u00e0 Oran, d\u2019autres constructeurs ont annonc\u00e9 la reprise des activit\u00e9s de leurs unit\u00e9s, en s\u2019adaptant aux nouvelles mesures r\u00e9glementaires, \u00e0 l\u2019image de Renault, mais aussi Hyundai. Les premiers v\u00e9hicules de la marque cor\u00e9enne devraient \u00eatre commercialis\u00e9s au premier trimestre 2023.<\/p>\n\n\n\n<p>Le directeur g\u00e9n\u00e9ral de l\u2019usine TMC de montage automobile Hyundai \u00e0 Tiaret, Khaled Djaballah, a indiqu\u00e9 hier que l\u2019unit\u00e9 commercialisera des v\u00e9hicules aux citoyens \u00e0 partir du premier trimestre 2023. Lors d\u2019un entretien avec une cha\u00eene de t\u00e9l\u00e9vision priv\u00e9e, Khaled Djaballaha pr\u00e9cis\u00e9 que la voiture Accent, destin\u00e9e aux citoyens, sera disponible avec un moteur \u00e0 essence de 1,6 litre, d\u2019une capacit\u00e9 de 1,4 litre, et un moteur diesel CRDI de 1,6 litre.<\/p>\n\n\n\n<p>Concernant les prix des v\u00e9hicules produits par l\u2019usine, le m\u00eame responsable a assur\u00e9 &nbsp;qu\u2019ils&nbsp; seront \u00ab raisonnables et accessibles \u00e0 tous \u00bb.<\/p>\n\n\n\n<p>Pour rappel, l\u2019usine de montage de v\u00e9hicules, situ\u00e9e dans la wilaya de Tiaret, a repris jeudi son activit\u00e9, avec la mise en service de deux lignes de production. Cette reprise a \u00e9t\u00e9 marqu\u00e9e par une c\u00e9r\u00e9monie pr\u00e9sid\u00e9e par le wali de Tiaret, Ali Bougara, et le Directeur g\u00e9n\u00e9ral de l\u2019unit\u00e9 de Tiaret, Khaled Djaballah. Ce dernier a fait savoir qu&rsquo;en fin d\u2019ann\u00e9e courante, 2.344 voitures seront mont\u00e9es et que la deuxi\u00e8me phase sera lanc\u00e9e d\u00e9but 2023 en exploitant deux autres lignes de production sur les sept que compte l&rsquo;unit\u00e9, dont une ligne de production de camionnettes, qui peut produire 70.000 unit\u00e9s lorsqu&rsquo;elle atteindra sa capacit\u00e9 maximale de production.Selon le m\u00eame responsable, l&rsquo;entreprise dispose \u00e9galement d&rsquo;une autre unit\u00e9 de production de v\u00e9hicules \u00e0 Frenda, dans la m\u00eame wilaya, avec une capacit\u00e9 de production de 30.000 v\u00e9hicules\/an.<\/p>\n\n\n\n<p>e directeur des strat\u00e9gies de la soci\u00e9t\u00e9 TMC Alg\u00e9rie, Bedjaoui Abderrahmane, a fait savoir que la soci\u00e9t\u00e9 poss\u00e8de une unit\u00e9 de production des accessoires plastiques \u00e0 Khemisti (Tissemsilt) et une autre de production de plaquettes de freins \u00e0 Rouiba (Alger) d&rsquo;une capacit\u00e9 de production de 1 million d&rsquo;unit\u00e9s par an.Une autre unit\u00e9 sera ouverte \u00e0 l\u2019usine de Tiaret pour la production des si\u00e8ges et du r\u00e9seau \u00e9lectrique et de radio, en plus de la sous-traitance avec les petites et moyennes entreprises qui seront charg\u00e9es de fournir \u00e0 la soci\u00e9t\u00e9 des accessoires et autres, a-t-on annonc\u00e9, soulignant que des contacts sont en cours avec le partenaire cor\u00e9en pour transf\u00e9rer pleinement son exp\u00e9rience \u00e0 la partie alg\u00e9rienne.Les deux lignes de production emploient actuellement 158 travailleurs sur 740 recrut\u00e9s par l\u2019usine avant sa fermeture il y a trois ans.<\/p>\n\n\n\n<p><strong>Chokri Hafed<\/strong><\/p>\n","protected":false},"excerpt":{"rendered":"<p>Le secteur de l\u2019automobile conna\u00eet un nouveau dynamisme. Apr\u00e8s la signature d\u2019un contrat avec Stellantis pour la r\u00e9alisation d\u2019une usine<\/p>\n","protected":false},"author":3,"featured_media":29767,"comment_status":"open","ping_status":"closed","sticky":false,"template":"","format":"standard","meta":{"colormag_page_container_layout":"default_layout","colormag_page_sidebar_layout":"default_layout","om_disable_all_campaigns":false,"_monsterinsights_skip_tracking":false,"_monsterinsights_sitenote_active":false,"_monsterinsights_sitenote_note":"","_monsterinsights_sitenote_category":0,"footnotes":"","_wpscppro_dont_share_socialmedia":false,"_wpscppro_custom_social_share_image":0,"_facebook_share_type":"","_twitter_share_type":"","_linkedin_share_type":"","_pinterest_share_type":"","_linkedin_share_type_page":"","_instagram_share_type":"","_medium_share_type":"","_threads_share_type":"","_google_business_share_type":"","_selected_social_profile":[],"_wpsp_enable_custom_social_template":false,"_wpsp_social_scheduling":{"enabled":false,"datetime":null,"platforms":[],"status":"template_only","dateOption":"today","timeOption":"now","customDays":"","customHours":"","customDate":"","customTime":"","schedulingType":"absolute"},"_wpsp_active_default_template":true},"categories":[52,29],"tags":[],"class_list":["post-29766","post","type-post","status-publish","format-standard","has-post-thumbnail","hentry","category-a-la-une","category-economie"],"aioseo_notices":[],"yoast_head":"<!-- This site is optimized with the Yoast SEO plugin v27.5 - https:\/\/yoast.com\/product\/yoast-seo-wordpress\/ -->\n<title>Reprise de l\u2019activit\u00e9 de l\u2019usine Hyundai de Tiaret\u00a0: Premiers v\u00e9hicules commercialis\u00e9s en 2023 - La Sentinelle<\/title>\n<meta name=\"robots\" content=\"index, follow, max-snippet:-1, max-image-preview:large, max-video-preview:-1\" \/>\n<link rel=\"canonical\" href=\"https:\/\/lasentinelle.dz\/index.php\/2022\/10\/29\/reprise-de-lactivite-de-lusine-hyundai-de-tiaret-premiers-vehicules-commercialises-en-2023\/\" \/>\n<meta property=\"og:locale\" content=\"fr_FR\" \/>\n<meta property=\"og:type\" content=\"article\" \/>\n<meta property=\"og:title\" content=\"Reprise de l\u2019activit\u00e9 de l\u2019usine Hyundai de Tiaret\u00a0: Premiers v\u00e9hicules commercialis\u00e9s en 2023 - La Sentinelle\" \/>\n<meta property=\"og:description\" content=\"Le secteur de l\u2019automobile conna\u00eet un nouveau dynamisme. Apr\u00e8s la signature d\u2019un contrat avec Stellantis pour la r\u00e9alisation d\u2019une usine\" \/>\n<meta property=\"og:url\" content=\"https:\/\/lasentinelle.dz\/index.php\/2022\/10\/29\/reprise-de-lactivite-de-lusine-hyundai-de-tiaret-premiers-vehicules-commercialises-en-2023\/\" \/>\n<meta property=\"og:site_name\" content=\"La Sentinelle\" \/>\n<meta property=\"article:publisher\" content=\"https:\/\/www.facebook.com\/La-Sentinelle-104059864394773\" \/>\n<meta property=\"article:published_time\" content=\"2022-10-29T21:08:00+00:00\" \/>\n<meta property=\"og:image\" content=\"https:\/\/lasentinelle.dz\/wp-content\/uploads\/2022\/10\/hyundai.png\" \/>\n\t<meta property=\"og:image:width\" content=\"1491\" \/>\n\t<meta property=\"og:image:height\" content=\"900\" \/>\n\t<meta property=\"og:image:type\" content=\"image\/png\" \/>\n<meta name=\"author\" content=\"La Sentinelle\" \/>\n<meta name=\"twitter:card\" content=\"summary_large_image\" \/>\n<meta name=\"twitter:label1\" content=\"\u00c9crit par\" \/>\n\t<meta name=\"twitter:data1\" content=\"La Sentinelle\" \/>\n\t<meta name=\"twitter:label2\" content=\"Dur\u00e9e de lecture estim\u00e9e\" \/>\n\t<meta name=\"twitter:data2\" content=\"3 minutes\" \/>\n<script type=\"application\/ld+json\" class=\"yoast-schema-graph\">{\"@context\":\"https:\\\/\\\/schema.org\",\"@graph\":[{\"@type\":\"Article\",\"@id\":\"https:\\\/\\\/lasentinelle.dz\\\/index.php\\\/2022\\\/10\\\/29\\\/reprise-de-lactivite-de-lusine-hyundai-de-tiaret-premiers-vehicules-commercialises-en-2023\\\/#article\",\"isPartOf\":{\"@id\":\"https:\\\/\\\/lasentinelle.dz\\\/index.php\\\/2022\\\/10\\\/29\\\/reprise-de-lactivite-de-lusine-hyundai-de-tiaret-premiers-vehicules-commercialises-en-2023\\\/\"},\"author\":{\"name\":\"La Sentinelle\",\"@id\":\"https:\\\/\\\/lasentinelle.dz\\\/#\\\/schema\\\/person\\\/d865044e22e70a75174ce8bcad3acfb3\"},\"headline\":\"Reprise de l\u2019activit\u00e9 de l\u2019usine Hyundai de Tiaret\u00a0: Premiers v\u00e9hicules commercialis\u00e9s en 2023\",\"datePublished\":\"2022-10-29T21:08:00+00:00\",\"mainEntityOfPage\":{\"@id\":\"https:\\\/\\\/lasentinelle.dz\\\/index.php\\\/2022\\\/10\\\/29\\\/reprise-de-lactivite-de-lusine-hyundai-de-tiaret-premiers-vehicules-commercialises-en-2023\\\/\"},\"wordCount\":502,\"commentCount\":0,\"publisher\":{\"@id\":\"https:\\\/\\\/lasentinelle.dz\\\/#organization\"},\"image\":{\"@id\":\"https:\\\/\\\/lasentinelle.dz\\\/index.php\\\/2022\\\/10\\\/29\\\/reprise-de-lactivite-de-lusine-hyundai-de-tiaret-premiers-vehicules-commercialises-en-2023\\\/#primaryimage\"},\"thumbnailUrl\":\"https:\\\/\\\/lasentinelle.dz\\\/wp-content\\\/uploads\\\/2022\\\/10\\\/hyundai.png\",\"articleSection\":[\"\u00c0 la Une\",\"\u00c9conomie\"],\"inLanguage\":\"fr-FR\",\"potentialAction\":[{\"@type\":\"CommentAction\",\"name\":\"Comment\",\"target\":[\"https:\\\/\\\/lasentinelle.dz\\\/index.php\\\/2022\\\/10\\\/29\\\/reprise-de-lactivite-de-lusine-hyundai-de-tiaret-premiers-vehicules-commercialises-en-2023\\\/#respond\"]}]},{\"@type\":\"WebPage\",\"@id\":\"https:\\\/\\\/lasentinelle.dz\\\/index.php\\\/2022\\\/10\\\/29\\\/reprise-de-lactivite-de-lusine-hyundai-de-tiaret-premiers-vehicules-commercialises-en-2023\\\/\",\"url\":\"https:\\\/\\\/lasentinelle.dz\\\/index.php\\\/2022\\\/10\\\/29\\\/reprise-de-lactivite-de-lusine-hyundai-de-tiaret-premiers-vehicules-commercialises-en-2023\\\/\",\"name\":\"Reprise de l\u2019activit\u00e9 de l\u2019usine Hyundai de Tiaret\u00a0: Premiers v\u00e9hicules commercialis\u00e9s en 2023 - La Sentinelle\",\"isPartOf\":{\"@id\":\"https:\\\/\\\/lasentinelle.dz\\\/#website\"},\"primaryImageOfPage\":{\"@id\":\"https:\\\/\\\/lasentinelle.dz\\\/index.php\\\/2022\\\/10\\\/29\\\/reprise-de-lactivite-de-lusine-hyundai-de-tiaret-premiers-vehicules-commercialises-en-2023\\\/#primaryimage\"},\"image\":{\"@id\":\"https:\\\/\\\/lasentinelle.dz\\\/index.php\\\/2022\\\/10\\\/29\\\/reprise-de-lactivite-de-lusine-hyundai-de-tiaret-premiers-vehicules-commercialises-en-2023\\\/#primaryimage\"},\"thumbnailUrl\":\"https:\\\/\\\/lasentinelle.dz\\\/wp-content\\\/uploads\\\/2022\\\/10\\\/hyundai.png\",\"datePublished\":\"2022-10-29T21:08:00+00:00\",\"breadcrumb\":{\"@id\":\"https:\\\/\\\/lasentinelle.dz\\\/index.php\\\/2022\\\/10\\\/29\\\/reprise-de-lactivite-de-lusine-hyundai-de-tiaret-premiers-vehicules-commercialises-en-2023\\\/#breadcrumb\"},\"inLanguage\":\"fr-FR\",\"potentialAction\":[{\"@type\":\"ReadAction\",\"target\":[\"https:\\\/\\\/lasentinelle.dz\\\/index.php\\\/2022\\\/10\\\/29\\\/reprise-de-lactivite-de-lusine-hyundai-de-tiaret-premiers-vehicules-commercialises-en-2023\\\/\"]}]},{\"@type\":\"ImageObject\",\"inLanguage\":\"fr-FR\",\"@id\":\"https:\\\/\\\/lasentinelle.dz\\\/index.php\\\/2022\\\/10\\\/29\\\/reprise-de-lactivite-de-lusine-hyundai-de-tiaret-premiers-vehicules-commercialises-en-2023\\\/#primaryimage\",\"url\":\"https:\\\/\\\/lasentinelle.dz\\\/wp-content\\\/uploads\\\/2022\\\/10\\\/hyundai.png\",\"contentUrl\":\"https:\\\/\\\/lasentinelle.dz\\\/wp-content\\\/uploads\\\/2022\\\/10\\\/hyundai.png\",\"width\":1491,\"height\":900},{\"@type\":\"BreadcrumbList\",\"@id\":\"https:\\\/\\\/lasentinelle.dz\\\/index.php\\\/2022\\\/10\\\/29\\\/reprise-de-lactivite-de-lusine-hyundai-de-tiaret-premiers-vehicules-commercialises-en-2023\\\/#breadcrumb\",\"itemListElement\":[{\"@type\":\"ListItem\",\"position\":1,\"name\":\"Accueil\",\"item\":\"https:\\\/\\\/lasentinelle.dz\\\/\"},{\"@type\":\"ListItem\",\"position\":2,\"name\":\"Reprise de l\u2019activit\u00e9 de l\u2019usine Hyundai de Tiaret\u00a0: Premiers v\u00e9hicules commercialis\u00e9s en 2023\"}]},{\"@type\":\"WebSite\",\"@id\":\"https:\\\/\\\/lasentinelle.dz\\\/#website\",\"url\":\"https:\\\/\\\/lasentinelle.dz\\\/\",\"name\":\"La Sentinelle\",\"description\":\"Quotidien national d&#039;information\",\"publisher\":{\"@id\":\"https:\\\/\\\/lasentinelle.dz\\\/#organization\"},\"potentialAction\":[{\"@type\":\"SearchAction\",\"target\":{\"@type\":\"EntryPoint\",\"urlTemplate\":\"https:\\\/\\\/lasentinelle.dz\\\/?s={search_term_string}\"},\"query-input\":{\"@type\":\"PropertyValueSpecification\",\"valueRequired\":true,\"valueName\":\"search_term_string\"}}],\"inLanguage\":\"fr-FR\"},{\"@type\":\"Organization\",\"@id\":\"https:\\\/\\\/lasentinelle.dz\\\/#organization\",\"name\":\"Quotidien La Sentinelle\",\"url\":\"https:\\\/\\\/lasentinelle.dz\\\/\",\"logo\":{\"@type\":\"ImageObject\",\"inLanguage\":\"fr-FR\",\"@id\":\"https:\\\/\\\/lasentinelle.dz\\\/#\\\/schema\\\/logo\\\/image\\\/\",\"url\":\"https:\\\/\\\/lasentinelle.dz\\\/wp-content\\\/uploads\\\/2021\\\/09\\\/logo-sentinelleSLOGAN-1.png\",\"contentUrl\":\"https:\\\/\\\/lasentinelle.dz\\\/wp-content\\\/uploads\\\/2021\\\/09\\\/logo-sentinelleSLOGAN-1.png\",\"width\":615,\"height\":142,\"caption\":\"Quotidien La Sentinelle\"},\"image\":{\"@id\":\"https:\\\/\\\/lasentinelle.dz\\\/#\\\/schema\\\/logo\\\/image\\\/\"},\"sameAs\":[\"https:\\\/\\\/www.facebook.com\\\/La-Sentinelle-104059864394773\"]},{\"@type\":\"Person\",\"@id\":\"https:\\\/\\\/lasentinelle.dz\\\/#\\\/schema\\\/person\\\/d865044e22e70a75174ce8bcad3acfb3\",\"name\":\"La Sentinelle\",\"image\":{\"@type\":\"ImageObject\",\"inLanguage\":\"fr-FR\",\"@id\":\"https:\\\/\\\/secure.gravatar.com\\\/avatar\\\/57de8e5d4b15d43fb361a71fbb36338450fe67865b528a43dd10ef7c51a20392?s=96&d=mm&r=g\",\"url\":\"https:\\\/\\\/secure.gravatar.com\\\/avatar\\\/57de8e5d4b15d43fb361a71fbb36338450fe67865b528a43dd10ef7c51a20392?s=96&d=mm&r=g\",\"contentUrl\":\"https:\\\/\\\/secure.gravatar.com\\\/avatar\\\/57de8e5d4b15d43fb361a71fbb36338450fe67865b528a43dd10ef7c51a20392?s=96&d=mm&r=g\",\"caption\":\"La Sentinelle\"},\"sameAs\":[\"http:\\\/\\\/www.lasentinelle.dz\"],\"url\":\"https:\\\/\\\/lasentinelle.dz\\\/author\\\/redaction\\\/\"}]}<\/script>\n<!-- \/ Yoast SEO plugin. -->","yoast_head_json":{"title":"Reprise de l\u2019activit\u00e9 de l\u2019usine Hyundai de Tiaret\u00a0: Premiers v\u00e9hicules commercialis\u00e9s en 2023 - La Sentinelle","robots":{"index":"index","follow":"follow","max-snippet":"max-snippet:-1","max-image-preview":"max-image-preview:large","max-video-preview":"max-video-preview:-1"},"canonical":"https:\/\/lasentinelle.dz\/index.php\/2022\/10\/29\/reprise-de-lactivite-de-lusine-hyundai-de-tiaret-premiers-vehicules-commercialises-en-2023\/","og_locale":"fr_FR","og_type":"article","og_title":"Reprise de l\u2019activit\u00e9 de l\u2019usine Hyundai de Tiaret\u00a0: Premiers v\u00e9hicules commercialis\u00e9s en 2023 - La Sentinelle","og_description":"Le secteur de l\u2019automobile conna\u00eet un nouveau dynamisme. Apr\u00e8s la signature d\u2019un contrat avec Stellantis pour la r\u00e9alisation d\u2019une usine","og_url":"https:\/\/lasentinelle.dz\/index.php\/2022\/10\/29\/reprise-de-lactivite-de-lusine-hyundai-de-tiaret-premiers-vehicules-commercialises-en-2023\/","og_site_name":"La Sentinelle","article_publisher":"https:\/\/www.facebook.com\/La-Sentinelle-104059864394773","article_published_time":"2022-10-29T21:08:00+00:00","og_image":[{"width":1491,"height":900,"url":"https:\/\/lasentinelle.dz\/wp-content\/uploads\/2022\/10\/hyundai.png","type":"image\/png"}],"author":"La Sentinelle","twitter_card":"summary_large_image","twitter_misc":{"\u00c9crit par":"La Sentinelle","Dur\u00e9e de lecture estim\u00e9e":"3 minutes"},"schema":{"@context":"https:\/\/schema.org","@graph":[{"@type":"Article","@id":"https:\/\/lasentinelle.dz\/index.php\/2022\/10\/29\/reprise-de-lactivite-de-lusine-hyundai-de-tiaret-premiers-vehicules-commercialises-en-2023\/#article","isPartOf":{"@id":"https:\/\/lasentinelle.dz\/index.php\/2022\/10\/29\/reprise-de-lactivite-de-lusine-hyundai-de-tiaret-premiers-vehicules-commercialises-en-2023\/"},"author":{"name":"La Sentinelle","@id":"https:\/\/lasentinelle.dz\/#\/schema\/person\/d865044e22e70a75174ce8bcad3acfb3"},"headline":"Reprise de l\u2019activit\u00e9 de l\u2019usine Hyundai de Tiaret\u00a0: Premiers v\u00e9hicules commercialis\u00e9s en 2023","datePublished":"2022-10-29T21:08:00+00:00","mainEntityOfPage":{"@id":"https:\/\/lasentinelle.dz\/index.php\/2022\/10\/29\/reprise-de-lactivite-de-lusine-hyundai-de-tiaret-premiers-vehicules-commercialises-en-2023\/"},"wordCount":502,"commentCount":0,"publisher":{"@id":"https:\/\/lasentinelle.dz\/#organization"},"image":{"@id":"https:\/\/lasentinelle.dz\/index.php\/2022\/10\/29\/reprise-de-lactivite-de-lusine-hyundai-de-tiaret-premiers-vehicules-commercialises-en-2023\/#primaryimage"},"thumbnailUrl":"https:\/\/lasentinelle.dz\/wp-content\/uploads\/2022\/10\/hyundai.png","articleSection":["\u00c0 la Une","\u00c9conomie"],"inLanguage":"fr-FR","potentialAction":[{"@type":"CommentAction","name":"Comment","target":["https:\/\/lasentinelle.dz\/index.php\/2022\/10\/29\/reprise-de-lactivite-de-lusine-hyundai-de-tiaret-premiers-vehicules-commercialises-en-2023\/#respond"]}]},{"@type":"WebPage","@id":"https:\/\/lasentinelle.dz\/index.php\/2022\/10\/29\/reprise-de-lactivite-de-lusine-hyundai-de-tiaret-premiers-vehicules-commercialises-en-2023\/","url":"https:\/\/lasentinelle.dz\/index.php\/2022\/10\/29\/reprise-de-lactivite-de-lusine-hyundai-de-tiaret-premiers-vehicules-commercialises-en-2023\/","name":"Reprise de l\u2019activit\u00e9 de l\u2019usine Hyundai de Tiaret\u00a0: Premiers v\u00e9hicules commercialis\u00e9s en 2023 - La Sentinelle","isPartOf":{"@id":"https:\/\/lasentinelle.dz\/#website"},"primaryImageOfPage":{"@id":"https:\/\/lasentinelle.dz\/index.php\/2022\/10\/29\/reprise-de-lactivite-de-lusine-hyundai-de-tiaret-premiers-vehicules-commercialises-en-2023\/#primaryimage"},"image":{"@id":"https:\/\/lasentinelle.dz\/index.php\/2022\/10\/29\/reprise-de-lactivite-de-lusine-hyundai-de-tiaret-premiers-vehicules-commercialises-en-2023\/#primaryimage"},"thumbnailUrl":"https:\/\/lasentinelle.dz\/wp-content\/uploads\/2022\/10\/hyundai.png","datePublished":"2022-10-29T21:08:00+00:00","breadcrumb":{"@id":"https:\/\/lasentinelle.dz\/index.php\/2022\/10\/29\/reprise-de-lactivite-de-lusine-hyundai-de-tiaret-premiers-vehicules-commercialises-en-2023\/#breadcrumb"},"inLanguage":"fr-FR","potentialAction":[{"@type":"ReadAction","target":["https:\/\/lasentinelle.dz\/index.php\/2022\/10\/29\/reprise-de-lactivite-de-lusine-hyundai-de-tiaret-premiers-vehicules-commercialises-en-2023\/"]}]},{"@type":"ImageObject","inLanguage":"fr-FR","@id":"https:\/\/lasentinelle.dz\/index.php\/2022\/10\/29\/reprise-de-lactivite-de-lusine-hyundai-de-tiaret-premiers-vehicules-commercialises-en-2023\/#primaryimage","url":"https:\/\/lasentinelle.dz\/wp-content\/uploads\/2022\/10\/hyundai.png","contentUrl":"https:\/\/lasentinelle.dz\/wp-content\/uploads\/2022\/10\/hyundai.png","width":1491,"height":900},{"@type":"BreadcrumbList","@id":"https:\/\/lasentinelle.dz\/index.php\/2022\/10\/29\/reprise-de-lactivite-de-lusine-hyundai-de-tiaret-premiers-vehicules-commercialises-en-2023\/#breadcrumb","itemListElement":[{"@type":"ListItem","position":1,"name":"Accueil","item":"https:\/\/lasentinelle.dz\/"},{"@type":"ListItem","position":2,"name":"Reprise de l\u2019activit\u00e9 de l\u2019usine Hyundai de Tiaret\u00a0: Premiers v\u00e9hicules commercialis\u00e9s en 2023"}]},{"@type":"WebSite","@id":"https:\/\/lasentinelle.dz\/#website","url":"https:\/\/lasentinelle.dz\/","name":"La Sentinelle","description":"Quotidien national d&#039;information","publisher":{"@id":"https:\/\/lasentinelle.dz\/#organization"},"potentialAction":[{"@type":"SearchAction","target":{"@type":"EntryPoint","urlTemplate":"https:\/\/lasentinelle.dz\/?s={search_term_string}"},"query-input":{"@type":"PropertyValueSpecification","valueRequired":true,"valueName":"search_term_string"}}],"inLanguage":"fr-FR"},{"@type":"Organization","@id":"https:\/\/lasentinelle.dz\/#organization","name":"Quotidien La Sentinelle","url":"https:\/\/lasentinelle.dz\/","logo":{"@type":"ImageObject","inLanguage":"fr-FR","@id":"https:\/\/lasentinelle.dz\/#\/schema\/logo\/image\/","url":"https:\/\/lasentinelle.dz\/wp-content\/uploads\/2021\/09\/logo-sentinelleSLOGAN-1.png","contentUrl":"https:\/\/lasentinelle.dz\/wp-content\/uploads\/2021\/09\/logo-sentinelleSLOGAN-1.png","width":615,"height":142,"caption":"Quotidien La Sentinelle"},"image":{"@id":"https:\/\/lasentinelle.dz\/#\/schema\/logo\/image\/"},"sameAs":["https:\/\/www.facebook.com\/La-Sentinelle-104059864394773"]},{"@type":"Person","@id":"https:\/\/lasentinelle.dz\/#\/schema\/person\/d865044e22e70a75174ce8bcad3acfb3","name":"La Sentinelle","image":{"@type":"ImageObject","inLanguage":"fr-FR","@id":"https:\/\/secure.gravatar.com\/avatar\/57de8e5d4b15d43fb361a71fbb36338450fe67865b528a43dd10ef7c51a20392?s=96&d=mm&r=g","url":"https:\/\/secure.gravatar.com\/avatar\/57de8e5d4b15d43fb361a71fbb36338450fe67865b528a43dd10ef7c51a20392?s=96&d=mm&r=g","contentUrl":"https:\/\/secure.gravatar.com\/avatar\/57de8e5d4b15d43fb361a71fbb36338450fe67865b528a43dd10ef7c51a20392?s=96&d=mm&r=g","caption":"La Sentinelle"},"sameAs":["http:\/\/www.lasentinelle.dz"],"url":"https:\/\/lasentinelle.dz\/author\/redaction\/"}]}},"_links":{"self":[{"href":"https:\/\/lasentinelle.dz\/index.php\/wp-json\/wp\/v2\/posts\/29766","targetHints":{"allow":["GET"]}}],"collection":[{"href":"https:\/\/lasentinelle.dz\/index.php\/wp-json\/wp\/v2\/posts"}],"about":[{"href":"https:\/\/lasentinelle.dz\/index.php\/wp-json\/wp\/v2\/types\/post"}],"author":[{"embeddable":true,"href":"https:\/\/lasentinelle.dz\/index.php\/wp-json\/wp\/v2\/users\/3"}],"replies":[{"embeddable":true,"href":"https:\/\/lasentinelle.dz\/index.php\/wp-json\/wp\/v2\/comments?post=29766"}],"version-history":[{"count":1,"href":"https:\/\/lasentinelle.dz\/index.php\/wp-json\/wp\/v2\/posts\/29766\/revisions"}],"predecessor-version":[{"id":29768,"href":"https:\/\/lasentinelle.dz\/index.php\/wp-json\/wp\/v2\/posts\/29766\/revisions\/29768"}],"wp:featuredmedia":[{"embeddable":true,"href":"https:\/\/lasentinelle.dz\/index.php\/wp-json\/wp\/v2\/media\/29767"}],"wp:attachment":[{"href":"https:\/\/lasentinelle.dz\/index.php\/wp-json\/wp\/v2\/media?parent=29766"}],"wp:term":[{"taxonomy":"category","embeddable":true,"href":"https:\/\/lasentinelle.dz\/index.php\/wp-json\/wp\/v2\/categories?post=29766"},{"taxonomy":"post_tag","embeddable":true,"href":"https:\/\/lasentinelle.dz\/index.php\/wp-json\/wp\/v2\/tags?post=29766"}],"curies":[{"name":"wp","href":"https:\/\/api.w.org\/{rel}","templated":true}]}}