{"id":29788,"date":"2022-10-29T22:05:00","date_gmt":"2022-10-29T21:05:00","guid":{"rendered":"https:\/\/lasentinelle.dz\/?p=29788"},"modified":"2022-10-29T21:15:19","modified_gmt":"2022-10-29T20:15:19","slug":"les-delegations-arabes-confiantes-quant-au-succes-du-sommet-dalger-un-consensus-autour-des-projets-de-decisions","status":"publish","type":"post","link":"https:\/\/lasentinelle.dz\/index.php\/2022\/10\/29\/les-delegations-arabes-confiantes-quant-au-succes-du-sommet-dalger-un-consensus-autour-des-projets-de-decisions\/","title":{"rendered":"Les d\u00e9l\u00e9gations arabes confiantes quant au succ\u00e8s du Sommet d\u2019Alger\u00a0: Un\u00a0consensus autour des projets de d\u00e9cisions"},"content":{"rendered":"\n<p>Les participants aux r\u00e9unions pr\u00e9paratoires du Sommet arabe d\u2019Alger se sont tous dits confiants quant au succ\u00e8s assur\u00e9 de ce rendez-vous. Dans ce sens, le pr\u00e9sident du Parlement arabe, Adel Ben Aberrahman Al-Assoumi, s&rsquo;est dit pleinement confiant de la capacit\u00e9 de l&rsquo;Alg\u00e9rie d&rsquo;assurer la r\u00e9ussite du Sommet arabe.Dans un entretien accord\u00e9 \u00e0 l&rsquo;APS, M. Al-Assoumi a soulign\u00e9 que ce sommet rev\u00eat une importance \u00ab\u00a0particuli\u00e8re\u00a0\u00bb, sa tenue intervenant dans une \u00e9tape charni\u00e8re o\u00f9 les d\u00e9fis r\u00e9gionaux et internationaux auxquels sont confront\u00e9s les pays arabes s&rsquo;accroissent et exigent, plus que jamais, d&rsquo;acc\u00e9l\u00e9rer le rythme de coop\u00e9ration et de solidarit\u00e9 arabes et de redynamiser l&rsquo;action arabe commune, pour relever ces d\u00e9fis et r\u00e9aliser les attentes et les aspirations du peuple arabe en mati\u00e8re de s\u00e9curit\u00e9, de d\u00e9veloppement et de stabilit\u00e9.Au sujet des d\u00e9fis auxquels la majorit\u00e9 des pays du monde font face, induits par les r\u00e9percussions de Covid-19 et le&nbsp; conflit en Ukraine, le responsable dira que \u00ab\u00a0tous ces d\u00e9veloppements aux retomb\u00e9es n\u00e9gatives sur nos soci\u00e9t\u00e9s arabes, exigent l&rsquo;unification et la coordination des efforts arabes pour y rem\u00e9dier\u00a0\u00bb.Apr\u00e8s avoir insist\u00e9 sur les circonstances exceptionnelles, tant au niveau international que r\u00e9gional, dans lesquelles se tient le Sommet arabe, marqu\u00e9es par les crises en Libye et au Y\u00e9men et les agressions r\u00e9p\u00e9t\u00e9es et incessantes de l&rsquo;arm\u00e9e sioniste en Palestine, \u00e9tant des questions qui s&rsquo;imposent dans l&rsquo;ordre du jour de l&rsquo;important rendez-vous d&rsquo;Alger, M. Al-Assoumi s&rsquo;est dit convaincu de \u00ab\u00a0la capacit\u00e9 et de la volont\u00e9 politique des dirigeants arabes de r\u00e9soudre ces crises, en veillant \u00e0 pr\u00e9server l&rsquo;unit\u00e9 des pays arabes et leur capacit\u00e9 \u00e0 contrecarrer les vis\u00e9es \u00e9trang\u00e8res\u00a0\u00bb.Evoquant la signature par les factions palestiniennes de la \u00ab\u00a0D\u00e9claration d&rsquo;Alger\u00a0\u00bb pour r\u00e9aliser la r\u00e9conciliation nationale, M. Al-Assoumi a qualifi\u00e9 cette d\u00e9marche de \u00ab\u00a0grand exploit\u00a0\u00bb, ajoutant: \u00ab\u00a0nous tenons \u00e0 saluer la signature par les factions palestiniennes de la \u00ab\u00a0D\u00e9claration d&rsquo;Alger\u00a0\u00bb et \u00e0 affirmer l&rsquo;importance de cette d\u00e9marche \u00e0 m\u00eame de r\u00e9tablir l&rsquo;unit\u00e9 nationale et de r\u00e9organiser les affaires internes palestiniennes\u00a0\u00bb. Il a \u00e9galement appel\u00e9 toutes les factions \u00e0 aller de l&rsquo;avant&nbsp; dans l&rsquo;application des clauses convenues.Par ailleurs, le responsable a indiqu\u00e9 que les peuples arabes \u00ab\u00a0attendent beaucoup de ce sommet et des dirigeants arabes pour prendre de nouvelles mesures visant \u00e0 renforcer l&rsquo;action arabe commune et \u00e0 faire face aux d\u00e9fis \u00e9conomiques et de d\u00e9veloppement dans la r\u00e9gion arabe, lesquels sont aussi importants que les d\u00e9fis s\u00e9curitaires et politiques pour assurer un avenir meilleur aux g\u00e9n\u00e9rations actuelles et futures\u00a0\u00bb.<\/p>\n\n\n\n<p>Le Secr\u00e9taire g\u00e9n\u00e9ral adjoint de la Ligue arabe, Hussain Hindawi s&rsquo;est dit convaincu que ce rendez-vous \u00ab\u00a0sera couronn\u00e9 de succ\u00e8s, au regard des efforts d\u00e9ploy\u00e9s par le Gouvernement et le peuple alg\u00e9riens, ainsi que par l&rsquo;ensemble des parties prenantes \u00e0 cet \u00e9v\u00e9nement historique et extr\u00eamement important\u00a0\u00bb.Selon M. Hindawi, le Sommet d&rsquo;Alger \u00ab\u00a0devra constituer un pas en avant, en ce qui concerne le d\u00e9veloppement de l&rsquo;action arabe commune, ce qui aura des r\u00e9percussions sur toutes les questions soulev\u00e9es quant aux relations arabes et la position du monde arabe au sein de la Communaut\u00e9 internationale, outre les questions essentielles, en t\u00eate desquelles la cause palestinienne\u00a0\u00bb.Le d\u00e9l\u00e9gu\u00e9 permanent de la Jordanie aupr\u00e8s de la Ligue arabe, Amjad Adaileh a indiqu\u00e9 que le Sommet d&rsquo;Alger \u00ab\u00a0sera couronn\u00e9 de succ\u00e8s\u00a0\u00bb, \u00e9voquant un \u00ab\u00a0consensus \u00e0 tous les niveaux autour des projets de d\u00e9cisions\u00a0\u00bb.Pour sa part, le d\u00e9l\u00e9gu\u00e9 du Royaume d&rsquo;Arabie saoudite, Abdul Rahman Al-Jumah, a relev\u00e9 \u00ab\u00a0le bon d\u00e9roulement des travaux sous la pr\u00e9sidence de l&rsquo;Alg\u00e9rie\u00a0\u00bb, ajoutant que \u00ab\u00a0nous attendons \u00e0 ce que ces travaux aboutissent \u00e0 des d\u00e9cisions importantes r\u00e9pondant aux aspirations des peuples arabes\u00a0\u00bb.<\/p>\n\n\n\n<p>R.N.<\/p>\n","protected":false},"excerpt":{"rendered":"<p>Les participants aux r\u00e9unions pr\u00e9paratoires du Sommet arabe d\u2019Alger se sont tous dits confiants quant au succ\u00e8s assur\u00e9 de ce<\/p>\n","protected":false},"author":3,"featured_media":29795,"comment_status":"open","ping_status":"closed","sticky":false,"template":"","format":"standard","meta":{"colormag_page_container_layout":"default_layout","colormag_page_sidebar_layout":"default_layout","om_disable_all_campaigns":false,"_monsterinsights_skip_tracking":false,"_monsterinsights_sitenote_active":false,"_monsterinsights_sitenote_note":"","_monsterinsights_sitenote_category":0,"footnotes":"","_wpscppro_dont_share_socialmedia":false,"_wpscppro_custom_social_share_image":0,"_facebook_share_type":"","_twitter_share_type":"","_linkedin_share_type":"","_pinterest_share_type":"","_linkedin_share_type_page":"","_instagram_share_type":"","_medium_share_type":"","_threads_share_type":"","_google_business_share_type":"","_selected_social_profile":[],"_wpsp_enable_custom_social_template":false,"_wpsp_social_scheduling":{"enabled":false,"datetime":null,"platforms":[],"status":"template_only","dateOption":"today","timeOption":"now","customDays":"","customHours":"","customDate":"","customTime":"","schedulingType":"absolute"},"_wpsp_active_default_template":true},"categories":[27],"tags":[],"class_list":["post-29788","post","type-post","status-publish","format-standard","has-post-thumbnail","hentry","category-actualite"],"aioseo_notices":[],"yoast_head":"<!-- This site is optimized with the Yoast SEO plugin v27.4 - https:\/\/yoast.com\/product\/yoast-seo-wordpress\/ -->\n<title>Les d\u00e9l\u00e9gations arabes confiantes quant au succ\u00e8s du Sommet d\u2019Alger\u00a0: Un\u00a0consensus autour des projets de d\u00e9cisions - La Sentinelle<\/title>\n<meta name=\"robots\" content=\"index, follow, max-snippet:-1, max-image-preview:large, max-video-preview:-1\" \/>\n<link rel=\"canonical\" href=\"https:\/\/lasentinelle.dz\/index.php\/2022\/10\/29\/les-delegations-arabes-confiantes-quant-au-succes-du-sommet-dalger-un-consensus-autour-des-projets-de-decisions\/\" \/>\n<meta property=\"og:locale\" content=\"fr_FR\" \/>\n<meta property=\"og:type\" content=\"article\" \/>\n<meta property=\"og:title\" content=\"Les d\u00e9l\u00e9gations arabes confiantes quant au succ\u00e8s du Sommet d\u2019Alger\u00a0: Un\u00a0consensus autour des projets de d\u00e9cisions - La Sentinelle\" \/>\n<meta property=\"og:description\" content=\"Les participants aux r\u00e9unions pr\u00e9paratoires du Sommet arabe d\u2019Alger se sont tous dits confiants quant au succ\u00e8s assur\u00e9 de ce\" \/>\n<meta property=\"og:url\" content=\"https:\/\/lasentinelle.dz\/index.php\/2022\/10\/29\/les-delegations-arabes-confiantes-quant-au-succes-du-sommet-dalger-un-consensus-autour-des-projets-de-decisions\/\" \/>\n<meta property=\"og:site_name\" content=\"La Sentinelle\" \/>\n<meta property=\"article:publisher\" content=\"https:\/\/www.facebook.com\/La-Sentinelle-104059864394773\" \/>\n<meta property=\"article:published_time\" content=\"2022-10-29T21:05:00+00:00\" \/>\n<meta property=\"og:image\" content=\"https:\/\/lasentinelle.dz\/wp-content\/uploads\/2022\/10\/image_2022-10-29_211251739-1024x768.png\" \/>\n\t<meta property=\"og:image:width\" content=\"1024\" \/>\n\t<meta property=\"og:image:height\" content=\"768\" \/>\n\t<meta property=\"og:image:type\" content=\"image\/png\" \/>\n<meta name=\"author\" content=\"La Sentinelle\" \/>\n<meta name=\"twitter:card\" content=\"summary_large_image\" \/>\n<meta name=\"twitter:label1\" content=\"\u00c9crit par\" \/>\n\t<meta name=\"twitter:data1\" content=\"La Sentinelle\" \/>\n\t<meta name=\"twitter:label2\" content=\"Dur\u00e9e de lecture estim\u00e9e\" \/>\n\t<meta name=\"twitter:data2\" content=\"3 minutes\" \/>\n<script type=\"application\/ld+json\" class=\"yoast-schema-graph\">{\"@context\":\"https:\\\/\\\/schema.org\",\"@graph\":[{\"@type\":\"Article\",\"@id\":\"https:\\\/\\\/lasentinelle.dz\\\/index.php\\\/2022\\\/10\\\/29\\\/les-delegations-arabes-confiantes-quant-au-succes-du-sommet-dalger-un-consensus-autour-des-projets-de-decisions\\\/#article\",\"isPartOf\":{\"@id\":\"https:\\\/\\\/lasentinelle.dz\\\/index.php\\\/2022\\\/10\\\/29\\\/les-delegations-arabes-confiantes-quant-au-succes-du-sommet-dalger-un-consensus-autour-des-projets-de-decisions\\\/\"},\"author\":{\"name\":\"La Sentinelle\",\"@id\":\"https:\\\/\\\/lasentinelle.dz\\\/#\\\/schema\\\/person\\\/d865044e22e70a75174ce8bcad3acfb3\"},\"headline\":\"Les d\u00e9l\u00e9gations arabes confiantes quant au succ\u00e8s du Sommet d\u2019Alger\u00a0: Un\u00a0consensus autour des projets de d\u00e9cisions\",\"datePublished\":\"2022-10-29T21:05:00+00:00\",\"mainEntityOfPage\":{\"@id\":\"https:\\\/\\\/lasentinelle.dz\\\/index.php\\\/2022\\\/10\\\/29\\\/les-delegations-arabes-confiantes-quant-au-succes-du-sommet-dalger-un-consensus-autour-des-projets-de-decisions\\\/\"},\"wordCount\":713,\"commentCount\":0,\"publisher\":{\"@id\":\"https:\\\/\\\/lasentinelle.dz\\\/#organization\"},\"image\":{\"@id\":\"https:\\\/\\\/lasentinelle.dz\\\/index.php\\\/2022\\\/10\\\/29\\\/les-delegations-arabes-confiantes-quant-au-succes-du-sommet-dalger-un-consensus-autour-des-projets-de-decisions\\\/#primaryimage\"},\"thumbnailUrl\":\"https:\\\/\\\/lasentinelle.dz\\\/wp-content\\\/uploads\\\/2022\\\/10\\\/image_2022-10-29_211251739.png\",\"articleSection\":[\"Actualit\u00e9\"],\"inLanguage\":\"fr-FR\",\"potentialAction\":[{\"@type\":\"CommentAction\",\"name\":\"Comment\",\"target\":[\"https:\\\/\\\/lasentinelle.dz\\\/index.php\\\/2022\\\/10\\\/29\\\/les-delegations-arabes-confiantes-quant-au-succes-du-sommet-dalger-un-consensus-autour-des-projets-de-decisions\\\/#respond\"]}]},{\"@type\":\"WebPage\",\"@id\":\"https:\\\/\\\/lasentinelle.dz\\\/index.php\\\/2022\\\/10\\\/29\\\/les-delegations-arabes-confiantes-quant-au-succes-du-sommet-dalger-un-consensus-autour-des-projets-de-decisions\\\/\",\"url\":\"https:\\\/\\\/lasentinelle.dz\\\/index.php\\\/2022\\\/10\\\/29\\\/les-delegations-arabes-confiantes-quant-au-succes-du-sommet-dalger-un-consensus-autour-des-projets-de-decisions\\\/\",\"name\":\"Les d\u00e9l\u00e9gations arabes confiantes quant au succ\u00e8s du Sommet d\u2019Alger\u00a0: Un\u00a0consensus autour des projets de d\u00e9cisions - La Sentinelle\",\"isPartOf\":{\"@id\":\"https:\\\/\\\/lasentinelle.dz\\\/#website\"},\"primaryImageOfPage\":{\"@id\":\"https:\\\/\\\/lasentinelle.dz\\\/index.php\\\/2022\\\/10\\\/29\\\/les-delegations-arabes-confiantes-quant-au-succes-du-sommet-dalger-un-consensus-autour-des-projets-de-decisions\\\/#primaryimage\"},\"image\":{\"@id\":\"https:\\\/\\\/lasentinelle.dz\\\/index.php\\\/2022\\\/10\\\/29\\\/les-delegations-arabes-confiantes-quant-au-succes-du-sommet-dalger-un-consensus-autour-des-projets-de-decisions\\\/#primaryimage\"},\"thumbnailUrl\":\"https:\\\/\\\/lasentinelle.dz\\\/wp-content\\\/uploads\\\/2022\\\/10\\\/image_2022-10-29_211251739.png\",\"datePublished\":\"2022-10-29T21:05:00+00:00\",\"breadcrumb\":{\"@id\":\"https:\\\/\\\/lasentinelle.dz\\\/index.php\\\/2022\\\/10\\\/29\\\/les-delegations-arabes-confiantes-quant-au-succes-du-sommet-dalger-un-consensus-autour-des-projets-de-decisions\\\/#breadcrumb\"},\"inLanguage\":\"fr-FR\",\"potentialAction\":[{\"@type\":\"ReadAction\",\"target\":[\"https:\\\/\\\/lasentinelle.dz\\\/index.php\\\/2022\\\/10\\\/29\\\/les-delegations-arabes-confiantes-quant-au-succes-du-sommet-dalger-un-consensus-autour-des-projets-de-decisions\\\/\"]}]},{\"@type\":\"ImageObject\",\"inLanguage\":\"fr-FR\",\"@id\":\"https:\\\/\\\/lasentinelle.dz\\\/index.php\\\/2022\\\/10\\\/29\\\/les-delegations-arabes-confiantes-quant-au-succes-du-sommet-dalger-un-consensus-autour-des-projets-de-decisions\\\/#primaryimage\",\"url\":\"https:\\\/\\\/lasentinelle.dz\\\/wp-content\\\/uploads\\\/2022\\\/10\\\/image_2022-10-29_211251739.png\",\"contentUrl\":\"https:\\\/\\\/lasentinelle.dz\\\/wp-content\\\/uploads\\\/2022\\\/10\\\/image_2022-10-29_211251739.png\",\"width\":2048,\"height\":1536},{\"@type\":\"BreadcrumbList\",\"@id\":\"https:\\\/\\\/lasentinelle.dz\\\/index.php\\\/2022\\\/10\\\/29\\\/les-delegations-arabes-confiantes-quant-au-succes-du-sommet-dalger-un-consensus-autour-des-projets-de-decisions\\\/#breadcrumb\",\"itemListElement\":[{\"@type\":\"ListItem\",\"position\":1,\"name\":\"Accueil\",\"item\":\"https:\\\/\\\/lasentinelle.dz\\\/\"},{\"@type\":\"ListItem\",\"position\":2,\"name\":\"Les d\u00e9l\u00e9gations arabes confiantes quant au succ\u00e8s du Sommet d\u2019Alger\u00a0: Un\u00a0consensus autour des projets de d\u00e9cisions\"}]},{\"@type\":\"WebSite\",\"@id\":\"https:\\\/\\\/lasentinelle.dz\\\/#website\",\"url\":\"https:\\\/\\\/lasentinelle.dz\\\/\",\"name\":\"La Sentinelle\",\"description\":\"Quotidien national d&#039;information\",\"publisher\":{\"@id\":\"https:\\\/\\\/lasentinelle.dz\\\/#organization\"},\"potentialAction\":[{\"@type\":\"SearchAction\",\"target\":{\"@type\":\"EntryPoint\",\"urlTemplate\":\"https:\\\/\\\/lasentinelle.dz\\\/?s={search_term_string}\"},\"query-input\":{\"@type\":\"PropertyValueSpecification\",\"valueRequired\":true,\"valueName\":\"search_term_string\"}}],\"inLanguage\":\"fr-FR\"},{\"@type\":\"Organization\",\"@id\":\"https:\\\/\\\/lasentinelle.dz\\\/#organization\",\"name\":\"Quotidien La Sentinelle\",\"url\":\"https:\\\/\\\/lasentinelle.dz\\\/\",\"logo\":{\"@type\":\"ImageObject\",\"inLanguage\":\"fr-FR\",\"@id\":\"https:\\\/\\\/lasentinelle.dz\\\/#\\\/schema\\\/logo\\\/image\\\/\",\"url\":\"https:\\\/\\\/lasentinelle.dz\\\/wp-content\\\/uploads\\\/2021\\\/09\\\/logo-sentinelleSLOGAN-1.png\",\"contentUrl\":\"https:\\\/\\\/lasentinelle.dz\\\/wp-content\\\/uploads\\\/2021\\\/09\\\/logo-sentinelleSLOGAN-1.png\",\"width\":615,\"height\":142,\"caption\":\"Quotidien La Sentinelle\"},\"image\":{\"@id\":\"https:\\\/\\\/lasentinelle.dz\\\/#\\\/schema\\\/logo\\\/image\\\/\"},\"sameAs\":[\"https:\\\/\\\/www.facebook.com\\\/La-Sentinelle-104059864394773\"]},{\"@type\":\"Person\",\"@id\":\"https:\\\/\\\/lasentinelle.dz\\\/#\\\/schema\\\/person\\\/d865044e22e70a75174ce8bcad3acfb3\",\"name\":\"La Sentinelle\",\"image\":{\"@type\":\"ImageObject\",\"inLanguage\":\"fr-FR\",\"@id\":\"https:\\\/\\\/secure.gravatar.com\\\/avatar\\\/57de8e5d4b15d43fb361a71fbb36338450fe67865b528a43dd10ef7c51a20392?s=96&d=mm&r=g\",\"url\":\"https:\\\/\\\/secure.gravatar.com\\\/avatar\\\/57de8e5d4b15d43fb361a71fbb36338450fe67865b528a43dd10ef7c51a20392?s=96&d=mm&r=g\",\"contentUrl\":\"https:\\\/\\\/secure.gravatar.com\\\/avatar\\\/57de8e5d4b15d43fb361a71fbb36338450fe67865b528a43dd10ef7c51a20392?s=96&d=mm&r=g\",\"caption\":\"La Sentinelle\"},\"sameAs\":[\"http:\\\/\\\/www.lasentinelle.dz\"],\"url\":\"https:\\\/\\\/lasentinelle.dz\\\/author\\\/redaction\\\/\"}]}<\/script>\n<!-- \/ Yoast SEO plugin. -->","yoast_head_json":{"title":"Les d\u00e9l\u00e9gations arabes confiantes quant au succ\u00e8s du Sommet d\u2019Alger\u00a0: Un\u00a0consensus autour des projets de d\u00e9cisions - La Sentinelle","robots":{"index":"index","follow":"follow","max-snippet":"max-snippet:-1","max-image-preview":"max-image-preview:large","max-video-preview":"max-video-preview:-1"},"canonical":"https:\/\/lasentinelle.dz\/index.php\/2022\/10\/29\/les-delegations-arabes-confiantes-quant-au-succes-du-sommet-dalger-un-consensus-autour-des-projets-de-decisions\/","og_locale":"fr_FR","og_type":"article","og_title":"Les d\u00e9l\u00e9gations arabes confiantes quant au succ\u00e8s du Sommet d\u2019Alger\u00a0: Un\u00a0consensus autour des projets de d\u00e9cisions - La Sentinelle","og_description":"Les participants aux r\u00e9unions pr\u00e9paratoires du Sommet arabe d\u2019Alger se sont tous dits confiants quant au succ\u00e8s assur\u00e9 de ce","og_url":"https:\/\/lasentinelle.dz\/index.php\/2022\/10\/29\/les-delegations-arabes-confiantes-quant-au-succes-du-sommet-dalger-un-consensus-autour-des-projets-de-decisions\/","og_site_name":"La Sentinelle","article_publisher":"https:\/\/www.facebook.com\/La-Sentinelle-104059864394773","article_published_time":"2022-10-29T21:05:00+00:00","og_image":[{"width":1024,"height":768,"url":"https:\/\/lasentinelle.dz\/wp-content\/uploads\/2022\/10\/image_2022-10-29_211251739-1024x768.png","type":"image\/png"}],"author":"La Sentinelle","twitter_card":"summary_large_image","twitter_misc":{"\u00c9crit par":"La Sentinelle","Dur\u00e9e de lecture estim\u00e9e":"3 minutes"},"schema":{"@context":"https:\/\/schema.org","@graph":[{"@type":"Article","@id":"https:\/\/lasentinelle.dz\/index.php\/2022\/10\/29\/les-delegations-arabes-confiantes-quant-au-succes-du-sommet-dalger-un-consensus-autour-des-projets-de-decisions\/#article","isPartOf":{"@id":"https:\/\/lasentinelle.dz\/index.php\/2022\/10\/29\/les-delegations-arabes-confiantes-quant-au-succes-du-sommet-dalger-un-consensus-autour-des-projets-de-decisions\/"},"author":{"name":"La Sentinelle","@id":"https:\/\/lasentinelle.dz\/#\/schema\/person\/d865044e22e70a75174ce8bcad3acfb3"},"headline":"Les d\u00e9l\u00e9gations arabes confiantes quant au succ\u00e8s du Sommet d\u2019Alger\u00a0: Un\u00a0consensus autour des projets de d\u00e9cisions","datePublished":"2022-10-29T21:05:00+00:00","mainEntityOfPage":{"@id":"https:\/\/lasentinelle.dz\/index.php\/2022\/10\/29\/les-delegations-arabes-confiantes-quant-au-succes-du-sommet-dalger-un-consensus-autour-des-projets-de-decisions\/"},"wordCount":713,"commentCount":0,"publisher":{"@id":"https:\/\/lasentinelle.dz\/#organization"},"image":{"@id":"https:\/\/lasentinelle.dz\/index.php\/2022\/10\/29\/les-delegations-arabes-confiantes-quant-au-succes-du-sommet-dalger-un-consensus-autour-des-projets-de-decisions\/#primaryimage"},"thumbnailUrl":"https:\/\/lasentinelle.dz\/wp-content\/uploads\/2022\/10\/image_2022-10-29_211251739.png","articleSection":["Actualit\u00e9"],"inLanguage":"fr-FR","potentialAction":[{"@type":"CommentAction","name":"Comment","target":["https:\/\/lasentinelle.dz\/index.php\/2022\/10\/29\/les-delegations-arabes-confiantes-quant-au-succes-du-sommet-dalger-un-consensus-autour-des-projets-de-decisions\/#respond"]}]},{"@type":"WebPage","@id":"https:\/\/lasentinelle.dz\/index.php\/2022\/10\/29\/les-delegations-arabes-confiantes-quant-au-succes-du-sommet-dalger-un-consensus-autour-des-projets-de-decisions\/","url":"https:\/\/lasentinelle.dz\/index.php\/2022\/10\/29\/les-delegations-arabes-confiantes-quant-au-succes-du-sommet-dalger-un-consensus-autour-des-projets-de-decisions\/","name":"Les d\u00e9l\u00e9gations arabes confiantes quant au succ\u00e8s du Sommet d\u2019Alger\u00a0: Un\u00a0consensus autour des projets de d\u00e9cisions - La Sentinelle","isPartOf":{"@id":"https:\/\/lasentinelle.dz\/#website"},"primaryImageOfPage":{"@id":"https:\/\/lasentinelle.dz\/index.php\/2022\/10\/29\/les-delegations-arabes-confiantes-quant-au-succes-du-sommet-dalger-un-consensus-autour-des-projets-de-decisions\/#primaryimage"},"image":{"@id":"https:\/\/lasentinelle.dz\/index.php\/2022\/10\/29\/les-delegations-arabes-confiantes-quant-au-succes-du-sommet-dalger-un-consensus-autour-des-projets-de-decisions\/#primaryimage"},"thumbnailUrl":"https:\/\/lasentinelle.dz\/wp-content\/uploads\/2022\/10\/image_2022-10-29_211251739.png","datePublished":"2022-10-29T21:05:00+00:00","breadcrumb":{"@id":"https:\/\/lasentinelle.dz\/index.php\/2022\/10\/29\/les-delegations-arabes-confiantes-quant-au-succes-du-sommet-dalger-un-consensus-autour-des-projets-de-decisions\/#breadcrumb"},"inLanguage":"fr-FR","potentialAction":[{"@type":"ReadAction","target":["https:\/\/lasentinelle.dz\/index.php\/2022\/10\/29\/les-delegations-arabes-confiantes-quant-au-succes-du-sommet-dalger-un-consensus-autour-des-projets-de-decisions\/"]}]},{"@type":"ImageObject","inLanguage":"fr-FR","@id":"https:\/\/lasentinelle.dz\/index.php\/2022\/10\/29\/les-delegations-arabes-confiantes-quant-au-succes-du-sommet-dalger-un-consensus-autour-des-projets-de-decisions\/#primaryimage","url":"https:\/\/lasentinelle.dz\/wp-content\/uploads\/2022\/10\/image_2022-10-29_211251739.png","contentUrl":"https:\/\/lasentinelle.dz\/wp-content\/uploads\/2022\/10\/image_2022-10-29_211251739.png","width":2048,"height":1536},{"@type":"BreadcrumbList","@id":"https:\/\/lasentinelle.dz\/index.php\/2022\/10\/29\/les-delegations-arabes-confiantes-quant-au-succes-du-sommet-dalger-un-consensus-autour-des-projets-de-decisions\/#breadcrumb","itemListElement":[{"@type":"ListItem","position":1,"name":"Accueil","item":"https:\/\/lasentinelle.dz\/"},{"@type":"ListItem","position":2,"name":"Les d\u00e9l\u00e9gations arabes confiantes quant au succ\u00e8s du Sommet d\u2019Alger\u00a0: Un\u00a0consensus autour des projets de d\u00e9cisions"}]},{"@type":"WebSite","@id":"https:\/\/lasentinelle.dz\/#website","url":"https:\/\/lasentinelle.dz\/","name":"La Sentinelle","description":"Quotidien national d&#039;information","publisher":{"@id":"https:\/\/lasentinelle.dz\/#organization"},"potentialAction":[{"@type":"SearchAction","target":{"@type":"EntryPoint","urlTemplate":"https:\/\/lasentinelle.dz\/?s={search_term_string}"},"query-input":{"@type":"PropertyValueSpecification","valueRequired":true,"valueName":"search_term_string"}}],"inLanguage":"fr-FR"},{"@type":"Organization","@id":"https:\/\/lasentinelle.dz\/#organization","name":"Quotidien La Sentinelle","url":"https:\/\/lasentinelle.dz\/","logo":{"@type":"ImageObject","inLanguage":"fr-FR","@id":"https:\/\/lasentinelle.dz\/#\/schema\/logo\/image\/","url":"https:\/\/lasentinelle.dz\/wp-content\/uploads\/2021\/09\/logo-sentinelleSLOGAN-1.png","contentUrl":"https:\/\/lasentinelle.dz\/wp-content\/uploads\/2021\/09\/logo-sentinelleSLOGAN-1.png","width":615,"height":142,"caption":"Quotidien La Sentinelle"},"image":{"@id":"https:\/\/lasentinelle.dz\/#\/schema\/logo\/image\/"},"sameAs":["https:\/\/www.facebook.com\/La-Sentinelle-104059864394773"]},{"@type":"Person","@id":"https:\/\/lasentinelle.dz\/#\/schema\/person\/d865044e22e70a75174ce8bcad3acfb3","name":"La Sentinelle","image":{"@type":"ImageObject","inLanguage":"fr-FR","@id":"https:\/\/secure.gravatar.com\/avatar\/57de8e5d4b15d43fb361a71fbb36338450fe67865b528a43dd10ef7c51a20392?s=96&d=mm&r=g","url":"https:\/\/secure.gravatar.com\/avatar\/57de8e5d4b15d43fb361a71fbb36338450fe67865b528a43dd10ef7c51a20392?s=96&d=mm&r=g","contentUrl":"https:\/\/secure.gravatar.com\/avatar\/57de8e5d4b15d43fb361a71fbb36338450fe67865b528a43dd10ef7c51a20392?s=96&d=mm&r=g","caption":"La Sentinelle"},"sameAs":["http:\/\/www.lasentinelle.dz"],"url":"https:\/\/lasentinelle.dz\/author\/redaction\/"}]}},"_links":{"self":[{"href":"https:\/\/lasentinelle.dz\/index.php\/wp-json\/wp\/v2\/posts\/29788","targetHints":{"allow":["GET"]}}],"collection":[{"href":"https:\/\/lasentinelle.dz\/index.php\/wp-json\/wp\/v2\/posts"}],"about":[{"href":"https:\/\/lasentinelle.dz\/index.php\/wp-json\/wp\/v2\/types\/post"}],"author":[{"embeddable":true,"href":"https:\/\/lasentinelle.dz\/index.php\/wp-json\/wp\/v2\/users\/3"}],"replies":[{"embeddable":true,"href":"https:\/\/lasentinelle.dz\/index.php\/wp-json\/wp\/v2\/comments?post=29788"}],"version-history":[{"count":1,"href":"https:\/\/lasentinelle.dz\/index.php\/wp-json\/wp\/v2\/posts\/29788\/revisions"}],"predecessor-version":[{"id":29796,"href":"https:\/\/lasentinelle.dz\/index.php\/wp-json\/wp\/v2\/posts\/29788\/revisions\/29796"}],"wp:featuredmedia":[{"embeddable":true,"href":"https:\/\/lasentinelle.dz\/index.php\/wp-json\/wp\/v2\/media\/29795"}],"wp:attachment":[{"href":"https:\/\/lasentinelle.dz\/index.php\/wp-json\/wp\/v2\/media?parent=29788"}],"wp:term":[{"taxonomy":"category","embeddable":true,"href":"https:\/\/lasentinelle.dz\/index.php\/wp-json\/wp\/v2\/categories?post=29788"},{"taxonomy":"post_tag","embeddable":true,"href":"https:\/\/lasentinelle.dz\/index.php\/wp-json\/wp\/v2\/tags?post=29788"}],"curies":[{"name":"wp","href":"https:\/\/api.w.org\/{rel}","templated":true}]}}