{"id":29792,"date":"2022-10-29T22:08:00","date_gmt":"2022-10-29T21:08:00","guid":{"rendered":"https:\/\/lasentinelle.dz\/?p=29792"},"modified":"2022-10-29T21:13:01","modified_gmt":"2022-10-29T20:13:01","slug":"ouverture-de-la-reunion-des-ministres-des-affaires-etrangeres-de-la-ligue-arabe-amorcer-un-nouveau-depart-a-laction-arabe-commune","status":"publish","type":"post","link":"https:\/\/lasentinelle.dz\/index.php\/2022\/10\/29\/ouverture-de-la-reunion-des-ministres-des-affaires-etrangeres-de-la-ligue-arabe-amorcer-un-nouveau-depart-a-laction-arabe-commune\/","title":{"rendered":"Ouverture de la r\u00e9union des ministres des Affaires \u00e9trang\u00e8res de la Ligue arabe\u00a0: \u00ab\u00a0Amorcer un nouveau d\u00e9part \u00e0 l&rsquo;action arabe commune\u00a0\u00bb"},"content":{"rendered":"\n<p>Le conflit en Ukraine a amorc\u00e9 une \u00e8re de transformations qui impose de nouveaux d\u00e9fis au monde arabe, et plus largement au monde musulman ainsi qu\u2019\u00e0 l\u2019Afrique. Multiplication des conflits et des crises politique et les menaces sur la s\u00e9curit\u00e9 alimentaire ne sont que quelques-unes des facettes de ces d\u00e9fis, lesquels imposent unit\u00e9 et coordination accrue pour y faire face.<\/p>\n\n\n\n<p>Des d\u00e9fis qui seront d\u2019ailleurs au c\u0153ur du 31<sup>e<\/sup> sommet arabe qui doit s\u2019ouvrir mardi \u00e0 Alger.D\u2019ailleurs, aussi bien le Secr\u00e9taire g\u00e9n\u00e9ral de la Ligue arabe, Ahmed Abou El-Ghaith que le ministre des Affaires \u00e9trang\u00e8res et de la Communaut\u00e9 nationale \u00e0 l\u2019\u00e9tranger, Ramtane Lamamra ont insist\u00e9 hier, \u00e0 l\u2019ouverture de la r\u00e9union des ministres des Affaires \u00e9trang\u00e8res qui pr\u00e9c\u00e8de le Sommet des chefs d\u2019\u00c9tats sur ces d\u00e9fis et sur la n\u00e9cessit\u00e9 d\u2019une action commune consolid\u00e9e pour y faire face.<\/p>\n\n\n\n<p>Ramtane Lamamra a ainsi soulign\u00e9 toute l\u2019importance du Sommet d\u2019Alger qui se tient apr\u00e8s trois ann\u00e9es de pause en raison de la pand\u00e9mie. Un sommet qui se tient aussi dans un contexte particulier marqu\u00e9 par la guerre en Ukraine laquelle impose de nouveaux d\u00e9fis.<\/p>\n\n\n\n<p>Le MAE a ainsi soulign\u00e9 les dimensions de la crise en Ukraine que ce soit sur les plans s\u00e9curitaire, politique et \u00e9conomique, rappelant que cette crise a \u00ab&nbsp;engendr\u00e9 une situation annonciatrice de r\u00e9percussions majeures sur le syst\u00e8me international, y compris dans la r\u00e9gion arabe&nbsp;\u00bb. Et d\u2019ajouter que \u00ab&nbsp;ces situations exceptionnelles risquent d&rsquo;aggraver les d\u00e9fis communs auxquels fait face la r\u00e9gion arabe&nbsp;\u00bb. C\u2019est en ce sens que le chef de la diplomatie alg\u00e9rienne a mis en avant l\u2019imp\u00e9ratif de \u00ab&nbsp;multiplier les efforts en agissant dans le cadre d&rsquo;un groupe coh\u00e9rent et unifi\u00e9 tenant en ligne de compte le principe de l&rsquo;unit\u00e9 du destin et les valeurs et engagements sous tendus, tout en \u0153uvrant \u00e0 valoriser les constantes de son int\u00e9gration et de sa renaissance en tant que Nation&nbsp;\u00bb pour faire face \u00e0 la conjoncture actuelle. Le Sommet d\u2019Alger constitue en ce sens l\u2019opportunit\u00e9 de resserrer les rangs, de consolider l\u2019action commune et renforcer l\u2019int\u00e9gration afin de faire bloc face \u00e0 ces d\u00e9fis.<\/p>\n\n\n\n<p>\u00ab&nbsp;Nous fondons beaucoup d&rsquo;espoirs sur la contribution de tout un chacun lors du Sommet d&rsquo;Alger pour amorcer un nouveau d\u00e9part \u00e0 l&rsquo;action arabe commune suivant une d\u00e9marche qui puisse transcender les approches traditionnelles pour r\u00e9pondre aux exigences du pr\u00e9sent, et nous permettre, collectivement, d&rsquo;esquisser les contours d&rsquo;un avenir meilleur pour nos peuples et nos pays&nbsp;\u00bb, a soulign\u00e9, en ce sens le ministre.<\/p>\n\n\n\n<p>D\u2019autant que les d\u00e9fis et les menaces auxquels le monde arabe doit faire face. Et au-del\u00e0 de la nouvelle r\u00e9alit\u00e9 g\u00e9opolitique et \u00e9conomique qu\u2019il devra prendre en compte, le monde arabe se doit de faire face \u00e0 des menaces n\u00e9es de la multiplication des conflits, lesquels sont d\u2019ailleurs devenus des facteurs de division et qui portent un coup \u00e0 l\u2019action arabe commune.<\/p>\n\n\n\n<p>Les d\u00e9veloppements dans le monde, aussi complexes soient-ils, \u00ab\u00a0ne doivent pas d\u00e9tourner notre attention des pr\u00e9occupations de notre nation arabe\u00a0\u00bb, a soulign\u00e9 Lamamra.<\/p>\n\n\n\n<p><strong>Palestine, Libye, Y\u00e9men, Syrie et Liban<\/strong><\/p>\n\n\n\n<p>Il indique ainsi que \u00ab\u00a0la situation difficile par laquelle passent nos fr\u00e8res en Libye, en Syrie, au Y\u00e9men, en Somalie, au Soudan mais \u00e9galement au Liban, nous interpelle plus que jamais en vue de rattraper les efforts manqu\u00e9s\u00a0\u00bb.<\/p>\n\n\n\n<p>Or, c\u2019est la question palestinienne qui sera au c\u0153ur du Sommet Alger, au regard de l\u2019escalade de la violence sans pr\u00e9c\u00e9dent de la violence sioniste en Palestine occup\u00e9e, sur fond d\u2019acc\u00e9l\u00e9ration de la normalisation de certains pays arabes avec l\u2019entit\u00e9 sioniste \u00e0 la faveur des accords d\u2019Abraham. La relance de l\u2019initiative arabe de paix s\u2019impose ainsi comme une n\u00e9cessit\u00e9 pour faire face \u00e0 la politique du fait accompli impos\u00e9e par l\u2019occupant et favorisant une solution \u00e0 deux \u00c9tats au conflit. Le ministre des Affaires \u00e9trang\u00e8res et de la Communaut\u00e9 nationale \u00e0 l\u2019\u00e9tranger a ainsi soulign\u00e9 l\u2019importance de \u00ab&nbsp;la cause palestinienne, qui traverse aujourd&rsquo;hui une de ses plus difficiles \u00e9tapes, une phase marqu\u00e9e par un processus politique \u00e0 l&rsquo;arr\u00eat, et un occupant qui persiste dans sa politique du fait accompli&nbsp;\u00bb.Le chef de la diplomatie alg\u00e9rienne a salu\u00e9, \u00e0 cette occasion, \u00ab\u00a0les fr\u00e8res palestiniens pour leur adh\u00e9sion \u00e0 l&rsquo;initiative de r\u00e9conciliation lanc\u00e9e par le pr\u00e9sident de la R\u00e9publique, M. Abdelmadjid Tebboune, au d\u00e9but de cette ann\u00e9e, en coordination avec son fr\u00e8re, le Pr\u00e9sident M. Mahmoud Abbas,&nbsp; une d\u00e9marche couronn\u00e9e par la signature de la +D\u00e9claration d&rsquo;Alger+ sanctionnant la Conf\u00e9rence d&rsquo;unification des rangs palestiniens pour l&rsquo;unit\u00e9 nationale palestinienne, tenue le 13 de ce mois&nbsp;\u00bb. \u00ab&nbsp;Nous esp\u00e9rons, sur la base de cette plateforme, pouvoir travailler de concert pour parvenir \u00e0 un consensus plus large qui puisse aboutir \u00e0 l&rsquo;unification des pays arabes, au resserrement de leurs rangs et la conjugaison de leurs efforts, afin de r\u00e9soudre les crises aigu\u00ebs que traverse notre r\u00e9gion arabe, devenue le th\u00e9\u00e2tre de conflits entre de nombreuses puissances \u00e9trang\u00e8res\u00a0\u00bb, poursuit M. Lamamra.Le chef de la diplomatie alg\u00e9rienne a \u00e9voqu\u00e9 en outre le \u00ab\u00a0renforcement de la coop\u00e9ration avec les pays arabes fr\u00e8res qui souffrent de difficult\u00e9s conjoncturelles\u00a0\u00bb, affichant, par la m\u00eame, ses expressions de sympathie pour les fr\u00e8res en Somalie, suite au l\u00e2che acte terroriste perp\u00e9tr\u00e9 ce samedi dans ce pays fr\u00e8re.De m\u00eame qu\u2019il a soulign\u00e9 la n\u00e9cessit\u00e9 d&rsquo;apporter aide et assistance \u00e0 ces pays qui p\u00e2tissent de difficult\u00e9s conjoncturelles aussi bien \u00e9conomiques, que politiques ou s\u00e9curitaires. Ramtane Lamamra a ainsi appel\u00e9 \u00e0 faire pr\u00e9valoir les principes de bon voisinage et de non-ing\u00e9rence dans les affaires internes des pays, tout en appelant au respect de leur souverainet\u00e9, de leur ind\u00e9pendance et de leur int\u00e9grit\u00e9 territoriale.<\/p>\n\n\n\n<p>Il a r\u00e9it\u00e9r\u00e9l&rsquo;appel de l&rsquo;Alg\u00e9rie \u00e0 mettre en application ces principes fondamentaux dans le cadre de \u00ab\u00a0la structuration des relations avec les pays voisins avec lesquels nous partageons l&rsquo;appartenance \u00e0 la civilisation musulmane et, g\u00e9ographiquement, \u00e0 l&rsquo;Afrique\u00a0\u00bb. Pour sa part, Le SG de la Ligue arabe a qualifi\u00e9, par ailleurs, de \u00ab\u00a0critique\u00a0\u00bb la phase que traverse la cause palestinienne, pointant du doigt les pratiques de l&rsquo;occupant qui continue, comme \u00e0 l&rsquo;accoutum\u00e9e, \u00e0 jouer avec le feu en poursuivant sa politique de violence et de r\u00e9pression \u00e0 l&rsquo;encontre des Palestiniens dans les territoires occup\u00e9s.Ces pratiques risquent de torpiller l&rsquo;accord d&rsquo;Oslo et saper tout effort en faveur de la solution \u00e0 deux Etats, a-t-il soulign\u00e9.<\/p>\n\n\n\n<p><strong>Chokri Hafed<\/strong><\/p>\n","protected":false},"excerpt":{"rendered":"<p>Le conflit en Ukraine a amorc\u00e9 une \u00e8re de transformations qui impose de nouveaux d\u00e9fis au monde arabe, et plus<\/p>\n","protected":false},"author":3,"featured_media":29793,"comment_status":"open","ping_status":"closed","sticky":false,"template":"","format":"standard","meta":{"colormag_page_container_layout":"default_layout","colormag_page_sidebar_layout":"default_layout","om_disable_all_campaigns":false,"_monsterinsights_skip_tracking":false,"_monsterinsights_sitenote_active":false,"_monsterinsights_sitenote_note":"","_monsterinsights_sitenote_category":0,"footnotes":"","_wpscppro_dont_share_socialmedia":false,"_wpscppro_custom_social_share_image":0,"_facebook_share_type":"","_twitter_share_type":"","_linkedin_share_type":"","_pinterest_share_type":"","_linkedin_share_type_page":"","_instagram_share_type":"","_medium_share_type":"","_threads_share_type":"","_google_business_share_type":"","_selected_social_profile":[],"_wpsp_enable_custom_social_template":false,"_wpsp_social_scheduling":{"enabled":false,"datetime":null,"platforms":[],"status":"template_only","dateOption":"today","timeOption":"now","customDays":"","customHours":"","customDate":"","customTime":"","schedulingType":"absolute"},"_wpsp_active_default_template":true},"categories":[52,27],"tags":[],"class_list":["post-29792","post","type-post","status-publish","format-standard","has-post-thumbnail","hentry","category-a-la-une","category-actualite"],"aioseo_notices":[],"yoast_head":"<!-- This site is optimized with the Yoast SEO plugin v27.5 - https:\/\/yoast.com\/product\/yoast-seo-wordpress\/ -->\n<title>Ouverture de la r\u00e9union des ministres des Affaires \u00e9trang\u00e8res de la Ligue arabe\u00a0: \u00ab\u00a0Amorcer un nouveau d\u00e9part \u00e0 l&rsquo;action arabe commune\u00a0\u00bb - La Sentinelle<\/title>\n<meta name=\"robots\" content=\"index, follow, max-snippet:-1, max-image-preview:large, max-video-preview:-1\" \/>\n<link rel=\"canonical\" href=\"https:\/\/lasentinelle.dz\/index.php\/2022\/10\/29\/ouverture-de-la-reunion-des-ministres-des-affaires-etrangeres-de-la-ligue-arabe-amorcer-un-nouveau-depart-a-laction-arabe-commune\/\" \/>\n<meta property=\"og:locale\" content=\"fr_FR\" \/>\n<meta property=\"og:type\" content=\"article\" \/>\n<meta property=\"og:title\" content=\"Ouverture de la r\u00e9union des ministres des Affaires \u00e9trang\u00e8res de la Ligue arabe\u00a0: \u00ab\u00a0Amorcer un nouveau d\u00e9part \u00e0 l&rsquo;action arabe commune\u00a0\u00bb - La Sentinelle\" \/>\n<meta property=\"og:description\" content=\"Le conflit en Ukraine a amorc\u00e9 une \u00e8re de transformations qui impose de nouveaux d\u00e9fis au monde arabe, et plus\" \/>\n<meta property=\"og:url\" content=\"https:\/\/lasentinelle.dz\/index.php\/2022\/10\/29\/ouverture-de-la-reunion-des-ministres-des-affaires-etrangeres-de-la-ligue-arabe-amorcer-un-nouveau-depart-a-laction-arabe-commune\/\" \/>\n<meta property=\"og:site_name\" content=\"La Sentinelle\" \/>\n<meta property=\"article:publisher\" content=\"https:\/\/www.facebook.com\/La-Sentinelle-104059864394773\" \/>\n<meta property=\"article:published_time\" content=\"2022-10-29T21:08:00+00:00\" \/>\n<meta property=\"og:image\" content=\"https:\/\/lasentinelle.dz\/wp-content\/uploads\/2022\/10\/CESA-1.png\" \/>\n\t<meta property=\"og:image:width\" content=\"1200\" \/>\n\t<meta property=\"og:image:height\" content=\"900\" \/>\n\t<meta property=\"og:image:type\" content=\"image\/png\" \/>\n<meta name=\"author\" content=\"La Sentinelle\" \/>\n<meta name=\"twitter:card\" content=\"summary_large_image\" \/>\n<meta name=\"twitter:label1\" content=\"\u00c9crit par\" \/>\n\t<meta name=\"twitter:data1\" content=\"La Sentinelle\" \/>\n\t<meta name=\"twitter:label2\" content=\"Dur\u00e9e de lecture estim\u00e9e\" \/>\n\t<meta name=\"twitter:data2\" content=\"6 minutes\" \/>\n<script type=\"application\/ld+json\" class=\"yoast-schema-graph\">{\"@context\":\"https:\\\/\\\/schema.org\",\"@graph\":[{\"@type\":\"Article\",\"@id\":\"https:\\\/\\\/lasentinelle.dz\\\/index.php\\\/2022\\\/10\\\/29\\\/ouverture-de-la-reunion-des-ministres-des-affaires-etrangeres-de-la-ligue-arabe-amorcer-un-nouveau-depart-a-laction-arabe-commune\\\/#article\",\"isPartOf\":{\"@id\":\"https:\\\/\\\/lasentinelle.dz\\\/index.php\\\/2022\\\/10\\\/29\\\/ouverture-de-la-reunion-des-ministres-des-affaires-etrangeres-de-la-ligue-arabe-amorcer-un-nouveau-depart-a-laction-arabe-commune\\\/\"},\"author\":{\"name\":\"La Sentinelle\",\"@id\":\"https:\\\/\\\/lasentinelle.dz\\\/#\\\/schema\\\/person\\\/d865044e22e70a75174ce8bcad3acfb3\"},\"headline\":\"Ouverture de la r\u00e9union des ministres des Affaires \u00e9trang\u00e8res de la Ligue arabe\u00a0: \u00ab\u00a0Amorcer un nouveau d\u00e9part \u00e0 l&rsquo;action arabe commune\u00a0\u00bb\",\"datePublished\":\"2022-10-29T21:08:00+00:00\",\"mainEntityOfPage\":{\"@id\":\"https:\\\/\\\/lasentinelle.dz\\\/index.php\\\/2022\\\/10\\\/29\\\/ouverture-de-la-reunion-des-ministres-des-affaires-etrangeres-de-la-ligue-arabe-amorcer-un-nouveau-depart-a-laction-arabe-commune\\\/\"},\"wordCount\":1202,\"commentCount\":0,\"publisher\":{\"@id\":\"https:\\\/\\\/lasentinelle.dz\\\/#organization\"},\"image\":{\"@id\":\"https:\\\/\\\/lasentinelle.dz\\\/index.php\\\/2022\\\/10\\\/29\\\/ouverture-de-la-reunion-des-ministres-des-affaires-etrangeres-de-la-ligue-arabe-amorcer-un-nouveau-depart-a-laction-arabe-commune\\\/#primaryimage\"},\"thumbnailUrl\":\"https:\\\/\\\/lasentinelle.dz\\\/wp-content\\\/uploads\\\/2022\\\/10\\\/CESA-1.png\",\"articleSection\":[\"\u00c0 la Une\",\"Actualit\u00e9\"],\"inLanguage\":\"fr-FR\",\"potentialAction\":[{\"@type\":\"CommentAction\",\"name\":\"Comment\",\"target\":[\"https:\\\/\\\/lasentinelle.dz\\\/index.php\\\/2022\\\/10\\\/29\\\/ouverture-de-la-reunion-des-ministres-des-affaires-etrangeres-de-la-ligue-arabe-amorcer-un-nouveau-depart-a-laction-arabe-commune\\\/#respond\"]}]},{\"@type\":\"WebPage\",\"@id\":\"https:\\\/\\\/lasentinelle.dz\\\/index.php\\\/2022\\\/10\\\/29\\\/ouverture-de-la-reunion-des-ministres-des-affaires-etrangeres-de-la-ligue-arabe-amorcer-un-nouveau-depart-a-laction-arabe-commune\\\/\",\"url\":\"https:\\\/\\\/lasentinelle.dz\\\/index.php\\\/2022\\\/10\\\/29\\\/ouverture-de-la-reunion-des-ministres-des-affaires-etrangeres-de-la-ligue-arabe-amorcer-un-nouveau-depart-a-laction-arabe-commune\\\/\",\"name\":\"Ouverture de la r\u00e9union des ministres des Affaires \u00e9trang\u00e8res de la Ligue arabe\u00a0: \u00ab\u00a0Amorcer un nouveau d\u00e9part \u00e0 l&rsquo;action arabe commune\u00a0\u00bb - La Sentinelle\",\"isPartOf\":{\"@id\":\"https:\\\/\\\/lasentinelle.dz\\\/#website\"},\"primaryImageOfPage\":{\"@id\":\"https:\\\/\\\/lasentinelle.dz\\\/index.php\\\/2022\\\/10\\\/29\\\/ouverture-de-la-reunion-des-ministres-des-affaires-etrangeres-de-la-ligue-arabe-amorcer-un-nouveau-depart-a-laction-arabe-commune\\\/#primaryimage\"},\"image\":{\"@id\":\"https:\\\/\\\/lasentinelle.dz\\\/index.php\\\/2022\\\/10\\\/29\\\/ouverture-de-la-reunion-des-ministres-des-affaires-etrangeres-de-la-ligue-arabe-amorcer-un-nouveau-depart-a-laction-arabe-commune\\\/#primaryimage\"},\"thumbnailUrl\":\"https:\\\/\\\/lasentinelle.dz\\\/wp-content\\\/uploads\\\/2022\\\/10\\\/CESA-1.png\",\"datePublished\":\"2022-10-29T21:08:00+00:00\",\"breadcrumb\":{\"@id\":\"https:\\\/\\\/lasentinelle.dz\\\/index.php\\\/2022\\\/10\\\/29\\\/ouverture-de-la-reunion-des-ministres-des-affaires-etrangeres-de-la-ligue-arabe-amorcer-un-nouveau-depart-a-laction-arabe-commune\\\/#breadcrumb\"},\"inLanguage\":\"fr-FR\",\"potentialAction\":[{\"@type\":\"ReadAction\",\"target\":[\"https:\\\/\\\/lasentinelle.dz\\\/index.php\\\/2022\\\/10\\\/29\\\/ouverture-de-la-reunion-des-ministres-des-affaires-etrangeres-de-la-ligue-arabe-amorcer-un-nouveau-depart-a-laction-arabe-commune\\\/\"]}]},{\"@type\":\"ImageObject\",\"inLanguage\":\"fr-FR\",\"@id\":\"https:\\\/\\\/lasentinelle.dz\\\/index.php\\\/2022\\\/10\\\/29\\\/ouverture-de-la-reunion-des-ministres-des-affaires-etrangeres-de-la-ligue-arabe-amorcer-un-nouveau-depart-a-laction-arabe-commune\\\/#primaryimage\",\"url\":\"https:\\\/\\\/lasentinelle.dz\\\/wp-content\\\/uploads\\\/2022\\\/10\\\/CESA-1.png\",\"contentUrl\":\"https:\\\/\\\/lasentinelle.dz\\\/wp-content\\\/uploads\\\/2022\\\/10\\\/CESA-1.png\",\"width\":1200,\"height\":900},{\"@type\":\"BreadcrumbList\",\"@id\":\"https:\\\/\\\/lasentinelle.dz\\\/index.php\\\/2022\\\/10\\\/29\\\/ouverture-de-la-reunion-des-ministres-des-affaires-etrangeres-de-la-ligue-arabe-amorcer-un-nouveau-depart-a-laction-arabe-commune\\\/#breadcrumb\",\"itemListElement\":[{\"@type\":\"ListItem\",\"position\":1,\"name\":\"Accueil\",\"item\":\"https:\\\/\\\/lasentinelle.dz\\\/\"},{\"@type\":\"ListItem\",\"position\":2,\"name\":\"Ouverture de la r\u00e9union des ministres des Affaires \u00e9trang\u00e8res de la Ligue arabe\u00a0: \u00ab\u00a0Amorcer un nouveau d\u00e9part \u00e0 l&rsquo;action arabe commune\u00a0\u00bb\"}]},{\"@type\":\"WebSite\",\"@id\":\"https:\\\/\\\/lasentinelle.dz\\\/#website\",\"url\":\"https:\\\/\\\/lasentinelle.dz\\\/\",\"name\":\"La Sentinelle\",\"description\":\"Quotidien national d&#039;information\",\"publisher\":{\"@id\":\"https:\\\/\\\/lasentinelle.dz\\\/#organization\"},\"potentialAction\":[{\"@type\":\"SearchAction\",\"target\":{\"@type\":\"EntryPoint\",\"urlTemplate\":\"https:\\\/\\\/lasentinelle.dz\\\/?s={search_term_string}\"},\"query-input\":{\"@type\":\"PropertyValueSpecification\",\"valueRequired\":true,\"valueName\":\"search_term_string\"}}],\"inLanguage\":\"fr-FR\"},{\"@type\":\"Organization\",\"@id\":\"https:\\\/\\\/lasentinelle.dz\\\/#organization\",\"name\":\"Quotidien La Sentinelle\",\"url\":\"https:\\\/\\\/lasentinelle.dz\\\/\",\"logo\":{\"@type\":\"ImageObject\",\"inLanguage\":\"fr-FR\",\"@id\":\"https:\\\/\\\/lasentinelle.dz\\\/#\\\/schema\\\/logo\\\/image\\\/\",\"url\":\"https:\\\/\\\/lasentinelle.dz\\\/wp-content\\\/uploads\\\/2021\\\/09\\\/logo-sentinelleSLOGAN-1.png\",\"contentUrl\":\"https:\\\/\\\/lasentinelle.dz\\\/wp-content\\\/uploads\\\/2021\\\/09\\\/logo-sentinelleSLOGAN-1.png\",\"width\":615,\"height\":142,\"caption\":\"Quotidien La Sentinelle\"},\"image\":{\"@id\":\"https:\\\/\\\/lasentinelle.dz\\\/#\\\/schema\\\/logo\\\/image\\\/\"},\"sameAs\":[\"https:\\\/\\\/www.facebook.com\\\/La-Sentinelle-104059864394773\"]},{\"@type\":\"Person\",\"@id\":\"https:\\\/\\\/lasentinelle.dz\\\/#\\\/schema\\\/person\\\/d865044e22e70a75174ce8bcad3acfb3\",\"name\":\"La Sentinelle\",\"image\":{\"@type\":\"ImageObject\",\"inLanguage\":\"fr-FR\",\"@id\":\"https:\\\/\\\/secure.gravatar.com\\\/avatar\\\/57de8e5d4b15d43fb361a71fbb36338450fe67865b528a43dd10ef7c51a20392?s=96&d=mm&r=g\",\"url\":\"https:\\\/\\\/secure.gravatar.com\\\/avatar\\\/57de8e5d4b15d43fb361a71fbb36338450fe67865b528a43dd10ef7c51a20392?s=96&d=mm&r=g\",\"contentUrl\":\"https:\\\/\\\/secure.gravatar.com\\\/avatar\\\/57de8e5d4b15d43fb361a71fbb36338450fe67865b528a43dd10ef7c51a20392?s=96&d=mm&r=g\",\"caption\":\"La Sentinelle\"},\"sameAs\":[\"http:\\\/\\\/www.lasentinelle.dz\"],\"url\":\"https:\\\/\\\/lasentinelle.dz\\\/author\\\/redaction\\\/\"}]}<\/script>\n<!-- \/ Yoast SEO plugin. -->","yoast_head_json":{"title":"Ouverture de la r\u00e9union des ministres des Affaires \u00e9trang\u00e8res de la Ligue arabe\u00a0: \u00ab\u00a0Amorcer un nouveau d\u00e9part \u00e0 l&rsquo;action arabe commune\u00a0\u00bb - La Sentinelle","robots":{"index":"index","follow":"follow","max-snippet":"max-snippet:-1","max-image-preview":"max-image-preview:large","max-video-preview":"max-video-preview:-1"},"canonical":"https:\/\/lasentinelle.dz\/index.php\/2022\/10\/29\/ouverture-de-la-reunion-des-ministres-des-affaires-etrangeres-de-la-ligue-arabe-amorcer-un-nouveau-depart-a-laction-arabe-commune\/","og_locale":"fr_FR","og_type":"article","og_title":"Ouverture de la r\u00e9union des ministres des Affaires \u00e9trang\u00e8res de la Ligue arabe\u00a0: \u00ab\u00a0Amorcer un nouveau d\u00e9part \u00e0 l&rsquo;action arabe commune\u00a0\u00bb - La Sentinelle","og_description":"Le conflit en Ukraine a amorc\u00e9 une \u00e8re de transformations qui impose de nouveaux d\u00e9fis au monde arabe, et plus","og_url":"https:\/\/lasentinelle.dz\/index.php\/2022\/10\/29\/ouverture-de-la-reunion-des-ministres-des-affaires-etrangeres-de-la-ligue-arabe-amorcer-un-nouveau-depart-a-laction-arabe-commune\/","og_site_name":"La Sentinelle","article_publisher":"https:\/\/www.facebook.com\/La-Sentinelle-104059864394773","article_published_time":"2022-10-29T21:08:00+00:00","og_image":[{"width":1200,"height":900,"url":"https:\/\/lasentinelle.dz\/wp-content\/uploads\/2022\/10\/CESA-1.png","type":"image\/png"}],"author":"La Sentinelle","twitter_card":"summary_large_image","twitter_misc":{"\u00c9crit par":"La Sentinelle","Dur\u00e9e de lecture estim\u00e9e":"6 minutes"},"schema":{"@context":"https:\/\/schema.org","@graph":[{"@type":"Article","@id":"https:\/\/lasentinelle.dz\/index.php\/2022\/10\/29\/ouverture-de-la-reunion-des-ministres-des-affaires-etrangeres-de-la-ligue-arabe-amorcer-un-nouveau-depart-a-laction-arabe-commune\/#article","isPartOf":{"@id":"https:\/\/lasentinelle.dz\/index.php\/2022\/10\/29\/ouverture-de-la-reunion-des-ministres-des-affaires-etrangeres-de-la-ligue-arabe-amorcer-un-nouveau-depart-a-laction-arabe-commune\/"},"author":{"name":"La Sentinelle","@id":"https:\/\/lasentinelle.dz\/#\/schema\/person\/d865044e22e70a75174ce8bcad3acfb3"},"headline":"Ouverture de la r\u00e9union des ministres des Affaires \u00e9trang\u00e8res de la Ligue arabe\u00a0: \u00ab\u00a0Amorcer un nouveau d\u00e9part \u00e0 l&rsquo;action arabe commune\u00a0\u00bb","datePublished":"2022-10-29T21:08:00+00:00","mainEntityOfPage":{"@id":"https:\/\/lasentinelle.dz\/index.php\/2022\/10\/29\/ouverture-de-la-reunion-des-ministres-des-affaires-etrangeres-de-la-ligue-arabe-amorcer-un-nouveau-depart-a-laction-arabe-commune\/"},"wordCount":1202,"commentCount":0,"publisher":{"@id":"https:\/\/lasentinelle.dz\/#organization"},"image":{"@id":"https:\/\/lasentinelle.dz\/index.php\/2022\/10\/29\/ouverture-de-la-reunion-des-ministres-des-affaires-etrangeres-de-la-ligue-arabe-amorcer-un-nouveau-depart-a-laction-arabe-commune\/#primaryimage"},"thumbnailUrl":"https:\/\/lasentinelle.dz\/wp-content\/uploads\/2022\/10\/CESA-1.png","articleSection":["\u00c0 la Une","Actualit\u00e9"],"inLanguage":"fr-FR","potentialAction":[{"@type":"CommentAction","name":"Comment","target":["https:\/\/lasentinelle.dz\/index.php\/2022\/10\/29\/ouverture-de-la-reunion-des-ministres-des-affaires-etrangeres-de-la-ligue-arabe-amorcer-un-nouveau-depart-a-laction-arabe-commune\/#respond"]}]},{"@type":"WebPage","@id":"https:\/\/lasentinelle.dz\/index.php\/2022\/10\/29\/ouverture-de-la-reunion-des-ministres-des-affaires-etrangeres-de-la-ligue-arabe-amorcer-un-nouveau-depart-a-laction-arabe-commune\/","url":"https:\/\/lasentinelle.dz\/index.php\/2022\/10\/29\/ouverture-de-la-reunion-des-ministres-des-affaires-etrangeres-de-la-ligue-arabe-amorcer-un-nouveau-depart-a-laction-arabe-commune\/","name":"Ouverture de la r\u00e9union des ministres des Affaires \u00e9trang\u00e8res de la Ligue arabe\u00a0: \u00ab\u00a0Amorcer un nouveau d\u00e9part \u00e0 l&rsquo;action arabe commune\u00a0\u00bb - La Sentinelle","isPartOf":{"@id":"https:\/\/lasentinelle.dz\/#website"},"primaryImageOfPage":{"@id":"https:\/\/lasentinelle.dz\/index.php\/2022\/10\/29\/ouverture-de-la-reunion-des-ministres-des-affaires-etrangeres-de-la-ligue-arabe-amorcer-un-nouveau-depart-a-laction-arabe-commune\/#primaryimage"},"image":{"@id":"https:\/\/lasentinelle.dz\/index.php\/2022\/10\/29\/ouverture-de-la-reunion-des-ministres-des-affaires-etrangeres-de-la-ligue-arabe-amorcer-un-nouveau-depart-a-laction-arabe-commune\/#primaryimage"},"thumbnailUrl":"https:\/\/lasentinelle.dz\/wp-content\/uploads\/2022\/10\/CESA-1.png","datePublished":"2022-10-29T21:08:00+00:00","breadcrumb":{"@id":"https:\/\/lasentinelle.dz\/index.php\/2022\/10\/29\/ouverture-de-la-reunion-des-ministres-des-affaires-etrangeres-de-la-ligue-arabe-amorcer-un-nouveau-depart-a-laction-arabe-commune\/#breadcrumb"},"inLanguage":"fr-FR","potentialAction":[{"@type":"ReadAction","target":["https:\/\/lasentinelle.dz\/index.php\/2022\/10\/29\/ouverture-de-la-reunion-des-ministres-des-affaires-etrangeres-de-la-ligue-arabe-amorcer-un-nouveau-depart-a-laction-arabe-commune\/"]}]},{"@type":"ImageObject","inLanguage":"fr-FR","@id":"https:\/\/lasentinelle.dz\/index.php\/2022\/10\/29\/ouverture-de-la-reunion-des-ministres-des-affaires-etrangeres-de-la-ligue-arabe-amorcer-un-nouveau-depart-a-laction-arabe-commune\/#primaryimage","url":"https:\/\/lasentinelle.dz\/wp-content\/uploads\/2022\/10\/CESA-1.png","contentUrl":"https:\/\/lasentinelle.dz\/wp-content\/uploads\/2022\/10\/CESA-1.png","width":1200,"height":900},{"@type":"BreadcrumbList","@id":"https:\/\/lasentinelle.dz\/index.php\/2022\/10\/29\/ouverture-de-la-reunion-des-ministres-des-affaires-etrangeres-de-la-ligue-arabe-amorcer-un-nouveau-depart-a-laction-arabe-commune\/#breadcrumb","itemListElement":[{"@type":"ListItem","position":1,"name":"Accueil","item":"https:\/\/lasentinelle.dz\/"},{"@type":"ListItem","position":2,"name":"Ouverture de la r\u00e9union des ministres des Affaires \u00e9trang\u00e8res de la Ligue arabe\u00a0: \u00ab\u00a0Amorcer un nouveau d\u00e9part \u00e0 l&rsquo;action arabe commune\u00a0\u00bb"}]},{"@type":"WebSite","@id":"https:\/\/lasentinelle.dz\/#website","url":"https:\/\/lasentinelle.dz\/","name":"La Sentinelle","description":"Quotidien national d&#039;information","publisher":{"@id":"https:\/\/lasentinelle.dz\/#organization"},"potentialAction":[{"@type":"SearchAction","target":{"@type":"EntryPoint","urlTemplate":"https:\/\/lasentinelle.dz\/?s={search_term_string}"},"query-input":{"@type":"PropertyValueSpecification","valueRequired":true,"valueName":"search_term_string"}}],"inLanguage":"fr-FR"},{"@type":"Organization","@id":"https:\/\/lasentinelle.dz\/#organization","name":"Quotidien La Sentinelle","url":"https:\/\/lasentinelle.dz\/","logo":{"@type":"ImageObject","inLanguage":"fr-FR","@id":"https:\/\/lasentinelle.dz\/#\/schema\/logo\/image\/","url":"https:\/\/lasentinelle.dz\/wp-content\/uploads\/2021\/09\/logo-sentinelleSLOGAN-1.png","contentUrl":"https:\/\/lasentinelle.dz\/wp-content\/uploads\/2021\/09\/logo-sentinelleSLOGAN-1.png","width":615,"height":142,"caption":"Quotidien La Sentinelle"},"image":{"@id":"https:\/\/lasentinelle.dz\/#\/schema\/logo\/image\/"},"sameAs":["https:\/\/www.facebook.com\/La-Sentinelle-104059864394773"]},{"@type":"Person","@id":"https:\/\/lasentinelle.dz\/#\/schema\/person\/d865044e22e70a75174ce8bcad3acfb3","name":"La Sentinelle","image":{"@type":"ImageObject","inLanguage":"fr-FR","@id":"https:\/\/secure.gravatar.com\/avatar\/57de8e5d4b15d43fb361a71fbb36338450fe67865b528a43dd10ef7c51a20392?s=96&d=mm&r=g","url":"https:\/\/secure.gravatar.com\/avatar\/57de8e5d4b15d43fb361a71fbb36338450fe67865b528a43dd10ef7c51a20392?s=96&d=mm&r=g","contentUrl":"https:\/\/secure.gravatar.com\/avatar\/57de8e5d4b15d43fb361a71fbb36338450fe67865b528a43dd10ef7c51a20392?s=96&d=mm&r=g","caption":"La Sentinelle"},"sameAs":["http:\/\/www.lasentinelle.dz"],"url":"https:\/\/lasentinelle.dz\/author\/redaction\/"}]}},"_links":{"self":[{"href":"https:\/\/lasentinelle.dz\/index.php\/wp-json\/wp\/v2\/posts\/29792","targetHints":{"allow":["GET"]}}],"collection":[{"href":"https:\/\/lasentinelle.dz\/index.php\/wp-json\/wp\/v2\/posts"}],"about":[{"href":"https:\/\/lasentinelle.dz\/index.php\/wp-json\/wp\/v2\/types\/post"}],"author":[{"embeddable":true,"href":"https:\/\/lasentinelle.dz\/index.php\/wp-json\/wp\/v2\/users\/3"}],"replies":[{"embeddable":true,"href":"https:\/\/lasentinelle.dz\/index.php\/wp-json\/wp\/v2\/comments?post=29792"}],"version-history":[{"count":1,"href":"https:\/\/lasentinelle.dz\/index.php\/wp-json\/wp\/v2\/posts\/29792\/revisions"}],"predecessor-version":[{"id":29794,"href":"https:\/\/lasentinelle.dz\/index.php\/wp-json\/wp\/v2\/posts\/29792\/revisions\/29794"}],"wp:featuredmedia":[{"embeddable":true,"href":"https:\/\/lasentinelle.dz\/index.php\/wp-json\/wp\/v2\/media\/29793"}],"wp:attachment":[{"href":"https:\/\/lasentinelle.dz\/index.php\/wp-json\/wp\/v2\/media?parent=29792"}],"wp:term":[{"taxonomy":"category","embeddable":true,"href":"https:\/\/lasentinelle.dz\/index.php\/wp-json\/wp\/v2\/categories?post=29792"},{"taxonomy":"post_tag","embeddable":true,"href":"https:\/\/lasentinelle.dz\/index.php\/wp-json\/wp\/v2\/tags?post=29792"}],"curies":[{"name":"wp","href":"https:\/\/api.w.org\/{rel}","templated":true}]}}