{"id":29809,"date":"2022-10-30T22:00:00","date_gmt":"2022-10-30T21:00:00","guid":{"rendered":"https:\/\/lasentinelle.dz\/?p=29809"},"modified":"2022-10-30T16:01:54","modified_gmt":"2022-10-30T15:01:54","slug":"burkina-treize-soldats-tues-dans-une-embuscade-dans-lest","status":"publish","type":"post","link":"https:\/\/lasentinelle.dz\/index.php\/2022\/10\/30\/burkina-treize-soldats-tues-dans-une-embuscade-dans-lest\/","title":{"rendered":"Burkina\u00a0: Treize soldats tu\u00e9s dans une embuscade dans l&rsquo;Est"},"content":{"rendered":"\n<p>Treize soldats ont \u00e9t\u00e9 tu\u00e9s samedi dans une embuscade tendue par des terroristes dans l&rsquo;est du Burkina Faso. \u00abUne unit\u00e9 des Forces de d\u00e9fense et s\u00e9curit\u00e9, reliant Fada N&rsquo;Gourma \u00e0 Natiaboani\u00bb dans la province de l&rsquo;Est, \u00aba \u00e9t\u00e9 la cible d&rsquo;une embuscade\u00bb, a indiqu\u00e9 une source s\u00e9curitaire \u00e0 la presse. \u00abTreize soldats ont \u00e9t\u00e9 tu\u00e9s et quatre bless\u00e9s\u00bb, a-t-elle ajout\u00e9, affirmant que \u00abplusieurs terroristes ont \u00e9t\u00e9 neutralis\u00e9s\u00bb. Une autre source s\u00e9curitaire a confirm\u00e9 l&rsquo;attaque et le bilan, pr\u00e9cisant qu&rsquo;elle avait vis\u00e9 \u00abune \u00e9quipe de rel\u00e8ve du d\u00e9tachement de Natiaboni\u00bb. \u00abDes renforts ont \u00e9t\u00e9 d\u00e9ploy\u00e9s pour s\u00e9curiser la zone et proc\u00e9der \u00e0 un ratissage\u00bb, a-t-elle ajout\u00e9.<\/p>\n\n\n\n<p>Cette attaque survient peu apr\u00e8s celle de lundi \u00e0 Djibo, grande ville du nord du Burkina sous blocus terroriste depuis trois mois, au cours de laquelle dix soldats avaient \u00e9t\u00e9 tu\u00e9s et une cinquantaine bless\u00e9s. De m\u00eame, le 15 octobre, au moins trois soldats et huit suppl\u00e9tifs civils de l&rsquo;arm\u00e9e avaient \u00e9t\u00e9 tu\u00e9s lors d&rsquo;une attaque terroriste dans le nord du pays.<\/p>\n\n\n\n<p>Depuis 2015, les forces arm\u00e9es burkinab\u00e8 sont r\u00e9guli\u00e8rement endeuill\u00e9es par des attaques terroristes de plus en plus fr\u00e9quentes et meurtri\u00e8res, ayant fait des milliers de morts et contraint quelque deux millions de personnes \u00e0 fuir leurs foyers. Ces attaques se sont multipli\u00e9es ces derniers mois, essentiellement dans le nord et l&rsquo;est du pays.<\/p>\n\n\n\n<p>Investi le 21 octobre pr\u00e9sident de la transition par le Conseil constitutionnel, le capitaine Ibrahim Traor\u00e9, auteur d&rsquo;un coup d&rsquo;\u00e9tat militaire le 30 septembre contre le lieutenant-colonel Paul-Henri Sandaogo Damiba, s&rsquo;est donn\u00e9 pour objectif \u00abla reconqu\u00eate du territoire occup\u00e9 par ces hordes de terroristes\u00bb. Il s&rsquo;agissait du deuxi\u00e8me coup d&rsquo;\u00c9tat au Burkina Faso en huit mois, li\u00e9s \u00e0 la situation s\u00e9curitaire. Le 24 janvier, des militaires emmen\u00e9s par le lieutenant-colonel Damiba avaient renvers\u00e9 le pr\u00e9sident Roch Marc Christian Kabor\u00e9, accus\u00e9 de laxisme face aux attaques terroristes qui se sont multipli\u00e9es au Burkina. Mercredi, le nouveau pouvoir a lanc\u00e9 le recrutement de 50.000 Volontaires pour la d\u00e9fense de la patrie (VDP), des suppl\u00e9tifs civils de l&rsquo;arm\u00e9e, qui doivent venir \u00abrenforcer les rangs de l&rsquo;arm\u00e9e dans le cadre de la lutte contre le terrorisme\u00bb.<\/p>\n\n\n\n<p>R.I.<\/p>\n","protected":false},"excerpt":{"rendered":"<p>Treize soldats ont \u00e9t\u00e9 tu\u00e9s samedi dans une embuscade tendue par des terroristes dans l&rsquo;est du Burkina Faso. \u00abUne unit\u00e9<\/p>\n","protected":false},"author":3,"featured_media":29818,"comment_status":"open","ping_status":"closed","sticky":false,"template":"","format":"standard","meta":{"colormag_page_container_layout":"default_layout","colormag_page_sidebar_layout":"default_layout","om_disable_all_campaigns":false,"_monsterinsights_skip_tracking":false,"_monsterinsights_sitenote_active":false,"_monsterinsights_sitenote_note":"","_monsterinsights_sitenote_category":0,"footnotes":"","_wpscppro_dont_share_socialmedia":false,"_wpscppro_custom_social_share_image":0,"_facebook_share_type":"","_twitter_share_type":"","_linkedin_share_type":"","_pinterest_share_type":"","_linkedin_share_type_page":"","_instagram_share_type":"","_medium_share_type":"","_threads_share_type":"","_google_business_share_type":"","_selected_social_profile":[],"_wpsp_enable_custom_social_template":false,"_wpsp_social_scheduling":{"enabled":false,"datetime":null,"platforms":[],"status":"template_only","dateOption":"today","timeOption":"now","customDays":"","customHours":"","customDate":"","customTime":"","schedulingType":"absolute"},"_wpsp_active_default_template":true},"categories":[37],"tags":[],"class_list":["post-29809","post","type-post","status-publish","format-standard","has-post-thumbnail","hentry","category-monde"],"aioseo_notices":[],"yoast_head":"<!-- This site is optimized with the Yoast SEO plugin v27.4 - https:\/\/yoast.com\/product\/yoast-seo-wordpress\/ -->\n<title>Burkina\u00a0: Treize soldats tu\u00e9s dans une embuscade dans l&rsquo;Est - La Sentinelle<\/title>\n<meta name=\"robots\" content=\"index, follow, max-snippet:-1, max-image-preview:large, max-video-preview:-1\" \/>\n<link rel=\"canonical\" href=\"https:\/\/lasentinelle.dz\/index.php\/2022\/10\/30\/burkina-treize-soldats-tues-dans-une-embuscade-dans-lest\/\" \/>\n<meta property=\"og:locale\" content=\"fr_FR\" \/>\n<meta property=\"og:type\" content=\"article\" \/>\n<meta property=\"og:title\" content=\"Burkina\u00a0: Treize soldats tu\u00e9s dans une embuscade dans l&rsquo;Est - La Sentinelle\" \/>\n<meta property=\"og:description\" content=\"Treize soldats ont \u00e9t\u00e9 tu\u00e9s samedi dans une embuscade tendue par des terroristes dans l&rsquo;est du Burkina Faso. \u00abUne unit\u00e9\" \/>\n<meta property=\"og:url\" content=\"https:\/\/lasentinelle.dz\/index.php\/2022\/10\/30\/burkina-treize-soldats-tues-dans-une-embuscade-dans-lest\/\" \/>\n<meta property=\"og:site_name\" content=\"La Sentinelle\" \/>\n<meta property=\"article:publisher\" content=\"https:\/\/www.facebook.com\/La-Sentinelle-104059864394773\" \/>\n<meta property=\"article:published_time\" content=\"2022-10-30T21:00:00+00:00\" \/>\n<meta property=\"og:image\" content=\"https:\/\/lasentinelle.dz\/wp-content\/uploads\/2022\/10\/image_2022-10-30_160057676.png\" \/>\n\t<meta property=\"og:image:width\" content=\"768\" \/>\n\t<meta property=\"og:image:height\" content=\"511\" \/>\n\t<meta property=\"og:image:type\" content=\"image\/png\" \/>\n<meta name=\"author\" content=\"La Sentinelle\" \/>\n<meta name=\"twitter:card\" content=\"summary_large_image\" \/>\n<meta name=\"twitter:label1\" content=\"\u00c9crit par\" \/>\n\t<meta name=\"twitter:data1\" content=\"La Sentinelle\" \/>\n\t<meta name=\"twitter:label2\" content=\"Dur\u00e9e de lecture estim\u00e9e\" \/>\n\t<meta name=\"twitter:data2\" content=\"2 minutes\" \/>\n<script type=\"application\/ld+json\" class=\"yoast-schema-graph\">{\"@context\":\"https:\\\/\\\/schema.org\",\"@graph\":[{\"@type\":\"Article\",\"@id\":\"https:\\\/\\\/lasentinelle.dz\\\/index.php\\\/2022\\\/10\\\/30\\\/burkina-treize-soldats-tues-dans-une-embuscade-dans-lest\\\/#article\",\"isPartOf\":{\"@id\":\"https:\\\/\\\/lasentinelle.dz\\\/index.php\\\/2022\\\/10\\\/30\\\/burkina-treize-soldats-tues-dans-une-embuscade-dans-lest\\\/\"},\"author\":{\"name\":\"La Sentinelle\",\"@id\":\"https:\\\/\\\/lasentinelle.dz\\\/#\\\/schema\\\/person\\\/d865044e22e70a75174ce8bcad3acfb3\"},\"headline\":\"Burkina\u00a0: Treize soldats tu\u00e9s dans une embuscade dans l&rsquo;Est\",\"datePublished\":\"2022-10-30T21:00:00+00:00\",\"mainEntityOfPage\":{\"@id\":\"https:\\\/\\\/lasentinelle.dz\\\/index.php\\\/2022\\\/10\\\/30\\\/burkina-treize-soldats-tues-dans-une-embuscade-dans-lest\\\/\"},\"wordCount\":411,\"commentCount\":0,\"publisher\":{\"@id\":\"https:\\\/\\\/lasentinelle.dz\\\/#organization\"},\"image\":{\"@id\":\"https:\\\/\\\/lasentinelle.dz\\\/index.php\\\/2022\\\/10\\\/30\\\/burkina-treize-soldats-tues-dans-une-embuscade-dans-lest\\\/#primaryimage\"},\"thumbnailUrl\":\"https:\\\/\\\/lasentinelle.dz\\\/wp-content\\\/uploads\\\/2022\\\/10\\\/image_2022-10-30_160057676.png\",\"articleSection\":[\"Monde\"],\"inLanguage\":\"fr-FR\",\"potentialAction\":[{\"@type\":\"CommentAction\",\"name\":\"Comment\",\"target\":[\"https:\\\/\\\/lasentinelle.dz\\\/index.php\\\/2022\\\/10\\\/30\\\/burkina-treize-soldats-tues-dans-une-embuscade-dans-lest\\\/#respond\"]}]},{\"@type\":\"WebPage\",\"@id\":\"https:\\\/\\\/lasentinelle.dz\\\/index.php\\\/2022\\\/10\\\/30\\\/burkina-treize-soldats-tues-dans-une-embuscade-dans-lest\\\/\",\"url\":\"https:\\\/\\\/lasentinelle.dz\\\/index.php\\\/2022\\\/10\\\/30\\\/burkina-treize-soldats-tues-dans-une-embuscade-dans-lest\\\/\",\"name\":\"Burkina\u00a0: Treize soldats tu\u00e9s dans une embuscade dans l&rsquo;Est - La Sentinelle\",\"isPartOf\":{\"@id\":\"https:\\\/\\\/lasentinelle.dz\\\/#website\"},\"primaryImageOfPage\":{\"@id\":\"https:\\\/\\\/lasentinelle.dz\\\/index.php\\\/2022\\\/10\\\/30\\\/burkina-treize-soldats-tues-dans-une-embuscade-dans-lest\\\/#primaryimage\"},\"image\":{\"@id\":\"https:\\\/\\\/lasentinelle.dz\\\/index.php\\\/2022\\\/10\\\/30\\\/burkina-treize-soldats-tues-dans-une-embuscade-dans-lest\\\/#primaryimage\"},\"thumbnailUrl\":\"https:\\\/\\\/lasentinelle.dz\\\/wp-content\\\/uploads\\\/2022\\\/10\\\/image_2022-10-30_160057676.png\",\"datePublished\":\"2022-10-30T21:00:00+00:00\",\"breadcrumb\":{\"@id\":\"https:\\\/\\\/lasentinelle.dz\\\/index.php\\\/2022\\\/10\\\/30\\\/burkina-treize-soldats-tues-dans-une-embuscade-dans-lest\\\/#breadcrumb\"},\"inLanguage\":\"fr-FR\",\"potentialAction\":[{\"@type\":\"ReadAction\",\"target\":[\"https:\\\/\\\/lasentinelle.dz\\\/index.php\\\/2022\\\/10\\\/30\\\/burkina-treize-soldats-tues-dans-une-embuscade-dans-lest\\\/\"]}]},{\"@type\":\"ImageObject\",\"inLanguage\":\"fr-FR\",\"@id\":\"https:\\\/\\\/lasentinelle.dz\\\/index.php\\\/2022\\\/10\\\/30\\\/burkina-treize-soldats-tues-dans-une-embuscade-dans-lest\\\/#primaryimage\",\"url\":\"https:\\\/\\\/lasentinelle.dz\\\/wp-content\\\/uploads\\\/2022\\\/10\\\/image_2022-10-30_160057676.png\",\"contentUrl\":\"https:\\\/\\\/lasentinelle.dz\\\/wp-content\\\/uploads\\\/2022\\\/10\\\/image_2022-10-30_160057676.png\",\"width\":768,\"height\":511},{\"@type\":\"BreadcrumbList\",\"@id\":\"https:\\\/\\\/lasentinelle.dz\\\/index.php\\\/2022\\\/10\\\/30\\\/burkina-treize-soldats-tues-dans-une-embuscade-dans-lest\\\/#breadcrumb\",\"itemListElement\":[{\"@type\":\"ListItem\",\"position\":1,\"name\":\"Accueil\",\"item\":\"https:\\\/\\\/lasentinelle.dz\\\/\"},{\"@type\":\"ListItem\",\"position\":2,\"name\":\"Burkina\u00a0: Treize soldats tu\u00e9s dans une embuscade dans l&rsquo;Est\"}]},{\"@type\":\"WebSite\",\"@id\":\"https:\\\/\\\/lasentinelle.dz\\\/#website\",\"url\":\"https:\\\/\\\/lasentinelle.dz\\\/\",\"name\":\"La Sentinelle\",\"description\":\"Quotidien national d&#039;information\",\"publisher\":{\"@id\":\"https:\\\/\\\/lasentinelle.dz\\\/#organization\"},\"potentialAction\":[{\"@type\":\"SearchAction\",\"target\":{\"@type\":\"EntryPoint\",\"urlTemplate\":\"https:\\\/\\\/lasentinelle.dz\\\/?s={search_term_string}\"},\"query-input\":{\"@type\":\"PropertyValueSpecification\",\"valueRequired\":true,\"valueName\":\"search_term_string\"}}],\"inLanguage\":\"fr-FR\"},{\"@type\":\"Organization\",\"@id\":\"https:\\\/\\\/lasentinelle.dz\\\/#organization\",\"name\":\"Quotidien La Sentinelle\",\"url\":\"https:\\\/\\\/lasentinelle.dz\\\/\",\"logo\":{\"@type\":\"ImageObject\",\"inLanguage\":\"fr-FR\",\"@id\":\"https:\\\/\\\/lasentinelle.dz\\\/#\\\/schema\\\/logo\\\/image\\\/\",\"url\":\"https:\\\/\\\/lasentinelle.dz\\\/wp-content\\\/uploads\\\/2021\\\/09\\\/logo-sentinelleSLOGAN-1.png\",\"contentUrl\":\"https:\\\/\\\/lasentinelle.dz\\\/wp-content\\\/uploads\\\/2021\\\/09\\\/logo-sentinelleSLOGAN-1.png\",\"width\":615,\"height\":142,\"caption\":\"Quotidien La Sentinelle\"},\"image\":{\"@id\":\"https:\\\/\\\/lasentinelle.dz\\\/#\\\/schema\\\/logo\\\/image\\\/\"},\"sameAs\":[\"https:\\\/\\\/www.facebook.com\\\/La-Sentinelle-104059864394773\"]},{\"@type\":\"Person\",\"@id\":\"https:\\\/\\\/lasentinelle.dz\\\/#\\\/schema\\\/person\\\/d865044e22e70a75174ce8bcad3acfb3\",\"name\":\"La Sentinelle\",\"image\":{\"@type\":\"ImageObject\",\"inLanguage\":\"fr-FR\",\"@id\":\"https:\\\/\\\/secure.gravatar.com\\\/avatar\\\/57de8e5d4b15d43fb361a71fbb36338450fe67865b528a43dd10ef7c51a20392?s=96&d=mm&r=g\",\"url\":\"https:\\\/\\\/secure.gravatar.com\\\/avatar\\\/57de8e5d4b15d43fb361a71fbb36338450fe67865b528a43dd10ef7c51a20392?s=96&d=mm&r=g\",\"contentUrl\":\"https:\\\/\\\/secure.gravatar.com\\\/avatar\\\/57de8e5d4b15d43fb361a71fbb36338450fe67865b528a43dd10ef7c51a20392?s=96&d=mm&r=g\",\"caption\":\"La Sentinelle\"},\"sameAs\":[\"http:\\\/\\\/www.lasentinelle.dz\"],\"url\":\"https:\\\/\\\/lasentinelle.dz\\\/author\\\/redaction\\\/\"}]}<\/script>\n<!-- \/ Yoast SEO plugin. -->","yoast_head_json":{"title":"Burkina\u00a0: Treize soldats tu\u00e9s dans une embuscade dans l&rsquo;Est - La Sentinelle","robots":{"index":"index","follow":"follow","max-snippet":"max-snippet:-1","max-image-preview":"max-image-preview:large","max-video-preview":"max-video-preview:-1"},"canonical":"https:\/\/lasentinelle.dz\/index.php\/2022\/10\/30\/burkina-treize-soldats-tues-dans-une-embuscade-dans-lest\/","og_locale":"fr_FR","og_type":"article","og_title":"Burkina\u00a0: Treize soldats tu\u00e9s dans une embuscade dans l&rsquo;Est - La Sentinelle","og_description":"Treize soldats ont \u00e9t\u00e9 tu\u00e9s samedi dans une embuscade tendue par des terroristes dans l&rsquo;est du Burkina Faso. \u00abUne unit\u00e9","og_url":"https:\/\/lasentinelle.dz\/index.php\/2022\/10\/30\/burkina-treize-soldats-tues-dans-une-embuscade-dans-lest\/","og_site_name":"La Sentinelle","article_publisher":"https:\/\/www.facebook.com\/La-Sentinelle-104059864394773","article_published_time":"2022-10-30T21:00:00+00:00","og_image":[{"width":768,"height":511,"url":"https:\/\/lasentinelle.dz\/wp-content\/uploads\/2022\/10\/image_2022-10-30_160057676.png","type":"image\/png"}],"author":"La Sentinelle","twitter_card":"summary_large_image","twitter_misc":{"\u00c9crit par":"La Sentinelle","Dur\u00e9e de lecture estim\u00e9e":"2 minutes"},"schema":{"@context":"https:\/\/schema.org","@graph":[{"@type":"Article","@id":"https:\/\/lasentinelle.dz\/index.php\/2022\/10\/30\/burkina-treize-soldats-tues-dans-une-embuscade-dans-lest\/#article","isPartOf":{"@id":"https:\/\/lasentinelle.dz\/index.php\/2022\/10\/30\/burkina-treize-soldats-tues-dans-une-embuscade-dans-lest\/"},"author":{"name":"La Sentinelle","@id":"https:\/\/lasentinelle.dz\/#\/schema\/person\/d865044e22e70a75174ce8bcad3acfb3"},"headline":"Burkina\u00a0: Treize soldats tu\u00e9s dans une embuscade dans l&rsquo;Est","datePublished":"2022-10-30T21:00:00+00:00","mainEntityOfPage":{"@id":"https:\/\/lasentinelle.dz\/index.php\/2022\/10\/30\/burkina-treize-soldats-tues-dans-une-embuscade-dans-lest\/"},"wordCount":411,"commentCount":0,"publisher":{"@id":"https:\/\/lasentinelle.dz\/#organization"},"image":{"@id":"https:\/\/lasentinelle.dz\/index.php\/2022\/10\/30\/burkina-treize-soldats-tues-dans-une-embuscade-dans-lest\/#primaryimage"},"thumbnailUrl":"https:\/\/lasentinelle.dz\/wp-content\/uploads\/2022\/10\/image_2022-10-30_160057676.png","articleSection":["Monde"],"inLanguage":"fr-FR","potentialAction":[{"@type":"CommentAction","name":"Comment","target":["https:\/\/lasentinelle.dz\/index.php\/2022\/10\/30\/burkina-treize-soldats-tues-dans-une-embuscade-dans-lest\/#respond"]}]},{"@type":"WebPage","@id":"https:\/\/lasentinelle.dz\/index.php\/2022\/10\/30\/burkina-treize-soldats-tues-dans-une-embuscade-dans-lest\/","url":"https:\/\/lasentinelle.dz\/index.php\/2022\/10\/30\/burkina-treize-soldats-tues-dans-une-embuscade-dans-lest\/","name":"Burkina\u00a0: Treize soldats tu\u00e9s dans une embuscade dans l&rsquo;Est - La Sentinelle","isPartOf":{"@id":"https:\/\/lasentinelle.dz\/#website"},"primaryImageOfPage":{"@id":"https:\/\/lasentinelle.dz\/index.php\/2022\/10\/30\/burkina-treize-soldats-tues-dans-une-embuscade-dans-lest\/#primaryimage"},"image":{"@id":"https:\/\/lasentinelle.dz\/index.php\/2022\/10\/30\/burkina-treize-soldats-tues-dans-une-embuscade-dans-lest\/#primaryimage"},"thumbnailUrl":"https:\/\/lasentinelle.dz\/wp-content\/uploads\/2022\/10\/image_2022-10-30_160057676.png","datePublished":"2022-10-30T21:00:00+00:00","breadcrumb":{"@id":"https:\/\/lasentinelle.dz\/index.php\/2022\/10\/30\/burkina-treize-soldats-tues-dans-une-embuscade-dans-lest\/#breadcrumb"},"inLanguage":"fr-FR","potentialAction":[{"@type":"ReadAction","target":["https:\/\/lasentinelle.dz\/index.php\/2022\/10\/30\/burkina-treize-soldats-tues-dans-une-embuscade-dans-lest\/"]}]},{"@type":"ImageObject","inLanguage":"fr-FR","@id":"https:\/\/lasentinelle.dz\/index.php\/2022\/10\/30\/burkina-treize-soldats-tues-dans-une-embuscade-dans-lest\/#primaryimage","url":"https:\/\/lasentinelle.dz\/wp-content\/uploads\/2022\/10\/image_2022-10-30_160057676.png","contentUrl":"https:\/\/lasentinelle.dz\/wp-content\/uploads\/2022\/10\/image_2022-10-30_160057676.png","width":768,"height":511},{"@type":"BreadcrumbList","@id":"https:\/\/lasentinelle.dz\/index.php\/2022\/10\/30\/burkina-treize-soldats-tues-dans-une-embuscade-dans-lest\/#breadcrumb","itemListElement":[{"@type":"ListItem","position":1,"name":"Accueil","item":"https:\/\/lasentinelle.dz\/"},{"@type":"ListItem","position":2,"name":"Burkina\u00a0: Treize soldats tu\u00e9s dans une embuscade dans l&rsquo;Est"}]},{"@type":"WebSite","@id":"https:\/\/lasentinelle.dz\/#website","url":"https:\/\/lasentinelle.dz\/","name":"La Sentinelle","description":"Quotidien national d&#039;information","publisher":{"@id":"https:\/\/lasentinelle.dz\/#organization"},"potentialAction":[{"@type":"SearchAction","target":{"@type":"EntryPoint","urlTemplate":"https:\/\/lasentinelle.dz\/?s={search_term_string}"},"query-input":{"@type":"PropertyValueSpecification","valueRequired":true,"valueName":"search_term_string"}}],"inLanguage":"fr-FR"},{"@type":"Organization","@id":"https:\/\/lasentinelle.dz\/#organization","name":"Quotidien La Sentinelle","url":"https:\/\/lasentinelle.dz\/","logo":{"@type":"ImageObject","inLanguage":"fr-FR","@id":"https:\/\/lasentinelle.dz\/#\/schema\/logo\/image\/","url":"https:\/\/lasentinelle.dz\/wp-content\/uploads\/2021\/09\/logo-sentinelleSLOGAN-1.png","contentUrl":"https:\/\/lasentinelle.dz\/wp-content\/uploads\/2021\/09\/logo-sentinelleSLOGAN-1.png","width":615,"height":142,"caption":"Quotidien La Sentinelle"},"image":{"@id":"https:\/\/lasentinelle.dz\/#\/schema\/logo\/image\/"},"sameAs":["https:\/\/www.facebook.com\/La-Sentinelle-104059864394773"]},{"@type":"Person","@id":"https:\/\/lasentinelle.dz\/#\/schema\/person\/d865044e22e70a75174ce8bcad3acfb3","name":"La Sentinelle","image":{"@type":"ImageObject","inLanguage":"fr-FR","@id":"https:\/\/secure.gravatar.com\/avatar\/57de8e5d4b15d43fb361a71fbb36338450fe67865b528a43dd10ef7c51a20392?s=96&d=mm&r=g","url":"https:\/\/secure.gravatar.com\/avatar\/57de8e5d4b15d43fb361a71fbb36338450fe67865b528a43dd10ef7c51a20392?s=96&d=mm&r=g","contentUrl":"https:\/\/secure.gravatar.com\/avatar\/57de8e5d4b15d43fb361a71fbb36338450fe67865b528a43dd10ef7c51a20392?s=96&d=mm&r=g","caption":"La Sentinelle"},"sameAs":["http:\/\/www.lasentinelle.dz"],"url":"https:\/\/lasentinelle.dz\/author\/redaction\/"}]}},"_links":{"self":[{"href":"https:\/\/lasentinelle.dz\/index.php\/wp-json\/wp\/v2\/posts\/29809","targetHints":{"allow":["GET"]}}],"collection":[{"href":"https:\/\/lasentinelle.dz\/index.php\/wp-json\/wp\/v2\/posts"}],"about":[{"href":"https:\/\/lasentinelle.dz\/index.php\/wp-json\/wp\/v2\/types\/post"}],"author":[{"embeddable":true,"href":"https:\/\/lasentinelle.dz\/index.php\/wp-json\/wp\/v2\/users\/3"}],"replies":[{"embeddable":true,"href":"https:\/\/lasentinelle.dz\/index.php\/wp-json\/wp\/v2\/comments?post=29809"}],"version-history":[{"count":1,"href":"https:\/\/lasentinelle.dz\/index.php\/wp-json\/wp\/v2\/posts\/29809\/revisions"}],"predecessor-version":[{"id":29820,"href":"https:\/\/lasentinelle.dz\/index.php\/wp-json\/wp\/v2\/posts\/29809\/revisions\/29820"}],"wp:featuredmedia":[{"embeddable":true,"href":"https:\/\/lasentinelle.dz\/index.php\/wp-json\/wp\/v2\/media\/29818"}],"wp:attachment":[{"href":"https:\/\/lasentinelle.dz\/index.php\/wp-json\/wp\/v2\/media?parent=29809"}],"wp:term":[{"taxonomy":"category","embeddable":true,"href":"https:\/\/lasentinelle.dz\/index.php\/wp-json\/wp\/v2\/categories?post=29809"},{"taxonomy":"post_tag","embeddable":true,"href":"https:\/\/lasentinelle.dz\/index.php\/wp-json\/wp\/v2\/tags?post=29809"}],"curies":[{"name":"wp","href":"https:\/\/api.w.org\/{rel}","templated":true}]}}