{"id":29814,"date":"2022-10-30T22:00:00","date_gmt":"2022-10-30T21:00:00","guid":{"rendered":"https:\/\/lasentinelle.dz\/?p=29814"},"modified":"2022-10-30T15:59:45","modified_gmt":"2022-10-30T14:59:45","slug":"elections-des-midterms-aux-etats-unis-les-democrates-appellent-barack-obamaa-laide","status":"publish","type":"post","link":"https:\/\/lasentinelle.dz\/index.php\/2022\/10\/30\/elections-des-midterms-aux-etats-unis-les-democrates-appellent-barack-obamaa-laide\/","title":{"rendered":"\u00c9lections des Midterms aux Etats-Unis\u00a0: Les D\u00e9mocrates appellent Barack Obama\u00e0 l\u2019aide"},"content":{"rendered":"\n<p>En difficult\u00e9 face aux R\u00e9publicains, les D\u00e9mocrates ont appel\u00e9 \u00e0 la rescousse l&rsquo;ancien pr\u00e9sident Barack Obama pour limiter les d\u00e9g\u00e2ts lors des \u00e9lections de mi-mandat.<\/p>\n\n\n\n<p>Barack Obama a fait son retour sur la sc\u00e8ne politique samedi. D&rsquo;ici le 8 novembre, date de ce scrutin aux enjeux cons\u00e9quents, c&rsquo;est Barack Obama que l&rsquo;on verra partout, sur le terrain et dans les clips de campagne, plut\u00f4t que l&rsquo;actuel locataire de la Maison Blanche.<\/p>\n\n\n\n<p>Vendredi, les deux hommes ont toutefois pris la parole au m\u00eame moment, \u00e0 deux coins des Etats-Unis : Joe Biden en Pennsylvanie, Barack Obama en G\u00e9orgie, deux Etats d\u00e9terminants pour la campagne du parti d\u00e9mocrate. Et tous deux ont d\u00e9clin\u00e9, au fond, le m\u00eame discours : il s&rsquo;agit de sauver la d\u00e9mocratie am\u00e9ricaine en faisant barrage aux R\u00e9publicains, le parti de Donald Trump.<\/p>\n\n\n\n<p>Mais l&rsquo;ancien pr\u00e9sident d\u00e9mocrate, jouant de son sens de la r\u00e9partie et de son art des \u00abpunchlines\u00bb, a vol\u00e9 la vedette \u00e0 celui qui fut son vice-pr\u00e9sident, et qui n&rsquo;a jamais eu son aisance oratoire. \u00abS&rsquo;ils gagnent, impossible de dire ce qui pourrait se passer\u00bb, a dit \u00e0 propos des Conservateurs un Barack Obama en verve et en bras de chemise, savourant visiblement l&rsquo;enthousiasme de son auditoire \u00e0 Atlanta. \u00abJe veux que vous d\u00e9colliez de votre canap\u00e9 et que vous alliez voter ! Posez votre t\u00e9l\u00e9phone, laissez TikTok tranquille, allez voter !\u00bb. L&rsquo;ancien pr\u00e9sident &#8211; de 2009 \u00e0 2017 &#8211; s&rsquo;\u00e9tait \u00e9cart\u00e9 de l&rsquo;ar\u00e8ne politique, se consacrant \u00e0 d&rsquo;autres activit\u00e9s : production de documentaires, publications, philanthropie&#8230; Mais il y fait un retour tr\u00e8s remarqu\u00e9, encha\u00eenant les meetings : apr\u00e8s la G\u00e9orgie, le Michigan et le Wisconsin samedi, il sera dans le Nevada mardi, puis en Pennsylvanie.<\/p>\n\n\n\n<p>Les sondages, \u00e0 prendre avec bien des pincettes, pr\u00e9disent pour l&rsquo;instant que le parti d\u00e9mocrate gardera son pr\u00e9caire contr\u00f4le du S\u00e9nat, mais perdra celui de la Chambre des repr\u00e9sentants au profit de l&rsquo;opposition r\u00e9publicaine. La r\u00e9cente remont\u00e9e dans les enqu\u00eates d&rsquo;opinion des candidats de la droite conservatrice, y compris des plus virulents poulains de l&rsquo;ex-pr\u00e9sident r\u00e9publicain Donald Trump, fait toutefois craindre \u00e0 la Maison Blanche des pertes plus massives que pr\u00e9vu \u00e0 la Chambre. Voire un basculement du S\u00e9nat, ce qui mettrait les deux chambres du Congr\u00e8s sous le contr\u00f4le des R\u00e9publicains.<\/p>\n\n\n\n<p>Barack Obama est, d&rsquo;une certaine mani\u00e8re, bien plac\u00e9 pour sonner l&rsquo;alarme : son parti avait essuy\u00e9 ce qu&rsquo;il avait lui-m\u00eame qualifi\u00e9 de \u00abd\u00e9gel\u00e9e\u00bb lors des \u00e9lections l\u00e9gislatives de 2010, marquant la moiti\u00e9 de son premier mandat. \u00abIl y a un danger inh\u00e9rent au fait d&rsquo;\u00eatre \u00e0 la Maison Blanche et d&rsquo;\u00eatre dans la bulle\u00bb, avait-il \u00e0 l&rsquo;\u00e9poque remarqu\u00e9 \u00e0 propos de ces \u00e9lections qui, depuis 160 ans, sanctionnent quasiment toujours le parti au pouvoir.<\/p>\n\n\n\n<p>Joe Biden, qui se targue r\u00e9guli\u00e8rement d&rsquo;\u00eatre un pr\u00e9sident proche de la \u00abclasse moyenne\u00bb, \u00e9loign\u00e9 du microcosme de Washington, donne pourtant l&rsquo;impression depuis le d\u00e9but de la campagne de rester abrit\u00e9 dans la \u00abbulle\u00bb en question. Il se d\u00e9place r\u00e9guli\u00e8rement et l\u00e8ve des fonds pour le parti d\u00e9mocrate, mais le pr\u00e9sident de 79 ans, impopulaire, ne s&rsquo;est pas aventur\u00e9 jusqu&rsquo;ici dans certains \u00c9tats tr\u00e8s disput\u00e9s tels que l&rsquo;Arizona. Et il tiendra son ultime meeting de campagne la veille du scrutin en terrain connu, dans le tr\u00e8s d\u00e9mocrate Maryland.<\/p>\n\n\n\n<p><strong>K.L. et agences<\/strong><\/p>\n","protected":false},"excerpt":{"rendered":"<p>En difficult\u00e9 face aux R\u00e9publicains, les D\u00e9mocrates ont appel\u00e9 \u00e0 la rescousse l&rsquo;ancien pr\u00e9sident Barack Obama pour limiter les d\u00e9g\u00e2ts<\/p>\n","protected":false},"author":3,"featured_media":29815,"comment_status":"open","ping_status":"closed","sticky":false,"template":"","format":"standard","meta":{"colormag_page_container_layout":"default_layout","colormag_page_sidebar_layout":"default_layout","om_disable_all_campaigns":false,"_monsterinsights_skip_tracking":false,"_monsterinsights_sitenote_active":false,"_monsterinsights_sitenote_note":"","_monsterinsights_sitenote_category":0,"footnotes":"","_wpscppro_dont_share_socialmedia":false,"_wpscppro_custom_social_share_image":0,"_facebook_share_type":"","_twitter_share_type":"","_linkedin_share_type":"","_pinterest_share_type":"","_linkedin_share_type_page":"","_instagram_share_type":"","_medium_share_type":"","_threads_share_type":"","_google_business_share_type":"","_selected_social_profile":[],"_wpsp_enable_custom_social_template":false,"_wpsp_social_scheduling":{"enabled":false,"datetime":null,"platforms":[],"status":"template_only","dateOption":"today","timeOption":"now","customDays":"","customHours":"","customDate":"","customTime":"","schedulingType":"absolute"},"_wpsp_active_default_template":true},"categories":[37],"tags":[],"class_list":["post-29814","post","type-post","status-publish","format-standard","has-post-thumbnail","hentry","category-monde"],"aioseo_notices":[],"yoast_head":"<!-- This site is optimized with the Yoast SEO plugin v27.4 - https:\/\/yoast.com\/product\/yoast-seo-wordpress\/ -->\n<title>\u00c9lections des Midterms aux Etats-Unis\u00a0: Les D\u00e9mocrates appellent Barack Obama\u00e0 l\u2019aide - La Sentinelle<\/title>\n<meta name=\"robots\" content=\"index, follow, max-snippet:-1, max-image-preview:large, max-video-preview:-1\" \/>\n<link rel=\"canonical\" href=\"https:\/\/lasentinelle.dz\/index.php\/2022\/10\/30\/elections-des-midterms-aux-etats-unis-les-democrates-appellent-barack-obamaa-laide\/\" \/>\n<meta property=\"og:locale\" content=\"fr_FR\" \/>\n<meta property=\"og:type\" content=\"article\" \/>\n<meta property=\"og:title\" content=\"\u00c9lections des Midterms aux Etats-Unis\u00a0: Les D\u00e9mocrates appellent Barack Obama\u00e0 l\u2019aide - La Sentinelle\" \/>\n<meta property=\"og:description\" content=\"En difficult\u00e9 face aux R\u00e9publicains, les D\u00e9mocrates ont appel\u00e9 \u00e0 la rescousse l&rsquo;ancien pr\u00e9sident Barack Obama pour limiter les d\u00e9g\u00e2ts\" \/>\n<meta property=\"og:url\" content=\"https:\/\/lasentinelle.dz\/index.php\/2022\/10\/30\/elections-des-midterms-aux-etats-unis-les-democrates-appellent-barack-obamaa-laide\/\" \/>\n<meta property=\"og:site_name\" content=\"La Sentinelle\" \/>\n<meta property=\"article:publisher\" content=\"https:\/\/www.facebook.com\/La-Sentinelle-104059864394773\" \/>\n<meta property=\"article:published_time\" content=\"2022-10-30T21:00:00+00:00\" \/>\n<meta property=\"og:image\" content=\"https:\/\/lasentinelle.dz\/wp-content\/uploads\/2022\/10\/obama.png\" \/>\n\t<meta property=\"og:image:width\" content=\"1600\" \/>\n\t<meta property=\"og:image:height\" content=\"900\" \/>\n\t<meta property=\"og:image:type\" content=\"image\/png\" \/>\n<meta name=\"author\" content=\"La Sentinelle\" \/>\n<meta name=\"twitter:card\" content=\"summary_large_image\" \/>\n<meta name=\"twitter:label1\" content=\"\u00c9crit par\" \/>\n\t<meta name=\"twitter:data1\" content=\"La Sentinelle\" \/>\n\t<meta name=\"twitter:label2\" content=\"Dur\u00e9e de lecture estim\u00e9e\" \/>\n\t<meta name=\"twitter:data2\" content=\"3 minutes\" \/>\n<script type=\"application\/ld+json\" class=\"yoast-schema-graph\">{\"@context\":\"https:\\\/\\\/schema.org\",\"@graph\":[{\"@type\":\"Article\",\"@id\":\"https:\\\/\\\/lasentinelle.dz\\\/index.php\\\/2022\\\/10\\\/30\\\/elections-des-midterms-aux-etats-unis-les-democrates-appellent-barack-obamaa-laide\\\/#article\",\"isPartOf\":{\"@id\":\"https:\\\/\\\/lasentinelle.dz\\\/index.php\\\/2022\\\/10\\\/30\\\/elections-des-midterms-aux-etats-unis-les-democrates-appellent-barack-obamaa-laide\\\/\"},\"author\":{\"name\":\"La Sentinelle\",\"@id\":\"https:\\\/\\\/lasentinelle.dz\\\/#\\\/schema\\\/person\\\/d865044e22e70a75174ce8bcad3acfb3\"},\"headline\":\"\u00c9lections des Midterms aux Etats-Unis\u00a0: Les D\u00e9mocrates appellent Barack Obama\u00e0 l\u2019aide\",\"datePublished\":\"2022-10-30T21:00:00+00:00\",\"mainEntityOfPage\":{\"@id\":\"https:\\\/\\\/lasentinelle.dz\\\/index.php\\\/2022\\\/10\\\/30\\\/elections-des-midterms-aux-etats-unis-les-democrates-appellent-barack-obamaa-laide\\\/\"},\"wordCount\":622,\"commentCount\":0,\"publisher\":{\"@id\":\"https:\\\/\\\/lasentinelle.dz\\\/#organization\"},\"image\":{\"@id\":\"https:\\\/\\\/lasentinelle.dz\\\/index.php\\\/2022\\\/10\\\/30\\\/elections-des-midterms-aux-etats-unis-les-democrates-appellent-barack-obamaa-laide\\\/#primaryimage\"},\"thumbnailUrl\":\"https:\\\/\\\/lasentinelle.dz\\\/wp-content\\\/uploads\\\/2022\\\/10\\\/obama.png\",\"articleSection\":[\"Monde\"],\"inLanguage\":\"fr-FR\",\"potentialAction\":[{\"@type\":\"CommentAction\",\"name\":\"Comment\",\"target\":[\"https:\\\/\\\/lasentinelle.dz\\\/index.php\\\/2022\\\/10\\\/30\\\/elections-des-midterms-aux-etats-unis-les-democrates-appellent-barack-obamaa-laide\\\/#respond\"]}]},{\"@type\":\"WebPage\",\"@id\":\"https:\\\/\\\/lasentinelle.dz\\\/index.php\\\/2022\\\/10\\\/30\\\/elections-des-midterms-aux-etats-unis-les-democrates-appellent-barack-obamaa-laide\\\/\",\"url\":\"https:\\\/\\\/lasentinelle.dz\\\/index.php\\\/2022\\\/10\\\/30\\\/elections-des-midterms-aux-etats-unis-les-democrates-appellent-barack-obamaa-laide\\\/\",\"name\":\"\u00c9lections des Midterms aux Etats-Unis\u00a0: Les D\u00e9mocrates appellent Barack Obama\u00e0 l\u2019aide - La Sentinelle\",\"isPartOf\":{\"@id\":\"https:\\\/\\\/lasentinelle.dz\\\/#website\"},\"primaryImageOfPage\":{\"@id\":\"https:\\\/\\\/lasentinelle.dz\\\/index.php\\\/2022\\\/10\\\/30\\\/elections-des-midterms-aux-etats-unis-les-democrates-appellent-barack-obamaa-laide\\\/#primaryimage\"},\"image\":{\"@id\":\"https:\\\/\\\/lasentinelle.dz\\\/index.php\\\/2022\\\/10\\\/30\\\/elections-des-midterms-aux-etats-unis-les-democrates-appellent-barack-obamaa-laide\\\/#primaryimage\"},\"thumbnailUrl\":\"https:\\\/\\\/lasentinelle.dz\\\/wp-content\\\/uploads\\\/2022\\\/10\\\/obama.png\",\"datePublished\":\"2022-10-30T21:00:00+00:00\",\"breadcrumb\":{\"@id\":\"https:\\\/\\\/lasentinelle.dz\\\/index.php\\\/2022\\\/10\\\/30\\\/elections-des-midterms-aux-etats-unis-les-democrates-appellent-barack-obamaa-laide\\\/#breadcrumb\"},\"inLanguage\":\"fr-FR\",\"potentialAction\":[{\"@type\":\"ReadAction\",\"target\":[\"https:\\\/\\\/lasentinelle.dz\\\/index.php\\\/2022\\\/10\\\/30\\\/elections-des-midterms-aux-etats-unis-les-democrates-appellent-barack-obamaa-laide\\\/\"]}]},{\"@type\":\"ImageObject\",\"inLanguage\":\"fr-FR\",\"@id\":\"https:\\\/\\\/lasentinelle.dz\\\/index.php\\\/2022\\\/10\\\/30\\\/elections-des-midterms-aux-etats-unis-les-democrates-appellent-barack-obamaa-laide\\\/#primaryimage\",\"url\":\"https:\\\/\\\/lasentinelle.dz\\\/wp-content\\\/uploads\\\/2022\\\/10\\\/obama.png\",\"contentUrl\":\"https:\\\/\\\/lasentinelle.dz\\\/wp-content\\\/uploads\\\/2022\\\/10\\\/obama.png\",\"width\":1600,\"height\":900},{\"@type\":\"BreadcrumbList\",\"@id\":\"https:\\\/\\\/lasentinelle.dz\\\/index.php\\\/2022\\\/10\\\/30\\\/elections-des-midterms-aux-etats-unis-les-democrates-appellent-barack-obamaa-laide\\\/#breadcrumb\",\"itemListElement\":[{\"@type\":\"ListItem\",\"position\":1,\"name\":\"Accueil\",\"item\":\"https:\\\/\\\/lasentinelle.dz\\\/\"},{\"@type\":\"ListItem\",\"position\":2,\"name\":\"\u00c9lections des Midterms aux Etats-Unis\u00a0: Les D\u00e9mocrates appellent Barack Obama\u00e0 l\u2019aide\"}]},{\"@type\":\"WebSite\",\"@id\":\"https:\\\/\\\/lasentinelle.dz\\\/#website\",\"url\":\"https:\\\/\\\/lasentinelle.dz\\\/\",\"name\":\"La Sentinelle\",\"description\":\"Quotidien national d&#039;information\",\"publisher\":{\"@id\":\"https:\\\/\\\/lasentinelle.dz\\\/#organization\"},\"potentialAction\":[{\"@type\":\"SearchAction\",\"target\":{\"@type\":\"EntryPoint\",\"urlTemplate\":\"https:\\\/\\\/lasentinelle.dz\\\/?s={search_term_string}\"},\"query-input\":{\"@type\":\"PropertyValueSpecification\",\"valueRequired\":true,\"valueName\":\"search_term_string\"}}],\"inLanguage\":\"fr-FR\"},{\"@type\":\"Organization\",\"@id\":\"https:\\\/\\\/lasentinelle.dz\\\/#organization\",\"name\":\"Quotidien La Sentinelle\",\"url\":\"https:\\\/\\\/lasentinelle.dz\\\/\",\"logo\":{\"@type\":\"ImageObject\",\"inLanguage\":\"fr-FR\",\"@id\":\"https:\\\/\\\/lasentinelle.dz\\\/#\\\/schema\\\/logo\\\/image\\\/\",\"url\":\"https:\\\/\\\/lasentinelle.dz\\\/wp-content\\\/uploads\\\/2021\\\/09\\\/logo-sentinelleSLOGAN-1.png\",\"contentUrl\":\"https:\\\/\\\/lasentinelle.dz\\\/wp-content\\\/uploads\\\/2021\\\/09\\\/logo-sentinelleSLOGAN-1.png\",\"width\":615,\"height\":142,\"caption\":\"Quotidien La Sentinelle\"},\"image\":{\"@id\":\"https:\\\/\\\/lasentinelle.dz\\\/#\\\/schema\\\/logo\\\/image\\\/\"},\"sameAs\":[\"https:\\\/\\\/www.facebook.com\\\/La-Sentinelle-104059864394773\"]},{\"@type\":\"Person\",\"@id\":\"https:\\\/\\\/lasentinelle.dz\\\/#\\\/schema\\\/person\\\/d865044e22e70a75174ce8bcad3acfb3\",\"name\":\"La Sentinelle\",\"image\":{\"@type\":\"ImageObject\",\"inLanguage\":\"fr-FR\",\"@id\":\"https:\\\/\\\/secure.gravatar.com\\\/avatar\\\/57de8e5d4b15d43fb361a71fbb36338450fe67865b528a43dd10ef7c51a20392?s=96&d=mm&r=g\",\"url\":\"https:\\\/\\\/secure.gravatar.com\\\/avatar\\\/57de8e5d4b15d43fb361a71fbb36338450fe67865b528a43dd10ef7c51a20392?s=96&d=mm&r=g\",\"contentUrl\":\"https:\\\/\\\/secure.gravatar.com\\\/avatar\\\/57de8e5d4b15d43fb361a71fbb36338450fe67865b528a43dd10ef7c51a20392?s=96&d=mm&r=g\",\"caption\":\"La Sentinelle\"},\"sameAs\":[\"http:\\\/\\\/www.lasentinelle.dz\"],\"url\":\"https:\\\/\\\/lasentinelle.dz\\\/author\\\/redaction\\\/\"}]}<\/script>\n<!-- \/ Yoast SEO plugin. -->","yoast_head_json":{"title":"\u00c9lections des Midterms aux Etats-Unis\u00a0: Les D\u00e9mocrates appellent Barack Obama\u00e0 l\u2019aide - La Sentinelle","robots":{"index":"index","follow":"follow","max-snippet":"max-snippet:-1","max-image-preview":"max-image-preview:large","max-video-preview":"max-video-preview:-1"},"canonical":"https:\/\/lasentinelle.dz\/index.php\/2022\/10\/30\/elections-des-midterms-aux-etats-unis-les-democrates-appellent-barack-obamaa-laide\/","og_locale":"fr_FR","og_type":"article","og_title":"\u00c9lections des Midterms aux Etats-Unis\u00a0: Les D\u00e9mocrates appellent Barack Obama\u00e0 l\u2019aide - La Sentinelle","og_description":"En difficult\u00e9 face aux R\u00e9publicains, les D\u00e9mocrates ont appel\u00e9 \u00e0 la rescousse l&rsquo;ancien pr\u00e9sident Barack Obama pour limiter les d\u00e9g\u00e2ts","og_url":"https:\/\/lasentinelle.dz\/index.php\/2022\/10\/30\/elections-des-midterms-aux-etats-unis-les-democrates-appellent-barack-obamaa-laide\/","og_site_name":"La Sentinelle","article_publisher":"https:\/\/www.facebook.com\/La-Sentinelle-104059864394773","article_published_time":"2022-10-30T21:00:00+00:00","og_image":[{"width":1600,"height":900,"url":"https:\/\/lasentinelle.dz\/wp-content\/uploads\/2022\/10\/obama.png","type":"image\/png"}],"author":"La Sentinelle","twitter_card":"summary_large_image","twitter_misc":{"\u00c9crit par":"La Sentinelle","Dur\u00e9e de lecture estim\u00e9e":"3 minutes"},"schema":{"@context":"https:\/\/schema.org","@graph":[{"@type":"Article","@id":"https:\/\/lasentinelle.dz\/index.php\/2022\/10\/30\/elections-des-midterms-aux-etats-unis-les-democrates-appellent-barack-obamaa-laide\/#article","isPartOf":{"@id":"https:\/\/lasentinelle.dz\/index.php\/2022\/10\/30\/elections-des-midterms-aux-etats-unis-les-democrates-appellent-barack-obamaa-laide\/"},"author":{"name":"La Sentinelle","@id":"https:\/\/lasentinelle.dz\/#\/schema\/person\/d865044e22e70a75174ce8bcad3acfb3"},"headline":"\u00c9lections des Midterms aux Etats-Unis\u00a0: Les D\u00e9mocrates appellent Barack Obama\u00e0 l\u2019aide","datePublished":"2022-10-30T21:00:00+00:00","mainEntityOfPage":{"@id":"https:\/\/lasentinelle.dz\/index.php\/2022\/10\/30\/elections-des-midterms-aux-etats-unis-les-democrates-appellent-barack-obamaa-laide\/"},"wordCount":622,"commentCount":0,"publisher":{"@id":"https:\/\/lasentinelle.dz\/#organization"},"image":{"@id":"https:\/\/lasentinelle.dz\/index.php\/2022\/10\/30\/elections-des-midterms-aux-etats-unis-les-democrates-appellent-barack-obamaa-laide\/#primaryimage"},"thumbnailUrl":"https:\/\/lasentinelle.dz\/wp-content\/uploads\/2022\/10\/obama.png","articleSection":["Monde"],"inLanguage":"fr-FR","potentialAction":[{"@type":"CommentAction","name":"Comment","target":["https:\/\/lasentinelle.dz\/index.php\/2022\/10\/30\/elections-des-midterms-aux-etats-unis-les-democrates-appellent-barack-obamaa-laide\/#respond"]}]},{"@type":"WebPage","@id":"https:\/\/lasentinelle.dz\/index.php\/2022\/10\/30\/elections-des-midterms-aux-etats-unis-les-democrates-appellent-barack-obamaa-laide\/","url":"https:\/\/lasentinelle.dz\/index.php\/2022\/10\/30\/elections-des-midterms-aux-etats-unis-les-democrates-appellent-barack-obamaa-laide\/","name":"\u00c9lections des Midterms aux Etats-Unis\u00a0: Les D\u00e9mocrates appellent Barack Obama\u00e0 l\u2019aide - La Sentinelle","isPartOf":{"@id":"https:\/\/lasentinelle.dz\/#website"},"primaryImageOfPage":{"@id":"https:\/\/lasentinelle.dz\/index.php\/2022\/10\/30\/elections-des-midterms-aux-etats-unis-les-democrates-appellent-barack-obamaa-laide\/#primaryimage"},"image":{"@id":"https:\/\/lasentinelle.dz\/index.php\/2022\/10\/30\/elections-des-midterms-aux-etats-unis-les-democrates-appellent-barack-obamaa-laide\/#primaryimage"},"thumbnailUrl":"https:\/\/lasentinelle.dz\/wp-content\/uploads\/2022\/10\/obama.png","datePublished":"2022-10-30T21:00:00+00:00","breadcrumb":{"@id":"https:\/\/lasentinelle.dz\/index.php\/2022\/10\/30\/elections-des-midterms-aux-etats-unis-les-democrates-appellent-barack-obamaa-laide\/#breadcrumb"},"inLanguage":"fr-FR","potentialAction":[{"@type":"ReadAction","target":["https:\/\/lasentinelle.dz\/index.php\/2022\/10\/30\/elections-des-midterms-aux-etats-unis-les-democrates-appellent-barack-obamaa-laide\/"]}]},{"@type":"ImageObject","inLanguage":"fr-FR","@id":"https:\/\/lasentinelle.dz\/index.php\/2022\/10\/30\/elections-des-midterms-aux-etats-unis-les-democrates-appellent-barack-obamaa-laide\/#primaryimage","url":"https:\/\/lasentinelle.dz\/wp-content\/uploads\/2022\/10\/obama.png","contentUrl":"https:\/\/lasentinelle.dz\/wp-content\/uploads\/2022\/10\/obama.png","width":1600,"height":900},{"@type":"BreadcrumbList","@id":"https:\/\/lasentinelle.dz\/index.php\/2022\/10\/30\/elections-des-midterms-aux-etats-unis-les-democrates-appellent-barack-obamaa-laide\/#breadcrumb","itemListElement":[{"@type":"ListItem","position":1,"name":"Accueil","item":"https:\/\/lasentinelle.dz\/"},{"@type":"ListItem","position":2,"name":"\u00c9lections des Midterms aux Etats-Unis\u00a0: Les D\u00e9mocrates appellent Barack Obama\u00e0 l\u2019aide"}]},{"@type":"WebSite","@id":"https:\/\/lasentinelle.dz\/#website","url":"https:\/\/lasentinelle.dz\/","name":"La Sentinelle","description":"Quotidien national d&#039;information","publisher":{"@id":"https:\/\/lasentinelle.dz\/#organization"},"potentialAction":[{"@type":"SearchAction","target":{"@type":"EntryPoint","urlTemplate":"https:\/\/lasentinelle.dz\/?s={search_term_string}"},"query-input":{"@type":"PropertyValueSpecification","valueRequired":true,"valueName":"search_term_string"}}],"inLanguage":"fr-FR"},{"@type":"Organization","@id":"https:\/\/lasentinelle.dz\/#organization","name":"Quotidien La Sentinelle","url":"https:\/\/lasentinelle.dz\/","logo":{"@type":"ImageObject","inLanguage":"fr-FR","@id":"https:\/\/lasentinelle.dz\/#\/schema\/logo\/image\/","url":"https:\/\/lasentinelle.dz\/wp-content\/uploads\/2021\/09\/logo-sentinelleSLOGAN-1.png","contentUrl":"https:\/\/lasentinelle.dz\/wp-content\/uploads\/2021\/09\/logo-sentinelleSLOGAN-1.png","width":615,"height":142,"caption":"Quotidien La Sentinelle"},"image":{"@id":"https:\/\/lasentinelle.dz\/#\/schema\/logo\/image\/"},"sameAs":["https:\/\/www.facebook.com\/La-Sentinelle-104059864394773"]},{"@type":"Person","@id":"https:\/\/lasentinelle.dz\/#\/schema\/person\/d865044e22e70a75174ce8bcad3acfb3","name":"La Sentinelle","image":{"@type":"ImageObject","inLanguage":"fr-FR","@id":"https:\/\/secure.gravatar.com\/avatar\/57de8e5d4b15d43fb361a71fbb36338450fe67865b528a43dd10ef7c51a20392?s=96&d=mm&r=g","url":"https:\/\/secure.gravatar.com\/avatar\/57de8e5d4b15d43fb361a71fbb36338450fe67865b528a43dd10ef7c51a20392?s=96&d=mm&r=g","contentUrl":"https:\/\/secure.gravatar.com\/avatar\/57de8e5d4b15d43fb361a71fbb36338450fe67865b528a43dd10ef7c51a20392?s=96&d=mm&r=g","caption":"La Sentinelle"},"sameAs":["http:\/\/www.lasentinelle.dz"],"url":"https:\/\/lasentinelle.dz\/author\/redaction\/"}]}},"_links":{"self":[{"href":"https:\/\/lasentinelle.dz\/index.php\/wp-json\/wp\/v2\/posts\/29814","targetHints":{"allow":["GET"]}}],"collection":[{"href":"https:\/\/lasentinelle.dz\/index.php\/wp-json\/wp\/v2\/posts"}],"about":[{"href":"https:\/\/lasentinelle.dz\/index.php\/wp-json\/wp\/v2\/types\/post"}],"author":[{"embeddable":true,"href":"https:\/\/lasentinelle.dz\/index.php\/wp-json\/wp\/v2\/users\/3"}],"replies":[{"embeddable":true,"href":"https:\/\/lasentinelle.dz\/index.php\/wp-json\/wp\/v2\/comments?post=29814"}],"version-history":[{"count":1,"href":"https:\/\/lasentinelle.dz\/index.php\/wp-json\/wp\/v2\/posts\/29814\/revisions"}],"predecessor-version":[{"id":29816,"href":"https:\/\/lasentinelle.dz\/index.php\/wp-json\/wp\/v2\/posts\/29814\/revisions\/29816"}],"wp:featuredmedia":[{"embeddable":true,"href":"https:\/\/lasentinelle.dz\/index.php\/wp-json\/wp\/v2\/media\/29815"}],"wp:attachment":[{"href":"https:\/\/lasentinelle.dz\/index.php\/wp-json\/wp\/v2\/media?parent=29814"}],"wp:term":[{"taxonomy":"category","embeddable":true,"href":"https:\/\/lasentinelle.dz\/index.php\/wp-json\/wp\/v2\/categories?post=29814"},{"taxonomy":"post_tag","embeddable":true,"href":"https:\/\/lasentinelle.dz\/index.php\/wp-json\/wp\/v2\/tags?post=29814"}],"curies":[{"name":"wp","href":"https:\/\/api.w.org\/{rel}","templated":true}]}}