{"id":29856,"date":"2022-10-30T22:05:00","date_gmt":"2022-10-30T21:05:00","guid":{"rendered":"https:\/\/lasentinelle.dz\/?p=29856"},"modified":"2022-10-30T19:49:24","modified_gmt":"2022-10-30T18:49:24","slug":"ceremonie-de-remise-de-grades-et-de-medailles-a-loccasion-de-la-celebration-du-1er-novembre-perpetuer-le-devoir-de-reconnaissance-envers-les-heros-de-lalgerie","status":"publish","type":"post","link":"https:\/\/lasentinelle.dz\/index.php\/2022\/10\/30\/ceremonie-de-remise-de-grades-et-de-medailles-a-loccasion-de-la-celebration-du-1er-novembre-perpetuer-le-devoir-de-reconnaissance-envers-les-heros-de-lalgerie\/","title":{"rendered":"C\u00e9r\u00e9monie de remise de grades et de m\u00e9dailles \u00e0 l\u2019occasion de la c\u00e9l\u00e9bration du 1er Novembre\u00a0: \u00ab\u00a0Perp\u00e9tuer le devoir de reconnaissance\u00bb envers les h\u00e9ros de l&rsquo;Alg\u00e9rie"},"content":{"rendered":"\n<p>Le Chef de l\u2019\u00c9tat-major de l\u2019ANP, le G\u00e9n\u00e9ral d\u2019Arm\u00e9e Sa\u00efd Chanegriha a soulign\u00e9, hier toute l\u2019importance de \u00ab&nbsp;perp\u00e9tuer le devoir de reconnaissance et de consid\u00e9ration&nbsp;\u00bb envers les h\u00e9ros de l&rsquo;Alg\u00e9rie. Lors d\u2019une c\u00e9r\u00e9monie de remise de grades et de m\u00e9dailles \u00e0 un nombre de cadres du minist\u00e8re de la D\u00e9fense nationale, officiers et sous-officiers, et ce, \u00e0 l&rsquo;occasion des festivit\u00e9s comm\u00e9moratives du 68e anniversaire du d\u00e9clenchement de la R\u00e9volution du 1er Novembre 1954, le G\u00e9n\u00e9ral d&rsquo;Arm\u00e9e a \u00e9galement tenu \u00e0 f\u00e9liciter les cadres et personnels pr\u00e9sents \u00e0 l&rsquo;occasion.Une occasion pour \u00ab\u00a0perp\u00e9tuer le devoir de reconnaissance et de consid\u00e9ration\u00a0\u00bb envers les h\u00e9ros de l&rsquo;Alg\u00e9rie, de \u00ab\u00a0renouveler\u00a0\u00bb le serment fait aux martyrs d&rsquo;hier et d&rsquo;aujourd\u2019hui et de \u00ab\u00a0rendre un vibrant hommage\u00a0\u00bb \u00e0 ceux qui ont honor\u00e9 leur engagement envers Allah et la patrie,&nbsp; a indiqu\u00e9 un communiqu\u00e9 du MDN.\u00a0\u00bbA l&rsquo;occasion des festivit\u00e9s comm\u00e9morant le 68e anniversaire du d\u00e9clenchement de la R\u00e9volution du 1er Novembre 1954, je tiens \u00e0 vous pr\u00e9senter mes f\u00e9licitations les plus vives en cette m\u00e9morable date de notre histoire, qui ravive les sentiments de fiert\u00e9 et de consid\u00e9ration les plus forts envers les gloires de nos pr\u00e9d\u00e9cesseurs, et qui anime en nous le sens du sacrifice et de l\u2019abn\u00e9gation pour la patrie\u00a0\u00bb, a d\u00e9clar\u00e9 le Chef d&rsquo;\u00e9tat-major de l&rsquo;ANP.\u00a0\u00bbC&rsquo;est aussi une occasion pour t\u00e9moigner de notre reconnaissance et de notre consid\u00e9ration envers les h\u00e9ros de l&rsquo;Alg\u00e9rie, qui ont pr\u00e9serv\u00e9 le legs et honor\u00e9 leur engagement, et pour s&rsquo;inspirer des enseignements et des nobles valeurs auxquels nous devons adh\u00e9rer\u00a0\u00bb, a-t-il dit.\u00a0\u00bbC&rsquo;est \u00e9galement une occasion pour renouveler notre serment aux martyrs, d&rsquo;hier et d&rsquo;aujourd&rsquo;hui, et de nous recueillir \u00e0 la m\u00e9moire de ceux qui ont honor\u00e9 leur engagement envers Allah et la patrie\u00a0\u00bb, a-t-il pr\u00e9cis\u00e9.<\/p>\n\n\n\n<p>Notons que la c\u00e9r\u00e9monie a d\u00e9but\u00e9 par \u00ab\u00a0la remise de grades aux personnels promus et de m\u00e9dailles aux cadres, en pr\u00e9sence du Secr\u00e9taire g\u00e9n\u00e9ral du MDN, des Commandants de Forces et de la Gendarmerie nationale et de Directeurs et Chefs de Services centraux du MDN et de l&rsquo;Etat-major de l&rsquo;ANP\u00a0\u00bb, ajoute le communiqu\u00e9.<\/p>\n\n\n\n<p>Le G\u00e9n\u00e9ral d\u2019Arm\u00e9e a s&rsquo;est f\u00e9licit\u00e9 de superviser cette c\u00e9r\u00e9monie, qui constitue une \u00ab\u00a0tradition s\u00e9culaire au sein de l\u2019institution militaire\u00a0\u00bb, en exprimant ses f\u00e9licitations les plus sinc\u00e8res \u00e0 l&rsquo;ensemble des personnels promus et d\u00e9cor\u00e9s de m\u00e9dailles.\u00a0\u00bbDe prime abord, il m&rsquo;est agr\u00e9able d&rsquo;exprimer ma satisfaction de vous rencontrer, aujourd&rsquo;hui, \u00e0 l&rsquo;occasion de cette c\u00e9r\u00e9monie de remise de grades et de m\u00e9dailles que j&rsquo;ai l&rsquo;honneur de pr\u00e9sider, avec la profonde conviction que ces distinctions constituent une tradition s\u00e9culaire au sein de l&rsquo;institution militaire et un t\u00e9moignage de reconnaissance envers les cadres promus et d\u00e9cor\u00e9s, pour leur travail et leur pers\u00e9v\u00e9rance au service de leur arm\u00e9e et de leur pays\u00a0\u00bb, a-t-il soulign\u00e9.\u00a0\u00bbAussi, je ne manquerai pas de saluer les cadres promus \u00e0 titre exceptionnel pour les efforts consid\u00e9rables qu&rsquo;ils ont consentis ces derni\u00e8res ann\u00e9es, \u00e0 l&rsquo;instar des athl\u00e8tes de l&rsquo;ANP et des membres de la s\u00e9lection f\u00e9minine de saut en parachute qui se sont engag\u00e9es et distingu\u00e9es avec m\u00e9rite dans cette discipline difficile r\u00e9serv\u00e9e, auparavant, exclusivement aux hommes\u00a0\u00bb, a indiqu\u00e9 le Chef d&rsquo;\u00e9tat-major de l&rsquo;ANP.A ce titre, \u00ab\u00a0je tiens \u00e0 adresser, au nom de Monsieur le pr\u00e9sident de la R\u00e9publique, Chef Supr\u00eame des Forces Arm\u00e9es, ministre de la D\u00e9fense nationale, les f\u00e9licitations les plus sinc\u00e8res \u00e0 l&rsquo;ensemble des personnels promus et des cadres d\u00e9cor\u00e9s de m\u00e9dailles, tout en leur souhaitant plein succ\u00e8s dans leurs carri\u00e8res professionnelles\u00a0\u00bb, a soulign\u00e9 M. Chanegriha.<\/p>\n\n\n\n<p>R.N.<\/p>\n","protected":false},"excerpt":{"rendered":"<p>Le Chef de l\u2019\u00c9tat-major de l\u2019ANP, le G\u00e9n\u00e9ral d\u2019Arm\u00e9e Sa\u00efd Chanegriha a soulign\u00e9, hier toute l\u2019importance de \u00ab&nbsp;perp\u00e9tuer le devoir<\/p>\n","protected":false},"author":3,"featured_media":25847,"comment_status":"open","ping_status":"closed","sticky":false,"template":"","format":"standard","meta":{"colormag_page_container_layout":"default_layout","colormag_page_sidebar_layout":"default_layout","om_disable_all_campaigns":false,"_monsterinsights_skip_tracking":false,"_monsterinsights_sitenote_active":false,"_monsterinsights_sitenote_note":"","_monsterinsights_sitenote_category":0,"footnotes":"","_wpscppro_dont_share_socialmedia":false,"_wpscppro_custom_social_share_image":0,"_facebook_share_type":"","_twitter_share_type":"","_linkedin_share_type":"","_pinterest_share_type":"","_linkedin_share_type_page":"","_instagram_share_type":"","_medium_share_type":"","_threads_share_type":"","_google_business_share_type":"","_selected_social_profile":[],"_wpsp_enable_custom_social_template":false,"_wpsp_social_scheduling":{"enabled":false,"datetime":null,"platforms":[],"status":"template_only","dateOption":"today","timeOption":"now","customDays":"","customHours":"","customDate":"","customTime":"","schedulingType":"absolute"},"_wpsp_active_default_template":true},"categories":[27],"tags":[],"class_list":["post-29856","post","type-post","status-publish","format-standard","has-post-thumbnail","hentry","category-actualite"],"aioseo_notices":[],"yoast_head":"<!-- This site is optimized with the Yoast SEO plugin v27.5 - https:\/\/yoast.com\/product\/yoast-seo-wordpress\/ -->\n<title>C\u00e9r\u00e9monie de remise de grades et de m\u00e9dailles \u00e0 l\u2019occasion de la c\u00e9l\u00e9bration du 1er Novembre\u00a0: \u00ab\u00a0Perp\u00e9tuer le devoir de reconnaissance\u00bb envers les h\u00e9ros de l&rsquo;Alg\u00e9rie - La Sentinelle<\/title>\n<meta name=\"robots\" content=\"index, follow, max-snippet:-1, max-image-preview:large, max-video-preview:-1\" \/>\n<link rel=\"canonical\" href=\"https:\/\/lasentinelle.dz\/index.php\/2022\/10\/30\/ceremonie-de-remise-de-grades-et-de-medailles-a-loccasion-de-la-celebration-du-1er-novembre-perpetuer-le-devoir-de-reconnaissance-envers-les-heros-de-lalgerie\/\" \/>\n<meta property=\"og:locale\" content=\"fr_FR\" \/>\n<meta property=\"og:type\" content=\"article\" \/>\n<meta property=\"og:title\" content=\"C\u00e9r\u00e9monie de remise de grades et de m\u00e9dailles \u00e0 l\u2019occasion de la c\u00e9l\u00e9bration du 1er Novembre\u00a0: \u00ab\u00a0Perp\u00e9tuer le devoir de reconnaissance\u00bb envers les h\u00e9ros de l&rsquo;Alg\u00e9rie - La Sentinelle\" \/>\n<meta property=\"og:description\" content=\"Le Chef de l\u2019\u00c9tat-major de l\u2019ANP, le G\u00e9n\u00e9ral d\u2019Arm\u00e9e Sa\u00efd Chanegriha a soulign\u00e9, hier toute l\u2019importance de \u00ab&nbsp;perp\u00e9tuer le devoir\" \/>\n<meta property=\"og:url\" content=\"https:\/\/lasentinelle.dz\/index.php\/2022\/10\/30\/ceremonie-de-remise-de-grades-et-de-medailles-a-loccasion-de-la-celebration-du-1er-novembre-perpetuer-le-devoir-de-reconnaissance-envers-les-heros-de-lalgerie\/\" \/>\n<meta property=\"og:site_name\" content=\"La Sentinelle\" \/>\n<meta property=\"article:publisher\" content=\"https:\/\/www.facebook.com\/La-Sentinelle-104059864394773\" \/>\n<meta property=\"article:published_time\" content=\"2022-10-30T21:05:00+00:00\" \/>\n<meta property=\"og:image\" content=\"https:\/\/lasentinelle.dz\/wp-content\/uploads\/2022\/08\/chane.png\" \/>\n\t<meta property=\"og:image:width\" content=\"1349\" \/>\n\t<meta property=\"og:image:height\" content=\"900\" \/>\n\t<meta property=\"og:image:type\" content=\"image\/png\" \/>\n<meta name=\"author\" content=\"La Sentinelle\" \/>\n<meta name=\"twitter:card\" content=\"summary_large_image\" \/>\n<meta name=\"twitter:label1\" content=\"\u00c9crit par\" \/>\n\t<meta name=\"twitter:data1\" content=\"La Sentinelle\" \/>\n\t<meta name=\"twitter:label2\" content=\"Dur\u00e9e de lecture estim\u00e9e\" \/>\n\t<meta name=\"twitter:data2\" content=\"3 minutes\" \/>\n<script type=\"application\/ld+json\" class=\"yoast-schema-graph\">{\"@context\":\"https:\\\/\\\/schema.org\",\"@graph\":[{\"@type\":\"Article\",\"@id\":\"https:\\\/\\\/lasentinelle.dz\\\/index.php\\\/2022\\\/10\\\/30\\\/ceremonie-de-remise-de-grades-et-de-medailles-a-loccasion-de-la-celebration-du-1er-novembre-perpetuer-le-devoir-de-reconnaissance-envers-les-heros-de-lalgerie\\\/#article\",\"isPartOf\":{\"@id\":\"https:\\\/\\\/lasentinelle.dz\\\/index.php\\\/2022\\\/10\\\/30\\\/ceremonie-de-remise-de-grades-et-de-medailles-a-loccasion-de-la-celebration-du-1er-novembre-perpetuer-le-devoir-de-reconnaissance-envers-les-heros-de-lalgerie\\\/\"},\"author\":{\"name\":\"La Sentinelle\",\"@id\":\"https:\\\/\\\/lasentinelle.dz\\\/#\\\/schema\\\/person\\\/d865044e22e70a75174ce8bcad3acfb3\"},\"headline\":\"C\u00e9r\u00e9monie de remise de grades et de m\u00e9dailles \u00e0 l\u2019occasion de la c\u00e9l\u00e9bration du 1er Novembre\u00a0: \u00ab\u00a0Perp\u00e9tuer le devoir de reconnaissance\u00bb envers les h\u00e9ros de l&rsquo;Alg\u00e9rie\",\"datePublished\":\"2022-10-30T21:05:00+00:00\",\"mainEntityOfPage\":{\"@id\":\"https:\\\/\\\/lasentinelle.dz\\\/index.php\\\/2022\\\/10\\\/30\\\/ceremonie-de-remise-de-grades-et-de-medailles-a-loccasion-de-la-celebration-du-1er-novembre-perpetuer-le-devoir-de-reconnaissance-envers-les-heros-de-lalgerie\\\/\"},\"wordCount\":741,\"commentCount\":0,\"publisher\":{\"@id\":\"https:\\\/\\\/lasentinelle.dz\\\/#organization\"},\"image\":{\"@id\":\"https:\\\/\\\/lasentinelle.dz\\\/index.php\\\/2022\\\/10\\\/30\\\/ceremonie-de-remise-de-grades-et-de-medailles-a-loccasion-de-la-celebration-du-1er-novembre-perpetuer-le-devoir-de-reconnaissance-envers-les-heros-de-lalgerie\\\/#primaryimage\"},\"thumbnailUrl\":\"https:\\\/\\\/lasentinelle.dz\\\/wp-content\\\/uploads\\\/2022\\\/08\\\/chane.png\",\"articleSection\":[\"Actualit\u00e9\"],\"inLanguage\":\"fr-FR\",\"potentialAction\":[{\"@type\":\"CommentAction\",\"name\":\"Comment\",\"target\":[\"https:\\\/\\\/lasentinelle.dz\\\/index.php\\\/2022\\\/10\\\/30\\\/ceremonie-de-remise-de-grades-et-de-medailles-a-loccasion-de-la-celebration-du-1er-novembre-perpetuer-le-devoir-de-reconnaissance-envers-les-heros-de-lalgerie\\\/#respond\"]}]},{\"@type\":\"WebPage\",\"@id\":\"https:\\\/\\\/lasentinelle.dz\\\/index.php\\\/2022\\\/10\\\/30\\\/ceremonie-de-remise-de-grades-et-de-medailles-a-loccasion-de-la-celebration-du-1er-novembre-perpetuer-le-devoir-de-reconnaissance-envers-les-heros-de-lalgerie\\\/\",\"url\":\"https:\\\/\\\/lasentinelle.dz\\\/index.php\\\/2022\\\/10\\\/30\\\/ceremonie-de-remise-de-grades-et-de-medailles-a-loccasion-de-la-celebration-du-1er-novembre-perpetuer-le-devoir-de-reconnaissance-envers-les-heros-de-lalgerie\\\/\",\"name\":\"C\u00e9r\u00e9monie de remise de grades et de m\u00e9dailles \u00e0 l\u2019occasion de la c\u00e9l\u00e9bration du 1er Novembre\u00a0: \u00ab\u00a0Perp\u00e9tuer le devoir de reconnaissance\u00bb envers les h\u00e9ros de l&rsquo;Alg\u00e9rie - La Sentinelle\",\"isPartOf\":{\"@id\":\"https:\\\/\\\/lasentinelle.dz\\\/#website\"},\"primaryImageOfPage\":{\"@id\":\"https:\\\/\\\/lasentinelle.dz\\\/index.php\\\/2022\\\/10\\\/30\\\/ceremonie-de-remise-de-grades-et-de-medailles-a-loccasion-de-la-celebration-du-1er-novembre-perpetuer-le-devoir-de-reconnaissance-envers-les-heros-de-lalgerie\\\/#primaryimage\"},\"image\":{\"@id\":\"https:\\\/\\\/lasentinelle.dz\\\/index.php\\\/2022\\\/10\\\/30\\\/ceremonie-de-remise-de-grades-et-de-medailles-a-loccasion-de-la-celebration-du-1er-novembre-perpetuer-le-devoir-de-reconnaissance-envers-les-heros-de-lalgerie\\\/#primaryimage\"},\"thumbnailUrl\":\"https:\\\/\\\/lasentinelle.dz\\\/wp-content\\\/uploads\\\/2022\\\/08\\\/chane.png\",\"datePublished\":\"2022-10-30T21:05:00+00:00\",\"breadcrumb\":{\"@id\":\"https:\\\/\\\/lasentinelle.dz\\\/index.php\\\/2022\\\/10\\\/30\\\/ceremonie-de-remise-de-grades-et-de-medailles-a-loccasion-de-la-celebration-du-1er-novembre-perpetuer-le-devoir-de-reconnaissance-envers-les-heros-de-lalgerie\\\/#breadcrumb\"},\"inLanguage\":\"fr-FR\",\"potentialAction\":[{\"@type\":\"ReadAction\",\"target\":[\"https:\\\/\\\/lasentinelle.dz\\\/index.php\\\/2022\\\/10\\\/30\\\/ceremonie-de-remise-de-grades-et-de-medailles-a-loccasion-de-la-celebration-du-1er-novembre-perpetuer-le-devoir-de-reconnaissance-envers-les-heros-de-lalgerie\\\/\"]}]},{\"@type\":\"ImageObject\",\"inLanguage\":\"fr-FR\",\"@id\":\"https:\\\/\\\/lasentinelle.dz\\\/index.php\\\/2022\\\/10\\\/30\\\/ceremonie-de-remise-de-grades-et-de-medailles-a-loccasion-de-la-celebration-du-1er-novembre-perpetuer-le-devoir-de-reconnaissance-envers-les-heros-de-lalgerie\\\/#primaryimage\",\"url\":\"https:\\\/\\\/lasentinelle.dz\\\/wp-content\\\/uploads\\\/2022\\\/08\\\/chane.png\",\"contentUrl\":\"https:\\\/\\\/lasentinelle.dz\\\/wp-content\\\/uploads\\\/2022\\\/08\\\/chane.png\",\"width\":1349,\"height\":900},{\"@type\":\"BreadcrumbList\",\"@id\":\"https:\\\/\\\/lasentinelle.dz\\\/index.php\\\/2022\\\/10\\\/30\\\/ceremonie-de-remise-de-grades-et-de-medailles-a-loccasion-de-la-celebration-du-1er-novembre-perpetuer-le-devoir-de-reconnaissance-envers-les-heros-de-lalgerie\\\/#breadcrumb\",\"itemListElement\":[{\"@type\":\"ListItem\",\"position\":1,\"name\":\"Accueil\",\"item\":\"https:\\\/\\\/lasentinelle.dz\\\/\"},{\"@type\":\"ListItem\",\"position\":2,\"name\":\"C\u00e9r\u00e9monie de remise de grades et de m\u00e9dailles \u00e0 l\u2019occasion de la c\u00e9l\u00e9bration du 1er Novembre\u00a0: \u00ab\u00a0Perp\u00e9tuer le devoir de reconnaissance\u00bb envers les h\u00e9ros de l&rsquo;Alg\u00e9rie\"}]},{\"@type\":\"WebSite\",\"@id\":\"https:\\\/\\\/lasentinelle.dz\\\/#website\",\"url\":\"https:\\\/\\\/lasentinelle.dz\\\/\",\"name\":\"La Sentinelle\",\"description\":\"Quotidien national d&#039;information\",\"publisher\":{\"@id\":\"https:\\\/\\\/lasentinelle.dz\\\/#organization\"},\"potentialAction\":[{\"@type\":\"SearchAction\",\"target\":{\"@type\":\"EntryPoint\",\"urlTemplate\":\"https:\\\/\\\/lasentinelle.dz\\\/?s={search_term_string}\"},\"query-input\":{\"@type\":\"PropertyValueSpecification\",\"valueRequired\":true,\"valueName\":\"search_term_string\"}}],\"inLanguage\":\"fr-FR\"},{\"@type\":\"Organization\",\"@id\":\"https:\\\/\\\/lasentinelle.dz\\\/#organization\",\"name\":\"Quotidien La Sentinelle\",\"url\":\"https:\\\/\\\/lasentinelle.dz\\\/\",\"logo\":{\"@type\":\"ImageObject\",\"inLanguage\":\"fr-FR\",\"@id\":\"https:\\\/\\\/lasentinelle.dz\\\/#\\\/schema\\\/logo\\\/image\\\/\",\"url\":\"https:\\\/\\\/lasentinelle.dz\\\/wp-content\\\/uploads\\\/2021\\\/09\\\/logo-sentinelleSLOGAN-1.png\",\"contentUrl\":\"https:\\\/\\\/lasentinelle.dz\\\/wp-content\\\/uploads\\\/2021\\\/09\\\/logo-sentinelleSLOGAN-1.png\",\"width\":615,\"height\":142,\"caption\":\"Quotidien La Sentinelle\"},\"image\":{\"@id\":\"https:\\\/\\\/lasentinelle.dz\\\/#\\\/schema\\\/logo\\\/image\\\/\"},\"sameAs\":[\"https:\\\/\\\/www.facebook.com\\\/La-Sentinelle-104059864394773\"]},{\"@type\":\"Person\",\"@id\":\"https:\\\/\\\/lasentinelle.dz\\\/#\\\/schema\\\/person\\\/d865044e22e70a75174ce8bcad3acfb3\",\"name\":\"La Sentinelle\",\"image\":{\"@type\":\"ImageObject\",\"inLanguage\":\"fr-FR\",\"@id\":\"https:\\\/\\\/secure.gravatar.com\\\/avatar\\\/57de8e5d4b15d43fb361a71fbb36338450fe67865b528a43dd10ef7c51a20392?s=96&d=mm&r=g\",\"url\":\"https:\\\/\\\/secure.gravatar.com\\\/avatar\\\/57de8e5d4b15d43fb361a71fbb36338450fe67865b528a43dd10ef7c51a20392?s=96&d=mm&r=g\",\"contentUrl\":\"https:\\\/\\\/secure.gravatar.com\\\/avatar\\\/57de8e5d4b15d43fb361a71fbb36338450fe67865b528a43dd10ef7c51a20392?s=96&d=mm&r=g\",\"caption\":\"La Sentinelle\"},\"sameAs\":[\"http:\\\/\\\/www.lasentinelle.dz\"],\"url\":\"https:\\\/\\\/lasentinelle.dz\\\/author\\\/redaction\\\/\"}]}<\/script>\n<!-- \/ Yoast SEO plugin. -->","yoast_head_json":{"title":"C\u00e9r\u00e9monie de remise de grades et de m\u00e9dailles \u00e0 l\u2019occasion de la c\u00e9l\u00e9bration du 1er Novembre\u00a0: \u00ab\u00a0Perp\u00e9tuer le devoir de reconnaissance\u00bb envers les h\u00e9ros de l&rsquo;Alg\u00e9rie - La Sentinelle","robots":{"index":"index","follow":"follow","max-snippet":"max-snippet:-1","max-image-preview":"max-image-preview:large","max-video-preview":"max-video-preview:-1"},"canonical":"https:\/\/lasentinelle.dz\/index.php\/2022\/10\/30\/ceremonie-de-remise-de-grades-et-de-medailles-a-loccasion-de-la-celebration-du-1er-novembre-perpetuer-le-devoir-de-reconnaissance-envers-les-heros-de-lalgerie\/","og_locale":"fr_FR","og_type":"article","og_title":"C\u00e9r\u00e9monie de remise de grades et de m\u00e9dailles \u00e0 l\u2019occasion de la c\u00e9l\u00e9bration du 1er Novembre\u00a0: \u00ab\u00a0Perp\u00e9tuer le devoir de reconnaissance\u00bb envers les h\u00e9ros de l&rsquo;Alg\u00e9rie - La Sentinelle","og_description":"Le Chef de l\u2019\u00c9tat-major de l\u2019ANP, le G\u00e9n\u00e9ral d\u2019Arm\u00e9e Sa\u00efd Chanegriha a soulign\u00e9, hier toute l\u2019importance de \u00ab&nbsp;perp\u00e9tuer le devoir","og_url":"https:\/\/lasentinelle.dz\/index.php\/2022\/10\/30\/ceremonie-de-remise-de-grades-et-de-medailles-a-loccasion-de-la-celebration-du-1er-novembre-perpetuer-le-devoir-de-reconnaissance-envers-les-heros-de-lalgerie\/","og_site_name":"La Sentinelle","article_publisher":"https:\/\/www.facebook.com\/La-Sentinelle-104059864394773","article_published_time":"2022-10-30T21:05:00+00:00","og_image":[{"width":1349,"height":900,"url":"https:\/\/lasentinelle.dz\/wp-content\/uploads\/2022\/08\/chane.png","type":"image\/png"}],"author":"La Sentinelle","twitter_card":"summary_large_image","twitter_misc":{"\u00c9crit par":"La Sentinelle","Dur\u00e9e de lecture estim\u00e9e":"3 minutes"},"schema":{"@context":"https:\/\/schema.org","@graph":[{"@type":"Article","@id":"https:\/\/lasentinelle.dz\/index.php\/2022\/10\/30\/ceremonie-de-remise-de-grades-et-de-medailles-a-loccasion-de-la-celebration-du-1er-novembre-perpetuer-le-devoir-de-reconnaissance-envers-les-heros-de-lalgerie\/#article","isPartOf":{"@id":"https:\/\/lasentinelle.dz\/index.php\/2022\/10\/30\/ceremonie-de-remise-de-grades-et-de-medailles-a-loccasion-de-la-celebration-du-1er-novembre-perpetuer-le-devoir-de-reconnaissance-envers-les-heros-de-lalgerie\/"},"author":{"name":"La Sentinelle","@id":"https:\/\/lasentinelle.dz\/#\/schema\/person\/d865044e22e70a75174ce8bcad3acfb3"},"headline":"C\u00e9r\u00e9monie de remise de grades et de m\u00e9dailles \u00e0 l\u2019occasion de la c\u00e9l\u00e9bration du 1er Novembre\u00a0: \u00ab\u00a0Perp\u00e9tuer le devoir de reconnaissance\u00bb envers les h\u00e9ros de l&rsquo;Alg\u00e9rie","datePublished":"2022-10-30T21:05:00+00:00","mainEntityOfPage":{"@id":"https:\/\/lasentinelle.dz\/index.php\/2022\/10\/30\/ceremonie-de-remise-de-grades-et-de-medailles-a-loccasion-de-la-celebration-du-1er-novembre-perpetuer-le-devoir-de-reconnaissance-envers-les-heros-de-lalgerie\/"},"wordCount":741,"commentCount":0,"publisher":{"@id":"https:\/\/lasentinelle.dz\/#organization"},"image":{"@id":"https:\/\/lasentinelle.dz\/index.php\/2022\/10\/30\/ceremonie-de-remise-de-grades-et-de-medailles-a-loccasion-de-la-celebration-du-1er-novembre-perpetuer-le-devoir-de-reconnaissance-envers-les-heros-de-lalgerie\/#primaryimage"},"thumbnailUrl":"https:\/\/lasentinelle.dz\/wp-content\/uploads\/2022\/08\/chane.png","articleSection":["Actualit\u00e9"],"inLanguage":"fr-FR","potentialAction":[{"@type":"CommentAction","name":"Comment","target":["https:\/\/lasentinelle.dz\/index.php\/2022\/10\/30\/ceremonie-de-remise-de-grades-et-de-medailles-a-loccasion-de-la-celebration-du-1er-novembre-perpetuer-le-devoir-de-reconnaissance-envers-les-heros-de-lalgerie\/#respond"]}]},{"@type":"WebPage","@id":"https:\/\/lasentinelle.dz\/index.php\/2022\/10\/30\/ceremonie-de-remise-de-grades-et-de-medailles-a-loccasion-de-la-celebration-du-1er-novembre-perpetuer-le-devoir-de-reconnaissance-envers-les-heros-de-lalgerie\/","url":"https:\/\/lasentinelle.dz\/index.php\/2022\/10\/30\/ceremonie-de-remise-de-grades-et-de-medailles-a-loccasion-de-la-celebration-du-1er-novembre-perpetuer-le-devoir-de-reconnaissance-envers-les-heros-de-lalgerie\/","name":"C\u00e9r\u00e9monie de remise de grades et de m\u00e9dailles \u00e0 l\u2019occasion de la c\u00e9l\u00e9bration du 1er Novembre\u00a0: \u00ab\u00a0Perp\u00e9tuer le devoir de reconnaissance\u00bb envers les h\u00e9ros de l&rsquo;Alg\u00e9rie - La Sentinelle","isPartOf":{"@id":"https:\/\/lasentinelle.dz\/#website"},"primaryImageOfPage":{"@id":"https:\/\/lasentinelle.dz\/index.php\/2022\/10\/30\/ceremonie-de-remise-de-grades-et-de-medailles-a-loccasion-de-la-celebration-du-1er-novembre-perpetuer-le-devoir-de-reconnaissance-envers-les-heros-de-lalgerie\/#primaryimage"},"image":{"@id":"https:\/\/lasentinelle.dz\/index.php\/2022\/10\/30\/ceremonie-de-remise-de-grades-et-de-medailles-a-loccasion-de-la-celebration-du-1er-novembre-perpetuer-le-devoir-de-reconnaissance-envers-les-heros-de-lalgerie\/#primaryimage"},"thumbnailUrl":"https:\/\/lasentinelle.dz\/wp-content\/uploads\/2022\/08\/chane.png","datePublished":"2022-10-30T21:05:00+00:00","breadcrumb":{"@id":"https:\/\/lasentinelle.dz\/index.php\/2022\/10\/30\/ceremonie-de-remise-de-grades-et-de-medailles-a-loccasion-de-la-celebration-du-1er-novembre-perpetuer-le-devoir-de-reconnaissance-envers-les-heros-de-lalgerie\/#breadcrumb"},"inLanguage":"fr-FR","potentialAction":[{"@type":"ReadAction","target":["https:\/\/lasentinelle.dz\/index.php\/2022\/10\/30\/ceremonie-de-remise-de-grades-et-de-medailles-a-loccasion-de-la-celebration-du-1er-novembre-perpetuer-le-devoir-de-reconnaissance-envers-les-heros-de-lalgerie\/"]}]},{"@type":"ImageObject","inLanguage":"fr-FR","@id":"https:\/\/lasentinelle.dz\/index.php\/2022\/10\/30\/ceremonie-de-remise-de-grades-et-de-medailles-a-loccasion-de-la-celebration-du-1er-novembre-perpetuer-le-devoir-de-reconnaissance-envers-les-heros-de-lalgerie\/#primaryimage","url":"https:\/\/lasentinelle.dz\/wp-content\/uploads\/2022\/08\/chane.png","contentUrl":"https:\/\/lasentinelle.dz\/wp-content\/uploads\/2022\/08\/chane.png","width":1349,"height":900},{"@type":"BreadcrumbList","@id":"https:\/\/lasentinelle.dz\/index.php\/2022\/10\/30\/ceremonie-de-remise-de-grades-et-de-medailles-a-loccasion-de-la-celebration-du-1er-novembre-perpetuer-le-devoir-de-reconnaissance-envers-les-heros-de-lalgerie\/#breadcrumb","itemListElement":[{"@type":"ListItem","position":1,"name":"Accueil","item":"https:\/\/lasentinelle.dz\/"},{"@type":"ListItem","position":2,"name":"C\u00e9r\u00e9monie de remise de grades et de m\u00e9dailles \u00e0 l\u2019occasion de la c\u00e9l\u00e9bration du 1er Novembre\u00a0: \u00ab\u00a0Perp\u00e9tuer le devoir de reconnaissance\u00bb envers les h\u00e9ros de l&rsquo;Alg\u00e9rie"}]},{"@type":"WebSite","@id":"https:\/\/lasentinelle.dz\/#website","url":"https:\/\/lasentinelle.dz\/","name":"La Sentinelle","description":"Quotidien national d&#039;information","publisher":{"@id":"https:\/\/lasentinelle.dz\/#organization"},"potentialAction":[{"@type":"SearchAction","target":{"@type":"EntryPoint","urlTemplate":"https:\/\/lasentinelle.dz\/?s={search_term_string}"},"query-input":{"@type":"PropertyValueSpecification","valueRequired":true,"valueName":"search_term_string"}}],"inLanguage":"fr-FR"},{"@type":"Organization","@id":"https:\/\/lasentinelle.dz\/#organization","name":"Quotidien La Sentinelle","url":"https:\/\/lasentinelle.dz\/","logo":{"@type":"ImageObject","inLanguage":"fr-FR","@id":"https:\/\/lasentinelle.dz\/#\/schema\/logo\/image\/","url":"https:\/\/lasentinelle.dz\/wp-content\/uploads\/2021\/09\/logo-sentinelleSLOGAN-1.png","contentUrl":"https:\/\/lasentinelle.dz\/wp-content\/uploads\/2021\/09\/logo-sentinelleSLOGAN-1.png","width":615,"height":142,"caption":"Quotidien La Sentinelle"},"image":{"@id":"https:\/\/lasentinelle.dz\/#\/schema\/logo\/image\/"},"sameAs":["https:\/\/www.facebook.com\/La-Sentinelle-104059864394773"]},{"@type":"Person","@id":"https:\/\/lasentinelle.dz\/#\/schema\/person\/d865044e22e70a75174ce8bcad3acfb3","name":"La Sentinelle","image":{"@type":"ImageObject","inLanguage":"fr-FR","@id":"https:\/\/secure.gravatar.com\/avatar\/57de8e5d4b15d43fb361a71fbb36338450fe67865b528a43dd10ef7c51a20392?s=96&d=mm&r=g","url":"https:\/\/secure.gravatar.com\/avatar\/57de8e5d4b15d43fb361a71fbb36338450fe67865b528a43dd10ef7c51a20392?s=96&d=mm&r=g","contentUrl":"https:\/\/secure.gravatar.com\/avatar\/57de8e5d4b15d43fb361a71fbb36338450fe67865b528a43dd10ef7c51a20392?s=96&d=mm&r=g","caption":"La Sentinelle"},"sameAs":["http:\/\/www.lasentinelle.dz"],"url":"https:\/\/lasentinelle.dz\/author\/redaction\/"}]}},"_links":{"self":[{"href":"https:\/\/lasentinelle.dz\/index.php\/wp-json\/wp\/v2\/posts\/29856","targetHints":{"allow":["GET"]}}],"collection":[{"href":"https:\/\/lasentinelle.dz\/index.php\/wp-json\/wp\/v2\/posts"}],"about":[{"href":"https:\/\/lasentinelle.dz\/index.php\/wp-json\/wp\/v2\/types\/post"}],"author":[{"embeddable":true,"href":"https:\/\/lasentinelle.dz\/index.php\/wp-json\/wp\/v2\/users\/3"}],"replies":[{"embeddable":true,"href":"https:\/\/lasentinelle.dz\/index.php\/wp-json\/wp\/v2\/comments?post=29856"}],"version-history":[{"count":1,"href":"https:\/\/lasentinelle.dz\/index.php\/wp-json\/wp\/v2\/posts\/29856\/revisions"}],"predecessor-version":[{"id":29863,"href":"https:\/\/lasentinelle.dz\/index.php\/wp-json\/wp\/v2\/posts\/29856\/revisions\/29863"}],"wp:featuredmedia":[{"embeddable":true,"href":"https:\/\/lasentinelle.dz\/index.php\/wp-json\/wp\/v2\/media\/25847"}],"wp:attachment":[{"href":"https:\/\/lasentinelle.dz\/index.php\/wp-json\/wp\/v2\/media?parent=29856"}],"wp:term":[{"taxonomy":"category","embeddable":true,"href":"https:\/\/lasentinelle.dz\/index.php\/wp-json\/wp\/v2\/categories?post=29856"},{"taxonomy":"post_tag","embeddable":true,"href":"https:\/\/lasentinelle.dz\/index.php\/wp-json\/wp\/v2\/tags?post=29856"}],"curies":[{"name":"wp","href":"https:\/\/api.w.org\/{rel}","templated":true}]}}