{"id":29859,"date":"2022-10-30T22:05:00","date_gmt":"2022-10-30T21:05:00","guid":{"rendered":"https:\/\/lasentinelle.dz\/?p=29859"},"modified":"2022-10-30T19:50:10","modified_gmt":"2022-10-30T18:50:10","slug":"commemoration-du-68e-anniversaire-de-la-revolution-de-novembre-source-eternelle-de-fierte-et-de-dignite","status":"publish","type":"post","link":"https:\/\/lasentinelle.dz\/index.php\/2022\/10\/30\/commemoration-du-68e-anniversaire-de-la-revolution-de-novembre-source-eternelle-de-fierte-et-de-dignite\/","title":{"rendered":"Comm\u00e9moration du 68e anniversaire de la R\u00e9volution de Novembre\u00a0: Source \u00e9ternelle de fiert\u00e9 et de dignit\u00e9"},"content":{"rendered":"\n<p>Les Alg\u00e9riens comm\u00e9morent la date du d\u00e9clenchement, le 1er Novembre 1954, de la Guerre de lib\u00e9ration nationale, source \u00e9ternelle de fiert\u00e9 et de dignit\u00e9, dans une Alg\u00e9rie nouvelle qui a parachev\u00e9 son processus d&rsquo;\u00e9dification institutionnel et repris sa marche vers le progr\u00e8s et le d\u00e9veloppement socio-\u00e9conomique.C&rsquo;est dans sa m\u00e9moire collective que la Nation alg\u00e9rienne a puis\u00e9 la force et trouv\u00e9 les ressorts n\u00e9cessaires pour se soulever et arracher sa libert\u00e9 et son ind\u00e9pendance en 1962 apr\u00e8s une lutte arm\u00e9e de 7 ans et demi et des sacrifices incommensurables.Le pr\u00e9sident de la R\u00e9publique avait mis en avant, dans un message \u00e0 l&rsquo;occasion de la comm\u00e9moration du 67e anniversaire de la R\u00e9volution du 1er Novembre, la port\u00e9 de Novembre \u00ab\u00a0source de fiert\u00e9 et de dignit\u00e9 du peuple\u00a0\u00bb, invitant les institutions en charge de l&rsquo;histoire du mouvement national et de la Guerre de lib\u00e9ration \u00e0 \u00ab\u00a0\u00e9laborer des approches et des programmes aux th\u00e8mes et d\u00e9lais fix\u00e9s et \u00e0 archiver, au plus t\u00f4t, la mati\u00e8re historique en recourant \u00e0 la num\u00e9risation, \u00e0 garantir les conditions favorables aux chercheurs et cr\u00e9ateurs dans diverses disciplines pour mettre en avant la r\u00e9alit\u00e9 des durs combats et des lourds sacrifices\u00a0\u00bb.La comm\u00e9moration de la R\u00e9volution du 1er Novembre co\u00efncide, cette ann\u00e9e, avec la tenue du Sommet arabe, sous le signe de l&rsquo;unification des rangs arabes et de la solidarit\u00e9, dans une Alg\u00e9rie qui joue de nouveau un r\u00f4le actif sur la sc\u00e8ne internationale et qui met son action diplomatique au service de la paix et du d\u00e9veloppement dans le monde.Le Sommet d&rsquo;Alger se veut un rendez-vous rassembleur et f\u00e9d\u00e9rateur et pour r\u00e9affirmer le soutien \u00e0 la cause palestinienne et sa centralit\u00e9 pour les Arabes.Avant la tenue de ce Sommet, les diff\u00e9rentes factions palestiniennes ont particip\u00e9 \u00e0 une Conf\u00e9rence d&rsquo;unification des rangs palestiniens et sign\u00e9, le 13 octobre, la \u00ab\u00a0D\u00e9claration d&rsquo;Alger\u00a0\u00bb, dont l&rsquo;objectif est de mettre fin \u00e0 une division de plusieurs ann\u00e9es, en offrant une plateforme solide pour la r\u00e9alisation de l&rsquo;unit\u00e9 nationale palestinienne.La c\u00e9r\u00e9monie de signature s&rsquo;est d\u00e9roul\u00e9e sous la supervision du Pr\u00e9sident Tebboune, artisan de cette r\u00e9conciliation inter-palestinienne, qui a salu\u00e9 une journ\u00e9e m\u00e9morable dans l&rsquo;attente de la concr\u00e9tisation effective de l&rsquo;\u00e9dification de l&rsquo;Etat palestinien ind\u00e9pendant avec Al Qods pour capitale. La \u00ab\u00a0D\u00e9claration d&rsquo;Alger\u00a0\u00bb a \u00e9t\u00e9 sign\u00e9e par 14 factions palestiniennes, dont le Mouvement Fatah et le Mouvement de la r\u00e9sistance palestinienne (Hamas). Articul\u00e9e autour de 9 principes, le document souligne l&rsquo;importance de l&rsquo;unit\u00e9 nationale palestinienne comme base de toute r\u00e9sistance \u00e0 l&rsquo;occupation isra\u00e9lienne des territoires palestiniens.<\/p>\n\n\n\n<p>L&rsquo;Alg\u00e9rie d\u00e9ploie \u00e9galement des efforts constants pour renforcer la s\u00e9curit\u00e9 et la stabilit\u00e9 en Libye. Le pr\u00e9sident du Conseil pr\u00e9sidentiel libyen, Mohamed Yunus Al-Menfi, s&rsquo;est f\u00e9licit\u00e9 du \u00ab\u00a0noble\u00a0\u00bb soutien de l&rsquo;Alg\u00e9rie aux Libyens, mettant en avant son r\u00f4le pivot dans l&rsquo;\u00e9tape \u00e0 venir en vue du r\u00e8glement de la crise dans son pays, \u00e0 travers une position unifi\u00e9e lors du prochain Sommet arabe.Le secr\u00e9taire g\u00e9n\u00e9ral de la Ligue arabe, Ahmed Aboul Gheit, a qualifi\u00e9 la r\u00e9union d&rsquo;Alger de \u00ab\u00a0Sommet rassembleur\u00a0\u00bb.Le secr\u00e9taire g\u00e9n\u00e9ral des Nations unies, M. Antonio Guterres, qui participera au Sommet en tant qu&rsquo;invit\u00e9 d&rsquo;honneur, a salu\u00e9 le r\u00f4le \u00ab\u00a0important et actif\u00a0\u00bb de l&rsquo;Alg\u00e9rie, notamment son leadership sur nombre d&rsquo;actions d\u00e9ploy\u00e9es par l&rsquo;ONU pour la pr\u00e9vention et le r\u00e8glement de conflits r\u00e9gionaux.<\/p>\n\n\n\n<p>R.N. avec APS<\/p>\n","protected":false},"excerpt":{"rendered":"<p>Les Alg\u00e9riens comm\u00e9morent la date du d\u00e9clenchement, le 1er Novembre 1954, de la Guerre de lib\u00e9ration nationale, source \u00e9ternelle de<\/p>\n","protected":false},"author":3,"featured_media":29865,"comment_status":"open","ping_status":"closed","sticky":false,"template":"","format":"standard","meta":{"colormag_page_container_layout":"default_layout","colormag_page_sidebar_layout":"default_layout","om_disable_all_campaigns":false,"_monsterinsights_skip_tracking":false,"_monsterinsights_sitenote_active":false,"_monsterinsights_sitenote_note":"","_monsterinsights_sitenote_category":0,"footnotes":"","_wpscppro_dont_share_socialmedia":false,"_wpscppro_custom_social_share_image":0,"_facebook_share_type":"","_twitter_share_type":"","_linkedin_share_type":"","_pinterest_share_type":"","_linkedin_share_type_page":"","_instagram_share_type":"","_medium_share_type":"","_threads_share_type":"","_google_business_share_type":"","_selected_social_profile":[],"_wpsp_enable_custom_social_template":false,"_wpsp_social_scheduling":{"enabled":false,"datetime":null,"platforms":[],"status":"template_only","dateOption":"today","timeOption":"now","customDays":"","customHours":"","customDate":"","customTime":"","schedulingType":"absolute"},"_wpsp_active_default_template":true},"categories":[27],"tags":[],"class_list":["post-29859","post","type-post","status-publish","format-standard","has-post-thumbnail","hentry","category-actualite"],"aioseo_notices":[],"yoast_head":"<!-- This site is optimized with the Yoast SEO plugin v27.5 - https:\/\/yoast.com\/product\/yoast-seo-wordpress\/ -->\n<title>Comm\u00e9moration du 68e anniversaire de la R\u00e9volution de Novembre\u00a0: Source \u00e9ternelle de fiert\u00e9 et de dignit\u00e9 - La Sentinelle<\/title>\n<meta name=\"robots\" content=\"index, follow, max-snippet:-1, max-image-preview:large, max-video-preview:-1\" \/>\n<link rel=\"canonical\" href=\"https:\/\/lasentinelle.dz\/index.php\/2022\/10\/30\/commemoration-du-68e-anniversaire-de-la-revolution-de-novembre-source-eternelle-de-fierte-et-de-dignite\/\" \/>\n<meta property=\"og:locale\" content=\"fr_FR\" \/>\n<meta property=\"og:type\" content=\"article\" \/>\n<meta property=\"og:title\" content=\"Comm\u00e9moration du 68e anniversaire de la R\u00e9volution de Novembre\u00a0: Source \u00e9ternelle de fiert\u00e9 et de dignit\u00e9 - La Sentinelle\" \/>\n<meta property=\"og:description\" content=\"Les Alg\u00e9riens comm\u00e9morent la date du d\u00e9clenchement, le 1er Novembre 1954, de la Guerre de lib\u00e9ration nationale, source \u00e9ternelle de\" \/>\n<meta property=\"og:url\" content=\"https:\/\/lasentinelle.dz\/index.php\/2022\/10\/30\/commemoration-du-68e-anniversaire-de-la-revolution-de-novembre-source-eternelle-de-fierte-et-de-dignite\/\" \/>\n<meta property=\"og:site_name\" content=\"La Sentinelle\" \/>\n<meta property=\"article:publisher\" content=\"https:\/\/www.facebook.com\/La-Sentinelle-104059864394773\" \/>\n<meta property=\"article:published_time\" content=\"2022-10-30T21:05:00+00:00\" \/>\n<meta property=\"og:image\" content=\"https:\/\/lasentinelle.dz\/wp-content\/uploads\/2022\/10\/Sans-titre-6-10.png\" \/>\n\t<meta property=\"og:image:width\" content=\"1491\" \/>\n\t<meta property=\"og:image:height\" content=\"900\" \/>\n\t<meta property=\"og:image:type\" content=\"image\/png\" \/>\n<meta name=\"author\" content=\"La Sentinelle\" \/>\n<meta name=\"twitter:card\" content=\"summary_large_image\" \/>\n<meta name=\"twitter:label1\" content=\"\u00c9crit par\" \/>\n\t<meta name=\"twitter:data1\" content=\"La Sentinelle\" \/>\n\t<meta name=\"twitter:label2\" content=\"Dur\u00e9e de lecture estim\u00e9e\" \/>\n\t<meta name=\"twitter:data2\" content=\"3 minutes\" \/>\n<script type=\"application\/ld+json\" class=\"yoast-schema-graph\">{\"@context\":\"https:\\\/\\\/schema.org\",\"@graph\":[{\"@type\":\"Article\",\"@id\":\"https:\\\/\\\/lasentinelle.dz\\\/index.php\\\/2022\\\/10\\\/30\\\/commemoration-du-68e-anniversaire-de-la-revolution-de-novembre-source-eternelle-de-fierte-et-de-dignite\\\/#article\",\"isPartOf\":{\"@id\":\"https:\\\/\\\/lasentinelle.dz\\\/index.php\\\/2022\\\/10\\\/30\\\/commemoration-du-68e-anniversaire-de-la-revolution-de-novembre-source-eternelle-de-fierte-et-de-dignite\\\/\"},\"author\":{\"name\":\"La Sentinelle\",\"@id\":\"https:\\\/\\\/lasentinelle.dz\\\/#\\\/schema\\\/person\\\/d865044e22e70a75174ce8bcad3acfb3\"},\"headline\":\"Comm\u00e9moration du 68e anniversaire de la R\u00e9volution de Novembre\u00a0: Source \u00e9ternelle de fiert\u00e9 et de dignit\u00e9\",\"datePublished\":\"2022-10-30T21:05:00+00:00\",\"mainEntityOfPage\":{\"@id\":\"https:\\\/\\\/lasentinelle.dz\\\/index.php\\\/2022\\\/10\\\/30\\\/commemoration-du-68e-anniversaire-de-la-revolution-de-novembre-source-eternelle-de-fierte-et-de-dignite\\\/\"},\"wordCount\":657,\"commentCount\":0,\"publisher\":{\"@id\":\"https:\\\/\\\/lasentinelle.dz\\\/#organization\"},\"image\":{\"@id\":\"https:\\\/\\\/lasentinelle.dz\\\/index.php\\\/2022\\\/10\\\/30\\\/commemoration-du-68e-anniversaire-de-la-revolution-de-novembre-source-eternelle-de-fierte-et-de-dignite\\\/#primaryimage\"},\"thumbnailUrl\":\"https:\\\/\\\/lasentinelle.dz\\\/wp-content\\\/uploads\\\/2022\\\/10\\\/Sans-titre-6-10.png\",\"articleSection\":[\"Actualit\u00e9\"],\"inLanguage\":\"fr-FR\",\"potentialAction\":[{\"@type\":\"CommentAction\",\"name\":\"Comment\",\"target\":[\"https:\\\/\\\/lasentinelle.dz\\\/index.php\\\/2022\\\/10\\\/30\\\/commemoration-du-68e-anniversaire-de-la-revolution-de-novembre-source-eternelle-de-fierte-et-de-dignite\\\/#respond\"]}]},{\"@type\":\"WebPage\",\"@id\":\"https:\\\/\\\/lasentinelle.dz\\\/index.php\\\/2022\\\/10\\\/30\\\/commemoration-du-68e-anniversaire-de-la-revolution-de-novembre-source-eternelle-de-fierte-et-de-dignite\\\/\",\"url\":\"https:\\\/\\\/lasentinelle.dz\\\/index.php\\\/2022\\\/10\\\/30\\\/commemoration-du-68e-anniversaire-de-la-revolution-de-novembre-source-eternelle-de-fierte-et-de-dignite\\\/\",\"name\":\"Comm\u00e9moration du 68e anniversaire de la R\u00e9volution de Novembre\u00a0: Source \u00e9ternelle de fiert\u00e9 et de dignit\u00e9 - La Sentinelle\",\"isPartOf\":{\"@id\":\"https:\\\/\\\/lasentinelle.dz\\\/#website\"},\"primaryImageOfPage\":{\"@id\":\"https:\\\/\\\/lasentinelle.dz\\\/index.php\\\/2022\\\/10\\\/30\\\/commemoration-du-68e-anniversaire-de-la-revolution-de-novembre-source-eternelle-de-fierte-et-de-dignite\\\/#primaryimage\"},\"image\":{\"@id\":\"https:\\\/\\\/lasentinelle.dz\\\/index.php\\\/2022\\\/10\\\/30\\\/commemoration-du-68e-anniversaire-de-la-revolution-de-novembre-source-eternelle-de-fierte-et-de-dignite\\\/#primaryimage\"},\"thumbnailUrl\":\"https:\\\/\\\/lasentinelle.dz\\\/wp-content\\\/uploads\\\/2022\\\/10\\\/Sans-titre-6-10.png\",\"datePublished\":\"2022-10-30T21:05:00+00:00\",\"breadcrumb\":{\"@id\":\"https:\\\/\\\/lasentinelle.dz\\\/index.php\\\/2022\\\/10\\\/30\\\/commemoration-du-68e-anniversaire-de-la-revolution-de-novembre-source-eternelle-de-fierte-et-de-dignite\\\/#breadcrumb\"},\"inLanguage\":\"fr-FR\",\"potentialAction\":[{\"@type\":\"ReadAction\",\"target\":[\"https:\\\/\\\/lasentinelle.dz\\\/index.php\\\/2022\\\/10\\\/30\\\/commemoration-du-68e-anniversaire-de-la-revolution-de-novembre-source-eternelle-de-fierte-et-de-dignite\\\/\"]}]},{\"@type\":\"ImageObject\",\"inLanguage\":\"fr-FR\",\"@id\":\"https:\\\/\\\/lasentinelle.dz\\\/index.php\\\/2022\\\/10\\\/30\\\/commemoration-du-68e-anniversaire-de-la-revolution-de-novembre-source-eternelle-de-fierte-et-de-dignite\\\/#primaryimage\",\"url\":\"https:\\\/\\\/lasentinelle.dz\\\/wp-content\\\/uploads\\\/2022\\\/10\\\/Sans-titre-6-10.png\",\"contentUrl\":\"https:\\\/\\\/lasentinelle.dz\\\/wp-content\\\/uploads\\\/2022\\\/10\\\/Sans-titre-6-10.png\",\"width\":1491,\"height\":900},{\"@type\":\"BreadcrumbList\",\"@id\":\"https:\\\/\\\/lasentinelle.dz\\\/index.php\\\/2022\\\/10\\\/30\\\/commemoration-du-68e-anniversaire-de-la-revolution-de-novembre-source-eternelle-de-fierte-et-de-dignite\\\/#breadcrumb\",\"itemListElement\":[{\"@type\":\"ListItem\",\"position\":1,\"name\":\"Accueil\",\"item\":\"https:\\\/\\\/lasentinelle.dz\\\/\"},{\"@type\":\"ListItem\",\"position\":2,\"name\":\"Comm\u00e9moration du 68e anniversaire de la R\u00e9volution de Novembre\u00a0: Source \u00e9ternelle de fiert\u00e9 et de dignit\u00e9\"}]},{\"@type\":\"WebSite\",\"@id\":\"https:\\\/\\\/lasentinelle.dz\\\/#website\",\"url\":\"https:\\\/\\\/lasentinelle.dz\\\/\",\"name\":\"La Sentinelle\",\"description\":\"Quotidien national d&#039;information\",\"publisher\":{\"@id\":\"https:\\\/\\\/lasentinelle.dz\\\/#organization\"},\"potentialAction\":[{\"@type\":\"SearchAction\",\"target\":{\"@type\":\"EntryPoint\",\"urlTemplate\":\"https:\\\/\\\/lasentinelle.dz\\\/?s={search_term_string}\"},\"query-input\":{\"@type\":\"PropertyValueSpecification\",\"valueRequired\":true,\"valueName\":\"search_term_string\"}}],\"inLanguage\":\"fr-FR\"},{\"@type\":\"Organization\",\"@id\":\"https:\\\/\\\/lasentinelle.dz\\\/#organization\",\"name\":\"Quotidien La Sentinelle\",\"url\":\"https:\\\/\\\/lasentinelle.dz\\\/\",\"logo\":{\"@type\":\"ImageObject\",\"inLanguage\":\"fr-FR\",\"@id\":\"https:\\\/\\\/lasentinelle.dz\\\/#\\\/schema\\\/logo\\\/image\\\/\",\"url\":\"https:\\\/\\\/lasentinelle.dz\\\/wp-content\\\/uploads\\\/2021\\\/09\\\/logo-sentinelleSLOGAN-1.png\",\"contentUrl\":\"https:\\\/\\\/lasentinelle.dz\\\/wp-content\\\/uploads\\\/2021\\\/09\\\/logo-sentinelleSLOGAN-1.png\",\"width\":615,\"height\":142,\"caption\":\"Quotidien La Sentinelle\"},\"image\":{\"@id\":\"https:\\\/\\\/lasentinelle.dz\\\/#\\\/schema\\\/logo\\\/image\\\/\"},\"sameAs\":[\"https:\\\/\\\/www.facebook.com\\\/La-Sentinelle-104059864394773\"]},{\"@type\":\"Person\",\"@id\":\"https:\\\/\\\/lasentinelle.dz\\\/#\\\/schema\\\/person\\\/d865044e22e70a75174ce8bcad3acfb3\",\"name\":\"La Sentinelle\",\"image\":{\"@type\":\"ImageObject\",\"inLanguage\":\"fr-FR\",\"@id\":\"https:\\\/\\\/secure.gravatar.com\\\/avatar\\\/57de8e5d4b15d43fb361a71fbb36338450fe67865b528a43dd10ef7c51a20392?s=96&d=mm&r=g\",\"url\":\"https:\\\/\\\/secure.gravatar.com\\\/avatar\\\/57de8e5d4b15d43fb361a71fbb36338450fe67865b528a43dd10ef7c51a20392?s=96&d=mm&r=g\",\"contentUrl\":\"https:\\\/\\\/secure.gravatar.com\\\/avatar\\\/57de8e5d4b15d43fb361a71fbb36338450fe67865b528a43dd10ef7c51a20392?s=96&d=mm&r=g\",\"caption\":\"La Sentinelle\"},\"sameAs\":[\"http:\\\/\\\/www.lasentinelle.dz\"],\"url\":\"https:\\\/\\\/lasentinelle.dz\\\/author\\\/redaction\\\/\"}]}<\/script>\n<!-- \/ Yoast SEO plugin. -->","yoast_head_json":{"title":"Comm\u00e9moration du 68e anniversaire de la R\u00e9volution de Novembre\u00a0: Source \u00e9ternelle de fiert\u00e9 et de dignit\u00e9 - La Sentinelle","robots":{"index":"index","follow":"follow","max-snippet":"max-snippet:-1","max-image-preview":"max-image-preview:large","max-video-preview":"max-video-preview:-1"},"canonical":"https:\/\/lasentinelle.dz\/index.php\/2022\/10\/30\/commemoration-du-68e-anniversaire-de-la-revolution-de-novembre-source-eternelle-de-fierte-et-de-dignite\/","og_locale":"fr_FR","og_type":"article","og_title":"Comm\u00e9moration du 68e anniversaire de la R\u00e9volution de Novembre\u00a0: Source \u00e9ternelle de fiert\u00e9 et de dignit\u00e9 - La Sentinelle","og_description":"Les Alg\u00e9riens comm\u00e9morent la date du d\u00e9clenchement, le 1er Novembre 1954, de la Guerre de lib\u00e9ration nationale, source \u00e9ternelle de","og_url":"https:\/\/lasentinelle.dz\/index.php\/2022\/10\/30\/commemoration-du-68e-anniversaire-de-la-revolution-de-novembre-source-eternelle-de-fierte-et-de-dignite\/","og_site_name":"La Sentinelle","article_publisher":"https:\/\/www.facebook.com\/La-Sentinelle-104059864394773","article_published_time":"2022-10-30T21:05:00+00:00","og_image":[{"width":1491,"height":900,"url":"https:\/\/lasentinelle.dz\/wp-content\/uploads\/2022\/10\/Sans-titre-6-10.png","type":"image\/png"}],"author":"La Sentinelle","twitter_card":"summary_large_image","twitter_misc":{"\u00c9crit par":"La Sentinelle","Dur\u00e9e de lecture estim\u00e9e":"3 minutes"},"schema":{"@context":"https:\/\/schema.org","@graph":[{"@type":"Article","@id":"https:\/\/lasentinelle.dz\/index.php\/2022\/10\/30\/commemoration-du-68e-anniversaire-de-la-revolution-de-novembre-source-eternelle-de-fierte-et-de-dignite\/#article","isPartOf":{"@id":"https:\/\/lasentinelle.dz\/index.php\/2022\/10\/30\/commemoration-du-68e-anniversaire-de-la-revolution-de-novembre-source-eternelle-de-fierte-et-de-dignite\/"},"author":{"name":"La Sentinelle","@id":"https:\/\/lasentinelle.dz\/#\/schema\/person\/d865044e22e70a75174ce8bcad3acfb3"},"headline":"Comm\u00e9moration du 68e anniversaire de la R\u00e9volution de Novembre\u00a0: Source \u00e9ternelle de fiert\u00e9 et de dignit\u00e9","datePublished":"2022-10-30T21:05:00+00:00","mainEntityOfPage":{"@id":"https:\/\/lasentinelle.dz\/index.php\/2022\/10\/30\/commemoration-du-68e-anniversaire-de-la-revolution-de-novembre-source-eternelle-de-fierte-et-de-dignite\/"},"wordCount":657,"commentCount":0,"publisher":{"@id":"https:\/\/lasentinelle.dz\/#organization"},"image":{"@id":"https:\/\/lasentinelle.dz\/index.php\/2022\/10\/30\/commemoration-du-68e-anniversaire-de-la-revolution-de-novembre-source-eternelle-de-fierte-et-de-dignite\/#primaryimage"},"thumbnailUrl":"https:\/\/lasentinelle.dz\/wp-content\/uploads\/2022\/10\/Sans-titre-6-10.png","articleSection":["Actualit\u00e9"],"inLanguage":"fr-FR","potentialAction":[{"@type":"CommentAction","name":"Comment","target":["https:\/\/lasentinelle.dz\/index.php\/2022\/10\/30\/commemoration-du-68e-anniversaire-de-la-revolution-de-novembre-source-eternelle-de-fierte-et-de-dignite\/#respond"]}]},{"@type":"WebPage","@id":"https:\/\/lasentinelle.dz\/index.php\/2022\/10\/30\/commemoration-du-68e-anniversaire-de-la-revolution-de-novembre-source-eternelle-de-fierte-et-de-dignite\/","url":"https:\/\/lasentinelle.dz\/index.php\/2022\/10\/30\/commemoration-du-68e-anniversaire-de-la-revolution-de-novembre-source-eternelle-de-fierte-et-de-dignite\/","name":"Comm\u00e9moration du 68e anniversaire de la R\u00e9volution de Novembre\u00a0: Source \u00e9ternelle de fiert\u00e9 et de dignit\u00e9 - La Sentinelle","isPartOf":{"@id":"https:\/\/lasentinelle.dz\/#website"},"primaryImageOfPage":{"@id":"https:\/\/lasentinelle.dz\/index.php\/2022\/10\/30\/commemoration-du-68e-anniversaire-de-la-revolution-de-novembre-source-eternelle-de-fierte-et-de-dignite\/#primaryimage"},"image":{"@id":"https:\/\/lasentinelle.dz\/index.php\/2022\/10\/30\/commemoration-du-68e-anniversaire-de-la-revolution-de-novembre-source-eternelle-de-fierte-et-de-dignite\/#primaryimage"},"thumbnailUrl":"https:\/\/lasentinelle.dz\/wp-content\/uploads\/2022\/10\/Sans-titre-6-10.png","datePublished":"2022-10-30T21:05:00+00:00","breadcrumb":{"@id":"https:\/\/lasentinelle.dz\/index.php\/2022\/10\/30\/commemoration-du-68e-anniversaire-de-la-revolution-de-novembre-source-eternelle-de-fierte-et-de-dignite\/#breadcrumb"},"inLanguage":"fr-FR","potentialAction":[{"@type":"ReadAction","target":["https:\/\/lasentinelle.dz\/index.php\/2022\/10\/30\/commemoration-du-68e-anniversaire-de-la-revolution-de-novembre-source-eternelle-de-fierte-et-de-dignite\/"]}]},{"@type":"ImageObject","inLanguage":"fr-FR","@id":"https:\/\/lasentinelle.dz\/index.php\/2022\/10\/30\/commemoration-du-68e-anniversaire-de-la-revolution-de-novembre-source-eternelle-de-fierte-et-de-dignite\/#primaryimage","url":"https:\/\/lasentinelle.dz\/wp-content\/uploads\/2022\/10\/Sans-titre-6-10.png","contentUrl":"https:\/\/lasentinelle.dz\/wp-content\/uploads\/2022\/10\/Sans-titre-6-10.png","width":1491,"height":900},{"@type":"BreadcrumbList","@id":"https:\/\/lasentinelle.dz\/index.php\/2022\/10\/30\/commemoration-du-68e-anniversaire-de-la-revolution-de-novembre-source-eternelle-de-fierte-et-de-dignite\/#breadcrumb","itemListElement":[{"@type":"ListItem","position":1,"name":"Accueil","item":"https:\/\/lasentinelle.dz\/"},{"@type":"ListItem","position":2,"name":"Comm\u00e9moration du 68e anniversaire de la R\u00e9volution de Novembre\u00a0: Source \u00e9ternelle de fiert\u00e9 et de dignit\u00e9"}]},{"@type":"WebSite","@id":"https:\/\/lasentinelle.dz\/#website","url":"https:\/\/lasentinelle.dz\/","name":"La Sentinelle","description":"Quotidien national d&#039;information","publisher":{"@id":"https:\/\/lasentinelle.dz\/#organization"},"potentialAction":[{"@type":"SearchAction","target":{"@type":"EntryPoint","urlTemplate":"https:\/\/lasentinelle.dz\/?s={search_term_string}"},"query-input":{"@type":"PropertyValueSpecification","valueRequired":true,"valueName":"search_term_string"}}],"inLanguage":"fr-FR"},{"@type":"Organization","@id":"https:\/\/lasentinelle.dz\/#organization","name":"Quotidien La Sentinelle","url":"https:\/\/lasentinelle.dz\/","logo":{"@type":"ImageObject","inLanguage":"fr-FR","@id":"https:\/\/lasentinelle.dz\/#\/schema\/logo\/image\/","url":"https:\/\/lasentinelle.dz\/wp-content\/uploads\/2021\/09\/logo-sentinelleSLOGAN-1.png","contentUrl":"https:\/\/lasentinelle.dz\/wp-content\/uploads\/2021\/09\/logo-sentinelleSLOGAN-1.png","width":615,"height":142,"caption":"Quotidien La Sentinelle"},"image":{"@id":"https:\/\/lasentinelle.dz\/#\/schema\/logo\/image\/"},"sameAs":["https:\/\/www.facebook.com\/La-Sentinelle-104059864394773"]},{"@type":"Person","@id":"https:\/\/lasentinelle.dz\/#\/schema\/person\/d865044e22e70a75174ce8bcad3acfb3","name":"La Sentinelle","image":{"@type":"ImageObject","inLanguage":"fr-FR","@id":"https:\/\/secure.gravatar.com\/avatar\/57de8e5d4b15d43fb361a71fbb36338450fe67865b528a43dd10ef7c51a20392?s=96&d=mm&r=g","url":"https:\/\/secure.gravatar.com\/avatar\/57de8e5d4b15d43fb361a71fbb36338450fe67865b528a43dd10ef7c51a20392?s=96&d=mm&r=g","contentUrl":"https:\/\/secure.gravatar.com\/avatar\/57de8e5d4b15d43fb361a71fbb36338450fe67865b528a43dd10ef7c51a20392?s=96&d=mm&r=g","caption":"La Sentinelle"},"sameAs":["http:\/\/www.lasentinelle.dz"],"url":"https:\/\/lasentinelle.dz\/author\/redaction\/"}]}},"_links":{"self":[{"href":"https:\/\/lasentinelle.dz\/index.php\/wp-json\/wp\/v2\/posts\/29859","targetHints":{"allow":["GET"]}}],"collection":[{"href":"https:\/\/lasentinelle.dz\/index.php\/wp-json\/wp\/v2\/posts"}],"about":[{"href":"https:\/\/lasentinelle.dz\/index.php\/wp-json\/wp\/v2\/types\/post"}],"author":[{"embeddable":true,"href":"https:\/\/lasentinelle.dz\/index.php\/wp-json\/wp\/v2\/users\/3"}],"replies":[{"embeddable":true,"href":"https:\/\/lasentinelle.dz\/index.php\/wp-json\/wp\/v2\/comments?post=29859"}],"version-history":[{"count":1,"href":"https:\/\/lasentinelle.dz\/index.php\/wp-json\/wp\/v2\/posts\/29859\/revisions"}],"predecessor-version":[{"id":29868,"href":"https:\/\/lasentinelle.dz\/index.php\/wp-json\/wp\/v2\/posts\/29859\/revisions\/29868"}],"wp:featuredmedia":[{"embeddable":true,"href":"https:\/\/lasentinelle.dz\/index.php\/wp-json\/wp\/v2\/media\/29865"}],"wp:attachment":[{"href":"https:\/\/lasentinelle.dz\/index.php\/wp-json\/wp\/v2\/media?parent=29859"}],"wp:term":[{"taxonomy":"category","embeddable":true,"href":"https:\/\/lasentinelle.dz\/index.php\/wp-json\/wp\/v2\/categories?post=29859"},{"taxonomy":"post_tag","embeddable":true,"href":"https:\/\/lasentinelle.dz\/index.php\/wp-json\/wp\/v2\/tags?post=29859"}],"curies":[{"name":"wp","href":"https:\/\/api.w.org\/{rel}","templated":true}]}}