{"id":29862,"date":"2022-10-30T22:05:00","date_gmt":"2022-10-30T21:05:00","guid":{"rendered":"https:\/\/lasentinelle.dz\/?p=29862"},"modified":"2022-10-30T21:26:23","modified_gmt":"2022-10-30T20:26:23","slug":"reglement-de-la-crise-libyenne-seules-des-elections-libres","status":"publish","type":"post","link":"https:\/\/lasentinelle.dz\/index.php\/2022\/10\/30\/reglement-de-la-crise-libyenne-seules-des-elections-libres\/","title":{"rendered":"R\u00e8glement de la crise libyenne\u00a0: Seules des \u00e9lections libres"},"content":{"rendered":"\n<p>Le 31<sup>e<\/sup> Sommet arabe qui s\u2019ouvrira demain \u00e0 Alger sera l\u2019occasion de se pencher sur les crises et conflits qui secouent actuellement le monde arabe. Dans ce sens, le r\u00e8glement de la crise libyenne figure en bonne place des questions qui seront examin\u00e9es lors de la r\u00e9union des dirigeants et chefs d\u2019\u00c9tats arabes. D\u2019ailleurs, un consensus sur la n\u00e9cessit\u00e9 d\u2019un r\u00e8glement de la crise qui secoue ce pays fr\u00e8re et voisin depuis plus d\u2019une d\u00e9cennie par le biais de l\u2019organisation d\u2019\u00e9lections libres s\u2019est d\u00e9gag\u00e9 hier lors de la r\u00e9union des ministres arabes des Affaires \u00e9trang\u00e8re pr\u00e9paratoire pour les travaux du Sommet du 1<sup>er<\/sup> novembre.&nbsp; Dans ce sens, la ministre libyenne des Affaires \u00e9trang\u00e8res, Nadjla Al-Mangouche, a affirm\u00e9 hier que plusieurs \u00ab&nbsp;plusieurs d\u00e9cisions relatives \u00e0 la s\u00e9curit\u00e9 arabe ont fait l&rsquo;objet de consultations samedi et dimanche et nous avons convenu de la n\u00e9cessit\u00e9 d&rsquo;organiser des \u00e9lections qui soient \u00e0 la hauteur des aspirations du peuple libyen, \u00e0 m\u00eame de mettre fin aux p\u00e9riodes de transition et consacrer la stabilit\u00e9 politique&nbsp;\u00bb. La cheffe de la diplomatie libyenne a pr\u00e9cis\u00e9 dans ce sens que les travaux ont port\u00e9 \u00e9galement sur des questions inh\u00e9rentes \u00e0 nombre de pays \u00e0 l&rsquo;image du Y\u00e9men, de la Syrie, de Djibouti, de la Somalie et de la Palestine, qui est la \u00ab\u00a0cause centrale\u00a0\u00bb de l&rsquo;action arabe. Et de souligner que des \u00ab&nbsp;d\u00e9cisions \u00e9quilibr\u00e9es en faveur des int\u00e9r\u00eats des peuples arabes ont \u00e9t\u00e9 prises&nbsp;\u00bb.La cheffe de la diplomatie libyenne a mis en avant \u00ab\u00a0la sagesse et la souplesse des dirigeants alg\u00e9riens qui ont toujours su r\u00e9soudre les divergences et parvenir \u00e0 un terrain d&rsquo;entente\u00a0\u00bb, ajoutant que \u00ab\u00a0l&rsquo;Alg\u00e9rie est capable de rassembler les rangs arabes\u00a0\u00bb.<\/p>\n\n\n\n<p>Il est utile de souligner dans ce sens que l\u2019Alg\u00e9rie a toujours plaid\u00e9 en faveur d\u2019une solution politique et pacifique de la crise en Libye, laquelle passe par un processus de r\u00e9conciliation et la tenue d\u2019\u00e9lections libres \u00e0 m\u00eame de doter la Libye d\u2019institutions l\u00e9gitimes, et la fin des interventions \u00e9trang\u00e8res. Un processus de dialogueinterlibyen a \u00e9t\u00e9 lanc\u00e9 sous l\u2019\u00e9gide de l\u2019ONU avait \u00e9t\u00e9 lanc\u00e9 dans le sillage de la Conf\u00e9rence de Berlin sur la Libye. Un processus qui a permis de former un gouvernement de transition charg\u00e9 d\u2019organiser des \u00e9lections g\u00e9n\u00e9rales lesquels devaient se tenir au mois de d\u00e9cembre dernier. Des \u00e9lections malheureusement report\u00e9es Sine die en raison de l\u2019absence d\u2019accord sur une base constitutionnelle ou du moins d\u2019une base \u00e9lectorale. Depuis, la situation s\u2019est d\u00e9grad\u00e9e en raison des tentatives du seigneur de guerre Khalifa Haftar de prendre le pouvoir par la force, ce qui a donn\u00e9 lieu \u00e0 de nouvelles divisions et la cr\u00e9ation d\u2019un gouvernement parall\u00e8le. Dans ce sens, le SG de l\u2019ONU, Antonio Guterres, lequel doit d\u2019ailleurs prendre part au Sommet d\u2019Alger a soulign\u00e9 il y a quelques jours la tenue d\u2019\u00e9lections en Libye, et a exhort\u00e9 la Chambre des Repr\u00e9sentants (Parlement, bas\u00e9 \u00e0 Tobrouk) et le Haut Conseil de l&rsquo;\u00c9tat (S\u00e9nat, bas\u00e9 \u00e0 Tripoli) \u00e0 finaliser le dispositif constitutionnel dont d\u00e9pend l&rsquo;organisation des \u00e9lections.<\/p>\n\n\n\n<p><strong>Hocine Fadheli<\/strong><\/p>\n","protected":false},"excerpt":{"rendered":"<p>Le 31e Sommet arabe qui s\u2019ouvrira demain \u00e0 Alger sera l\u2019occasion de se pencher sur les crises et conflits qui<\/p>\n","protected":false},"author":3,"featured_media":29887,"comment_status":"open","ping_status":"closed","sticky":false,"template":"","format":"standard","meta":{"colormag_page_container_layout":"default_layout","colormag_page_sidebar_layout":"default_layout","om_disable_all_campaigns":false,"_monsterinsights_skip_tracking":false,"_monsterinsights_sitenote_active":false,"_monsterinsights_sitenote_note":"","_monsterinsights_sitenote_category":0,"footnotes":"","_wpscppro_dont_share_socialmedia":false,"_wpscppro_custom_social_share_image":0,"_facebook_share_type":"","_twitter_share_type":"","_linkedin_share_type":"","_pinterest_share_type":"","_linkedin_share_type_page":"","_instagram_share_type":"","_medium_share_type":"","_threads_share_type":"","_google_business_share_type":"","_selected_social_profile":[],"_wpsp_enable_custom_social_template":false,"_wpsp_social_scheduling":{"enabled":false,"datetime":null,"platforms":[],"status":"template_only","dateOption":"today","timeOption":"now","customDays":"","customHours":"","customDate":"","customTime":"","schedulingType":"absolute"},"_wpsp_active_default_template":true},"categories":[27],"tags":[],"class_list":["post-29862","post","type-post","status-publish","format-standard","has-post-thumbnail","hentry","category-actualite"],"aioseo_notices":[],"yoast_head":"<!-- This site is optimized with the Yoast SEO plugin v27.5 - https:\/\/yoast.com\/product\/yoast-seo-wordpress\/ -->\n<title>R\u00e8glement de la crise libyenne\u00a0: Seules des \u00e9lections libres - La Sentinelle<\/title>\n<meta name=\"robots\" content=\"index, follow, max-snippet:-1, max-image-preview:large, max-video-preview:-1\" \/>\n<link rel=\"canonical\" href=\"https:\/\/lasentinelle.dz\/index.php\/2022\/10\/30\/reglement-de-la-crise-libyenne-seules-des-elections-libres\/\" \/>\n<meta property=\"og:locale\" content=\"fr_FR\" \/>\n<meta property=\"og:type\" content=\"article\" \/>\n<meta property=\"og:title\" content=\"R\u00e8glement de la crise libyenne\u00a0: Seules des \u00e9lections libres - La Sentinelle\" \/>\n<meta property=\"og:description\" content=\"Le 31e Sommet arabe qui s\u2019ouvrira demain \u00e0 Alger sera l\u2019occasion de se pencher sur les crises et conflits qui\" \/>\n<meta property=\"og:url\" content=\"https:\/\/lasentinelle.dz\/index.php\/2022\/10\/30\/reglement-de-la-crise-libyenne-seules-des-elections-libres\/\" \/>\n<meta property=\"og:site_name\" content=\"La Sentinelle\" \/>\n<meta property=\"article:publisher\" content=\"https:\/\/www.facebook.com\/La-Sentinelle-104059864394773\" \/>\n<meta property=\"article:published_time\" content=\"2022-10-30T21:05:00+00:00\" \/>\n<meta property=\"og:image\" content=\"https:\/\/lasentinelle.dz\/wp-content\/uploads\/2022\/10\/image_2022-10-30_212531612.png\" \/>\n\t<meta property=\"og:image:width\" content=\"1520\" \/>\n\t<meta property=\"og:image:height\" content=\"855\" \/>\n\t<meta property=\"og:image:type\" content=\"image\/png\" \/>\n<meta name=\"author\" content=\"La Sentinelle\" \/>\n<meta name=\"twitter:card\" content=\"summary_large_image\" \/>\n<meta name=\"twitter:label1\" content=\"\u00c9crit par\" \/>\n\t<meta name=\"twitter:data1\" content=\"La Sentinelle\" \/>\n\t<meta name=\"twitter:label2\" content=\"Dur\u00e9e de lecture estim\u00e9e\" \/>\n\t<meta name=\"twitter:data2\" content=\"3 minutes\" \/>\n<script type=\"application\/ld+json\" class=\"yoast-schema-graph\">{\"@context\":\"https:\\\/\\\/schema.org\",\"@graph\":[{\"@type\":\"Article\",\"@id\":\"https:\\\/\\\/lasentinelle.dz\\\/index.php\\\/2022\\\/10\\\/30\\\/reglement-de-la-crise-libyenne-seules-des-elections-libres\\\/#article\",\"isPartOf\":{\"@id\":\"https:\\\/\\\/lasentinelle.dz\\\/index.php\\\/2022\\\/10\\\/30\\\/reglement-de-la-crise-libyenne-seules-des-elections-libres\\\/\"},\"author\":{\"name\":\"La Sentinelle\",\"@id\":\"https:\\\/\\\/lasentinelle.dz\\\/#\\\/schema\\\/person\\\/d865044e22e70a75174ce8bcad3acfb3\"},\"headline\":\"R\u00e8glement de la crise libyenne\u00a0: Seules des \u00e9lections libres\",\"datePublished\":\"2022-10-30T21:05:00+00:00\",\"mainEntityOfPage\":{\"@id\":\"https:\\\/\\\/lasentinelle.dz\\\/index.php\\\/2022\\\/10\\\/30\\\/reglement-de-la-crise-libyenne-seules-des-elections-libres\\\/\"},\"wordCount\":577,\"commentCount\":0,\"publisher\":{\"@id\":\"https:\\\/\\\/lasentinelle.dz\\\/#organization\"},\"image\":{\"@id\":\"https:\\\/\\\/lasentinelle.dz\\\/index.php\\\/2022\\\/10\\\/30\\\/reglement-de-la-crise-libyenne-seules-des-elections-libres\\\/#primaryimage\"},\"thumbnailUrl\":\"https:\\\/\\\/lasentinelle.dz\\\/wp-content\\\/uploads\\\/2022\\\/10\\\/image_2022-10-30_212531612.png\",\"articleSection\":[\"Actualit\u00e9\"],\"inLanguage\":\"fr-FR\",\"potentialAction\":[{\"@type\":\"CommentAction\",\"name\":\"Comment\",\"target\":[\"https:\\\/\\\/lasentinelle.dz\\\/index.php\\\/2022\\\/10\\\/30\\\/reglement-de-la-crise-libyenne-seules-des-elections-libres\\\/#respond\"]}]},{\"@type\":\"WebPage\",\"@id\":\"https:\\\/\\\/lasentinelle.dz\\\/index.php\\\/2022\\\/10\\\/30\\\/reglement-de-la-crise-libyenne-seules-des-elections-libres\\\/\",\"url\":\"https:\\\/\\\/lasentinelle.dz\\\/index.php\\\/2022\\\/10\\\/30\\\/reglement-de-la-crise-libyenne-seules-des-elections-libres\\\/\",\"name\":\"R\u00e8glement de la crise libyenne\u00a0: Seules des \u00e9lections libres - La Sentinelle\",\"isPartOf\":{\"@id\":\"https:\\\/\\\/lasentinelle.dz\\\/#website\"},\"primaryImageOfPage\":{\"@id\":\"https:\\\/\\\/lasentinelle.dz\\\/index.php\\\/2022\\\/10\\\/30\\\/reglement-de-la-crise-libyenne-seules-des-elections-libres\\\/#primaryimage\"},\"image\":{\"@id\":\"https:\\\/\\\/lasentinelle.dz\\\/index.php\\\/2022\\\/10\\\/30\\\/reglement-de-la-crise-libyenne-seules-des-elections-libres\\\/#primaryimage\"},\"thumbnailUrl\":\"https:\\\/\\\/lasentinelle.dz\\\/wp-content\\\/uploads\\\/2022\\\/10\\\/image_2022-10-30_212531612.png\",\"datePublished\":\"2022-10-30T21:05:00+00:00\",\"breadcrumb\":{\"@id\":\"https:\\\/\\\/lasentinelle.dz\\\/index.php\\\/2022\\\/10\\\/30\\\/reglement-de-la-crise-libyenne-seules-des-elections-libres\\\/#breadcrumb\"},\"inLanguage\":\"fr-FR\",\"potentialAction\":[{\"@type\":\"ReadAction\",\"target\":[\"https:\\\/\\\/lasentinelle.dz\\\/index.php\\\/2022\\\/10\\\/30\\\/reglement-de-la-crise-libyenne-seules-des-elections-libres\\\/\"]}]},{\"@type\":\"ImageObject\",\"inLanguage\":\"fr-FR\",\"@id\":\"https:\\\/\\\/lasentinelle.dz\\\/index.php\\\/2022\\\/10\\\/30\\\/reglement-de-la-crise-libyenne-seules-des-elections-libres\\\/#primaryimage\",\"url\":\"https:\\\/\\\/lasentinelle.dz\\\/wp-content\\\/uploads\\\/2022\\\/10\\\/image_2022-10-30_212531612.png\",\"contentUrl\":\"https:\\\/\\\/lasentinelle.dz\\\/wp-content\\\/uploads\\\/2022\\\/10\\\/image_2022-10-30_212531612.png\",\"width\":1520,\"height\":855},{\"@type\":\"BreadcrumbList\",\"@id\":\"https:\\\/\\\/lasentinelle.dz\\\/index.php\\\/2022\\\/10\\\/30\\\/reglement-de-la-crise-libyenne-seules-des-elections-libres\\\/#breadcrumb\",\"itemListElement\":[{\"@type\":\"ListItem\",\"position\":1,\"name\":\"Accueil\",\"item\":\"https:\\\/\\\/lasentinelle.dz\\\/\"},{\"@type\":\"ListItem\",\"position\":2,\"name\":\"R\u00e8glement de la crise libyenne\u00a0: Seules des \u00e9lections libres\"}]},{\"@type\":\"WebSite\",\"@id\":\"https:\\\/\\\/lasentinelle.dz\\\/#website\",\"url\":\"https:\\\/\\\/lasentinelle.dz\\\/\",\"name\":\"La Sentinelle\",\"description\":\"Quotidien national d&#039;information\",\"publisher\":{\"@id\":\"https:\\\/\\\/lasentinelle.dz\\\/#organization\"},\"potentialAction\":[{\"@type\":\"SearchAction\",\"target\":{\"@type\":\"EntryPoint\",\"urlTemplate\":\"https:\\\/\\\/lasentinelle.dz\\\/?s={search_term_string}\"},\"query-input\":{\"@type\":\"PropertyValueSpecification\",\"valueRequired\":true,\"valueName\":\"search_term_string\"}}],\"inLanguage\":\"fr-FR\"},{\"@type\":\"Organization\",\"@id\":\"https:\\\/\\\/lasentinelle.dz\\\/#organization\",\"name\":\"Quotidien La Sentinelle\",\"url\":\"https:\\\/\\\/lasentinelle.dz\\\/\",\"logo\":{\"@type\":\"ImageObject\",\"inLanguage\":\"fr-FR\",\"@id\":\"https:\\\/\\\/lasentinelle.dz\\\/#\\\/schema\\\/logo\\\/image\\\/\",\"url\":\"https:\\\/\\\/lasentinelle.dz\\\/wp-content\\\/uploads\\\/2021\\\/09\\\/logo-sentinelleSLOGAN-1.png\",\"contentUrl\":\"https:\\\/\\\/lasentinelle.dz\\\/wp-content\\\/uploads\\\/2021\\\/09\\\/logo-sentinelleSLOGAN-1.png\",\"width\":615,\"height\":142,\"caption\":\"Quotidien La Sentinelle\"},\"image\":{\"@id\":\"https:\\\/\\\/lasentinelle.dz\\\/#\\\/schema\\\/logo\\\/image\\\/\"},\"sameAs\":[\"https:\\\/\\\/www.facebook.com\\\/La-Sentinelle-104059864394773\"]},{\"@type\":\"Person\",\"@id\":\"https:\\\/\\\/lasentinelle.dz\\\/#\\\/schema\\\/person\\\/d865044e22e70a75174ce8bcad3acfb3\",\"name\":\"La Sentinelle\",\"image\":{\"@type\":\"ImageObject\",\"inLanguage\":\"fr-FR\",\"@id\":\"https:\\\/\\\/secure.gravatar.com\\\/avatar\\\/57de8e5d4b15d43fb361a71fbb36338450fe67865b528a43dd10ef7c51a20392?s=96&d=mm&r=g\",\"url\":\"https:\\\/\\\/secure.gravatar.com\\\/avatar\\\/57de8e5d4b15d43fb361a71fbb36338450fe67865b528a43dd10ef7c51a20392?s=96&d=mm&r=g\",\"contentUrl\":\"https:\\\/\\\/secure.gravatar.com\\\/avatar\\\/57de8e5d4b15d43fb361a71fbb36338450fe67865b528a43dd10ef7c51a20392?s=96&d=mm&r=g\",\"caption\":\"La Sentinelle\"},\"sameAs\":[\"http:\\\/\\\/www.lasentinelle.dz\"],\"url\":\"https:\\\/\\\/lasentinelle.dz\\\/author\\\/redaction\\\/\"}]}<\/script>\n<!-- \/ Yoast SEO plugin. -->","yoast_head_json":{"title":"R\u00e8glement de la crise libyenne\u00a0: Seules des \u00e9lections libres - La Sentinelle","robots":{"index":"index","follow":"follow","max-snippet":"max-snippet:-1","max-image-preview":"max-image-preview:large","max-video-preview":"max-video-preview:-1"},"canonical":"https:\/\/lasentinelle.dz\/index.php\/2022\/10\/30\/reglement-de-la-crise-libyenne-seules-des-elections-libres\/","og_locale":"fr_FR","og_type":"article","og_title":"R\u00e8glement de la crise libyenne\u00a0: Seules des \u00e9lections libres - La Sentinelle","og_description":"Le 31e Sommet arabe qui s\u2019ouvrira demain \u00e0 Alger sera l\u2019occasion de se pencher sur les crises et conflits qui","og_url":"https:\/\/lasentinelle.dz\/index.php\/2022\/10\/30\/reglement-de-la-crise-libyenne-seules-des-elections-libres\/","og_site_name":"La Sentinelle","article_publisher":"https:\/\/www.facebook.com\/La-Sentinelle-104059864394773","article_published_time":"2022-10-30T21:05:00+00:00","og_image":[{"width":1520,"height":855,"url":"https:\/\/lasentinelle.dz\/wp-content\/uploads\/2022\/10\/image_2022-10-30_212531612.png","type":"image\/png"}],"author":"La Sentinelle","twitter_card":"summary_large_image","twitter_misc":{"\u00c9crit par":"La Sentinelle","Dur\u00e9e de lecture estim\u00e9e":"3 minutes"},"schema":{"@context":"https:\/\/schema.org","@graph":[{"@type":"Article","@id":"https:\/\/lasentinelle.dz\/index.php\/2022\/10\/30\/reglement-de-la-crise-libyenne-seules-des-elections-libres\/#article","isPartOf":{"@id":"https:\/\/lasentinelle.dz\/index.php\/2022\/10\/30\/reglement-de-la-crise-libyenne-seules-des-elections-libres\/"},"author":{"name":"La Sentinelle","@id":"https:\/\/lasentinelle.dz\/#\/schema\/person\/d865044e22e70a75174ce8bcad3acfb3"},"headline":"R\u00e8glement de la crise libyenne\u00a0: Seules des \u00e9lections libres","datePublished":"2022-10-30T21:05:00+00:00","mainEntityOfPage":{"@id":"https:\/\/lasentinelle.dz\/index.php\/2022\/10\/30\/reglement-de-la-crise-libyenne-seules-des-elections-libres\/"},"wordCount":577,"commentCount":0,"publisher":{"@id":"https:\/\/lasentinelle.dz\/#organization"},"image":{"@id":"https:\/\/lasentinelle.dz\/index.php\/2022\/10\/30\/reglement-de-la-crise-libyenne-seules-des-elections-libres\/#primaryimage"},"thumbnailUrl":"https:\/\/lasentinelle.dz\/wp-content\/uploads\/2022\/10\/image_2022-10-30_212531612.png","articleSection":["Actualit\u00e9"],"inLanguage":"fr-FR","potentialAction":[{"@type":"CommentAction","name":"Comment","target":["https:\/\/lasentinelle.dz\/index.php\/2022\/10\/30\/reglement-de-la-crise-libyenne-seules-des-elections-libres\/#respond"]}]},{"@type":"WebPage","@id":"https:\/\/lasentinelle.dz\/index.php\/2022\/10\/30\/reglement-de-la-crise-libyenne-seules-des-elections-libres\/","url":"https:\/\/lasentinelle.dz\/index.php\/2022\/10\/30\/reglement-de-la-crise-libyenne-seules-des-elections-libres\/","name":"R\u00e8glement de la crise libyenne\u00a0: Seules des \u00e9lections libres - La Sentinelle","isPartOf":{"@id":"https:\/\/lasentinelle.dz\/#website"},"primaryImageOfPage":{"@id":"https:\/\/lasentinelle.dz\/index.php\/2022\/10\/30\/reglement-de-la-crise-libyenne-seules-des-elections-libres\/#primaryimage"},"image":{"@id":"https:\/\/lasentinelle.dz\/index.php\/2022\/10\/30\/reglement-de-la-crise-libyenne-seules-des-elections-libres\/#primaryimage"},"thumbnailUrl":"https:\/\/lasentinelle.dz\/wp-content\/uploads\/2022\/10\/image_2022-10-30_212531612.png","datePublished":"2022-10-30T21:05:00+00:00","breadcrumb":{"@id":"https:\/\/lasentinelle.dz\/index.php\/2022\/10\/30\/reglement-de-la-crise-libyenne-seules-des-elections-libres\/#breadcrumb"},"inLanguage":"fr-FR","potentialAction":[{"@type":"ReadAction","target":["https:\/\/lasentinelle.dz\/index.php\/2022\/10\/30\/reglement-de-la-crise-libyenne-seules-des-elections-libres\/"]}]},{"@type":"ImageObject","inLanguage":"fr-FR","@id":"https:\/\/lasentinelle.dz\/index.php\/2022\/10\/30\/reglement-de-la-crise-libyenne-seules-des-elections-libres\/#primaryimage","url":"https:\/\/lasentinelle.dz\/wp-content\/uploads\/2022\/10\/image_2022-10-30_212531612.png","contentUrl":"https:\/\/lasentinelle.dz\/wp-content\/uploads\/2022\/10\/image_2022-10-30_212531612.png","width":1520,"height":855},{"@type":"BreadcrumbList","@id":"https:\/\/lasentinelle.dz\/index.php\/2022\/10\/30\/reglement-de-la-crise-libyenne-seules-des-elections-libres\/#breadcrumb","itemListElement":[{"@type":"ListItem","position":1,"name":"Accueil","item":"https:\/\/lasentinelle.dz\/"},{"@type":"ListItem","position":2,"name":"R\u00e8glement de la crise libyenne\u00a0: Seules des \u00e9lections libres"}]},{"@type":"WebSite","@id":"https:\/\/lasentinelle.dz\/#website","url":"https:\/\/lasentinelle.dz\/","name":"La Sentinelle","description":"Quotidien national d&#039;information","publisher":{"@id":"https:\/\/lasentinelle.dz\/#organization"},"potentialAction":[{"@type":"SearchAction","target":{"@type":"EntryPoint","urlTemplate":"https:\/\/lasentinelle.dz\/?s={search_term_string}"},"query-input":{"@type":"PropertyValueSpecification","valueRequired":true,"valueName":"search_term_string"}}],"inLanguage":"fr-FR"},{"@type":"Organization","@id":"https:\/\/lasentinelle.dz\/#organization","name":"Quotidien La Sentinelle","url":"https:\/\/lasentinelle.dz\/","logo":{"@type":"ImageObject","inLanguage":"fr-FR","@id":"https:\/\/lasentinelle.dz\/#\/schema\/logo\/image\/","url":"https:\/\/lasentinelle.dz\/wp-content\/uploads\/2021\/09\/logo-sentinelleSLOGAN-1.png","contentUrl":"https:\/\/lasentinelle.dz\/wp-content\/uploads\/2021\/09\/logo-sentinelleSLOGAN-1.png","width":615,"height":142,"caption":"Quotidien La Sentinelle"},"image":{"@id":"https:\/\/lasentinelle.dz\/#\/schema\/logo\/image\/"},"sameAs":["https:\/\/www.facebook.com\/La-Sentinelle-104059864394773"]},{"@type":"Person","@id":"https:\/\/lasentinelle.dz\/#\/schema\/person\/d865044e22e70a75174ce8bcad3acfb3","name":"La Sentinelle","image":{"@type":"ImageObject","inLanguage":"fr-FR","@id":"https:\/\/secure.gravatar.com\/avatar\/57de8e5d4b15d43fb361a71fbb36338450fe67865b528a43dd10ef7c51a20392?s=96&d=mm&r=g","url":"https:\/\/secure.gravatar.com\/avatar\/57de8e5d4b15d43fb361a71fbb36338450fe67865b528a43dd10ef7c51a20392?s=96&d=mm&r=g","contentUrl":"https:\/\/secure.gravatar.com\/avatar\/57de8e5d4b15d43fb361a71fbb36338450fe67865b528a43dd10ef7c51a20392?s=96&d=mm&r=g","caption":"La Sentinelle"},"sameAs":["http:\/\/www.lasentinelle.dz"],"url":"https:\/\/lasentinelle.dz\/author\/redaction\/"}]}},"_links":{"self":[{"href":"https:\/\/lasentinelle.dz\/index.php\/wp-json\/wp\/v2\/posts\/29862","targetHints":{"allow":["GET"]}}],"collection":[{"href":"https:\/\/lasentinelle.dz\/index.php\/wp-json\/wp\/v2\/posts"}],"about":[{"href":"https:\/\/lasentinelle.dz\/index.php\/wp-json\/wp\/v2\/types\/post"}],"author":[{"embeddable":true,"href":"https:\/\/lasentinelle.dz\/index.php\/wp-json\/wp\/v2\/users\/3"}],"replies":[{"embeddable":true,"href":"https:\/\/lasentinelle.dz\/index.php\/wp-json\/wp\/v2\/comments?post=29862"}],"version-history":[{"count":1,"href":"https:\/\/lasentinelle.dz\/index.php\/wp-json\/wp\/v2\/posts\/29862\/revisions"}],"predecessor-version":[{"id":29888,"href":"https:\/\/lasentinelle.dz\/index.php\/wp-json\/wp\/v2\/posts\/29862\/revisions\/29888"}],"wp:featuredmedia":[{"embeddable":true,"href":"https:\/\/lasentinelle.dz\/index.php\/wp-json\/wp\/v2\/media\/29887"}],"wp:attachment":[{"href":"https:\/\/lasentinelle.dz\/index.php\/wp-json\/wp\/v2\/media?parent=29862"}],"wp:term":[{"taxonomy":"category","embeddable":true,"href":"https:\/\/lasentinelle.dz\/index.php\/wp-json\/wp\/v2\/categories?post=29862"},{"taxonomy":"post_tag","embeddable":true,"href":"https:\/\/lasentinelle.dz\/index.php\/wp-json\/wp\/v2\/tags?post=29862"}],"curies":[{"name":"wp","href":"https:\/\/api.w.org\/{rel}","templated":true}]}}