{"id":29955,"date":"2022-11-01T22:00:00","date_gmt":"2022-11-01T21:00:00","guid":{"rendered":"https:\/\/lasentinelle.dz\/?p=29955"},"modified":"2022-11-01T21:34:56","modified_gmt":"2022-11-01T20:34:56","slug":"le-president-tebboune-a-qna-les-sommet-dalger-est-nouveau-depart","status":"publish","type":"post","link":"https:\/\/lasentinelle.dz\/index.php\/2022\/11\/01\/le-president-tebboune-a-qna-les-sommet-dalger-est-nouveau-depart\/","title":{"rendered":"Le pr\u00e9sident Tebboune \u00e0 QNA\u00a0: Le Sommet d\u2019Alger est \u00ab\u00a0nouveau d\u00e9part\u00a0\u00bb"},"content":{"rendered":"\n<p>Le pr\u00e9sident de la R\u00e9publique, Abdelmadjid Tebboune,&nbsp; accord\u00e9 une interview \u00e0 l&rsquo;Agence de presse qatarie (QNA), &nbsp;et dans laquelle il s\u2019est dit optimiste quant aux r\u00e9sultats du 31<sup>e<\/sup>sommet arabe ouvert hier \u00e0 Alger, estimant qu&rsquo;il s&rsquo;agit d&rsquo;un \u00ab\u00a0nouveau d\u00e9part \u00e0 m\u00eame d&rsquo;impulser et de renforcer l&rsquo;action arabe commune\u00a0\u00bb. Il a soulign\u00e9 dans le m\u00eame contexte que que \u00ab\u00a0la dynamisation et la concr\u00e9tisation de l&rsquo;action arabe commune \u00e0 travers la coop\u00e9ration \u00e9conomique et le rapprochement des vues sur les diff\u00e9rentes questions, au service de nos peuples arabes, sont autant de facteurs \u00e0 m\u00eame d&rsquo;impulser la coop\u00e9ration arabe escompt\u00e9e\u00a0\u00bb.Le pr\u00e9sident de la R\u00e9publique a mis en avant les efforts incessants consentis par l&rsquo;Alg\u00e9rie pour faire de la 31e session ordinaire du Sommet arabe \u00ab\u00a0une occasion pour relancer l&rsquo;esprit de Solidarit\u00e9 arabe, inspir\u00e9 de l&rsquo;histoire et du destin commun, et pour relever les d\u00e9fis afin de r\u00e9organiser la Ligue arabe, nos peuples \u00e9tant de plus en plus conscients des tentatives visant \u00e0 alimenter les conflits pour affaiblir l&rsquo;unit\u00e9 arabe\u00a0\u00bb.Il a soulign\u00e9, \u00e0 ce propos, la question palestinienne est une question \u00ab\u00a0centrale\u00a0\u00bb pour l&rsquo;Alg\u00e9rie et il est de son devoir envers le peuple palestinien, de le soutenir en tout temps et toutes circonstances\u00a0\u00bb.Le pr\u00e9sident Tebboune s&rsquo;est f\u00e9licit\u00e9, dans ce sens, du soutien permanent de l&rsquo;Alg\u00e9rie aux d\u00e9cisions et chartes internationales en faveur des droits l\u00e9gitimes du peuple palestinien, \u00e0 leur t\u00eate les r\u00e9solutions onusiennes.&nbsp;&nbsp; A cet effet, le Pr\u00e9sident Tebboune a souhait\u00e9 que \u00ab\u00a0le Sommet d&rsquo;Alger contribue \u00e0 replacer la question palestinienne au-devant de la sc\u00e8ne et au centre des d\u00e9bats arabes et internationaux, face aux exactions et aux agressions de l&rsquo;occupant contre le peuple palestinien\u00a0\u00bb. Le Pr\u00e9sident Tebboune a \u00e9mis l&rsquo;espoir de voir ces efforts aboutir \u00e0 l&rsquo;unification des rangs palestiniens, en application de \u00ab\u00a0la D\u00e9claration d&rsquo;Alger\u00a0\u00bb, pour mettre fin \u00e0 la division qui ne sert pas le peuple palestinien.A la question de savoir si le sommet d&rsquo;Alger \u00e9tait capable de relever les diff\u00e9rents d\u00e9fis internationaux et r\u00e9gionaux, le pr\u00e9sident Tebboune a indiqu\u00e9 que \u00ab\u00a0nous sommes confiants en nos capacit\u00e9s en notre r\u00f4le actif en tant que pays arabes, au sein de la Communaut\u00e9 internationale en tant que bloc homog\u00e8ne dans lequel nous respectons la souverainet\u00e9 et les d\u00e9cisions des Etats ainsi que la non-ing\u00e9rence dans les affaires d&rsquo;autrui et \u0153uvrons \u00e0 profiter des diverses \u00e9nergies que renferment nos pays\u00a0\u00bb.\u00a0\u00bbN\u00e9anmoins, a-t-il dit, il ne s&rsquo;agit nullement de s&rsquo;isoler mais cela fait de nous une force de coh\u00e9sion et conforte notre capacit\u00e9 \u00e0 satisfaire les aspirations de nos peuples\u00a0\u00bb.Concernant les crises internes dont souffrent certains pays arabes, le Pr\u00e9sident de la R\u00e9publique a rappel\u00e9 que l&rsquo;Alg\u00e9rie \u00ab\u00a0\u0153uvre aux c\u00f4t\u00e9s de nos fr\u00e8res au sein de la Ligue arabe \u00e0 poursuivre les efforts pour trouver une issue \u00e0 ces crises qui nous pr\u00e9occupent tous en fait\u00a0\u00bb.\u00a0\u00bbNous \u0153uvrons \u00e0 promouvoir le dialogue et la voie pacifique en tant qu&rsquo;unique m\u00e9canisme capable de contenir ces crises, \u00e0 privil\u00e9gier les solutions dans le cadre du respect de la souverainet\u00e9 des Etats et \u00e0 rejeter toute forme d&rsquo;ing\u00e9rence \u00e9trang\u00e8re \u00e0 l&rsquo;origine de la long\u00e9vit\u00e9 de toute crise, comme en t\u00e9moigne l&rsquo;histoire\u00a0\u00bb, a-t-il soutenu.&nbsp;&nbsp;&nbsp; Le Pr\u00e9sident de la R\u00e9publique a mis en avant les relations alg\u00e9ro-qataries qu&rsquo;il a qualifi\u00e9es d\u00a0\u00bb&rsquo;exemplaires\u00a0\u00bb, relevant \u00ab\u00a0la convergence de vues\u00a0\u00bb entre les deux pays concernant les questions politiques d&rsquo;int\u00e9r\u00eat commun.Les dirigeants des deux pays \u0153uvrent \u00e0 promouvoir la coop\u00e9ration bilat\u00e9rale \u00e9conomique \u00e0 de meilleurs niveaux au mieux des int\u00e9r\u00eats des deux peuples fr\u00e8res, a-t-il ajout\u00e9 soulignant \u00e0 ce propos leur attachement \u00ab\u00a0\u00e0 continuer \u00e0 \u0153uvrer ensemble \u00e0 r\u00e9aliser davantage d&rsquo;investissements \u00e0 court et moyen termes\u00a0\u00bb.Apr\u00e8s avoir relev\u00e9 \u00ab\u00a0le r\u00f4le actif\u00a0\u00bb de l&rsquo;Emir de l&rsquo;Etat du Qatar dans le soutien de la cause palestinienne, le Pr\u00e9sident de la R\u00e9publique a affirm\u00e9 que l&rsquo;Alg\u00e9rie et le Qatar \u00ab\u00a0partagent la m\u00eame position\u00a0\u00bb ajoutant qu'\u00a0\u00bben fait tous les efforts d\u00e9ploy\u00e9s au service des int\u00e9r\u00eats des peuples arabes, quels que soient les r\u00e9sultats sur le terrain, sont louables et renforcent l&rsquo;esprit de solidarit\u00e9 qui ne doit en aucun cas faire d\u00e9faut, car nous sommes appel\u00e9s au final \u00e0 relever ensemble de nombreux d\u00e9fis\u00a0\u00bb.Le Pr\u00e9sident Tebboune a soulign\u00e9 que \u00ab\u00a0l&rsquo;adoption d&rsquo;une vision \u00e9quilibr\u00e9e loin du langage des int\u00e9r\u00eats sont les deux principaux facteurs qui ont permis \u00e0 la diplomatie qatarie de trouver des solutions \u00e0 des conflits de longue date\u00a0\u00bb, une d\u00e9marche qui est \u00e0 m\u00eame d&rsquo;impacter positivement le r\u00f4le du Qatar dans la r\u00e9gion.<\/p>\n\n\n\n<p>R.N.<\/p>\n","protected":false},"excerpt":{"rendered":"<p>Le pr\u00e9sident de la R\u00e9publique, Abdelmadjid Tebboune,&nbsp; accord\u00e9 une interview \u00e0 l&rsquo;Agence de presse qatarie (QNA), &nbsp;et dans laquelle il<\/p>\n","protected":false},"author":3,"featured_media":29972,"comment_status":"open","ping_status":"closed","sticky":false,"template":"","format":"standard","meta":{"colormag_page_container_layout":"default_layout","colormag_page_sidebar_layout":"default_layout","om_disable_all_campaigns":false,"_monsterinsights_skip_tracking":false,"_monsterinsights_sitenote_active":false,"_monsterinsights_sitenote_note":"","_monsterinsights_sitenote_category":0,"footnotes":"","_wpscppro_dont_share_socialmedia":false,"_wpscppro_custom_social_share_image":0,"_facebook_share_type":"","_twitter_share_type":"","_linkedin_share_type":"","_pinterest_share_type":"","_linkedin_share_type_page":"","_instagram_share_type":"","_medium_share_type":"","_threads_share_type":"","_google_business_share_type":"","_selected_social_profile":[],"_wpsp_enable_custom_social_template":false,"_wpsp_social_scheduling":{"enabled":false,"datetime":null,"platforms":[],"status":"template_only","dateOption":"today","timeOption":"now","customDays":"","customHours":"","customDate":"","customTime":"","schedulingType":"absolute"},"_wpsp_active_default_template":true},"categories":[27],"tags":[],"class_list":["post-29955","post","type-post","status-publish","format-standard","has-post-thumbnail","hentry","category-actualite"],"aioseo_notices":[],"yoast_head":"<!-- This site is optimized with the Yoast SEO plugin v27.5 - https:\/\/yoast.com\/product\/yoast-seo-wordpress\/ -->\n<title>Le pr\u00e9sident Tebboune \u00e0 QNA\u00a0: Le Sommet d\u2019Alger est \u00ab\u00a0nouveau d\u00e9part\u00a0\u00bb - La Sentinelle<\/title>\n<meta name=\"robots\" content=\"index, follow, max-snippet:-1, max-image-preview:large, max-video-preview:-1\" \/>\n<link rel=\"canonical\" href=\"https:\/\/lasentinelle.dz\/index.php\/2022\/11\/01\/le-president-tebboune-a-qna-les-sommet-dalger-est-nouveau-depart\/\" \/>\n<meta property=\"og:locale\" content=\"fr_FR\" \/>\n<meta property=\"og:type\" content=\"article\" \/>\n<meta property=\"og:title\" content=\"Le pr\u00e9sident Tebboune \u00e0 QNA\u00a0: Le Sommet d\u2019Alger est \u00ab\u00a0nouveau d\u00e9part\u00a0\u00bb - La Sentinelle\" \/>\n<meta property=\"og:description\" content=\"Le pr\u00e9sident de la R\u00e9publique, Abdelmadjid Tebboune,&nbsp; accord\u00e9 une interview \u00e0 l&rsquo;Agence de presse qatarie (QNA), &nbsp;et dans laquelle il\" \/>\n<meta property=\"og:url\" content=\"https:\/\/lasentinelle.dz\/index.php\/2022\/11\/01\/le-president-tebboune-a-qna-les-sommet-dalger-est-nouveau-depart\/\" \/>\n<meta property=\"og:site_name\" content=\"La Sentinelle\" \/>\n<meta property=\"article:publisher\" content=\"https:\/\/www.facebook.com\/La-Sentinelle-104059864394773\" \/>\n<meta property=\"article:published_time\" content=\"2022-11-01T21:00:00+00:00\" \/>\n<meta property=\"og:image\" content=\"https:\/\/lasentinelle.dz\/wp-content\/uploads\/2022\/11\/Sans-titre-8.png\" \/>\n\t<meta property=\"og:image:width\" content=\"1144\" \/>\n\t<meta property=\"og:image:height\" content=\"900\" \/>\n\t<meta property=\"og:image:type\" content=\"image\/png\" \/>\n<meta name=\"author\" content=\"La Sentinelle\" \/>\n<meta name=\"twitter:card\" content=\"summary_large_image\" \/>\n<meta name=\"twitter:label1\" content=\"\u00c9crit par\" \/>\n\t<meta name=\"twitter:data1\" content=\"La Sentinelle\" \/>\n\t<meta name=\"twitter:label2\" content=\"Dur\u00e9e de lecture estim\u00e9e\" \/>\n\t<meta name=\"twitter:data2\" content=\"4 minutes\" \/>\n<script type=\"application\/ld+json\" class=\"yoast-schema-graph\">{\"@context\":\"https:\\\/\\\/schema.org\",\"@graph\":[{\"@type\":\"Article\",\"@id\":\"https:\\\/\\\/lasentinelle.dz\\\/index.php\\\/2022\\\/11\\\/01\\\/le-president-tebboune-a-qna-les-sommet-dalger-est-nouveau-depart\\\/#article\",\"isPartOf\":{\"@id\":\"https:\\\/\\\/lasentinelle.dz\\\/index.php\\\/2022\\\/11\\\/01\\\/le-president-tebboune-a-qna-les-sommet-dalger-est-nouveau-depart\\\/\"},\"author\":{\"name\":\"La Sentinelle\",\"@id\":\"https:\\\/\\\/lasentinelle.dz\\\/#\\\/schema\\\/person\\\/d865044e22e70a75174ce8bcad3acfb3\"},\"headline\":\"Le pr\u00e9sident Tebboune \u00e0 QNA\u00a0: Le Sommet d\u2019Alger est \u00ab\u00a0nouveau d\u00e9part\u00a0\u00bb\",\"datePublished\":\"2022-11-01T21:00:00+00:00\",\"mainEntityOfPage\":{\"@id\":\"https:\\\/\\\/lasentinelle.dz\\\/index.php\\\/2022\\\/11\\\/01\\\/le-president-tebboune-a-qna-les-sommet-dalger-est-nouveau-depart\\\/\"},\"wordCount\":856,\"commentCount\":0,\"publisher\":{\"@id\":\"https:\\\/\\\/lasentinelle.dz\\\/#organization\"},\"image\":{\"@id\":\"https:\\\/\\\/lasentinelle.dz\\\/index.php\\\/2022\\\/11\\\/01\\\/le-president-tebboune-a-qna-les-sommet-dalger-est-nouveau-depart\\\/#primaryimage\"},\"thumbnailUrl\":\"https:\\\/\\\/lasentinelle.dz\\\/wp-content\\\/uploads\\\/2022\\\/11\\\/Sans-titre-8.png\",\"articleSection\":[\"Actualit\u00e9\"],\"inLanguage\":\"fr-FR\",\"potentialAction\":[{\"@type\":\"CommentAction\",\"name\":\"Comment\",\"target\":[\"https:\\\/\\\/lasentinelle.dz\\\/index.php\\\/2022\\\/11\\\/01\\\/le-president-tebboune-a-qna-les-sommet-dalger-est-nouveau-depart\\\/#respond\"]}]},{\"@type\":\"WebPage\",\"@id\":\"https:\\\/\\\/lasentinelle.dz\\\/index.php\\\/2022\\\/11\\\/01\\\/le-president-tebboune-a-qna-les-sommet-dalger-est-nouveau-depart\\\/\",\"url\":\"https:\\\/\\\/lasentinelle.dz\\\/index.php\\\/2022\\\/11\\\/01\\\/le-president-tebboune-a-qna-les-sommet-dalger-est-nouveau-depart\\\/\",\"name\":\"Le pr\u00e9sident Tebboune \u00e0 QNA\u00a0: Le Sommet d\u2019Alger est \u00ab\u00a0nouveau d\u00e9part\u00a0\u00bb - La Sentinelle\",\"isPartOf\":{\"@id\":\"https:\\\/\\\/lasentinelle.dz\\\/#website\"},\"primaryImageOfPage\":{\"@id\":\"https:\\\/\\\/lasentinelle.dz\\\/index.php\\\/2022\\\/11\\\/01\\\/le-president-tebboune-a-qna-les-sommet-dalger-est-nouveau-depart\\\/#primaryimage\"},\"image\":{\"@id\":\"https:\\\/\\\/lasentinelle.dz\\\/index.php\\\/2022\\\/11\\\/01\\\/le-president-tebboune-a-qna-les-sommet-dalger-est-nouveau-depart\\\/#primaryimage\"},\"thumbnailUrl\":\"https:\\\/\\\/lasentinelle.dz\\\/wp-content\\\/uploads\\\/2022\\\/11\\\/Sans-titre-8.png\",\"datePublished\":\"2022-11-01T21:00:00+00:00\",\"breadcrumb\":{\"@id\":\"https:\\\/\\\/lasentinelle.dz\\\/index.php\\\/2022\\\/11\\\/01\\\/le-president-tebboune-a-qna-les-sommet-dalger-est-nouveau-depart\\\/#breadcrumb\"},\"inLanguage\":\"fr-FR\",\"potentialAction\":[{\"@type\":\"ReadAction\",\"target\":[\"https:\\\/\\\/lasentinelle.dz\\\/index.php\\\/2022\\\/11\\\/01\\\/le-president-tebboune-a-qna-les-sommet-dalger-est-nouveau-depart\\\/\"]}]},{\"@type\":\"ImageObject\",\"inLanguage\":\"fr-FR\",\"@id\":\"https:\\\/\\\/lasentinelle.dz\\\/index.php\\\/2022\\\/11\\\/01\\\/le-president-tebboune-a-qna-les-sommet-dalger-est-nouveau-depart\\\/#primaryimage\",\"url\":\"https:\\\/\\\/lasentinelle.dz\\\/wp-content\\\/uploads\\\/2022\\\/11\\\/Sans-titre-8.png\",\"contentUrl\":\"https:\\\/\\\/lasentinelle.dz\\\/wp-content\\\/uploads\\\/2022\\\/11\\\/Sans-titre-8.png\",\"width\":1144,\"height\":900},{\"@type\":\"BreadcrumbList\",\"@id\":\"https:\\\/\\\/lasentinelle.dz\\\/index.php\\\/2022\\\/11\\\/01\\\/le-president-tebboune-a-qna-les-sommet-dalger-est-nouveau-depart\\\/#breadcrumb\",\"itemListElement\":[{\"@type\":\"ListItem\",\"position\":1,\"name\":\"Accueil\",\"item\":\"https:\\\/\\\/lasentinelle.dz\\\/\"},{\"@type\":\"ListItem\",\"position\":2,\"name\":\"Le pr\u00e9sident Tebboune \u00e0 QNA\u00a0: Le Sommet d\u2019Alger est \u00ab\u00a0nouveau d\u00e9part\u00a0\u00bb\"}]},{\"@type\":\"WebSite\",\"@id\":\"https:\\\/\\\/lasentinelle.dz\\\/#website\",\"url\":\"https:\\\/\\\/lasentinelle.dz\\\/\",\"name\":\"La Sentinelle\",\"description\":\"Quotidien national d&#039;information\",\"publisher\":{\"@id\":\"https:\\\/\\\/lasentinelle.dz\\\/#organization\"},\"potentialAction\":[{\"@type\":\"SearchAction\",\"target\":{\"@type\":\"EntryPoint\",\"urlTemplate\":\"https:\\\/\\\/lasentinelle.dz\\\/?s={search_term_string}\"},\"query-input\":{\"@type\":\"PropertyValueSpecification\",\"valueRequired\":true,\"valueName\":\"search_term_string\"}}],\"inLanguage\":\"fr-FR\"},{\"@type\":\"Organization\",\"@id\":\"https:\\\/\\\/lasentinelle.dz\\\/#organization\",\"name\":\"Quotidien La Sentinelle\",\"url\":\"https:\\\/\\\/lasentinelle.dz\\\/\",\"logo\":{\"@type\":\"ImageObject\",\"inLanguage\":\"fr-FR\",\"@id\":\"https:\\\/\\\/lasentinelle.dz\\\/#\\\/schema\\\/logo\\\/image\\\/\",\"url\":\"https:\\\/\\\/lasentinelle.dz\\\/wp-content\\\/uploads\\\/2021\\\/09\\\/logo-sentinelleSLOGAN-1.png\",\"contentUrl\":\"https:\\\/\\\/lasentinelle.dz\\\/wp-content\\\/uploads\\\/2021\\\/09\\\/logo-sentinelleSLOGAN-1.png\",\"width\":615,\"height\":142,\"caption\":\"Quotidien La Sentinelle\"},\"image\":{\"@id\":\"https:\\\/\\\/lasentinelle.dz\\\/#\\\/schema\\\/logo\\\/image\\\/\"},\"sameAs\":[\"https:\\\/\\\/www.facebook.com\\\/La-Sentinelle-104059864394773\"]},{\"@type\":\"Person\",\"@id\":\"https:\\\/\\\/lasentinelle.dz\\\/#\\\/schema\\\/person\\\/d865044e22e70a75174ce8bcad3acfb3\",\"name\":\"La Sentinelle\",\"image\":{\"@type\":\"ImageObject\",\"inLanguage\":\"fr-FR\",\"@id\":\"https:\\\/\\\/secure.gravatar.com\\\/avatar\\\/57de8e5d4b15d43fb361a71fbb36338450fe67865b528a43dd10ef7c51a20392?s=96&d=mm&r=g\",\"url\":\"https:\\\/\\\/secure.gravatar.com\\\/avatar\\\/57de8e5d4b15d43fb361a71fbb36338450fe67865b528a43dd10ef7c51a20392?s=96&d=mm&r=g\",\"contentUrl\":\"https:\\\/\\\/secure.gravatar.com\\\/avatar\\\/57de8e5d4b15d43fb361a71fbb36338450fe67865b528a43dd10ef7c51a20392?s=96&d=mm&r=g\",\"caption\":\"La Sentinelle\"},\"sameAs\":[\"http:\\\/\\\/www.lasentinelle.dz\"],\"url\":\"https:\\\/\\\/lasentinelle.dz\\\/author\\\/redaction\\\/\"}]}<\/script>\n<!-- \/ Yoast SEO plugin. -->","yoast_head_json":{"title":"Le pr\u00e9sident Tebboune \u00e0 QNA\u00a0: Le Sommet d\u2019Alger est \u00ab\u00a0nouveau d\u00e9part\u00a0\u00bb - La Sentinelle","robots":{"index":"index","follow":"follow","max-snippet":"max-snippet:-1","max-image-preview":"max-image-preview:large","max-video-preview":"max-video-preview:-1"},"canonical":"https:\/\/lasentinelle.dz\/index.php\/2022\/11\/01\/le-president-tebboune-a-qna-les-sommet-dalger-est-nouveau-depart\/","og_locale":"fr_FR","og_type":"article","og_title":"Le pr\u00e9sident Tebboune \u00e0 QNA\u00a0: Le Sommet d\u2019Alger est \u00ab\u00a0nouveau d\u00e9part\u00a0\u00bb - La Sentinelle","og_description":"Le pr\u00e9sident de la R\u00e9publique, Abdelmadjid Tebboune,&nbsp; accord\u00e9 une interview \u00e0 l&rsquo;Agence de presse qatarie (QNA), &nbsp;et dans laquelle il","og_url":"https:\/\/lasentinelle.dz\/index.php\/2022\/11\/01\/le-president-tebboune-a-qna-les-sommet-dalger-est-nouveau-depart\/","og_site_name":"La Sentinelle","article_publisher":"https:\/\/www.facebook.com\/La-Sentinelle-104059864394773","article_published_time":"2022-11-01T21:00:00+00:00","og_image":[{"width":1144,"height":900,"url":"https:\/\/lasentinelle.dz\/wp-content\/uploads\/2022\/11\/Sans-titre-8.png","type":"image\/png"}],"author":"La Sentinelle","twitter_card":"summary_large_image","twitter_misc":{"\u00c9crit par":"La Sentinelle","Dur\u00e9e de lecture estim\u00e9e":"4 minutes"},"schema":{"@context":"https:\/\/schema.org","@graph":[{"@type":"Article","@id":"https:\/\/lasentinelle.dz\/index.php\/2022\/11\/01\/le-president-tebboune-a-qna-les-sommet-dalger-est-nouveau-depart\/#article","isPartOf":{"@id":"https:\/\/lasentinelle.dz\/index.php\/2022\/11\/01\/le-president-tebboune-a-qna-les-sommet-dalger-est-nouveau-depart\/"},"author":{"name":"La Sentinelle","@id":"https:\/\/lasentinelle.dz\/#\/schema\/person\/d865044e22e70a75174ce8bcad3acfb3"},"headline":"Le pr\u00e9sident Tebboune \u00e0 QNA\u00a0: Le Sommet d\u2019Alger est \u00ab\u00a0nouveau d\u00e9part\u00a0\u00bb","datePublished":"2022-11-01T21:00:00+00:00","mainEntityOfPage":{"@id":"https:\/\/lasentinelle.dz\/index.php\/2022\/11\/01\/le-president-tebboune-a-qna-les-sommet-dalger-est-nouveau-depart\/"},"wordCount":856,"commentCount":0,"publisher":{"@id":"https:\/\/lasentinelle.dz\/#organization"},"image":{"@id":"https:\/\/lasentinelle.dz\/index.php\/2022\/11\/01\/le-president-tebboune-a-qna-les-sommet-dalger-est-nouveau-depart\/#primaryimage"},"thumbnailUrl":"https:\/\/lasentinelle.dz\/wp-content\/uploads\/2022\/11\/Sans-titre-8.png","articleSection":["Actualit\u00e9"],"inLanguage":"fr-FR","potentialAction":[{"@type":"CommentAction","name":"Comment","target":["https:\/\/lasentinelle.dz\/index.php\/2022\/11\/01\/le-president-tebboune-a-qna-les-sommet-dalger-est-nouveau-depart\/#respond"]}]},{"@type":"WebPage","@id":"https:\/\/lasentinelle.dz\/index.php\/2022\/11\/01\/le-president-tebboune-a-qna-les-sommet-dalger-est-nouveau-depart\/","url":"https:\/\/lasentinelle.dz\/index.php\/2022\/11\/01\/le-president-tebboune-a-qna-les-sommet-dalger-est-nouveau-depart\/","name":"Le pr\u00e9sident Tebboune \u00e0 QNA\u00a0: Le Sommet d\u2019Alger est \u00ab\u00a0nouveau d\u00e9part\u00a0\u00bb - La Sentinelle","isPartOf":{"@id":"https:\/\/lasentinelle.dz\/#website"},"primaryImageOfPage":{"@id":"https:\/\/lasentinelle.dz\/index.php\/2022\/11\/01\/le-president-tebboune-a-qna-les-sommet-dalger-est-nouveau-depart\/#primaryimage"},"image":{"@id":"https:\/\/lasentinelle.dz\/index.php\/2022\/11\/01\/le-president-tebboune-a-qna-les-sommet-dalger-est-nouveau-depart\/#primaryimage"},"thumbnailUrl":"https:\/\/lasentinelle.dz\/wp-content\/uploads\/2022\/11\/Sans-titre-8.png","datePublished":"2022-11-01T21:00:00+00:00","breadcrumb":{"@id":"https:\/\/lasentinelle.dz\/index.php\/2022\/11\/01\/le-president-tebboune-a-qna-les-sommet-dalger-est-nouveau-depart\/#breadcrumb"},"inLanguage":"fr-FR","potentialAction":[{"@type":"ReadAction","target":["https:\/\/lasentinelle.dz\/index.php\/2022\/11\/01\/le-president-tebboune-a-qna-les-sommet-dalger-est-nouveau-depart\/"]}]},{"@type":"ImageObject","inLanguage":"fr-FR","@id":"https:\/\/lasentinelle.dz\/index.php\/2022\/11\/01\/le-president-tebboune-a-qna-les-sommet-dalger-est-nouveau-depart\/#primaryimage","url":"https:\/\/lasentinelle.dz\/wp-content\/uploads\/2022\/11\/Sans-titre-8.png","contentUrl":"https:\/\/lasentinelle.dz\/wp-content\/uploads\/2022\/11\/Sans-titre-8.png","width":1144,"height":900},{"@type":"BreadcrumbList","@id":"https:\/\/lasentinelle.dz\/index.php\/2022\/11\/01\/le-president-tebboune-a-qna-les-sommet-dalger-est-nouveau-depart\/#breadcrumb","itemListElement":[{"@type":"ListItem","position":1,"name":"Accueil","item":"https:\/\/lasentinelle.dz\/"},{"@type":"ListItem","position":2,"name":"Le pr\u00e9sident Tebboune \u00e0 QNA\u00a0: Le Sommet d\u2019Alger est \u00ab\u00a0nouveau d\u00e9part\u00a0\u00bb"}]},{"@type":"WebSite","@id":"https:\/\/lasentinelle.dz\/#website","url":"https:\/\/lasentinelle.dz\/","name":"La Sentinelle","description":"Quotidien national d&#039;information","publisher":{"@id":"https:\/\/lasentinelle.dz\/#organization"},"potentialAction":[{"@type":"SearchAction","target":{"@type":"EntryPoint","urlTemplate":"https:\/\/lasentinelle.dz\/?s={search_term_string}"},"query-input":{"@type":"PropertyValueSpecification","valueRequired":true,"valueName":"search_term_string"}}],"inLanguage":"fr-FR"},{"@type":"Organization","@id":"https:\/\/lasentinelle.dz\/#organization","name":"Quotidien La Sentinelle","url":"https:\/\/lasentinelle.dz\/","logo":{"@type":"ImageObject","inLanguage":"fr-FR","@id":"https:\/\/lasentinelle.dz\/#\/schema\/logo\/image\/","url":"https:\/\/lasentinelle.dz\/wp-content\/uploads\/2021\/09\/logo-sentinelleSLOGAN-1.png","contentUrl":"https:\/\/lasentinelle.dz\/wp-content\/uploads\/2021\/09\/logo-sentinelleSLOGAN-1.png","width":615,"height":142,"caption":"Quotidien La Sentinelle"},"image":{"@id":"https:\/\/lasentinelle.dz\/#\/schema\/logo\/image\/"},"sameAs":["https:\/\/www.facebook.com\/La-Sentinelle-104059864394773"]},{"@type":"Person","@id":"https:\/\/lasentinelle.dz\/#\/schema\/person\/d865044e22e70a75174ce8bcad3acfb3","name":"La Sentinelle","image":{"@type":"ImageObject","inLanguage":"fr-FR","@id":"https:\/\/secure.gravatar.com\/avatar\/57de8e5d4b15d43fb361a71fbb36338450fe67865b528a43dd10ef7c51a20392?s=96&d=mm&r=g","url":"https:\/\/secure.gravatar.com\/avatar\/57de8e5d4b15d43fb361a71fbb36338450fe67865b528a43dd10ef7c51a20392?s=96&d=mm&r=g","contentUrl":"https:\/\/secure.gravatar.com\/avatar\/57de8e5d4b15d43fb361a71fbb36338450fe67865b528a43dd10ef7c51a20392?s=96&d=mm&r=g","caption":"La Sentinelle"},"sameAs":["http:\/\/www.lasentinelle.dz"],"url":"https:\/\/lasentinelle.dz\/author\/redaction\/"}]}},"_links":{"self":[{"href":"https:\/\/lasentinelle.dz\/index.php\/wp-json\/wp\/v2\/posts\/29955","targetHints":{"allow":["GET"]}}],"collection":[{"href":"https:\/\/lasentinelle.dz\/index.php\/wp-json\/wp\/v2\/posts"}],"about":[{"href":"https:\/\/lasentinelle.dz\/index.php\/wp-json\/wp\/v2\/types\/post"}],"author":[{"embeddable":true,"href":"https:\/\/lasentinelle.dz\/index.php\/wp-json\/wp\/v2\/users\/3"}],"replies":[{"embeddable":true,"href":"https:\/\/lasentinelle.dz\/index.php\/wp-json\/wp\/v2\/comments?post=29955"}],"version-history":[{"count":2,"href":"https:\/\/lasentinelle.dz\/index.php\/wp-json\/wp\/v2\/posts\/29955\/revisions"}],"predecessor-version":[{"id":29974,"href":"https:\/\/lasentinelle.dz\/index.php\/wp-json\/wp\/v2\/posts\/29955\/revisions\/29974"}],"wp:featuredmedia":[{"embeddable":true,"href":"https:\/\/lasentinelle.dz\/index.php\/wp-json\/wp\/v2\/media\/29972"}],"wp:attachment":[{"href":"https:\/\/lasentinelle.dz\/index.php\/wp-json\/wp\/v2\/media?parent=29955"}],"wp:term":[{"taxonomy":"category","embeddable":true,"href":"https:\/\/lasentinelle.dz\/index.php\/wp-json\/wp\/v2\/categories?post=29955"},{"taxonomy":"post_tag","embeddable":true,"href":"https:\/\/lasentinelle.dz\/index.php\/wp-json\/wp\/v2\/tags?post=29955"}],"curies":[{"name":"wp","href":"https:\/\/api.w.org\/{rel}","templated":true}]}}