{"id":29985,"date":"2022-11-02T22:05:00","date_gmt":"2022-11-02T21:05:00","guid":{"rendered":"https:\/\/lasentinelle.dz\/?p=29985"},"modified":"2022-11-02T17:15:59","modified_gmt":"2022-11-02T16:15:59","slug":"peninsule-coreenne-la-tension-monte-entre-pyongyang-et-seoul","status":"publish","type":"post","link":"https:\/\/lasentinelle.dz\/index.php\/2022\/11\/02\/peninsule-coreenne-la-tension-monte-entre-pyongyang-et-seoul\/","title":{"rendered":"P\u00e9ninsule cor\u00e9enne\u00a0 \u00a0: La tension monte entre Pyongyang et S\u00e9oul"},"content":{"rendered":"\n<p>Les deux Cor\u00e9es ont proc\u00e9d\u00e9 hier \u00e0 des \u00e9changes de tirs de missiles : Pyongyang en a lanc\u00e9 plus de 10, dont l&rsquo;un est tomb\u00e9 pr\u00e8s des eaux territoriales sud-cor\u00e9ennes, ce qui a amen\u00e9 S\u00e9oul \u00e0 riposter avec trois missiles air-sol, le pr\u00e9sident sud-cor\u00e9en Yoon Suk-yeol d\u00e9non\u00e7ant une \u00abinvasion territoriale de fait\u00bb.<\/p>\n\n\n\n<p>De plus, \u00abla Cor\u00e9e du Nord a effectu\u00e9 environ 100 tirs d&rsquo;artillerie depuis Kosong\u00bb, ville du Kangwon (Sud), dans la \u00abzone tampon\u00bb au nord de la ligne de d\u00e9marcation qui constitue de fait la froenti\u00e8re maritime entre les deux pays, a pr\u00e9cis\u00e9 l\u2019\u00e9tat-major interarm\u00e9es de S\u00e9oul.Un missile balistique de courte port\u00e9e attribu\u00e9 \u00e0 la Cor\u00e9e du Nord a tout d&rsquo;abord franchi la Ligne de limite du Nord, qui constitue de fait la fronti\u00e8re maritime entre les deux pays, provoquant une rare alerte au raid a\u00e9rien demandant aux habitants de l&rsquo;\u00eele sud-cor\u00e9enne d&rsquo;Ulleungdo de se r\u00e9fugier dans des abris souterrains. Selon l&rsquo;arm\u00e9e de S\u00e9oul, c&rsquo;est \u00abla premi\u00e8re fois depuis la division de la p\u00e9ninsule\u00bb \u00e0 l&rsquo;issue des combats de la guerre de Cor\u00e9e en 1953 qu&rsquo;un missile nord-cor\u00e9en est tomb\u00e9 si proche des eaux territoriales du Sud. Yoon Suk-yeol a \u00absoulign\u00e9 que la provocation nord-cor\u00e9enne est une invasion territoriale de fait par un missile qui a franchi la Ligne de limite du Nord pour la premi\u00e8re fois depuis la division\u00bb de la p\u00e9ninsule, a d\u00e9clar\u00e9 la pr\u00e9sidence sud-cor\u00e9enne dans un communiqu\u00e9.<\/p>\n\n\n\n<p>Le missile tomb\u00e9 au plus proche de la Cor\u00e9e du Sud a amerri dans des eaux situ\u00e9es \u00e0 seulement 57 kilom\u00e8tres (35 miles) \u00e0 l&rsquo;est de la Cor\u00e9e du Sud continentale, a indiqu\u00e9 l&rsquo;arm\u00e9e de S\u00e9oul, qui a qualifi\u00e9 de \u00abtr\u00e8s rare et intol\u00e9rable\u00bb le tir de Pyongyang. \u00abNous d\u00e9clarons que notre arm\u00e9e r\u00e9pondra de mani\u00e8re d\u00e9cisive \u00e0 cela\u00bb, a-t-elle ajout\u00e9. Peu apr\u00e8s, l&rsquo;arm\u00e9e de S\u00e9oul a rapport\u00e9 avoir tir\u00e9 trois missiles air-sol pr\u00e8s de l&rsquo;endroit, au niveau de la fronti\u00e8re maritime, o\u00f9 le missile nord-cor\u00e9en \u00e9tait tomb\u00e9.L&rsquo;\u00e9tat-major interarm\u00e9es sud-cor\u00e9en avait initialement affirm\u00e9 avoir identifi\u00e9 un tir de trois missiles balistiques de courte port\u00e9e. Mais il a par la suite annonc\u00e9 que la Cor\u00e9e du Nord avait lanc\u00e9 \u00abplus de 10 missiles de types diff\u00e9rents vers l&rsquo;Est et l&rsquo;Ouest\u00bb. Le pr\u00e9sident Yoon a convoqu\u00e9 une r\u00e9union du Conseil national de s\u00e9curit\u00e9 au sujet de ce lancement, qui, selon les analystes, est l&rsquo;un des plus \u00abagressifs et mena\u00e7ants\u00bb depuis plusieurs ann\u00e9es. Le pr\u00e9sident sud-cor\u00e9en a en outre ordonn\u00e9 des mesures \u00abrapides et s\u00e9v\u00e8res afin que les provocations de la Cor\u00e9e du Nord paient un prix fort\u00bb.Le Japon a \u00e9galement confirm\u00e9 le lancement de missiles nord-cor\u00e9ens, le Premier ministre japonais Fumio Kishida d\u00e9clarant aux journalistes vouloir \u00abtenir une r\u00e9union sur la s\u00e9curit\u00e9 nationale d\u00e8s que possible\u00bb. S\u00e9oul et Washington organisent actuellement le plus grand exercice a\u00e9rien conjoint de leur histoire, baptis\u00e9 \u00abTemp\u00eate vigilante\u00bb (Vigilant Storm), auquel participent des centaines d&rsquo;avions de guerre des deux arm\u00e9es. Pak Jong Chon, mar\u00e9chal et secr\u00e9taire du Parti des travailleurs au pouvoir en Cor\u00e9e du Nord, a qualifi\u00e9 ces exercices d&rsquo;agressifs et provoquant, selon un rapport publi\u00e9 hier par la presse officielle nord-cor\u00e9enne. Selon lui, le nom de ces man\u0153uvres fait \u00e9cho \u00e0 l&rsquo;op\u00e9ration \u00abTemp\u00eate du d\u00e9sert\u00bb, nom donn\u00e9 aux op\u00e9rations militaires de la coalition conduite par les \u00c9tats-Unis contre l&rsquo;Irak en 1990 et 1991 apr\u00e8s l&rsquo;invasion du Kowe\u00eft. \u00abSi les \u00c9tats-Unis et la Cor\u00e9e du Sud tentent d&rsquo;utiliser leurs forces arm\u00e9es contre la (R\u00e9publique populaire d\u00e9mocratique de Cor\u00e9e) sans crainte, les moyens sp\u00e9ciaux des forces arm\u00e9es de la RPDC accompliront leur mission strat\u00e9gique sans d\u00e9lai\u00bb, a d\u00e9clar\u00e9 Pak Jong Chon, selon l&rsquo;agence d&rsquo;\u00c9tat KCNA. \u00abLes \u00c9tats-Unis et la Cor\u00e9e du Sud devront faire face \u00e0 une terrible affaire et payer le prix le plus horrible de l&rsquo;histoire\u00bb, a-t-il ajout\u00e9.<\/p>\n\n\n\n<p>Agences<\/p>\n","protected":false},"excerpt":{"rendered":"<p>Les deux Cor\u00e9es ont proc\u00e9d\u00e9 hier \u00e0 des \u00e9changes de tirs de missiles : Pyongyang en a lanc\u00e9 plus de<\/p>\n","protected":false},"author":3,"featured_media":29987,"comment_status":"open","ping_status":"closed","sticky":false,"template":"","format":"standard","meta":{"colormag_page_container_layout":"default_layout","colormag_page_sidebar_layout":"default_layout","om_disable_all_campaigns":false,"_monsterinsights_skip_tracking":false,"_monsterinsights_sitenote_active":false,"_monsterinsights_sitenote_note":"","_monsterinsights_sitenote_category":0,"footnotes":"","_wpscppro_dont_share_socialmedia":false,"_wpscppro_custom_social_share_image":0,"_facebook_share_type":"","_twitter_share_type":"","_linkedin_share_type":"","_pinterest_share_type":"","_linkedin_share_type_page":"","_instagram_share_type":"","_medium_share_type":"","_threads_share_type":"","_google_business_share_type":"","_selected_social_profile":[],"_wpsp_enable_custom_social_template":false,"_wpsp_social_scheduling":{"enabled":false,"datetime":null,"platforms":[],"status":"template_only","dateOption":"today","timeOption":"now","customDays":"","customHours":"","customDate":"","customTime":"","schedulingType":"absolute"},"_wpsp_active_default_template":true},"categories":[37],"tags":[],"class_list":["post-29985","post","type-post","status-publish","format-standard","has-post-thumbnail","hentry","category-monde"],"aioseo_notices":[],"yoast_head":"<!-- This site is optimized with the Yoast SEO plugin v27.5 - https:\/\/yoast.com\/product\/yoast-seo-wordpress\/ -->\n<title>P\u00e9ninsule cor\u00e9enne\u00a0 \u00a0: La tension monte entre Pyongyang et S\u00e9oul - La Sentinelle<\/title>\n<meta name=\"robots\" content=\"index, follow, max-snippet:-1, max-image-preview:large, max-video-preview:-1\" \/>\n<link rel=\"canonical\" href=\"https:\/\/lasentinelle.dz\/index.php\/2022\/11\/02\/peninsule-coreenne-la-tension-monte-entre-pyongyang-et-seoul\/\" \/>\n<meta property=\"og:locale\" content=\"fr_FR\" \/>\n<meta property=\"og:type\" content=\"article\" \/>\n<meta property=\"og:title\" content=\"P\u00e9ninsule cor\u00e9enne\u00a0 \u00a0: La tension monte entre Pyongyang et S\u00e9oul - La Sentinelle\" \/>\n<meta property=\"og:description\" content=\"Les deux Cor\u00e9es ont proc\u00e9d\u00e9 hier \u00e0 des \u00e9changes de tirs de missiles : Pyongyang en a lanc\u00e9 plus de\" \/>\n<meta property=\"og:url\" content=\"https:\/\/lasentinelle.dz\/index.php\/2022\/11\/02\/peninsule-coreenne-la-tension-monte-entre-pyongyang-et-seoul\/\" \/>\n<meta property=\"og:site_name\" content=\"La Sentinelle\" \/>\n<meta property=\"article:publisher\" content=\"https:\/\/www.facebook.com\/La-Sentinelle-104059864394773\" \/>\n<meta property=\"article:published_time\" content=\"2022-11-02T21:05:00+00:00\" \/>\n<meta property=\"og:image\" content=\"https:\/\/lasentinelle.dz\/wp-content\/uploads\/2022\/11\/missile.png\" \/>\n\t<meta property=\"og:image:width\" content=\"1351\" \/>\n\t<meta property=\"og:image:height\" content=\"900\" \/>\n\t<meta property=\"og:image:type\" content=\"image\/png\" \/>\n<meta name=\"author\" content=\"La Sentinelle\" \/>\n<meta name=\"twitter:card\" content=\"summary_large_image\" \/>\n<meta name=\"twitter:label1\" content=\"\u00c9crit par\" \/>\n\t<meta name=\"twitter:data1\" content=\"La Sentinelle\" \/>\n\t<meta name=\"twitter:label2\" content=\"Dur\u00e9e de lecture estim\u00e9e\" \/>\n\t<meta name=\"twitter:data2\" content=\"4 minutes\" \/>\n<script type=\"application\/ld+json\" class=\"yoast-schema-graph\">{\"@context\":\"https:\\\/\\\/schema.org\",\"@graph\":[{\"@type\":\"Article\",\"@id\":\"https:\\\/\\\/lasentinelle.dz\\\/index.php\\\/2022\\\/11\\\/02\\\/peninsule-coreenne-la-tension-monte-entre-pyongyang-et-seoul\\\/#article\",\"isPartOf\":{\"@id\":\"https:\\\/\\\/lasentinelle.dz\\\/index.php\\\/2022\\\/11\\\/02\\\/peninsule-coreenne-la-tension-monte-entre-pyongyang-et-seoul\\\/\"},\"author\":{\"name\":\"La Sentinelle\",\"@id\":\"https:\\\/\\\/lasentinelle.dz\\\/#\\\/schema\\\/person\\\/d865044e22e70a75174ce8bcad3acfb3\"},\"headline\":\"P\u00e9ninsule cor\u00e9enne\u00a0 \u00a0: La tension monte entre Pyongyang et S\u00e9oul\",\"datePublished\":\"2022-11-02T21:05:00+00:00\",\"mainEntityOfPage\":{\"@id\":\"https:\\\/\\\/lasentinelle.dz\\\/index.php\\\/2022\\\/11\\\/02\\\/peninsule-coreenne-la-tension-monte-entre-pyongyang-et-seoul\\\/\"},\"wordCount\":738,\"commentCount\":0,\"publisher\":{\"@id\":\"https:\\\/\\\/lasentinelle.dz\\\/#organization\"},\"image\":{\"@id\":\"https:\\\/\\\/lasentinelle.dz\\\/index.php\\\/2022\\\/11\\\/02\\\/peninsule-coreenne-la-tension-monte-entre-pyongyang-et-seoul\\\/#primaryimage\"},\"thumbnailUrl\":\"https:\\\/\\\/lasentinelle.dz\\\/wp-content\\\/uploads\\\/2022\\\/11\\\/missile.png\",\"articleSection\":[\"Monde\"],\"inLanguage\":\"fr-FR\",\"potentialAction\":[{\"@type\":\"CommentAction\",\"name\":\"Comment\",\"target\":[\"https:\\\/\\\/lasentinelle.dz\\\/index.php\\\/2022\\\/11\\\/02\\\/peninsule-coreenne-la-tension-monte-entre-pyongyang-et-seoul\\\/#respond\"]}]},{\"@type\":\"WebPage\",\"@id\":\"https:\\\/\\\/lasentinelle.dz\\\/index.php\\\/2022\\\/11\\\/02\\\/peninsule-coreenne-la-tension-monte-entre-pyongyang-et-seoul\\\/\",\"url\":\"https:\\\/\\\/lasentinelle.dz\\\/index.php\\\/2022\\\/11\\\/02\\\/peninsule-coreenne-la-tension-monte-entre-pyongyang-et-seoul\\\/\",\"name\":\"P\u00e9ninsule cor\u00e9enne\u00a0 \u00a0: La tension monte entre Pyongyang et S\u00e9oul - La Sentinelle\",\"isPartOf\":{\"@id\":\"https:\\\/\\\/lasentinelle.dz\\\/#website\"},\"primaryImageOfPage\":{\"@id\":\"https:\\\/\\\/lasentinelle.dz\\\/index.php\\\/2022\\\/11\\\/02\\\/peninsule-coreenne-la-tension-monte-entre-pyongyang-et-seoul\\\/#primaryimage\"},\"image\":{\"@id\":\"https:\\\/\\\/lasentinelle.dz\\\/index.php\\\/2022\\\/11\\\/02\\\/peninsule-coreenne-la-tension-monte-entre-pyongyang-et-seoul\\\/#primaryimage\"},\"thumbnailUrl\":\"https:\\\/\\\/lasentinelle.dz\\\/wp-content\\\/uploads\\\/2022\\\/11\\\/missile.png\",\"datePublished\":\"2022-11-02T21:05:00+00:00\",\"breadcrumb\":{\"@id\":\"https:\\\/\\\/lasentinelle.dz\\\/index.php\\\/2022\\\/11\\\/02\\\/peninsule-coreenne-la-tension-monte-entre-pyongyang-et-seoul\\\/#breadcrumb\"},\"inLanguage\":\"fr-FR\",\"potentialAction\":[{\"@type\":\"ReadAction\",\"target\":[\"https:\\\/\\\/lasentinelle.dz\\\/index.php\\\/2022\\\/11\\\/02\\\/peninsule-coreenne-la-tension-monte-entre-pyongyang-et-seoul\\\/\"]}]},{\"@type\":\"ImageObject\",\"inLanguage\":\"fr-FR\",\"@id\":\"https:\\\/\\\/lasentinelle.dz\\\/index.php\\\/2022\\\/11\\\/02\\\/peninsule-coreenne-la-tension-monte-entre-pyongyang-et-seoul\\\/#primaryimage\",\"url\":\"https:\\\/\\\/lasentinelle.dz\\\/wp-content\\\/uploads\\\/2022\\\/11\\\/missile.png\",\"contentUrl\":\"https:\\\/\\\/lasentinelle.dz\\\/wp-content\\\/uploads\\\/2022\\\/11\\\/missile.png\",\"width\":1351,\"height\":900},{\"@type\":\"BreadcrumbList\",\"@id\":\"https:\\\/\\\/lasentinelle.dz\\\/index.php\\\/2022\\\/11\\\/02\\\/peninsule-coreenne-la-tension-monte-entre-pyongyang-et-seoul\\\/#breadcrumb\",\"itemListElement\":[{\"@type\":\"ListItem\",\"position\":1,\"name\":\"Accueil\",\"item\":\"https:\\\/\\\/lasentinelle.dz\\\/\"},{\"@type\":\"ListItem\",\"position\":2,\"name\":\"P\u00e9ninsule cor\u00e9enne\u00a0 \u00a0: La tension monte entre Pyongyang et S\u00e9oul\"}]},{\"@type\":\"WebSite\",\"@id\":\"https:\\\/\\\/lasentinelle.dz\\\/#website\",\"url\":\"https:\\\/\\\/lasentinelle.dz\\\/\",\"name\":\"La Sentinelle\",\"description\":\"Quotidien national d&#039;information\",\"publisher\":{\"@id\":\"https:\\\/\\\/lasentinelle.dz\\\/#organization\"},\"potentialAction\":[{\"@type\":\"SearchAction\",\"target\":{\"@type\":\"EntryPoint\",\"urlTemplate\":\"https:\\\/\\\/lasentinelle.dz\\\/?s={search_term_string}\"},\"query-input\":{\"@type\":\"PropertyValueSpecification\",\"valueRequired\":true,\"valueName\":\"search_term_string\"}}],\"inLanguage\":\"fr-FR\"},{\"@type\":\"Organization\",\"@id\":\"https:\\\/\\\/lasentinelle.dz\\\/#organization\",\"name\":\"Quotidien La Sentinelle\",\"url\":\"https:\\\/\\\/lasentinelle.dz\\\/\",\"logo\":{\"@type\":\"ImageObject\",\"inLanguage\":\"fr-FR\",\"@id\":\"https:\\\/\\\/lasentinelle.dz\\\/#\\\/schema\\\/logo\\\/image\\\/\",\"url\":\"https:\\\/\\\/lasentinelle.dz\\\/wp-content\\\/uploads\\\/2021\\\/09\\\/logo-sentinelleSLOGAN-1.png\",\"contentUrl\":\"https:\\\/\\\/lasentinelle.dz\\\/wp-content\\\/uploads\\\/2021\\\/09\\\/logo-sentinelleSLOGAN-1.png\",\"width\":615,\"height\":142,\"caption\":\"Quotidien La Sentinelle\"},\"image\":{\"@id\":\"https:\\\/\\\/lasentinelle.dz\\\/#\\\/schema\\\/logo\\\/image\\\/\"},\"sameAs\":[\"https:\\\/\\\/www.facebook.com\\\/La-Sentinelle-104059864394773\"]},{\"@type\":\"Person\",\"@id\":\"https:\\\/\\\/lasentinelle.dz\\\/#\\\/schema\\\/person\\\/d865044e22e70a75174ce8bcad3acfb3\",\"name\":\"La Sentinelle\",\"image\":{\"@type\":\"ImageObject\",\"inLanguage\":\"fr-FR\",\"@id\":\"https:\\\/\\\/secure.gravatar.com\\\/avatar\\\/57de8e5d4b15d43fb361a71fbb36338450fe67865b528a43dd10ef7c51a20392?s=96&d=mm&r=g\",\"url\":\"https:\\\/\\\/secure.gravatar.com\\\/avatar\\\/57de8e5d4b15d43fb361a71fbb36338450fe67865b528a43dd10ef7c51a20392?s=96&d=mm&r=g\",\"contentUrl\":\"https:\\\/\\\/secure.gravatar.com\\\/avatar\\\/57de8e5d4b15d43fb361a71fbb36338450fe67865b528a43dd10ef7c51a20392?s=96&d=mm&r=g\",\"caption\":\"La Sentinelle\"},\"sameAs\":[\"http:\\\/\\\/www.lasentinelle.dz\"],\"url\":\"https:\\\/\\\/lasentinelle.dz\\\/author\\\/redaction\\\/\"}]}<\/script>\n<!-- \/ Yoast SEO plugin. -->","yoast_head_json":{"title":"P\u00e9ninsule cor\u00e9enne\u00a0 \u00a0: La tension monte entre Pyongyang et S\u00e9oul - La Sentinelle","robots":{"index":"index","follow":"follow","max-snippet":"max-snippet:-1","max-image-preview":"max-image-preview:large","max-video-preview":"max-video-preview:-1"},"canonical":"https:\/\/lasentinelle.dz\/index.php\/2022\/11\/02\/peninsule-coreenne-la-tension-monte-entre-pyongyang-et-seoul\/","og_locale":"fr_FR","og_type":"article","og_title":"P\u00e9ninsule cor\u00e9enne\u00a0 \u00a0: La tension monte entre Pyongyang et S\u00e9oul - La Sentinelle","og_description":"Les deux Cor\u00e9es ont proc\u00e9d\u00e9 hier \u00e0 des \u00e9changes de tirs de missiles : Pyongyang en a lanc\u00e9 plus de","og_url":"https:\/\/lasentinelle.dz\/index.php\/2022\/11\/02\/peninsule-coreenne-la-tension-monte-entre-pyongyang-et-seoul\/","og_site_name":"La Sentinelle","article_publisher":"https:\/\/www.facebook.com\/La-Sentinelle-104059864394773","article_published_time":"2022-11-02T21:05:00+00:00","og_image":[{"width":1351,"height":900,"url":"https:\/\/lasentinelle.dz\/wp-content\/uploads\/2022\/11\/missile.png","type":"image\/png"}],"author":"La Sentinelle","twitter_card":"summary_large_image","twitter_misc":{"\u00c9crit par":"La Sentinelle","Dur\u00e9e de lecture estim\u00e9e":"4 minutes"},"schema":{"@context":"https:\/\/schema.org","@graph":[{"@type":"Article","@id":"https:\/\/lasentinelle.dz\/index.php\/2022\/11\/02\/peninsule-coreenne-la-tension-monte-entre-pyongyang-et-seoul\/#article","isPartOf":{"@id":"https:\/\/lasentinelle.dz\/index.php\/2022\/11\/02\/peninsule-coreenne-la-tension-monte-entre-pyongyang-et-seoul\/"},"author":{"name":"La Sentinelle","@id":"https:\/\/lasentinelle.dz\/#\/schema\/person\/d865044e22e70a75174ce8bcad3acfb3"},"headline":"P\u00e9ninsule cor\u00e9enne\u00a0 \u00a0: La tension monte entre Pyongyang et S\u00e9oul","datePublished":"2022-11-02T21:05:00+00:00","mainEntityOfPage":{"@id":"https:\/\/lasentinelle.dz\/index.php\/2022\/11\/02\/peninsule-coreenne-la-tension-monte-entre-pyongyang-et-seoul\/"},"wordCount":738,"commentCount":0,"publisher":{"@id":"https:\/\/lasentinelle.dz\/#organization"},"image":{"@id":"https:\/\/lasentinelle.dz\/index.php\/2022\/11\/02\/peninsule-coreenne-la-tension-monte-entre-pyongyang-et-seoul\/#primaryimage"},"thumbnailUrl":"https:\/\/lasentinelle.dz\/wp-content\/uploads\/2022\/11\/missile.png","articleSection":["Monde"],"inLanguage":"fr-FR","potentialAction":[{"@type":"CommentAction","name":"Comment","target":["https:\/\/lasentinelle.dz\/index.php\/2022\/11\/02\/peninsule-coreenne-la-tension-monte-entre-pyongyang-et-seoul\/#respond"]}]},{"@type":"WebPage","@id":"https:\/\/lasentinelle.dz\/index.php\/2022\/11\/02\/peninsule-coreenne-la-tension-monte-entre-pyongyang-et-seoul\/","url":"https:\/\/lasentinelle.dz\/index.php\/2022\/11\/02\/peninsule-coreenne-la-tension-monte-entre-pyongyang-et-seoul\/","name":"P\u00e9ninsule cor\u00e9enne\u00a0 \u00a0: La tension monte entre Pyongyang et S\u00e9oul - La Sentinelle","isPartOf":{"@id":"https:\/\/lasentinelle.dz\/#website"},"primaryImageOfPage":{"@id":"https:\/\/lasentinelle.dz\/index.php\/2022\/11\/02\/peninsule-coreenne-la-tension-monte-entre-pyongyang-et-seoul\/#primaryimage"},"image":{"@id":"https:\/\/lasentinelle.dz\/index.php\/2022\/11\/02\/peninsule-coreenne-la-tension-monte-entre-pyongyang-et-seoul\/#primaryimage"},"thumbnailUrl":"https:\/\/lasentinelle.dz\/wp-content\/uploads\/2022\/11\/missile.png","datePublished":"2022-11-02T21:05:00+00:00","breadcrumb":{"@id":"https:\/\/lasentinelle.dz\/index.php\/2022\/11\/02\/peninsule-coreenne-la-tension-monte-entre-pyongyang-et-seoul\/#breadcrumb"},"inLanguage":"fr-FR","potentialAction":[{"@type":"ReadAction","target":["https:\/\/lasentinelle.dz\/index.php\/2022\/11\/02\/peninsule-coreenne-la-tension-monte-entre-pyongyang-et-seoul\/"]}]},{"@type":"ImageObject","inLanguage":"fr-FR","@id":"https:\/\/lasentinelle.dz\/index.php\/2022\/11\/02\/peninsule-coreenne-la-tension-monte-entre-pyongyang-et-seoul\/#primaryimage","url":"https:\/\/lasentinelle.dz\/wp-content\/uploads\/2022\/11\/missile.png","contentUrl":"https:\/\/lasentinelle.dz\/wp-content\/uploads\/2022\/11\/missile.png","width":1351,"height":900},{"@type":"BreadcrumbList","@id":"https:\/\/lasentinelle.dz\/index.php\/2022\/11\/02\/peninsule-coreenne-la-tension-monte-entre-pyongyang-et-seoul\/#breadcrumb","itemListElement":[{"@type":"ListItem","position":1,"name":"Accueil","item":"https:\/\/lasentinelle.dz\/"},{"@type":"ListItem","position":2,"name":"P\u00e9ninsule cor\u00e9enne\u00a0 \u00a0: La tension monte entre Pyongyang et S\u00e9oul"}]},{"@type":"WebSite","@id":"https:\/\/lasentinelle.dz\/#website","url":"https:\/\/lasentinelle.dz\/","name":"La Sentinelle","description":"Quotidien national d&#039;information","publisher":{"@id":"https:\/\/lasentinelle.dz\/#organization"},"potentialAction":[{"@type":"SearchAction","target":{"@type":"EntryPoint","urlTemplate":"https:\/\/lasentinelle.dz\/?s={search_term_string}"},"query-input":{"@type":"PropertyValueSpecification","valueRequired":true,"valueName":"search_term_string"}}],"inLanguage":"fr-FR"},{"@type":"Organization","@id":"https:\/\/lasentinelle.dz\/#organization","name":"Quotidien La Sentinelle","url":"https:\/\/lasentinelle.dz\/","logo":{"@type":"ImageObject","inLanguage":"fr-FR","@id":"https:\/\/lasentinelle.dz\/#\/schema\/logo\/image\/","url":"https:\/\/lasentinelle.dz\/wp-content\/uploads\/2021\/09\/logo-sentinelleSLOGAN-1.png","contentUrl":"https:\/\/lasentinelle.dz\/wp-content\/uploads\/2021\/09\/logo-sentinelleSLOGAN-1.png","width":615,"height":142,"caption":"Quotidien La Sentinelle"},"image":{"@id":"https:\/\/lasentinelle.dz\/#\/schema\/logo\/image\/"},"sameAs":["https:\/\/www.facebook.com\/La-Sentinelle-104059864394773"]},{"@type":"Person","@id":"https:\/\/lasentinelle.dz\/#\/schema\/person\/d865044e22e70a75174ce8bcad3acfb3","name":"La Sentinelle","image":{"@type":"ImageObject","inLanguage":"fr-FR","@id":"https:\/\/secure.gravatar.com\/avatar\/57de8e5d4b15d43fb361a71fbb36338450fe67865b528a43dd10ef7c51a20392?s=96&d=mm&r=g","url":"https:\/\/secure.gravatar.com\/avatar\/57de8e5d4b15d43fb361a71fbb36338450fe67865b528a43dd10ef7c51a20392?s=96&d=mm&r=g","contentUrl":"https:\/\/secure.gravatar.com\/avatar\/57de8e5d4b15d43fb361a71fbb36338450fe67865b528a43dd10ef7c51a20392?s=96&d=mm&r=g","caption":"La Sentinelle"},"sameAs":["http:\/\/www.lasentinelle.dz"],"url":"https:\/\/lasentinelle.dz\/author\/redaction\/"}]}},"_links":{"self":[{"href":"https:\/\/lasentinelle.dz\/index.php\/wp-json\/wp\/v2\/posts\/29985","targetHints":{"allow":["GET"]}}],"collection":[{"href":"https:\/\/lasentinelle.dz\/index.php\/wp-json\/wp\/v2\/posts"}],"about":[{"href":"https:\/\/lasentinelle.dz\/index.php\/wp-json\/wp\/v2\/types\/post"}],"author":[{"embeddable":true,"href":"https:\/\/lasentinelle.dz\/index.php\/wp-json\/wp\/v2\/users\/3"}],"replies":[{"embeddable":true,"href":"https:\/\/lasentinelle.dz\/index.php\/wp-json\/wp\/v2\/comments?post=29985"}],"version-history":[{"count":1,"href":"https:\/\/lasentinelle.dz\/index.php\/wp-json\/wp\/v2\/posts\/29985\/revisions"}],"predecessor-version":[{"id":29996,"href":"https:\/\/lasentinelle.dz\/index.php\/wp-json\/wp\/v2\/posts\/29985\/revisions\/29996"}],"wp:featuredmedia":[{"embeddable":true,"href":"https:\/\/lasentinelle.dz\/index.php\/wp-json\/wp\/v2\/media\/29987"}],"wp:attachment":[{"href":"https:\/\/lasentinelle.dz\/index.php\/wp-json\/wp\/v2\/media?parent=29985"}],"wp:term":[{"taxonomy":"category","embeddable":true,"href":"https:\/\/lasentinelle.dz\/index.php\/wp-json\/wp\/v2\/categories?post=29985"},{"taxonomy":"post_tag","embeddable":true,"href":"https:\/\/lasentinelle.dz\/index.php\/wp-json\/wp\/v2\/tags?post=29985"}],"curies":[{"name":"wp","href":"https:\/\/api.w.org\/{rel}","templated":true}]}}