{"id":29994,"date":"2022-11-02T22:05:00","date_gmt":"2022-11-02T21:05:00","guid":{"rendered":"https:\/\/lasentinelle.dz\/?p=29994"},"modified":"2022-11-02T21:36:20","modified_gmt":"2022-11-02T20:36:20","slug":"ramtane-lamamra-qualifie-le-sommet-dalger-de-novembriste-tous-les-objectifs-ont-ete-atteints","status":"publish","type":"post","link":"https:\/\/lasentinelle.dz\/index.php\/2022\/11\/02\/ramtane-lamamra-qualifie-le-sommet-dalger-de-novembriste-tous-les-objectifs-ont-ete-atteints\/","title":{"rendered":"Ramtane Lamamra qualifie le Sommet d\u2019Alger de novembriste\u00a0: Tous les objectifs ont \u00e9t\u00e9 atteints"},"content":{"rendered":"\n<p>L\u2019ouverture du Sommet de la Ligue arabe le 1<sup>er<\/sup> Novembre \u00e0 Alger n\u2019est pas anodine. Le choix de cette date a eu pour objectif de faire rev\u00eatir \u00e0 l\u2019\u00e9dition alg\u00e9rienne du Sommet de la Ligue arabe les valeurs novembristes d\u2019unit\u00e9, d\u2019ind\u00e9pendance, de droit des peuples \u00e0 disposer d\u2019eux-m\u00eames, de souverainet\u00e9 et de rejet des ing\u00e9rences imp\u00e9rialistes. En ce sens, le Sommet d\u2019Alger qui vient de prendre fin a atteint ses objectifs. Au-del\u00e0 de la qualit\u00e9 de la participation \u00e0 ce sommet, qui a \u00e9t\u00e9 exceptionnelle avec la participation de 17 dirigeants, monarques et princes, et de repr\u00e9sentants de haut-niveau pour ceux qui n\u2019ont pas pu faire le d\u00e9placement, et du consensus qui marqu\u00e9 ce sommet, les d\u00e9cisions prises refl\u00e8tent parfaitement ces valeurs, que ce soit la r\u00e9unification des rangs arabes etde consolidation de l\u2019action commune, de r\u00e8glement pacifique des crises et du refus des ing\u00e9rences, et plus important encore le soutien sans \u00e9quivoque \u00e0 l\u2019Initiative arabe de paix et au droit des Palestiniens de disposer d\u2019eux-m\u00eames et de vivre dans leur propre \u00c9tat dans les fronti\u00e8res de la Ligne verte avec El Qods comme capitale, l\u2019adh\u00e9sion a \u00e9t\u00e9 totale et sans aucune r\u00e9serve. Un constat qui permet de dire que le Sommet de la Ligue arabe \u00e0 Alger a \u00e9t\u00e9 un franc succ\u00e8s. Dans ce le ministre des Affaires \u00e9trang\u00e8res et de la Communaut\u00e9 nationale \u00e0 l&rsquo;\u00e9tranger, Ramtane Lamamra, a indiqu\u00e9 hier lors d\u2019une conf\u00e9rence de presse coanim\u00e9e avec le SG&nbsp; de la Ligue arabe, Ahmed Abou Al Gheith, que l&rsquo;Alg\u00e9rier\u00e9ussi \u00e0 atteindre les objectifs trac\u00e9s lors du Sommet arabe, sommet novembriste, souligne-t-il, \u00e0 savoir \u00ab\u00a0l&rsquo;unification des rangs arabes\u00a0\u00bb.Lamamra a not\u00e9 &nbsp;que ce rendez-vous \u00e9tait \u00ab\u00a0un succ\u00e8s aux niveau national, arabe et international\u00a0\u00bb, l&rsquo;Alg\u00e9rie ayant r\u00e9uni toutes les conditions n\u00e9cessaires \u00e0 cette r\u00e9ussite sur le plan logistique et politique, mettant en avant le r\u00f4le du pr\u00e9sident de la R\u00e9publique dans ce succ\u00e8s.Le Pr\u00e9sident Tebboune et les dirigeants arabes ont \u00ab\u00a0veill\u00e9 \u00e0 ce que ce sommet, qui s&rsquo;est tenu apr\u00e8s trois ans et demi d&rsquo;absence, notamment en raison de la pand\u00e9mie de Covid-19, soit un succ\u00e8s sur tous les plans\u00a0\u00bb, soulignant que \u00ab\u00a0ce sommet d&rsquo;unification des rangs se distingue par le fait qu&rsquo;il se soit tenu en novembre\u00a0\u00bb.<\/p>\n\n\n\n<p>\u00ab\u00a0Ce sommet du renouveau a pos\u00e9 un grand jalon dans le processus de renforcement et de d\u00e9veloppement de l&rsquo;action arabe commune\u00a0\u00bb, a soutenu M. Lamamra, ajoutant que la Ligue arabe avait montr\u00e9 \u00ab\u00a0sa capacit\u00e9 \u00e0 s&rsquo;adapter \u00e0 la nouvelle donne et \u00e0 accomplir pleinement son r\u00f4le dans l&rsquo;encadrement de l&rsquo;action arabe commune et l&rsquo;acc\u00e9l\u00e9ration du renouveau\u00a0\u00bb.Le chef de la diplomatie alg\u00e9rienne a mis l&rsquo;accent, par ailleurs, sur l&rsquo;importance de \u00ab\u00a0la volont\u00e9 politique, \u00e9l\u00e9ment essentiel pour garantir l&rsquo;application de ces textes, cristallis\u00e9s lors du Sommet apr\u00e8s que les Arabes aient bien saisi l&rsquo;importance de l&rsquo;action arabe commune dans la r\u00e9union des conditions idoines au positionnement sur la sc\u00e8ne internationale\u00a0\u00bb.M.Lamamra a soulign\u00e9 lors de cette conf\u00e9rence l&rsquo;importance du partenariat arabe qu&rsquo;il a qualifi\u00e9 de \u00ab\u00a0crucial\u00a0\u00bb, d&rsquo;autant que certaines d\u00e9cisions du Sommet ont appel\u00e9 \u00e0 la concr\u00e9tisation de l&rsquo;int\u00e9gration \u00e9conomique, \u00e0 la construction d&rsquo;un march\u00e9 arabe commun et \u00e0 l&rsquo;ouverture des fronti\u00e8res \u00e0 la compl\u00e9mentarit\u00e9 \u00e9conomique et \u00e0 l&rsquo;investissement.Il a \u00e9galement mis en avant l&rsquo;importance du partenariat notamment sino-arabe, indiquant que des efforts sont d\u00e9ploy\u00e9s \u00ab\u00a0en vue de le mener \u00e0 bien\u00a0\u00bb.Concernant la Syrie, M. Lamamra a qualifi\u00e9 le retour de ce pays \u00e0 son si\u00e8ge au sein de la Ligue arabe, de \u00ab\u00a0chose naturelle qui se r\u00e9alisera\u00a0\u00bb, affirmant que la Syrie, forte de son histoire et de ses capacit\u00e9s, pourra apporter une valeur ajout\u00e9e \u00e0 l&rsquo;action arabe commune.Cette d\u00e9marche permettra de \u00ab\u00a0promouvoir les solutions pacifiques aux conflits dans notre monde arabe et concr\u00e9tiser une paix juste au Proche-Orient qui d\u00e9bouche sur le recouvrement par la Syrie du Golan occup\u00e9\u00a0\u00bb, a-t-il dit.De son c\u00f4t\u00e9, le SG de la Ligue arabe, Ahmed Aboul Gheit a affirm\u00e9 que le 31e Sommet arabe \u00e9tait une r\u00e9ussite, \u00ab\u00a0et parmi les plus importantes \u00e9ditions en terme de niveau de repr\u00e9sentation\u00a0\u00bb.Une des caract\u00e9ristiques de cette \u00e9ch\u00e9ance arabe demeure \u00ab\u00a0le consensus grandiose\u00a0\u00bb entre les dirigeants et l&rsquo;absence de \u00ab\u00a0toute r\u00e9serve\u00a0\u00bb, a-t-il soutenu.Concernant le prochain Sommet arabe, M. Aboul Gheit a fait savoir qu&rsquo;il avait \u00e9t\u00e9 convenu de sa tenue dans la capitale saoudienne, Al-Riyadh \u00ab\u00a0avant le 30 mars prochain\u00a0\u00bb, passant en revue les efforts colossaux d\u00e9ploy\u00e9s par l&rsquo;Alg\u00e9rie lors de cette \u00e9dition.<\/p>\n\n\n\n<p><strong>Hocine Fadheli<\/strong><\/p>\n","protected":false},"excerpt":{"rendered":"<p>L\u2019ouverture du Sommet de la Ligue arabe le 1er Novembre \u00e0 Alger n\u2019est pas anodine. Le choix de cette date<\/p>\n","protected":false},"author":3,"featured_media":30061,"comment_status":"open","ping_status":"closed","sticky":false,"template":"","format":"standard","meta":{"colormag_page_container_layout":"default_layout","colormag_page_sidebar_layout":"default_layout","om_disable_all_campaigns":false,"_monsterinsights_skip_tracking":false,"_monsterinsights_sitenote_active":false,"_monsterinsights_sitenote_note":"","_monsterinsights_sitenote_category":0,"footnotes":"","_wpscppro_dont_share_socialmedia":false,"_wpscppro_custom_social_share_image":0,"_facebook_share_type":"","_twitter_share_type":"","_linkedin_share_type":"","_pinterest_share_type":"","_linkedin_share_type_page":"","_instagram_share_type":"","_medium_share_type":"","_threads_share_type":"","_google_business_share_type":"","_selected_social_profile":[],"_wpsp_enable_custom_social_template":false,"_wpsp_social_scheduling":{"enabled":false,"datetime":null,"platforms":[],"status":"template_only","dateOption":"today","timeOption":"now","customDays":"","customHours":"","customDate":"","customTime":"","schedulingType":"absolute"},"_wpsp_active_default_template":true},"categories":[27],"tags":[],"class_list":["post-29994","post","type-post","status-publish","format-standard","has-post-thumbnail","hentry","category-actualite"],"aioseo_notices":[],"yoast_head":"<!-- This site is optimized with the Yoast SEO plugin v27.5 - https:\/\/yoast.com\/product\/yoast-seo-wordpress\/ -->\n<title>Ramtane Lamamra qualifie le Sommet d\u2019Alger de novembriste\u00a0: Tous les objectifs ont \u00e9t\u00e9 atteints - La Sentinelle<\/title>\n<meta name=\"robots\" content=\"index, follow, max-snippet:-1, max-image-preview:large, max-video-preview:-1\" \/>\n<link rel=\"canonical\" href=\"https:\/\/lasentinelle.dz\/index.php\/2022\/11\/02\/ramtane-lamamra-qualifie-le-sommet-dalger-de-novembriste-tous-les-objectifs-ont-ete-atteints\/\" \/>\n<meta property=\"og:locale\" content=\"fr_FR\" \/>\n<meta property=\"og:type\" content=\"article\" \/>\n<meta property=\"og:title\" content=\"Ramtane Lamamra qualifie le Sommet d\u2019Alger de novembriste\u00a0: Tous les objectifs ont \u00e9t\u00e9 atteints - La Sentinelle\" \/>\n<meta property=\"og:description\" content=\"L\u2019ouverture du Sommet de la Ligue arabe le 1er Novembre \u00e0 Alger n\u2019est pas anodine. Le choix de cette date\" \/>\n<meta property=\"og:url\" content=\"https:\/\/lasentinelle.dz\/index.php\/2022\/11\/02\/ramtane-lamamra-qualifie-le-sommet-dalger-de-novembriste-tous-les-objectifs-ont-ete-atteints\/\" \/>\n<meta property=\"og:site_name\" content=\"La Sentinelle\" \/>\n<meta property=\"article:publisher\" content=\"https:\/\/www.facebook.com\/La-Sentinelle-104059864394773\" \/>\n<meta property=\"article:published_time\" content=\"2022-11-02T21:05:00+00:00\" \/>\n<meta property=\"og:image\" content=\"https:\/\/lasentinelle.dz\/wp-content\/uploads\/2022\/11\/image_2022-11-02_213608125.png\" \/>\n\t<meta property=\"og:image:width\" content=\"800\" \/>\n\t<meta property=\"og:image:height\" content=\"445\" \/>\n\t<meta property=\"og:image:type\" content=\"image\/png\" \/>\n<meta name=\"author\" content=\"La Sentinelle\" \/>\n<meta name=\"twitter:card\" content=\"summary_large_image\" \/>\n<meta name=\"twitter:label1\" content=\"\u00c9crit par\" \/>\n\t<meta name=\"twitter:data1\" content=\"La Sentinelle\" \/>\n\t<meta name=\"twitter:label2\" content=\"Dur\u00e9e de lecture estim\u00e9e\" \/>\n\t<meta name=\"twitter:data2\" content=\"4 minutes\" \/>\n<script type=\"application\/ld+json\" class=\"yoast-schema-graph\">{\"@context\":\"https:\\\/\\\/schema.org\",\"@graph\":[{\"@type\":\"Article\",\"@id\":\"https:\\\/\\\/lasentinelle.dz\\\/index.php\\\/2022\\\/11\\\/02\\\/ramtane-lamamra-qualifie-le-sommet-dalger-de-novembriste-tous-les-objectifs-ont-ete-atteints\\\/#article\",\"isPartOf\":{\"@id\":\"https:\\\/\\\/lasentinelle.dz\\\/index.php\\\/2022\\\/11\\\/02\\\/ramtane-lamamra-qualifie-le-sommet-dalger-de-novembriste-tous-les-objectifs-ont-ete-atteints\\\/\"},\"author\":{\"name\":\"La Sentinelle\",\"@id\":\"https:\\\/\\\/lasentinelle.dz\\\/#\\\/schema\\\/person\\\/d865044e22e70a75174ce8bcad3acfb3\"},\"headline\":\"Ramtane Lamamra qualifie le Sommet d\u2019Alger de novembriste\u00a0: Tous les objectifs ont \u00e9t\u00e9 atteints\",\"datePublished\":\"2022-11-02T21:05:00+00:00\",\"mainEntityOfPage\":{\"@id\":\"https:\\\/\\\/lasentinelle.dz\\\/index.php\\\/2022\\\/11\\\/02\\\/ramtane-lamamra-qualifie-le-sommet-dalger-de-novembriste-tous-les-objectifs-ont-ete-atteints\\\/\"},\"wordCount\":839,\"commentCount\":0,\"publisher\":{\"@id\":\"https:\\\/\\\/lasentinelle.dz\\\/#organization\"},\"image\":{\"@id\":\"https:\\\/\\\/lasentinelle.dz\\\/index.php\\\/2022\\\/11\\\/02\\\/ramtane-lamamra-qualifie-le-sommet-dalger-de-novembriste-tous-les-objectifs-ont-ete-atteints\\\/#primaryimage\"},\"thumbnailUrl\":\"https:\\\/\\\/lasentinelle.dz\\\/wp-content\\\/uploads\\\/2022\\\/11\\\/image_2022-11-02_213608125.png\",\"articleSection\":[\"Actualit\u00e9\"],\"inLanguage\":\"fr-FR\",\"potentialAction\":[{\"@type\":\"CommentAction\",\"name\":\"Comment\",\"target\":[\"https:\\\/\\\/lasentinelle.dz\\\/index.php\\\/2022\\\/11\\\/02\\\/ramtane-lamamra-qualifie-le-sommet-dalger-de-novembriste-tous-les-objectifs-ont-ete-atteints\\\/#respond\"]}]},{\"@type\":\"WebPage\",\"@id\":\"https:\\\/\\\/lasentinelle.dz\\\/index.php\\\/2022\\\/11\\\/02\\\/ramtane-lamamra-qualifie-le-sommet-dalger-de-novembriste-tous-les-objectifs-ont-ete-atteints\\\/\",\"url\":\"https:\\\/\\\/lasentinelle.dz\\\/index.php\\\/2022\\\/11\\\/02\\\/ramtane-lamamra-qualifie-le-sommet-dalger-de-novembriste-tous-les-objectifs-ont-ete-atteints\\\/\",\"name\":\"Ramtane Lamamra qualifie le Sommet d\u2019Alger de novembriste\u00a0: Tous les objectifs ont \u00e9t\u00e9 atteints - La Sentinelle\",\"isPartOf\":{\"@id\":\"https:\\\/\\\/lasentinelle.dz\\\/#website\"},\"primaryImageOfPage\":{\"@id\":\"https:\\\/\\\/lasentinelle.dz\\\/index.php\\\/2022\\\/11\\\/02\\\/ramtane-lamamra-qualifie-le-sommet-dalger-de-novembriste-tous-les-objectifs-ont-ete-atteints\\\/#primaryimage\"},\"image\":{\"@id\":\"https:\\\/\\\/lasentinelle.dz\\\/index.php\\\/2022\\\/11\\\/02\\\/ramtane-lamamra-qualifie-le-sommet-dalger-de-novembriste-tous-les-objectifs-ont-ete-atteints\\\/#primaryimage\"},\"thumbnailUrl\":\"https:\\\/\\\/lasentinelle.dz\\\/wp-content\\\/uploads\\\/2022\\\/11\\\/image_2022-11-02_213608125.png\",\"datePublished\":\"2022-11-02T21:05:00+00:00\",\"breadcrumb\":{\"@id\":\"https:\\\/\\\/lasentinelle.dz\\\/index.php\\\/2022\\\/11\\\/02\\\/ramtane-lamamra-qualifie-le-sommet-dalger-de-novembriste-tous-les-objectifs-ont-ete-atteints\\\/#breadcrumb\"},\"inLanguage\":\"fr-FR\",\"potentialAction\":[{\"@type\":\"ReadAction\",\"target\":[\"https:\\\/\\\/lasentinelle.dz\\\/index.php\\\/2022\\\/11\\\/02\\\/ramtane-lamamra-qualifie-le-sommet-dalger-de-novembriste-tous-les-objectifs-ont-ete-atteints\\\/\"]}]},{\"@type\":\"ImageObject\",\"inLanguage\":\"fr-FR\",\"@id\":\"https:\\\/\\\/lasentinelle.dz\\\/index.php\\\/2022\\\/11\\\/02\\\/ramtane-lamamra-qualifie-le-sommet-dalger-de-novembriste-tous-les-objectifs-ont-ete-atteints\\\/#primaryimage\",\"url\":\"https:\\\/\\\/lasentinelle.dz\\\/wp-content\\\/uploads\\\/2022\\\/11\\\/image_2022-11-02_213608125.png\",\"contentUrl\":\"https:\\\/\\\/lasentinelle.dz\\\/wp-content\\\/uploads\\\/2022\\\/11\\\/image_2022-11-02_213608125.png\",\"width\":800,\"height\":445},{\"@type\":\"BreadcrumbList\",\"@id\":\"https:\\\/\\\/lasentinelle.dz\\\/index.php\\\/2022\\\/11\\\/02\\\/ramtane-lamamra-qualifie-le-sommet-dalger-de-novembriste-tous-les-objectifs-ont-ete-atteints\\\/#breadcrumb\",\"itemListElement\":[{\"@type\":\"ListItem\",\"position\":1,\"name\":\"Accueil\",\"item\":\"https:\\\/\\\/lasentinelle.dz\\\/\"},{\"@type\":\"ListItem\",\"position\":2,\"name\":\"Ramtane Lamamra qualifie le Sommet d\u2019Alger de novembriste\u00a0: Tous les objectifs ont \u00e9t\u00e9 atteints\"}]},{\"@type\":\"WebSite\",\"@id\":\"https:\\\/\\\/lasentinelle.dz\\\/#website\",\"url\":\"https:\\\/\\\/lasentinelle.dz\\\/\",\"name\":\"La Sentinelle\",\"description\":\"Quotidien national d&#039;information\",\"publisher\":{\"@id\":\"https:\\\/\\\/lasentinelle.dz\\\/#organization\"},\"potentialAction\":[{\"@type\":\"SearchAction\",\"target\":{\"@type\":\"EntryPoint\",\"urlTemplate\":\"https:\\\/\\\/lasentinelle.dz\\\/?s={search_term_string}\"},\"query-input\":{\"@type\":\"PropertyValueSpecification\",\"valueRequired\":true,\"valueName\":\"search_term_string\"}}],\"inLanguage\":\"fr-FR\"},{\"@type\":\"Organization\",\"@id\":\"https:\\\/\\\/lasentinelle.dz\\\/#organization\",\"name\":\"Quotidien La Sentinelle\",\"url\":\"https:\\\/\\\/lasentinelle.dz\\\/\",\"logo\":{\"@type\":\"ImageObject\",\"inLanguage\":\"fr-FR\",\"@id\":\"https:\\\/\\\/lasentinelle.dz\\\/#\\\/schema\\\/logo\\\/image\\\/\",\"url\":\"https:\\\/\\\/lasentinelle.dz\\\/wp-content\\\/uploads\\\/2021\\\/09\\\/logo-sentinelleSLOGAN-1.png\",\"contentUrl\":\"https:\\\/\\\/lasentinelle.dz\\\/wp-content\\\/uploads\\\/2021\\\/09\\\/logo-sentinelleSLOGAN-1.png\",\"width\":615,\"height\":142,\"caption\":\"Quotidien La Sentinelle\"},\"image\":{\"@id\":\"https:\\\/\\\/lasentinelle.dz\\\/#\\\/schema\\\/logo\\\/image\\\/\"},\"sameAs\":[\"https:\\\/\\\/www.facebook.com\\\/La-Sentinelle-104059864394773\"]},{\"@type\":\"Person\",\"@id\":\"https:\\\/\\\/lasentinelle.dz\\\/#\\\/schema\\\/person\\\/d865044e22e70a75174ce8bcad3acfb3\",\"name\":\"La Sentinelle\",\"image\":{\"@type\":\"ImageObject\",\"inLanguage\":\"fr-FR\",\"@id\":\"https:\\\/\\\/secure.gravatar.com\\\/avatar\\\/57de8e5d4b15d43fb361a71fbb36338450fe67865b528a43dd10ef7c51a20392?s=96&d=mm&r=g\",\"url\":\"https:\\\/\\\/secure.gravatar.com\\\/avatar\\\/57de8e5d4b15d43fb361a71fbb36338450fe67865b528a43dd10ef7c51a20392?s=96&d=mm&r=g\",\"contentUrl\":\"https:\\\/\\\/secure.gravatar.com\\\/avatar\\\/57de8e5d4b15d43fb361a71fbb36338450fe67865b528a43dd10ef7c51a20392?s=96&d=mm&r=g\",\"caption\":\"La Sentinelle\"},\"sameAs\":[\"http:\\\/\\\/www.lasentinelle.dz\"],\"url\":\"https:\\\/\\\/lasentinelle.dz\\\/author\\\/redaction\\\/\"}]}<\/script>\n<!-- \/ Yoast SEO plugin. -->","yoast_head_json":{"title":"Ramtane Lamamra qualifie le Sommet d\u2019Alger de novembriste\u00a0: Tous les objectifs ont \u00e9t\u00e9 atteints - La Sentinelle","robots":{"index":"index","follow":"follow","max-snippet":"max-snippet:-1","max-image-preview":"max-image-preview:large","max-video-preview":"max-video-preview:-1"},"canonical":"https:\/\/lasentinelle.dz\/index.php\/2022\/11\/02\/ramtane-lamamra-qualifie-le-sommet-dalger-de-novembriste-tous-les-objectifs-ont-ete-atteints\/","og_locale":"fr_FR","og_type":"article","og_title":"Ramtane Lamamra qualifie le Sommet d\u2019Alger de novembriste\u00a0: Tous les objectifs ont \u00e9t\u00e9 atteints - La Sentinelle","og_description":"L\u2019ouverture du Sommet de la Ligue arabe le 1er Novembre \u00e0 Alger n\u2019est pas anodine. Le choix de cette date","og_url":"https:\/\/lasentinelle.dz\/index.php\/2022\/11\/02\/ramtane-lamamra-qualifie-le-sommet-dalger-de-novembriste-tous-les-objectifs-ont-ete-atteints\/","og_site_name":"La Sentinelle","article_publisher":"https:\/\/www.facebook.com\/La-Sentinelle-104059864394773","article_published_time":"2022-11-02T21:05:00+00:00","og_image":[{"width":800,"height":445,"url":"https:\/\/lasentinelle.dz\/wp-content\/uploads\/2022\/11\/image_2022-11-02_213608125.png","type":"image\/png"}],"author":"La Sentinelle","twitter_card":"summary_large_image","twitter_misc":{"\u00c9crit par":"La Sentinelle","Dur\u00e9e de lecture estim\u00e9e":"4 minutes"},"schema":{"@context":"https:\/\/schema.org","@graph":[{"@type":"Article","@id":"https:\/\/lasentinelle.dz\/index.php\/2022\/11\/02\/ramtane-lamamra-qualifie-le-sommet-dalger-de-novembriste-tous-les-objectifs-ont-ete-atteints\/#article","isPartOf":{"@id":"https:\/\/lasentinelle.dz\/index.php\/2022\/11\/02\/ramtane-lamamra-qualifie-le-sommet-dalger-de-novembriste-tous-les-objectifs-ont-ete-atteints\/"},"author":{"name":"La Sentinelle","@id":"https:\/\/lasentinelle.dz\/#\/schema\/person\/d865044e22e70a75174ce8bcad3acfb3"},"headline":"Ramtane Lamamra qualifie le Sommet d\u2019Alger de novembriste\u00a0: Tous les objectifs ont \u00e9t\u00e9 atteints","datePublished":"2022-11-02T21:05:00+00:00","mainEntityOfPage":{"@id":"https:\/\/lasentinelle.dz\/index.php\/2022\/11\/02\/ramtane-lamamra-qualifie-le-sommet-dalger-de-novembriste-tous-les-objectifs-ont-ete-atteints\/"},"wordCount":839,"commentCount":0,"publisher":{"@id":"https:\/\/lasentinelle.dz\/#organization"},"image":{"@id":"https:\/\/lasentinelle.dz\/index.php\/2022\/11\/02\/ramtane-lamamra-qualifie-le-sommet-dalger-de-novembriste-tous-les-objectifs-ont-ete-atteints\/#primaryimage"},"thumbnailUrl":"https:\/\/lasentinelle.dz\/wp-content\/uploads\/2022\/11\/image_2022-11-02_213608125.png","articleSection":["Actualit\u00e9"],"inLanguage":"fr-FR","potentialAction":[{"@type":"CommentAction","name":"Comment","target":["https:\/\/lasentinelle.dz\/index.php\/2022\/11\/02\/ramtane-lamamra-qualifie-le-sommet-dalger-de-novembriste-tous-les-objectifs-ont-ete-atteints\/#respond"]}]},{"@type":"WebPage","@id":"https:\/\/lasentinelle.dz\/index.php\/2022\/11\/02\/ramtane-lamamra-qualifie-le-sommet-dalger-de-novembriste-tous-les-objectifs-ont-ete-atteints\/","url":"https:\/\/lasentinelle.dz\/index.php\/2022\/11\/02\/ramtane-lamamra-qualifie-le-sommet-dalger-de-novembriste-tous-les-objectifs-ont-ete-atteints\/","name":"Ramtane Lamamra qualifie le Sommet d\u2019Alger de novembriste\u00a0: Tous les objectifs ont \u00e9t\u00e9 atteints - La Sentinelle","isPartOf":{"@id":"https:\/\/lasentinelle.dz\/#website"},"primaryImageOfPage":{"@id":"https:\/\/lasentinelle.dz\/index.php\/2022\/11\/02\/ramtane-lamamra-qualifie-le-sommet-dalger-de-novembriste-tous-les-objectifs-ont-ete-atteints\/#primaryimage"},"image":{"@id":"https:\/\/lasentinelle.dz\/index.php\/2022\/11\/02\/ramtane-lamamra-qualifie-le-sommet-dalger-de-novembriste-tous-les-objectifs-ont-ete-atteints\/#primaryimage"},"thumbnailUrl":"https:\/\/lasentinelle.dz\/wp-content\/uploads\/2022\/11\/image_2022-11-02_213608125.png","datePublished":"2022-11-02T21:05:00+00:00","breadcrumb":{"@id":"https:\/\/lasentinelle.dz\/index.php\/2022\/11\/02\/ramtane-lamamra-qualifie-le-sommet-dalger-de-novembriste-tous-les-objectifs-ont-ete-atteints\/#breadcrumb"},"inLanguage":"fr-FR","potentialAction":[{"@type":"ReadAction","target":["https:\/\/lasentinelle.dz\/index.php\/2022\/11\/02\/ramtane-lamamra-qualifie-le-sommet-dalger-de-novembriste-tous-les-objectifs-ont-ete-atteints\/"]}]},{"@type":"ImageObject","inLanguage":"fr-FR","@id":"https:\/\/lasentinelle.dz\/index.php\/2022\/11\/02\/ramtane-lamamra-qualifie-le-sommet-dalger-de-novembriste-tous-les-objectifs-ont-ete-atteints\/#primaryimage","url":"https:\/\/lasentinelle.dz\/wp-content\/uploads\/2022\/11\/image_2022-11-02_213608125.png","contentUrl":"https:\/\/lasentinelle.dz\/wp-content\/uploads\/2022\/11\/image_2022-11-02_213608125.png","width":800,"height":445},{"@type":"BreadcrumbList","@id":"https:\/\/lasentinelle.dz\/index.php\/2022\/11\/02\/ramtane-lamamra-qualifie-le-sommet-dalger-de-novembriste-tous-les-objectifs-ont-ete-atteints\/#breadcrumb","itemListElement":[{"@type":"ListItem","position":1,"name":"Accueil","item":"https:\/\/lasentinelle.dz\/"},{"@type":"ListItem","position":2,"name":"Ramtane Lamamra qualifie le Sommet d\u2019Alger de novembriste\u00a0: Tous les objectifs ont \u00e9t\u00e9 atteints"}]},{"@type":"WebSite","@id":"https:\/\/lasentinelle.dz\/#website","url":"https:\/\/lasentinelle.dz\/","name":"La Sentinelle","description":"Quotidien national d&#039;information","publisher":{"@id":"https:\/\/lasentinelle.dz\/#organization"},"potentialAction":[{"@type":"SearchAction","target":{"@type":"EntryPoint","urlTemplate":"https:\/\/lasentinelle.dz\/?s={search_term_string}"},"query-input":{"@type":"PropertyValueSpecification","valueRequired":true,"valueName":"search_term_string"}}],"inLanguage":"fr-FR"},{"@type":"Organization","@id":"https:\/\/lasentinelle.dz\/#organization","name":"Quotidien La Sentinelle","url":"https:\/\/lasentinelle.dz\/","logo":{"@type":"ImageObject","inLanguage":"fr-FR","@id":"https:\/\/lasentinelle.dz\/#\/schema\/logo\/image\/","url":"https:\/\/lasentinelle.dz\/wp-content\/uploads\/2021\/09\/logo-sentinelleSLOGAN-1.png","contentUrl":"https:\/\/lasentinelle.dz\/wp-content\/uploads\/2021\/09\/logo-sentinelleSLOGAN-1.png","width":615,"height":142,"caption":"Quotidien La Sentinelle"},"image":{"@id":"https:\/\/lasentinelle.dz\/#\/schema\/logo\/image\/"},"sameAs":["https:\/\/www.facebook.com\/La-Sentinelle-104059864394773"]},{"@type":"Person","@id":"https:\/\/lasentinelle.dz\/#\/schema\/person\/d865044e22e70a75174ce8bcad3acfb3","name":"La Sentinelle","image":{"@type":"ImageObject","inLanguage":"fr-FR","@id":"https:\/\/secure.gravatar.com\/avatar\/57de8e5d4b15d43fb361a71fbb36338450fe67865b528a43dd10ef7c51a20392?s=96&d=mm&r=g","url":"https:\/\/secure.gravatar.com\/avatar\/57de8e5d4b15d43fb361a71fbb36338450fe67865b528a43dd10ef7c51a20392?s=96&d=mm&r=g","contentUrl":"https:\/\/secure.gravatar.com\/avatar\/57de8e5d4b15d43fb361a71fbb36338450fe67865b528a43dd10ef7c51a20392?s=96&d=mm&r=g","caption":"La Sentinelle"},"sameAs":["http:\/\/www.lasentinelle.dz"],"url":"https:\/\/lasentinelle.dz\/author\/redaction\/"}]}},"_links":{"self":[{"href":"https:\/\/lasentinelle.dz\/index.php\/wp-json\/wp\/v2\/posts\/29994","targetHints":{"allow":["GET"]}}],"collection":[{"href":"https:\/\/lasentinelle.dz\/index.php\/wp-json\/wp\/v2\/posts"}],"about":[{"href":"https:\/\/lasentinelle.dz\/index.php\/wp-json\/wp\/v2\/types\/post"}],"author":[{"embeddable":true,"href":"https:\/\/lasentinelle.dz\/index.php\/wp-json\/wp\/v2\/users\/3"}],"replies":[{"embeddable":true,"href":"https:\/\/lasentinelle.dz\/index.php\/wp-json\/wp\/v2\/comments?post=29994"}],"version-history":[{"count":1,"href":"https:\/\/lasentinelle.dz\/index.php\/wp-json\/wp\/v2\/posts\/29994\/revisions"}],"predecessor-version":[{"id":30062,"href":"https:\/\/lasentinelle.dz\/index.php\/wp-json\/wp\/v2\/posts\/29994\/revisions\/30062"}],"wp:featuredmedia":[{"embeddable":true,"href":"https:\/\/lasentinelle.dz\/index.php\/wp-json\/wp\/v2\/media\/30061"}],"wp:attachment":[{"href":"https:\/\/lasentinelle.dz\/index.php\/wp-json\/wp\/v2\/media?parent=29994"}],"wp:term":[{"taxonomy":"category","embeddable":true,"href":"https:\/\/lasentinelle.dz\/index.php\/wp-json\/wp\/v2\/categories?post=29994"},{"taxonomy":"post_tag","embeddable":true,"href":"https:\/\/lasentinelle.dz\/index.php\/wp-json\/wp\/v2\/tags?post=29994"}],"curies":[{"name":"wp","href":"https:\/\/api.w.org\/{rel}","templated":true}]}}