{"id":30010,"date":"2022-11-02T22:15:00","date_gmt":"2022-11-02T21:15:00","guid":{"rendered":"https:\/\/lasentinelle.dz\/?p=30010"},"modified":"2022-11-02T20:50:55","modified_gmt":"2022-11-02T19:50:55","slug":"__trashed-116","status":"publish","type":"post","link":"https:\/\/lasentinelle.dz\/index.php\/2022\/11\/02\/__trashed-116\/","title":{"rendered":"Ligue Une \u00a0: Un calendrier chamboul\u00e9 par le CHAN"},"content":{"rendered":"\n<p>La tenue du Championnat d\u2019Afriques des Nations en Alg\u00e9rie du 13 janvier au 4 f\u00e9vrier prochains et les stages de pr\u00e9paration que cela implique constituent un v\u00e9ritable casse-t\u00eate pour la Ligue de football professionnel lequel doit adapter le calendrier de championnat de Ligue 1.<\/p>\n\n\n\n<p>Le Championnat national de football professionnel ne s\u2019interrompra pas lors du Mondial qatari. La LFP n\u2019aura pas \u00e0 d\u2019adapter \u00e0 l\u2019\u00e9v\u00e9nement du fait de l\u2019\u00e9limination de l\u2019EN. L\u2019instance dirig\u00e9e par Abdelkrim Medouar doit cependant g\u00e9rer le calendrier et l\u2019adapter au Championnat d\u2019Afrique des Nations, commun\u00e9ment appel\u00e9 Coupe d\u2019Afrique des joueurs locaux. Le fait est que les joueurs \u00e9voluant au sein des grands clubs de la Ligue 1 ont \u00e9t\u00e9 s\u00e9lectionn\u00e9s dans l\u2019effectif de Madjid Bougherra qui entend multiplier les stages de pr\u00e9paration en pr\u00e9vision du CHAN. Ces derniers ont pris part \u00e0 deux stages en septembre et octobre et prennent part \u00e0 un nouveau stage en ce mois de novembre. En ce sens la LFP a multipli\u00e9 les r\u00e9unions de coordination avec les deux coachs nationaux et le calendrier de la Ligue Une a m\u00eame fait l\u2019objet d\u2019un expos\u00e9 lors de la r\u00e9union du Bureau f\u00e9d\u00e9ral de la FAF dimanche. Dans ce contexte le pr\u00e9sident de la LFP a reconnu hier que la programmation du championnat de Ligue 1 allait \u00eatre \u00ab\u00a0perturb\u00e9e\u00a0\u00bb.\u00a0\u00bbNous sommes oblig\u00e9s de nous adapter \u00e0 cette situation, la programmation du championnat sera perturb\u00e9e, d&rsquo;autant que la s\u00e9lection A&rsquo; a amorc\u00e9 la derni\u00e8re ligne droite dans sa pr\u00e9paration pour le CHAN. Au niveau de la LFP, nous avons pris en consid\u00e9ration le programme de travail de l&rsquo;\u00e9quipe nationale, sur lequel nous avons pu \u00e9tablir le calendrier des 10e et 11e journ\u00e9es\u00a0\u00bb, a affirm\u00e9 \u00e0 l&rsquo;APS le premier responsable de l&rsquo;instance charg\u00e9e de la gestion de la comp\u00e9tition.La LFP a d\u00e9voil\u00e9 mardi le calendrier des 10e et 11e journ\u00e9es, modifi\u00e9es suite \u00e0 la d\u00e9cision du Bureau f\u00e9d\u00e9ral de la F\u00e9d\u00e9ration alg\u00e9rienne (FAF) d&rsquo;avancer la 11e journ\u00e9e au mercredi 9 novembre. La d\u00e9cision du Bureau f\u00e9d\u00e9rale a \u00e9t\u00e9 prise afin de permettre la lib\u00e9ration des joueurs concern\u00e9s par le stage de l&rsquo;\u00e9quipe nationale A&rsquo;.&nbsp;<\/p>\n\n\n\n<p>Apr\u00e8s avoir clos un stage \u00e0 Tabarka (Tunisie), la s\u00e9lection nationale des locaux effectuera un second regroupement \u00e0 l&rsquo;\u00e9tranger du 10 au 26 novembre aux Emirats arabes unis, avec au menu deux matchs amicaux face \u00e0 la Syrie et le Kowe\u00eft, en attendant de finaliser avec une s\u00e9lection africaine. \u00ab\u00a0Le d\u00e9part de la s\u00e9lection aux Emirats est pr\u00e9vu le 10 novembre. La veille, nous avons programm\u00e9 quatre rencontres de la 11e journ\u00e9e concernant les clubs, dont les joueurs seront concern\u00e9s par ce stage. Ensuite, il y aura quatre journ\u00e9es \u00e0 disputer avant la fin de la phase aller\u00a0\u00bb, a-t-il ajout\u00e9.Tout en appelant \u00e0 \u00ab\u00a0plus de concertation\u00a0\u00bb avec le staff technique de l&rsquo;\u00e9quipe A&rsquo;, Medouar a soulign\u00e9 que \u00ab\u00a0les matchs en retard sont in\u00e9vitables\u00a0\u00bb, d&rsquo;autant plus que la LFP prendra \u00e9galement compte dans sa programmation les clubs engag\u00e9s en comp\u00e9titions africaines interclubs, pour finaliser le calendrier de la suite de la premi\u00e8re phase du championnat.Enfin, Abdelkrim Medouar a indiqu\u00e9 que le championnat de L1 observera sa traditionnelle tr\u00eave pendant le CHAN, une p\u00e9riode qui sera \u00e9galement marqu\u00e9e par le mercato hivernal.<\/p>\n\n\n\n<p><strong>Chokri Hafed<\/strong><\/p>\n","protected":false},"excerpt":{"rendered":"<p>La tenue du Championnat d\u2019Afriques des Nations en Alg\u00e9rie du 13 janvier au 4 f\u00e9vrier prochains et les stages de<\/p>\n","protected":false},"author":3,"featured_media":30040,"comment_status":"open","ping_status":"closed","sticky":false,"template":"","format":"standard","meta":{"colormag_page_container_layout":"default_layout","colormag_page_sidebar_layout":"default_layout","om_disable_all_campaigns":false,"_monsterinsights_skip_tracking":false,"_monsterinsights_sitenote_active":false,"_monsterinsights_sitenote_note":"","_monsterinsights_sitenote_category":0,"footnotes":"","_wpscppro_dont_share_socialmedia":false,"_wpscppro_custom_social_share_image":0,"_facebook_share_type":"","_twitter_share_type":"","_linkedin_share_type":"","_pinterest_share_type":"","_linkedin_share_type_page":"","_instagram_share_type":"","_medium_share_type":"","_threads_share_type":"","_google_business_share_type":"","_selected_social_profile":[],"_wpsp_enable_custom_social_template":false,"_wpsp_social_scheduling":{"enabled":false,"datetime":null,"platforms":[],"status":"template_only","dateOption":"today","timeOption":"now","customDays":"","customHours":"","customDate":"","customTime":"","schedulingType":"absolute"},"_wpsp_active_default_template":true},"categories":[52,33],"tags":[],"class_list":["post-30010","post","type-post","status-publish","format-standard","has-post-thumbnail","hentry","category-a-la-une","category-sports"],"aioseo_notices":[],"yoast_head":"<!-- This site is optimized with the Yoast SEO plugin v27.5 - https:\/\/yoast.com\/product\/yoast-seo-wordpress\/ -->\n<title>Ligue Une \u00a0: Un calendrier chamboul\u00e9 par le CHAN - La Sentinelle<\/title>\n<meta name=\"robots\" content=\"index, follow, max-snippet:-1, max-image-preview:large, max-video-preview:-1\" \/>\n<link rel=\"canonical\" href=\"https:\/\/lasentinelle.dz\/index.php\/2022\/11\/02\/__trashed-116\/\" \/>\n<meta property=\"og:locale\" content=\"fr_FR\" \/>\n<meta property=\"og:type\" content=\"article\" \/>\n<meta property=\"og:title\" content=\"Ligue Une \u00a0: Un calendrier chamboul\u00e9 par le CHAN - La Sentinelle\" \/>\n<meta property=\"og:description\" content=\"La tenue du Championnat d\u2019Afriques des Nations en Alg\u00e9rie du 13 janvier au 4 f\u00e9vrier prochains et les stages de\" \/>\n<meta property=\"og:url\" content=\"https:\/\/lasentinelle.dz\/index.php\/2022\/11\/02\/__trashed-116\/\" \/>\n<meta property=\"og:site_name\" content=\"La Sentinelle\" \/>\n<meta property=\"article:publisher\" content=\"https:\/\/www.facebook.com\/La-Sentinelle-104059864394773\" \/>\n<meta property=\"article:published_time\" content=\"2022-11-02T21:15:00+00:00\" \/>\n<meta property=\"og:image\" content=\"https:\/\/lasentinelle.dz\/wp-content\/uploads\/2022\/11\/madouar.png\" \/>\n\t<meta property=\"og:image:width\" content=\"1361\" \/>\n\t<meta property=\"og:image:height\" content=\"900\" \/>\n\t<meta property=\"og:image:type\" content=\"image\/png\" \/>\n<meta name=\"author\" content=\"La Sentinelle\" \/>\n<meta name=\"twitter:card\" content=\"summary_large_image\" \/>\n<meta name=\"twitter:label1\" content=\"\u00c9crit par\" \/>\n\t<meta name=\"twitter:data1\" content=\"La Sentinelle\" \/>\n\t<meta name=\"twitter:label2\" content=\"Dur\u00e9e de lecture estim\u00e9e\" \/>\n\t<meta name=\"twitter:data2\" content=\"3 minutes\" \/>\n<script type=\"application\/ld+json\" class=\"yoast-schema-graph\">{\"@context\":\"https:\\\/\\\/schema.org\",\"@graph\":[{\"@type\":\"Article\",\"@id\":\"https:\\\/\\\/lasentinelle.dz\\\/index.php\\\/2022\\\/11\\\/02\\\/__trashed-116\\\/#article\",\"isPartOf\":{\"@id\":\"https:\\\/\\\/lasentinelle.dz\\\/index.php\\\/2022\\\/11\\\/02\\\/__trashed-116\\\/\"},\"author\":{\"name\":\"La Sentinelle\",\"@id\":\"https:\\\/\\\/lasentinelle.dz\\\/#\\\/schema\\\/person\\\/d865044e22e70a75174ce8bcad3acfb3\"},\"headline\":\"Ligue Une \u00a0: Un calendrier chamboul\u00e9 par le CHAN\",\"datePublished\":\"2022-11-02T21:15:00+00:00\",\"mainEntityOfPage\":{\"@id\":\"https:\\\/\\\/lasentinelle.dz\\\/index.php\\\/2022\\\/11\\\/02\\\/__trashed-116\\\/\"},\"wordCount\":606,\"commentCount\":0,\"publisher\":{\"@id\":\"https:\\\/\\\/lasentinelle.dz\\\/#organization\"},\"image\":{\"@id\":\"https:\\\/\\\/lasentinelle.dz\\\/index.php\\\/2022\\\/11\\\/02\\\/__trashed-116\\\/#primaryimage\"},\"thumbnailUrl\":\"https:\\\/\\\/lasentinelle.dz\\\/wp-content\\\/uploads\\\/2022\\\/11\\\/madouar.png\",\"articleSection\":[\"\u00c0 la Une\",\"Sports\"],\"inLanguage\":\"fr-FR\",\"potentialAction\":[{\"@type\":\"CommentAction\",\"name\":\"Comment\",\"target\":[\"https:\\\/\\\/lasentinelle.dz\\\/index.php\\\/2022\\\/11\\\/02\\\/__trashed-116\\\/#respond\"]}]},{\"@type\":\"WebPage\",\"@id\":\"https:\\\/\\\/lasentinelle.dz\\\/index.php\\\/2022\\\/11\\\/02\\\/__trashed-116\\\/\",\"url\":\"https:\\\/\\\/lasentinelle.dz\\\/index.php\\\/2022\\\/11\\\/02\\\/__trashed-116\\\/\",\"name\":\"Ligue Une \u00a0: Un calendrier chamboul\u00e9 par le CHAN - La Sentinelle\",\"isPartOf\":{\"@id\":\"https:\\\/\\\/lasentinelle.dz\\\/#website\"},\"primaryImageOfPage\":{\"@id\":\"https:\\\/\\\/lasentinelle.dz\\\/index.php\\\/2022\\\/11\\\/02\\\/__trashed-116\\\/#primaryimage\"},\"image\":{\"@id\":\"https:\\\/\\\/lasentinelle.dz\\\/index.php\\\/2022\\\/11\\\/02\\\/__trashed-116\\\/#primaryimage\"},\"thumbnailUrl\":\"https:\\\/\\\/lasentinelle.dz\\\/wp-content\\\/uploads\\\/2022\\\/11\\\/madouar.png\",\"datePublished\":\"2022-11-02T21:15:00+00:00\",\"breadcrumb\":{\"@id\":\"https:\\\/\\\/lasentinelle.dz\\\/index.php\\\/2022\\\/11\\\/02\\\/__trashed-116\\\/#breadcrumb\"},\"inLanguage\":\"fr-FR\",\"potentialAction\":[{\"@type\":\"ReadAction\",\"target\":[\"https:\\\/\\\/lasentinelle.dz\\\/index.php\\\/2022\\\/11\\\/02\\\/__trashed-116\\\/\"]}]},{\"@type\":\"ImageObject\",\"inLanguage\":\"fr-FR\",\"@id\":\"https:\\\/\\\/lasentinelle.dz\\\/index.php\\\/2022\\\/11\\\/02\\\/__trashed-116\\\/#primaryimage\",\"url\":\"https:\\\/\\\/lasentinelle.dz\\\/wp-content\\\/uploads\\\/2022\\\/11\\\/madouar.png\",\"contentUrl\":\"https:\\\/\\\/lasentinelle.dz\\\/wp-content\\\/uploads\\\/2022\\\/11\\\/madouar.png\",\"width\":1361,\"height\":900},{\"@type\":\"BreadcrumbList\",\"@id\":\"https:\\\/\\\/lasentinelle.dz\\\/index.php\\\/2022\\\/11\\\/02\\\/__trashed-116\\\/#breadcrumb\",\"itemListElement\":[{\"@type\":\"ListItem\",\"position\":1,\"name\":\"Accueil\",\"item\":\"https:\\\/\\\/lasentinelle.dz\\\/\"},{\"@type\":\"ListItem\",\"position\":2,\"name\":\"Ligue Une \u00a0: Un calendrier chamboul\u00e9 par le CHAN\"}]},{\"@type\":\"WebSite\",\"@id\":\"https:\\\/\\\/lasentinelle.dz\\\/#website\",\"url\":\"https:\\\/\\\/lasentinelle.dz\\\/\",\"name\":\"La Sentinelle\",\"description\":\"Quotidien national d&#039;information\",\"publisher\":{\"@id\":\"https:\\\/\\\/lasentinelle.dz\\\/#organization\"},\"potentialAction\":[{\"@type\":\"SearchAction\",\"target\":{\"@type\":\"EntryPoint\",\"urlTemplate\":\"https:\\\/\\\/lasentinelle.dz\\\/?s={search_term_string}\"},\"query-input\":{\"@type\":\"PropertyValueSpecification\",\"valueRequired\":true,\"valueName\":\"search_term_string\"}}],\"inLanguage\":\"fr-FR\"},{\"@type\":\"Organization\",\"@id\":\"https:\\\/\\\/lasentinelle.dz\\\/#organization\",\"name\":\"Quotidien La Sentinelle\",\"url\":\"https:\\\/\\\/lasentinelle.dz\\\/\",\"logo\":{\"@type\":\"ImageObject\",\"inLanguage\":\"fr-FR\",\"@id\":\"https:\\\/\\\/lasentinelle.dz\\\/#\\\/schema\\\/logo\\\/image\\\/\",\"url\":\"https:\\\/\\\/lasentinelle.dz\\\/wp-content\\\/uploads\\\/2021\\\/09\\\/logo-sentinelleSLOGAN-1.png\",\"contentUrl\":\"https:\\\/\\\/lasentinelle.dz\\\/wp-content\\\/uploads\\\/2021\\\/09\\\/logo-sentinelleSLOGAN-1.png\",\"width\":615,\"height\":142,\"caption\":\"Quotidien La Sentinelle\"},\"image\":{\"@id\":\"https:\\\/\\\/lasentinelle.dz\\\/#\\\/schema\\\/logo\\\/image\\\/\"},\"sameAs\":[\"https:\\\/\\\/www.facebook.com\\\/La-Sentinelle-104059864394773\"]},{\"@type\":\"Person\",\"@id\":\"https:\\\/\\\/lasentinelle.dz\\\/#\\\/schema\\\/person\\\/d865044e22e70a75174ce8bcad3acfb3\",\"name\":\"La Sentinelle\",\"image\":{\"@type\":\"ImageObject\",\"inLanguage\":\"fr-FR\",\"@id\":\"https:\\\/\\\/secure.gravatar.com\\\/avatar\\\/57de8e5d4b15d43fb361a71fbb36338450fe67865b528a43dd10ef7c51a20392?s=96&d=mm&r=g\",\"url\":\"https:\\\/\\\/secure.gravatar.com\\\/avatar\\\/57de8e5d4b15d43fb361a71fbb36338450fe67865b528a43dd10ef7c51a20392?s=96&d=mm&r=g\",\"contentUrl\":\"https:\\\/\\\/secure.gravatar.com\\\/avatar\\\/57de8e5d4b15d43fb361a71fbb36338450fe67865b528a43dd10ef7c51a20392?s=96&d=mm&r=g\",\"caption\":\"La Sentinelle\"},\"sameAs\":[\"http:\\\/\\\/www.lasentinelle.dz\"],\"url\":\"https:\\\/\\\/lasentinelle.dz\\\/author\\\/redaction\\\/\"}]}<\/script>\n<!-- \/ Yoast SEO plugin. -->","yoast_head_json":{"title":"Ligue Une \u00a0: Un calendrier chamboul\u00e9 par le CHAN - La Sentinelle","robots":{"index":"index","follow":"follow","max-snippet":"max-snippet:-1","max-image-preview":"max-image-preview:large","max-video-preview":"max-video-preview:-1"},"canonical":"https:\/\/lasentinelle.dz\/index.php\/2022\/11\/02\/__trashed-116\/","og_locale":"fr_FR","og_type":"article","og_title":"Ligue Une \u00a0: Un calendrier chamboul\u00e9 par le CHAN - La Sentinelle","og_description":"La tenue du Championnat d\u2019Afriques des Nations en Alg\u00e9rie du 13 janvier au 4 f\u00e9vrier prochains et les stages de","og_url":"https:\/\/lasentinelle.dz\/index.php\/2022\/11\/02\/__trashed-116\/","og_site_name":"La Sentinelle","article_publisher":"https:\/\/www.facebook.com\/La-Sentinelle-104059864394773","article_published_time":"2022-11-02T21:15:00+00:00","og_image":[{"width":1361,"height":900,"url":"https:\/\/lasentinelle.dz\/wp-content\/uploads\/2022\/11\/madouar.png","type":"image\/png"}],"author":"La Sentinelle","twitter_card":"summary_large_image","twitter_misc":{"\u00c9crit par":"La Sentinelle","Dur\u00e9e de lecture estim\u00e9e":"3 minutes"},"schema":{"@context":"https:\/\/schema.org","@graph":[{"@type":"Article","@id":"https:\/\/lasentinelle.dz\/index.php\/2022\/11\/02\/__trashed-116\/#article","isPartOf":{"@id":"https:\/\/lasentinelle.dz\/index.php\/2022\/11\/02\/__trashed-116\/"},"author":{"name":"La Sentinelle","@id":"https:\/\/lasentinelle.dz\/#\/schema\/person\/d865044e22e70a75174ce8bcad3acfb3"},"headline":"Ligue Une \u00a0: Un calendrier chamboul\u00e9 par le CHAN","datePublished":"2022-11-02T21:15:00+00:00","mainEntityOfPage":{"@id":"https:\/\/lasentinelle.dz\/index.php\/2022\/11\/02\/__trashed-116\/"},"wordCount":606,"commentCount":0,"publisher":{"@id":"https:\/\/lasentinelle.dz\/#organization"},"image":{"@id":"https:\/\/lasentinelle.dz\/index.php\/2022\/11\/02\/__trashed-116\/#primaryimage"},"thumbnailUrl":"https:\/\/lasentinelle.dz\/wp-content\/uploads\/2022\/11\/madouar.png","articleSection":["\u00c0 la Une","Sports"],"inLanguage":"fr-FR","potentialAction":[{"@type":"CommentAction","name":"Comment","target":["https:\/\/lasentinelle.dz\/index.php\/2022\/11\/02\/__trashed-116\/#respond"]}]},{"@type":"WebPage","@id":"https:\/\/lasentinelle.dz\/index.php\/2022\/11\/02\/__trashed-116\/","url":"https:\/\/lasentinelle.dz\/index.php\/2022\/11\/02\/__trashed-116\/","name":"Ligue Une \u00a0: Un calendrier chamboul\u00e9 par le CHAN - La Sentinelle","isPartOf":{"@id":"https:\/\/lasentinelle.dz\/#website"},"primaryImageOfPage":{"@id":"https:\/\/lasentinelle.dz\/index.php\/2022\/11\/02\/__trashed-116\/#primaryimage"},"image":{"@id":"https:\/\/lasentinelle.dz\/index.php\/2022\/11\/02\/__trashed-116\/#primaryimage"},"thumbnailUrl":"https:\/\/lasentinelle.dz\/wp-content\/uploads\/2022\/11\/madouar.png","datePublished":"2022-11-02T21:15:00+00:00","breadcrumb":{"@id":"https:\/\/lasentinelle.dz\/index.php\/2022\/11\/02\/__trashed-116\/#breadcrumb"},"inLanguage":"fr-FR","potentialAction":[{"@type":"ReadAction","target":["https:\/\/lasentinelle.dz\/index.php\/2022\/11\/02\/__trashed-116\/"]}]},{"@type":"ImageObject","inLanguage":"fr-FR","@id":"https:\/\/lasentinelle.dz\/index.php\/2022\/11\/02\/__trashed-116\/#primaryimage","url":"https:\/\/lasentinelle.dz\/wp-content\/uploads\/2022\/11\/madouar.png","contentUrl":"https:\/\/lasentinelle.dz\/wp-content\/uploads\/2022\/11\/madouar.png","width":1361,"height":900},{"@type":"BreadcrumbList","@id":"https:\/\/lasentinelle.dz\/index.php\/2022\/11\/02\/__trashed-116\/#breadcrumb","itemListElement":[{"@type":"ListItem","position":1,"name":"Accueil","item":"https:\/\/lasentinelle.dz\/"},{"@type":"ListItem","position":2,"name":"Ligue Une \u00a0: Un calendrier chamboul\u00e9 par le CHAN"}]},{"@type":"WebSite","@id":"https:\/\/lasentinelle.dz\/#website","url":"https:\/\/lasentinelle.dz\/","name":"La Sentinelle","description":"Quotidien national d&#039;information","publisher":{"@id":"https:\/\/lasentinelle.dz\/#organization"},"potentialAction":[{"@type":"SearchAction","target":{"@type":"EntryPoint","urlTemplate":"https:\/\/lasentinelle.dz\/?s={search_term_string}"},"query-input":{"@type":"PropertyValueSpecification","valueRequired":true,"valueName":"search_term_string"}}],"inLanguage":"fr-FR"},{"@type":"Organization","@id":"https:\/\/lasentinelle.dz\/#organization","name":"Quotidien La Sentinelle","url":"https:\/\/lasentinelle.dz\/","logo":{"@type":"ImageObject","inLanguage":"fr-FR","@id":"https:\/\/lasentinelle.dz\/#\/schema\/logo\/image\/","url":"https:\/\/lasentinelle.dz\/wp-content\/uploads\/2021\/09\/logo-sentinelleSLOGAN-1.png","contentUrl":"https:\/\/lasentinelle.dz\/wp-content\/uploads\/2021\/09\/logo-sentinelleSLOGAN-1.png","width":615,"height":142,"caption":"Quotidien La Sentinelle"},"image":{"@id":"https:\/\/lasentinelle.dz\/#\/schema\/logo\/image\/"},"sameAs":["https:\/\/www.facebook.com\/La-Sentinelle-104059864394773"]},{"@type":"Person","@id":"https:\/\/lasentinelle.dz\/#\/schema\/person\/d865044e22e70a75174ce8bcad3acfb3","name":"La Sentinelle","image":{"@type":"ImageObject","inLanguage":"fr-FR","@id":"https:\/\/secure.gravatar.com\/avatar\/57de8e5d4b15d43fb361a71fbb36338450fe67865b528a43dd10ef7c51a20392?s=96&d=mm&r=g","url":"https:\/\/secure.gravatar.com\/avatar\/57de8e5d4b15d43fb361a71fbb36338450fe67865b528a43dd10ef7c51a20392?s=96&d=mm&r=g","contentUrl":"https:\/\/secure.gravatar.com\/avatar\/57de8e5d4b15d43fb361a71fbb36338450fe67865b528a43dd10ef7c51a20392?s=96&d=mm&r=g","caption":"La Sentinelle"},"sameAs":["http:\/\/www.lasentinelle.dz"],"url":"https:\/\/lasentinelle.dz\/author\/redaction\/"}]}},"_links":{"self":[{"href":"https:\/\/lasentinelle.dz\/index.php\/wp-json\/wp\/v2\/posts\/30010","targetHints":{"allow":["GET"]}}],"collection":[{"href":"https:\/\/lasentinelle.dz\/index.php\/wp-json\/wp\/v2\/posts"}],"about":[{"href":"https:\/\/lasentinelle.dz\/index.php\/wp-json\/wp\/v2\/types\/post"}],"author":[{"embeddable":true,"href":"https:\/\/lasentinelle.dz\/index.php\/wp-json\/wp\/v2\/users\/3"}],"replies":[{"embeddable":true,"href":"https:\/\/lasentinelle.dz\/index.php\/wp-json\/wp\/v2\/comments?post=30010"}],"version-history":[{"count":2,"href":"https:\/\/lasentinelle.dz\/index.php\/wp-json\/wp\/v2\/posts\/30010\/revisions"}],"predecessor-version":[{"id":30039,"href":"https:\/\/lasentinelle.dz\/index.php\/wp-json\/wp\/v2\/posts\/30010\/revisions\/30039"}],"wp:featuredmedia":[{"embeddable":true,"href":"https:\/\/lasentinelle.dz\/index.php\/wp-json\/wp\/v2\/media\/30040"}],"wp:attachment":[{"href":"https:\/\/lasentinelle.dz\/index.php\/wp-json\/wp\/v2\/media?parent=30010"}],"wp:term":[{"taxonomy":"category","embeddable":true,"href":"https:\/\/lasentinelle.dz\/index.php\/wp-json\/wp\/v2\/categories?post=30010"},{"taxonomy":"post_tag","embeddable":true,"href":"https:\/\/lasentinelle.dz\/index.php\/wp-json\/wp\/v2\/tags?post=30010"}],"curies":[{"name":"wp","href":"https:\/\/api.w.org\/{rel}","templated":true}]}}