{"id":30023,"date":"2022-11-02T22:05:00","date_gmt":"2022-11-02T21:05:00","guid":{"rendered":"https:\/\/lasentinelle.dz\/?p=30023"},"modified":"2022-11-02T20:59:08","modified_gmt":"2022-11-02T19:59:08","slug":"renforcer-la-coordination-entre-la-ligue-arabe-et-les-organisations-internationales-et-regionales","status":"publish","type":"post","link":"https:\/\/lasentinelle.dz\/index.php\/2022\/11\/02\/renforcer-la-coordination-entre-la-ligue-arabe-et-les-organisations-internationales-et-regionales\/","title":{"rendered":"Renforcer la coordination entre la Ligue arabe et les organisations internationales et r\u00e9gionales"},"content":{"rendered":"\n<p>Le Sommet arabe d\u2019Alger a \u00e9t\u00e9 marqu\u00e9e par une participation qualitative des Secr\u00e9taires g\u00e9n\u00e9raux et pr\u00e9sidents d\u2019organisations multilat\u00e9rales internationales et r\u00e9gionales. Tous ont salu\u00e9 l\u2019initiative de r\u00e9unification des rangs arabes et ont appel\u00e9 \u00e0 un r\u00f4le pr\u00e9pond\u00e9rant de la Ligue arabe et au renforcement de la coordination entre la Ligue arabe et ces organisations faire face aux d\u00e9fis de l\u2019heure qu\u2019ils soient g\u00e9opolitiques, \u00e9conomiques, alimentaires ou climatiques. Ils se sont \u00e9galement accord\u00e9s sur le n\u00e9cessaire respect de la l\u00e9galit\u00e9 internationale pour le r\u00e8glement des crises et conflits, notamment dans le r\u00e8glement de la question palestinienne. C\u2019est ainsi que le Secr\u00e9taire g\u00e9n\u00e9ral des Nations unies, Antonio Guterres, a mis en avant, mardi soir \u00e0 Alger, le r\u00f4le \u00ab\u00a0vital\u00a0\u00bb de la Ligue arabe dans la concr\u00e9tisation de la paix et du d\u00e9veloppement durable dans le monde.\u00a0\u00bbNotre monde est confront\u00e9 \u00e0 des \u00e9preuves terribles. Les divisions d&rsquo;ordre g\u00e9opolitique s&rsquo;aggravent et les disparit\u00e9s s&rsquo;accentuent. La coop\u00e9ration reste la seule solution pour aller de l&rsquo;avant, et les organisations r\u00e9gionales \u00e0 l&rsquo;instar de Ligue arabe, ont un r\u00f4le vital \u00e0 accomplir\u00a0\u00bb, a indiqu\u00e9 M. Guterres.Il a relev\u00e9, dans ce contexte, la n\u00e9cessit\u00e9 de jeter les fondements d&rsquo;un partenariat \u00ab\u00a0solide\u00a0\u00bb et \u00ab\u00a0profond\u00a0\u00bb entre les Nations unies et la Ligue arabe et d'\u00a0\u00bb\u0153uvrer ensemble \u00e0 la promotion de la paix, du d\u00e9veloppement durable et des droits de l&rsquo;Homme\u00a0\u00bb.Le SG de l&rsquo;ONU a \u00e9galement mis en exergue l&rsquo;importance de l&rsquo;unit\u00e9 du monde arabe, relevant que \u00ab\u00a0la division ouvre la voie \u00e0 l&rsquo;ing\u00e9rence \u00e9trang\u00e8re, au terrorisme, \u00e0 la manipulation et aux conflits communautaires\u00a0\u00bb.Evoquant la cause palestinienne, M. Guterres a soulign\u00e9 la n\u00e9cessit\u00e9 de mettre fin \u00e0 \u00ab\u00a0la souffrance persistante\u00a0\u00bb en Palestine. \u00ab\u00a0La paix doit avancer et l&rsquo;occupation doit prendre fin\u00a0\u00bb, a-t-il dit.Il a appel\u00e9, dans ce sens, \u00e0 apporter de l&rsquo;aide \u00e0 l&rsquo;Office de secours et de travaux des Nations unies pour les r\u00e9fugi\u00e9s de Palestine dans le Proche-Orient (UNRWA) qui traverse une crise financi\u00e8re \u00ab\u00a0mena\u00e7ant son existence\u00a0\u00bb.M. Guterres a, par ailleurs, exprim\u00e9 son aspiration \u00e0 continuer \u00e0 collaborer avec la Ligue arabe en vue de relever les d\u00e9fis dans la r\u00e9gion, \u00ab\u00a0en Syrie, au Liban et au Y\u00e9men, ou encore en Somalie et en Libye\u00a0\u00bb.Dans un autre registre, M. Guterres a pass\u00e9 en revue les situations difficiles par lesquelles passent les pays en voie de d\u00e9veloppement en raison des r\u00e9percussions de la pand\u00e9mie Covid-19, des changements climatiques, de la crise alimentaire, de l&rsquo;inflation et des dettes.Le SG de l&rsquo;ONU a fait part des efforts \u00ab\u00a0inlassables\u00a0\u00bb d\u00e9ploy\u00e9s par les Nations Unies, avec l&rsquo;ensemble des parties, afin de maintenir l&rsquo;Initiative c\u00e9r\u00e9ali\u00e8re de la mer noire, aplanir les obstacles et \u00e9largir son champ d&rsquo;action.Il a soulign\u00e9 l&rsquo;imp\u00e9ratif de \u00ab\u00a0ne m\u00e9nager aucun effort afin de garantir la continuit\u00e9 du succ\u00e8s de l&rsquo;Initiative c\u00e9r\u00e9ali\u00e8re de la mer Noire \u00e0 m\u00eame d&rsquo;apporter de l&rsquo;aide aux n\u00e9cessiteux, y compris dans les pays du Moyen-Orient et de l&rsquo;Afrique du Nord\u00a0\u00bb.<\/p>\n\n\n\n<p>Pour sa part, le Secr\u00e9taire g\u00e9n\u00e9ral de l&rsquo;Organisation de la coop\u00e9ration islamique (OCI), Hissein Brahim Taha, a insist\u00e9, sur l&rsquo;imp\u00e9ratif d&rsquo;intensifier les efforts internationaux pour assurer la protection au peuple palestinien.\u00a0\u00bbLa question palestinienne est une question centrale qui unit les mondes arabe et musulman et appelle \u00e0 une action commune accrue, dans un contexte marqu\u00e9 par la poursuite des agressions de l&rsquo;occupant sioniste, ce qui risque d&rsquo;aggraver la situation actuelle\u00a0\u00bb, a fait savoir le SG de l&rsquo;OCI dans une allocution prononc\u00e9e \u00e0 l&rsquo;ouverture du Sommet arabe au Centre international des conf\u00e9rences (CIC).Le m\u00eame responsable a \u00e9galement mis l&rsquo;accent sur l&rsquo;imp\u00e9ratif de \u00ab\u00a0redoubler d&rsquo;efforts en vue d&rsquo;assurer la protection internationale au peuple palestinien et de consacrer ses droits fondamentaux, notamment son droit \u00e0 un Etat ind\u00e9pendant sur les fronti\u00e8res de 1967, avec Al-Qods Est pour capitale\u00a0\u00bb.Il a exprim\u00e9, dans ce sens, l&rsquo;appui de l&rsquo;OCI \u00e0 la D\u00e9claration d&rsquo;Alger pour l&rsquo;unification des rangs palestiniens, affirmant qu&rsquo;elle constitue \u00ab\u00a0une \u00e9tape charni\u00e8re et importante\u00a0\u00bb pour mettre fin \u00e0 la division des factions et unifier les rangs du peuple palestinien.<\/p>\n\n\n\n<p>Un point sur lequel le rejoint le pr\u00e9sident en exercice de l&rsquo;Union africaine (UA), Macky Sall, lequel a affirm\u00e9 que la d\u00e9fense de la cause palestinienne \u00e9tait l&rsquo;un des principes communs entre les Africains et les pays arabes, plaidant pour le renforcement de la coop\u00e9ration conjointe. Il a ainsi soulign\u00e9 que \u00ab\u00a0les principes de l&rsquo;unit\u00e9 arabo-africaine sont ancr\u00e9s dans notre culture et notre civilisation\u00a0\u00bb, saluant \u00e0 cette occasion la contribution de la Banque arabe au d\u00e9veloppement en Afrique.Relevant que les instances africaines et arabes pouvaient consentir davantage d&rsquo;efforts \u00e0 travers des initiatives comme la Zone de libre-\u00e9change continentale africaine (ZLECAf), il a appel\u00e9 au renforcement de la coop\u00e9ration dans les domaines de l&rsquo;agriculture, des mines, de l&rsquo;\u00e9nergie, des ressources en eau, et de l&rsquo;industrie pharmaceutique, et lanc\u00e9 un appel \u00e0 tous les partenaires \u00e9conomiques arabes y compris le secteur priv\u00e9 pour poursuivre les efforts communs en faveur de l&rsquo;investissement en Afrique.<\/p>\n\n\n\n<p>Enfin, le pr\u00e9sident de la R\u00e9publique d&rsquo;Azerba\u00efdjan et pr\u00e9sident en exercice du Mouvement des non-align\u00e9s (MNA), Ilham Aliyev, a affirm\u00e9 qu&rsquo;il s&#8217;employait au renforcement du partenariat entre le MNA et les Etats de la Ligue arabe ainsi que l&rsquo;approfondissement des liens avec les pays membres. Rappelant la tenue, en mars prochain, de la conf\u00e9rence du MNA, M. Aliyev s&rsquo;est engag\u00e9 \u00e0 \u00ab\u00a0ne m\u00e9nager aucun effort\u00a0\u00bb pour le renforcement de l&rsquo;unit\u00e9 entre les pays membres du Mouvement, notamment face aux d\u00e9fis politico-\u00e9conomiques qui s&rsquo;imposent \u00e0 l&rsquo;\u00e9chelle internationale.<\/p>\n\n\n\n<p>R.N.<\/p>\n","protected":false},"excerpt":{"rendered":"<p>Le Sommet arabe d\u2019Alger a \u00e9t\u00e9 marqu\u00e9e par une participation qualitative des Secr\u00e9taires g\u00e9n\u00e9raux et pr\u00e9sidents d\u2019organisations multilat\u00e9rales internationales et<\/p>\n","protected":false},"author":3,"featured_media":30052,"comment_status":"open","ping_status":"closed","sticky":false,"template":"","format":"standard","meta":{"colormag_page_container_layout":"default_layout","colormag_page_sidebar_layout":"default_layout","om_disable_all_campaigns":false,"_monsterinsights_skip_tracking":false,"_monsterinsights_sitenote_active":false,"_monsterinsights_sitenote_note":"","_monsterinsights_sitenote_category":0,"footnotes":"","_wpscppro_dont_share_socialmedia":false,"_wpscppro_custom_social_share_image":0,"_facebook_share_type":"","_twitter_share_type":"","_linkedin_share_type":"","_pinterest_share_type":"","_linkedin_share_type_page":"","_instagram_share_type":"","_medium_share_type":"","_threads_share_type":"","_google_business_share_type":"","_selected_social_profile":[],"_wpsp_enable_custom_social_template":false,"_wpsp_social_scheduling":{"enabled":false,"datetime":null,"platforms":[],"status":"template_only","dateOption":"today","timeOption":"now","customDays":"","customHours":"","customDate":"","customTime":"","schedulingType":"absolute"},"_wpsp_active_default_template":true},"categories":[27],"tags":[],"class_list":["post-30023","post","type-post","status-publish","format-standard","has-post-thumbnail","hentry","category-actualite"],"aioseo_notices":[],"yoast_head":"<!-- This site is optimized with the Yoast SEO plugin v27.5 - https:\/\/yoast.com\/product\/yoast-seo-wordpress\/ -->\n<title>Renforcer la coordination entre la Ligue arabe et les organisations internationales et r\u00e9gionales - La Sentinelle<\/title>\n<meta name=\"robots\" content=\"index, follow, max-snippet:-1, max-image-preview:large, max-video-preview:-1\" \/>\n<link rel=\"canonical\" href=\"https:\/\/lasentinelle.dz\/index.php\/2022\/11\/02\/renforcer-la-coordination-entre-la-ligue-arabe-et-les-organisations-internationales-et-regionales\/\" \/>\n<meta property=\"og:locale\" content=\"fr_FR\" \/>\n<meta property=\"og:type\" content=\"article\" \/>\n<meta property=\"og:title\" content=\"Renforcer la coordination entre la Ligue arabe et les organisations internationales et r\u00e9gionales - La Sentinelle\" \/>\n<meta property=\"og:description\" content=\"Le Sommet arabe d\u2019Alger a \u00e9t\u00e9 marqu\u00e9e par une participation qualitative des Secr\u00e9taires g\u00e9n\u00e9raux et pr\u00e9sidents d\u2019organisations multilat\u00e9rales internationales et\" \/>\n<meta property=\"og:url\" content=\"https:\/\/lasentinelle.dz\/index.php\/2022\/11\/02\/renforcer-la-coordination-entre-la-ligue-arabe-et-les-organisations-internationales-et-regionales\/\" \/>\n<meta property=\"og:site_name\" content=\"La Sentinelle\" \/>\n<meta property=\"article:publisher\" content=\"https:\/\/www.facebook.com\/La-Sentinelle-104059864394773\" \/>\n<meta property=\"article:published_time\" content=\"2022-11-02T21:05:00+00:00\" \/>\n<meta property=\"og:image\" content=\"https:\/\/lasentinelle.dz\/wp-content\/uploads\/2022\/11\/image_2022-11-02_205855408.png\" \/>\n\t<meta property=\"og:image:width\" content=\"855\" \/>\n\t<meta property=\"og:image:height\" content=\"516\" \/>\n\t<meta property=\"og:image:type\" content=\"image\/png\" \/>\n<meta name=\"author\" content=\"La Sentinelle\" \/>\n<meta name=\"twitter:card\" content=\"summary_large_image\" \/>\n<meta name=\"twitter:label1\" content=\"\u00c9crit par\" \/>\n\t<meta name=\"twitter:data1\" content=\"La Sentinelle\" \/>\n\t<meta name=\"twitter:label2\" content=\"Dur\u00e9e de lecture estim\u00e9e\" \/>\n\t<meta name=\"twitter:data2\" content=\"5 minutes\" \/>\n<script type=\"application\/ld+json\" class=\"yoast-schema-graph\">{\"@context\":\"https:\\\/\\\/schema.org\",\"@graph\":[{\"@type\":\"Article\",\"@id\":\"https:\\\/\\\/lasentinelle.dz\\\/index.php\\\/2022\\\/11\\\/02\\\/renforcer-la-coordination-entre-la-ligue-arabe-et-les-organisations-internationales-et-regionales\\\/#article\",\"isPartOf\":{\"@id\":\"https:\\\/\\\/lasentinelle.dz\\\/index.php\\\/2022\\\/11\\\/02\\\/renforcer-la-coordination-entre-la-ligue-arabe-et-les-organisations-internationales-et-regionales\\\/\"},\"author\":{\"name\":\"La Sentinelle\",\"@id\":\"https:\\\/\\\/lasentinelle.dz\\\/#\\\/schema\\\/person\\\/d865044e22e70a75174ce8bcad3acfb3\"},\"headline\":\"Renforcer la coordination entre la Ligue arabe et les organisations internationales et r\u00e9gionales\",\"datePublished\":\"2022-11-02T21:05:00+00:00\",\"mainEntityOfPage\":{\"@id\":\"https:\\\/\\\/lasentinelle.dz\\\/index.php\\\/2022\\\/11\\\/02\\\/renforcer-la-coordination-entre-la-ligue-arabe-et-les-organisations-internationales-et-regionales\\\/\"},\"wordCount\":1038,\"commentCount\":0,\"publisher\":{\"@id\":\"https:\\\/\\\/lasentinelle.dz\\\/#organization\"},\"image\":{\"@id\":\"https:\\\/\\\/lasentinelle.dz\\\/index.php\\\/2022\\\/11\\\/02\\\/renforcer-la-coordination-entre-la-ligue-arabe-et-les-organisations-internationales-et-regionales\\\/#primaryimage\"},\"thumbnailUrl\":\"https:\\\/\\\/lasentinelle.dz\\\/wp-content\\\/uploads\\\/2022\\\/11\\\/image_2022-11-02_205855408.png\",\"articleSection\":[\"Actualit\u00e9\"],\"inLanguage\":\"fr-FR\",\"potentialAction\":[{\"@type\":\"CommentAction\",\"name\":\"Comment\",\"target\":[\"https:\\\/\\\/lasentinelle.dz\\\/index.php\\\/2022\\\/11\\\/02\\\/renforcer-la-coordination-entre-la-ligue-arabe-et-les-organisations-internationales-et-regionales\\\/#respond\"]}]},{\"@type\":\"WebPage\",\"@id\":\"https:\\\/\\\/lasentinelle.dz\\\/index.php\\\/2022\\\/11\\\/02\\\/renforcer-la-coordination-entre-la-ligue-arabe-et-les-organisations-internationales-et-regionales\\\/\",\"url\":\"https:\\\/\\\/lasentinelle.dz\\\/index.php\\\/2022\\\/11\\\/02\\\/renforcer-la-coordination-entre-la-ligue-arabe-et-les-organisations-internationales-et-regionales\\\/\",\"name\":\"Renforcer la coordination entre la Ligue arabe et les organisations internationales et r\u00e9gionales - La Sentinelle\",\"isPartOf\":{\"@id\":\"https:\\\/\\\/lasentinelle.dz\\\/#website\"},\"primaryImageOfPage\":{\"@id\":\"https:\\\/\\\/lasentinelle.dz\\\/index.php\\\/2022\\\/11\\\/02\\\/renforcer-la-coordination-entre-la-ligue-arabe-et-les-organisations-internationales-et-regionales\\\/#primaryimage\"},\"image\":{\"@id\":\"https:\\\/\\\/lasentinelle.dz\\\/index.php\\\/2022\\\/11\\\/02\\\/renforcer-la-coordination-entre-la-ligue-arabe-et-les-organisations-internationales-et-regionales\\\/#primaryimage\"},\"thumbnailUrl\":\"https:\\\/\\\/lasentinelle.dz\\\/wp-content\\\/uploads\\\/2022\\\/11\\\/image_2022-11-02_205855408.png\",\"datePublished\":\"2022-11-02T21:05:00+00:00\",\"breadcrumb\":{\"@id\":\"https:\\\/\\\/lasentinelle.dz\\\/index.php\\\/2022\\\/11\\\/02\\\/renforcer-la-coordination-entre-la-ligue-arabe-et-les-organisations-internationales-et-regionales\\\/#breadcrumb\"},\"inLanguage\":\"fr-FR\",\"potentialAction\":[{\"@type\":\"ReadAction\",\"target\":[\"https:\\\/\\\/lasentinelle.dz\\\/index.php\\\/2022\\\/11\\\/02\\\/renforcer-la-coordination-entre-la-ligue-arabe-et-les-organisations-internationales-et-regionales\\\/\"]}]},{\"@type\":\"ImageObject\",\"inLanguage\":\"fr-FR\",\"@id\":\"https:\\\/\\\/lasentinelle.dz\\\/index.php\\\/2022\\\/11\\\/02\\\/renforcer-la-coordination-entre-la-ligue-arabe-et-les-organisations-internationales-et-regionales\\\/#primaryimage\",\"url\":\"https:\\\/\\\/lasentinelle.dz\\\/wp-content\\\/uploads\\\/2022\\\/11\\\/image_2022-11-02_205855408.png\",\"contentUrl\":\"https:\\\/\\\/lasentinelle.dz\\\/wp-content\\\/uploads\\\/2022\\\/11\\\/image_2022-11-02_205855408.png\",\"width\":855,\"height\":516},{\"@type\":\"BreadcrumbList\",\"@id\":\"https:\\\/\\\/lasentinelle.dz\\\/index.php\\\/2022\\\/11\\\/02\\\/renforcer-la-coordination-entre-la-ligue-arabe-et-les-organisations-internationales-et-regionales\\\/#breadcrumb\",\"itemListElement\":[{\"@type\":\"ListItem\",\"position\":1,\"name\":\"Accueil\",\"item\":\"https:\\\/\\\/lasentinelle.dz\\\/\"},{\"@type\":\"ListItem\",\"position\":2,\"name\":\"Renforcer la coordination entre la Ligue arabe et les organisations internationales et r\u00e9gionales\"}]},{\"@type\":\"WebSite\",\"@id\":\"https:\\\/\\\/lasentinelle.dz\\\/#website\",\"url\":\"https:\\\/\\\/lasentinelle.dz\\\/\",\"name\":\"La Sentinelle\",\"description\":\"Quotidien national d&#039;information\",\"publisher\":{\"@id\":\"https:\\\/\\\/lasentinelle.dz\\\/#organization\"},\"potentialAction\":[{\"@type\":\"SearchAction\",\"target\":{\"@type\":\"EntryPoint\",\"urlTemplate\":\"https:\\\/\\\/lasentinelle.dz\\\/?s={search_term_string}\"},\"query-input\":{\"@type\":\"PropertyValueSpecification\",\"valueRequired\":true,\"valueName\":\"search_term_string\"}}],\"inLanguage\":\"fr-FR\"},{\"@type\":\"Organization\",\"@id\":\"https:\\\/\\\/lasentinelle.dz\\\/#organization\",\"name\":\"Quotidien La Sentinelle\",\"url\":\"https:\\\/\\\/lasentinelle.dz\\\/\",\"logo\":{\"@type\":\"ImageObject\",\"inLanguage\":\"fr-FR\",\"@id\":\"https:\\\/\\\/lasentinelle.dz\\\/#\\\/schema\\\/logo\\\/image\\\/\",\"url\":\"https:\\\/\\\/lasentinelle.dz\\\/wp-content\\\/uploads\\\/2021\\\/09\\\/logo-sentinelleSLOGAN-1.png\",\"contentUrl\":\"https:\\\/\\\/lasentinelle.dz\\\/wp-content\\\/uploads\\\/2021\\\/09\\\/logo-sentinelleSLOGAN-1.png\",\"width\":615,\"height\":142,\"caption\":\"Quotidien La Sentinelle\"},\"image\":{\"@id\":\"https:\\\/\\\/lasentinelle.dz\\\/#\\\/schema\\\/logo\\\/image\\\/\"},\"sameAs\":[\"https:\\\/\\\/www.facebook.com\\\/La-Sentinelle-104059864394773\"]},{\"@type\":\"Person\",\"@id\":\"https:\\\/\\\/lasentinelle.dz\\\/#\\\/schema\\\/person\\\/d865044e22e70a75174ce8bcad3acfb3\",\"name\":\"La Sentinelle\",\"image\":{\"@type\":\"ImageObject\",\"inLanguage\":\"fr-FR\",\"@id\":\"https:\\\/\\\/secure.gravatar.com\\\/avatar\\\/57de8e5d4b15d43fb361a71fbb36338450fe67865b528a43dd10ef7c51a20392?s=96&d=mm&r=g\",\"url\":\"https:\\\/\\\/secure.gravatar.com\\\/avatar\\\/57de8e5d4b15d43fb361a71fbb36338450fe67865b528a43dd10ef7c51a20392?s=96&d=mm&r=g\",\"contentUrl\":\"https:\\\/\\\/secure.gravatar.com\\\/avatar\\\/57de8e5d4b15d43fb361a71fbb36338450fe67865b528a43dd10ef7c51a20392?s=96&d=mm&r=g\",\"caption\":\"La Sentinelle\"},\"sameAs\":[\"http:\\\/\\\/www.lasentinelle.dz\"],\"url\":\"https:\\\/\\\/lasentinelle.dz\\\/author\\\/redaction\\\/\"}]}<\/script>\n<!-- \/ Yoast SEO plugin. -->","yoast_head_json":{"title":"Renforcer la coordination entre la Ligue arabe et les organisations internationales et r\u00e9gionales - La Sentinelle","robots":{"index":"index","follow":"follow","max-snippet":"max-snippet:-1","max-image-preview":"max-image-preview:large","max-video-preview":"max-video-preview:-1"},"canonical":"https:\/\/lasentinelle.dz\/index.php\/2022\/11\/02\/renforcer-la-coordination-entre-la-ligue-arabe-et-les-organisations-internationales-et-regionales\/","og_locale":"fr_FR","og_type":"article","og_title":"Renforcer la coordination entre la Ligue arabe et les organisations internationales et r\u00e9gionales - La Sentinelle","og_description":"Le Sommet arabe d\u2019Alger a \u00e9t\u00e9 marqu\u00e9e par une participation qualitative des Secr\u00e9taires g\u00e9n\u00e9raux et pr\u00e9sidents d\u2019organisations multilat\u00e9rales internationales et","og_url":"https:\/\/lasentinelle.dz\/index.php\/2022\/11\/02\/renforcer-la-coordination-entre-la-ligue-arabe-et-les-organisations-internationales-et-regionales\/","og_site_name":"La Sentinelle","article_publisher":"https:\/\/www.facebook.com\/La-Sentinelle-104059864394773","article_published_time":"2022-11-02T21:05:00+00:00","og_image":[{"width":855,"height":516,"url":"https:\/\/lasentinelle.dz\/wp-content\/uploads\/2022\/11\/image_2022-11-02_205855408.png","type":"image\/png"}],"author":"La Sentinelle","twitter_card":"summary_large_image","twitter_misc":{"\u00c9crit par":"La Sentinelle","Dur\u00e9e de lecture estim\u00e9e":"5 minutes"},"schema":{"@context":"https:\/\/schema.org","@graph":[{"@type":"Article","@id":"https:\/\/lasentinelle.dz\/index.php\/2022\/11\/02\/renforcer-la-coordination-entre-la-ligue-arabe-et-les-organisations-internationales-et-regionales\/#article","isPartOf":{"@id":"https:\/\/lasentinelle.dz\/index.php\/2022\/11\/02\/renforcer-la-coordination-entre-la-ligue-arabe-et-les-organisations-internationales-et-regionales\/"},"author":{"name":"La Sentinelle","@id":"https:\/\/lasentinelle.dz\/#\/schema\/person\/d865044e22e70a75174ce8bcad3acfb3"},"headline":"Renforcer la coordination entre la Ligue arabe et les organisations internationales et r\u00e9gionales","datePublished":"2022-11-02T21:05:00+00:00","mainEntityOfPage":{"@id":"https:\/\/lasentinelle.dz\/index.php\/2022\/11\/02\/renforcer-la-coordination-entre-la-ligue-arabe-et-les-organisations-internationales-et-regionales\/"},"wordCount":1038,"commentCount":0,"publisher":{"@id":"https:\/\/lasentinelle.dz\/#organization"},"image":{"@id":"https:\/\/lasentinelle.dz\/index.php\/2022\/11\/02\/renforcer-la-coordination-entre-la-ligue-arabe-et-les-organisations-internationales-et-regionales\/#primaryimage"},"thumbnailUrl":"https:\/\/lasentinelle.dz\/wp-content\/uploads\/2022\/11\/image_2022-11-02_205855408.png","articleSection":["Actualit\u00e9"],"inLanguage":"fr-FR","potentialAction":[{"@type":"CommentAction","name":"Comment","target":["https:\/\/lasentinelle.dz\/index.php\/2022\/11\/02\/renforcer-la-coordination-entre-la-ligue-arabe-et-les-organisations-internationales-et-regionales\/#respond"]}]},{"@type":"WebPage","@id":"https:\/\/lasentinelle.dz\/index.php\/2022\/11\/02\/renforcer-la-coordination-entre-la-ligue-arabe-et-les-organisations-internationales-et-regionales\/","url":"https:\/\/lasentinelle.dz\/index.php\/2022\/11\/02\/renforcer-la-coordination-entre-la-ligue-arabe-et-les-organisations-internationales-et-regionales\/","name":"Renforcer la coordination entre la Ligue arabe et les organisations internationales et r\u00e9gionales - La Sentinelle","isPartOf":{"@id":"https:\/\/lasentinelle.dz\/#website"},"primaryImageOfPage":{"@id":"https:\/\/lasentinelle.dz\/index.php\/2022\/11\/02\/renforcer-la-coordination-entre-la-ligue-arabe-et-les-organisations-internationales-et-regionales\/#primaryimage"},"image":{"@id":"https:\/\/lasentinelle.dz\/index.php\/2022\/11\/02\/renforcer-la-coordination-entre-la-ligue-arabe-et-les-organisations-internationales-et-regionales\/#primaryimage"},"thumbnailUrl":"https:\/\/lasentinelle.dz\/wp-content\/uploads\/2022\/11\/image_2022-11-02_205855408.png","datePublished":"2022-11-02T21:05:00+00:00","breadcrumb":{"@id":"https:\/\/lasentinelle.dz\/index.php\/2022\/11\/02\/renforcer-la-coordination-entre-la-ligue-arabe-et-les-organisations-internationales-et-regionales\/#breadcrumb"},"inLanguage":"fr-FR","potentialAction":[{"@type":"ReadAction","target":["https:\/\/lasentinelle.dz\/index.php\/2022\/11\/02\/renforcer-la-coordination-entre-la-ligue-arabe-et-les-organisations-internationales-et-regionales\/"]}]},{"@type":"ImageObject","inLanguage":"fr-FR","@id":"https:\/\/lasentinelle.dz\/index.php\/2022\/11\/02\/renforcer-la-coordination-entre-la-ligue-arabe-et-les-organisations-internationales-et-regionales\/#primaryimage","url":"https:\/\/lasentinelle.dz\/wp-content\/uploads\/2022\/11\/image_2022-11-02_205855408.png","contentUrl":"https:\/\/lasentinelle.dz\/wp-content\/uploads\/2022\/11\/image_2022-11-02_205855408.png","width":855,"height":516},{"@type":"BreadcrumbList","@id":"https:\/\/lasentinelle.dz\/index.php\/2022\/11\/02\/renforcer-la-coordination-entre-la-ligue-arabe-et-les-organisations-internationales-et-regionales\/#breadcrumb","itemListElement":[{"@type":"ListItem","position":1,"name":"Accueil","item":"https:\/\/lasentinelle.dz\/"},{"@type":"ListItem","position":2,"name":"Renforcer la coordination entre la Ligue arabe et les organisations internationales et r\u00e9gionales"}]},{"@type":"WebSite","@id":"https:\/\/lasentinelle.dz\/#website","url":"https:\/\/lasentinelle.dz\/","name":"La Sentinelle","description":"Quotidien national d&#039;information","publisher":{"@id":"https:\/\/lasentinelle.dz\/#organization"},"potentialAction":[{"@type":"SearchAction","target":{"@type":"EntryPoint","urlTemplate":"https:\/\/lasentinelle.dz\/?s={search_term_string}"},"query-input":{"@type":"PropertyValueSpecification","valueRequired":true,"valueName":"search_term_string"}}],"inLanguage":"fr-FR"},{"@type":"Organization","@id":"https:\/\/lasentinelle.dz\/#organization","name":"Quotidien La Sentinelle","url":"https:\/\/lasentinelle.dz\/","logo":{"@type":"ImageObject","inLanguage":"fr-FR","@id":"https:\/\/lasentinelle.dz\/#\/schema\/logo\/image\/","url":"https:\/\/lasentinelle.dz\/wp-content\/uploads\/2021\/09\/logo-sentinelleSLOGAN-1.png","contentUrl":"https:\/\/lasentinelle.dz\/wp-content\/uploads\/2021\/09\/logo-sentinelleSLOGAN-1.png","width":615,"height":142,"caption":"Quotidien La Sentinelle"},"image":{"@id":"https:\/\/lasentinelle.dz\/#\/schema\/logo\/image\/"},"sameAs":["https:\/\/www.facebook.com\/La-Sentinelle-104059864394773"]},{"@type":"Person","@id":"https:\/\/lasentinelle.dz\/#\/schema\/person\/d865044e22e70a75174ce8bcad3acfb3","name":"La Sentinelle","image":{"@type":"ImageObject","inLanguage":"fr-FR","@id":"https:\/\/secure.gravatar.com\/avatar\/57de8e5d4b15d43fb361a71fbb36338450fe67865b528a43dd10ef7c51a20392?s=96&d=mm&r=g","url":"https:\/\/secure.gravatar.com\/avatar\/57de8e5d4b15d43fb361a71fbb36338450fe67865b528a43dd10ef7c51a20392?s=96&d=mm&r=g","contentUrl":"https:\/\/secure.gravatar.com\/avatar\/57de8e5d4b15d43fb361a71fbb36338450fe67865b528a43dd10ef7c51a20392?s=96&d=mm&r=g","caption":"La Sentinelle"},"sameAs":["http:\/\/www.lasentinelle.dz"],"url":"https:\/\/lasentinelle.dz\/author\/redaction\/"}]}},"_links":{"self":[{"href":"https:\/\/lasentinelle.dz\/index.php\/wp-json\/wp\/v2\/posts\/30023","targetHints":{"allow":["GET"]}}],"collection":[{"href":"https:\/\/lasentinelle.dz\/index.php\/wp-json\/wp\/v2\/posts"}],"about":[{"href":"https:\/\/lasentinelle.dz\/index.php\/wp-json\/wp\/v2\/types\/post"}],"author":[{"embeddable":true,"href":"https:\/\/lasentinelle.dz\/index.php\/wp-json\/wp\/v2\/users\/3"}],"replies":[{"embeddable":true,"href":"https:\/\/lasentinelle.dz\/index.php\/wp-json\/wp\/v2\/comments?post=30023"}],"version-history":[{"count":1,"href":"https:\/\/lasentinelle.dz\/index.php\/wp-json\/wp\/v2\/posts\/30023\/revisions"}],"predecessor-version":[{"id":30053,"href":"https:\/\/lasentinelle.dz\/index.php\/wp-json\/wp\/v2\/posts\/30023\/revisions\/30053"}],"wp:featuredmedia":[{"embeddable":true,"href":"https:\/\/lasentinelle.dz\/index.php\/wp-json\/wp\/v2\/media\/30052"}],"wp:attachment":[{"href":"https:\/\/lasentinelle.dz\/index.php\/wp-json\/wp\/v2\/media?parent=30023"}],"wp:term":[{"taxonomy":"category","embeddable":true,"href":"https:\/\/lasentinelle.dz\/index.php\/wp-json\/wp\/v2\/categories?post=30023"},{"taxonomy":"post_tag","embeddable":true,"href":"https:\/\/lasentinelle.dz\/index.php\/wp-json\/wp\/v2\/tags?post=30023"}],"curies":[{"name":"wp","href":"https:\/\/api.w.org\/{rel}","templated":true}]}}