{"id":30057,"date":"2022-11-02T22:08:00","date_gmt":"2022-11-02T21:08:00","guid":{"rendered":"https:\/\/lasentinelle.dz\/?p=30057"},"modified":"2022-11-02T21:34:51","modified_gmt":"2022-11-02T20:34:51","slug":"le-president-de-la-republique-preside-la-cloture-des-travaux-un-sommet-arabe-fraternel-et-consensuel","status":"publish","type":"post","link":"https:\/\/lasentinelle.dz\/index.php\/2022\/11\/02\/le-president-de-la-republique-preside-la-cloture-des-travaux-un-sommet-arabe-fraternel-et-consensuel\/","title":{"rendered":"Le pr\u00e9sident de la R\u00e9publique pr\u00e9side la cl\u00f4ture des travaux\u00a0:Un Sommet arabe \u00ab\u00a0fraternel et consensuel\u00a0\u00bb"},"content":{"rendered":"\n<p>Le 31<sup>e<\/sup> Sommet arabe qui clos ses travaux hier \u00e0 Alger a \u00e9t\u00e9 marqu\u00e9 par un consensus total, sans aucune r\u00e9serve, sur l\u2019ensemble des points propos\u00e9s \u00e0 l\u2019ordre du jour.<\/p>\n\n\n\n<p>Une caract\u00e9ristique soulign\u00e9e hier par le pr\u00e9sident de la R\u00e9publique, Abdelmadjid Tebboune, lors de la cl\u00f4ture des travaux du Sommet. Dans son discours, Abdelmadjid Tebboune qui assure la pr\u00e9sidence du Sommet arabe jusqu\u2019\u00e0 la tenue du prochain sommet pr\u00e9vu en Arabie saoudite a relev\u00e9 que les travaux, interventions publiques et discussions \u00e0 huis clos, ont \u00e9t\u00e9 marqu\u00e9s par \u00ab un dialogue fraternel et consensuel \u00bb.\u00ab C\u2019est dans un esprit de fraternit\u00e9 et de consensus que se sont d\u00e9roul\u00e9s ces deux jours \u00bb, affirme le pr\u00e9sident qui qualifie les travaux de \u00ab minutieux et constructifs \u00bb, et les d\u00e9bats de \u00ab fraternels et fructueux \u00bb.<\/p>\n\n\n\n<p>Pour le pr\u00e9sident de la R\u00e9publique cette s\u00e9r\u00e9nit\u00e9 a permis de se pencher en toute franchise sur la situation actuelle du monde arabe, sur son environnement r\u00e9gional mais aussi mondial. Des discussions qui ont permis d\u2019aboutir \u00ab&nbsp;\u00e0 de nombreuses et importantes d\u00e9cisions qui concernent directement les peuples arabes, qui prennent en charge leurs pr\u00e9occupations et r\u00e9pondent \u00e0 leurs attentes l\u00e9gitimes \u00bb.<\/p>\n\n\n\n<p>Le pr\u00e9sident de la R\u00e9publique a \u00e9galement mis en avant \u00ab\u00a0les avis pr\u00e9cieux et les initiatives pertinentes approuv\u00e9es notamment pour l&rsquo;enrichissement des conclusions du Sommet, tout en r\u00e9affirmant notre engagement commun et constant en faveur de la d\u00e9fense des questions de notre nation et \u00e0 leur t\u00eate, la question palestinienne, \u00e0 laquelle nous avons tous r\u00e9it\u00e9r\u00e9 notre soutien absolu au peuple palestinien, en vue du recouvrer tous ses droits l\u00e9gitimes et en t\u00eate, son droit \u00e0 l&rsquo;\u00e9tablissement de son Etat ind\u00e9pendant sur les fronti\u00e8res de Juin 1967, tel qu&rsquo;\u00e9nonc\u00e9 dans l&rsquo;initiative arabe de paix qui repr\u00e9sente, a-t-il dit, \u00ab\u00a0la position arabe unifi\u00e9e envers notre question centrale\u00a0\u00bb.En ce qui concerne le dossier palestinien justement, le Pr\u00e9sident de la R\u00e9publique a soulign\u00e9 que l\u2019ensemble des participants ont r\u00e9affirm\u00e9 leur soutien total au peuple palestinien et \u00e0 l\u2019Initiative arabe de paix.\u00ab Le soutien \u00e0 l\u2019initiative de paix arabe constitue a \u00e9t\u00e9 unanime au sein des pays participants&nbsp;\u00bb, a indiqu\u00e9 dans ce sens le Pr\u00e9sident Tebboune.M. Tebboune a \u00e9galement salu\u00e9 l&rsquo;accord des Etats arabes sur \u00ab\u00a0la coordination et l&rsquo;unification des efforts, en vue d&rsquo;accompagner le processus pour la concr\u00e9tisation de l&rsquo;unit\u00e9 nationale palestinienne et l&rsquo;appui de la demande formul\u00e9e par l&rsquo;Etat de Palestine pour obtenir le statut de membre \u00e0 part enti\u00e8re de l&rsquo;Organisation des nations unies (ONU)\u00a0\u00bb.<\/p>\n\n\n\n<p>Les d\u00e9cisions ambitieuses issues du Sommet d&rsquo;Alger \u00ab\u00a0nous incitent \u00e0 redoubler d&rsquo;effort durant notre pr\u00e9sidence du conseil, pour garantir la mise en \u0153uvre de ce qui a \u00e9t\u00e9 convenu\u00a0\u00bb, a encore indiqu\u00e9 le chef de l&rsquo;Etat, se disant confiant que \u00ab\u00a0l&rsquo;esprit d&rsquo;entente et de solidarit\u00e9 qui a pr\u00e9valu lors du sommet nous encourage \u00e0 aller de l&rsquo;avant dans la r\u00e9alisation de nos objectifs communs\u00a0\u00bb.Il a en outre pr\u00e9cis\u00e9 que le sommet \u00ab\u00a0constituait un jalon important dans le renforcement de la solidarit\u00e9 arabe afin de prot\u00e9ger nos int\u00e9r\u00eats communs et \u0153uvrer au sein d&rsquo;un ensemble uni et fort avec ses capacit\u00e9s et ses ressources, \u00e0 se frayer une place de fait part des messages de soutien des pr\u00e9sidents russe et chinois au Sommet de la Ligue arabe.&nbsp;<\/p>\n\n\n\n<p>Chokri Hafed<\/p>\n","protected":false},"excerpt":{"rendered":"<p>Le 31e Sommet arabe qui clos ses travaux hier \u00e0 Alger a \u00e9t\u00e9 marqu\u00e9 par un consensus total, sans aucune<\/p>\n","protected":false},"author":3,"featured_media":30058,"comment_status":"open","ping_status":"closed","sticky":false,"template":"","format":"standard","meta":{"colormag_page_container_layout":"default_layout","colormag_page_sidebar_layout":"default_layout","om_disable_all_campaigns":false,"_monsterinsights_skip_tracking":false,"_monsterinsights_sitenote_active":false,"_monsterinsights_sitenote_note":"","_monsterinsights_sitenote_category":0,"footnotes":"","_wpscppro_dont_share_socialmedia":false,"_wpscppro_custom_social_share_image":0,"_facebook_share_type":"","_twitter_share_type":"","_linkedin_share_type":"","_pinterest_share_type":"","_linkedin_share_type_page":"","_instagram_share_type":"","_medium_share_type":"","_threads_share_type":"","_google_business_share_type":"","_selected_social_profile":[],"_wpsp_enable_custom_social_template":false,"_wpsp_social_scheduling":{"enabled":false,"datetime":null,"platforms":[],"status":"template_only","dateOption":"today","timeOption":"now","customDays":"","customHours":"","customDate":"","customTime":"","schedulingType":"absolute"},"_wpsp_active_default_template":true},"categories":[52,27],"tags":[],"class_list":["post-30057","post","type-post","status-publish","format-standard","has-post-thumbnail","hentry","category-a-la-une","category-actualite"],"aioseo_notices":[],"yoast_head":"<!-- This site is optimized with the Yoast SEO plugin v27.5 - https:\/\/yoast.com\/product\/yoast-seo-wordpress\/ -->\n<title>Le pr\u00e9sident de la R\u00e9publique pr\u00e9side la cl\u00f4ture des travaux\u00a0:Un Sommet arabe \u00ab\u00a0fraternel et consensuel\u00a0\u00bb - La Sentinelle<\/title>\n<meta name=\"robots\" content=\"index, follow, max-snippet:-1, max-image-preview:large, max-video-preview:-1\" \/>\n<link rel=\"canonical\" href=\"https:\/\/lasentinelle.dz\/index.php\/2022\/11\/02\/le-president-de-la-republique-preside-la-cloture-des-travaux-un-sommet-arabe-fraternel-et-consensuel\/\" \/>\n<meta property=\"og:locale\" content=\"fr_FR\" \/>\n<meta property=\"og:type\" content=\"article\" \/>\n<meta property=\"og:title\" content=\"Le pr\u00e9sident de la R\u00e9publique pr\u00e9side la cl\u00f4ture des travaux\u00a0:Un Sommet arabe \u00ab\u00a0fraternel et consensuel\u00a0\u00bb - La Sentinelle\" \/>\n<meta property=\"og:description\" content=\"Le 31e Sommet arabe qui clos ses travaux hier \u00e0 Alger a \u00e9t\u00e9 marqu\u00e9 par un consensus total, sans aucune\" \/>\n<meta property=\"og:url\" content=\"https:\/\/lasentinelle.dz\/index.php\/2022\/11\/02\/le-president-de-la-republique-preside-la-cloture-des-travaux-un-sommet-arabe-fraternel-et-consensuel\/\" \/>\n<meta property=\"og:site_name\" content=\"La Sentinelle\" \/>\n<meta property=\"article:publisher\" content=\"https:\/\/www.facebook.com\/La-Sentinelle-104059864394773\" \/>\n<meta property=\"article:published_time\" content=\"2022-11-02T21:08:00+00:00\" \/>\n<meta property=\"og:image\" content=\"https:\/\/lasentinelle.dz\/wp-content\/uploads\/2022\/11\/tebboune-1.png\" \/>\n\t<meta property=\"og:image:width\" content=\"1600\" \/>\n\t<meta property=\"og:image:height\" content=\"900\" \/>\n\t<meta property=\"og:image:type\" content=\"image\/png\" \/>\n<meta name=\"author\" content=\"La Sentinelle\" \/>\n<meta name=\"twitter:card\" content=\"summary_large_image\" \/>\n<meta name=\"twitter:label1\" content=\"\u00c9crit par\" \/>\n\t<meta name=\"twitter:data1\" content=\"La Sentinelle\" \/>\n\t<meta name=\"twitter:label2\" content=\"Dur\u00e9e de lecture estim\u00e9e\" \/>\n\t<meta name=\"twitter:data2\" content=\"3 minutes\" \/>\n<script type=\"application\/ld+json\" class=\"yoast-schema-graph\">{\"@context\":\"https:\\\/\\\/schema.org\",\"@graph\":[{\"@type\":\"Article\",\"@id\":\"https:\\\/\\\/lasentinelle.dz\\\/index.php\\\/2022\\\/11\\\/02\\\/le-president-de-la-republique-preside-la-cloture-des-travaux-un-sommet-arabe-fraternel-et-consensuel\\\/#article\",\"isPartOf\":{\"@id\":\"https:\\\/\\\/lasentinelle.dz\\\/index.php\\\/2022\\\/11\\\/02\\\/le-president-de-la-republique-preside-la-cloture-des-travaux-un-sommet-arabe-fraternel-et-consensuel\\\/\"},\"author\":{\"name\":\"La Sentinelle\",\"@id\":\"https:\\\/\\\/lasentinelle.dz\\\/#\\\/schema\\\/person\\\/d865044e22e70a75174ce8bcad3acfb3\"},\"headline\":\"Le pr\u00e9sident de la R\u00e9publique pr\u00e9side la cl\u00f4ture des travaux\u00a0:Un Sommet arabe \u00ab\u00a0fraternel et consensuel\u00a0\u00bb\",\"datePublished\":\"2022-11-02T21:08:00+00:00\",\"mainEntityOfPage\":{\"@id\":\"https:\\\/\\\/lasentinelle.dz\\\/index.php\\\/2022\\\/11\\\/02\\\/le-president-de-la-republique-preside-la-cloture-des-travaux-un-sommet-arabe-fraternel-et-consensuel\\\/\"},\"wordCount\":620,\"commentCount\":0,\"publisher\":{\"@id\":\"https:\\\/\\\/lasentinelle.dz\\\/#organization\"},\"image\":{\"@id\":\"https:\\\/\\\/lasentinelle.dz\\\/index.php\\\/2022\\\/11\\\/02\\\/le-president-de-la-republique-preside-la-cloture-des-travaux-un-sommet-arabe-fraternel-et-consensuel\\\/#primaryimage\"},\"thumbnailUrl\":\"https:\\\/\\\/lasentinelle.dz\\\/wp-content\\\/uploads\\\/2022\\\/11\\\/tebboune-1.png\",\"articleSection\":[\"\u00c0 la Une\",\"Actualit\u00e9\"],\"inLanguage\":\"fr-FR\",\"potentialAction\":[{\"@type\":\"CommentAction\",\"name\":\"Comment\",\"target\":[\"https:\\\/\\\/lasentinelle.dz\\\/index.php\\\/2022\\\/11\\\/02\\\/le-president-de-la-republique-preside-la-cloture-des-travaux-un-sommet-arabe-fraternel-et-consensuel\\\/#respond\"]}]},{\"@type\":\"WebPage\",\"@id\":\"https:\\\/\\\/lasentinelle.dz\\\/index.php\\\/2022\\\/11\\\/02\\\/le-president-de-la-republique-preside-la-cloture-des-travaux-un-sommet-arabe-fraternel-et-consensuel\\\/\",\"url\":\"https:\\\/\\\/lasentinelle.dz\\\/index.php\\\/2022\\\/11\\\/02\\\/le-president-de-la-republique-preside-la-cloture-des-travaux-un-sommet-arabe-fraternel-et-consensuel\\\/\",\"name\":\"Le pr\u00e9sident de la R\u00e9publique pr\u00e9side la cl\u00f4ture des travaux\u00a0:Un Sommet arabe \u00ab\u00a0fraternel et consensuel\u00a0\u00bb - La Sentinelle\",\"isPartOf\":{\"@id\":\"https:\\\/\\\/lasentinelle.dz\\\/#website\"},\"primaryImageOfPage\":{\"@id\":\"https:\\\/\\\/lasentinelle.dz\\\/index.php\\\/2022\\\/11\\\/02\\\/le-president-de-la-republique-preside-la-cloture-des-travaux-un-sommet-arabe-fraternel-et-consensuel\\\/#primaryimage\"},\"image\":{\"@id\":\"https:\\\/\\\/lasentinelle.dz\\\/index.php\\\/2022\\\/11\\\/02\\\/le-president-de-la-republique-preside-la-cloture-des-travaux-un-sommet-arabe-fraternel-et-consensuel\\\/#primaryimage\"},\"thumbnailUrl\":\"https:\\\/\\\/lasentinelle.dz\\\/wp-content\\\/uploads\\\/2022\\\/11\\\/tebboune-1.png\",\"datePublished\":\"2022-11-02T21:08:00+00:00\",\"breadcrumb\":{\"@id\":\"https:\\\/\\\/lasentinelle.dz\\\/index.php\\\/2022\\\/11\\\/02\\\/le-president-de-la-republique-preside-la-cloture-des-travaux-un-sommet-arabe-fraternel-et-consensuel\\\/#breadcrumb\"},\"inLanguage\":\"fr-FR\",\"potentialAction\":[{\"@type\":\"ReadAction\",\"target\":[\"https:\\\/\\\/lasentinelle.dz\\\/index.php\\\/2022\\\/11\\\/02\\\/le-president-de-la-republique-preside-la-cloture-des-travaux-un-sommet-arabe-fraternel-et-consensuel\\\/\"]}]},{\"@type\":\"ImageObject\",\"inLanguage\":\"fr-FR\",\"@id\":\"https:\\\/\\\/lasentinelle.dz\\\/index.php\\\/2022\\\/11\\\/02\\\/le-president-de-la-republique-preside-la-cloture-des-travaux-un-sommet-arabe-fraternel-et-consensuel\\\/#primaryimage\",\"url\":\"https:\\\/\\\/lasentinelle.dz\\\/wp-content\\\/uploads\\\/2022\\\/11\\\/tebboune-1.png\",\"contentUrl\":\"https:\\\/\\\/lasentinelle.dz\\\/wp-content\\\/uploads\\\/2022\\\/11\\\/tebboune-1.png\",\"width\":1600,\"height\":900},{\"@type\":\"BreadcrumbList\",\"@id\":\"https:\\\/\\\/lasentinelle.dz\\\/index.php\\\/2022\\\/11\\\/02\\\/le-president-de-la-republique-preside-la-cloture-des-travaux-un-sommet-arabe-fraternel-et-consensuel\\\/#breadcrumb\",\"itemListElement\":[{\"@type\":\"ListItem\",\"position\":1,\"name\":\"Accueil\",\"item\":\"https:\\\/\\\/lasentinelle.dz\\\/\"},{\"@type\":\"ListItem\",\"position\":2,\"name\":\"Le pr\u00e9sident de la R\u00e9publique pr\u00e9side la cl\u00f4ture des travaux\u00a0:Un Sommet arabe \u00ab\u00a0fraternel et consensuel\u00a0\u00bb\"}]},{\"@type\":\"WebSite\",\"@id\":\"https:\\\/\\\/lasentinelle.dz\\\/#website\",\"url\":\"https:\\\/\\\/lasentinelle.dz\\\/\",\"name\":\"La Sentinelle\",\"description\":\"Quotidien national d&#039;information\",\"publisher\":{\"@id\":\"https:\\\/\\\/lasentinelle.dz\\\/#organization\"},\"potentialAction\":[{\"@type\":\"SearchAction\",\"target\":{\"@type\":\"EntryPoint\",\"urlTemplate\":\"https:\\\/\\\/lasentinelle.dz\\\/?s={search_term_string}\"},\"query-input\":{\"@type\":\"PropertyValueSpecification\",\"valueRequired\":true,\"valueName\":\"search_term_string\"}}],\"inLanguage\":\"fr-FR\"},{\"@type\":\"Organization\",\"@id\":\"https:\\\/\\\/lasentinelle.dz\\\/#organization\",\"name\":\"Quotidien La Sentinelle\",\"url\":\"https:\\\/\\\/lasentinelle.dz\\\/\",\"logo\":{\"@type\":\"ImageObject\",\"inLanguage\":\"fr-FR\",\"@id\":\"https:\\\/\\\/lasentinelle.dz\\\/#\\\/schema\\\/logo\\\/image\\\/\",\"url\":\"https:\\\/\\\/lasentinelle.dz\\\/wp-content\\\/uploads\\\/2021\\\/09\\\/logo-sentinelleSLOGAN-1.png\",\"contentUrl\":\"https:\\\/\\\/lasentinelle.dz\\\/wp-content\\\/uploads\\\/2021\\\/09\\\/logo-sentinelleSLOGAN-1.png\",\"width\":615,\"height\":142,\"caption\":\"Quotidien La Sentinelle\"},\"image\":{\"@id\":\"https:\\\/\\\/lasentinelle.dz\\\/#\\\/schema\\\/logo\\\/image\\\/\"},\"sameAs\":[\"https:\\\/\\\/www.facebook.com\\\/La-Sentinelle-104059864394773\"]},{\"@type\":\"Person\",\"@id\":\"https:\\\/\\\/lasentinelle.dz\\\/#\\\/schema\\\/person\\\/d865044e22e70a75174ce8bcad3acfb3\",\"name\":\"La Sentinelle\",\"image\":{\"@type\":\"ImageObject\",\"inLanguage\":\"fr-FR\",\"@id\":\"https:\\\/\\\/secure.gravatar.com\\\/avatar\\\/57de8e5d4b15d43fb361a71fbb36338450fe67865b528a43dd10ef7c51a20392?s=96&d=mm&r=g\",\"url\":\"https:\\\/\\\/secure.gravatar.com\\\/avatar\\\/57de8e5d4b15d43fb361a71fbb36338450fe67865b528a43dd10ef7c51a20392?s=96&d=mm&r=g\",\"contentUrl\":\"https:\\\/\\\/secure.gravatar.com\\\/avatar\\\/57de8e5d4b15d43fb361a71fbb36338450fe67865b528a43dd10ef7c51a20392?s=96&d=mm&r=g\",\"caption\":\"La Sentinelle\"},\"sameAs\":[\"http:\\\/\\\/www.lasentinelle.dz\"],\"url\":\"https:\\\/\\\/lasentinelle.dz\\\/author\\\/redaction\\\/\"}]}<\/script>\n<!-- \/ Yoast SEO plugin. -->","yoast_head_json":{"title":"Le pr\u00e9sident de la R\u00e9publique pr\u00e9side la cl\u00f4ture des travaux\u00a0:Un Sommet arabe \u00ab\u00a0fraternel et consensuel\u00a0\u00bb - La Sentinelle","robots":{"index":"index","follow":"follow","max-snippet":"max-snippet:-1","max-image-preview":"max-image-preview:large","max-video-preview":"max-video-preview:-1"},"canonical":"https:\/\/lasentinelle.dz\/index.php\/2022\/11\/02\/le-president-de-la-republique-preside-la-cloture-des-travaux-un-sommet-arabe-fraternel-et-consensuel\/","og_locale":"fr_FR","og_type":"article","og_title":"Le pr\u00e9sident de la R\u00e9publique pr\u00e9side la cl\u00f4ture des travaux\u00a0:Un Sommet arabe \u00ab\u00a0fraternel et consensuel\u00a0\u00bb - La Sentinelle","og_description":"Le 31e Sommet arabe qui clos ses travaux hier \u00e0 Alger a \u00e9t\u00e9 marqu\u00e9 par un consensus total, sans aucune","og_url":"https:\/\/lasentinelle.dz\/index.php\/2022\/11\/02\/le-president-de-la-republique-preside-la-cloture-des-travaux-un-sommet-arabe-fraternel-et-consensuel\/","og_site_name":"La Sentinelle","article_publisher":"https:\/\/www.facebook.com\/La-Sentinelle-104059864394773","article_published_time":"2022-11-02T21:08:00+00:00","og_image":[{"width":1600,"height":900,"url":"https:\/\/lasentinelle.dz\/wp-content\/uploads\/2022\/11\/tebboune-1.png","type":"image\/png"}],"author":"La Sentinelle","twitter_card":"summary_large_image","twitter_misc":{"\u00c9crit par":"La Sentinelle","Dur\u00e9e de lecture estim\u00e9e":"3 minutes"},"schema":{"@context":"https:\/\/schema.org","@graph":[{"@type":"Article","@id":"https:\/\/lasentinelle.dz\/index.php\/2022\/11\/02\/le-president-de-la-republique-preside-la-cloture-des-travaux-un-sommet-arabe-fraternel-et-consensuel\/#article","isPartOf":{"@id":"https:\/\/lasentinelle.dz\/index.php\/2022\/11\/02\/le-president-de-la-republique-preside-la-cloture-des-travaux-un-sommet-arabe-fraternel-et-consensuel\/"},"author":{"name":"La Sentinelle","@id":"https:\/\/lasentinelle.dz\/#\/schema\/person\/d865044e22e70a75174ce8bcad3acfb3"},"headline":"Le pr\u00e9sident de la R\u00e9publique pr\u00e9side la cl\u00f4ture des travaux\u00a0:Un Sommet arabe \u00ab\u00a0fraternel et consensuel\u00a0\u00bb","datePublished":"2022-11-02T21:08:00+00:00","mainEntityOfPage":{"@id":"https:\/\/lasentinelle.dz\/index.php\/2022\/11\/02\/le-president-de-la-republique-preside-la-cloture-des-travaux-un-sommet-arabe-fraternel-et-consensuel\/"},"wordCount":620,"commentCount":0,"publisher":{"@id":"https:\/\/lasentinelle.dz\/#organization"},"image":{"@id":"https:\/\/lasentinelle.dz\/index.php\/2022\/11\/02\/le-president-de-la-republique-preside-la-cloture-des-travaux-un-sommet-arabe-fraternel-et-consensuel\/#primaryimage"},"thumbnailUrl":"https:\/\/lasentinelle.dz\/wp-content\/uploads\/2022\/11\/tebboune-1.png","articleSection":["\u00c0 la Une","Actualit\u00e9"],"inLanguage":"fr-FR","potentialAction":[{"@type":"CommentAction","name":"Comment","target":["https:\/\/lasentinelle.dz\/index.php\/2022\/11\/02\/le-president-de-la-republique-preside-la-cloture-des-travaux-un-sommet-arabe-fraternel-et-consensuel\/#respond"]}]},{"@type":"WebPage","@id":"https:\/\/lasentinelle.dz\/index.php\/2022\/11\/02\/le-president-de-la-republique-preside-la-cloture-des-travaux-un-sommet-arabe-fraternel-et-consensuel\/","url":"https:\/\/lasentinelle.dz\/index.php\/2022\/11\/02\/le-president-de-la-republique-preside-la-cloture-des-travaux-un-sommet-arabe-fraternel-et-consensuel\/","name":"Le pr\u00e9sident de la R\u00e9publique pr\u00e9side la cl\u00f4ture des travaux\u00a0:Un Sommet arabe \u00ab\u00a0fraternel et consensuel\u00a0\u00bb - La Sentinelle","isPartOf":{"@id":"https:\/\/lasentinelle.dz\/#website"},"primaryImageOfPage":{"@id":"https:\/\/lasentinelle.dz\/index.php\/2022\/11\/02\/le-president-de-la-republique-preside-la-cloture-des-travaux-un-sommet-arabe-fraternel-et-consensuel\/#primaryimage"},"image":{"@id":"https:\/\/lasentinelle.dz\/index.php\/2022\/11\/02\/le-president-de-la-republique-preside-la-cloture-des-travaux-un-sommet-arabe-fraternel-et-consensuel\/#primaryimage"},"thumbnailUrl":"https:\/\/lasentinelle.dz\/wp-content\/uploads\/2022\/11\/tebboune-1.png","datePublished":"2022-11-02T21:08:00+00:00","breadcrumb":{"@id":"https:\/\/lasentinelle.dz\/index.php\/2022\/11\/02\/le-president-de-la-republique-preside-la-cloture-des-travaux-un-sommet-arabe-fraternel-et-consensuel\/#breadcrumb"},"inLanguage":"fr-FR","potentialAction":[{"@type":"ReadAction","target":["https:\/\/lasentinelle.dz\/index.php\/2022\/11\/02\/le-president-de-la-republique-preside-la-cloture-des-travaux-un-sommet-arabe-fraternel-et-consensuel\/"]}]},{"@type":"ImageObject","inLanguage":"fr-FR","@id":"https:\/\/lasentinelle.dz\/index.php\/2022\/11\/02\/le-president-de-la-republique-preside-la-cloture-des-travaux-un-sommet-arabe-fraternel-et-consensuel\/#primaryimage","url":"https:\/\/lasentinelle.dz\/wp-content\/uploads\/2022\/11\/tebboune-1.png","contentUrl":"https:\/\/lasentinelle.dz\/wp-content\/uploads\/2022\/11\/tebboune-1.png","width":1600,"height":900},{"@type":"BreadcrumbList","@id":"https:\/\/lasentinelle.dz\/index.php\/2022\/11\/02\/le-president-de-la-republique-preside-la-cloture-des-travaux-un-sommet-arabe-fraternel-et-consensuel\/#breadcrumb","itemListElement":[{"@type":"ListItem","position":1,"name":"Accueil","item":"https:\/\/lasentinelle.dz\/"},{"@type":"ListItem","position":2,"name":"Le pr\u00e9sident de la R\u00e9publique pr\u00e9side la cl\u00f4ture des travaux\u00a0:Un Sommet arabe \u00ab\u00a0fraternel et consensuel\u00a0\u00bb"}]},{"@type":"WebSite","@id":"https:\/\/lasentinelle.dz\/#website","url":"https:\/\/lasentinelle.dz\/","name":"La Sentinelle","description":"Quotidien national d&#039;information","publisher":{"@id":"https:\/\/lasentinelle.dz\/#organization"},"potentialAction":[{"@type":"SearchAction","target":{"@type":"EntryPoint","urlTemplate":"https:\/\/lasentinelle.dz\/?s={search_term_string}"},"query-input":{"@type":"PropertyValueSpecification","valueRequired":true,"valueName":"search_term_string"}}],"inLanguage":"fr-FR"},{"@type":"Organization","@id":"https:\/\/lasentinelle.dz\/#organization","name":"Quotidien La Sentinelle","url":"https:\/\/lasentinelle.dz\/","logo":{"@type":"ImageObject","inLanguage":"fr-FR","@id":"https:\/\/lasentinelle.dz\/#\/schema\/logo\/image\/","url":"https:\/\/lasentinelle.dz\/wp-content\/uploads\/2021\/09\/logo-sentinelleSLOGAN-1.png","contentUrl":"https:\/\/lasentinelle.dz\/wp-content\/uploads\/2021\/09\/logo-sentinelleSLOGAN-1.png","width":615,"height":142,"caption":"Quotidien La Sentinelle"},"image":{"@id":"https:\/\/lasentinelle.dz\/#\/schema\/logo\/image\/"},"sameAs":["https:\/\/www.facebook.com\/La-Sentinelle-104059864394773"]},{"@type":"Person","@id":"https:\/\/lasentinelle.dz\/#\/schema\/person\/d865044e22e70a75174ce8bcad3acfb3","name":"La Sentinelle","image":{"@type":"ImageObject","inLanguage":"fr-FR","@id":"https:\/\/secure.gravatar.com\/avatar\/57de8e5d4b15d43fb361a71fbb36338450fe67865b528a43dd10ef7c51a20392?s=96&d=mm&r=g","url":"https:\/\/secure.gravatar.com\/avatar\/57de8e5d4b15d43fb361a71fbb36338450fe67865b528a43dd10ef7c51a20392?s=96&d=mm&r=g","contentUrl":"https:\/\/secure.gravatar.com\/avatar\/57de8e5d4b15d43fb361a71fbb36338450fe67865b528a43dd10ef7c51a20392?s=96&d=mm&r=g","caption":"La Sentinelle"},"sameAs":["http:\/\/www.lasentinelle.dz"],"url":"https:\/\/lasentinelle.dz\/author\/redaction\/"}]}},"_links":{"self":[{"href":"https:\/\/lasentinelle.dz\/index.php\/wp-json\/wp\/v2\/posts\/30057","targetHints":{"allow":["GET"]}}],"collection":[{"href":"https:\/\/lasentinelle.dz\/index.php\/wp-json\/wp\/v2\/posts"}],"about":[{"href":"https:\/\/lasentinelle.dz\/index.php\/wp-json\/wp\/v2\/types\/post"}],"author":[{"embeddable":true,"href":"https:\/\/lasentinelle.dz\/index.php\/wp-json\/wp\/v2\/users\/3"}],"replies":[{"embeddable":true,"href":"https:\/\/lasentinelle.dz\/index.php\/wp-json\/wp\/v2\/comments?post=30057"}],"version-history":[{"count":1,"href":"https:\/\/lasentinelle.dz\/index.php\/wp-json\/wp\/v2\/posts\/30057\/revisions"}],"predecessor-version":[{"id":30059,"href":"https:\/\/lasentinelle.dz\/index.php\/wp-json\/wp\/v2\/posts\/30057\/revisions\/30059"}],"wp:featuredmedia":[{"embeddable":true,"href":"https:\/\/lasentinelle.dz\/index.php\/wp-json\/wp\/v2\/media\/30058"}],"wp:attachment":[{"href":"https:\/\/lasentinelle.dz\/index.php\/wp-json\/wp\/v2\/media?parent=30057"}],"wp:term":[{"taxonomy":"category","embeddable":true,"href":"https:\/\/lasentinelle.dz\/index.php\/wp-json\/wp\/v2\/categories?post=30057"},{"taxonomy":"post_tag","embeddable":true,"href":"https:\/\/lasentinelle.dz\/index.php\/wp-json\/wp\/v2\/tags?post=30057"}],"curies":[{"name":"wp","href":"https:\/\/api.w.org\/{rel}","templated":true}]}}