{"id":30097,"date":"2022-11-05T22:00:00","date_gmt":"2022-11-05T21:00:00","guid":{"rendered":"https:\/\/lasentinelle.dz\/?p=30097"},"modified":"2022-11-05T18:09:32","modified_gmt":"2022-11-05T17:09:32","slug":"le-sg-de-la-caf-en-visite-dinspection-a-oran-et-annaba-cap-sur-le-chan-2022","status":"publish","type":"post","link":"https:\/\/lasentinelle.dz\/index.php\/2022\/11\/05\/le-sg-de-la-caf-en-visite-dinspection-a-oran-et-annaba-cap-sur-le-chan-2022\/","title":{"rendered":"Le SG de la CAF en visite d&rsquo;inspection \u00e0 Oran et Annaba\u00a0: Cap sur le CHAN-2022"},"content":{"rendered":"\n<p>Les pr\u00e9paratifs pour le Championnat d\u2019Afrique des Nations qui se tient en Alg\u00e9rie du 23 janvier au 13 f\u00e9vrier prochains touchent \u00e0 leur fin.<\/p>\n\n\n\n<p>L\u2019ensemble des structures devant accueillir les matchs de la comp\u00e9tition continentale sont quasi-pr\u00eates. Dans ce sens, une d\u00e9l\u00e9gation de la CAF, conduite par le vice-pr\u00e9sident de l\u2019instance africaine, s\u00e9journe depuis jeudi en Alg\u00e9rie pour une visite d\u2019inspection.&nbsp; Ainsi, le Secr\u00e9taire G\u00e9n\u00e9ral de la Conf\u00e9d\u00e9ration africaine de football (CAF), Veron Mosengo-Omba, effectue depuishier et aujourd\u2019hui une visite d&rsquo;inspection dans les wilayas d&rsquo;Oran et Annaba. Selon la F\u00e9d\u00e9ration alg\u00e9rienne de football, le SG de la CAF devait effectuer hier une visite au stade Miloud Hadefi d&rsquo;Oran et ses deux terrains r\u00e9pliques ainsi que le terrain d\u2019entra\u00eenement les Castors, avant que toute la d\u00e9l\u00e9gation se rende \u00e0 Annaba pour inspecter, d\u00e8s aujourd\u2019hui, le stade du 19 mai 1956 et le terrain d\u2019entra\u00eenement Abdelkader Chabou.<\/p>\n\n\n\n<p>Dans la m\u00eame journ\u00e9e, la d\u00e9l\u00e9gation poursuivra son voyage, cette fois \u00e0 destination de Constantine o\u00f9 elle inspectera le stade Chahid Hamlaoui, son terrain r\u00e9plique et le terrain d\u2019entra\u00eenement EBRC.Accompagn\u00e9 par le pr\u00e9sident de la F\u00e9d\u00e9ration alg\u00e9rienne de football (FAF), Djahid Zefizef, et Rachid Oukali, pr\u00e9sident du Comit\u00e9 d\u2019organisation local (COL) du CHAN et Yacine Benhamza, pr\u00e9sident du COL de la CAN U17, le SG de la CAF a entam\u00e9 sa visite jeudi en se rendant au stade de Rouiba pour le terrain d\u2019entra\u00eenement, puis le nouveau stade de Baraki et enfin le stade du 5 juillet 1962, relevant de l\u2019Office du complexe olympique (OCO) Mohamed-Boudiaf.<\/p>\n\n\n\n<p>En fin d&rsquo;apr\u00e8s-midi, la d\u00e9l\u00e9gation de la CAF a \u00e9t\u00e9 re\u00e7ue en audience par Abderrazak Sebgag, ministre de la Jeunesse et des Sports.Pour la premi\u00e8re fois dans l&rsquo;histoire de la comp\u00e9tition, 18 \u00e9quipes prennent part au tournoi final du CHAN: Alg\u00e9rie (pays h\u00f4te), Maroc, Libye, S\u00e9n\u00e9gal, Mali, Mauritanie, C\u00f4te d&rsquo;Ivoire, Niger, Ghana, Cameroun, Congo, RD Congo, Ouganda, Soudan, Ethiopie, Mozambique, Angola et Madagascar.Les pays qualifi\u00e9s ont \u00e9t\u00e9 r\u00e9partis en cinq groupes : trois (3) groupes de quatre \u00e9quipes et deux (2) groupes de trois \u00e9quipes chacun.Lors du CHAN, l&rsquo;Alg\u00e9rie \u00e9voluera dans le groupe A, domicili\u00e9 au stade de Baraki, en compagnie de la Libye, de l&rsquo;Ethiopie et du Mozambique.<\/p>\n\n\n\n<p>R.S.<\/p>\n","protected":false},"excerpt":{"rendered":"<p>Les pr\u00e9paratifs pour le Championnat d\u2019Afrique des Nations qui se tient en Alg\u00e9rie du 23 janvier au 13 f\u00e9vrier prochains<\/p>\n","protected":false},"author":3,"featured_media":30104,"comment_status":"open","ping_status":"closed","sticky":false,"template":"","format":"standard","meta":{"colormag_page_container_layout":"default_layout","colormag_page_sidebar_layout":"default_layout","om_disable_all_campaigns":false,"_monsterinsights_skip_tracking":false,"_monsterinsights_sitenote_active":false,"_monsterinsights_sitenote_note":"","_monsterinsights_sitenote_category":0,"footnotes":"","_wpscppro_dont_share_socialmedia":false,"_wpscppro_custom_social_share_image":0,"_facebook_share_type":"","_twitter_share_type":"","_linkedin_share_type":"","_pinterest_share_type":"","_linkedin_share_type_page":"","_instagram_share_type":"","_medium_share_type":"","_threads_share_type":"","_google_business_share_type":"","_selected_social_profile":[],"_wpsp_enable_custom_social_template":false,"_wpsp_social_scheduling":{"enabled":false,"datetime":null,"platforms":[],"status":"template_only","dateOption":"today","timeOption":"now","customDays":"","customHours":"","customDate":"","customTime":"","schedulingType":"absolute"},"_wpsp_active_default_template":true},"categories":[33],"tags":[],"class_list":["post-30097","post","type-post","status-publish","format-standard","has-post-thumbnail","hentry","category-sports"],"aioseo_notices":[],"yoast_head":"<!-- This site is optimized with the Yoast SEO plugin v27.5 - https:\/\/yoast.com\/product\/yoast-seo-wordpress\/ -->\n<title>Le SG de la CAF en visite d&rsquo;inspection \u00e0 Oran et Annaba\u00a0: Cap sur le CHAN-2022 - La Sentinelle<\/title>\n<meta name=\"robots\" content=\"index, follow, max-snippet:-1, max-image-preview:large, max-video-preview:-1\" \/>\n<link rel=\"canonical\" href=\"https:\/\/lasentinelle.dz\/index.php\/2022\/11\/05\/le-sg-de-la-caf-en-visite-dinspection-a-oran-et-annaba-cap-sur-le-chan-2022\/\" \/>\n<meta property=\"og:locale\" content=\"fr_FR\" \/>\n<meta property=\"og:type\" content=\"article\" \/>\n<meta property=\"og:title\" content=\"Le SG de la CAF en visite d&rsquo;inspection \u00e0 Oran et Annaba\u00a0: Cap sur le CHAN-2022 - La Sentinelle\" \/>\n<meta property=\"og:description\" content=\"Les pr\u00e9paratifs pour le Championnat d\u2019Afrique des Nations qui se tient en Alg\u00e9rie du 23 janvier au 13 f\u00e9vrier prochains\" \/>\n<meta property=\"og:url\" content=\"https:\/\/lasentinelle.dz\/index.php\/2022\/11\/05\/le-sg-de-la-caf-en-visite-dinspection-a-oran-et-annaba-cap-sur-le-chan-2022\/\" \/>\n<meta property=\"og:site_name\" content=\"La Sentinelle\" \/>\n<meta property=\"article:publisher\" content=\"https:\/\/www.facebook.com\/La-Sentinelle-104059864394773\" \/>\n<meta property=\"article:published_time\" content=\"2022-11-05T21:00:00+00:00\" \/>\n<meta property=\"og:image\" content=\"https:\/\/lasentinelle.dz\/wp-content\/uploads\/2022\/11\/CAF.jpeg\" \/>\n\t<meta property=\"og:image:width\" content=\"720\" \/>\n\t<meta property=\"og:image:height\" content=\"430\" \/>\n\t<meta property=\"og:image:type\" content=\"image\/jpeg\" \/>\n<meta name=\"author\" content=\"La Sentinelle\" \/>\n<meta name=\"twitter:card\" content=\"summary_large_image\" \/>\n<meta name=\"twitter:label1\" content=\"\u00c9crit par\" \/>\n\t<meta name=\"twitter:data1\" content=\"La Sentinelle\" \/>\n\t<meta name=\"twitter:label2\" content=\"Dur\u00e9e de lecture estim\u00e9e\" \/>\n\t<meta name=\"twitter:data2\" content=\"2 minutes\" \/>\n<script type=\"application\/ld+json\" class=\"yoast-schema-graph\">{\"@context\":\"https:\\\/\\\/schema.org\",\"@graph\":[{\"@type\":\"Article\",\"@id\":\"https:\\\/\\\/lasentinelle.dz\\\/index.php\\\/2022\\\/11\\\/05\\\/le-sg-de-la-caf-en-visite-dinspection-a-oran-et-annaba-cap-sur-le-chan-2022\\\/#article\",\"isPartOf\":{\"@id\":\"https:\\\/\\\/lasentinelle.dz\\\/index.php\\\/2022\\\/11\\\/05\\\/le-sg-de-la-caf-en-visite-dinspection-a-oran-et-annaba-cap-sur-le-chan-2022\\\/\"},\"author\":{\"name\":\"La Sentinelle\",\"@id\":\"https:\\\/\\\/lasentinelle.dz\\\/#\\\/schema\\\/person\\\/d865044e22e70a75174ce8bcad3acfb3\"},\"headline\":\"Le SG de la CAF en visite d&rsquo;inspection \u00e0 Oran et Annaba\u00a0: Cap sur le CHAN-2022\",\"datePublished\":\"2022-11-05T21:00:00+00:00\",\"mainEntityOfPage\":{\"@id\":\"https:\\\/\\\/lasentinelle.dz\\\/index.php\\\/2022\\\/11\\\/05\\\/le-sg-de-la-caf-en-visite-dinspection-a-oran-et-annaba-cap-sur-le-chan-2022\\\/\"},\"wordCount\":442,\"commentCount\":0,\"publisher\":{\"@id\":\"https:\\\/\\\/lasentinelle.dz\\\/#organization\"},\"image\":{\"@id\":\"https:\\\/\\\/lasentinelle.dz\\\/index.php\\\/2022\\\/11\\\/05\\\/le-sg-de-la-caf-en-visite-dinspection-a-oran-et-annaba-cap-sur-le-chan-2022\\\/#primaryimage\"},\"thumbnailUrl\":\"https:\\\/\\\/lasentinelle.dz\\\/wp-content\\\/uploads\\\/2022\\\/11\\\/CAF.jpeg\",\"articleSection\":[\"Sports\"],\"inLanguage\":\"fr-FR\",\"potentialAction\":[{\"@type\":\"CommentAction\",\"name\":\"Comment\",\"target\":[\"https:\\\/\\\/lasentinelle.dz\\\/index.php\\\/2022\\\/11\\\/05\\\/le-sg-de-la-caf-en-visite-dinspection-a-oran-et-annaba-cap-sur-le-chan-2022\\\/#respond\"]}]},{\"@type\":\"WebPage\",\"@id\":\"https:\\\/\\\/lasentinelle.dz\\\/index.php\\\/2022\\\/11\\\/05\\\/le-sg-de-la-caf-en-visite-dinspection-a-oran-et-annaba-cap-sur-le-chan-2022\\\/\",\"url\":\"https:\\\/\\\/lasentinelle.dz\\\/index.php\\\/2022\\\/11\\\/05\\\/le-sg-de-la-caf-en-visite-dinspection-a-oran-et-annaba-cap-sur-le-chan-2022\\\/\",\"name\":\"Le SG de la CAF en visite d&rsquo;inspection \u00e0 Oran et Annaba\u00a0: Cap sur le CHAN-2022 - La Sentinelle\",\"isPartOf\":{\"@id\":\"https:\\\/\\\/lasentinelle.dz\\\/#website\"},\"primaryImageOfPage\":{\"@id\":\"https:\\\/\\\/lasentinelle.dz\\\/index.php\\\/2022\\\/11\\\/05\\\/le-sg-de-la-caf-en-visite-dinspection-a-oran-et-annaba-cap-sur-le-chan-2022\\\/#primaryimage\"},\"image\":{\"@id\":\"https:\\\/\\\/lasentinelle.dz\\\/index.php\\\/2022\\\/11\\\/05\\\/le-sg-de-la-caf-en-visite-dinspection-a-oran-et-annaba-cap-sur-le-chan-2022\\\/#primaryimage\"},\"thumbnailUrl\":\"https:\\\/\\\/lasentinelle.dz\\\/wp-content\\\/uploads\\\/2022\\\/11\\\/CAF.jpeg\",\"datePublished\":\"2022-11-05T21:00:00+00:00\",\"breadcrumb\":{\"@id\":\"https:\\\/\\\/lasentinelle.dz\\\/index.php\\\/2022\\\/11\\\/05\\\/le-sg-de-la-caf-en-visite-dinspection-a-oran-et-annaba-cap-sur-le-chan-2022\\\/#breadcrumb\"},\"inLanguage\":\"fr-FR\",\"potentialAction\":[{\"@type\":\"ReadAction\",\"target\":[\"https:\\\/\\\/lasentinelle.dz\\\/index.php\\\/2022\\\/11\\\/05\\\/le-sg-de-la-caf-en-visite-dinspection-a-oran-et-annaba-cap-sur-le-chan-2022\\\/\"]}]},{\"@type\":\"ImageObject\",\"inLanguage\":\"fr-FR\",\"@id\":\"https:\\\/\\\/lasentinelle.dz\\\/index.php\\\/2022\\\/11\\\/05\\\/le-sg-de-la-caf-en-visite-dinspection-a-oran-et-annaba-cap-sur-le-chan-2022\\\/#primaryimage\",\"url\":\"https:\\\/\\\/lasentinelle.dz\\\/wp-content\\\/uploads\\\/2022\\\/11\\\/CAF.jpeg\",\"contentUrl\":\"https:\\\/\\\/lasentinelle.dz\\\/wp-content\\\/uploads\\\/2022\\\/11\\\/CAF.jpeg\",\"width\":720,\"height\":430},{\"@type\":\"BreadcrumbList\",\"@id\":\"https:\\\/\\\/lasentinelle.dz\\\/index.php\\\/2022\\\/11\\\/05\\\/le-sg-de-la-caf-en-visite-dinspection-a-oran-et-annaba-cap-sur-le-chan-2022\\\/#breadcrumb\",\"itemListElement\":[{\"@type\":\"ListItem\",\"position\":1,\"name\":\"Accueil\",\"item\":\"https:\\\/\\\/lasentinelle.dz\\\/\"},{\"@type\":\"ListItem\",\"position\":2,\"name\":\"Le SG de la CAF en visite d&rsquo;inspection \u00e0 Oran et Annaba\u00a0: Cap sur le CHAN-2022\"}]},{\"@type\":\"WebSite\",\"@id\":\"https:\\\/\\\/lasentinelle.dz\\\/#website\",\"url\":\"https:\\\/\\\/lasentinelle.dz\\\/\",\"name\":\"La Sentinelle\",\"description\":\"Quotidien national d&#039;information\",\"publisher\":{\"@id\":\"https:\\\/\\\/lasentinelle.dz\\\/#organization\"},\"potentialAction\":[{\"@type\":\"SearchAction\",\"target\":{\"@type\":\"EntryPoint\",\"urlTemplate\":\"https:\\\/\\\/lasentinelle.dz\\\/?s={search_term_string}\"},\"query-input\":{\"@type\":\"PropertyValueSpecification\",\"valueRequired\":true,\"valueName\":\"search_term_string\"}}],\"inLanguage\":\"fr-FR\"},{\"@type\":\"Organization\",\"@id\":\"https:\\\/\\\/lasentinelle.dz\\\/#organization\",\"name\":\"Quotidien La Sentinelle\",\"url\":\"https:\\\/\\\/lasentinelle.dz\\\/\",\"logo\":{\"@type\":\"ImageObject\",\"inLanguage\":\"fr-FR\",\"@id\":\"https:\\\/\\\/lasentinelle.dz\\\/#\\\/schema\\\/logo\\\/image\\\/\",\"url\":\"https:\\\/\\\/lasentinelle.dz\\\/wp-content\\\/uploads\\\/2021\\\/09\\\/logo-sentinelleSLOGAN-1.png\",\"contentUrl\":\"https:\\\/\\\/lasentinelle.dz\\\/wp-content\\\/uploads\\\/2021\\\/09\\\/logo-sentinelleSLOGAN-1.png\",\"width\":615,\"height\":142,\"caption\":\"Quotidien La Sentinelle\"},\"image\":{\"@id\":\"https:\\\/\\\/lasentinelle.dz\\\/#\\\/schema\\\/logo\\\/image\\\/\"},\"sameAs\":[\"https:\\\/\\\/www.facebook.com\\\/La-Sentinelle-104059864394773\"]},{\"@type\":\"Person\",\"@id\":\"https:\\\/\\\/lasentinelle.dz\\\/#\\\/schema\\\/person\\\/d865044e22e70a75174ce8bcad3acfb3\",\"name\":\"La Sentinelle\",\"image\":{\"@type\":\"ImageObject\",\"inLanguage\":\"fr-FR\",\"@id\":\"https:\\\/\\\/secure.gravatar.com\\\/avatar\\\/57de8e5d4b15d43fb361a71fbb36338450fe67865b528a43dd10ef7c51a20392?s=96&d=mm&r=g\",\"url\":\"https:\\\/\\\/secure.gravatar.com\\\/avatar\\\/57de8e5d4b15d43fb361a71fbb36338450fe67865b528a43dd10ef7c51a20392?s=96&d=mm&r=g\",\"contentUrl\":\"https:\\\/\\\/secure.gravatar.com\\\/avatar\\\/57de8e5d4b15d43fb361a71fbb36338450fe67865b528a43dd10ef7c51a20392?s=96&d=mm&r=g\",\"caption\":\"La Sentinelle\"},\"sameAs\":[\"http:\\\/\\\/www.lasentinelle.dz\"],\"url\":\"https:\\\/\\\/lasentinelle.dz\\\/author\\\/redaction\\\/\"}]}<\/script>\n<!-- \/ Yoast SEO plugin. -->","yoast_head_json":{"title":"Le SG de la CAF en visite d&rsquo;inspection \u00e0 Oran et Annaba\u00a0: Cap sur le CHAN-2022 - La Sentinelle","robots":{"index":"index","follow":"follow","max-snippet":"max-snippet:-1","max-image-preview":"max-image-preview:large","max-video-preview":"max-video-preview:-1"},"canonical":"https:\/\/lasentinelle.dz\/index.php\/2022\/11\/05\/le-sg-de-la-caf-en-visite-dinspection-a-oran-et-annaba-cap-sur-le-chan-2022\/","og_locale":"fr_FR","og_type":"article","og_title":"Le SG de la CAF en visite d&rsquo;inspection \u00e0 Oran et Annaba\u00a0: Cap sur le CHAN-2022 - La Sentinelle","og_description":"Les pr\u00e9paratifs pour le Championnat d\u2019Afrique des Nations qui se tient en Alg\u00e9rie du 23 janvier au 13 f\u00e9vrier prochains","og_url":"https:\/\/lasentinelle.dz\/index.php\/2022\/11\/05\/le-sg-de-la-caf-en-visite-dinspection-a-oran-et-annaba-cap-sur-le-chan-2022\/","og_site_name":"La Sentinelle","article_publisher":"https:\/\/www.facebook.com\/La-Sentinelle-104059864394773","article_published_time":"2022-11-05T21:00:00+00:00","og_image":[{"width":720,"height":430,"url":"https:\/\/lasentinelle.dz\/wp-content\/uploads\/2022\/11\/CAF.jpeg","type":"image\/jpeg"}],"author":"La Sentinelle","twitter_card":"summary_large_image","twitter_misc":{"\u00c9crit par":"La Sentinelle","Dur\u00e9e de lecture estim\u00e9e":"2 minutes"},"schema":{"@context":"https:\/\/schema.org","@graph":[{"@type":"Article","@id":"https:\/\/lasentinelle.dz\/index.php\/2022\/11\/05\/le-sg-de-la-caf-en-visite-dinspection-a-oran-et-annaba-cap-sur-le-chan-2022\/#article","isPartOf":{"@id":"https:\/\/lasentinelle.dz\/index.php\/2022\/11\/05\/le-sg-de-la-caf-en-visite-dinspection-a-oran-et-annaba-cap-sur-le-chan-2022\/"},"author":{"name":"La Sentinelle","@id":"https:\/\/lasentinelle.dz\/#\/schema\/person\/d865044e22e70a75174ce8bcad3acfb3"},"headline":"Le SG de la CAF en visite d&rsquo;inspection \u00e0 Oran et Annaba\u00a0: Cap sur le CHAN-2022","datePublished":"2022-11-05T21:00:00+00:00","mainEntityOfPage":{"@id":"https:\/\/lasentinelle.dz\/index.php\/2022\/11\/05\/le-sg-de-la-caf-en-visite-dinspection-a-oran-et-annaba-cap-sur-le-chan-2022\/"},"wordCount":442,"commentCount":0,"publisher":{"@id":"https:\/\/lasentinelle.dz\/#organization"},"image":{"@id":"https:\/\/lasentinelle.dz\/index.php\/2022\/11\/05\/le-sg-de-la-caf-en-visite-dinspection-a-oran-et-annaba-cap-sur-le-chan-2022\/#primaryimage"},"thumbnailUrl":"https:\/\/lasentinelle.dz\/wp-content\/uploads\/2022\/11\/CAF.jpeg","articleSection":["Sports"],"inLanguage":"fr-FR","potentialAction":[{"@type":"CommentAction","name":"Comment","target":["https:\/\/lasentinelle.dz\/index.php\/2022\/11\/05\/le-sg-de-la-caf-en-visite-dinspection-a-oran-et-annaba-cap-sur-le-chan-2022\/#respond"]}]},{"@type":"WebPage","@id":"https:\/\/lasentinelle.dz\/index.php\/2022\/11\/05\/le-sg-de-la-caf-en-visite-dinspection-a-oran-et-annaba-cap-sur-le-chan-2022\/","url":"https:\/\/lasentinelle.dz\/index.php\/2022\/11\/05\/le-sg-de-la-caf-en-visite-dinspection-a-oran-et-annaba-cap-sur-le-chan-2022\/","name":"Le SG de la CAF en visite d&rsquo;inspection \u00e0 Oran et Annaba\u00a0: Cap sur le CHAN-2022 - La Sentinelle","isPartOf":{"@id":"https:\/\/lasentinelle.dz\/#website"},"primaryImageOfPage":{"@id":"https:\/\/lasentinelle.dz\/index.php\/2022\/11\/05\/le-sg-de-la-caf-en-visite-dinspection-a-oran-et-annaba-cap-sur-le-chan-2022\/#primaryimage"},"image":{"@id":"https:\/\/lasentinelle.dz\/index.php\/2022\/11\/05\/le-sg-de-la-caf-en-visite-dinspection-a-oran-et-annaba-cap-sur-le-chan-2022\/#primaryimage"},"thumbnailUrl":"https:\/\/lasentinelle.dz\/wp-content\/uploads\/2022\/11\/CAF.jpeg","datePublished":"2022-11-05T21:00:00+00:00","breadcrumb":{"@id":"https:\/\/lasentinelle.dz\/index.php\/2022\/11\/05\/le-sg-de-la-caf-en-visite-dinspection-a-oran-et-annaba-cap-sur-le-chan-2022\/#breadcrumb"},"inLanguage":"fr-FR","potentialAction":[{"@type":"ReadAction","target":["https:\/\/lasentinelle.dz\/index.php\/2022\/11\/05\/le-sg-de-la-caf-en-visite-dinspection-a-oran-et-annaba-cap-sur-le-chan-2022\/"]}]},{"@type":"ImageObject","inLanguage":"fr-FR","@id":"https:\/\/lasentinelle.dz\/index.php\/2022\/11\/05\/le-sg-de-la-caf-en-visite-dinspection-a-oran-et-annaba-cap-sur-le-chan-2022\/#primaryimage","url":"https:\/\/lasentinelle.dz\/wp-content\/uploads\/2022\/11\/CAF.jpeg","contentUrl":"https:\/\/lasentinelle.dz\/wp-content\/uploads\/2022\/11\/CAF.jpeg","width":720,"height":430},{"@type":"BreadcrumbList","@id":"https:\/\/lasentinelle.dz\/index.php\/2022\/11\/05\/le-sg-de-la-caf-en-visite-dinspection-a-oran-et-annaba-cap-sur-le-chan-2022\/#breadcrumb","itemListElement":[{"@type":"ListItem","position":1,"name":"Accueil","item":"https:\/\/lasentinelle.dz\/"},{"@type":"ListItem","position":2,"name":"Le SG de la CAF en visite d&rsquo;inspection \u00e0 Oran et Annaba\u00a0: Cap sur le CHAN-2022"}]},{"@type":"WebSite","@id":"https:\/\/lasentinelle.dz\/#website","url":"https:\/\/lasentinelle.dz\/","name":"La Sentinelle","description":"Quotidien national d&#039;information","publisher":{"@id":"https:\/\/lasentinelle.dz\/#organization"},"potentialAction":[{"@type":"SearchAction","target":{"@type":"EntryPoint","urlTemplate":"https:\/\/lasentinelle.dz\/?s={search_term_string}"},"query-input":{"@type":"PropertyValueSpecification","valueRequired":true,"valueName":"search_term_string"}}],"inLanguage":"fr-FR"},{"@type":"Organization","@id":"https:\/\/lasentinelle.dz\/#organization","name":"Quotidien La Sentinelle","url":"https:\/\/lasentinelle.dz\/","logo":{"@type":"ImageObject","inLanguage":"fr-FR","@id":"https:\/\/lasentinelle.dz\/#\/schema\/logo\/image\/","url":"https:\/\/lasentinelle.dz\/wp-content\/uploads\/2021\/09\/logo-sentinelleSLOGAN-1.png","contentUrl":"https:\/\/lasentinelle.dz\/wp-content\/uploads\/2021\/09\/logo-sentinelleSLOGAN-1.png","width":615,"height":142,"caption":"Quotidien La Sentinelle"},"image":{"@id":"https:\/\/lasentinelle.dz\/#\/schema\/logo\/image\/"},"sameAs":["https:\/\/www.facebook.com\/La-Sentinelle-104059864394773"]},{"@type":"Person","@id":"https:\/\/lasentinelle.dz\/#\/schema\/person\/d865044e22e70a75174ce8bcad3acfb3","name":"La Sentinelle","image":{"@type":"ImageObject","inLanguage":"fr-FR","@id":"https:\/\/secure.gravatar.com\/avatar\/57de8e5d4b15d43fb361a71fbb36338450fe67865b528a43dd10ef7c51a20392?s=96&d=mm&r=g","url":"https:\/\/secure.gravatar.com\/avatar\/57de8e5d4b15d43fb361a71fbb36338450fe67865b528a43dd10ef7c51a20392?s=96&d=mm&r=g","contentUrl":"https:\/\/secure.gravatar.com\/avatar\/57de8e5d4b15d43fb361a71fbb36338450fe67865b528a43dd10ef7c51a20392?s=96&d=mm&r=g","caption":"La Sentinelle"},"sameAs":["http:\/\/www.lasentinelle.dz"],"url":"https:\/\/lasentinelle.dz\/author\/redaction\/"}]}},"_links":{"self":[{"href":"https:\/\/lasentinelle.dz\/index.php\/wp-json\/wp\/v2\/posts\/30097","targetHints":{"allow":["GET"]}}],"collection":[{"href":"https:\/\/lasentinelle.dz\/index.php\/wp-json\/wp\/v2\/posts"}],"about":[{"href":"https:\/\/lasentinelle.dz\/index.php\/wp-json\/wp\/v2\/types\/post"}],"author":[{"embeddable":true,"href":"https:\/\/lasentinelle.dz\/index.php\/wp-json\/wp\/v2\/users\/3"}],"replies":[{"embeddable":true,"href":"https:\/\/lasentinelle.dz\/index.php\/wp-json\/wp\/v2\/comments?post=30097"}],"version-history":[{"count":1,"href":"https:\/\/lasentinelle.dz\/index.php\/wp-json\/wp\/v2\/posts\/30097\/revisions"}],"predecessor-version":[{"id":30105,"href":"https:\/\/lasentinelle.dz\/index.php\/wp-json\/wp\/v2\/posts\/30097\/revisions\/30105"}],"wp:featuredmedia":[{"embeddable":true,"href":"https:\/\/lasentinelle.dz\/index.php\/wp-json\/wp\/v2\/media\/30104"}],"wp:attachment":[{"href":"https:\/\/lasentinelle.dz\/index.php\/wp-json\/wp\/v2\/media?parent=30097"}],"wp:term":[{"taxonomy":"category","embeddable":true,"href":"https:\/\/lasentinelle.dz\/index.php\/wp-json\/wp\/v2\/categories?post=30097"},{"taxonomy":"post_tag","embeddable":true,"href":"https:\/\/lasentinelle.dz\/index.php\/wp-json\/wp\/v2\/tags?post=30097"}],"curies":[{"name":"wp","href":"https:\/\/api.w.org\/{rel}","templated":true}]}}