{"id":30183,"date":"2022-11-06T22:00:00","date_gmt":"2022-11-06T21:00:00","guid":{"rendered":"https:\/\/lasentinelle.dz\/?p=30183"},"modified":"2022-11-06T19:49:28","modified_gmt":"2022-11-06T18:49:28","slug":"securite-alimentaire-mettre-en-synergie-les-capacites-du-monde-arabe","status":"publish","type":"post","link":"https:\/\/lasentinelle.dz\/index.php\/2022\/11\/06\/securite-alimentaire-mettre-en-synergie-les-capacites-du-monde-arabe\/","title":{"rendered":"S\u00e9curit\u00e9 alimentaire\u00a0: Mettre en synergie les capacit\u00e9s du monde arabe"},"content":{"rendered":"\n<p>La crise alimentaire qui secoue le monde dans le sillage de la guerre en Ukraine a mis a nu les d\u00e9fis que repr\u00e9sente la s\u00e9curit\u00e9 alimentaire et la vuln\u00e9rabilit\u00e9 de nombreux pays de par leur d\u00e9pendance aux march\u00e9s pour leur approvisionnement en produits alimentaires de base. Le 31<sup>e<\/sup> Sommet arabe d\u2019Alger a d\u2019ailleurs \u00e9t\u00e9 l\u2019occasion de souligner la n\u00e9cessit\u00e9 d\u2019adopter une strat\u00e9gie commune pour faire face aux d\u00e9fis de la s\u00e9curit\u00e9 alimentaire. Une question qui a \u00e9t\u00e9 soulign\u00e9e dans la D\u00e9claration d\u2019Alger qui a sanctionn\u00e9 les travaux du sommet.&nbsp; Pour les experts, les pays arabes ont des atouts qu\u2019il est n\u00e9cessaire de mettre en synergie pour renforcer leur s\u00e9curit\u00e9 alimentaire. Ainsi, Fatoum Lakhdari, chercheure sur les r\u00e9gions arides et l\u2019agriculture saharienne, sp\u00e9cialiste de la s\u00e9curit\u00e9 alimentaire, a indiqu\u00e9 hier sur les ondes de la troisi\u00e8me chaine de la Radio alg\u00e9rienne que \u00ab&nbsp;les changements qui s\u2019op\u00e8rent dans les march\u00e9s mondiaux ainsi que les d\u00e9fis climatiques nous obligent \u00e0 rassembler nos forces, d\u2019autant plus que nous avons des caract\u00e9ristiques communes dans cette r\u00e9gion du monde \u00bb.<\/p>\n\n\n\n<p>\u00ab Certains pays arabes ont des potentialit\u00e9s en mati\u00e8re d\u2019eau, d\u2019autres en ressources humaines ainsi que des comp\u00e9tences technologiques. Si l\u2019on arrive \u00e0 tracer une strat\u00e9gie commune, nous pouvons&nbsp; faire avancer les choses \u00bb, estime-t-elle.<\/p>\n\n\n\n<p>Pour sa part, l\u2019ancien vice-pr\u00e9sident du CNES,&nbsp; Mustapha M\u00e9kid\u00e8che a estim\u00e9 u\u2019\u00ab il y a des \u00e9l\u00e9ments dans le monde arabe sur lesquels on pourra s\u2019appuyer pour atteindre ses objectifs \u00bb. Et d\u2019ajouter qu\u2019il y va \u00e9galement \u00ab des processus de coordination, de coop\u00e9ration et de vue sur les strat\u00e9gies \u00e0 mettre en \u0153uvre \u00bb. Il a mis l\u2019accent sur le probl\u00e8me des c\u00e9r\u00e9ales dont souffre le monde arabe. \u00ab Il y a donc \u00e0 se pr\u00e9occuper de mettre pr\u00e9cis\u00e9ment ce m\u00e9canisme arabe commun de s\u00e9curit\u00e9 alimentaire \u00bb, enjoint-il, disant que \u00ab les facteurs de production existent \u00bb. \u00ab Nous avons des pays comme le Soudan et l\u2019Alg\u00e9rie (avec son Sahara) qui peuvent donner des surfaces cultivables. \u00bb, rel\u00e8ve-t-ilS\u2019agissant de la s\u00e9curit\u00e9 hydrique, l\u2019expert a indiqu\u00e9 au micro de la Radio alg\u00e9rienne qu\u2019avec une capacit\u00e9 de dessalement de 22 millions de m\u00e8tres 3 d\u2019eau l\u2019Alg\u00e9rie est l\u2019un des pays qui produit aussi le plus d\u2019eau dessal\u00e9e dans la r\u00e9gion, avec l\u2019Arabie Saoudite, parmi les pays du Golfe qui ont une exp\u00e9rience dans le domaine. \u00ab On peut f\u00e9d\u00e9rer nos capacit\u00e9s des r\u00e9seaux de transfert d\u2019eau \u00bb, note M. M\u00e9kid\u00e8che.<\/p>\n\n\n\n<p><strong>Hocine Fadheli<\/strong><\/p>\n","protected":false},"excerpt":{"rendered":"<p>La crise alimentaire qui secoue le monde dans le sillage de la guerre en Ukraine a mis a nu les<\/p>\n","protected":false},"author":3,"featured_media":30196,"comment_status":"open","ping_status":"closed","sticky":false,"template":"","format":"standard","meta":{"colormag_page_container_layout":"default_layout","colormag_page_sidebar_layout":"default_layout","om_disable_all_campaigns":false,"_monsterinsights_skip_tracking":false,"_monsterinsights_sitenote_active":false,"_monsterinsights_sitenote_note":"","_monsterinsights_sitenote_category":0,"footnotes":"","_wpscppro_dont_share_socialmedia":false,"_wpscppro_custom_social_share_image":0,"_facebook_share_type":"","_twitter_share_type":"","_linkedin_share_type":"","_pinterest_share_type":"","_linkedin_share_type_page":"","_instagram_share_type":"","_medium_share_type":"","_threads_share_type":"","_google_business_share_type":"","_selected_social_profile":[],"_wpsp_enable_custom_social_template":false,"_wpsp_social_scheduling":{"enabled":false,"datetime":null,"platforms":[],"status":"template_only","dateOption":"today","timeOption":"now","customDays":"","customHours":"","customDate":"","customTime":"","schedulingType":"absolute"},"_wpsp_active_default_template":true},"categories":[27],"tags":[],"class_list":["post-30183","post","type-post","status-publish","format-standard","has-post-thumbnail","hentry","category-actualite"],"aioseo_notices":[],"yoast_head":"<!-- This site is optimized with the Yoast SEO plugin v27.5 - https:\/\/yoast.com\/product\/yoast-seo-wordpress\/ -->\n<title>S\u00e9curit\u00e9 alimentaire\u00a0: Mettre en synergie les capacit\u00e9s du monde arabe - La Sentinelle<\/title>\n<meta name=\"robots\" content=\"index, follow, max-snippet:-1, max-image-preview:large, max-video-preview:-1\" \/>\n<link rel=\"canonical\" href=\"https:\/\/lasentinelle.dz\/index.php\/2022\/11\/06\/securite-alimentaire-mettre-en-synergie-les-capacites-du-monde-arabe\/\" \/>\n<meta property=\"og:locale\" content=\"fr_FR\" \/>\n<meta property=\"og:type\" content=\"article\" \/>\n<meta property=\"og:title\" content=\"S\u00e9curit\u00e9 alimentaire\u00a0: Mettre en synergie les capacit\u00e9s du monde arabe - La Sentinelle\" \/>\n<meta property=\"og:description\" content=\"La crise alimentaire qui secoue le monde dans le sillage de la guerre en Ukraine a mis a nu les\" \/>\n<meta property=\"og:url\" content=\"https:\/\/lasentinelle.dz\/index.php\/2022\/11\/06\/securite-alimentaire-mettre-en-synergie-les-capacites-du-monde-arabe\/\" \/>\n<meta property=\"og:site_name\" content=\"La Sentinelle\" \/>\n<meta property=\"article:publisher\" content=\"https:\/\/www.facebook.com\/La-Sentinelle-104059864394773\" \/>\n<meta property=\"article:published_time\" content=\"2022-11-06T21:00:00+00:00\" \/>\n<meta property=\"og:image\" content=\"https:\/\/lasentinelle.dz\/wp-content\/uploads\/2022\/11\/Sans-titre-3-1.png\" \/>\n\t<meta property=\"og:image:width\" content=\"1491\" \/>\n\t<meta property=\"og:image:height\" content=\"900\" \/>\n\t<meta property=\"og:image:type\" content=\"image\/png\" \/>\n<meta name=\"author\" content=\"La Sentinelle\" \/>\n<meta name=\"twitter:card\" content=\"summary_large_image\" \/>\n<meta name=\"twitter:label1\" content=\"\u00c9crit par\" \/>\n\t<meta name=\"twitter:data1\" content=\"La Sentinelle\" \/>\n\t<meta name=\"twitter:label2\" content=\"Dur\u00e9e de lecture estim\u00e9e\" \/>\n\t<meta name=\"twitter:data2\" content=\"2 minutes\" \/>\n<script type=\"application\/ld+json\" class=\"yoast-schema-graph\">{\"@context\":\"https:\\\/\\\/schema.org\",\"@graph\":[{\"@type\":\"Article\",\"@id\":\"https:\\\/\\\/lasentinelle.dz\\\/index.php\\\/2022\\\/11\\\/06\\\/securite-alimentaire-mettre-en-synergie-les-capacites-du-monde-arabe\\\/#article\",\"isPartOf\":{\"@id\":\"https:\\\/\\\/lasentinelle.dz\\\/index.php\\\/2022\\\/11\\\/06\\\/securite-alimentaire-mettre-en-synergie-les-capacites-du-monde-arabe\\\/\"},\"author\":{\"name\":\"La Sentinelle\",\"@id\":\"https:\\\/\\\/lasentinelle.dz\\\/#\\\/schema\\\/person\\\/d865044e22e70a75174ce8bcad3acfb3\"},\"headline\":\"S\u00e9curit\u00e9 alimentaire\u00a0: Mettre en synergie les capacit\u00e9s du monde arabe\",\"datePublished\":\"2022-11-06T21:00:00+00:00\",\"mainEntityOfPage\":{\"@id\":\"https:\\\/\\\/lasentinelle.dz\\\/index.php\\\/2022\\\/11\\\/06\\\/securite-alimentaire-mettre-en-synergie-les-capacites-du-monde-arabe\\\/\"},\"wordCount\":480,\"commentCount\":0,\"publisher\":{\"@id\":\"https:\\\/\\\/lasentinelle.dz\\\/#organization\"},\"image\":{\"@id\":\"https:\\\/\\\/lasentinelle.dz\\\/index.php\\\/2022\\\/11\\\/06\\\/securite-alimentaire-mettre-en-synergie-les-capacites-du-monde-arabe\\\/#primaryimage\"},\"thumbnailUrl\":\"https:\\\/\\\/lasentinelle.dz\\\/wp-content\\\/uploads\\\/2022\\\/11\\\/Sans-titre-3-1.png\",\"articleSection\":[\"Actualit\u00e9\"],\"inLanguage\":\"fr-FR\",\"potentialAction\":[{\"@type\":\"CommentAction\",\"name\":\"Comment\",\"target\":[\"https:\\\/\\\/lasentinelle.dz\\\/index.php\\\/2022\\\/11\\\/06\\\/securite-alimentaire-mettre-en-synergie-les-capacites-du-monde-arabe\\\/#respond\"]}]},{\"@type\":\"WebPage\",\"@id\":\"https:\\\/\\\/lasentinelle.dz\\\/index.php\\\/2022\\\/11\\\/06\\\/securite-alimentaire-mettre-en-synergie-les-capacites-du-monde-arabe\\\/\",\"url\":\"https:\\\/\\\/lasentinelle.dz\\\/index.php\\\/2022\\\/11\\\/06\\\/securite-alimentaire-mettre-en-synergie-les-capacites-du-monde-arabe\\\/\",\"name\":\"S\u00e9curit\u00e9 alimentaire\u00a0: Mettre en synergie les capacit\u00e9s du monde arabe - La Sentinelle\",\"isPartOf\":{\"@id\":\"https:\\\/\\\/lasentinelle.dz\\\/#website\"},\"primaryImageOfPage\":{\"@id\":\"https:\\\/\\\/lasentinelle.dz\\\/index.php\\\/2022\\\/11\\\/06\\\/securite-alimentaire-mettre-en-synergie-les-capacites-du-monde-arabe\\\/#primaryimage\"},\"image\":{\"@id\":\"https:\\\/\\\/lasentinelle.dz\\\/index.php\\\/2022\\\/11\\\/06\\\/securite-alimentaire-mettre-en-synergie-les-capacites-du-monde-arabe\\\/#primaryimage\"},\"thumbnailUrl\":\"https:\\\/\\\/lasentinelle.dz\\\/wp-content\\\/uploads\\\/2022\\\/11\\\/Sans-titre-3-1.png\",\"datePublished\":\"2022-11-06T21:00:00+00:00\",\"breadcrumb\":{\"@id\":\"https:\\\/\\\/lasentinelle.dz\\\/index.php\\\/2022\\\/11\\\/06\\\/securite-alimentaire-mettre-en-synergie-les-capacites-du-monde-arabe\\\/#breadcrumb\"},\"inLanguage\":\"fr-FR\",\"potentialAction\":[{\"@type\":\"ReadAction\",\"target\":[\"https:\\\/\\\/lasentinelle.dz\\\/index.php\\\/2022\\\/11\\\/06\\\/securite-alimentaire-mettre-en-synergie-les-capacites-du-monde-arabe\\\/\"]}]},{\"@type\":\"ImageObject\",\"inLanguage\":\"fr-FR\",\"@id\":\"https:\\\/\\\/lasentinelle.dz\\\/index.php\\\/2022\\\/11\\\/06\\\/securite-alimentaire-mettre-en-synergie-les-capacites-du-monde-arabe\\\/#primaryimage\",\"url\":\"https:\\\/\\\/lasentinelle.dz\\\/wp-content\\\/uploads\\\/2022\\\/11\\\/Sans-titre-3-1.png\",\"contentUrl\":\"https:\\\/\\\/lasentinelle.dz\\\/wp-content\\\/uploads\\\/2022\\\/11\\\/Sans-titre-3-1.png\",\"width\":1491,\"height\":900},{\"@type\":\"BreadcrumbList\",\"@id\":\"https:\\\/\\\/lasentinelle.dz\\\/index.php\\\/2022\\\/11\\\/06\\\/securite-alimentaire-mettre-en-synergie-les-capacites-du-monde-arabe\\\/#breadcrumb\",\"itemListElement\":[{\"@type\":\"ListItem\",\"position\":1,\"name\":\"Accueil\",\"item\":\"https:\\\/\\\/lasentinelle.dz\\\/\"},{\"@type\":\"ListItem\",\"position\":2,\"name\":\"S\u00e9curit\u00e9 alimentaire\u00a0: Mettre en synergie les capacit\u00e9s du monde arabe\"}]},{\"@type\":\"WebSite\",\"@id\":\"https:\\\/\\\/lasentinelle.dz\\\/#website\",\"url\":\"https:\\\/\\\/lasentinelle.dz\\\/\",\"name\":\"La Sentinelle\",\"description\":\"Quotidien national d&#039;information\",\"publisher\":{\"@id\":\"https:\\\/\\\/lasentinelle.dz\\\/#organization\"},\"potentialAction\":[{\"@type\":\"SearchAction\",\"target\":{\"@type\":\"EntryPoint\",\"urlTemplate\":\"https:\\\/\\\/lasentinelle.dz\\\/?s={search_term_string}\"},\"query-input\":{\"@type\":\"PropertyValueSpecification\",\"valueRequired\":true,\"valueName\":\"search_term_string\"}}],\"inLanguage\":\"fr-FR\"},{\"@type\":\"Organization\",\"@id\":\"https:\\\/\\\/lasentinelle.dz\\\/#organization\",\"name\":\"Quotidien La Sentinelle\",\"url\":\"https:\\\/\\\/lasentinelle.dz\\\/\",\"logo\":{\"@type\":\"ImageObject\",\"inLanguage\":\"fr-FR\",\"@id\":\"https:\\\/\\\/lasentinelle.dz\\\/#\\\/schema\\\/logo\\\/image\\\/\",\"url\":\"https:\\\/\\\/lasentinelle.dz\\\/wp-content\\\/uploads\\\/2021\\\/09\\\/logo-sentinelleSLOGAN-1.png\",\"contentUrl\":\"https:\\\/\\\/lasentinelle.dz\\\/wp-content\\\/uploads\\\/2021\\\/09\\\/logo-sentinelleSLOGAN-1.png\",\"width\":615,\"height\":142,\"caption\":\"Quotidien La Sentinelle\"},\"image\":{\"@id\":\"https:\\\/\\\/lasentinelle.dz\\\/#\\\/schema\\\/logo\\\/image\\\/\"},\"sameAs\":[\"https:\\\/\\\/www.facebook.com\\\/La-Sentinelle-104059864394773\"]},{\"@type\":\"Person\",\"@id\":\"https:\\\/\\\/lasentinelle.dz\\\/#\\\/schema\\\/person\\\/d865044e22e70a75174ce8bcad3acfb3\",\"name\":\"La Sentinelle\",\"image\":{\"@type\":\"ImageObject\",\"inLanguage\":\"fr-FR\",\"@id\":\"https:\\\/\\\/secure.gravatar.com\\\/avatar\\\/57de8e5d4b15d43fb361a71fbb36338450fe67865b528a43dd10ef7c51a20392?s=96&d=mm&r=g\",\"url\":\"https:\\\/\\\/secure.gravatar.com\\\/avatar\\\/57de8e5d4b15d43fb361a71fbb36338450fe67865b528a43dd10ef7c51a20392?s=96&d=mm&r=g\",\"contentUrl\":\"https:\\\/\\\/secure.gravatar.com\\\/avatar\\\/57de8e5d4b15d43fb361a71fbb36338450fe67865b528a43dd10ef7c51a20392?s=96&d=mm&r=g\",\"caption\":\"La Sentinelle\"},\"sameAs\":[\"http:\\\/\\\/www.lasentinelle.dz\"],\"url\":\"https:\\\/\\\/lasentinelle.dz\\\/author\\\/redaction\\\/\"}]}<\/script>\n<!-- \/ Yoast SEO plugin. -->","yoast_head_json":{"title":"S\u00e9curit\u00e9 alimentaire\u00a0: Mettre en synergie les capacit\u00e9s du monde arabe - La Sentinelle","robots":{"index":"index","follow":"follow","max-snippet":"max-snippet:-1","max-image-preview":"max-image-preview:large","max-video-preview":"max-video-preview:-1"},"canonical":"https:\/\/lasentinelle.dz\/index.php\/2022\/11\/06\/securite-alimentaire-mettre-en-synergie-les-capacites-du-monde-arabe\/","og_locale":"fr_FR","og_type":"article","og_title":"S\u00e9curit\u00e9 alimentaire\u00a0: Mettre en synergie les capacit\u00e9s du monde arabe - La Sentinelle","og_description":"La crise alimentaire qui secoue le monde dans le sillage de la guerre en Ukraine a mis a nu les","og_url":"https:\/\/lasentinelle.dz\/index.php\/2022\/11\/06\/securite-alimentaire-mettre-en-synergie-les-capacites-du-monde-arabe\/","og_site_name":"La Sentinelle","article_publisher":"https:\/\/www.facebook.com\/La-Sentinelle-104059864394773","article_published_time":"2022-11-06T21:00:00+00:00","og_image":[{"width":1491,"height":900,"url":"https:\/\/lasentinelle.dz\/wp-content\/uploads\/2022\/11\/Sans-titre-3-1.png","type":"image\/png"}],"author":"La Sentinelle","twitter_card":"summary_large_image","twitter_misc":{"\u00c9crit par":"La Sentinelle","Dur\u00e9e de lecture estim\u00e9e":"2 minutes"},"schema":{"@context":"https:\/\/schema.org","@graph":[{"@type":"Article","@id":"https:\/\/lasentinelle.dz\/index.php\/2022\/11\/06\/securite-alimentaire-mettre-en-synergie-les-capacites-du-monde-arabe\/#article","isPartOf":{"@id":"https:\/\/lasentinelle.dz\/index.php\/2022\/11\/06\/securite-alimentaire-mettre-en-synergie-les-capacites-du-monde-arabe\/"},"author":{"name":"La Sentinelle","@id":"https:\/\/lasentinelle.dz\/#\/schema\/person\/d865044e22e70a75174ce8bcad3acfb3"},"headline":"S\u00e9curit\u00e9 alimentaire\u00a0: Mettre en synergie les capacit\u00e9s du monde arabe","datePublished":"2022-11-06T21:00:00+00:00","mainEntityOfPage":{"@id":"https:\/\/lasentinelle.dz\/index.php\/2022\/11\/06\/securite-alimentaire-mettre-en-synergie-les-capacites-du-monde-arabe\/"},"wordCount":480,"commentCount":0,"publisher":{"@id":"https:\/\/lasentinelle.dz\/#organization"},"image":{"@id":"https:\/\/lasentinelle.dz\/index.php\/2022\/11\/06\/securite-alimentaire-mettre-en-synergie-les-capacites-du-monde-arabe\/#primaryimage"},"thumbnailUrl":"https:\/\/lasentinelle.dz\/wp-content\/uploads\/2022\/11\/Sans-titre-3-1.png","articleSection":["Actualit\u00e9"],"inLanguage":"fr-FR","potentialAction":[{"@type":"CommentAction","name":"Comment","target":["https:\/\/lasentinelle.dz\/index.php\/2022\/11\/06\/securite-alimentaire-mettre-en-synergie-les-capacites-du-monde-arabe\/#respond"]}]},{"@type":"WebPage","@id":"https:\/\/lasentinelle.dz\/index.php\/2022\/11\/06\/securite-alimentaire-mettre-en-synergie-les-capacites-du-monde-arabe\/","url":"https:\/\/lasentinelle.dz\/index.php\/2022\/11\/06\/securite-alimentaire-mettre-en-synergie-les-capacites-du-monde-arabe\/","name":"S\u00e9curit\u00e9 alimentaire\u00a0: Mettre en synergie les capacit\u00e9s du monde arabe - La Sentinelle","isPartOf":{"@id":"https:\/\/lasentinelle.dz\/#website"},"primaryImageOfPage":{"@id":"https:\/\/lasentinelle.dz\/index.php\/2022\/11\/06\/securite-alimentaire-mettre-en-synergie-les-capacites-du-monde-arabe\/#primaryimage"},"image":{"@id":"https:\/\/lasentinelle.dz\/index.php\/2022\/11\/06\/securite-alimentaire-mettre-en-synergie-les-capacites-du-monde-arabe\/#primaryimage"},"thumbnailUrl":"https:\/\/lasentinelle.dz\/wp-content\/uploads\/2022\/11\/Sans-titre-3-1.png","datePublished":"2022-11-06T21:00:00+00:00","breadcrumb":{"@id":"https:\/\/lasentinelle.dz\/index.php\/2022\/11\/06\/securite-alimentaire-mettre-en-synergie-les-capacites-du-monde-arabe\/#breadcrumb"},"inLanguage":"fr-FR","potentialAction":[{"@type":"ReadAction","target":["https:\/\/lasentinelle.dz\/index.php\/2022\/11\/06\/securite-alimentaire-mettre-en-synergie-les-capacites-du-monde-arabe\/"]}]},{"@type":"ImageObject","inLanguage":"fr-FR","@id":"https:\/\/lasentinelle.dz\/index.php\/2022\/11\/06\/securite-alimentaire-mettre-en-synergie-les-capacites-du-monde-arabe\/#primaryimage","url":"https:\/\/lasentinelle.dz\/wp-content\/uploads\/2022\/11\/Sans-titre-3-1.png","contentUrl":"https:\/\/lasentinelle.dz\/wp-content\/uploads\/2022\/11\/Sans-titre-3-1.png","width":1491,"height":900},{"@type":"BreadcrumbList","@id":"https:\/\/lasentinelle.dz\/index.php\/2022\/11\/06\/securite-alimentaire-mettre-en-synergie-les-capacites-du-monde-arabe\/#breadcrumb","itemListElement":[{"@type":"ListItem","position":1,"name":"Accueil","item":"https:\/\/lasentinelle.dz\/"},{"@type":"ListItem","position":2,"name":"S\u00e9curit\u00e9 alimentaire\u00a0: Mettre en synergie les capacit\u00e9s du monde arabe"}]},{"@type":"WebSite","@id":"https:\/\/lasentinelle.dz\/#website","url":"https:\/\/lasentinelle.dz\/","name":"La Sentinelle","description":"Quotidien national d&#039;information","publisher":{"@id":"https:\/\/lasentinelle.dz\/#organization"},"potentialAction":[{"@type":"SearchAction","target":{"@type":"EntryPoint","urlTemplate":"https:\/\/lasentinelle.dz\/?s={search_term_string}"},"query-input":{"@type":"PropertyValueSpecification","valueRequired":true,"valueName":"search_term_string"}}],"inLanguage":"fr-FR"},{"@type":"Organization","@id":"https:\/\/lasentinelle.dz\/#organization","name":"Quotidien La Sentinelle","url":"https:\/\/lasentinelle.dz\/","logo":{"@type":"ImageObject","inLanguage":"fr-FR","@id":"https:\/\/lasentinelle.dz\/#\/schema\/logo\/image\/","url":"https:\/\/lasentinelle.dz\/wp-content\/uploads\/2021\/09\/logo-sentinelleSLOGAN-1.png","contentUrl":"https:\/\/lasentinelle.dz\/wp-content\/uploads\/2021\/09\/logo-sentinelleSLOGAN-1.png","width":615,"height":142,"caption":"Quotidien La Sentinelle"},"image":{"@id":"https:\/\/lasentinelle.dz\/#\/schema\/logo\/image\/"},"sameAs":["https:\/\/www.facebook.com\/La-Sentinelle-104059864394773"]},{"@type":"Person","@id":"https:\/\/lasentinelle.dz\/#\/schema\/person\/d865044e22e70a75174ce8bcad3acfb3","name":"La Sentinelle","image":{"@type":"ImageObject","inLanguage":"fr-FR","@id":"https:\/\/secure.gravatar.com\/avatar\/57de8e5d4b15d43fb361a71fbb36338450fe67865b528a43dd10ef7c51a20392?s=96&d=mm&r=g","url":"https:\/\/secure.gravatar.com\/avatar\/57de8e5d4b15d43fb361a71fbb36338450fe67865b528a43dd10ef7c51a20392?s=96&d=mm&r=g","contentUrl":"https:\/\/secure.gravatar.com\/avatar\/57de8e5d4b15d43fb361a71fbb36338450fe67865b528a43dd10ef7c51a20392?s=96&d=mm&r=g","caption":"La Sentinelle"},"sameAs":["http:\/\/www.lasentinelle.dz"],"url":"https:\/\/lasentinelle.dz\/author\/redaction\/"}]}},"_links":{"self":[{"href":"https:\/\/lasentinelle.dz\/index.php\/wp-json\/wp\/v2\/posts\/30183","targetHints":{"allow":["GET"]}}],"collection":[{"href":"https:\/\/lasentinelle.dz\/index.php\/wp-json\/wp\/v2\/posts"}],"about":[{"href":"https:\/\/lasentinelle.dz\/index.php\/wp-json\/wp\/v2\/types\/post"}],"author":[{"embeddable":true,"href":"https:\/\/lasentinelle.dz\/index.php\/wp-json\/wp\/v2\/users\/3"}],"replies":[{"embeddable":true,"href":"https:\/\/lasentinelle.dz\/index.php\/wp-json\/wp\/v2\/comments?post=30183"}],"version-history":[{"count":1,"href":"https:\/\/lasentinelle.dz\/index.php\/wp-json\/wp\/v2\/posts\/30183\/revisions"}],"predecessor-version":[{"id":30202,"href":"https:\/\/lasentinelle.dz\/index.php\/wp-json\/wp\/v2\/posts\/30183\/revisions\/30202"}],"wp:featuredmedia":[{"embeddable":true,"href":"https:\/\/lasentinelle.dz\/index.php\/wp-json\/wp\/v2\/media\/30196"}],"wp:attachment":[{"href":"https:\/\/lasentinelle.dz\/index.php\/wp-json\/wp\/v2\/media?parent=30183"}],"wp:term":[{"taxonomy":"category","embeddable":true,"href":"https:\/\/lasentinelle.dz\/index.php\/wp-json\/wp\/v2\/categories?post=30183"},{"taxonomy":"post_tag","embeddable":true,"href":"https:\/\/lasentinelle.dz\/index.php\/wp-json\/wp\/v2\/tags?post=30183"}],"curies":[{"name":"wp","href":"https:\/\/api.w.org\/{rel}","templated":true}]}}