{"id":30300,"date":"2022-11-07T22:05:00","date_gmt":"2022-11-07T21:05:00","guid":{"rendered":"https:\/\/lasentinelle.dz\/?p=30300"},"modified":"2022-11-07T19:32:40","modified_gmt":"2022-11-07T18:32:40","slug":"justice-15-ans-de-prison-requis-contre-abdelmadjid-sidi-said","status":"publish","type":"post","link":"https:\/\/lasentinelle.dz\/index.php\/2022\/11\/07\/justice-15-ans-de-prison-requis-contre-abdelmadjid-sidi-said\/","title":{"rendered":"Justice\u00a0: 15 ans de prison requis contre Abdelmadjid Sidi Sa\u00efd"},"content":{"rendered":"\n<p>Le proc\u00e8s pour corruption de l\u2019ancien Secr\u00e9taire g\u00e9n\u00e9ral de l\u2019Union g\u00e9n\u00e9rale des travailleurs alg\u00e9riens, Abdelmadjid Sidi Sa\u00efd, s\u2019est ouvert hier au niveau du p\u00f4le p\u00e9nal financie \u00e9conomique et financier pr\u00e8s le tribunal de Sidi M&rsquo;hamed \u00e0 Alger. \u00c0 l\u2019issue des auditions, le parquet a requis une peine de 15 ans de prison assortie d&rsquo;une amende de 8 millions de dinars. Le parquet a \u00e9galement requis des peines de 12 et 10 ans de prison contre respectivement contre ses deux enfants Djamil et Hanafi. Le parquet a demand\u00e9 par ailleurs une condamnation par d\u00e9faut de 18 ans de prison assortie d\u2019un mandat d\u2019arr\u00eat international contre Ramine Sidi Said, son 3eme fils. Par ailleurs, le parquet a requis&nbsp; le paiement d\u2019une amende de 32 millions de dinars par les trois soci\u00e9t\u00e9s priv\u00e9es appartenant \u00e0 deux enfants de Sidi Said, Hanafi et Ramine impliqu\u00e9es dans le dossiers et la confiscation de leurs biens mobiliers et immobiliers.Le procureur de la R\u00e9publique a requis aussi 5 ans de prison contre Ahmed Choudar, ancien Pdg de Mobilis, trois peines de 5 et 3 ans de prison contre d\u2019autres cadres de l\u2019op\u00e9rateur public et une condamnation de 6 ans de prison contre trois anciens responsables de la mutuelles des travailleurs du p\u00e9trole .Adelmadjid Sidi Sa\u00efd et ses enfants sont poursuivis pour \u00ab abus de pouvoir, dilapidation de deniers publics, b\u00e9n\u00e9fice d\u2019avantages indus et enrichissement ill\u00e9gal \u00bb.<\/p>\n\n\n\n<p>Le dossier s\u2019appuie sur plusieurs \u00e9l\u00e9ments. Il s\u2019agit d\u2019abord de deux voitures de fonction d\u2019Abdelmadjid Sidi Sa\u00efd, rest\u00e9es \u00e0 la disposition de sa famille apr\u00e8s sa d\u00e9mission, en juin 2019. Il s\u2019agit aussi des liens qu\u2019entretenait Ramine Sidi Said, propri\u00e9taire de l\u2019agence publicitaire et de communication All In, avec Mobilis.Abdelmadjid Sidi Sa\u00efd serait intervenu pour que Ramine obtienne un march\u00e9 d\u2019environ 60 millions de dinars portant sur la r\u00e9alisation d\u2019un programme t\u00e9l\u00e9vis\u00e9 qui n\u2019a jamais \u00e9t\u00e9 diffus\u00e9, entre autres dossiers.<\/p>\n\n\n\n<p><strong>Chokri Hafed<\/strong><\/p>\n","protected":false},"excerpt":{"rendered":"<p>Le proc\u00e8s pour corruption de l\u2019ancien Secr\u00e9taire g\u00e9n\u00e9ral de l\u2019Union g\u00e9n\u00e9rale des travailleurs alg\u00e9riens, Abdelmadjid Sidi Sa\u00efd, s\u2019est ouvert hier<\/p>\n","protected":false},"author":3,"featured_media":21029,"comment_status":"open","ping_status":"closed","sticky":false,"template":"","format":"standard","meta":{"colormag_page_container_layout":"default_layout","colormag_page_sidebar_layout":"default_layout","om_disable_all_campaigns":false,"_monsterinsights_skip_tracking":false,"_monsterinsights_sitenote_active":false,"_monsterinsights_sitenote_note":"","_monsterinsights_sitenote_category":0,"footnotes":"","_wpscppro_dont_share_socialmedia":false,"_wpscppro_custom_social_share_image":0,"_facebook_share_type":"","_twitter_share_type":"","_linkedin_share_type":"","_pinterest_share_type":"","_linkedin_share_type_page":"","_instagram_share_type":"","_medium_share_type":"","_threads_share_type":"","_google_business_share_type":"","_selected_social_profile":[],"_wpsp_enable_custom_social_template":false,"_wpsp_social_scheduling":{"enabled":false,"datetime":null,"platforms":[],"status":"template_only","dateOption":"today","timeOption":"now","customDays":"","customHours":"","customDate":"","customTime":"","schedulingType":"absolute"},"_wpsp_active_default_template":true},"categories":[27],"tags":[],"class_list":["post-30300","post","type-post","status-publish","format-standard","has-post-thumbnail","hentry","category-actualite"],"aioseo_notices":[],"yoast_head":"<!-- This site is optimized with the Yoast SEO plugin v27.5 - https:\/\/yoast.com\/product\/yoast-seo-wordpress\/ -->\n<title>Justice\u00a0: 15 ans de prison requis contre Abdelmadjid Sidi Sa\u00efd - La Sentinelle<\/title>\n<meta name=\"robots\" content=\"index, follow, max-snippet:-1, max-image-preview:large, max-video-preview:-1\" \/>\n<link rel=\"canonical\" href=\"https:\/\/lasentinelle.dz\/index.php\/2022\/11\/07\/justice-15-ans-de-prison-requis-contre-abdelmadjid-sidi-said\/\" \/>\n<meta property=\"og:locale\" content=\"fr_FR\" \/>\n<meta property=\"og:type\" content=\"article\" \/>\n<meta property=\"og:title\" content=\"Justice\u00a0: 15 ans de prison requis contre Abdelmadjid Sidi Sa\u00efd - La Sentinelle\" \/>\n<meta property=\"og:description\" content=\"Le proc\u00e8s pour corruption de l\u2019ancien Secr\u00e9taire g\u00e9n\u00e9ral de l\u2019Union g\u00e9n\u00e9rale des travailleurs alg\u00e9riens, Abdelmadjid Sidi Sa\u00efd, s\u2019est ouvert hier\" \/>\n<meta property=\"og:url\" content=\"https:\/\/lasentinelle.dz\/index.php\/2022\/11\/07\/justice-15-ans-de-prison-requis-contre-abdelmadjid-sidi-said\/\" \/>\n<meta property=\"og:site_name\" content=\"La Sentinelle\" \/>\n<meta property=\"article:publisher\" content=\"https:\/\/www.facebook.com\/La-Sentinelle-104059864394773\" \/>\n<meta property=\"article:published_time\" content=\"2022-11-07T21:05:00+00:00\" \/>\n<meta property=\"og:image\" content=\"https:\/\/lasentinelle.dz\/wp-content\/uploads\/2022\/05\/Sidi-Said.png\" \/>\n\t<meta property=\"og:image:width\" content=\"1357\" \/>\n\t<meta property=\"og:image:height\" content=\"900\" \/>\n\t<meta property=\"og:image:type\" content=\"image\/png\" \/>\n<meta name=\"author\" content=\"La Sentinelle\" \/>\n<meta name=\"twitter:card\" content=\"summary_large_image\" \/>\n<meta name=\"twitter:label1\" content=\"\u00c9crit par\" \/>\n\t<meta name=\"twitter:data1\" content=\"La Sentinelle\" \/>\n\t<meta name=\"twitter:label2\" content=\"Dur\u00e9e de lecture estim\u00e9e\" \/>\n\t<meta name=\"twitter:data2\" content=\"2 minutes\" \/>\n<script type=\"application\/ld+json\" class=\"yoast-schema-graph\">{\"@context\":\"https:\\\/\\\/schema.org\",\"@graph\":[{\"@type\":\"Article\",\"@id\":\"https:\\\/\\\/lasentinelle.dz\\\/index.php\\\/2022\\\/11\\\/07\\\/justice-15-ans-de-prison-requis-contre-abdelmadjid-sidi-said\\\/#article\",\"isPartOf\":{\"@id\":\"https:\\\/\\\/lasentinelle.dz\\\/index.php\\\/2022\\\/11\\\/07\\\/justice-15-ans-de-prison-requis-contre-abdelmadjid-sidi-said\\\/\"},\"author\":{\"name\":\"La Sentinelle\",\"@id\":\"https:\\\/\\\/lasentinelle.dz\\\/#\\\/schema\\\/person\\\/d865044e22e70a75174ce8bcad3acfb3\"},\"headline\":\"Justice\u00a0: 15 ans de prison requis contre Abdelmadjid Sidi Sa\u00efd\",\"datePublished\":\"2022-11-07T21:05:00+00:00\",\"mainEntityOfPage\":{\"@id\":\"https:\\\/\\\/lasentinelle.dz\\\/index.php\\\/2022\\\/11\\\/07\\\/justice-15-ans-de-prison-requis-contre-abdelmadjid-sidi-said\\\/\"},\"wordCount\":362,\"commentCount\":0,\"publisher\":{\"@id\":\"https:\\\/\\\/lasentinelle.dz\\\/#organization\"},\"image\":{\"@id\":\"https:\\\/\\\/lasentinelle.dz\\\/index.php\\\/2022\\\/11\\\/07\\\/justice-15-ans-de-prison-requis-contre-abdelmadjid-sidi-said\\\/#primaryimage\"},\"thumbnailUrl\":\"https:\\\/\\\/lasentinelle.dz\\\/wp-content\\\/uploads\\\/2022\\\/05\\\/Sidi-Said.png\",\"articleSection\":[\"Actualit\u00e9\"],\"inLanguage\":\"fr-FR\",\"potentialAction\":[{\"@type\":\"CommentAction\",\"name\":\"Comment\",\"target\":[\"https:\\\/\\\/lasentinelle.dz\\\/index.php\\\/2022\\\/11\\\/07\\\/justice-15-ans-de-prison-requis-contre-abdelmadjid-sidi-said\\\/#respond\"]}]},{\"@type\":\"WebPage\",\"@id\":\"https:\\\/\\\/lasentinelle.dz\\\/index.php\\\/2022\\\/11\\\/07\\\/justice-15-ans-de-prison-requis-contre-abdelmadjid-sidi-said\\\/\",\"url\":\"https:\\\/\\\/lasentinelle.dz\\\/index.php\\\/2022\\\/11\\\/07\\\/justice-15-ans-de-prison-requis-contre-abdelmadjid-sidi-said\\\/\",\"name\":\"Justice\u00a0: 15 ans de prison requis contre Abdelmadjid Sidi Sa\u00efd - La Sentinelle\",\"isPartOf\":{\"@id\":\"https:\\\/\\\/lasentinelle.dz\\\/#website\"},\"primaryImageOfPage\":{\"@id\":\"https:\\\/\\\/lasentinelle.dz\\\/index.php\\\/2022\\\/11\\\/07\\\/justice-15-ans-de-prison-requis-contre-abdelmadjid-sidi-said\\\/#primaryimage\"},\"image\":{\"@id\":\"https:\\\/\\\/lasentinelle.dz\\\/index.php\\\/2022\\\/11\\\/07\\\/justice-15-ans-de-prison-requis-contre-abdelmadjid-sidi-said\\\/#primaryimage\"},\"thumbnailUrl\":\"https:\\\/\\\/lasentinelle.dz\\\/wp-content\\\/uploads\\\/2022\\\/05\\\/Sidi-Said.png\",\"datePublished\":\"2022-11-07T21:05:00+00:00\",\"breadcrumb\":{\"@id\":\"https:\\\/\\\/lasentinelle.dz\\\/index.php\\\/2022\\\/11\\\/07\\\/justice-15-ans-de-prison-requis-contre-abdelmadjid-sidi-said\\\/#breadcrumb\"},\"inLanguage\":\"fr-FR\",\"potentialAction\":[{\"@type\":\"ReadAction\",\"target\":[\"https:\\\/\\\/lasentinelle.dz\\\/index.php\\\/2022\\\/11\\\/07\\\/justice-15-ans-de-prison-requis-contre-abdelmadjid-sidi-said\\\/\"]}]},{\"@type\":\"ImageObject\",\"inLanguage\":\"fr-FR\",\"@id\":\"https:\\\/\\\/lasentinelle.dz\\\/index.php\\\/2022\\\/11\\\/07\\\/justice-15-ans-de-prison-requis-contre-abdelmadjid-sidi-said\\\/#primaryimage\",\"url\":\"https:\\\/\\\/lasentinelle.dz\\\/wp-content\\\/uploads\\\/2022\\\/05\\\/Sidi-Said.png\",\"contentUrl\":\"https:\\\/\\\/lasentinelle.dz\\\/wp-content\\\/uploads\\\/2022\\\/05\\\/Sidi-Said.png\",\"width\":1357,\"height\":900},{\"@type\":\"BreadcrumbList\",\"@id\":\"https:\\\/\\\/lasentinelle.dz\\\/index.php\\\/2022\\\/11\\\/07\\\/justice-15-ans-de-prison-requis-contre-abdelmadjid-sidi-said\\\/#breadcrumb\",\"itemListElement\":[{\"@type\":\"ListItem\",\"position\":1,\"name\":\"Accueil\",\"item\":\"https:\\\/\\\/lasentinelle.dz\\\/\"},{\"@type\":\"ListItem\",\"position\":2,\"name\":\"Justice\u00a0: 15 ans de prison requis contre Abdelmadjid Sidi Sa\u00efd\"}]},{\"@type\":\"WebSite\",\"@id\":\"https:\\\/\\\/lasentinelle.dz\\\/#website\",\"url\":\"https:\\\/\\\/lasentinelle.dz\\\/\",\"name\":\"La Sentinelle\",\"description\":\"Quotidien national d&#039;information\",\"publisher\":{\"@id\":\"https:\\\/\\\/lasentinelle.dz\\\/#organization\"},\"potentialAction\":[{\"@type\":\"SearchAction\",\"target\":{\"@type\":\"EntryPoint\",\"urlTemplate\":\"https:\\\/\\\/lasentinelle.dz\\\/?s={search_term_string}\"},\"query-input\":{\"@type\":\"PropertyValueSpecification\",\"valueRequired\":true,\"valueName\":\"search_term_string\"}}],\"inLanguage\":\"fr-FR\"},{\"@type\":\"Organization\",\"@id\":\"https:\\\/\\\/lasentinelle.dz\\\/#organization\",\"name\":\"Quotidien La Sentinelle\",\"url\":\"https:\\\/\\\/lasentinelle.dz\\\/\",\"logo\":{\"@type\":\"ImageObject\",\"inLanguage\":\"fr-FR\",\"@id\":\"https:\\\/\\\/lasentinelle.dz\\\/#\\\/schema\\\/logo\\\/image\\\/\",\"url\":\"https:\\\/\\\/lasentinelle.dz\\\/wp-content\\\/uploads\\\/2021\\\/09\\\/logo-sentinelleSLOGAN-1.png\",\"contentUrl\":\"https:\\\/\\\/lasentinelle.dz\\\/wp-content\\\/uploads\\\/2021\\\/09\\\/logo-sentinelleSLOGAN-1.png\",\"width\":615,\"height\":142,\"caption\":\"Quotidien La Sentinelle\"},\"image\":{\"@id\":\"https:\\\/\\\/lasentinelle.dz\\\/#\\\/schema\\\/logo\\\/image\\\/\"},\"sameAs\":[\"https:\\\/\\\/www.facebook.com\\\/La-Sentinelle-104059864394773\"]},{\"@type\":\"Person\",\"@id\":\"https:\\\/\\\/lasentinelle.dz\\\/#\\\/schema\\\/person\\\/d865044e22e70a75174ce8bcad3acfb3\",\"name\":\"La Sentinelle\",\"image\":{\"@type\":\"ImageObject\",\"inLanguage\":\"fr-FR\",\"@id\":\"https:\\\/\\\/secure.gravatar.com\\\/avatar\\\/57de8e5d4b15d43fb361a71fbb36338450fe67865b528a43dd10ef7c51a20392?s=96&d=mm&r=g\",\"url\":\"https:\\\/\\\/secure.gravatar.com\\\/avatar\\\/57de8e5d4b15d43fb361a71fbb36338450fe67865b528a43dd10ef7c51a20392?s=96&d=mm&r=g\",\"contentUrl\":\"https:\\\/\\\/secure.gravatar.com\\\/avatar\\\/57de8e5d4b15d43fb361a71fbb36338450fe67865b528a43dd10ef7c51a20392?s=96&d=mm&r=g\",\"caption\":\"La Sentinelle\"},\"sameAs\":[\"http:\\\/\\\/www.lasentinelle.dz\"],\"url\":\"https:\\\/\\\/lasentinelle.dz\\\/author\\\/redaction\\\/\"}]}<\/script>\n<!-- \/ Yoast SEO plugin. -->","yoast_head_json":{"title":"Justice\u00a0: 15 ans de prison requis contre Abdelmadjid Sidi Sa\u00efd - La Sentinelle","robots":{"index":"index","follow":"follow","max-snippet":"max-snippet:-1","max-image-preview":"max-image-preview:large","max-video-preview":"max-video-preview:-1"},"canonical":"https:\/\/lasentinelle.dz\/index.php\/2022\/11\/07\/justice-15-ans-de-prison-requis-contre-abdelmadjid-sidi-said\/","og_locale":"fr_FR","og_type":"article","og_title":"Justice\u00a0: 15 ans de prison requis contre Abdelmadjid Sidi Sa\u00efd - La Sentinelle","og_description":"Le proc\u00e8s pour corruption de l\u2019ancien Secr\u00e9taire g\u00e9n\u00e9ral de l\u2019Union g\u00e9n\u00e9rale des travailleurs alg\u00e9riens, Abdelmadjid Sidi Sa\u00efd, s\u2019est ouvert hier","og_url":"https:\/\/lasentinelle.dz\/index.php\/2022\/11\/07\/justice-15-ans-de-prison-requis-contre-abdelmadjid-sidi-said\/","og_site_name":"La Sentinelle","article_publisher":"https:\/\/www.facebook.com\/La-Sentinelle-104059864394773","article_published_time":"2022-11-07T21:05:00+00:00","og_image":[{"width":1357,"height":900,"url":"https:\/\/lasentinelle.dz\/wp-content\/uploads\/2022\/05\/Sidi-Said.png","type":"image\/png"}],"author":"La Sentinelle","twitter_card":"summary_large_image","twitter_misc":{"\u00c9crit par":"La Sentinelle","Dur\u00e9e de lecture estim\u00e9e":"2 minutes"},"schema":{"@context":"https:\/\/schema.org","@graph":[{"@type":"Article","@id":"https:\/\/lasentinelle.dz\/index.php\/2022\/11\/07\/justice-15-ans-de-prison-requis-contre-abdelmadjid-sidi-said\/#article","isPartOf":{"@id":"https:\/\/lasentinelle.dz\/index.php\/2022\/11\/07\/justice-15-ans-de-prison-requis-contre-abdelmadjid-sidi-said\/"},"author":{"name":"La Sentinelle","@id":"https:\/\/lasentinelle.dz\/#\/schema\/person\/d865044e22e70a75174ce8bcad3acfb3"},"headline":"Justice\u00a0: 15 ans de prison requis contre Abdelmadjid Sidi Sa\u00efd","datePublished":"2022-11-07T21:05:00+00:00","mainEntityOfPage":{"@id":"https:\/\/lasentinelle.dz\/index.php\/2022\/11\/07\/justice-15-ans-de-prison-requis-contre-abdelmadjid-sidi-said\/"},"wordCount":362,"commentCount":0,"publisher":{"@id":"https:\/\/lasentinelle.dz\/#organization"},"image":{"@id":"https:\/\/lasentinelle.dz\/index.php\/2022\/11\/07\/justice-15-ans-de-prison-requis-contre-abdelmadjid-sidi-said\/#primaryimage"},"thumbnailUrl":"https:\/\/lasentinelle.dz\/wp-content\/uploads\/2022\/05\/Sidi-Said.png","articleSection":["Actualit\u00e9"],"inLanguage":"fr-FR","potentialAction":[{"@type":"CommentAction","name":"Comment","target":["https:\/\/lasentinelle.dz\/index.php\/2022\/11\/07\/justice-15-ans-de-prison-requis-contre-abdelmadjid-sidi-said\/#respond"]}]},{"@type":"WebPage","@id":"https:\/\/lasentinelle.dz\/index.php\/2022\/11\/07\/justice-15-ans-de-prison-requis-contre-abdelmadjid-sidi-said\/","url":"https:\/\/lasentinelle.dz\/index.php\/2022\/11\/07\/justice-15-ans-de-prison-requis-contre-abdelmadjid-sidi-said\/","name":"Justice\u00a0: 15 ans de prison requis contre Abdelmadjid Sidi Sa\u00efd - La Sentinelle","isPartOf":{"@id":"https:\/\/lasentinelle.dz\/#website"},"primaryImageOfPage":{"@id":"https:\/\/lasentinelle.dz\/index.php\/2022\/11\/07\/justice-15-ans-de-prison-requis-contre-abdelmadjid-sidi-said\/#primaryimage"},"image":{"@id":"https:\/\/lasentinelle.dz\/index.php\/2022\/11\/07\/justice-15-ans-de-prison-requis-contre-abdelmadjid-sidi-said\/#primaryimage"},"thumbnailUrl":"https:\/\/lasentinelle.dz\/wp-content\/uploads\/2022\/05\/Sidi-Said.png","datePublished":"2022-11-07T21:05:00+00:00","breadcrumb":{"@id":"https:\/\/lasentinelle.dz\/index.php\/2022\/11\/07\/justice-15-ans-de-prison-requis-contre-abdelmadjid-sidi-said\/#breadcrumb"},"inLanguage":"fr-FR","potentialAction":[{"@type":"ReadAction","target":["https:\/\/lasentinelle.dz\/index.php\/2022\/11\/07\/justice-15-ans-de-prison-requis-contre-abdelmadjid-sidi-said\/"]}]},{"@type":"ImageObject","inLanguage":"fr-FR","@id":"https:\/\/lasentinelle.dz\/index.php\/2022\/11\/07\/justice-15-ans-de-prison-requis-contre-abdelmadjid-sidi-said\/#primaryimage","url":"https:\/\/lasentinelle.dz\/wp-content\/uploads\/2022\/05\/Sidi-Said.png","contentUrl":"https:\/\/lasentinelle.dz\/wp-content\/uploads\/2022\/05\/Sidi-Said.png","width":1357,"height":900},{"@type":"BreadcrumbList","@id":"https:\/\/lasentinelle.dz\/index.php\/2022\/11\/07\/justice-15-ans-de-prison-requis-contre-abdelmadjid-sidi-said\/#breadcrumb","itemListElement":[{"@type":"ListItem","position":1,"name":"Accueil","item":"https:\/\/lasentinelle.dz\/"},{"@type":"ListItem","position":2,"name":"Justice\u00a0: 15 ans de prison requis contre Abdelmadjid Sidi Sa\u00efd"}]},{"@type":"WebSite","@id":"https:\/\/lasentinelle.dz\/#website","url":"https:\/\/lasentinelle.dz\/","name":"La Sentinelle","description":"Quotidien national d&#039;information","publisher":{"@id":"https:\/\/lasentinelle.dz\/#organization"},"potentialAction":[{"@type":"SearchAction","target":{"@type":"EntryPoint","urlTemplate":"https:\/\/lasentinelle.dz\/?s={search_term_string}"},"query-input":{"@type":"PropertyValueSpecification","valueRequired":true,"valueName":"search_term_string"}}],"inLanguage":"fr-FR"},{"@type":"Organization","@id":"https:\/\/lasentinelle.dz\/#organization","name":"Quotidien La Sentinelle","url":"https:\/\/lasentinelle.dz\/","logo":{"@type":"ImageObject","inLanguage":"fr-FR","@id":"https:\/\/lasentinelle.dz\/#\/schema\/logo\/image\/","url":"https:\/\/lasentinelle.dz\/wp-content\/uploads\/2021\/09\/logo-sentinelleSLOGAN-1.png","contentUrl":"https:\/\/lasentinelle.dz\/wp-content\/uploads\/2021\/09\/logo-sentinelleSLOGAN-1.png","width":615,"height":142,"caption":"Quotidien La Sentinelle"},"image":{"@id":"https:\/\/lasentinelle.dz\/#\/schema\/logo\/image\/"},"sameAs":["https:\/\/www.facebook.com\/La-Sentinelle-104059864394773"]},{"@type":"Person","@id":"https:\/\/lasentinelle.dz\/#\/schema\/person\/d865044e22e70a75174ce8bcad3acfb3","name":"La Sentinelle","image":{"@type":"ImageObject","inLanguage":"fr-FR","@id":"https:\/\/secure.gravatar.com\/avatar\/57de8e5d4b15d43fb361a71fbb36338450fe67865b528a43dd10ef7c51a20392?s=96&d=mm&r=g","url":"https:\/\/secure.gravatar.com\/avatar\/57de8e5d4b15d43fb361a71fbb36338450fe67865b528a43dd10ef7c51a20392?s=96&d=mm&r=g","contentUrl":"https:\/\/secure.gravatar.com\/avatar\/57de8e5d4b15d43fb361a71fbb36338450fe67865b528a43dd10ef7c51a20392?s=96&d=mm&r=g","caption":"La Sentinelle"},"sameAs":["http:\/\/www.lasentinelle.dz"],"url":"https:\/\/lasentinelle.dz\/author\/redaction\/"}]}},"_links":{"self":[{"href":"https:\/\/lasentinelle.dz\/index.php\/wp-json\/wp\/v2\/posts\/30300","targetHints":{"allow":["GET"]}}],"collection":[{"href":"https:\/\/lasentinelle.dz\/index.php\/wp-json\/wp\/v2\/posts"}],"about":[{"href":"https:\/\/lasentinelle.dz\/index.php\/wp-json\/wp\/v2\/types\/post"}],"author":[{"embeddable":true,"href":"https:\/\/lasentinelle.dz\/index.php\/wp-json\/wp\/v2\/users\/3"}],"replies":[{"embeddable":true,"href":"https:\/\/lasentinelle.dz\/index.php\/wp-json\/wp\/v2\/comments?post=30300"}],"version-history":[{"count":1,"href":"https:\/\/lasentinelle.dz\/index.php\/wp-json\/wp\/v2\/posts\/30300\/revisions"}],"predecessor-version":[{"id":30307,"href":"https:\/\/lasentinelle.dz\/index.php\/wp-json\/wp\/v2\/posts\/30300\/revisions\/30307"}],"wp:featuredmedia":[{"embeddable":true,"href":"https:\/\/lasentinelle.dz\/index.php\/wp-json\/wp\/v2\/media\/21029"}],"wp:attachment":[{"href":"https:\/\/lasentinelle.dz\/index.php\/wp-json\/wp\/v2\/media?parent=30300"}],"wp:term":[{"taxonomy":"category","embeddable":true,"href":"https:\/\/lasentinelle.dz\/index.php\/wp-json\/wp\/v2\/categories?post=30300"},{"taxonomy":"post_tag","embeddable":true,"href":"https:\/\/lasentinelle.dz\/index.php\/wp-json\/wp\/v2\/tags?post=30300"}],"curies":[{"name":"wp","href":"https:\/\/api.w.org\/{rel}","templated":true}]}}