{"id":30301,"date":"2022-11-07T22:08:00","date_gmt":"2022-11-07T21:08:00","guid":{"rendered":"https:\/\/lasentinelle.dz\/?p=30301"},"modified":"2022-11-07T18:40:51","modified_gmt":"2022-11-07T17:40:51","slug":"des-stades-du-niveau-des-competitions-fifa-la-caf-encense-lalgerie","status":"publish","type":"post","link":"https:\/\/lasentinelle.dz\/index.php\/2022\/11\/07\/des-stades-du-niveau-des-competitions-fifa-la-caf-encense-lalgerie\/","title":{"rendered":"Des stades du niveau des comp\u00e9titions FIFA\u00a0: La CAF encense l\u2019Alg\u00e9rie"},"content":{"rendered":"\n<p>Candidate pour l\u2019organisation de la Coupe d\u2019Afrique des Nations-2025, l\u2019Alg\u00e9rie cumule les bons points.<\/p>\n\n\n\n<p>L\u2019organisation du prochain CHAN en Alg\u00e9rie au mois de janvier prochain est d\u2019ailleurs l\u2019occasion de mettre en valeur la qualit\u00e9 des infrastructures sportives et d\u2019accueil dont dispose l\u2019Alg\u00e9rie. Le constat de la Conf\u00e9d\u00e9ration africaine de football est dans ce sans \u00e9quivoque&nbsp;: L\u2019Alg\u00e9rie dispose d\u00e9j\u00e0 des infrastructures qui lui permettent d\u2019accueillir les comp\u00e9titions de la CAF, mais aussi celles de la FIFA&nbsp;! C\u2019est ce qu\u2019a affirm\u00e9, dimanche, le Secr\u00e9taire g\u00e9n\u00e9ral de la CAF, Veron Mosengo-Omba,au bout de la tourn\u00e9e qu\u2019il l\u2019a conduit dans les stades devant abriter les matchs du prochain CHAN \u00e0 Annaba, Constantine, Alger et Oran. Celui-ci n\u2019a pas h\u00e9sit\u00e9 \u00e0 assurer que \u00ab&nbsp;beaucoup de stades alg\u00e9riens sont de classe Coupe du monde de la F\u00e9d\u00e9ration internationale de football (Fifa)&nbsp;\u00bb.<\/p>\n\n\n\n<p>Un constat qui conforte la candidature de l\u2019Alg\u00e9rie pour la CAN-2025, d\u2019autant que le pr\u00e9sident de la CAF, Patrice Motespe, a indiqu\u00e9 au mois d\u2019octobre dernier \u00e0 Alger \u00e0 l\u2019occasion du tirage au sort du CHAN, que l\u2019instance africaine aspire \u00e0 des comp\u00e9titions de haute facture et r\u00e9pondant aux normes internationales.<\/p>\n\n\n\n<p>Notons que le SG de la CAF est arriv\u00e9 jeudi \u00e0 Alger \u00e0 la t\u00eate d\u2019une d\u00e9l\u00e9gation avec pour objectif de faire le point sur les pr\u00e9paratifs du CHAN. Il s\u2019est ainsi rendu aux stades du 5-Juillet de Baraki \u00e0 Alger, au nouveau stade d\u2019Oran samedi et a fini sa tourn\u00e9e dimanche avec les stades de Constantine et d\u2019Annaba.<\/p>\n\n\n\n<p>En visite d\u2019inspection au stade Chahid Hamlaoui (Constantine),le SG de la CAF accompagn\u00e9 du chef de l\u2019ex\u00e9cutif local, Abdelkhalak Seyouda et le pr\u00e9sident de la F\u00e9d\u00e9ration alg\u00e9rienne de football (FAF) Djahid Zefizef, a indiqu\u00e9 que beaucoup de stades en Alg\u00e9rie sont \u00ab\u00a0dot\u00e9s d\u2019installation de haut niveau\u00a0\u00bb en mesure d\u2019accueillir des comp\u00e9tition de dimension mondiale.Qualifiant de \u00ab\u00a0magnifique\u00a0\u00bb le stade chahid Hamlaoui de Constantine, M. Veron Mosengo-Omba, a indiqu\u00e9 que la pelouse de ce stade r\u00e9pond aux normes permettant le d\u00e9roulement de la comp\u00e9tition pr\u00e9vue dans environ 2 mois, dans les meilleures conditions.Saluant l\u2019Etat alg\u00e9rien qui a accept\u00e9 d\u2019organiser cette comp\u00e9tition, le SG de la CAF qui a \u00e9galement remerci\u00e9 les autorit\u00e9s locales qui veillent au bon d\u00e9roulement des pr\u00e9paratifs relatifs \u00e0 cet \u00e9v\u00e8nement, devant avoir lieu du 13 janvier au 4 f\u00e9vrier 2023 en Alg\u00e9rie, s\u2019est dit \u00ab\u00a0satisfait\u00a0\u00bb de ce qu\u2019il venait de voir au stade Chahid Hamlaoui de Constantine.Dans ce cadre, le m\u00eame responsable a indiqu\u00e9 que le stade Chahid Hamlaoui et toutes les installations n\u00e9cessaires seront pr\u00eates d\u2019accueillir l\u2019\u00e9v\u00e8nement \u00ab\u00a0d\u2019ici \u00e0 la fin de ce mois de novembre au maximum, selon les engagements des autorit\u00e9s de la wilaya de Constantine\u00a0\u00bb.<\/p>\n\n\n\n<p>De son c\u00f4t\u00e9, le Pr\u00e9sident de la FAF, Djahid Zefizef A affirm\u00e9 que tous les pr\u00e9paratifs vont bon train : \u2018\u2019Nous sommes entrain d\u2019apporter les derni\u00e8res retouches. Nous venons de faire le tour dans toutes les villes concern\u00e9es par cet \u00e9v\u00e9nement et nous nous sommes enquis de l\u2019\u00e9tat d\u2019avancement des infrastructures et de tous les autres \u00e9quipements de base, soient ceux d\u00e9di\u00e9s aux entra\u00eenements ou bien pour l\u2019h\u00e9bergement des h\u00f4tes et des diff\u00e9rentes d\u00e9l\u00e9gations. A deux mois du rendez-vous, j\u2019estime que nous sommes pratiquement pr\u00eats \u00e0 accueillir le CHAN.\u2019\u2019<\/p>\n\n\n\n<p>Chokri Hafed<\/p>\n","protected":false},"excerpt":{"rendered":"<p>Candidate pour l\u2019organisation de la Coupe d\u2019Afrique des Nations-2025, l\u2019Alg\u00e9rie cumule les bons points. L\u2019organisation du prochain CHAN en Alg\u00e9rie<\/p>\n","protected":false},"author":3,"featured_media":30302,"comment_status":"open","ping_status":"closed","sticky":false,"template":"","format":"standard","meta":{"colormag_page_container_layout":"default_layout","colormag_page_sidebar_layout":"default_layout","om_disable_all_campaigns":false,"_monsterinsights_skip_tracking":false,"_monsterinsights_sitenote_active":false,"_monsterinsights_sitenote_note":"","_monsterinsights_sitenote_category":0,"footnotes":"","_wpscppro_dont_share_socialmedia":false,"_wpscppro_custom_social_share_image":0,"_facebook_share_type":"","_twitter_share_type":"","_linkedin_share_type":"","_pinterest_share_type":"","_linkedin_share_type_page":"","_instagram_share_type":"","_medium_share_type":"","_threads_share_type":"","_google_business_share_type":"","_selected_social_profile":[],"_wpsp_enable_custom_social_template":false,"_wpsp_social_scheduling":{"enabled":false,"datetime":null,"platforms":[],"status":"template_only","dateOption":"today","timeOption":"now","customDays":"","customHours":"","customDate":"","customTime":"","schedulingType":"absolute"},"_wpsp_active_default_template":true},"categories":[52,33],"tags":[],"class_list":["post-30301","post","type-post","status-publish","format-standard","has-post-thumbnail","hentry","category-a-la-une","category-sports"],"aioseo_notices":[],"yoast_head":"<!-- This site is optimized with the Yoast SEO plugin v27.5 - https:\/\/yoast.com\/product\/yoast-seo-wordpress\/ -->\n<title>Des stades du niveau des comp\u00e9titions FIFA\u00a0: La CAF encense l\u2019Alg\u00e9rie - La Sentinelle<\/title>\n<meta name=\"robots\" content=\"index, follow, max-snippet:-1, max-image-preview:large, max-video-preview:-1\" \/>\n<link rel=\"canonical\" href=\"https:\/\/lasentinelle.dz\/index.php\/2022\/11\/07\/des-stades-du-niveau-des-competitions-fifa-la-caf-encense-lalgerie\/\" \/>\n<meta property=\"og:locale\" content=\"fr_FR\" \/>\n<meta property=\"og:type\" content=\"article\" \/>\n<meta property=\"og:title\" content=\"Des stades du niveau des comp\u00e9titions FIFA\u00a0: La CAF encense l\u2019Alg\u00e9rie - La Sentinelle\" \/>\n<meta property=\"og:description\" content=\"Candidate pour l\u2019organisation de la Coupe d\u2019Afrique des Nations-2025, l\u2019Alg\u00e9rie cumule les bons points. L\u2019organisation du prochain CHAN en Alg\u00e9rie\" \/>\n<meta property=\"og:url\" content=\"https:\/\/lasentinelle.dz\/index.php\/2022\/11\/07\/des-stades-du-niveau-des-competitions-fifa-la-caf-encense-lalgerie\/\" \/>\n<meta property=\"og:site_name\" content=\"La Sentinelle\" \/>\n<meta property=\"article:publisher\" content=\"https:\/\/www.facebook.com\/La-Sentinelle-104059864394773\" \/>\n<meta property=\"article:published_time\" content=\"2022-11-07T21:08:00+00:00\" \/>\n<meta property=\"og:image\" content=\"https:\/\/lasentinelle.dz\/wp-content\/uploads\/2022\/11\/Stade-1024x576.png\" \/>\n\t<meta property=\"og:image:width\" content=\"1024\" \/>\n\t<meta property=\"og:image:height\" content=\"576\" \/>\n\t<meta property=\"og:image:type\" content=\"image\/png\" \/>\n<meta name=\"author\" content=\"La Sentinelle\" \/>\n<meta name=\"twitter:card\" content=\"summary_large_image\" \/>\n<meta name=\"twitter:label1\" content=\"\u00c9crit par\" \/>\n\t<meta name=\"twitter:data1\" content=\"La Sentinelle\" \/>\n\t<meta name=\"twitter:label2\" content=\"Dur\u00e9e de lecture estim\u00e9e\" \/>\n\t<meta name=\"twitter:data2\" content=\"3 minutes\" \/>\n<script type=\"application\/ld+json\" class=\"yoast-schema-graph\">{\"@context\":\"https:\\\/\\\/schema.org\",\"@graph\":[{\"@type\":\"Article\",\"@id\":\"https:\\\/\\\/lasentinelle.dz\\\/index.php\\\/2022\\\/11\\\/07\\\/des-stades-du-niveau-des-competitions-fifa-la-caf-encense-lalgerie\\\/#article\",\"isPartOf\":{\"@id\":\"https:\\\/\\\/lasentinelle.dz\\\/index.php\\\/2022\\\/11\\\/07\\\/des-stades-du-niveau-des-competitions-fifa-la-caf-encense-lalgerie\\\/\"},\"author\":{\"name\":\"La Sentinelle\",\"@id\":\"https:\\\/\\\/lasentinelle.dz\\\/#\\\/schema\\\/person\\\/d865044e22e70a75174ce8bcad3acfb3\"},\"headline\":\"Des stades du niveau des comp\u00e9titions FIFA\u00a0: La CAF encense l\u2019Alg\u00e9rie\",\"datePublished\":\"2022-11-07T21:08:00+00:00\",\"mainEntityOfPage\":{\"@id\":\"https:\\\/\\\/lasentinelle.dz\\\/index.php\\\/2022\\\/11\\\/07\\\/des-stades-du-niveau-des-competitions-fifa-la-caf-encense-lalgerie\\\/\"},\"wordCount\":639,\"commentCount\":0,\"publisher\":{\"@id\":\"https:\\\/\\\/lasentinelle.dz\\\/#organization\"},\"image\":{\"@id\":\"https:\\\/\\\/lasentinelle.dz\\\/index.php\\\/2022\\\/11\\\/07\\\/des-stades-du-niveau-des-competitions-fifa-la-caf-encense-lalgerie\\\/#primaryimage\"},\"thumbnailUrl\":\"https:\\\/\\\/lasentinelle.dz\\\/wp-content\\\/uploads\\\/2022\\\/11\\\/Stade.png\",\"articleSection\":[\"\u00c0 la Une\",\"Sports\"],\"inLanguage\":\"fr-FR\",\"potentialAction\":[{\"@type\":\"CommentAction\",\"name\":\"Comment\",\"target\":[\"https:\\\/\\\/lasentinelle.dz\\\/index.php\\\/2022\\\/11\\\/07\\\/des-stades-du-niveau-des-competitions-fifa-la-caf-encense-lalgerie\\\/#respond\"]}]},{\"@type\":\"WebPage\",\"@id\":\"https:\\\/\\\/lasentinelle.dz\\\/index.php\\\/2022\\\/11\\\/07\\\/des-stades-du-niveau-des-competitions-fifa-la-caf-encense-lalgerie\\\/\",\"url\":\"https:\\\/\\\/lasentinelle.dz\\\/index.php\\\/2022\\\/11\\\/07\\\/des-stades-du-niveau-des-competitions-fifa-la-caf-encense-lalgerie\\\/\",\"name\":\"Des stades du niveau des comp\u00e9titions FIFA\u00a0: La CAF encense l\u2019Alg\u00e9rie - La Sentinelle\",\"isPartOf\":{\"@id\":\"https:\\\/\\\/lasentinelle.dz\\\/#website\"},\"primaryImageOfPage\":{\"@id\":\"https:\\\/\\\/lasentinelle.dz\\\/index.php\\\/2022\\\/11\\\/07\\\/des-stades-du-niveau-des-competitions-fifa-la-caf-encense-lalgerie\\\/#primaryimage\"},\"image\":{\"@id\":\"https:\\\/\\\/lasentinelle.dz\\\/index.php\\\/2022\\\/11\\\/07\\\/des-stades-du-niveau-des-competitions-fifa-la-caf-encense-lalgerie\\\/#primaryimage\"},\"thumbnailUrl\":\"https:\\\/\\\/lasentinelle.dz\\\/wp-content\\\/uploads\\\/2022\\\/11\\\/Stade.png\",\"datePublished\":\"2022-11-07T21:08:00+00:00\",\"breadcrumb\":{\"@id\":\"https:\\\/\\\/lasentinelle.dz\\\/index.php\\\/2022\\\/11\\\/07\\\/des-stades-du-niveau-des-competitions-fifa-la-caf-encense-lalgerie\\\/#breadcrumb\"},\"inLanguage\":\"fr-FR\",\"potentialAction\":[{\"@type\":\"ReadAction\",\"target\":[\"https:\\\/\\\/lasentinelle.dz\\\/index.php\\\/2022\\\/11\\\/07\\\/des-stades-du-niveau-des-competitions-fifa-la-caf-encense-lalgerie\\\/\"]}]},{\"@type\":\"ImageObject\",\"inLanguage\":\"fr-FR\",\"@id\":\"https:\\\/\\\/lasentinelle.dz\\\/index.php\\\/2022\\\/11\\\/07\\\/des-stades-du-niveau-des-competitions-fifa-la-caf-encense-lalgerie\\\/#primaryimage\",\"url\":\"https:\\\/\\\/lasentinelle.dz\\\/wp-content\\\/uploads\\\/2022\\\/11\\\/Stade.png\",\"contentUrl\":\"https:\\\/\\\/lasentinelle.dz\\\/wp-content\\\/uploads\\\/2022\\\/11\\\/Stade.png\",\"width\":1600,\"height\":900},{\"@type\":\"BreadcrumbList\",\"@id\":\"https:\\\/\\\/lasentinelle.dz\\\/index.php\\\/2022\\\/11\\\/07\\\/des-stades-du-niveau-des-competitions-fifa-la-caf-encense-lalgerie\\\/#breadcrumb\",\"itemListElement\":[{\"@type\":\"ListItem\",\"position\":1,\"name\":\"Accueil\",\"item\":\"https:\\\/\\\/lasentinelle.dz\\\/\"},{\"@type\":\"ListItem\",\"position\":2,\"name\":\"Des stades du niveau des comp\u00e9titions FIFA\u00a0: La CAF encense l\u2019Alg\u00e9rie\"}]},{\"@type\":\"WebSite\",\"@id\":\"https:\\\/\\\/lasentinelle.dz\\\/#website\",\"url\":\"https:\\\/\\\/lasentinelle.dz\\\/\",\"name\":\"La Sentinelle\",\"description\":\"Quotidien national d&#039;information\",\"publisher\":{\"@id\":\"https:\\\/\\\/lasentinelle.dz\\\/#organization\"},\"potentialAction\":[{\"@type\":\"SearchAction\",\"target\":{\"@type\":\"EntryPoint\",\"urlTemplate\":\"https:\\\/\\\/lasentinelle.dz\\\/?s={search_term_string}\"},\"query-input\":{\"@type\":\"PropertyValueSpecification\",\"valueRequired\":true,\"valueName\":\"search_term_string\"}}],\"inLanguage\":\"fr-FR\"},{\"@type\":\"Organization\",\"@id\":\"https:\\\/\\\/lasentinelle.dz\\\/#organization\",\"name\":\"Quotidien La Sentinelle\",\"url\":\"https:\\\/\\\/lasentinelle.dz\\\/\",\"logo\":{\"@type\":\"ImageObject\",\"inLanguage\":\"fr-FR\",\"@id\":\"https:\\\/\\\/lasentinelle.dz\\\/#\\\/schema\\\/logo\\\/image\\\/\",\"url\":\"https:\\\/\\\/lasentinelle.dz\\\/wp-content\\\/uploads\\\/2021\\\/09\\\/logo-sentinelleSLOGAN-1.png\",\"contentUrl\":\"https:\\\/\\\/lasentinelle.dz\\\/wp-content\\\/uploads\\\/2021\\\/09\\\/logo-sentinelleSLOGAN-1.png\",\"width\":615,\"height\":142,\"caption\":\"Quotidien La Sentinelle\"},\"image\":{\"@id\":\"https:\\\/\\\/lasentinelle.dz\\\/#\\\/schema\\\/logo\\\/image\\\/\"},\"sameAs\":[\"https:\\\/\\\/www.facebook.com\\\/La-Sentinelle-104059864394773\"]},{\"@type\":\"Person\",\"@id\":\"https:\\\/\\\/lasentinelle.dz\\\/#\\\/schema\\\/person\\\/d865044e22e70a75174ce8bcad3acfb3\",\"name\":\"La Sentinelle\",\"image\":{\"@type\":\"ImageObject\",\"inLanguage\":\"fr-FR\",\"@id\":\"https:\\\/\\\/secure.gravatar.com\\\/avatar\\\/57de8e5d4b15d43fb361a71fbb36338450fe67865b528a43dd10ef7c51a20392?s=96&d=mm&r=g\",\"url\":\"https:\\\/\\\/secure.gravatar.com\\\/avatar\\\/57de8e5d4b15d43fb361a71fbb36338450fe67865b528a43dd10ef7c51a20392?s=96&d=mm&r=g\",\"contentUrl\":\"https:\\\/\\\/secure.gravatar.com\\\/avatar\\\/57de8e5d4b15d43fb361a71fbb36338450fe67865b528a43dd10ef7c51a20392?s=96&d=mm&r=g\",\"caption\":\"La Sentinelle\"},\"sameAs\":[\"http:\\\/\\\/www.lasentinelle.dz\"],\"url\":\"https:\\\/\\\/lasentinelle.dz\\\/author\\\/redaction\\\/\"}]}<\/script>\n<!-- \/ Yoast SEO plugin. -->","yoast_head_json":{"title":"Des stades du niveau des comp\u00e9titions FIFA\u00a0: La CAF encense l\u2019Alg\u00e9rie - La Sentinelle","robots":{"index":"index","follow":"follow","max-snippet":"max-snippet:-1","max-image-preview":"max-image-preview:large","max-video-preview":"max-video-preview:-1"},"canonical":"https:\/\/lasentinelle.dz\/index.php\/2022\/11\/07\/des-stades-du-niveau-des-competitions-fifa-la-caf-encense-lalgerie\/","og_locale":"fr_FR","og_type":"article","og_title":"Des stades du niveau des comp\u00e9titions FIFA\u00a0: La CAF encense l\u2019Alg\u00e9rie - La Sentinelle","og_description":"Candidate pour l\u2019organisation de la Coupe d\u2019Afrique des Nations-2025, l\u2019Alg\u00e9rie cumule les bons points. L\u2019organisation du prochain CHAN en Alg\u00e9rie","og_url":"https:\/\/lasentinelle.dz\/index.php\/2022\/11\/07\/des-stades-du-niveau-des-competitions-fifa-la-caf-encense-lalgerie\/","og_site_name":"La Sentinelle","article_publisher":"https:\/\/www.facebook.com\/La-Sentinelle-104059864394773","article_published_time":"2022-11-07T21:08:00+00:00","og_image":[{"width":1024,"height":576,"url":"https:\/\/lasentinelle.dz\/wp-content\/uploads\/2022\/11\/Stade-1024x576.png","type":"image\/png"}],"author":"La Sentinelle","twitter_card":"summary_large_image","twitter_misc":{"\u00c9crit par":"La Sentinelle","Dur\u00e9e de lecture estim\u00e9e":"3 minutes"},"schema":{"@context":"https:\/\/schema.org","@graph":[{"@type":"Article","@id":"https:\/\/lasentinelle.dz\/index.php\/2022\/11\/07\/des-stades-du-niveau-des-competitions-fifa-la-caf-encense-lalgerie\/#article","isPartOf":{"@id":"https:\/\/lasentinelle.dz\/index.php\/2022\/11\/07\/des-stades-du-niveau-des-competitions-fifa-la-caf-encense-lalgerie\/"},"author":{"name":"La Sentinelle","@id":"https:\/\/lasentinelle.dz\/#\/schema\/person\/d865044e22e70a75174ce8bcad3acfb3"},"headline":"Des stades du niveau des comp\u00e9titions FIFA\u00a0: La CAF encense l\u2019Alg\u00e9rie","datePublished":"2022-11-07T21:08:00+00:00","mainEntityOfPage":{"@id":"https:\/\/lasentinelle.dz\/index.php\/2022\/11\/07\/des-stades-du-niveau-des-competitions-fifa-la-caf-encense-lalgerie\/"},"wordCount":639,"commentCount":0,"publisher":{"@id":"https:\/\/lasentinelle.dz\/#organization"},"image":{"@id":"https:\/\/lasentinelle.dz\/index.php\/2022\/11\/07\/des-stades-du-niveau-des-competitions-fifa-la-caf-encense-lalgerie\/#primaryimage"},"thumbnailUrl":"https:\/\/lasentinelle.dz\/wp-content\/uploads\/2022\/11\/Stade.png","articleSection":["\u00c0 la Une","Sports"],"inLanguage":"fr-FR","potentialAction":[{"@type":"CommentAction","name":"Comment","target":["https:\/\/lasentinelle.dz\/index.php\/2022\/11\/07\/des-stades-du-niveau-des-competitions-fifa-la-caf-encense-lalgerie\/#respond"]}]},{"@type":"WebPage","@id":"https:\/\/lasentinelle.dz\/index.php\/2022\/11\/07\/des-stades-du-niveau-des-competitions-fifa-la-caf-encense-lalgerie\/","url":"https:\/\/lasentinelle.dz\/index.php\/2022\/11\/07\/des-stades-du-niveau-des-competitions-fifa-la-caf-encense-lalgerie\/","name":"Des stades du niveau des comp\u00e9titions FIFA\u00a0: La CAF encense l\u2019Alg\u00e9rie - La Sentinelle","isPartOf":{"@id":"https:\/\/lasentinelle.dz\/#website"},"primaryImageOfPage":{"@id":"https:\/\/lasentinelle.dz\/index.php\/2022\/11\/07\/des-stades-du-niveau-des-competitions-fifa-la-caf-encense-lalgerie\/#primaryimage"},"image":{"@id":"https:\/\/lasentinelle.dz\/index.php\/2022\/11\/07\/des-stades-du-niveau-des-competitions-fifa-la-caf-encense-lalgerie\/#primaryimage"},"thumbnailUrl":"https:\/\/lasentinelle.dz\/wp-content\/uploads\/2022\/11\/Stade.png","datePublished":"2022-11-07T21:08:00+00:00","breadcrumb":{"@id":"https:\/\/lasentinelle.dz\/index.php\/2022\/11\/07\/des-stades-du-niveau-des-competitions-fifa-la-caf-encense-lalgerie\/#breadcrumb"},"inLanguage":"fr-FR","potentialAction":[{"@type":"ReadAction","target":["https:\/\/lasentinelle.dz\/index.php\/2022\/11\/07\/des-stades-du-niveau-des-competitions-fifa-la-caf-encense-lalgerie\/"]}]},{"@type":"ImageObject","inLanguage":"fr-FR","@id":"https:\/\/lasentinelle.dz\/index.php\/2022\/11\/07\/des-stades-du-niveau-des-competitions-fifa-la-caf-encense-lalgerie\/#primaryimage","url":"https:\/\/lasentinelle.dz\/wp-content\/uploads\/2022\/11\/Stade.png","contentUrl":"https:\/\/lasentinelle.dz\/wp-content\/uploads\/2022\/11\/Stade.png","width":1600,"height":900},{"@type":"BreadcrumbList","@id":"https:\/\/lasentinelle.dz\/index.php\/2022\/11\/07\/des-stades-du-niveau-des-competitions-fifa-la-caf-encense-lalgerie\/#breadcrumb","itemListElement":[{"@type":"ListItem","position":1,"name":"Accueil","item":"https:\/\/lasentinelle.dz\/"},{"@type":"ListItem","position":2,"name":"Des stades du niveau des comp\u00e9titions FIFA\u00a0: La CAF encense l\u2019Alg\u00e9rie"}]},{"@type":"WebSite","@id":"https:\/\/lasentinelle.dz\/#website","url":"https:\/\/lasentinelle.dz\/","name":"La Sentinelle","description":"Quotidien national d&#039;information","publisher":{"@id":"https:\/\/lasentinelle.dz\/#organization"},"potentialAction":[{"@type":"SearchAction","target":{"@type":"EntryPoint","urlTemplate":"https:\/\/lasentinelle.dz\/?s={search_term_string}"},"query-input":{"@type":"PropertyValueSpecification","valueRequired":true,"valueName":"search_term_string"}}],"inLanguage":"fr-FR"},{"@type":"Organization","@id":"https:\/\/lasentinelle.dz\/#organization","name":"Quotidien La Sentinelle","url":"https:\/\/lasentinelle.dz\/","logo":{"@type":"ImageObject","inLanguage":"fr-FR","@id":"https:\/\/lasentinelle.dz\/#\/schema\/logo\/image\/","url":"https:\/\/lasentinelle.dz\/wp-content\/uploads\/2021\/09\/logo-sentinelleSLOGAN-1.png","contentUrl":"https:\/\/lasentinelle.dz\/wp-content\/uploads\/2021\/09\/logo-sentinelleSLOGAN-1.png","width":615,"height":142,"caption":"Quotidien La Sentinelle"},"image":{"@id":"https:\/\/lasentinelle.dz\/#\/schema\/logo\/image\/"},"sameAs":["https:\/\/www.facebook.com\/La-Sentinelle-104059864394773"]},{"@type":"Person","@id":"https:\/\/lasentinelle.dz\/#\/schema\/person\/d865044e22e70a75174ce8bcad3acfb3","name":"La Sentinelle","image":{"@type":"ImageObject","inLanguage":"fr-FR","@id":"https:\/\/secure.gravatar.com\/avatar\/57de8e5d4b15d43fb361a71fbb36338450fe67865b528a43dd10ef7c51a20392?s=96&d=mm&r=g","url":"https:\/\/secure.gravatar.com\/avatar\/57de8e5d4b15d43fb361a71fbb36338450fe67865b528a43dd10ef7c51a20392?s=96&d=mm&r=g","contentUrl":"https:\/\/secure.gravatar.com\/avatar\/57de8e5d4b15d43fb361a71fbb36338450fe67865b528a43dd10ef7c51a20392?s=96&d=mm&r=g","caption":"La Sentinelle"},"sameAs":["http:\/\/www.lasentinelle.dz"],"url":"https:\/\/lasentinelle.dz\/author\/redaction\/"}]}},"_links":{"self":[{"href":"https:\/\/lasentinelle.dz\/index.php\/wp-json\/wp\/v2\/posts\/30301","targetHints":{"allow":["GET"]}}],"collection":[{"href":"https:\/\/lasentinelle.dz\/index.php\/wp-json\/wp\/v2\/posts"}],"about":[{"href":"https:\/\/lasentinelle.dz\/index.php\/wp-json\/wp\/v2\/types\/post"}],"author":[{"embeddable":true,"href":"https:\/\/lasentinelle.dz\/index.php\/wp-json\/wp\/v2\/users\/3"}],"replies":[{"embeddable":true,"href":"https:\/\/lasentinelle.dz\/index.php\/wp-json\/wp\/v2\/comments?post=30301"}],"version-history":[{"count":1,"href":"https:\/\/lasentinelle.dz\/index.php\/wp-json\/wp\/v2\/posts\/30301\/revisions"}],"predecessor-version":[{"id":30303,"href":"https:\/\/lasentinelle.dz\/index.php\/wp-json\/wp\/v2\/posts\/30301\/revisions\/30303"}],"wp:featuredmedia":[{"embeddable":true,"href":"https:\/\/lasentinelle.dz\/index.php\/wp-json\/wp\/v2\/media\/30302"}],"wp:attachment":[{"href":"https:\/\/lasentinelle.dz\/index.php\/wp-json\/wp\/v2\/media?parent=30301"}],"wp:term":[{"taxonomy":"category","embeddable":true,"href":"https:\/\/lasentinelle.dz\/index.php\/wp-json\/wp\/v2\/categories?post=30301"},{"taxonomy":"post_tag","embeddable":true,"href":"https:\/\/lasentinelle.dz\/index.php\/wp-json\/wp\/v2\/tags?post=30301"}],"curies":[{"name":"wp","href":"https:\/\/api.w.org\/{rel}","templated":true}]}}