{"id":30332,"date":"2022-11-07T22:05:00","date_gmt":"2022-11-07T21:05:00","guid":{"rendered":"https:\/\/lasentinelle.dz\/?p=30332"},"modified":"2022-11-07T22:04:43","modified_gmt":"2022-11-07T21:04:43","slug":"leila-zerrouki-envoyee-speciale-chargee-des-grands-partenariats-internationaux-au-mae-redynamiser-le-role-de-la-ligue-arabe-dans-la-prevention-des-conflits","status":"publish","type":"post","link":"https:\/\/lasentinelle.dz\/index.php\/2022\/11\/07\/leila-zerrouki-envoyee-speciale-chargee-des-grands-partenariats-internationaux-au-mae-redynamiser-le-role-de-la-ligue-arabe-dans-la-prevention-des-conflits\/","title":{"rendered":"Leila Zerrouki, Envoy\u00e9e sp\u00e9ciale charg\u00e9e des grands partenariats internationaux au MAE\u00a0: Redynamiser le r\u00f4le de la Ligue arabe dans la pr\u00e9vention des conflits"},"content":{"rendered":"\n<p>L&rsquo;Envoy\u00e9e sp\u00e9ciale charg\u00e9e des grands partenariats internationaux au minist\u00e8re des Affaires \u00e9trang\u00e8res et de la Communaut\u00e9 nationale \u00e0 l&rsquo;\u00e9tranger, Leila Zerrouki, s&rsquo;est f\u00e9licit\u00e9e des d\u00e9cisions importantes ayant sanctionn\u00e9 le Sommet arabe d&rsquo;Alger, portant activation de l&rsquo;action arabe commune, relevant l&rsquo;imp\u00e9ratif d&rsquo;acc\u00e9l\u00e9rer la concr\u00e9tisation de ses conclusions, dont la redynamisation du r\u00f4le de la Ligue arabe dans la pr\u00e9vention contre les conflits.Invit\u00e9e du Forum de la Radio alg\u00e9rienne Mme Zerrouki a fait savoir, lundi, que \u00ab\u00a0la D\u00e9claration d&rsquo;Alger\u00a0\u00bb ayant sanctionn\u00e9 le 31e Sommet arabe \u00e9tait \u00ab\u00a0riche et a inclus plusieurs questions ayant trait \u00e0 la nation et aux peuples arabes, que \u00e7a soit sur les plans politique, \u00e9conomique ou social\u00a0\u00bb.<\/p>\n\n\n\n<p>Elle a ajout\u00e9 que le sommet a ent\u00e9rin\u00e9 les propositions soumises par l&rsquo;Alg\u00e9rie pour r\u00e9former le travail et les performances de la Ligue arabe et activer son r\u00f4le dans l&rsquo;examen et le traitement des diff\u00e9rentes questions qui pr\u00e9occupent l&rsquo;opinion publique arabe, et ce, apr\u00e8s plus de six mois de pr\u00e9paration et consultations avec le Secr\u00e9tariat g\u00e9n\u00e9ral de la Ligue des \u00c9tats arabes ainsi que les \u00c9tats membres.<\/p>\n\n\n\n<p>La m\u00eame intervenante a estim\u00e9 que l&rsquo;un des signes les plus marquants du succ\u00e8s de ce sommet est le consensus arabe sur le retour de la question palestinienne au premier plan de l&rsquo;attention, et cela s&rsquo;est d&rsquo;abord manifest\u00e9 \u00e0 travers l&rsquo;unification des factions palestiniennes et la cr\u00e9ation d&rsquo;un comit\u00e9 ouvert dirig\u00e9 par l\u2019Alg\u00e9rie dans le but de mobiliser le soutien de la majorit\u00e9 des membres de la communaut\u00e9 internationale pour accorder \u00e0 la Palestine une adh\u00e9sion en tant que membre \u00e0 part enti\u00e8re au sein de l&rsquo;ONU.<\/p>\n\n\n\n<p>Elle a d\u00e9clar\u00e9 : \u00ab Nous sommes conscients que le chemin vers la r\u00e9alisation de cet objectif sera long et ardu, d&rsquo;autant plus qu&rsquo;il y a trois membres permanents du Conseil de s\u00e9curit\u00e9 de l&rsquo;ONU qui ne reconnaissent pas encore l&rsquo;\u00c9tat de Palestine, malgr\u00e9 le fait que 138 sur 193 des \u00c9tats membres qui ont le droit de vote soutiennent cette question. \u00bbApr\u00e8s avoir soulign\u00e9 que le Sommet arabe avait insist\u00e9 sur l&rsquo;adoption et le soutien \u00e0 l&rsquo;approche de l&rsquo;Etat de Palestine pour obtenir la qualit\u00e9 de membre \u00e0 part enti\u00e8re aux Nations unies, elle a mis l&rsquo;accent sur l&rsquo;imp\u00e9ratif de mettre en \u0153uvre cet effort.<\/p>\n\n\n\n<p>Dans son intervention, Mme Zerrouki a \u00e9voqu\u00e9 les conflits qui se d\u00e9roulent dans certains pays arabes, qui ont \u00e9t\u00e9 au centre d&rsquo;int\u00e9r\u00eat des dirigeants arabes \u00e0 Alger, comme la Libye, le Soudan et le Y\u00e9men, en s&rsquo;accordant sur la n\u00e9cessit\u00e9 de les surmonter et d&rsquo;\u0153uvrer ensemble \u00e0 leur r\u00e9solution.A cet effet, elle a salu\u00e9 le consensus arabe sur la n\u00e9cessit\u00e9 de r\u00e9soudre ces conflits par des solutions arabes et de r\u00e9unir les bellig\u00e9rants, loin des ing\u00e9rences \u00e9trang\u00e8res qui sont \u00e0 m\u00eame d&rsquo;aggraver la situation, citant \u00e0 cet \u00e9gard le nouveau m\u00e9canisme qui a \u00e9t\u00e9 cr\u00e9\u00e9 et dont la mission est de jouer un r\u00f4le proactif pour \u00e9viter les conflits.Evoquant le volet \u00e9conomique et le contenu du sommet d&rsquo;Alger \u00e0 cet \u00e9gard, Mme Zerrouki a pr\u00e9cis\u00e9 que \u00ab\u00a0les relations entre les pays ne peuvent \u00eatre renforc\u00e9es s&rsquo;il n&rsquo;y a pas d&rsquo;int\u00e9r\u00eats \u00e9conomiques communs\u00a0\u00bb.En cons\u00e9quence, les pays arabes -ajoute Mme Zerrouki- \u00ab\u00a0doivent travailler en groupe et utiliser leurs capacit\u00e9s de mani\u00e8re rationnelle et coh\u00e9rente pour assurer l&rsquo;int\u00e9r\u00eat et le bien-\u00eatre de leur peuples, y compris leur s\u00e9curit\u00e9 alimentaire\u00a0\u00bb. Elle a estim\u00e9 que les pays arabes disposent d&rsquo;\u00e9normes capacit\u00e9s \u00e9conomiques et financi\u00e8res qui peuvent contribuer \u00e0 former un espace arabe d&rsquo;\u00e9change et de coop\u00e9ration dans de nombreux domaines.Dans ce contexte, elle a indiqu\u00e9 que le sommet a charg\u00e9 le Secr\u00e9tariat g\u00e9n\u00e9ral de la Ligue des \u00c9tats arabes de pr\u00e9parer les bases d&rsquo;une strat\u00e9gie arabe dans le domaine alimentaire \u00e0 soumettre aux travaux du prochain sommet pour approbation, notant qu&rsquo;il existe de grandes opportunit\u00e9s pour le Soudan de devenir le grenier du monde arabe, ainsi que la disponibilit\u00e9 de l&rsquo;Alg\u00e9rie qui a de grandes r\u00e9serves dans le domaine des eaux souterraines \u00e0 contribuer \u00e0 r\u00e9duire la crise de l&rsquo;eau dans la r\u00e9gion.<\/p>\n\n\n\n<p>L&rsquo;envoy\u00e9e sp\u00e9cial charg\u00e9 des grands partenariats a \u00e9galement \u00e9voqu\u00e9 l&rsquo;approbation par le sommet de l&rsquo;importance d&rsquo;adopter la proposition de l&rsquo;Alg\u00e9rie d&rsquo;impliquer la soci\u00e9t\u00e9 civile dans l&rsquo;action arabe commune pour la premi\u00e8re fois dans l&rsquo;histoire des sommets arabes, en particulier en activant le r\u00f4le de la jeunesse.<\/p>\n\n\n\n<p><strong>Chokri Hafed<\/strong><\/p>\n","protected":false},"excerpt":{"rendered":"<p>L&rsquo;Envoy\u00e9e sp\u00e9ciale charg\u00e9e des grands partenariats internationaux au minist\u00e8re des Affaires \u00e9trang\u00e8res et de la Communaut\u00e9 nationale \u00e0 l&rsquo;\u00e9tranger, Leila<\/p>\n","protected":false},"author":3,"featured_media":30339,"comment_status":"open","ping_status":"closed","sticky":false,"template":"","format":"standard","meta":{"colormag_page_container_layout":"default_layout","colormag_page_sidebar_layout":"default_layout","om_disable_all_campaigns":false,"_monsterinsights_skip_tracking":false,"_monsterinsights_sitenote_active":false,"_monsterinsights_sitenote_note":"","_monsterinsights_sitenote_category":0,"footnotes":"","_wpscppro_dont_share_socialmedia":false,"_wpscppro_custom_social_share_image":0,"_facebook_share_type":"","_twitter_share_type":"","_linkedin_share_type":"","_pinterest_share_type":"","_linkedin_share_type_page":"","_instagram_share_type":"","_medium_share_type":"","_threads_share_type":"","_google_business_share_type":"","_selected_social_profile":[],"_wpsp_enable_custom_social_template":false,"_wpsp_social_scheduling":{"enabled":false,"datetime":null,"platforms":[],"status":"template_only","dateOption":"today","timeOption":"now","customDays":"","customHours":"","customDate":"","customTime":"","schedulingType":"absolute"},"_wpsp_active_default_template":true},"categories":[27],"tags":[],"class_list":["post-30332","post","type-post","status-publish","format-standard","has-post-thumbnail","hentry","category-actualite"],"aioseo_notices":[],"yoast_head":"<!-- This site is optimized with the Yoast SEO plugin v27.5 - https:\/\/yoast.com\/product\/yoast-seo-wordpress\/ -->\n<title>Leila Zerrouki, Envoy\u00e9e sp\u00e9ciale charg\u00e9e des grands partenariats internationaux au MAE\u00a0: Redynamiser le r\u00f4le de la Ligue arabe dans la pr\u00e9vention des conflits - La Sentinelle<\/title>\n<meta name=\"robots\" content=\"index, follow, max-snippet:-1, max-image-preview:large, max-video-preview:-1\" \/>\n<link rel=\"canonical\" href=\"https:\/\/lasentinelle.dz\/index.php\/2022\/11\/07\/leila-zerrouki-envoyee-speciale-chargee-des-grands-partenariats-internationaux-au-mae-redynamiser-le-role-de-la-ligue-arabe-dans-la-prevention-des-conflits\/\" \/>\n<meta property=\"og:locale\" content=\"fr_FR\" \/>\n<meta property=\"og:type\" content=\"article\" \/>\n<meta property=\"og:title\" content=\"Leila Zerrouki, Envoy\u00e9e sp\u00e9ciale charg\u00e9e des grands partenariats internationaux au MAE\u00a0: Redynamiser le r\u00f4le de la Ligue arabe dans la pr\u00e9vention des conflits - La Sentinelle\" \/>\n<meta property=\"og:description\" content=\"L&rsquo;Envoy\u00e9e sp\u00e9ciale charg\u00e9e des grands partenariats internationaux au minist\u00e8re des Affaires \u00e9trang\u00e8res et de la Communaut\u00e9 nationale \u00e0 l&rsquo;\u00e9tranger, Leila\" \/>\n<meta property=\"og:url\" content=\"https:\/\/lasentinelle.dz\/index.php\/2022\/11\/07\/leila-zerrouki-envoyee-speciale-chargee-des-grands-partenariats-internationaux-au-mae-redynamiser-le-role-de-la-ligue-arabe-dans-la-prevention-des-conflits\/\" \/>\n<meta property=\"og:site_name\" content=\"La Sentinelle\" \/>\n<meta property=\"article:publisher\" content=\"https:\/\/www.facebook.com\/La-Sentinelle-104059864394773\" \/>\n<meta property=\"article:published_time\" content=\"2022-11-07T21:05:00+00:00\" \/>\n<meta property=\"og:image\" content=\"https:\/\/lasentinelle.dz\/wp-content\/uploads\/2022\/11\/image_2022-11-07_220328286.png\" \/>\n\t<meta property=\"og:image:width\" content=\"580\" \/>\n\t<meta property=\"og:image:height\" content=\"350\" \/>\n\t<meta property=\"og:image:type\" content=\"image\/png\" \/>\n<meta name=\"author\" content=\"La Sentinelle\" \/>\n<meta name=\"twitter:card\" content=\"summary_large_image\" \/>\n<meta name=\"twitter:label1\" content=\"\u00c9crit par\" \/>\n\t<meta name=\"twitter:data1\" content=\"La Sentinelle\" \/>\n\t<meta name=\"twitter:label2\" content=\"Dur\u00e9e de lecture estim\u00e9e\" \/>\n\t<meta name=\"twitter:data2\" content=\"4 minutes\" \/>\n<script type=\"application\/ld+json\" class=\"yoast-schema-graph\">{\"@context\":\"https:\\\/\\\/schema.org\",\"@graph\":[{\"@type\":\"Article\",\"@id\":\"https:\\\/\\\/lasentinelle.dz\\\/index.php\\\/2022\\\/11\\\/07\\\/leila-zerrouki-envoyee-speciale-chargee-des-grands-partenariats-internationaux-au-mae-redynamiser-le-role-de-la-ligue-arabe-dans-la-prevention-des-conflits\\\/#article\",\"isPartOf\":{\"@id\":\"https:\\\/\\\/lasentinelle.dz\\\/index.php\\\/2022\\\/11\\\/07\\\/leila-zerrouki-envoyee-speciale-chargee-des-grands-partenariats-internationaux-au-mae-redynamiser-le-role-de-la-ligue-arabe-dans-la-prevention-des-conflits\\\/\"},\"author\":{\"name\":\"La Sentinelle\",\"@id\":\"https:\\\/\\\/lasentinelle.dz\\\/#\\\/schema\\\/person\\\/d865044e22e70a75174ce8bcad3acfb3\"},\"headline\":\"Leila Zerrouki, Envoy\u00e9e sp\u00e9ciale charg\u00e9e des grands partenariats internationaux au MAE\u00a0: Redynamiser le r\u00f4le de la Ligue arabe dans la pr\u00e9vention des conflits\",\"datePublished\":\"2022-11-07T21:05:00+00:00\",\"mainEntityOfPage\":{\"@id\":\"https:\\\/\\\/lasentinelle.dz\\\/index.php\\\/2022\\\/11\\\/07\\\/leila-zerrouki-envoyee-speciale-chargee-des-grands-partenariats-internationaux-au-mae-redynamiser-le-role-de-la-ligue-arabe-dans-la-prevention-des-conflits\\\/\"},\"wordCount\":855,\"commentCount\":0,\"publisher\":{\"@id\":\"https:\\\/\\\/lasentinelle.dz\\\/#organization\"},\"image\":{\"@id\":\"https:\\\/\\\/lasentinelle.dz\\\/index.php\\\/2022\\\/11\\\/07\\\/leila-zerrouki-envoyee-speciale-chargee-des-grands-partenariats-internationaux-au-mae-redynamiser-le-role-de-la-ligue-arabe-dans-la-prevention-des-conflits\\\/#primaryimage\"},\"thumbnailUrl\":\"https:\\\/\\\/lasentinelle.dz\\\/wp-content\\\/uploads\\\/2022\\\/11\\\/image_2022-11-07_220328286.png\",\"articleSection\":[\"Actualit\u00e9\"],\"inLanguage\":\"fr-FR\",\"potentialAction\":[{\"@type\":\"CommentAction\",\"name\":\"Comment\",\"target\":[\"https:\\\/\\\/lasentinelle.dz\\\/index.php\\\/2022\\\/11\\\/07\\\/leila-zerrouki-envoyee-speciale-chargee-des-grands-partenariats-internationaux-au-mae-redynamiser-le-role-de-la-ligue-arabe-dans-la-prevention-des-conflits\\\/#respond\"]}]},{\"@type\":\"WebPage\",\"@id\":\"https:\\\/\\\/lasentinelle.dz\\\/index.php\\\/2022\\\/11\\\/07\\\/leila-zerrouki-envoyee-speciale-chargee-des-grands-partenariats-internationaux-au-mae-redynamiser-le-role-de-la-ligue-arabe-dans-la-prevention-des-conflits\\\/\",\"url\":\"https:\\\/\\\/lasentinelle.dz\\\/index.php\\\/2022\\\/11\\\/07\\\/leila-zerrouki-envoyee-speciale-chargee-des-grands-partenariats-internationaux-au-mae-redynamiser-le-role-de-la-ligue-arabe-dans-la-prevention-des-conflits\\\/\",\"name\":\"Leila Zerrouki, Envoy\u00e9e sp\u00e9ciale charg\u00e9e des grands partenariats internationaux au MAE\u00a0: Redynamiser le r\u00f4le de la Ligue arabe dans la pr\u00e9vention des conflits - La Sentinelle\",\"isPartOf\":{\"@id\":\"https:\\\/\\\/lasentinelle.dz\\\/#website\"},\"primaryImageOfPage\":{\"@id\":\"https:\\\/\\\/lasentinelle.dz\\\/index.php\\\/2022\\\/11\\\/07\\\/leila-zerrouki-envoyee-speciale-chargee-des-grands-partenariats-internationaux-au-mae-redynamiser-le-role-de-la-ligue-arabe-dans-la-prevention-des-conflits\\\/#primaryimage\"},\"image\":{\"@id\":\"https:\\\/\\\/lasentinelle.dz\\\/index.php\\\/2022\\\/11\\\/07\\\/leila-zerrouki-envoyee-speciale-chargee-des-grands-partenariats-internationaux-au-mae-redynamiser-le-role-de-la-ligue-arabe-dans-la-prevention-des-conflits\\\/#primaryimage\"},\"thumbnailUrl\":\"https:\\\/\\\/lasentinelle.dz\\\/wp-content\\\/uploads\\\/2022\\\/11\\\/image_2022-11-07_220328286.png\",\"datePublished\":\"2022-11-07T21:05:00+00:00\",\"breadcrumb\":{\"@id\":\"https:\\\/\\\/lasentinelle.dz\\\/index.php\\\/2022\\\/11\\\/07\\\/leila-zerrouki-envoyee-speciale-chargee-des-grands-partenariats-internationaux-au-mae-redynamiser-le-role-de-la-ligue-arabe-dans-la-prevention-des-conflits\\\/#breadcrumb\"},\"inLanguage\":\"fr-FR\",\"potentialAction\":[{\"@type\":\"ReadAction\",\"target\":[\"https:\\\/\\\/lasentinelle.dz\\\/index.php\\\/2022\\\/11\\\/07\\\/leila-zerrouki-envoyee-speciale-chargee-des-grands-partenariats-internationaux-au-mae-redynamiser-le-role-de-la-ligue-arabe-dans-la-prevention-des-conflits\\\/\"]}]},{\"@type\":\"ImageObject\",\"inLanguage\":\"fr-FR\",\"@id\":\"https:\\\/\\\/lasentinelle.dz\\\/index.php\\\/2022\\\/11\\\/07\\\/leila-zerrouki-envoyee-speciale-chargee-des-grands-partenariats-internationaux-au-mae-redynamiser-le-role-de-la-ligue-arabe-dans-la-prevention-des-conflits\\\/#primaryimage\",\"url\":\"https:\\\/\\\/lasentinelle.dz\\\/wp-content\\\/uploads\\\/2022\\\/11\\\/image_2022-11-07_220328286.png\",\"contentUrl\":\"https:\\\/\\\/lasentinelle.dz\\\/wp-content\\\/uploads\\\/2022\\\/11\\\/image_2022-11-07_220328286.png\",\"width\":580,\"height\":350},{\"@type\":\"BreadcrumbList\",\"@id\":\"https:\\\/\\\/lasentinelle.dz\\\/index.php\\\/2022\\\/11\\\/07\\\/leila-zerrouki-envoyee-speciale-chargee-des-grands-partenariats-internationaux-au-mae-redynamiser-le-role-de-la-ligue-arabe-dans-la-prevention-des-conflits\\\/#breadcrumb\",\"itemListElement\":[{\"@type\":\"ListItem\",\"position\":1,\"name\":\"Accueil\",\"item\":\"https:\\\/\\\/lasentinelle.dz\\\/\"},{\"@type\":\"ListItem\",\"position\":2,\"name\":\"Leila Zerrouki, Envoy\u00e9e sp\u00e9ciale charg\u00e9e des grands partenariats internationaux au MAE\u00a0: Redynamiser le r\u00f4le de la Ligue arabe dans la pr\u00e9vention des conflits\"}]},{\"@type\":\"WebSite\",\"@id\":\"https:\\\/\\\/lasentinelle.dz\\\/#website\",\"url\":\"https:\\\/\\\/lasentinelle.dz\\\/\",\"name\":\"La Sentinelle\",\"description\":\"Quotidien national d&#039;information\",\"publisher\":{\"@id\":\"https:\\\/\\\/lasentinelle.dz\\\/#organization\"},\"potentialAction\":[{\"@type\":\"SearchAction\",\"target\":{\"@type\":\"EntryPoint\",\"urlTemplate\":\"https:\\\/\\\/lasentinelle.dz\\\/?s={search_term_string}\"},\"query-input\":{\"@type\":\"PropertyValueSpecification\",\"valueRequired\":true,\"valueName\":\"search_term_string\"}}],\"inLanguage\":\"fr-FR\"},{\"@type\":\"Organization\",\"@id\":\"https:\\\/\\\/lasentinelle.dz\\\/#organization\",\"name\":\"Quotidien La Sentinelle\",\"url\":\"https:\\\/\\\/lasentinelle.dz\\\/\",\"logo\":{\"@type\":\"ImageObject\",\"inLanguage\":\"fr-FR\",\"@id\":\"https:\\\/\\\/lasentinelle.dz\\\/#\\\/schema\\\/logo\\\/image\\\/\",\"url\":\"https:\\\/\\\/lasentinelle.dz\\\/wp-content\\\/uploads\\\/2021\\\/09\\\/logo-sentinelleSLOGAN-1.png\",\"contentUrl\":\"https:\\\/\\\/lasentinelle.dz\\\/wp-content\\\/uploads\\\/2021\\\/09\\\/logo-sentinelleSLOGAN-1.png\",\"width\":615,\"height\":142,\"caption\":\"Quotidien La Sentinelle\"},\"image\":{\"@id\":\"https:\\\/\\\/lasentinelle.dz\\\/#\\\/schema\\\/logo\\\/image\\\/\"},\"sameAs\":[\"https:\\\/\\\/www.facebook.com\\\/La-Sentinelle-104059864394773\"]},{\"@type\":\"Person\",\"@id\":\"https:\\\/\\\/lasentinelle.dz\\\/#\\\/schema\\\/person\\\/d865044e22e70a75174ce8bcad3acfb3\",\"name\":\"La Sentinelle\",\"image\":{\"@type\":\"ImageObject\",\"inLanguage\":\"fr-FR\",\"@id\":\"https:\\\/\\\/secure.gravatar.com\\\/avatar\\\/57de8e5d4b15d43fb361a71fbb36338450fe67865b528a43dd10ef7c51a20392?s=96&d=mm&r=g\",\"url\":\"https:\\\/\\\/secure.gravatar.com\\\/avatar\\\/57de8e5d4b15d43fb361a71fbb36338450fe67865b528a43dd10ef7c51a20392?s=96&d=mm&r=g\",\"contentUrl\":\"https:\\\/\\\/secure.gravatar.com\\\/avatar\\\/57de8e5d4b15d43fb361a71fbb36338450fe67865b528a43dd10ef7c51a20392?s=96&d=mm&r=g\",\"caption\":\"La Sentinelle\"},\"sameAs\":[\"http:\\\/\\\/www.lasentinelle.dz\"],\"url\":\"https:\\\/\\\/lasentinelle.dz\\\/author\\\/redaction\\\/\"}]}<\/script>\n<!-- \/ Yoast SEO plugin. -->","yoast_head_json":{"title":"Leila Zerrouki, Envoy\u00e9e sp\u00e9ciale charg\u00e9e des grands partenariats internationaux au MAE\u00a0: Redynamiser le r\u00f4le de la Ligue arabe dans la pr\u00e9vention des conflits - La Sentinelle","robots":{"index":"index","follow":"follow","max-snippet":"max-snippet:-1","max-image-preview":"max-image-preview:large","max-video-preview":"max-video-preview:-1"},"canonical":"https:\/\/lasentinelle.dz\/index.php\/2022\/11\/07\/leila-zerrouki-envoyee-speciale-chargee-des-grands-partenariats-internationaux-au-mae-redynamiser-le-role-de-la-ligue-arabe-dans-la-prevention-des-conflits\/","og_locale":"fr_FR","og_type":"article","og_title":"Leila Zerrouki, Envoy\u00e9e sp\u00e9ciale charg\u00e9e des grands partenariats internationaux au MAE\u00a0: Redynamiser le r\u00f4le de la Ligue arabe dans la pr\u00e9vention des conflits - La Sentinelle","og_description":"L&rsquo;Envoy\u00e9e sp\u00e9ciale charg\u00e9e des grands partenariats internationaux au minist\u00e8re des Affaires \u00e9trang\u00e8res et de la Communaut\u00e9 nationale \u00e0 l&rsquo;\u00e9tranger, Leila","og_url":"https:\/\/lasentinelle.dz\/index.php\/2022\/11\/07\/leila-zerrouki-envoyee-speciale-chargee-des-grands-partenariats-internationaux-au-mae-redynamiser-le-role-de-la-ligue-arabe-dans-la-prevention-des-conflits\/","og_site_name":"La Sentinelle","article_publisher":"https:\/\/www.facebook.com\/La-Sentinelle-104059864394773","article_published_time":"2022-11-07T21:05:00+00:00","og_image":[{"width":580,"height":350,"url":"https:\/\/lasentinelle.dz\/wp-content\/uploads\/2022\/11\/image_2022-11-07_220328286.png","type":"image\/png"}],"author":"La Sentinelle","twitter_card":"summary_large_image","twitter_misc":{"\u00c9crit par":"La Sentinelle","Dur\u00e9e de lecture estim\u00e9e":"4 minutes"},"schema":{"@context":"https:\/\/schema.org","@graph":[{"@type":"Article","@id":"https:\/\/lasentinelle.dz\/index.php\/2022\/11\/07\/leila-zerrouki-envoyee-speciale-chargee-des-grands-partenariats-internationaux-au-mae-redynamiser-le-role-de-la-ligue-arabe-dans-la-prevention-des-conflits\/#article","isPartOf":{"@id":"https:\/\/lasentinelle.dz\/index.php\/2022\/11\/07\/leila-zerrouki-envoyee-speciale-chargee-des-grands-partenariats-internationaux-au-mae-redynamiser-le-role-de-la-ligue-arabe-dans-la-prevention-des-conflits\/"},"author":{"name":"La Sentinelle","@id":"https:\/\/lasentinelle.dz\/#\/schema\/person\/d865044e22e70a75174ce8bcad3acfb3"},"headline":"Leila Zerrouki, Envoy\u00e9e sp\u00e9ciale charg\u00e9e des grands partenariats internationaux au MAE\u00a0: Redynamiser le r\u00f4le de la Ligue arabe dans la pr\u00e9vention des conflits","datePublished":"2022-11-07T21:05:00+00:00","mainEntityOfPage":{"@id":"https:\/\/lasentinelle.dz\/index.php\/2022\/11\/07\/leila-zerrouki-envoyee-speciale-chargee-des-grands-partenariats-internationaux-au-mae-redynamiser-le-role-de-la-ligue-arabe-dans-la-prevention-des-conflits\/"},"wordCount":855,"commentCount":0,"publisher":{"@id":"https:\/\/lasentinelle.dz\/#organization"},"image":{"@id":"https:\/\/lasentinelle.dz\/index.php\/2022\/11\/07\/leila-zerrouki-envoyee-speciale-chargee-des-grands-partenariats-internationaux-au-mae-redynamiser-le-role-de-la-ligue-arabe-dans-la-prevention-des-conflits\/#primaryimage"},"thumbnailUrl":"https:\/\/lasentinelle.dz\/wp-content\/uploads\/2022\/11\/image_2022-11-07_220328286.png","articleSection":["Actualit\u00e9"],"inLanguage":"fr-FR","potentialAction":[{"@type":"CommentAction","name":"Comment","target":["https:\/\/lasentinelle.dz\/index.php\/2022\/11\/07\/leila-zerrouki-envoyee-speciale-chargee-des-grands-partenariats-internationaux-au-mae-redynamiser-le-role-de-la-ligue-arabe-dans-la-prevention-des-conflits\/#respond"]}]},{"@type":"WebPage","@id":"https:\/\/lasentinelle.dz\/index.php\/2022\/11\/07\/leila-zerrouki-envoyee-speciale-chargee-des-grands-partenariats-internationaux-au-mae-redynamiser-le-role-de-la-ligue-arabe-dans-la-prevention-des-conflits\/","url":"https:\/\/lasentinelle.dz\/index.php\/2022\/11\/07\/leila-zerrouki-envoyee-speciale-chargee-des-grands-partenariats-internationaux-au-mae-redynamiser-le-role-de-la-ligue-arabe-dans-la-prevention-des-conflits\/","name":"Leila Zerrouki, Envoy\u00e9e sp\u00e9ciale charg\u00e9e des grands partenariats internationaux au MAE\u00a0: Redynamiser le r\u00f4le de la Ligue arabe dans la pr\u00e9vention des conflits - La Sentinelle","isPartOf":{"@id":"https:\/\/lasentinelle.dz\/#website"},"primaryImageOfPage":{"@id":"https:\/\/lasentinelle.dz\/index.php\/2022\/11\/07\/leila-zerrouki-envoyee-speciale-chargee-des-grands-partenariats-internationaux-au-mae-redynamiser-le-role-de-la-ligue-arabe-dans-la-prevention-des-conflits\/#primaryimage"},"image":{"@id":"https:\/\/lasentinelle.dz\/index.php\/2022\/11\/07\/leila-zerrouki-envoyee-speciale-chargee-des-grands-partenariats-internationaux-au-mae-redynamiser-le-role-de-la-ligue-arabe-dans-la-prevention-des-conflits\/#primaryimage"},"thumbnailUrl":"https:\/\/lasentinelle.dz\/wp-content\/uploads\/2022\/11\/image_2022-11-07_220328286.png","datePublished":"2022-11-07T21:05:00+00:00","breadcrumb":{"@id":"https:\/\/lasentinelle.dz\/index.php\/2022\/11\/07\/leila-zerrouki-envoyee-speciale-chargee-des-grands-partenariats-internationaux-au-mae-redynamiser-le-role-de-la-ligue-arabe-dans-la-prevention-des-conflits\/#breadcrumb"},"inLanguage":"fr-FR","potentialAction":[{"@type":"ReadAction","target":["https:\/\/lasentinelle.dz\/index.php\/2022\/11\/07\/leila-zerrouki-envoyee-speciale-chargee-des-grands-partenariats-internationaux-au-mae-redynamiser-le-role-de-la-ligue-arabe-dans-la-prevention-des-conflits\/"]}]},{"@type":"ImageObject","inLanguage":"fr-FR","@id":"https:\/\/lasentinelle.dz\/index.php\/2022\/11\/07\/leila-zerrouki-envoyee-speciale-chargee-des-grands-partenariats-internationaux-au-mae-redynamiser-le-role-de-la-ligue-arabe-dans-la-prevention-des-conflits\/#primaryimage","url":"https:\/\/lasentinelle.dz\/wp-content\/uploads\/2022\/11\/image_2022-11-07_220328286.png","contentUrl":"https:\/\/lasentinelle.dz\/wp-content\/uploads\/2022\/11\/image_2022-11-07_220328286.png","width":580,"height":350},{"@type":"BreadcrumbList","@id":"https:\/\/lasentinelle.dz\/index.php\/2022\/11\/07\/leila-zerrouki-envoyee-speciale-chargee-des-grands-partenariats-internationaux-au-mae-redynamiser-le-role-de-la-ligue-arabe-dans-la-prevention-des-conflits\/#breadcrumb","itemListElement":[{"@type":"ListItem","position":1,"name":"Accueil","item":"https:\/\/lasentinelle.dz\/"},{"@type":"ListItem","position":2,"name":"Leila Zerrouki, Envoy\u00e9e sp\u00e9ciale charg\u00e9e des grands partenariats internationaux au MAE\u00a0: Redynamiser le r\u00f4le de la Ligue arabe dans la pr\u00e9vention des conflits"}]},{"@type":"WebSite","@id":"https:\/\/lasentinelle.dz\/#website","url":"https:\/\/lasentinelle.dz\/","name":"La Sentinelle","description":"Quotidien national d&#039;information","publisher":{"@id":"https:\/\/lasentinelle.dz\/#organization"},"potentialAction":[{"@type":"SearchAction","target":{"@type":"EntryPoint","urlTemplate":"https:\/\/lasentinelle.dz\/?s={search_term_string}"},"query-input":{"@type":"PropertyValueSpecification","valueRequired":true,"valueName":"search_term_string"}}],"inLanguage":"fr-FR"},{"@type":"Organization","@id":"https:\/\/lasentinelle.dz\/#organization","name":"Quotidien La Sentinelle","url":"https:\/\/lasentinelle.dz\/","logo":{"@type":"ImageObject","inLanguage":"fr-FR","@id":"https:\/\/lasentinelle.dz\/#\/schema\/logo\/image\/","url":"https:\/\/lasentinelle.dz\/wp-content\/uploads\/2021\/09\/logo-sentinelleSLOGAN-1.png","contentUrl":"https:\/\/lasentinelle.dz\/wp-content\/uploads\/2021\/09\/logo-sentinelleSLOGAN-1.png","width":615,"height":142,"caption":"Quotidien La Sentinelle"},"image":{"@id":"https:\/\/lasentinelle.dz\/#\/schema\/logo\/image\/"},"sameAs":["https:\/\/www.facebook.com\/La-Sentinelle-104059864394773"]},{"@type":"Person","@id":"https:\/\/lasentinelle.dz\/#\/schema\/person\/d865044e22e70a75174ce8bcad3acfb3","name":"La Sentinelle","image":{"@type":"ImageObject","inLanguage":"fr-FR","@id":"https:\/\/secure.gravatar.com\/avatar\/57de8e5d4b15d43fb361a71fbb36338450fe67865b528a43dd10ef7c51a20392?s=96&d=mm&r=g","url":"https:\/\/secure.gravatar.com\/avatar\/57de8e5d4b15d43fb361a71fbb36338450fe67865b528a43dd10ef7c51a20392?s=96&d=mm&r=g","contentUrl":"https:\/\/secure.gravatar.com\/avatar\/57de8e5d4b15d43fb361a71fbb36338450fe67865b528a43dd10ef7c51a20392?s=96&d=mm&r=g","caption":"La Sentinelle"},"sameAs":["http:\/\/www.lasentinelle.dz"],"url":"https:\/\/lasentinelle.dz\/author\/redaction\/"}]}},"_links":{"self":[{"href":"https:\/\/lasentinelle.dz\/index.php\/wp-json\/wp\/v2\/posts\/30332","targetHints":{"allow":["GET"]}}],"collection":[{"href":"https:\/\/lasentinelle.dz\/index.php\/wp-json\/wp\/v2\/posts"}],"about":[{"href":"https:\/\/lasentinelle.dz\/index.php\/wp-json\/wp\/v2\/types\/post"}],"author":[{"embeddable":true,"href":"https:\/\/lasentinelle.dz\/index.php\/wp-json\/wp\/v2\/users\/3"}],"replies":[{"embeddable":true,"href":"https:\/\/lasentinelle.dz\/index.php\/wp-json\/wp\/v2\/comments?post=30332"}],"version-history":[{"count":1,"href":"https:\/\/lasentinelle.dz\/index.php\/wp-json\/wp\/v2\/posts\/30332\/revisions"}],"predecessor-version":[{"id":30340,"href":"https:\/\/lasentinelle.dz\/index.php\/wp-json\/wp\/v2\/posts\/30332\/revisions\/30340"}],"wp:featuredmedia":[{"embeddable":true,"href":"https:\/\/lasentinelle.dz\/index.php\/wp-json\/wp\/v2\/media\/30339"}],"wp:attachment":[{"href":"https:\/\/lasentinelle.dz\/index.php\/wp-json\/wp\/v2\/media?parent=30332"}],"wp:term":[{"taxonomy":"category","embeddable":true,"href":"https:\/\/lasentinelle.dz\/index.php\/wp-json\/wp\/v2\/categories?post=30332"},{"taxonomy":"post_tag","embeddable":true,"href":"https:\/\/lasentinelle.dz\/index.php\/wp-json\/wp\/v2\/tags?post=30332"}],"curies":[{"name":"wp","href":"https:\/\/api.w.org\/{rel}","templated":true}]}}