{"id":30362,"date":"2022-11-08T22:00:00","date_gmt":"2022-11-08T21:00:00","guid":{"rendered":"https:\/\/lasentinelle.dz\/?p=30362"},"modified":"2022-11-08T17:19:43","modified_gmt":"2022-11-08T16:19:43","slug":"egypte-lonu-demande-la-liberation-immediate-du-militant-alaa-abdel-fattah","status":"publish","type":"post","link":"https:\/\/lasentinelle.dz\/index.php\/2022\/11\/08\/egypte-lonu-demande-la-liberation-immediate-du-militant-alaa-abdel-fattah\/","title":{"rendered":"\u00c9gypte\u00a0: L\u2019ONU demande \u00abla lib\u00e9ration imm\u00e9diate\u00bb du militant Alaa Abdel Fattah"},"content":{"rendered":"\n<p>Le Haut-Commissaire de l&rsquo;ONU aux droits de l&rsquo;homme, Volker T\u00fcrk, a r\u00e9clam\u00e9 hier la lib\u00e9ration du d\u00e9tenu politique le plus c\u00e9l\u00e8bre d&rsquo;\u00c9gypte, Alaa Abdel Fattah, qui a cess\u00e9 de s&rsquo;alimenter et de boire. Volker T\u00fcrk \u00abregrette profond\u00e9ment que les autorit\u00e9s \u00e9gyptiennes n&rsquo;aient toujours pas lib\u00e9r\u00e9 le blogueur et militant\u00bb dont \u00abla vie est en grand danger\u00bb, a indiqu\u00e9 Ravina Shamdasani, porte-parole du Haut-Commissariat, lors du briefing r\u00e9gulier de l&rsquo;ONU \u00e0 Gen\u00e8ve. \u00abNous sommes extr\u00eamement inquiets pour sa sant\u00e9\u00bb, a indiqu\u00e9 Mme Shamdasina, d&rsquo;autant plus que la famille du militant n&rsquo;a pas \u00abpu \u00eatre en contact avec lui ces deux derniers jours\u00bb. Volker T\u00fcrk a \u00e9voqu\u00e9 le cas de Alaa Abdel Fattah avec les autorit\u00e9s \u00e9gyptiennes vendredi, a pr\u00e9cis\u00e9 la porte-parole.Le secr\u00e9taire g\u00e9n\u00e9ral de l&rsquo;ONU Antonio Guterres a fait de m\u00eame avec les autorit\u00e9s \u00e9gyptiennes en marge de la COP27 qui se tient \u00e0 Charm El-Cheikh en \u00c9gypte. Le Premier ministre britannique Rishi Sunak et le pr\u00e9sident fran\u00e7ais Emmanuel Macron ont eux aussi profit\u00e9 de leur d\u00e9placement \u00e0 la COP27 pour \u00e9voquer le cas d\u2019Alaa Abdel Fattah, un citoyen britannico-\u00e9gyptien, qui est une ic\u00f4ne de la r\u00e9volution de 2011 en \u00c9gypte. Depuis le 2 avril, Alaa Abdel Fattah, b\u00eate noire du pr\u00e9sident \u00e9gyptien Abdel-Fattah al-Sissi, n&rsquo;ing\u00e9rait qu&rsquo;un verre de th\u00e9 et une cuill\u00e8re de miel par jour dans sa prison de Wadi al-Natroun, au nord-ouest du Caire.Incarc\u00e9r\u00e9 plusieurs fois depuis 2006, il a totalement cess\u00e9 de s&rsquo;alimenter mardi dernier et de boire dimanche, alors que s&rsquo;ouvrait la COP27 \u00e0 Charm el-Cheikh, \u00e0 l&rsquo;autre bout du pays. \u00abAbdel Fattah est en grand danger. Sa gr\u00e8ve de la soif met sa vie en danger\u00bb, a d\u00e9clar\u00e9 le chef des droits de l&rsquo;homme de l&rsquo;ONU, cit\u00e9 dans un communiqu\u00e9. \u00abMon bureau et d&rsquo;autres m\u00e9canismes des droits de l&rsquo;homme des Nations unies ont soulev\u00e9 le cas d&rsquo;Abdel Fattah et les cas d&rsquo;autres personnes arbitrairement priv\u00e9es de libert\u00e9 et incarc\u00e9r\u00e9es apr\u00e8s des proc\u00e8s in\u00e9quitables \u00e0 plusieurs reprises\u00bb, a soulign\u00e9 M. T\u00fcrk.Le Haut-Commissaire a not\u00e9 que la reprise en avril 2022 du Comit\u00e9 de gr\u00e2ce pr\u00e9sidentielle avait entra\u00een\u00e9 la lib\u00e9ration de nombreuses personnes. Mais, il a appel\u00e9 les autorit\u00e9s \u00ab\u00e0 lib\u00e9rer imm\u00e9diatement toutes les personnes d\u00e9tenues arbitrairement, y compris celles en d\u00e9tention provisoire, ainsi que les personnes injustement condamn\u00e9es\u00bb. Le Haut-Commissaire a aussi encourag\u00e9 les autorit\u00e9s \u00e0 r\u00e9viser toutes les lois qui restreignent l&rsquo;espace civique et restreignent les droits \u00e0 la libert\u00e9 d&rsquo;expression, de r\u00e9union et d&rsquo;association.<\/p>\n\n\n\n<p>Agences<\/p>\n","protected":false},"excerpt":{"rendered":"<p>Le Haut-Commissaire de l&rsquo;ONU aux droits de l&rsquo;homme, Volker T\u00fcrk, a r\u00e9clam\u00e9 hier la lib\u00e9ration du d\u00e9tenu politique le plus<\/p>\n","protected":false},"author":3,"featured_media":30391,"comment_status":"open","ping_status":"closed","sticky":false,"template":"","format":"standard","meta":{"colormag_page_container_layout":"default_layout","colormag_page_sidebar_layout":"default_layout","om_disable_all_campaigns":false,"_monsterinsights_skip_tracking":false,"_monsterinsights_sitenote_active":false,"_monsterinsights_sitenote_note":"","_monsterinsights_sitenote_category":0,"footnotes":"","_wpscppro_dont_share_socialmedia":false,"_wpscppro_custom_social_share_image":0,"_facebook_share_type":"","_twitter_share_type":"","_linkedin_share_type":"","_pinterest_share_type":"","_linkedin_share_type_page":"","_instagram_share_type":"","_medium_share_type":"","_threads_share_type":"","_google_business_share_type":"","_selected_social_profile":[],"_wpsp_enable_custom_social_template":false,"_wpsp_social_scheduling":{"enabled":false,"datetime":null,"platforms":[],"status":"template_only","dateOption":"today","timeOption":"now","customDays":"","customHours":"","customDate":"","customTime":"","schedulingType":"absolute"},"_wpsp_active_default_template":true},"categories":[37],"tags":[],"class_list":["post-30362","post","type-post","status-publish","format-standard","has-post-thumbnail","hentry","category-monde"],"aioseo_notices":[],"yoast_head":"<!-- This site is optimized with the Yoast SEO plugin v27.4 - https:\/\/yoast.com\/product\/yoast-seo-wordpress\/ -->\n<title>\u00c9gypte\u00a0: L\u2019ONU demande \u00abla lib\u00e9ration imm\u00e9diate\u00bb du militant Alaa Abdel Fattah - La Sentinelle<\/title>\n<meta name=\"robots\" content=\"index, follow, max-snippet:-1, max-image-preview:large, max-video-preview:-1\" \/>\n<link rel=\"canonical\" href=\"https:\/\/lasentinelle.dz\/index.php\/2022\/11\/08\/egypte-lonu-demande-la-liberation-immediate-du-militant-alaa-abdel-fattah\/\" \/>\n<meta property=\"og:locale\" content=\"fr_FR\" \/>\n<meta property=\"og:type\" content=\"article\" \/>\n<meta property=\"og:title\" content=\"\u00c9gypte\u00a0: L\u2019ONU demande \u00abla lib\u00e9ration imm\u00e9diate\u00bb du militant Alaa Abdel Fattah - La Sentinelle\" \/>\n<meta property=\"og:description\" content=\"Le Haut-Commissaire de l&rsquo;ONU aux droits de l&rsquo;homme, Volker T\u00fcrk, a r\u00e9clam\u00e9 hier la lib\u00e9ration du d\u00e9tenu politique le plus\" \/>\n<meta property=\"og:url\" content=\"https:\/\/lasentinelle.dz\/index.php\/2022\/11\/08\/egypte-lonu-demande-la-liberation-immediate-du-militant-alaa-abdel-fattah\/\" \/>\n<meta property=\"og:site_name\" content=\"La Sentinelle\" \/>\n<meta property=\"article:publisher\" content=\"https:\/\/www.facebook.com\/La-Sentinelle-104059864394773\" \/>\n<meta property=\"article:published_time\" content=\"2022-11-08T21:00:00+00:00\" \/>\n<meta property=\"og:image\" content=\"https:\/\/lasentinelle.dz\/wp-content\/uploads\/2022\/11\/image_2022-11-08_171717946-1024x713.png\" \/>\n\t<meta property=\"og:image:width\" content=\"1024\" \/>\n\t<meta property=\"og:image:height\" content=\"713\" \/>\n\t<meta property=\"og:image:type\" content=\"image\/png\" \/>\n<meta name=\"author\" content=\"La Sentinelle\" \/>\n<meta name=\"twitter:card\" content=\"summary_large_image\" \/>\n<meta name=\"twitter:label1\" content=\"\u00c9crit par\" \/>\n\t<meta name=\"twitter:data1\" content=\"La Sentinelle\" \/>\n\t<meta name=\"twitter:label2\" content=\"Dur\u00e9e de lecture estim\u00e9e\" \/>\n\t<meta name=\"twitter:data2\" content=\"3 minutes\" \/>\n<script type=\"application\/ld+json\" class=\"yoast-schema-graph\">{\"@context\":\"https:\\\/\\\/schema.org\",\"@graph\":[{\"@type\":\"Article\",\"@id\":\"https:\\\/\\\/lasentinelle.dz\\\/index.php\\\/2022\\\/11\\\/08\\\/egypte-lonu-demande-la-liberation-immediate-du-militant-alaa-abdel-fattah\\\/#article\",\"isPartOf\":{\"@id\":\"https:\\\/\\\/lasentinelle.dz\\\/index.php\\\/2022\\\/11\\\/08\\\/egypte-lonu-demande-la-liberation-immediate-du-militant-alaa-abdel-fattah\\\/\"},\"author\":{\"name\":\"La Sentinelle\",\"@id\":\"https:\\\/\\\/lasentinelle.dz\\\/#\\\/schema\\\/person\\\/d865044e22e70a75174ce8bcad3acfb3\"},\"headline\":\"\u00c9gypte\u00a0: L\u2019ONU demande \u00abla lib\u00e9ration imm\u00e9diate\u00bb du militant Alaa Abdel Fattah\",\"datePublished\":\"2022-11-08T21:00:00+00:00\",\"mainEntityOfPage\":{\"@id\":\"https:\\\/\\\/lasentinelle.dz\\\/index.php\\\/2022\\\/11\\\/08\\\/egypte-lonu-demande-la-liberation-immediate-du-militant-alaa-abdel-fattah\\\/\"},\"wordCount\":484,\"commentCount\":0,\"publisher\":{\"@id\":\"https:\\\/\\\/lasentinelle.dz\\\/#organization\"},\"image\":{\"@id\":\"https:\\\/\\\/lasentinelle.dz\\\/index.php\\\/2022\\\/11\\\/08\\\/egypte-lonu-demande-la-liberation-immediate-du-militant-alaa-abdel-fattah\\\/#primaryimage\"},\"thumbnailUrl\":\"https:\\\/\\\/lasentinelle.dz\\\/wp-content\\\/uploads\\\/2022\\\/11\\\/image_2022-11-08_171717946.png\",\"articleSection\":[\"Monde\"],\"inLanguage\":\"fr-FR\",\"potentialAction\":[{\"@type\":\"CommentAction\",\"name\":\"Comment\",\"target\":[\"https:\\\/\\\/lasentinelle.dz\\\/index.php\\\/2022\\\/11\\\/08\\\/egypte-lonu-demande-la-liberation-immediate-du-militant-alaa-abdel-fattah\\\/#respond\"]}]},{\"@type\":\"WebPage\",\"@id\":\"https:\\\/\\\/lasentinelle.dz\\\/index.php\\\/2022\\\/11\\\/08\\\/egypte-lonu-demande-la-liberation-immediate-du-militant-alaa-abdel-fattah\\\/\",\"url\":\"https:\\\/\\\/lasentinelle.dz\\\/index.php\\\/2022\\\/11\\\/08\\\/egypte-lonu-demande-la-liberation-immediate-du-militant-alaa-abdel-fattah\\\/\",\"name\":\"\u00c9gypte\u00a0: L\u2019ONU demande \u00abla lib\u00e9ration imm\u00e9diate\u00bb du militant Alaa Abdel Fattah - La Sentinelle\",\"isPartOf\":{\"@id\":\"https:\\\/\\\/lasentinelle.dz\\\/#website\"},\"primaryImageOfPage\":{\"@id\":\"https:\\\/\\\/lasentinelle.dz\\\/index.php\\\/2022\\\/11\\\/08\\\/egypte-lonu-demande-la-liberation-immediate-du-militant-alaa-abdel-fattah\\\/#primaryimage\"},\"image\":{\"@id\":\"https:\\\/\\\/lasentinelle.dz\\\/index.php\\\/2022\\\/11\\\/08\\\/egypte-lonu-demande-la-liberation-immediate-du-militant-alaa-abdel-fattah\\\/#primaryimage\"},\"thumbnailUrl\":\"https:\\\/\\\/lasentinelle.dz\\\/wp-content\\\/uploads\\\/2022\\\/11\\\/image_2022-11-08_171717946.png\",\"datePublished\":\"2022-11-08T21:00:00+00:00\",\"breadcrumb\":{\"@id\":\"https:\\\/\\\/lasentinelle.dz\\\/index.php\\\/2022\\\/11\\\/08\\\/egypte-lonu-demande-la-liberation-immediate-du-militant-alaa-abdel-fattah\\\/#breadcrumb\"},\"inLanguage\":\"fr-FR\",\"potentialAction\":[{\"@type\":\"ReadAction\",\"target\":[\"https:\\\/\\\/lasentinelle.dz\\\/index.php\\\/2022\\\/11\\\/08\\\/egypte-lonu-demande-la-liberation-immediate-du-militant-alaa-abdel-fattah\\\/\"]}]},{\"@type\":\"ImageObject\",\"inLanguage\":\"fr-FR\",\"@id\":\"https:\\\/\\\/lasentinelle.dz\\\/index.php\\\/2022\\\/11\\\/08\\\/egypte-lonu-demande-la-liberation-immediate-du-militant-alaa-abdel-fattah\\\/#primaryimage\",\"url\":\"https:\\\/\\\/lasentinelle.dz\\\/wp-content\\\/uploads\\\/2022\\\/11\\\/image_2022-11-08_171717946.png\",\"contentUrl\":\"https:\\\/\\\/lasentinelle.dz\\\/wp-content\\\/uploads\\\/2022\\\/11\\\/image_2022-11-08_171717946.png\",\"width\":3000,\"height\":2088},{\"@type\":\"BreadcrumbList\",\"@id\":\"https:\\\/\\\/lasentinelle.dz\\\/index.php\\\/2022\\\/11\\\/08\\\/egypte-lonu-demande-la-liberation-immediate-du-militant-alaa-abdel-fattah\\\/#breadcrumb\",\"itemListElement\":[{\"@type\":\"ListItem\",\"position\":1,\"name\":\"Accueil\",\"item\":\"https:\\\/\\\/lasentinelle.dz\\\/\"},{\"@type\":\"ListItem\",\"position\":2,\"name\":\"\u00c9gypte\u00a0: L\u2019ONU demande \u00abla lib\u00e9ration imm\u00e9diate\u00bb du militant Alaa Abdel Fattah\"}]},{\"@type\":\"WebSite\",\"@id\":\"https:\\\/\\\/lasentinelle.dz\\\/#website\",\"url\":\"https:\\\/\\\/lasentinelle.dz\\\/\",\"name\":\"La Sentinelle\",\"description\":\"Quotidien national d&#039;information\",\"publisher\":{\"@id\":\"https:\\\/\\\/lasentinelle.dz\\\/#organization\"},\"potentialAction\":[{\"@type\":\"SearchAction\",\"target\":{\"@type\":\"EntryPoint\",\"urlTemplate\":\"https:\\\/\\\/lasentinelle.dz\\\/?s={search_term_string}\"},\"query-input\":{\"@type\":\"PropertyValueSpecification\",\"valueRequired\":true,\"valueName\":\"search_term_string\"}}],\"inLanguage\":\"fr-FR\"},{\"@type\":\"Organization\",\"@id\":\"https:\\\/\\\/lasentinelle.dz\\\/#organization\",\"name\":\"Quotidien La Sentinelle\",\"url\":\"https:\\\/\\\/lasentinelle.dz\\\/\",\"logo\":{\"@type\":\"ImageObject\",\"inLanguage\":\"fr-FR\",\"@id\":\"https:\\\/\\\/lasentinelle.dz\\\/#\\\/schema\\\/logo\\\/image\\\/\",\"url\":\"https:\\\/\\\/lasentinelle.dz\\\/wp-content\\\/uploads\\\/2021\\\/09\\\/logo-sentinelleSLOGAN-1.png\",\"contentUrl\":\"https:\\\/\\\/lasentinelle.dz\\\/wp-content\\\/uploads\\\/2021\\\/09\\\/logo-sentinelleSLOGAN-1.png\",\"width\":615,\"height\":142,\"caption\":\"Quotidien La Sentinelle\"},\"image\":{\"@id\":\"https:\\\/\\\/lasentinelle.dz\\\/#\\\/schema\\\/logo\\\/image\\\/\"},\"sameAs\":[\"https:\\\/\\\/www.facebook.com\\\/La-Sentinelle-104059864394773\"]},{\"@type\":\"Person\",\"@id\":\"https:\\\/\\\/lasentinelle.dz\\\/#\\\/schema\\\/person\\\/d865044e22e70a75174ce8bcad3acfb3\",\"name\":\"La Sentinelle\",\"image\":{\"@type\":\"ImageObject\",\"inLanguage\":\"fr-FR\",\"@id\":\"https:\\\/\\\/secure.gravatar.com\\\/avatar\\\/57de8e5d4b15d43fb361a71fbb36338450fe67865b528a43dd10ef7c51a20392?s=96&d=mm&r=g\",\"url\":\"https:\\\/\\\/secure.gravatar.com\\\/avatar\\\/57de8e5d4b15d43fb361a71fbb36338450fe67865b528a43dd10ef7c51a20392?s=96&d=mm&r=g\",\"contentUrl\":\"https:\\\/\\\/secure.gravatar.com\\\/avatar\\\/57de8e5d4b15d43fb361a71fbb36338450fe67865b528a43dd10ef7c51a20392?s=96&d=mm&r=g\",\"caption\":\"La Sentinelle\"},\"sameAs\":[\"http:\\\/\\\/www.lasentinelle.dz\"],\"url\":\"https:\\\/\\\/lasentinelle.dz\\\/author\\\/redaction\\\/\"}]}<\/script>\n<!-- \/ Yoast SEO plugin. -->","yoast_head_json":{"title":"\u00c9gypte\u00a0: L\u2019ONU demande \u00abla lib\u00e9ration imm\u00e9diate\u00bb du militant Alaa Abdel Fattah - La Sentinelle","robots":{"index":"index","follow":"follow","max-snippet":"max-snippet:-1","max-image-preview":"max-image-preview:large","max-video-preview":"max-video-preview:-1"},"canonical":"https:\/\/lasentinelle.dz\/index.php\/2022\/11\/08\/egypte-lonu-demande-la-liberation-immediate-du-militant-alaa-abdel-fattah\/","og_locale":"fr_FR","og_type":"article","og_title":"\u00c9gypte\u00a0: L\u2019ONU demande \u00abla lib\u00e9ration imm\u00e9diate\u00bb du militant Alaa Abdel Fattah - La Sentinelle","og_description":"Le Haut-Commissaire de l&rsquo;ONU aux droits de l&rsquo;homme, Volker T\u00fcrk, a r\u00e9clam\u00e9 hier la lib\u00e9ration du d\u00e9tenu politique le plus","og_url":"https:\/\/lasentinelle.dz\/index.php\/2022\/11\/08\/egypte-lonu-demande-la-liberation-immediate-du-militant-alaa-abdel-fattah\/","og_site_name":"La Sentinelle","article_publisher":"https:\/\/www.facebook.com\/La-Sentinelle-104059864394773","article_published_time":"2022-11-08T21:00:00+00:00","og_image":[{"width":1024,"height":713,"url":"https:\/\/lasentinelle.dz\/wp-content\/uploads\/2022\/11\/image_2022-11-08_171717946-1024x713.png","type":"image\/png"}],"author":"La Sentinelle","twitter_card":"summary_large_image","twitter_misc":{"\u00c9crit par":"La Sentinelle","Dur\u00e9e de lecture estim\u00e9e":"3 minutes"},"schema":{"@context":"https:\/\/schema.org","@graph":[{"@type":"Article","@id":"https:\/\/lasentinelle.dz\/index.php\/2022\/11\/08\/egypte-lonu-demande-la-liberation-immediate-du-militant-alaa-abdel-fattah\/#article","isPartOf":{"@id":"https:\/\/lasentinelle.dz\/index.php\/2022\/11\/08\/egypte-lonu-demande-la-liberation-immediate-du-militant-alaa-abdel-fattah\/"},"author":{"name":"La Sentinelle","@id":"https:\/\/lasentinelle.dz\/#\/schema\/person\/d865044e22e70a75174ce8bcad3acfb3"},"headline":"\u00c9gypte\u00a0: L\u2019ONU demande \u00abla lib\u00e9ration imm\u00e9diate\u00bb du militant Alaa Abdel Fattah","datePublished":"2022-11-08T21:00:00+00:00","mainEntityOfPage":{"@id":"https:\/\/lasentinelle.dz\/index.php\/2022\/11\/08\/egypte-lonu-demande-la-liberation-immediate-du-militant-alaa-abdel-fattah\/"},"wordCount":484,"commentCount":0,"publisher":{"@id":"https:\/\/lasentinelle.dz\/#organization"},"image":{"@id":"https:\/\/lasentinelle.dz\/index.php\/2022\/11\/08\/egypte-lonu-demande-la-liberation-immediate-du-militant-alaa-abdel-fattah\/#primaryimage"},"thumbnailUrl":"https:\/\/lasentinelle.dz\/wp-content\/uploads\/2022\/11\/image_2022-11-08_171717946.png","articleSection":["Monde"],"inLanguage":"fr-FR","potentialAction":[{"@type":"CommentAction","name":"Comment","target":["https:\/\/lasentinelle.dz\/index.php\/2022\/11\/08\/egypte-lonu-demande-la-liberation-immediate-du-militant-alaa-abdel-fattah\/#respond"]}]},{"@type":"WebPage","@id":"https:\/\/lasentinelle.dz\/index.php\/2022\/11\/08\/egypte-lonu-demande-la-liberation-immediate-du-militant-alaa-abdel-fattah\/","url":"https:\/\/lasentinelle.dz\/index.php\/2022\/11\/08\/egypte-lonu-demande-la-liberation-immediate-du-militant-alaa-abdel-fattah\/","name":"\u00c9gypte\u00a0: L\u2019ONU demande \u00abla lib\u00e9ration imm\u00e9diate\u00bb du militant Alaa Abdel Fattah - La Sentinelle","isPartOf":{"@id":"https:\/\/lasentinelle.dz\/#website"},"primaryImageOfPage":{"@id":"https:\/\/lasentinelle.dz\/index.php\/2022\/11\/08\/egypte-lonu-demande-la-liberation-immediate-du-militant-alaa-abdel-fattah\/#primaryimage"},"image":{"@id":"https:\/\/lasentinelle.dz\/index.php\/2022\/11\/08\/egypte-lonu-demande-la-liberation-immediate-du-militant-alaa-abdel-fattah\/#primaryimage"},"thumbnailUrl":"https:\/\/lasentinelle.dz\/wp-content\/uploads\/2022\/11\/image_2022-11-08_171717946.png","datePublished":"2022-11-08T21:00:00+00:00","breadcrumb":{"@id":"https:\/\/lasentinelle.dz\/index.php\/2022\/11\/08\/egypte-lonu-demande-la-liberation-immediate-du-militant-alaa-abdel-fattah\/#breadcrumb"},"inLanguage":"fr-FR","potentialAction":[{"@type":"ReadAction","target":["https:\/\/lasentinelle.dz\/index.php\/2022\/11\/08\/egypte-lonu-demande-la-liberation-immediate-du-militant-alaa-abdel-fattah\/"]}]},{"@type":"ImageObject","inLanguage":"fr-FR","@id":"https:\/\/lasentinelle.dz\/index.php\/2022\/11\/08\/egypte-lonu-demande-la-liberation-immediate-du-militant-alaa-abdel-fattah\/#primaryimage","url":"https:\/\/lasentinelle.dz\/wp-content\/uploads\/2022\/11\/image_2022-11-08_171717946.png","contentUrl":"https:\/\/lasentinelle.dz\/wp-content\/uploads\/2022\/11\/image_2022-11-08_171717946.png","width":3000,"height":2088},{"@type":"BreadcrumbList","@id":"https:\/\/lasentinelle.dz\/index.php\/2022\/11\/08\/egypte-lonu-demande-la-liberation-immediate-du-militant-alaa-abdel-fattah\/#breadcrumb","itemListElement":[{"@type":"ListItem","position":1,"name":"Accueil","item":"https:\/\/lasentinelle.dz\/"},{"@type":"ListItem","position":2,"name":"\u00c9gypte\u00a0: L\u2019ONU demande \u00abla lib\u00e9ration imm\u00e9diate\u00bb du militant Alaa Abdel Fattah"}]},{"@type":"WebSite","@id":"https:\/\/lasentinelle.dz\/#website","url":"https:\/\/lasentinelle.dz\/","name":"La Sentinelle","description":"Quotidien national d&#039;information","publisher":{"@id":"https:\/\/lasentinelle.dz\/#organization"},"potentialAction":[{"@type":"SearchAction","target":{"@type":"EntryPoint","urlTemplate":"https:\/\/lasentinelle.dz\/?s={search_term_string}"},"query-input":{"@type":"PropertyValueSpecification","valueRequired":true,"valueName":"search_term_string"}}],"inLanguage":"fr-FR"},{"@type":"Organization","@id":"https:\/\/lasentinelle.dz\/#organization","name":"Quotidien La Sentinelle","url":"https:\/\/lasentinelle.dz\/","logo":{"@type":"ImageObject","inLanguage":"fr-FR","@id":"https:\/\/lasentinelle.dz\/#\/schema\/logo\/image\/","url":"https:\/\/lasentinelle.dz\/wp-content\/uploads\/2021\/09\/logo-sentinelleSLOGAN-1.png","contentUrl":"https:\/\/lasentinelle.dz\/wp-content\/uploads\/2021\/09\/logo-sentinelleSLOGAN-1.png","width":615,"height":142,"caption":"Quotidien La Sentinelle"},"image":{"@id":"https:\/\/lasentinelle.dz\/#\/schema\/logo\/image\/"},"sameAs":["https:\/\/www.facebook.com\/La-Sentinelle-104059864394773"]},{"@type":"Person","@id":"https:\/\/lasentinelle.dz\/#\/schema\/person\/d865044e22e70a75174ce8bcad3acfb3","name":"La Sentinelle","image":{"@type":"ImageObject","inLanguage":"fr-FR","@id":"https:\/\/secure.gravatar.com\/avatar\/57de8e5d4b15d43fb361a71fbb36338450fe67865b528a43dd10ef7c51a20392?s=96&d=mm&r=g","url":"https:\/\/secure.gravatar.com\/avatar\/57de8e5d4b15d43fb361a71fbb36338450fe67865b528a43dd10ef7c51a20392?s=96&d=mm&r=g","contentUrl":"https:\/\/secure.gravatar.com\/avatar\/57de8e5d4b15d43fb361a71fbb36338450fe67865b528a43dd10ef7c51a20392?s=96&d=mm&r=g","caption":"La Sentinelle"},"sameAs":["http:\/\/www.lasentinelle.dz"],"url":"https:\/\/lasentinelle.dz\/author\/redaction\/"}]}},"_links":{"self":[{"href":"https:\/\/lasentinelle.dz\/index.php\/wp-json\/wp\/v2\/posts\/30362","targetHints":{"allow":["GET"]}}],"collection":[{"href":"https:\/\/lasentinelle.dz\/index.php\/wp-json\/wp\/v2\/posts"}],"about":[{"href":"https:\/\/lasentinelle.dz\/index.php\/wp-json\/wp\/v2\/types\/post"}],"author":[{"embeddable":true,"href":"https:\/\/lasentinelle.dz\/index.php\/wp-json\/wp\/v2\/users\/3"}],"replies":[{"embeddable":true,"href":"https:\/\/lasentinelle.dz\/index.php\/wp-json\/wp\/v2\/comments?post=30362"}],"version-history":[{"count":1,"href":"https:\/\/lasentinelle.dz\/index.php\/wp-json\/wp\/v2\/posts\/30362\/revisions"}],"predecessor-version":[{"id":30393,"href":"https:\/\/lasentinelle.dz\/index.php\/wp-json\/wp\/v2\/posts\/30362\/revisions\/30393"}],"wp:featuredmedia":[{"embeddable":true,"href":"https:\/\/lasentinelle.dz\/index.php\/wp-json\/wp\/v2\/media\/30391"}],"wp:attachment":[{"href":"https:\/\/lasentinelle.dz\/index.php\/wp-json\/wp\/v2\/media?parent=30362"}],"wp:term":[{"taxonomy":"category","embeddable":true,"href":"https:\/\/lasentinelle.dz\/index.php\/wp-json\/wp\/v2\/categories?post=30362"},{"taxonomy":"post_tag","embeddable":true,"href":"https:\/\/lasentinelle.dz\/index.php\/wp-json\/wp\/v2\/tags?post=30362"}],"curies":[{"name":"wp","href":"https:\/\/api.w.org\/{rel}","templated":true}]}}