{"id":30402,"date":"2022-11-08T22:08:00","date_gmt":"2022-11-08T21:08:00","guid":{"rendered":"https:\/\/lasentinelle.dz\/?p=30402"},"modified":"2022-11-08T19:58:33","modified_gmt":"2022-11-08T18:58:33","slug":"unite-fiat-doran-les-premiers-vehicules-sortiront-dusine-en-novembre-2023","status":"publish","type":"post","link":"https:\/\/lasentinelle.dz\/index.php\/2022\/11\/08\/unite-fiat-doran-les-premiers-vehicules-sortiront-dusine-en-novembre-2023\/","title":{"rendered":"Unit\u00e9 Fiat d\u2019Oran\u00a0: Les premiers v\u00e9hicules sortiront d\u2019usine en novembre 2023"},"content":{"rendered":"\n<p>Les premiers v\u00e9hicules Fiat sortiront de l\u2019usine d\u2019Oran \u00e0 la fin 2023. Lundi, lors de son intervention au Forum du quotidien nationale El Djoumhouria, le wali d\u2019Oran Sa\u00efd Saayoud a indiqu\u00e9 que les premiers v\u00e9hicules de la marque italienne sortiront de l\u2019usine de Tafraoui en novembre, au plus tard, d\u00e9but d\u00e9cembre 2023 et ce, apr\u00e8s l\u2019ach\u00e8vement des travaux de r\u00e9alisation de l\u2019unit\u00e9 de construction automobile dans la zone industrielle de Tafraoui. Dans ce contexte, le premier responsable de l\u2019ex\u00e9cutif local a r\u00e9v\u00e9l\u00e9 certains d\u00e9tails sur cette unit\u00e9 qui sera la premi\u00e8re \u00e0 verser dans la construction m\u00e9canique et as seulement le montage. Sa\u00efd Saayoud a ainsi indiqu\u00e9 que l\u2019unit\u00e9 du groupe Stellantisoccupera une superficie de 132 hectares. Il a \u00e9galement pr\u00e9cis\u00e9 que l\u2019assiette fonci\u00e8re en question devrait recevoir le projet de r\u00e9alisation d\u2019une usine Peugeot. Le wali d\u2019Oran a d\u2019ailleurs soulign\u00e9 que Peugeot-Citro\u00ebn est l\u2019une des 16 marques appartenant au groupe Stellantis, aux c\u00f4t\u00e9s de Maserati, Chrysler, Jeep et Simca, entre autres.<\/p>\n\n\n\n<p>\u00ab La premi\u00e8re voiture sortira d\u2019usine vers le mois de d\u00e9cembre 2023, avec un taux d\u2019int\u00e9gration de 40 % \u00bb, a indiqu\u00e9 le wali d\u2019Oran, qui a pr\u00e9cis\u00e9 que les responsables se sont engag\u00e9s \u00e0 mettre l\u2019unit\u00e9 en production le 1<sup>er<\/sup> novembre. Et d\u2019ajouter que l\u2019unit\u00e9 commencera \u00e0 commercialiser deux mod\u00e8les de voitures, avant de produire d\u2019autres mod\u00e8les. \u00ab Pour faciliter le lancement de cette usine, nous avons quatre choses \u00e0 faire : alimenter le site en eau et en \u00e9lectricit\u00e9, assurer un raccordement au r\u00e9seau d\u2019assainissement en reliant l\u2019usine \u00e0 la station d\u2019\u00e9puration d\u2019El Kerma, et proc\u00e9der enfin \u00e0 la d\u00e9molition de quelques constructions illicites avoisinantes, \u00e9rig\u00e9es sur un lit d\u2019un oued qui, lors des crues, provoque r\u00e9guli\u00e8rement des inondations \u00bb, a expliqu\u00e9 le wali, qui n\u2019a affich\u00e9 l\u2019ambition de faire de la zone industrielle de Tafraoui \u00e0 p\u00f4le de construction automobile. Pour rappel, un accord entre le minist\u00e8re de l\u2019Industrie et le groupe Stellantis pour la r\u00e9alisation d\u2019une usine Fiat \u00e0 Oran, le 13 octobre dernier.Le ministre de l\u2019Industrie, Ahmed Zeghdar, avait alors indiqu\u00e9 que les premiers v\u00e9hicules Fiat fabriqu\u00e9s en Alg\u00e9rie devraient \u00eatre disponibles \u00e0 partir de la fin de l\u2019ann\u00e9e 2023.Pour sa part, le PDG du groupe Stellantis,Carlos Tavares avait assur\u00e9 qu\u2019il \u00ab\u00a0n&rsquo;y aura aucun d\u00e9crantage\u00a0\u00bb entre les Fiat qui seront fabriqu\u00e9es dans la zone industrielle Tafraoui dans la wilaya d&rsquo;Oran et celles fabriqu\u00e9es ailleurs dans le monde, assurant que \u00ab\u00a0le consommateur alg\u00e9rien aura droit aux m\u00eames mod\u00e8les et aux m\u00eames technologies\u00a0\u00bb.Pour Stellantis, \u00ab\u00a0la mission est tr\u00e8s claire: avec la marque Fiat, nous allons apporter \u00e0 la soci\u00e9t\u00e9 alg\u00e9rienne ce que nous avons de meilleur pour offrir aux Alg\u00e9riens une mobilit\u00e9 s\u00fbre, propre et abordable\u00a0\u00bb, a-t-il promis.Tavares, a avanc\u00e9 que Fiat apportera \u00e0 l&rsquo;Alg\u00e9rie \u00ab\u00a0les mod\u00e8les, les plates-formes et les technologies\u00a0\u00bb, soulignant que le groupe a parfaitement \u00ab\u00a0compris l&rsquo;int\u00e9r\u00eat de l&rsquo;Alg\u00e9rie, \u00e0 savoir converger le plus rapidement possible vers une int\u00e9gration locale, la plus \u00e9lev\u00e9e possible\u00a0\u00bb, un int\u00e9r\u00eat qu&rsquo;il dit partager.Le projet devra g\u00e9n\u00e9rer 4000 postes de travail directs et 3000 indirects.<\/p>\n\n\n\n<p><strong>Hocine Fadheli<\/strong><\/p>\n","protected":false},"excerpt":{"rendered":"<p>Les premiers v\u00e9hicules Fiat sortiront de l\u2019usine d\u2019Oran \u00e0 la fin 2023. Lundi, lors de son intervention au Forum du<\/p>\n","protected":false},"author":3,"featured_media":30410,"comment_status":"open","ping_status":"closed","sticky":false,"template":"","format":"standard","meta":{"colormag_page_container_layout":"default_layout","colormag_page_sidebar_layout":"default_layout","om_disable_all_campaigns":false,"_monsterinsights_skip_tracking":false,"_monsterinsights_sitenote_active":false,"_monsterinsights_sitenote_note":"","_monsterinsights_sitenote_category":0,"footnotes":"","_wpscppro_dont_share_socialmedia":false,"_wpscppro_custom_social_share_image":0,"_facebook_share_type":"","_twitter_share_type":"","_linkedin_share_type":"","_pinterest_share_type":"","_linkedin_share_type_page":"","_instagram_share_type":"","_medium_share_type":"","_threads_share_type":"","_google_business_share_type":"","_selected_social_profile":[],"_wpsp_enable_custom_social_template":false,"_wpsp_social_scheduling":{"enabled":false,"datetime":null,"platforms":[],"status":"template_only","dateOption":"today","timeOption":"now","customDays":"","customHours":"","customDate":"","customTime":"","schedulingType":"absolute"},"_wpsp_active_default_template":true},"categories":[52,27],"tags":[],"class_list":["post-30402","post","type-post","status-publish","format-standard","has-post-thumbnail","hentry","category-a-la-une","category-actualite"],"aioseo_notices":[],"yoast_head":"<!-- This site is optimized with the Yoast SEO plugin v27.5 - https:\/\/yoast.com\/product\/yoast-seo-wordpress\/ -->\n<title>Unit\u00e9 Fiat d\u2019Oran\u00a0: Les premiers v\u00e9hicules sortiront d\u2019usine en novembre 2023 - La Sentinelle<\/title>\n<meta name=\"robots\" content=\"index, follow, max-snippet:-1, max-image-preview:large, max-video-preview:-1\" \/>\n<link rel=\"canonical\" href=\"https:\/\/lasentinelle.dz\/index.php\/2022\/11\/08\/unite-fiat-doran-les-premiers-vehicules-sortiront-dusine-en-novembre-2023\/\" \/>\n<meta property=\"og:locale\" content=\"fr_FR\" \/>\n<meta property=\"og:type\" content=\"article\" \/>\n<meta property=\"og:title\" content=\"Unit\u00e9 Fiat d\u2019Oran\u00a0: Les premiers v\u00e9hicules sortiront d\u2019usine en novembre 2023 - La Sentinelle\" \/>\n<meta property=\"og:description\" content=\"Les premiers v\u00e9hicules Fiat sortiront de l\u2019usine d\u2019Oran \u00e0 la fin 2023. Lundi, lors de son intervention au Forum du\" \/>\n<meta property=\"og:url\" content=\"https:\/\/lasentinelle.dz\/index.php\/2022\/11\/08\/unite-fiat-doran-les-premiers-vehicules-sortiront-dusine-en-novembre-2023\/\" \/>\n<meta property=\"og:site_name\" content=\"La Sentinelle\" \/>\n<meta property=\"article:publisher\" content=\"https:\/\/www.facebook.com\/La-Sentinelle-104059864394773\" \/>\n<meta property=\"article:published_time\" content=\"2022-11-08T21:08:00+00:00\" \/>\n<meta property=\"og:image\" content=\"https:\/\/lasentinelle.dz\/wp-content\/uploads\/2022\/11\/fiat.png\" \/>\n\t<meta property=\"og:image:width\" content=\"1763\" \/>\n\t<meta property=\"og:image:height\" content=\"900\" \/>\n\t<meta property=\"og:image:type\" content=\"image\/png\" \/>\n<meta name=\"author\" content=\"La Sentinelle\" \/>\n<meta name=\"twitter:card\" content=\"summary_large_image\" \/>\n<meta name=\"twitter:label1\" content=\"\u00c9crit par\" \/>\n\t<meta name=\"twitter:data1\" content=\"La Sentinelle\" \/>\n\t<meta name=\"twitter:label2\" content=\"Dur\u00e9e de lecture estim\u00e9e\" \/>\n\t<meta name=\"twitter:data2\" content=\"3 minutes\" \/>\n<script type=\"application\/ld+json\" class=\"yoast-schema-graph\">{\"@context\":\"https:\\\/\\\/schema.org\",\"@graph\":[{\"@type\":\"Article\",\"@id\":\"https:\\\/\\\/lasentinelle.dz\\\/index.php\\\/2022\\\/11\\\/08\\\/unite-fiat-doran-les-premiers-vehicules-sortiront-dusine-en-novembre-2023\\\/#article\",\"isPartOf\":{\"@id\":\"https:\\\/\\\/lasentinelle.dz\\\/index.php\\\/2022\\\/11\\\/08\\\/unite-fiat-doran-les-premiers-vehicules-sortiront-dusine-en-novembre-2023\\\/\"},\"author\":{\"name\":\"La Sentinelle\",\"@id\":\"https:\\\/\\\/lasentinelle.dz\\\/#\\\/schema\\\/person\\\/d865044e22e70a75174ce8bcad3acfb3\"},\"headline\":\"Unit\u00e9 Fiat d\u2019Oran\u00a0: Les premiers v\u00e9hicules sortiront d\u2019usine en novembre 2023\",\"datePublished\":\"2022-11-08T21:08:00+00:00\",\"mainEntityOfPage\":{\"@id\":\"https:\\\/\\\/lasentinelle.dz\\\/index.php\\\/2022\\\/11\\\/08\\\/unite-fiat-doran-les-premiers-vehicules-sortiront-dusine-en-novembre-2023\\\/\"},\"wordCount\":592,\"commentCount\":0,\"publisher\":{\"@id\":\"https:\\\/\\\/lasentinelle.dz\\\/#organization\"},\"image\":{\"@id\":\"https:\\\/\\\/lasentinelle.dz\\\/index.php\\\/2022\\\/11\\\/08\\\/unite-fiat-doran-les-premiers-vehicules-sortiront-dusine-en-novembre-2023\\\/#primaryimage\"},\"thumbnailUrl\":\"https:\\\/\\\/lasentinelle.dz\\\/wp-content\\\/uploads\\\/2022\\\/11\\\/fiat.png\",\"articleSection\":[\"\u00c0 la Une\",\"Actualit\u00e9\"],\"inLanguage\":\"fr-FR\",\"potentialAction\":[{\"@type\":\"CommentAction\",\"name\":\"Comment\",\"target\":[\"https:\\\/\\\/lasentinelle.dz\\\/index.php\\\/2022\\\/11\\\/08\\\/unite-fiat-doran-les-premiers-vehicules-sortiront-dusine-en-novembre-2023\\\/#respond\"]}]},{\"@type\":\"WebPage\",\"@id\":\"https:\\\/\\\/lasentinelle.dz\\\/index.php\\\/2022\\\/11\\\/08\\\/unite-fiat-doran-les-premiers-vehicules-sortiront-dusine-en-novembre-2023\\\/\",\"url\":\"https:\\\/\\\/lasentinelle.dz\\\/index.php\\\/2022\\\/11\\\/08\\\/unite-fiat-doran-les-premiers-vehicules-sortiront-dusine-en-novembre-2023\\\/\",\"name\":\"Unit\u00e9 Fiat d\u2019Oran\u00a0: Les premiers v\u00e9hicules sortiront d\u2019usine en novembre 2023 - La Sentinelle\",\"isPartOf\":{\"@id\":\"https:\\\/\\\/lasentinelle.dz\\\/#website\"},\"primaryImageOfPage\":{\"@id\":\"https:\\\/\\\/lasentinelle.dz\\\/index.php\\\/2022\\\/11\\\/08\\\/unite-fiat-doran-les-premiers-vehicules-sortiront-dusine-en-novembre-2023\\\/#primaryimage\"},\"image\":{\"@id\":\"https:\\\/\\\/lasentinelle.dz\\\/index.php\\\/2022\\\/11\\\/08\\\/unite-fiat-doran-les-premiers-vehicules-sortiront-dusine-en-novembre-2023\\\/#primaryimage\"},\"thumbnailUrl\":\"https:\\\/\\\/lasentinelle.dz\\\/wp-content\\\/uploads\\\/2022\\\/11\\\/fiat.png\",\"datePublished\":\"2022-11-08T21:08:00+00:00\",\"breadcrumb\":{\"@id\":\"https:\\\/\\\/lasentinelle.dz\\\/index.php\\\/2022\\\/11\\\/08\\\/unite-fiat-doran-les-premiers-vehicules-sortiront-dusine-en-novembre-2023\\\/#breadcrumb\"},\"inLanguage\":\"fr-FR\",\"potentialAction\":[{\"@type\":\"ReadAction\",\"target\":[\"https:\\\/\\\/lasentinelle.dz\\\/index.php\\\/2022\\\/11\\\/08\\\/unite-fiat-doran-les-premiers-vehicules-sortiront-dusine-en-novembre-2023\\\/\"]}]},{\"@type\":\"ImageObject\",\"inLanguage\":\"fr-FR\",\"@id\":\"https:\\\/\\\/lasentinelle.dz\\\/index.php\\\/2022\\\/11\\\/08\\\/unite-fiat-doran-les-premiers-vehicules-sortiront-dusine-en-novembre-2023\\\/#primaryimage\",\"url\":\"https:\\\/\\\/lasentinelle.dz\\\/wp-content\\\/uploads\\\/2022\\\/11\\\/fiat.png\",\"contentUrl\":\"https:\\\/\\\/lasentinelle.dz\\\/wp-content\\\/uploads\\\/2022\\\/11\\\/fiat.png\",\"width\":1763,\"height\":900},{\"@type\":\"BreadcrumbList\",\"@id\":\"https:\\\/\\\/lasentinelle.dz\\\/index.php\\\/2022\\\/11\\\/08\\\/unite-fiat-doran-les-premiers-vehicules-sortiront-dusine-en-novembre-2023\\\/#breadcrumb\",\"itemListElement\":[{\"@type\":\"ListItem\",\"position\":1,\"name\":\"Accueil\",\"item\":\"https:\\\/\\\/lasentinelle.dz\\\/\"},{\"@type\":\"ListItem\",\"position\":2,\"name\":\"Unit\u00e9 Fiat d\u2019Oran\u00a0: Les premiers v\u00e9hicules sortiront d\u2019usine en novembre 2023\"}]},{\"@type\":\"WebSite\",\"@id\":\"https:\\\/\\\/lasentinelle.dz\\\/#website\",\"url\":\"https:\\\/\\\/lasentinelle.dz\\\/\",\"name\":\"La Sentinelle\",\"description\":\"Quotidien national d&#039;information\",\"publisher\":{\"@id\":\"https:\\\/\\\/lasentinelle.dz\\\/#organization\"},\"potentialAction\":[{\"@type\":\"SearchAction\",\"target\":{\"@type\":\"EntryPoint\",\"urlTemplate\":\"https:\\\/\\\/lasentinelle.dz\\\/?s={search_term_string}\"},\"query-input\":{\"@type\":\"PropertyValueSpecification\",\"valueRequired\":true,\"valueName\":\"search_term_string\"}}],\"inLanguage\":\"fr-FR\"},{\"@type\":\"Organization\",\"@id\":\"https:\\\/\\\/lasentinelle.dz\\\/#organization\",\"name\":\"Quotidien La Sentinelle\",\"url\":\"https:\\\/\\\/lasentinelle.dz\\\/\",\"logo\":{\"@type\":\"ImageObject\",\"inLanguage\":\"fr-FR\",\"@id\":\"https:\\\/\\\/lasentinelle.dz\\\/#\\\/schema\\\/logo\\\/image\\\/\",\"url\":\"https:\\\/\\\/lasentinelle.dz\\\/wp-content\\\/uploads\\\/2021\\\/09\\\/logo-sentinelleSLOGAN-1.png\",\"contentUrl\":\"https:\\\/\\\/lasentinelle.dz\\\/wp-content\\\/uploads\\\/2021\\\/09\\\/logo-sentinelleSLOGAN-1.png\",\"width\":615,\"height\":142,\"caption\":\"Quotidien La Sentinelle\"},\"image\":{\"@id\":\"https:\\\/\\\/lasentinelle.dz\\\/#\\\/schema\\\/logo\\\/image\\\/\"},\"sameAs\":[\"https:\\\/\\\/www.facebook.com\\\/La-Sentinelle-104059864394773\"]},{\"@type\":\"Person\",\"@id\":\"https:\\\/\\\/lasentinelle.dz\\\/#\\\/schema\\\/person\\\/d865044e22e70a75174ce8bcad3acfb3\",\"name\":\"La Sentinelle\",\"image\":{\"@type\":\"ImageObject\",\"inLanguage\":\"fr-FR\",\"@id\":\"https:\\\/\\\/secure.gravatar.com\\\/avatar\\\/57de8e5d4b15d43fb361a71fbb36338450fe67865b528a43dd10ef7c51a20392?s=96&d=mm&r=g\",\"url\":\"https:\\\/\\\/secure.gravatar.com\\\/avatar\\\/57de8e5d4b15d43fb361a71fbb36338450fe67865b528a43dd10ef7c51a20392?s=96&d=mm&r=g\",\"contentUrl\":\"https:\\\/\\\/secure.gravatar.com\\\/avatar\\\/57de8e5d4b15d43fb361a71fbb36338450fe67865b528a43dd10ef7c51a20392?s=96&d=mm&r=g\",\"caption\":\"La Sentinelle\"},\"sameAs\":[\"http:\\\/\\\/www.lasentinelle.dz\"],\"url\":\"https:\\\/\\\/lasentinelle.dz\\\/author\\\/redaction\\\/\"}]}<\/script>\n<!-- \/ Yoast SEO plugin. -->","yoast_head_json":{"title":"Unit\u00e9 Fiat d\u2019Oran\u00a0: Les premiers v\u00e9hicules sortiront d\u2019usine en novembre 2023 - La Sentinelle","robots":{"index":"index","follow":"follow","max-snippet":"max-snippet:-1","max-image-preview":"max-image-preview:large","max-video-preview":"max-video-preview:-1"},"canonical":"https:\/\/lasentinelle.dz\/index.php\/2022\/11\/08\/unite-fiat-doran-les-premiers-vehicules-sortiront-dusine-en-novembre-2023\/","og_locale":"fr_FR","og_type":"article","og_title":"Unit\u00e9 Fiat d\u2019Oran\u00a0: Les premiers v\u00e9hicules sortiront d\u2019usine en novembre 2023 - La Sentinelle","og_description":"Les premiers v\u00e9hicules Fiat sortiront de l\u2019usine d\u2019Oran \u00e0 la fin 2023. Lundi, lors de son intervention au Forum du","og_url":"https:\/\/lasentinelle.dz\/index.php\/2022\/11\/08\/unite-fiat-doran-les-premiers-vehicules-sortiront-dusine-en-novembre-2023\/","og_site_name":"La Sentinelle","article_publisher":"https:\/\/www.facebook.com\/La-Sentinelle-104059864394773","article_published_time":"2022-11-08T21:08:00+00:00","og_image":[{"width":1763,"height":900,"url":"https:\/\/lasentinelle.dz\/wp-content\/uploads\/2022\/11\/fiat.png","type":"image\/png"}],"author":"La Sentinelle","twitter_card":"summary_large_image","twitter_misc":{"\u00c9crit par":"La Sentinelle","Dur\u00e9e de lecture estim\u00e9e":"3 minutes"},"schema":{"@context":"https:\/\/schema.org","@graph":[{"@type":"Article","@id":"https:\/\/lasentinelle.dz\/index.php\/2022\/11\/08\/unite-fiat-doran-les-premiers-vehicules-sortiront-dusine-en-novembre-2023\/#article","isPartOf":{"@id":"https:\/\/lasentinelle.dz\/index.php\/2022\/11\/08\/unite-fiat-doran-les-premiers-vehicules-sortiront-dusine-en-novembre-2023\/"},"author":{"name":"La Sentinelle","@id":"https:\/\/lasentinelle.dz\/#\/schema\/person\/d865044e22e70a75174ce8bcad3acfb3"},"headline":"Unit\u00e9 Fiat d\u2019Oran\u00a0: Les premiers v\u00e9hicules sortiront d\u2019usine en novembre 2023","datePublished":"2022-11-08T21:08:00+00:00","mainEntityOfPage":{"@id":"https:\/\/lasentinelle.dz\/index.php\/2022\/11\/08\/unite-fiat-doran-les-premiers-vehicules-sortiront-dusine-en-novembre-2023\/"},"wordCount":592,"commentCount":0,"publisher":{"@id":"https:\/\/lasentinelle.dz\/#organization"},"image":{"@id":"https:\/\/lasentinelle.dz\/index.php\/2022\/11\/08\/unite-fiat-doran-les-premiers-vehicules-sortiront-dusine-en-novembre-2023\/#primaryimage"},"thumbnailUrl":"https:\/\/lasentinelle.dz\/wp-content\/uploads\/2022\/11\/fiat.png","articleSection":["\u00c0 la Une","Actualit\u00e9"],"inLanguage":"fr-FR","potentialAction":[{"@type":"CommentAction","name":"Comment","target":["https:\/\/lasentinelle.dz\/index.php\/2022\/11\/08\/unite-fiat-doran-les-premiers-vehicules-sortiront-dusine-en-novembre-2023\/#respond"]}]},{"@type":"WebPage","@id":"https:\/\/lasentinelle.dz\/index.php\/2022\/11\/08\/unite-fiat-doran-les-premiers-vehicules-sortiront-dusine-en-novembre-2023\/","url":"https:\/\/lasentinelle.dz\/index.php\/2022\/11\/08\/unite-fiat-doran-les-premiers-vehicules-sortiront-dusine-en-novembre-2023\/","name":"Unit\u00e9 Fiat d\u2019Oran\u00a0: Les premiers v\u00e9hicules sortiront d\u2019usine en novembre 2023 - La Sentinelle","isPartOf":{"@id":"https:\/\/lasentinelle.dz\/#website"},"primaryImageOfPage":{"@id":"https:\/\/lasentinelle.dz\/index.php\/2022\/11\/08\/unite-fiat-doran-les-premiers-vehicules-sortiront-dusine-en-novembre-2023\/#primaryimage"},"image":{"@id":"https:\/\/lasentinelle.dz\/index.php\/2022\/11\/08\/unite-fiat-doran-les-premiers-vehicules-sortiront-dusine-en-novembre-2023\/#primaryimage"},"thumbnailUrl":"https:\/\/lasentinelle.dz\/wp-content\/uploads\/2022\/11\/fiat.png","datePublished":"2022-11-08T21:08:00+00:00","breadcrumb":{"@id":"https:\/\/lasentinelle.dz\/index.php\/2022\/11\/08\/unite-fiat-doran-les-premiers-vehicules-sortiront-dusine-en-novembre-2023\/#breadcrumb"},"inLanguage":"fr-FR","potentialAction":[{"@type":"ReadAction","target":["https:\/\/lasentinelle.dz\/index.php\/2022\/11\/08\/unite-fiat-doran-les-premiers-vehicules-sortiront-dusine-en-novembre-2023\/"]}]},{"@type":"ImageObject","inLanguage":"fr-FR","@id":"https:\/\/lasentinelle.dz\/index.php\/2022\/11\/08\/unite-fiat-doran-les-premiers-vehicules-sortiront-dusine-en-novembre-2023\/#primaryimage","url":"https:\/\/lasentinelle.dz\/wp-content\/uploads\/2022\/11\/fiat.png","contentUrl":"https:\/\/lasentinelle.dz\/wp-content\/uploads\/2022\/11\/fiat.png","width":1763,"height":900},{"@type":"BreadcrumbList","@id":"https:\/\/lasentinelle.dz\/index.php\/2022\/11\/08\/unite-fiat-doran-les-premiers-vehicules-sortiront-dusine-en-novembre-2023\/#breadcrumb","itemListElement":[{"@type":"ListItem","position":1,"name":"Accueil","item":"https:\/\/lasentinelle.dz\/"},{"@type":"ListItem","position":2,"name":"Unit\u00e9 Fiat d\u2019Oran\u00a0: Les premiers v\u00e9hicules sortiront d\u2019usine en novembre 2023"}]},{"@type":"WebSite","@id":"https:\/\/lasentinelle.dz\/#website","url":"https:\/\/lasentinelle.dz\/","name":"La Sentinelle","description":"Quotidien national d&#039;information","publisher":{"@id":"https:\/\/lasentinelle.dz\/#organization"},"potentialAction":[{"@type":"SearchAction","target":{"@type":"EntryPoint","urlTemplate":"https:\/\/lasentinelle.dz\/?s={search_term_string}"},"query-input":{"@type":"PropertyValueSpecification","valueRequired":true,"valueName":"search_term_string"}}],"inLanguage":"fr-FR"},{"@type":"Organization","@id":"https:\/\/lasentinelle.dz\/#organization","name":"Quotidien La Sentinelle","url":"https:\/\/lasentinelle.dz\/","logo":{"@type":"ImageObject","inLanguage":"fr-FR","@id":"https:\/\/lasentinelle.dz\/#\/schema\/logo\/image\/","url":"https:\/\/lasentinelle.dz\/wp-content\/uploads\/2021\/09\/logo-sentinelleSLOGAN-1.png","contentUrl":"https:\/\/lasentinelle.dz\/wp-content\/uploads\/2021\/09\/logo-sentinelleSLOGAN-1.png","width":615,"height":142,"caption":"Quotidien La Sentinelle"},"image":{"@id":"https:\/\/lasentinelle.dz\/#\/schema\/logo\/image\/"},"sameAs":["https:\/\/www.facebook.com\/La-Sentinelle-104059864394773"]},{"@type":"Person","@id":"https:\/\/lasentinelle.dz\/#\/schema\/person\/d865044e22e70a75174ce8bcad3acfb3","name":"La Sentinelle","image":{"@type":"ImageObject","inLanguage":"fr-FR","@id":"https:\/\/secure.gravatar.com\/avatar\/57de8e5d4b15d43fb361a71fbb36338450fe67865b528a43dd10ef7c51a20392?s=96&d=mm&r=g","url":"https:\/\/secure.gravatar.com\/avatar\/57de8e5d4b15d43fb361a71fbb36338450fe67865b528a43dd10ef7c51a20392?s=96&d=mm&r=g","contentUrl":"https:\/\/secure.gravatar.com\/avatar\/57de8e5d4b15d43fb361a71fbb36338450fe67865b528a43dd10ef7c51a20392?s=96&d=mm&r=g","caption":"La Sentinelle"},"sameAs":["http:\/\/www.lasentinelle.dz"],"url":"https:\/\/lasentinelle.dz\/author\/redaction\/"}]}},"_links":{"self":[{"href":"https:\/\/lasentinelle.dz\/index.php\/wp-json\/wp\/v2\/posts\/30402","targetHints":{"allow":["GET"]}}],"collection":[{"href":"https:\/\/lasentinelle.dz\/index.php\/wp-json\/wp\/v2\/posts"}],"about":[{"href":"https:\/\/lasentinelle.dz\/index.php\/wp-json\/wp\/v2\/types\/post"}],"author":[{"embeddable":true,"href":"https:\/\/lasentinelle.dz\/index.php\/wp-json\/wp\/v2\/users\/3"}],"replies":[{"embeddable":true,"href":"https:\/\/lasentinelle.dz\/index.php\/wp-json\/wp\/v2\/comments?post=30402"}],"version-history":[{"count":1,"href":"https:\/\/lasentinelle.dz\/index.php\/wp-json\/wp\/v2\/posts\/30402\/revisions"}],"predecessor-version":[{"id":30411,"href":"https:\/\/lasentinelle.dz\/index.php\/wp-json\/wp\/v2\/posts\/30402\/revisions\/30411"}],"wp:featuredmedia":[{"embeddable":true,"href":"https:\/\/lasentinelle.dz\/index.php\/wp-json\/wp\/v2\/media\/30410"}],"wp:attachment":[{"href":"https:\/\/lasentinelle.dz\/index.php\/wp-json\/wp\/v2\/media?parent=30402"}],"wp:term":[{"taxonomy":"category","embeddable":true,"href":"https:\/\/lasentinelle.dz\/index.php\/wp-json\/wp\/v2\/categories?post=30402"},{"taxonomy":"post_tag","embeddable":true,"href":"https:\/\/lasentinelle.dz\/index.php\/wp-json\/wp\/v2\/tags?post=30402"}],"curies":[{"name":"wp","href":"https:\/\/api.w.org\/{rel}","templated":true}]}}