{"id":30492,"date":"2022-11-09T22:15:00","date_gmt":"2022-11-09T21:15:00","guid":{"rendered":"https:\/\/lasentinelle.dz\/?p=30492"},"modified":"2022-11-09T20:34:41","modified_gmt":"2022-11-09T19:34:41","slug":"surcharge-des-classes-les-syndicats-reviennent-a-la-charge","status":"publish","type":"post","link":"https:\/\/lasentinelle.dz\/index.php\/2022\/11\/09\/surcharge-des-classes-les-syndicats-reviennent-a-la-charge\/","title":{"rendered":"Surcharge des classes\u00a0: Les syndicats reviennent \u00e0 la charge"},"content":{"rendered":"\n<p>Le dossier de la surcharge des classes est, \u00e0 chaque fois, remis sur la table par les syndicats de l&rsquo;\u00e9ducation. Un probl\u00e8me qui ne semble pas avoir \u00e9t\u00e9 totalement r\u00e9gl\u00e9, si l&rsquo;on croit ces derniers.&nbsp;<\/p>\n\n\n\n<p>Hier, l\u2019Organisation alg\u00e9rienne des professeurs de l\u2019\u00e9ducation (OAPE) a \u00e9voqu\u00e9, dans le communiqu\u00e9 sanctionnant les travaux de la derni\u00e8re session de son conseil national qui s&rsquo;est tenu les 4 et 5 novembre, \u00ab\u00a0la n\u00e9cessit\u00e9 de trouver des solutions urgentes \u00e0 la surcharge catastrophique des classes qui a caract\u00e9ris\u00e9 la rentr\u00e9e scolaire 2022\/2023 avec la mise en place d&rsquo;une strat\u00e9gie prospective qui r\u00e8glera d\u00e9finitivement le probl\u00e8me loin des solutions conjoncturelles\u00a0\u00bb. Tout en r\u00e9it\u00e9rant ses revendications habituelles, d&rsquo;ordre socio-professionnel, le syndicat a indiqu\u00e9 que ses repr\u00e9sentants dans les diff\u00e9rentes wilayas ont rapport\u00e9 des cas de \u00ab\u00a0surcharge in\u00e9gal\u00e9e\u00a0\u00bb. Le 21 septembre dernier, en donnant le coup d&rsquo;envoi officiel de l&rsquo;ann\u00e9e scolaire, \u00e0 Djanet, le ministre de l&rsquo;\u00c9ducation nationale, Abdelhakim Belabed, avait affirm\u00e9 que \u00ab\u00a0le probl\u00e8me de surcharge des classes avait \u00e9t\u00e9 r\u00e9solu avec les moyens disponibles\u00a0\u00bb. Il a estim\u00e9 que le ph\u00e9nom\u00e8ne \u00ab\u00a0n&rsquo;\u00e9tait pas aussi grave que ce que l&rsquo;on rapporte\u00a0\u00bb. Il a ajout\u00e9 que \u00ab\u00a0des \u00e9tablissements \u00e9ducatifs avaient \u00e9t\u00e9 confront\u00e9s \u00e0 la surcharge en raison de la faible cadence de r\u00e9alisation des infrastructures, induite par la pand\u00e9mie Covid-19\u00a0\u00bb. En annon\u00e7ant le 1er septembre le retour au syst\u00e8me habituel d&rsquo;enseignement, abandonnant donc le \u00ab\u00a0syst\u00e8me exceptionnel (par groupes)\u00a0\u00bb, instaur\u00e9 \u00e0 cause du Covid 19, certains repr\u00e9sentants des travailleurs du secteur avaient exprim\u00e9 des craintes quant \u00e0 ce ph\u00e9nom\u00e8ne, alors que d&rsquo;autres syndicalistes avaient estim\u00e9 que le probl\u00e8me de la surcharge des classes \u00e9tait ant\u00e9rieur \u00e0 la situation induite par la pand\u00e9mie. Finalement, malgr\u00e9 les assurances des responsables du secteur, des organisations syndicales reviennent \u00e0 chaque fois \u00e0 la charge pour \u00e9voquer cette probl\u00e9matique, m\u00eame si cette derni\u00e8re est apparemment relative puisque ce n&rsquo;est pas tous les \u00e9tablissements, ni toutes les classes dans un m\u00eame \u00e9tablissement, qui sont touch\u00e9s. Certains \u00e9tablissements scolaires, \u00e0 Alger m\u00eame, ont maintenu un syst\u00e8me d&rsquo;enseignement par groupe, et ce en raison de l&rsquo;importance du nombre des enfants scolaris\u00e9s par rapport aux places disponibles. C&rsquo;est le cas notamment au niveau de certains quartiers de la capitale, satur\u00e9s, et o\u00f9 il n&rsquo;est plus possible de construire de nouvelles \u00e9coles fautes d&rsquo;espace (le probl\u00e8me se pose beaucoup plus pour le primaire, les enfants devant \u00eatre scolaris\u00e9s au niveau d&rsquo;\u00e9tablissements proches de leurs domiciles). Dans d&rsquo;autres cas, pour ce qui est du secondaire par exemple, c&rsquo;est certaines fili\u00e8res (science naturelles par exemple) qui sont satur\u00e9es. Combien d&rsquo;\u00e9tablissements scolaires sont dans cette situation \u00e0 l&rsquo;\u00e9chelle nationale ? Jusque-l\u00e0, ni la tutelle, ni les syndicats n&rsquo;ont formul\u00e9 de donn\u00e9es pr\u00e9cises quant \u00e0 l&rsquo;ampleur du ph\u00e9nom\u00e8ne. Des \u00ab\u00a0incompr\u00e9hensions\u00a0\u00bb existent \u00e9galement entre les diff\u00e9rentes parties quant au seuil jug\u00e9 \u00ab\u00a0acceptable\u00a0\u00bb du nombre d&rsquo;\u00e9l\u00e8ves par classe. Il faut rappeler, en dernier lieu, que le minist\u00e8re de l&rsquo;\u00c9ducation nationale a pris des mesures pour r\u00e9gler l&rsquo;autre probl\u00e8me \u00e9voqu\u00e9 avec insistance aussi par les repr\u00e9sentants des travailleurs et parents d&rsquo;\u00e9l\u00e8ves, relatif au poids du cartable, et ce, en mettant \u00e0 la disposition des \u00e9coliers, au niveau de leurs \u00e9tablissements, un second lot de livres. Ainsi, si ce probl\u00e8me a pu \u00eatre r\u00e9gl\u00e9, ou sur le point de l&rsquo;\u00eatre \u2013 l&rsquo;op\u00e9ration a d\u00e9but\u00e9 depuis plusieurs jours &#8211; celui relatif \u00e0 la surcharge des classes, para\u00eet plus complexe dans certains cas.<\/p>\n\n\n\n<p><strong>Elyas Nour<\/strong><\/p>\n","protected":false},"excerpt":{"rendered":"<p>Le dossier de la surcharge des classes est, \u00e0 chaque fois, remis sur la table par les syndicats de l&rsquo;\u00e9ducation.<\/p>\n","protected":false},"author":3,"featured_media":30499,"comment_status":"open","ping_status":"closed","sticky":false,"template":"","format":"standard","meta":{"colormag_page_container_layout":"default_layout","colormag_page_sidebar_layout":"default_layout","om_disable_all_campaigns":false,"_monsterinsights_skip_tracking":false,"_monsterinsights_sitenote_active":false,"_monsterinsights_sitenote_note":"","_monsterinsights_sitenote_category":0,"footnotes":"","_wpscppro_dont_share_socialmedia":false,"_wpscppro_custom_social_share_image":0,"_facebook_share_type":"","_twitter_share_type":"","_linkedin_share_type":"","_pinterest_share_type":"","_linkedin_share_type_page":"","_instagram_share_type":"","_medium_share_type":"","_threads_share_type":"","_google_business_share_type":"","_selected_social_profile":[],"_wpsp_enable_custom_social_template":false,"_wpsp_social_scheduling":{"enabled":false,"datetime":null,"platforms":[],"status":"template_only","dateOption":"today","timeOption":"now","customDays":"","customHours":"","customDate":"","customTime":"","schedulingType":"absolute"},"_wpsp_active_default_template":true},"categories":[52,27],"tags":[],"class_list":["post-30492","post","type-post","status-publish","format-standard","has-post-thumbnail","hentry","category-a-la-une","category-actualite"],"aioseo_notices":[],"yoast_head":"<!-- This site is optimized with the Yoast SEO plugin v27.5 - https:\/\/yoast.com\/product\/yoast-seo-wordpress\/ -->\n<title>Surcharge des classes\u00a0: Les syndicats reviennent \u00e0 la charge - La Sentinelle<\/title>\n<meta name=\"robots\" content=\"index, follow, max-snippet:-1, max-image-preview:large, max-video-preview:-1\" \/>\n<link rel=\"canonical\" href=\"https:\/\/lasentinelle.dz\/index.php\/2022\/11\/09\/surcharge-des-classes-les-syndicats-reviennent-a-la-charge\/\" \/>\n<meta property=\"og:locale\" content=\"fr_FR\" \/>\n<meta property=\"og:type\" content=\"article\" \/>\n<meta property=\"og:title\" content=\"Surcharge des classes\u00a0: Les syndicats reviennent \u00e0 la charge - La Sentinelle\" \/>\n<meta property=\"og:description\" content=\"Le dossier de la surcharge des classes est, \u00e0 chaque fois, remis sur la table par les syndicats de l&rsquo;\u00e9ducation.\" \/>\n<meta property=\"og:url\" content=\"https:\/\/lasentinelle.dz\/index.php\/2022\/11\/09\/surcharge-des-classes-les-syndicats-reviennent-a-la-charge\/\" \/>\n<meta property=\"og:site_name\" content=\"La Sentinelle\" \/>\n<meta property=\"article:publisher\" content=\"https:\/\/www.facebook.com\/La-Sentinelle-104059864394773\" \/>\n<meta property=\"article:published_time\" content=\"2022-11-09T21:15:00+00:00\" \/>\n<meta property=\"og:image\" content=\"https:\/\/lasentinelle.dz\/wp-content\/uploads\/2022\/11\/classes.png\" \/>\n\t<meta property=\"og:image:width\" content=\"1491\" \/>\n\t<meta property=\"og:image:height\" content=\"900\" \/>\n\t<meta property=\"og:image:type\" content=\"image\/png\" \/>\n<meta name=\"author\" content=\"La Sentinelle\" \/>\n<meta name=\"twitter:card\" content=\"summary_large_image\" \/>\n<meta name=\"twitter:label1\" content=\"\u00c9crit par\" \/>\n\t<meta name=\"twitter:data1\" content=\"La Sentinelle\" \/>\n\t<meta name=\"twitter:label2\" content=\"Dur\u00e9e de lecture estim\u00e9e\" \/>\n\t<meta name=\"twitter:data2\" content=\"3 minutes\" \/>\n<script type=\"application\/ld+json\" class=\"yoast-schema-graph\">{\"@context\":\"https:\\\/\\\/schema.org\",\"@graph\":[{\"@type\":\"Article\",\"@id\":\"https:\\\/\\\/lasentinelle.dz\\\/index.php\\\/2022\\\/11\\\/09\\\/surcharge-des-classes-les-syndicats-reviennent-a-la-charge\\\/#article\",\"isPartOf\":{\"@id\":\"https:\\\/\\\/lasentinelle.dz\\\/index.php\\\/2022\\\/11\\\/09\\\/surcharge-des-classes-les-syndicats-reviennent-a-la-charge\\\/\"},\"author\":{\"name\":\"La Sentinelle\",\"@id\":\"https:\\\/\\\/lasentinelle.dz\\\/#\\\/schema\\\/person\\\/d865044e22e70a75174ce8bcad3acfb3\"},\"headline\":\"Surcharge des classes\u00a0: Les syndicats reviennent \u00e0 la charge\",\"datePublished\":\"2022-11-09T21:15:00+00:00\",\"mainEntityOfPage\":{\"@id\":\"https:\\\/\\\/lasentinelle.dz\\\/index.php\\\/2022\\\/11\\\/09\\\/surcharge-des-classes-les-syndicats-reviennent-a-la-charge\\\/\"},\"wordCount\":640,\"commentCount\":0,\"publisher\":{\"@id\":\"https:\\\/\\\/lasentinelle.dz\\\/#organization\"},\"image\":{\"@id\":\"https:\\\/\\\/lasentinelle.dz\\\/index.php\\\/2022\\\/11\\\/09\\\/surcharge-des-classes-les-syndicats-reviennent-a-la-charge\\\/#primaryimage\"},\"thumbnailUrl\":\"https:\\\/\\\/lasentinelle.dz\\\/wp-content\\\/uploads\\\/2022\\\/11\\\/classes.png\",\"articleSection\":[\"\u00c0 la Une\",\"Actualit\u00e9\"],\"inLanguage\":\"fr-FR\",\"potentialAction\":[{\"@type\":\"CommentAction\",\"name\":\"Comment\",\"target\":[\"https:\\\/\\\/lasentinelle.dz\\\/index.php\\\/2022\\\/11\\\/09\\\/surcharge-des-classes-les-syndicats-reviennent-a-la-charge\\\/#respond\"]}]},{\"@type\":\"WebPage\",\"@id\":\"https:\\\/\\\/lasentinelle.dz\\\/index.php\\\/2022\\\/11\\\/09\\\/surcharge-des-classes-les-syndicats-reviennent-a-la-charge\\\/\",\"url\":\"https:\\\/\\\/lasentinelle.dz\\\/index.php\\\/2022\\\/11\\\/09\\\/surcharge-des-classes-les-syndicats-reviennent-a-la-charge\\\/\",\"name\":\"Surcharge des classes\u00a0: Les syndicats reviennent \u00e0 la charge - La Sentinelle\",\"isPartOf\":{\"@id\":\"https:\\\/\\\/lasentinelle.dz\\\/#website\"},\"primaryImageOfPage\":{\"@id\":\"https:\\\/\\\/lasentinelle.dz\\\/index.php\\\/2022\\\/11\\\/09\\\/surcharge-des-classes-les-syndicats-reviennent-a-la-charge\\\/#primaryimage\"},\"image\":{\"@id\":\"https:\\\/\\\/lasentinelle.dz\\\/index.php\\\/2022\\\/11\\\/09\\\/surcharge-des-classes-les-syndicats-reviennent-a-la-charge\\\/#primaryimage\"},\"thumbnailUrl\":\"https:\\\/\\\/lasentinelle.dz\\\/wp-content\\\/uploads\\\/2022\\\/11\\\/classes.png\",\"datePublished\":\"2022-11-09T21:15:00+00:00\",\"breadcrumb\":{\"@id\":\"https:\\\/\\\/lasentinelle.dz\\\/index.php\\\/2022\\\/11\\\/09\\\/surcharge-des-classes-les-syndicats-reviennent-a-la-charge\\\/#breadcrumb\"},\"inLanguage\":\"fr-FR\",\"potentialAction\":[{\"@type\":\"ReadAction\",\"target\":[\"https:\\\/\\\/lasentinelle.dz\\\/index.php\\\/2022\\\/11\\\/09\\\/surcharge-des-classes-les-syndicats-reviennent-a-la-charge\\\/\"]}]},{\"@type\":\"ImageObject\",\"inLanguage\":\"fr-FR\",\"@id\":\"https:\\\/\\\/lasentinelle.dz\\\/index.php\\\/2022\\\/11\\\/09\\\/surcharge-des-classes-les-syndicats-reviennent-a-la-charge\\\/#primaryimage\",\"url\":\"https:\\\/\\\/lasentinelle.dz\\\/wp-content\\\/uploads\\\/2022\\\/11\\\/classes.png\",\"contentUrl\":\"https:\\\/\\\/lasentinelle.dz\\\/wp-content\\\/uploads\\\/2022\\\/11\\\/classes.png\",\"width\":1491,\"height\":900},{\"@type\":\"BreadcrumbList\",\"@id\":\"https:\\\/\\\/lasentinelle.dz\\\/index.php\\\/2022\\\/11\\\/09\\\/surcharge-des-classes-les-syndicats-reviennent-a-la-charge\\\/#breadcrumb\",\"itemListElement\":[{\"@type\":\"ListItem\",\"position\":1,\"name\":\"Accueil\",\"item\":\"https:\\\/\\\/lasentinelle.dz\\\/\"},{\"@type\":\"ListItem\",\"position\":2,\"name\":\"Surcharge des classes\u00a0: Les syndicats reviennent \u00e0 la charge\"}]},{\"@type\":\"WebSite\",\"@id\":\"https:\\\/\\\/lasentinelle.dz\\\/#website\",\"url\":\"https:\\\/\\\/lasentinelle.dz\\\/\",\"name\":\"La Sentinelle\",\"description\":\"Quotidien national d&#039;information\",\"publisher\":{\"@id\":\"https:\\\/\\\/lasentinelle.dz\\\/#organization\"},\"potentialAction\":[{\"@type\":\"SearchAction\",\"target\":{\"@type\":\"EntryPoint\",\"urlTemplate\":\"https:\\\/\\\/lasentinelle.dz\\\/?s={search_term_string}\"},\"query-input\":{\"@type\":\"PropertyValueSpecification\",\"valueRequired\":true,\"valueName\":\"search_term_string\"}}],\"inLanguage\":\"fr-FR\"},{\"@type\":\"Organization\",\"@id\":\"https:\\\/\\\/lasentinelle.dz\\\/#organization\",\"name\":\"Quotidien La Sentinelle\",\"url\":\"https:\\\/\\\/lasentinelle.dz\\\/\",\"logo\":{\"@type\":\"ImageObject\",\"inLanguage\":\"fr-FR\",\"@id\":\"https:\\\/\\\/lasentinelle.dz\\\/#\\\/schema\\\/logo\\\/image\\\/\",\"url\":\"https:\\\/\\\/lasentinelle.dz\\\/wp-content\\\/uploads\\\/2021\\\/09\\\/logo-sentinelleSLOGAN-1.png\",\"contentUrl\":\"https:\\\/\\\/lasentinelle.dz\\\/wp-content\\\/uploads\\\/2021\\\/09\\\/logo-sentinelleSLOGAN-1.png\",\"width\":615,\"height\":142,\"caption\":\"Quotidien La Sentinelle\"},\"image\":{\"@id\":\"https:\\\/\\\/lasentinelle.dz\\\/#\\\/schema\\\/logo\\\/image\\\/\"},\"sameAs\":[\"https:\\\/\\\/www.facebook.com\\\/La-Sentinelle-104059864394773\"]},{\"@type\":\"Person\",\"@id\":\"https:\\\/\\\/lasentinelle.dz\\\/#\\\/schema\\\/person\\\/d865044e22e70a75174ce8bcad3acfb3\",\"name\":\"La Sentinelle\",\"image\":{\"@type\":\"ImageObject\",\"inLanguage\":\"fr-FR\",\"@id\":\"https:\\\/\\\/secure.gravatar.com\\\/avatar\\\/57de8e5d4b15d43fb361a71fbb36338450fe67865b528a43dd10ef7c51a20392?s=96&d=mm&r=g\",\"url\":\"https:\\\/\\\/secure.gravatar.com\\\/avatar\\\/57de8e5d4b15d43fb361a71fbb36338450fe67865b528a43dd10ef7c51a20392?s=96&d=mm&r=g\",\"contentUrl\":\"https:\\\/\\\/secure.gravatar.com\\\/avatar\\\/57de8e5d4b15d43fb361a71fbb36338450fe67865b528a43dd10ef7c51a20392?s=96&d=mm&r=g\",\"caption\":\"La Sentinelle\"},\"sameAs\":[\"http:\\\/\\\/www.lasentinelle.dz\"],\"url\":\"https:\\\/\\\/lasentinelle.dz\\\/author\\\/redaction\\\/\"}]}<\/script>\n<!-- \/ Yoast SEO plugin. -->","yoast_head_json":{"title":"Surcharge des classes\u00a0: Les syndicats reviennent \u00e0 la charge - La Sentinelle","robots":{"index":"index","follow":"follow","max-snippet":"max-snippet:-1","max-image-preview":"max-image-preview:large","max-video-preview":"max-video-preview:-1"},"canonical":"https:\/\/lasentinelle.dz\/index.php\/2022\/11\/09\/surcharge-des-classes-les-syndicats-reviennent-a-la-charge\/","og_locale":"fr_FR","og_type":"article","og_title":"Surcharge des classes\u00a0: Les syndicats reviennent \u00e0 la charge - La Sentinelle","og_description":"Le dossier de la surcharge des classes est, \u00e0 chaque fois, remis sur la table par les syndicats de l&rsquo;\u00e9ducation.","og_url":"https:\/\/lasentinelle.dz\/index.php\/2022\/11\/09\/surcharge-des-classes-les-syndicats-reviennent-a-la-charge\/","og_site_name":"La Sentinelle","article_publisher":"https:\/\/www.facebook.com\/La-Sentinelle-104059864394773","article_published_time":"2022-11-09T21:15:00+00:00","og_image":[{"width":1491,"height":900,"url":"https:\/\/lasentinelle.dz\/wp-content\/uploads\/2022\/11\/classes.png","type":"image\/png"}],"author":"La Sentinelle","twitter_card":"summary_large_image","twitter_misc":{"\u00c9crit par":"La Sentinelle","Dur\u00e9e de lecture estim\u00e9e":"3 minutes"},"schema":{"@context":"https:\/\/schema.org","@graph":[{"@type":"Article","@id":"https:\/\/lasentinelle.dz\/index.php\/2022\/11\/09\/surcharge-des-classes-les-syndicats-reviennent-a-la-charge\/#article","isPartOf":{"@id":"https:\/\/lasentinelle.dz\/index.php\/2022\/11\/09\/surcharge-des-classes-les-syndicats-reviennent-a-la-charge\/"},"author":{"name":"La Sentinelle","@id":"https:\/\/lasentinelle.dz\/#\/schema\/person\/d865044e22e70a75174ce8bcad3acfb3"},"headline":"Surcharge des classes\u00a0: Les syndicats reviennent \u00e0 la charge","datePublished":"2022-11-09T21:15:00+00:00","mainEntityOfPage":{"@id":"https:\/\/lasentinelle.dz\/index.php\/2022\/11\/09\/surcharge-des-classes-les-syndicats-reviennent-a-la-charge\/"},"wordCount":640,"commentCount":0,"publisher":{"@id":"https:\/\/lasentinelle.dz\/#organization"},"image":{"@id":"https:\/\/lasentinelle.dz\/index.php\/2022\/11\/09\/surcharge-des-classes-les-syndicats-reviennent-a-la-charge\/#primaryimage"},"thumbnailUrl":"https:\/\/lasentinelle.dz\/wp-content\/uploads\/2022\/11\/classes.png","articleSection":["\u00c0 la Une","Actualit\u00e9"],"inLanguage":"fr-FR","potentialAction":[{"@type":"CommentAction","name":"Comment","target":["https:\/\/lasentinelle.dz\/index.php\/2022\/11\/09\/surcharge-des-classes-les-syndicats-reviennent-a-la-charge\/#respond"]}]},{"@type":"WebPage","@id":"https:\/\/lasentinelle.dz\/index.php\/2022\/11\/09\/surcharge-des-classes-les-syndicats-reviennent-a-la-charge\/","url":"https:\/\/lasentinelle.dz\/index.php\/2022\/11\/09\/surcharge-des-classes-les-syndicats-reviennent-a-la-charge\/","name":"Surcharge des classes\u00a0: Les syndicats reviennent \u00e0 la charge - La Sentinelle","isPartOf":{"@id":"https:\/\/lasentinelle.dz\/#website"},"primaryImageOfPage":{"@id":"https:\/\/lasentinelle.dz\/index.php\/2022\/11\/09\/surcharge-des-classes-les-syndicats-reviennent-a-la-charge\/#primaryimage"},"image":{"@id":"https:\/\/lasentinelle.dz\/index.php\/2022\/11\/09\/surcharge-des-classes-les-syndicats-reviennent-a-la-charge\/#primaryimage"},"thumbnailUrl":"https:\/\/lasentinelle.dz\/wp-content\/uploads\/2022\/11\/classes.png","datePublished":"2022-11-09T21:15:00+00:00","breadcrumb":{"@id":"https:\/\/lasentinelle.dz\/index.php\/2022\/11\/09\/surcharge-des-classes-les-syndicats-reviennent-a-la-charge\/#breadcrumb"},"inLanguage":"fr-FR","potentialAction":[{"@type":"ReadAction","target":["https:\/\/lasentinelle.dz\/index.php\/2022\/11\/09\/surcharge-des-classes-les-syndicats-reviennent-a-la-charge\/"]}]},{"@type":"ImageObject","inLanguage":"fr-FR","@id":"https:\/\/lasentinelle.dz\/index.php\/2022\/11\/09\/surcharge-des-classes-les-syndicats-reviennent-a-la-charge\/#primaryimage","url":"https:\/\/lasentinelle.dz\/wp-content\/uploads\/2022\/11\/classes.png","contentUrl":"https:\/\/lasentinelle.dz\/wp-content\/uploads\/2022\/11\/classes.png","width":1491,"height":900},{"@type":"BreadcrumbList","@id":"https:\/\/lasentinelle.dz\/index.php\/2022\/11\/09\/surcharge-des-classes-les-syndicats-reviennent-a-la-charge\/#breadcrumb","itemListElement":[{"@type":"ListItem","position":1,"name":"Accueil","item":"https:\/\/lasentinelle.dz\/"},{"@type":"ListItem","position":2,"name":"Surcharge des classes\u00a0: Les syndicats reviennent \u00e0 la charge"}]},{"@type":"WebSite","@id":"https:\/\/lasentinelle.dz\/#website","url":"https:\/\/lasentinelle.dz\/","name":"La Sentinelle","description":"Quotidien national d&#039;information","publisher":{"@id":"https:\/\/lasentinelle.dz\/#organization"},"potentialAction":[{"@type":"SearchAction","target":{"@type":"EntryPoint","urlTemplate":"https:\/\/lasentinelle.dz\/?s={search_term_string}"},"query-input":{"@type":"PropertyValueSpecification","valueRequired":true,"valueName":"search_term_string"}}],"inLanguage":"fr-FR"},{"@type":"Organization","@id":"https:\/\/lasentinelle.dz\/#organization","name":"Quotidien La Sentinelle","url":"https:\/\/lasentinelle.dz\/","logo":{"@type":"ImageObject","inLanguage":"fr-FR","@id":"https:\/\/lasentinelle.dz\/#\/schema\/logo\/image\/","url":"https:\/\/lasentinelle.dz\/wp-content\/uploads\/2021\/09\/logo-sentinelleSLOGAN-1.png","contentUrl":"https:\/\/lasentinelle.dz\/wp-content\/uploads\/2021\/09\/logo-sentinelleSLOGAN-1.png","width":615,"height":142,"caption":"Quotidien La Sentinelle"},"image":{"@id":"https:\/\/lasentinelle.dz\/#\/schema\/logo\/image\/"},"sameAs":["https:\/\/www.facebook.com\/La-Sentinelle-104059864394773"]},{"@type":"Person","@id":"https:\/\/lasentinelle.dz\/#\/schema\/person\/d865044e22e70a75174ce8bcad3acfb3","name":"La Sentinelle","image":{"@type":"ImageObject","inLanguage":"fr-FR","@id":"https:\/\/secure.gravatar.com\/avatar\/57de8e5d4b15d43fb361a71fbb36338450fe67865b528a43dd10ef7c51a20392?s=96&d=mm&r=g","url":"https:\/\/secure.gravatar.com\/avatar\/57de8e5d4b15d43fb361a71fbb36338450fe67865b528a43dd10ef7c51a20392?s=96&d=mm&r=g","contentUrl":"https:\/\/secure.gravatar.com\/avatar\/57de8e5d4b15d43fb361a71fbb36338450fe67865b528a43dd10ef7c51a20392?s=96&d=mm&r=g","caption":"La Sentinelle"},"sameAs":["http:\/\/www.lasentinelle.dz"],"url":"https:\/\/lasentinelle.dz\/author\/redaction\/"}]}},"_links":{"self":[{"href":"https:\/\/lasentinelle.dz\/index.php\/wp-json\/wp\/v2\/posts\/30492","targetHints":{"allow":["GET"]}}],"collection":[{"href":"https:\/\/lasentinelle.dz\/index.php\/wp-json\/wp\/v2\/posts"}],"about":[{"href":"https:\/\/lasentinelle.dz\/index.php\/wp-json\/wp\/v2\/types\/post"}],"author":[{"embeddable":true,"href":"https:\/\/lasentinelle.dz\/index.php\/wp-json\/wp\/v2\/users\/3"}],"replies":[{"embeddable":true,"href":"https:\/\/lasentinelle.dz\/index.php\/wp-json\/wp\/v2\/comments?post=30492"}],"version-history":[{"count":1,"href":"https:\/\/lasentinelle.dz\/index.php\/wp-json\/wp\/v2\/posts\/30492\/revisions"}],"predecessor-version":[{"id":30502,"href":"https:\/\/lasentinelle.dz\/index.php\/wp-json\/wp\/v2\/posts\/30492\/revisions\/30502"}],"wp:featuredmedia":[{"embeddable":true,"href":"https:\/\/lasentinelle.dz\/index.php\/wp-json\/wp\/v2\/media\/30499"}],"wp:attachment":[{"href":"https:\/\/lasentinelle.dz\/index.php\/wp-json\/wp\/v2\/media?parent=30492"}],"wp:term":[{"taxonomy":"category","embeddable":true,"href":"https:\/\/lasentinelle.dz\/index.php\/wp-json\/wp\/v2\/categories?post=30492"},{"taxonomy":"post_tag","embeddable":true,"href":"https:\/\/lasentinelle.dz\/index.php\/wp-json\/wp\/v2\/tags?post=30492"}],"curies":[{"name":"wp","href":"https:\/\/api.w.org\/{rel}","templated":true}]}}