{"id":30552,"date":"2022-11-12T22:05:00","date_gmt":"2022-11-12T21:05:00","guid":{"rendered":"https:\/\/lasentinelle.dz\/?p=30552"},"modified":"2022-11-12T21:08:40","modified_gmt":"2022-11-12T20:08:40","slug":"universite-orienter-les-etudiants-vers-linnovation","status":"publish","type":"post","link":"https:\/\/lasentinelle.dz\/index.php\/2022\/11\/12\/universite-orienter-les-etudiants-vers-linnovation\/","title":{"rendered":"Universit\u00e9\u00a0: Orienter les \u00e9tudiants vers l\u2019innovation"},"content":{"rendered":"\n<p class=\"wp-block-paragraph\">Le ministre de l&rsquo;Enseignement sup\u00e9rieur et de la Recherche scientifique, Kamel Baddari, a affirm\u00e9 hier Lors d&rsquo;une rencontre l&rsquo;ayant r\u00e9uni avec les \u00e9tudiants de l&rsquo;Universit\u00e9 des sciences et la technologie \u00ab\u00a0Houari Boumediene\u00a0\u00bb (USTHB)\u00e0 Alger la n\u00e9cessit\u00e9 de valoriser les r\u00e9sultats de la recherche scientifique et d&rsquo;orienter les \u00e9tudiants vers l&rsquo;innovation pour la transformation du savoir en produits commercialisables, contribuant ainsi \u00e0 la relance de l&rsquo;\u00e9conomie nationale.M. Baddari a soulign\u00e9 \u00ab\u00a0qu&rsquo;il est temps de b\u00e9n\u00e9ficier des r\u00e9sultats de la recherche scientifique et de d\u00e9passer le stade de l&rsquo;archivage des r\u00e9sultats de la recherche, \u00e0 travers la contribution \u00e0 la cr\u00e9ation de richesses et des postes d&#8217;emploi, notamment \u00e0 la lumi\u00e8re des facilit\u00e9s offertes par les autorit\u00e9s aux \u00e9tudiants dans le but de les encourager \u00e0 transformer leurs projets innovateurs en produits commercialisables\u00a0\u00bb.Le ministre a cit\u00e9, dans ce sens, une s\u00e9rie de mesures prises pour accompagner l&rsquo;\u00e9tudiant dans la cr\u00e9ation de sa propre start-up, comme la garantie des locaux devant abriter les projets et l&rsquo;acc\u00e8s au registre du commerce, et ce apr\u00e8s l&rsquo;obtention de la m\u00e9daille de la start-up d\u00e9cern\u00e9e par le minist\u00e8re de l&rsquo;Economie de la connaissance, des Start-up et des Micro-entreprises.La nouvelle vision de l&rsquo;universit\u00e9 tend \u00e0 en faire un \u00e9tablissement au service de son environnement socio-\u00e9conomique, \u00e0 la faveur de sa contribution \u00e0 la relance de l&rsquo;\u00e9conomie nationale, bas\u00e9e sur l&rsquo;\u00e9conomie du savoir, a-t-il soutenu, pr\u00e9cisant qu&rsquo;il s&rsquo;agit de \u00ab\u00a0la base de la feuille de route du secteur\u00a0\u00bb.<\/p>\n\n\n\n<p class=\"wp-block-paragraph\">R.N.<\/p>\n","protected":false},"excerpt":{"rendered":"<p>Le ministre de l&rsquo;Enseignement sup\u00e9rieur et de la Recherche scientifique, Kamel Baddari, a affirm\u00e9 hier Lors d&rsquo;une rencontre l&rsquo;ayant r\u00e9uni<\/p>\n","protected":false},"author":3,"featured_media":30608,"comment_status":"open","ping_status":"closed","sticky":false,"template":"","format":"standard","meta":{"colormag_page_container_layout":"default_layout","colormag_page_sidebar_layout":"default_layout","om_disable_all_campaigns":false,"_monsterinsights_skip_tracking":false,"footnotes":"","_wpscppro_dont_share_socialmedia":false,"_wpscppro_custom_social_share_image":0,"_facebook_share_type":"","_twitter_share_type":"","_linkedin_share_type":"","_pinterest_share_type":"","_linkedin_share_type_page":"","_instagram_share_type":"","_medium_share_type":"","_threads_share_type":"","_google_business_share_type":"","_bluesky_share_type":"","_mastodon_share_type":"","_selected_social_profile":[],"_wpsp_enable_custom_social_template":false,"_wpsp_social_scheduling":{"enabled":false,"datetime":null,"platforms":[],"status":"template_only","dateOption":"today","timeOption":"now","customDays":"","customHours":"","customDate":"","customTime":"","schedulingType":"absolute"},"_wpsp_active_default_template":true},"categories":[27],"tags":[],"class_list":["post-30552","post","type-post","status-publish","format-standard","has-post-thumbnail","hentry","category-actualite"],"aioseo_notices":[],"aioseo_head":"\n\t\t<!-- All in One SEO 5.0.0.1 - aioseo.com -->\n\t<meta name=\"description\" content=\"Le ministre de l&#039;Enseignement sup\u00e9rieur et de la Recherche scientifique, Kamel Baddari, a affirm\u00e9 hier Lors d&#039;une rencontre l&#039;ayant r\u00e9uni avec les \u00e9tudiants de l&#039;Universit\u00e9 des sciences et la technologie &quot;Houari Boumediene&quot; (USTHB)\u00e0 Alger la n\u00e9cessit\u00e9 de valoriser les r\u00e9sultats de la recherche scientifique et d&#039;orienter les \u00e9tudiants vers l&#039;innovation pour la transformation du savoir\" \/>\n\t<meta name=\"robots\" content=\"max-image-preview:large\" \/>\n\t<meta name=\"author\" content=\"La Sentinelle\"\/>\n\t<link rel=\"canonical\" href=\"https:\/\/lasentinelle.dz\/index.php\/2022\/11\/12\/universite-orienter-les-etudiants-vers-linnovation\/\" \/>\n\t<meta name=\"generator\" content=\"All in One SEO (AIOSEO) 5.0.0.1\" \/>\n\t\t<meta property=\"og:locale\" content=\"fr_FR\" \/>\n\t\t<meta property=\"og:site_name\" content=\"La Sentinelle - Quotidien national d&#039;information\" \/>\n\t\t<meta property=\"og:type\" content=\"article\" \/>\n\t\t<meta property=\"og:title\" content=\"Universit\u00e9 : Orienter les \u00e9tudiants vers l\u2019innovation - La Sentinelle\" \/>\n\t\t<meta property=\"og:description\" content=\"Le ministre de l&#039;Enseignement sup\u00e9rieur et de la Recherche scientifique, Kamel Baddari, a affirm\u00e9 hier Lors d&#039;une rencontre l&#039;ayant r\u00e9uni avec les \u00e9tudiants de l&#039;Universit\u00e9 des sciences et la technologie &quot;Houari Boumediene&quot; (USTHB)\u00e0 Alger la n\u00e9cessit\u00e9 de valoriser les r\u00e9sultats de la recherche scientifique et d&#039;orienter les \u00e9tudiants vers l&#039;innovation pour la transformation du savoir\" \/>\n\t\t<meta property=\"og:url\" content=\"https:\/\/lasentinelle.dz\/index.php\/2022\/11\/12\/universite-orienter-les-etudiants-vers-linnovation\/\" \/>\n\t\t<meta property=\"og:image\" content=\"https:\/\/lasentinelle.dz\/wp-content\/uploads\/2021\/09\/cropped-la-sentinelle-earth-golden-anima-5.gif\" \/>\n\t\t<meta property=\"og:image:secure_url\" content=\"https:\/\/lasentinelle.dz\/wp-content\/uploads\/2021\/09\/cropped-la-sentinelle-earth-golden-anima-5.gif\" \/>\n\t\t<meta property=\"og:image:width\" content=\"450\" \/>\n\t\t<meta property=\"og:image:height\" content=\"213\" \/>\n\t\t<meta property=\"article:published_time\" content=\"2022-11-12T21:05:00+00:00\" \/>\n\t\t<meta property=\"article:modified_time\" content=\"2022-11-12T20:08:40+00:00\" \/>\n\t\t<meta property=\"article:publisher\" content=\"https:\/\/www.facebook.com\/azzedine.lasentinelle.1\" \/>\n\t\t<meta name=\"twitter:card\" content=\"summary_large_image\" \/>\n\t\t<meta name=\"twitter:title\" content=\"Universit\u00e9 : Orienter les \u00e9tudiants vers l\u2019innovation - La Sentinelle\" \/>\n\t\t<meta name=\"twitter:description\" content=\"Le ministre de l&#039;Enseignement sup\u00e9rieur et de la Recherche scientifique, Kamel Baddari, a affirm\u00e9 hier Lors d&#039;une rencontre l&#039;ayant r\u00e9uni avec les \u00e9tudiants de l&#039;Universit\u00e9 des sciences et la technologie &quot;Houari Boumediene&quot; (USTHB)\u00e0 Alger la n\u00e9cessit\u00e9 de valoriser les r\u00e9sultats de la recherche scientifique et d&#039;orienter les \u00e9tudiants vers l&#039;innovation pour la transformation du savoir\" \/>\n\t\t<meta name=\"twitter:image\" content=\"https:\/\/lasentinelle.dz\/wp-content\/uploads\/2021\/09\/cropped-la-sentinelle-earth-golden-anima-5.gif\" \/>\n\t\t<script type=\"application\/ld+json\" class=\"aioseo-schema\">\n\t\t\t{\"@context\":\"https:\\\/\\\/schema.org\",\"@graph\":[{\"@type\":\"BlogPosting\",\"@id\":\"https:\\\/\\\/lasentinelle.dz\\\/index.php\\\/2022\\\/11\\\/12\\\/universite-orienter-les-etudiants-vers-linnovation\\\/#blogposting\",\"name\":\"Universit\\u00e9 : Orienter les \\u00e9tudiants vers l\\u2019innovation - La Sentinelle\",\"headline\":\"Universit\\u00e9\\u00a0: Orienter les \\u00e9tudiants vers l\\u2019innovation\",\"author\":{\"@id\":\"https:\\\/\\\/lasentinelle.dz\\\/author\\\/redaction\\\/#author\"},\"publisher\":{\"@id\":\"https:\\\/\\\/lasentinelle.dz\\\/#organization\"},\"image\":{\"@type\":\"ImageObject\",\"url\":\"https:\\\/\\\/lasentinelle.dz\\\/wp-content\\\/uploads\\\/2022\\\/11\\\/image_2022-11-12_210756944.png\",\"width\":300,\"height\":168},\"datePublished\":\"2022-11-12T22:05:00+01:00\",\"dateModified\":\"2022-11-12T21:08:40+01:00\",\"inLanguage\":\"fr-FR\",\"mainEntityOfPage\":{\"@id\":\"https:\\\/\\\/lasentinelle.dz\\\/index.php\\\/2022\\\/11\\\/12\\\/universite-orienter-les-etudiants-vers-linnovation\\\/#webpage\"},\"isPartOf\":{\"@id\":\"https:\\\/\\\/lasentinelle.dz\\\/index.php\\\/2022\\\/11\\\/12\\\/universite-orienter-les-etudiants-vers-linnovation\\\/#webpage\"},\"articleSection\":\"Actualit\\u00e9\"},{\"@type\":\"BreadcrumbList\",\"@id\":\"https:\\\/\\\/lasentinelle.dz\\\/index.php\\\/2022\\\/11\\\/12\\\/universite-orienter-les-etudiants-vers-linnovation\\\/#breadcrumblist\",\"itemListElement\":[{\"@type\":\"ListItem\",\"@id\":\"https:\\\/\\\/lasentinelle.dz#listItem\",\"position\":1,\"name\":\"Home\",\"item\":\"https:\\\/\\\/lasentinelle.dz\",\"nextItem\":{\"@type\":\"ListItem\",\"@id\":\"https:\\\/\\\/lasentinelle.dz\\\/index.php\\\/category\\\/actualite\\\/#listItem\",\"name\":\"Actualit\\u00e9\"}},{\"@type\":\"ListItem\",\"@id\":\"https:\\\/\\\/lasentinelle.dz\\\/index.php\\\/category\\\/actualite\\\/#listItem\",\"position\":2,\"name\":\"Actualit\\u00e9\",\"item\":\"https:\\\/\\\/lasentinelle.dz\\\/index.php\\\/category\\\/actualite\\\/\",\"nextItem\":{\"@type\":\"ListItem\",\"@id\":\"https:\\\/\\\/lasentinelle.dz\\\/index.php\\\/2022\\\/11\\\/12\\\/universite-orienter-les-etudiants-vers-linnovation\\\/#listItem\",\"name\":\"Universit\\u00e9\\u00a0: Orienter les \\u00e9tudiants vers l\\u2019innovation\"},\"previousItem\":{\"@type\":\"ListItem\",\"@id\":\"https:\\\/\\\/lasentinelle.dz#listItem\",\"name\":\"Home\"}},{\"@type\":\"ListItem\",\"@id\":\"https:\\\/\\\/lasentinelle.dz\\\/index.php\\\/2022\\\/11\\\/12\\\/universite-orienter-les-etudiants-vers-linnovation\\\/#listItem\",\"position\":3,\"name\":\"Universit\\u00e9\\u00a0: Orienter les \\u00e9tudiants vers l\\u2019innovation\",\"previousItem\":{\"@type\":\"ListItem\",\"@id\":\"https:\\\/\\\/lasentinelle.dz\\\/index.php\\\/category\\\/actualite\\\/#listItem\",\"name\":\"Actualit\\u00e9\"}}]},{\"@type\":\"Organization\",\"@id\":\"https:\\\/\\\/lasentinelle.dz\\\/#organization\",\"name\":\"La Sentinelle La Sentinelle\",\"description\":\"Quotidien national d'information\",\"url\":\"https:\\\/\\\/lasentinelle.dz\\\/\",\"logo\":{\"@type\":\"ImageObject\",\"url\":\"https:\\\/\\\/lasentinelle.dz\\\/wp-content\\\/uploads\\\/2021\\\/09\\\/cropped-la-sentinelle-earth-golden-anima-5.gif\",\"@id\":\"https:\\\/\\\/lasentinelle.dz\\\/index.php\\\/2022\\\/11\\\/12\\\/universite-orienter-les-etudiants-vers-linnovation\\\/#organizationLogo\",\"width\":450,\"height\":213},\"image\":{\"@id\":\"https:\\\/\\\/lasentinelle.dz\\\/index.php\\\/2022\\\/11\\\/12\\\/universite-orienter-les-etudiants-vers-linnovation\\\/#organizationLogo\"},\"sameAs\":[\"https:\\\/\\\/www.facebook.com\\\/azzedine.lasentinelle.1\"]},{\"@type\":\"Person\",\"@id\":\"https:\\\/\\\/lasentinelle.dz\\\/author\\\/redaction\\\/#author\",\"url\":\"https:\\\/\\\/lasentinelle.dz\\\/author\\\/redaction\\\/\",\"name\":\"La Sentinelle\",\"image\":{\"@type\":\"ImageObject\",\"@id\":\"https:\\\/\\\/lasentinelle.dz\\\/index.php\\\/2022\\\/11\\\/12\\\/universite-orienter-les-etudiants-vers-linnovation\\\/#authorImage\",\"url\":\"https:\\\/\\\/secure.gravatar.com\\\/avatar\\\/57de8e5d4b15d43fb361a71fbb36338450fe67865b528a43dd10ef7c51a20392?s=96&d=mm&r=g\",\"width\":96,\"height\":96,\"caption\":\"La Sentinelle\"}},{\"@type\":\"WebPage\",\"@id\":\"https:\\\/\\\/lasentinelle.dz\\\/index.php\\\/2022\\\/11\\\/12\\\/universite-orienter-les-etudiants-vers-linnovation\\\/#webpage\",\"url\":\"https:\\\/\\\/lasentinelle.dz\\\/index.php\\\/2022\\\/11\\\/12\\\/universite-orienter-les-etudiants-vers-linnovation\\\/\",\"name\":\"Universit\\u00e9 : Orienter les \\u00e9tudiants vers l\\u2019innovation - La Sentinelle\",\"description\":\"Le ministre de l'Enseignement sup\\u00e9rieur et de la Recherche scientifique, Kamel Baddari, a affirm\\u00e9 hier Lors d'une rencontre l'ayant r\\u00e9uni avec les \\u00e9tudiants de l'Universit\\u00e9 des sciences et la technologie \\\"Houari Boumediene\\\" (USTHB)\\u00e0 Alger la n\\u00e9cessit\\u00e9 de valoriser les r\\u00e9sultats de la recherche scientifique et d'orienter les \\u00e9tudiants vers l'innovation pour la transformation du savoir\",\"inLanguage\":\"fr-FR\",\"isPartOf\":{\"@id\":\"https:\\\/\\\/lasentinelle.dz\\\/#website\"},\"breadcrumb\":{\"@id\":\"https:\\\/\\\/lasentinelle.dz\\\/index.php\\\/2022\\\/11\\\/12\\\/universite-orienter-les-etudiants-vers-linnovation\\\/#breadcrumblist\"},\"author\":{\"@id\":\"https:\\\/\\\/lasentinelle.dz\\\/author\\\/redaction\\\/#author\"},\"creator\":{\"@id\":\"https:\\\/\\\/lasentinelle.dz\\\/author\\\/redaction\\\/#author\"},\"image\":{\"@type\":\"ImageObject\",\"url\":\"https:\\\/\\\/lasentinelle.dz\\\/wp-content\\\/uploads\\\/2022\\\/11\\\/image_2022-11-12_210756944.png\",\"@id\":\"https:\\\/\\\/lasentinelle.dz\\\/index.php\\\/2022\\\/11\\\/12\\\/universite-orienter-les-etudiants-vers-linnovation\\\/#mainImage\",\"width\":300,\"height\":168},\"primaryImageOfPage\":{\"@id\":\"https:\\\/\\\/lasentinelle.dz\\\/index.php\\\/2022\\\/11\\\/12\\\/universite-orienter-les-etudiants-vers-linnovation\\\/#mainImage\"},\"datePublished\":\"2022-11-12T22:05:00+01:00\",\"dateModified\":\"2022-11-12T21:08:40+01:00\"},{\"@type\":\"WebSite\",\"@id\":\"https:\\\/\\\/lasentinelle.dz\\\/#website\",\"url\":\"https:\\\/\\\/lasentinelle.dz\\\/\",\"name\":\"La Sentinelle\",\"description\":\"Quotidien national d'information\",\"inLanguage\":\"fr-FR\",\"publisher\":{\"@id\":\"https:\\\/\\\/lasentinelle.dz\\\/#organization\"}}]}\n\t\t<\/script>\n\t\t<!-- All in One SEO -->\n\n","aioseo_head_json":{"title":"Universit\u00e9 : Orienter les \u00e9tudiants vers l\u2019innovation - La Sentinelle","description":"Le ministre de l'Enseignement sup\u00e9rieur et de la Recherche scientifique, Kamel Baddari, a affirm\u00e9 hier Lors d'une rencontre l'ayant r\u00e9uni avec les \u00e9tudiants de l'Universit\u00e9 des sciences et la technologie \"Houari Boumediene\" (USTHB)\u00e0 Alger la n\u00e9cessit\u00e9 de valoriser les r\u00e9sultats de la recherche scientifique et d'orienter les \u00e9tudiants vers l'innovation pour la transformation du savoir","canonical_url":"https:\/\/lasentinelle.dz\/index.php\/2022\/11\/12\/universite-orienter-les-etudiants-vers-linnovation\/","robots":"max-image-preview:large","keywords":"","webmasterTools":{"miscellaneous":""},"schema":{"@context":"https:\/\/schema.org","@graph":[{"@type":"BlogPosting","@id":"https:\/\/lasentinelle.dz\/index.php\/2022\/11\/12\/universite-orienter-les-etudiants-vers-linnovation\/#blogposting","name":"Universit\u00e9 : Orienter les \u00e9tudiants vers l\u2019innovation - La Sentinelle","headline":"Universit\u00e9\u00a0: Orienter les \u00e9tudiants vers l\u2019innovation","author":{"@id":"https:\/\/lasentinelle.dz\/author\/redaction\/#author"},"publisher":{"@id":"https:\/\/lasentinelle.dz\/#organization"},"image":{"@type":"ImageObject","url":"https:\/\/lasentinelle.dz\/wp-content\/uploads\/2022\/11\/image_2022-11-12_210756944.png","width":300,"height":168},"datePublished":"2022-11-12T22:05:00+01:00","dateModified":"2022-11-12T21:08:40+01:00","inLanguage":"fr-FR","mainEntityOfPage":{"@id":"https:\/\/lasentinelle.dz\/index.php\/2022\/11\/12\/universite-orienter-les-etudiants-vers-linnovation\/#webpage"},"isPartOf":{"@id":"https:\/\/lasentinelle.dz\/index.php\/2022\/11\/12\/universite-orienter-les-etudiants-vers-linnovation\/#webpage"},"articleSection":"Actualit\u00e9"},{"@type":"BreadcrumbList","@id":"https:\/\/lasentinelle.dz\/index.php\/2022\/11\/12\/universite-orienter-les-etudiants-vers-linnovation\/#breadcrumblist","itemListElement":[{"@type":"ListItem","@id":"https:\/\/lasentinelle.dz#listItem","position":1,"name":"Home","item":"https:\/\/lasentinelle.dz","nextItem":{"@type":"ListItem","@id":"https:\/\/lasentinelle.dz\/index.php\/category\/actualite\/#listItem","name":"Actualit\u00e9"}},{"@type":"ListItem","@id":"https:\/\/lasentinelle.dz\/index.php\/category\/actualite\/#listItem","position":2,"name":"Actualit\u00e9","item":"https:\/\/lasentinelle.dz\/index.php\/category\/actualite\/","nextItem":{"@type":"ListItem","@id":"https:\/\/lasentinelle.dz\/index.php\/2022\/11\/12\/universite-orienter-les-etudiants-vers-linnovation\/#listItem","name":"Universit\u00e9\u00a0: Orienter les \u00e9tudiants vers l\u2019innovation"},"previousItem":{"@type":"ListItem","@id":"https:\/\/lasentinelle.dz#listItem","name":"Home"}},{"@type":"ListItem","@id":"https:\/\/lasentinelle.dz\/index.php\/2022\/11\/12\/universite-orienter-les-etudiants-vers-linnovation\/#listItem","position":3,"name":"Universit\u00e9\u00a0: Orienter les \u00e9tudiants vers l\u2019innovation","previousItem":{"@type":"ListItem","@id":"https:\/\/lasentinelle.dz\/index.php\/category\/actualite\/#listItem","name":"Actualit\u00e9"}}]},{"@type":"Organization","@id":"https:\/\/lasentinelle.dz\/#organization","name":"La Sentinelle La Sentinelle","description":"Quotidien national d'information","url":"https:\/\/lasentinelle.dz\/","logo":{"@type":"ImageObject","url":"https:\/\/lasentinelle.dz\/wp-content\/uploads\/2021\/09\/cropped-la-sentinelle-earth-golden-anima-5.gif","@id":"https:\/\/lasentinelle.dz\/index.php\/2022\/11\/12\/universite-orienter-les-etudiants-vers-linnovation\/#organizationLogo","width":450,"height":213},"image":{"@id":"https:\/\/lasentinelle.dz\/index.php\/2022\/11\/12\/universite-orienter-les-etudiants-vers-linnovation\/#organizationLogo"},"sameAs":["https:\/\/www.facebook.com\/azzedine.lasentinelle.1"]},{"@type":"Person","@id":"https:\/\/lasentinelle.dz\/author\/redaction\/#author","url":"https:\/\/lasentinelle.dz\/author\/redaction\/","name":"La Sentinelle","image":{"@type":"ImageObject","@id":"https:\/\/lasentinelle.dz\/index.php\/2022\/11\/12\/universite-orienter-les-etudiants-vers-linnovation\/#authorImage","url":"https:\/\/secure.gravatar.com\/avatar\/57de8e5d4b15d43fb361a71fbb36338450fe67865b528a43dd10ef7c51a20392?s=96&d=mm&r=g","width":96,"height":96,"caption":"La Sentinelle"}},{"@type":"WebPage","@id":"https:\/\/lasentinelle.dz\/index.php\/2022\/11\/12\/universite-orienter-les-etudiants-vers-linnovation\/#webpage","url":"https:\/\/lasentinelle.dz\/index.php\/2022\/11\/12\/universite-orienter-les-etudiants-vers-linnovation\/","name":"Universit\u00e9 : Orienter les \u00e9tudiants vers l\u2019innovation - La Sentinelle","description":"Le ministre de l'Enseignement sup\u00e9rieur et de la Recherche scientifique, Kamel Baddari, a affirm\u00e9 hier Lors d'une rencontre l'ayant r\u00e9uni avec les \u00e9tudiants de l'Universit\u00e9 des sciences et la technologie \"Houari Boumediene\" (USTHB)\u00e0 Alger la n\u00e9cessit\u00e9 de valoriser les r\u00e9sultats de la recherche scientifique et d'orienter les \u00e9tudiants vers l'innovation pour la transformation du savoir","inLanguage":"fr-FR","isPartOf":{"@id":"https:\/\/lasentinelle.dz\/#website"},"breadcrumb":{"@id":"https:\/\/lasentinelle.dz\/index.php\/2022\/11\/12\/universite-orienter-les-etudiants-vers-linnovation\/#breadcrumblist"},"author":{"@id":"https:\/\/lasentinelle.dz\/author\/redaction\/#author"},"creator":{"@id":"https:\/\/lasentinelle.dz\/author\/redaction\/#author"},"image":{"@type":"ImageObject","url":"https:\/\/lasentinelle.dz\/wp-content\/uploads\/2022\/11\/image_2022-11-12_210756944.png","@id":"https:\/\/lasentinelle.dz\/index.php\/2022\/11\/12\/universite-orienter-les-etudiants-vers-linnovation\/#mainImage","width":300,"height":168},"primaryImageOfPage":{"@id":"https:\/\/lasentinelle.dz\/index.php\/2022\/11\/12\/universite-orienter-les-etudiants-vers-linnovation\/#mainImage"},"datePublished":"2022-11-12T22:05:00+01:00","dateModified":"2022-11-12T21:08:40+01:00"},{"@type":"WebSite","@id":"https:\/\/lasentinelle.dz\/#website","url":"https:\/\/lasentinelle.dz\/","name":"La Sentinelle","description":"Quotidien national d'information","inLanguage":"fr-FR","publisher":{"@id":"https:\/\/lasentinelle.dz\/#organization"}}]},"og:locale":"fr_FR","og:site_name":"La Sentinelle - Quotidien national d'information","og:type":"article","og:title":"Universit\u00e9 : Orienter les \u00e9tudiants vers l\u2019innovation - La Sentinelle","og:description":"Le ministre de l'Enseignement sup\u00e9rieur et de la Recherche scientifique, Kamel Baddari, a affirm\u00e9 hier Lors d'une rencontre l'ayant r\u00e9uni avec les \u00e9tudiants de l'Universit\u00e9 des sciences et la technologie &quot;Houari Boumediene&quot; (USTHB)\u00e0 Alger la n\u00e9cessit\u00e9 de valoriser les r\u00e9sultats de la recherche scientifique et d'orienter les \u00e9tudiants vers l'innovation pour la transformation du savoir","og:url":"https:\/\/lasentinelle.dz\/index.php\/2022\/11\/12\/universite-orienter-les-etudiants-vers-linnovation\/","og:image":"https:\/\/lasentinelle.dz\/wp-content\/uploads\/2021\/09\/cropped-la-sentinelle-earth-golden-anima-5.gif","og:image:secure_url":"https:\/\/lasentinelle.dz\/wp-content\/uploads\/2021\/09\/cropped-la-sentinelle-earth-golden-anima-5.gif","og:image:width":450,"og:image:height":213,"article:published_time":"2022-11-12T21:05:00+00:00","article:modified_time":"2022-11-12T20:08:40+00:00","article:publisher":"https:\/\/www.facebook.com\/azzedine.lasentinelle.1","twitter:card":"summary_large_image","twitter:title":"Universit\u00e9 : Orienter les \u00e9tudiants vers l\u2019innovation - La Sentinelle","twitter:description":"Le ministre de l'Enseignement sup\u00e9rieur et de la Recherche scientifique, Kamel Baddari, a affirm\u00e9 hier Lors d'une rencontre l'ayant r\u00e9uni avec les \u00e9tudiants de l'Universit\u00e9 des sciences et la technologie &quot;Houari Boumediene&quot; (USTHB)\u00e0 Alger la n\u00e9cessit\u00e9 de valoriser les r\u00e9sultats de la recherche scientifique et d'orienter les \u00e9tudiants vers l'innovation pour la transformation du savoir","twitter:image":"https:\/\/lasentinelle.dz\/wp-content\/uploads\/2021\/09\/cropped-la-sentinelle-earth-golden-anima-5.gif"},"aioseo_meta_data":{"post_id":"30552","title":null,"description":null,"keywords":null,"keyphrases":null,"primary_term":null,"canonical_url":null,"og_title":null,"og_description":null,"og_object_type":"default","og_image_type":"default","og_image_url":null,"og_image_width":null,"og_image_height":null,"og_image_custom_url":null,"og_image_custom_fields":null,"og_video":null,"og_custom_url":null,"og_article_section":null,"og_article_tags":null,"twitter_use_og":false,"twitter_card":"default","twitter_image_type":"default","twitter_image_url":null,"twitter_image_custom_url":null,"twitter_image_custom_fields":null,"twitter_title":null,"twitter_description":null,"schema":{"blockGraphs":[],"customGraphs":[],"default":{"data":{"Article":[],"Course":[],"Dataset":[],"FAQPage":[],"Movie":[],"Person":[],"Product":[],"ProductReview":[],"Car":[],"Recipe":[],"Service":[],"SoftwareApplication":[],"WebPage":[]},"graphName":"","isEnabled":true},"graphs":[]},"schema_type":"default","schema_type_options":null,"pillar_content":false,"robots_default":true,"robots_noindex":false,"robots_noarchive":false,"robots_nosnippet":false,"robots_nofollow":false,"robots_noimageindex":false,"robots_noodp":false,"robots_notranslate":false,"robots_max_snippet":null,"robots_max_videopreview":null,"robots_max_imagepreview":"large","priority":null,"frequency":null,"local_seo":null,"breadcrumb_settings":null,"limit_modified_date":false,"ai":null,"created":"2026-04-28 19:23:41","updated":"2026-04-28 19:23:41","focus_keyword":null,"additional_keywords":null,"truseo_locale":null,"seo_analyzer_scan_date":null},"aioseo_breadcrumb":"<div class=\"aioseo-breadcrumbs\"><span class=\"aioseo-breadcrumb\">\n\t\t\t<a href=\"https:\/\/lasentinelle.dz\" title=\"Home\">Home<\/a>\n\t\t<\/span><span class=\"aioseo-breadcrumb-separator\">&raquo;<\/span><span class=\"aioseo-breadcrumb\">\n\t\t\t<a href=\"https:\/\/lasentinelle.dz\/index.php\/category\/actualite\/\" title=\"Actualit\u00e9\">Actualit\u00e9<\/a>\n\t\t<\/span><span class=\"aioseo-breadcrumb-separator\">&raquo;<\/span><span class=\"aioseo-breadcrumb\">\n\t\t\tUniversit\u00e9 : Orienter les \u00e9tudiants vers l\u2019innovation\n\t\t<\/span><\/div>","aioseo_breadcrumb_json":[{"label":"Home","link":"https:\/\/lasentinelle.dz"},{"label":"Actualit\u00e9","link":"https:\/\/lasentinelle.dz\/index.php\/category\/actualite\/"},{"label":"Universit\u00e9\u00a0: Orienter les \u00e9tudiants vers l\u2019innovation","link":"https:\/\/lasentinelle.dz\/index.php\/2022\/11\/12\/universite-orienter-les-etudiants-vers-linnovation\/"}],"yoast_head":"<!-- This site is optimized with the Yoast SEO plugin v28.4 - https:\/\/yoast.com\/product\/yoast-seo-wordpress\/ -->\n<title>Universit\u00e9\u00a0: Orienter les \u00e9tudiants vers l\u2019innovation - La Sentinelle<\/title>\n<meta name=\"robots\" content=\"index, follow, max-snippet:-1, max-image-preview:large, max-video-preview:-1\" \/>\n<link rel=\"canonical\" href=\"https:\/\/lasentinelle.dz\/index.php\/2022\/11\/12\/universite-orienter-les-etudiants-vers-linnovation\/\" \/>\n<meta property=\"og:locale\" content=\"fr_FR\" \/>\n<meta property=\"og:type\" content=\"article\" \/>\n<meta property=\"og:title\" content=\"Universit\u00e9\u00a0: Orienter les \u00e9tudiants vers l\u2019innovation - La Sentinelle\" \/>\n<meta property=\"og:description\" content=\"Le ministre de l&rsquo;Enseignement sup\u00e9rieur et de la Recherche scientifique, Kamel Baddari, a affirm\u00e9 hier Lors d&rsquo;une rencontre l&rsquo;ayant r\u00e9uni\" \/>\n<meta property=\"og:url\" content=\"https:\/\/lasentinelle.dz\/index.php\/2022\/11\/12\/universite-orienter-les-etudiants-vers-linnovation\/\" \/>\n<meta property=\"og:site_name\" content=\"La Sentinelle\" \/>\n<meta property=\"article:publisher\" content=\"https:\/\/www.facebook.com\/La-Sentinelle-104059864394773\" \/>\n<meta property=\"article:published_time\" content=\"2022-11-12T21:05:00+00:00\" \/>\n<meta property=\"og:image\" content=\"https:\/\/lasentinelle.dz\/wp-content\/uploads\/2022\/11\/image_2022-11-12_210756944.png\" \/>\n\t<meta property=\"og:image:width\" content=\"300\" \/>\n\t<meta property=\"og:image:height\" content=\"168\" \/>\n\t<meta property=\"og:image:type\" content=\"image\/png\" \/>\n<meta name=\"author\" content=\"La Sentinelle\" \/>\n<meta name=\"twitter:card\" content=\"summary_large_image\" \/>\n<meta name=\"twitter:label1\" content=\"\u00c9crit par\" \/>\n\t<meta name=\"twitter:data1\" content=\"La Sentinelle\" \/>\n\t<meta name=\"twitter:label2\" content=\"Dur\u00e9e de lecture estim\u00e9e\" \/>\n\t<meta name=\"twitter:data2\" content=\"2 minutes\" \/>\n<script type=\"application\/ld+json\" class=\"yoast-schema-graph\">{\"@context\":\"https:\\\/\\\/schema.org\",\"@graph\":[{\"@type\":\"Article\",\"@id\":\"https:\\\/\\\/lasentinelle.dz\\\/index.php\\\/2022\\\/11\\\/12\\\/universite-orienter-les-etudiants-vers-linnovation\\\/#article\",\"isPartOf\":{\"@id\":\"https:\\\/\\\/lasentinelle.dz\\\/index.php\\\/2022\\\/11\\\/12\\\/universite-orienter-les-etudiants-vers-linnovation\\\/\"},\"author\":{\"name\":\"La Sentinelle\",\"@id\":\"https:\\\/\\\/lasentinelle.dz\\\/#\\\/schema\\\/person\\\/d865044e22e70a75174ce8bcad3acfb3\"},\"headline\":\"Universit\u00e9\u00a0: Orienter les \u00e9tudiants vers l\u2019innovation\",\"datePublished\":\"2022-11-12T21:05:00+00:00\",\"mainEntityOfPage\":{\"@id\":\"https:\\\/\\\/lasentinelle.dz\\\/index.php\\\/2022\\\/11\\\/12\\\/universite-orienter-les-etudiants-vers-linnovation\\\/\"},\"wordCount\":286,\"commentCount\":0,\"publisher\":{\"@id\":\"https:\\\/\\\/lasentinelle.dz\\\/#organization\"},\"image\":{\"@id\":\"https:\\\/\\\/lasentinelle.dz\\\/index.php\\\/2022\\\/11\\\/12\\\/universite-orienter-les-etudiants-vers-linnovation\\\/#primaryimage\"},\"thumbnailUrl\":\"https:\\\/\\\/lasentinelle.dz\\\/wp-content\\\/uploads\\\/2022\\\/11\\\/image_2022-11-12_210756944.png\",\"articleSection\":[\"Actualit\u00e9\"],\"inLanguage\":\"fr-FR\",\"potentialAction\":[{\"@type\":\"CommentAction\",\"name\":\"Comment\",\"target\":[\"https:\\\/\\\/lasentinelle.dz\\\/index.php\\\/2022\\\/11\\\/12\\\/universite-orienter-les-etudiants-vers-linnovation\\\/#respond\"]}]},{\"@type\":\"WebPage\",\"@id\":\"https:\\\/\\\/lasentinelle.dz\\\/index.php\\\/2022\\\/11\\\/12\\\/universite-orienter-les-etudiants-vers-linnovation\\\/\",\"url\":\"https:\\\/\\\/lasentinelle.dz\\\/index.php\\\/2022\\\/11\\\/12\\\/universite-orienter-les-etudiants-vers-linnovation\\\/\",\"name\":\"Universit\u00e9\u00a0: Orienter les \u00e9tudiants vers l\u2019innovation - La Sentinelle\",\"isPartOf\":{\"@id\":\"https:\\\/\\\/lasentinelle.dz\\\/#website\"},\"primaryImageOfPage\":{\"@id\":\"https:\\\/\\\/lasentinelle.dz\\\/index.php\\\/2022\\\/11\\\/12\\\/universite-orienter-les-etudiants-vers-linnovation\\\/#primaryimage\"},\"image\":{\"@id\":\"https:\\\/\\\/lasentinelle.dz\\\/index.php\\\/2022\\\/11\\\/12\\\/universite-orienter-les-etudiants-vers-linnovation\\\/#primaryimage\"},\"thumbnailUrl\":\"https:\\\/\\\/lasentinelle.dz\\\/wp-content\\\/uploads\\\/2022\\\/11\\\/image_2022-11-12_210756944.png\",\"datePublished\":\"2022-11-12T21:05:00+00:00\",\"breadcrumb\":{\"@id\":\"https:\\\/\\\/lasentinelle.dz\\\/index.php\\\/2022\\\/11\\\/12\\\/universite-orienter-les-etudiants-vers-linnovation\\\/#breadcrumb\"},\"inLanguage\":\"fr-FR\",\"potentialAction\":[{\"@type\":\"ReadAction\",\"target\":[\"https:\\\/\\\/lasentinelle.dz\\\/index.php\\\/2022\\\/11\\\/12\\\/universite-orienter-les-etudiants-vers-linnovation\\\/\"]}]},{\"@type\":\"ImageObject\",\"inLanguage\":\"fr-FR\",\"@id\":\"https:\\\/\\\/lasentinelle.dz\\\/index.php\\\/2022\\\/11\\\/12\\\/universite-orienter-les-etudiants-vers-linnovation\\\/#primaryimage\",\"url\":\"https:\\\/\\\/lasentinelle.dz\\\/wp-content\\\/uploads\\\/2022\\\/11\\\/image_2022-11-12_210756944.png\",\"contentUrl\":\"https:\\\/\\\/lasentinelle.dz\\\/wp-content\\\/uploads\\\/2022\\\/11\\\/image_2022-11-12_210756944.png\",\"width\":300,\"height\":168},{\"@type\":\"BreadcrumbList\",\"@id\":\"https:\\\/\\\/lasentinelle.dz\\\/index.php\\\/2022\\\/11\\\/12\\\/universite-orienter-les-etudiants-vers-linnovation\\\/#breadcrumb\",\"itemListElement\":[{\"@type\":\"ListItem\",\"position\":1,\"name\":\"Accueil\",\"item\":\"https:\\\/\\\/lasentinelle.dz\\\/\"},{\"@type\":\"ListItem\",\"position\":2,\"name\":\"Universit\u00e9\u00a0: Orienter les \u00e9tudiants vers l\u2019innovation\"}]},{\"@type\":\"WebSite\",\"@id\":\"https:\\\/\\\/lasentinelle.dz\\\/#website\",\"url\":\"https:\\\/\\\/lasentinelle.dz\\\/\",\"name\":\"La Sentinelle\",\"description\":\"Quotidien national d&#039;information\",\"publisher\":{\"@id\":\"https:\\\/\\\/lasentinelle.dz\\\/#organization\"},\"potentialAction\":[{\"@type\":\"SearchAction\",\"target\":{\"@type\":\"EntryPoint\",\"urlTemplate\":\"https:\\\/\\\/lasentinelle.dz\\\/?s={search_term_string}\"},\"query-input\":{\"@type\":\"PropertyValueSpecification\",\"valueRequired\":true,\"valueName\":\"search_term_string\"}}],\"inLanguage\":\"fr-FR\"},{\"@type\":\"Organization\",\"@id\":\"https:\\\/\\\/lasentinelle.dz\\\/#organization\",\"name\":\"Quotidien La Sentinelle\",\"url\":\"https:\\\/\\\/lasentinelle.dz\\\/\",\"logo\":{\"@type\":\"ImageObject\",\"inLanguage\":\"fr-FR\",\"@id\":\"https:\\\/\\\/lasentinelle.dz\\\/#\\\/schema\\\/logo\\\/image\\\/\",\"url\":\"https:\\\/\\\/lasentinelle.dz\\\/wp-content\\\/uploads\\\/2021\\\/09\\\/logo-sentinelleSLOGAN-1.png\",\"contentUrl\":\"https:\\\/\\\/lasentinelle.dz\\\/wp-content\\\/uploads\\\/2021\\\/09\\\/logo-sentinelleSLOGAN-1.png\",\"width\":615,\"height\":142,\"caption\":\"Quotidien La Sentinelle\"},\"image\":{\"@id\":\"https:\\\/\\\/lasentinelle.dz\\\/#\\\/schema\\\/logo\\\/image\\\/\"},\"sameAs\":[\"https:\\\/\\\/www.facebook.com\\\/La-Sentinelle-104059864394773\"]},{\"@type\":\"Person\",\"@id\":\"https:\\\/\\\/lasentinelle.dz\\\/#\\\/schema\\\/person\\\/d865044e22e70a75174ce8bcad3acfb3\",\"name\":\"La Sentinelle\",\"image\":{\"@type\":\"ImageObject\",\"inLanguage\":\"fr-FR\",\"@id\":\"https:\\\/\\\/secure.gravatar.com\\\/avatar\\\/57de8e5d4b15d43fb361a71fbb36338450fe67865b528a43dd10ef7c51a20392?s=96&d=mm&r=g\",\"url\":\"https:\\\/\\\/secure.gravatar.com\\\/avatar\\\/57de8e5d4b15d43fb361a71fbb36338450fe67865b528a43dd10ef7c51a20392?s=96&d=mm&r=g\",\"contentUrl\":\"https:\\\/\\\/secure.gravatar.com\\\/avatar\\\/57de8e5d4b15d43fb361a71fbb36338450fe67865b528a43dd10ef7c51a20392?s=96&d=mm&r=g\",\"caption\":\"La Sentinelle\"},\"sameAs\":[\"http:\\\/\\\/www.lasentinelle.dz\"],\"url\":\"https:\\\/\\\/lasentinelle.dz\\\/author\\\/redaction\\\/\"}]}<\/script>\n<!-- \/ Yoast SEO plugin. -->","yoast_head_json":{"title":"Universit\u00e9\u00a0: Orienter les \u00e9tudiants vers l\u2019innovation - La Sentinelle","robots":{"index":"index","follow":"follow","max-snippet":"max-snippet:-1","max-image-preview":"max-image-preview:large","max-video-preview":"max-video-preview:-1"},"canonical":"https:\/\/lasentinelle.dz\/index.php\/2022\/11\/12\/universite-orienter-les-etudiants-vers-linnovation\/","og_locale":"fr_FR","og_type":"article","og_title":"Universit\u00e9\u00a0: Orienter les \u00e9tudiants vers l\u2019innovation - La Sentinelle","og_description":"Le ministre de l&rsquo;Enseignement sup\u00e9rieur et de la Recherche scientifique, Kamel Baddari, a affirm\u00e9 hier Lors d&rsquo;une rencontre l&rsquo;ayant r\u00e9uni","og_url":"https:\/\/lasentinelle.dz\/index.php\/2022\/11\/12\/universite-orienter-les-etudiants-vers-linnovation\/","og_site_name":"La Sentinelle","article_publisher":"https:\/\/www.facebook.com\/La-Sentinelle-104059864394773","article_published_time":"2022-11-12T21:05:00+00:00","og_image":[{"width":300,"height":168,"url":"https:\/\/lasentinelle.dz\/wp-content\/uploads\/2022\/11\/image_2022-11-12_210756944.png","type":"image\/png"}],"author":"La Sentinelle","twitter_card":"summary_large_image","twitter_misc":{"\u00c9crit par":"La Sentinelle","Dur\u00e9e de lecture estim\u00e9e":"2 minutes"},"schema":{"@context":"https:\/\/schema.org","@graph":[{"@type":"Article","@id":"https:\/\/lasentinelle.dz\/index.php\/2022\/11\/12\/universite-orienter-les-etudiants-vers-linnovation\/#article","isPartOf":{"@id":"https:\/\/lasentinelle.dz\/index.php\/2022\/11\/12\/universite-orienter-les-etudiants-vers-linnovation\/"},"author":{"name":"La Sentinelle","@id":"https:\/\/lasentinelle.dz\/#\/schema\/person\/d865044e22e70a75174ce8bcad3acfb3"},"headline":"Universit\u00e9\u00a0: Orienter les \u00e9tudiants vers l\u2019innovation","datePublished":"2022-11-12T21:05:00+00:00","mainEntityOfPage":{"@id":"https:\/\/lasentinelle.dz\/index.php\/2022\/11\/12\/universite-orienter-les-etudiants-vers-linnovation\/"},"wordCount":286,"commentCount":0,"publisher":{"@id":"https:\/\/lasentinelle.dz\/#organization"},"image":{"@id":"https:\/\/lasentinelle.dz\/index.php\/2022\/11\/12\/universite-orienter-les-etudiants-vers-linnovation\/#primaryimage"},"thumbnailUrl":"https:\/\/lasentinelle.dz\/wp-content\/uploads\/2022\/11\/image_2022-11-12_210756944.png","articleSection":["Actualit\u00e9"],"inLanguage":"fr-FR","potentialAction":[{"@type":"CommentAction","name":"Comment","target":["https:\/\/lasentinelle.dz\/index.php\/2022\/11\/12\/universite-orienter-les-etudiants-vers-linnovation\/#respond"]}]},{"@type":"WebPage","@id":"https:\/\/lasentinelle.dz\/index.php\/2022\/11\/12\/universite-orienter-les-etudiants-vers-linnovation\/","url":"https:\/\/lasentinelle.dz\/index.php\/2022\/11\/12\/universite-orienter-les-etudiants-vers-linnovation\/","name":"Universit\u00e9\u00a0: Orienter les \u00e9tudiants vers l\u2019innovation - La Sentinelle","isPartOf":{"@id":"https:\/\/lasentinelle.dz\/#website"},"primaryImageOfPage":{"@id":"https:\/\/lasentinelle.dz\/index.php\/2022\/11\/12\/universite-orienter-les-etudiants-vers-linnovation\/#primaryimage"},"image":{"@id":"https:\/\/lasentinelle.dz\/index.php\/2022\/11\/12\/universite-orienter-les-etudiants-vers-linnovation\/#primaryimage"},"thumbnailUrl":"https:\/\/lasentinelle.dz\/wp-content\/uploads\/2022\/11\/image_2022-11-12_210756944.png","datePublished":"2022-11-12T21:05:00+00:00","breadcrumb":{"@id":"https:\/\/lasentinelle.dz\/index.php\/2022\/11\/12\/universite-orienter-les-etudiants-vers-linnovation\/#breadcrumb"},"inLanguage":"fr-FR","potentialAction":[{"@type":"ReadAction","target":["https:\/\/lasentinelle.dz\/index.php\/2022\/11\/12\/universite-orienter-les-etudiants-vers-linnovation\/"]}]},{"@type":"ImageObject","inLanguage":"fr-FR","@id":"https:\/\/lasentinelle.dz\/index.php\/2022\/11\/12\/universite-orienter-les-etudiants-vers-linnovation\/#primaryimage","url":"https:\/\/lasentinelle.dz\/wp-content\/uploads\/2022\/11\/image_2022-11-12_210756944.png","contentUrl":"https:\/\/lasentinelle.dz\/wp-content\/uploads\/2022\/11\/image_2022-11-12_210756944.png","width":300,"height":168},{"@type":"BreadcrumbList","@id":"https:\/\/lasentinelle.dz\/index.php\/2022\/11\/12\/universite-orienter-les-etudiants-vers-linnovation\/#breadcrumb","itemListElement":[{"@type":"ListItem","position":1,"name":"Accueil","item":"https:\/\/lasentinelle.dz\/"},{"@type":"ListItem","position":2,"name":"Universit\u00e9\u00a0: Orienter les \u00e9tudiants vers l\u2019innovation"}]},{"@type":"WebSite","@id":"https:\/\/lasentinelle.dz\/#website","url":"https:\/\/lasentinelle.dz\/","name":"La Sentinelle","description":"Quotidien national d&#039;information","publisher":{"@id":"https:\/\/lasentinelle.dz\/#organization"},"potentialAction":[{"@type":"SearchAction","target":{"@type":"EntryPoint","urlTemplate":"https:\/\/lasentinelle.dz\/?s={search_term_string}"},"query-input":{"@type":"PropertyValueSpecification","valueRequired":true,"valueName":"search_term_string"}}],"inLanguage":"fr-FR"},{"@type":"Organization","@id":"https:\/\/lasentinelle.dz\/#organization","name":"Quotidien La Sentinelle","url":"https:\/\/lasentinelle.dz\/","logo":{"@type":"ImageObject","inLanguage":"fr-FR","@id":"https:\/\/lasentinelle.dz\/#\/schema\/logo\/image\/","url":"https:\/\/lasentinelle.dz\/wp-content\/uploads\/2021\/09\/logo-sentinelleSLOGAN-1.png","contentUrl":"https:\/\/lasentinelle.dz\/wp-content\/uploads\/2021\/09\/logo-sentinelleSLOGAN-1.png","width":615,"height":142,"caption":"Quotidien La Sentinelle"},"image":{"@id":"https:\/\/lasentinelle.dz\/#\/schema\/logo\/image\/"},"sameAs":["https:\/\/www.facebook.com\/La-Sentinelle-104059864394773"]},{"@type":"Person","@id":"https:\/\/lasentinelle.dz\/#\/schema\/person\/d865044e22e70a75174ce8bcad3acfb3","name":"La Sentinelle","image":{"@type":"ImageObject","inLanguage":"fr-FR","@id":"https:\/\/secure.gravatar.com\/avatar\/57de8e5d4b15d43fb361a71fbb36338450fe67865b528a43dd10ef7c51a20392?s=96&d=mm&r=g","url":"https:\/\/secure.gravatar.com\/avatar\/57de8e5d4b15d43fb361a71fbb36338450fe67865b528a43dd10ef7c51a20392?s=96&d=mm&r=g","contentUrl":"https:\/\/secure.gravatar.com\/avatar\/57de8e5d4b15d43fb361a71fbb36338450fe67865b528a43dd10ef7c51a20392?s=96&d=mm&r=g","caption":"La Sentinelle"},"sameAs":["http:\/\/www.lasentinelle.dz"],"url":"https:\/\/lasentinelle.dz\/author\/redaction\/"}]}},"_links":{"self":[{"href":"https:\/\/lasentinelle.dz\/index.php\/wp-json\/wp\/v2\/posts\/30552","targetHints":{"allow":["GET"]}}],"collection":[{"href":"https:\/\/lasentinelle.dz\/index.php\/wp-json\/wp\/v2\/posts"}],"about":[{"href":"https:\/\/lasentinelle.dz\/index.php\/wp-json\/wp\/v2\/types\/post"}],"author":[{"embeddable":true,"href":"https:\/\/lasentinelle.dz\/index.php\/wp-json\/wp\/v2\/users\/3"}],"replies":[{"embeddable":true,"href":"https:\/\/lasentinelle.dz\/index.php\/wp-json\/wp\/v2\/comments?post=30552"}],"version-history":[{"count":1,"href":"https:\/\/lasentinelle.dz\/index.php\/wp-json\/wp\/v2\/posts\/30552\/revisions"}],"predecessor-version":[{"id":30609,"href":"https:\/\/lasentinelle.dz\/index.php\/wp-json\/wp\/v2\/posts\/30552\/revisions\/30609"}],"wp:featuredmedia":[{"embeddable":true,"href":"https:\/\/lasentinelle.dz\/index.php\/wp-json\/wp\/v2\/media\/30608"}],"wp:attachment":[{"href":"https:\/\/lasentinelle.dz\/index.php\/wp-json\/wp\/v2\/media?parent=30552"}],"wp:term":[{"taxonomy":"category","embeddable":true,"href":"https:\/\/lasentinelle.dz\/index.php\/wp-json\/wp\/v2\/categories?post=30552"},{"taxonomy":"post_tag","embeddable":true,"href":"https:\/\/lasentinelle.dz\/index.php\/wp-json\/wp\/v2\/tags?post=30552"}],"curies":[{"name":"wp","href":"https:\/\/api.w.org\/{rel}","templated":true}]}}