{"id":30568,"date":"2022-11-12T22:00:00","date_gmt":"2022-11-12T21:00:00","guid":{"rendered":"https:\/\/lasentinelle.dz\/?p=30568"},"modified":"2022-11-12T17:26:49","modified_gmt":"2022-11-12T16:26:49","slug":"coupe-du-monde-sabre-lespagnole-martin-portugues-remporte-letape-dalger","status":"publish","type":"post","link":"https:\/\/lasentinelle.dz\/index.php\/2022\/11\/12\/coupe-du-monde-sabre-lespagnole-martin-portugues-remporte-letape-dalger\/","title":{"rendered":"Coupe du monde Sabre\u00a0: L&rsquo;Espagnole Martin-Portugues remporte l&rsquo;\u00e9tape d&rsquo;Alger"},"content":{"rendered":"\n<p>L&rsquo;Espagnole Lucia Martin-Portugues a remport\u00e9 l&rsquo;\u00e9tape d&rsquo;Alger de la Coupe du monde de Sabre, en s&rsquo;imposant en finale devant l&rsquo;Italienne Michela Battiston sur le score de 15 touches \u00e0 12, vendredi \u00e0 la salle Harcha-Hc\u00e8ne.Men\u00e9e (8-3) \u00e0 la pause technique, Martin-Portugues (32 ans, N.8 mondiale) a r\u00e9ussi \u00e0 renverser l&rsquo;issue de cette finale en \u00e9galisant \u00e0 12 touches partout, avant de s&rsquo;imposer sur le score de 15 \u00e0 12.\u00a0\u00bbCette victoire est tr\u00e8s gratifiante pour moi et mon pays. C&rsquo;est ma premi\u00e8re victoire en Coupe du monde et je suis tr\u00e8s contente de ce succ\u00e8s. Je remercie toutes les personnes qui ont contribu\u00e9 \u00e0 cette victoire et particuli\u00e8rement mes entraineurs et mes co\u00e9quipi\u00e8res en \u00e9quipe nationale\u00a0\u00bb, a d\u00e9clar\u00e9 Martin-Portugues \u00e0 l&rsquo;issue de sa victoire.Les m\u00e9dailles de bronze de l&rsquo;\u00e9tape d&rsquo;Alger de la Coupe du monde de sabre dames sont revenues \u00e0 la Fran\u00e7aise Sara Balzer et la Grecque Theodora Gkountoura.C\u00f4t\u00e9 alg\u00e9rien la meilleure performance est \u00e0 mettre \u00e0 l&rsquo;actif de Saoussen Boudiaf (N.25 mondiale), qui s&rsquo;est hiss\u00e9e au tableau 16 en s&rsquo;imposant au tour pr\u00e9c\u00e9dent devant la Hongroise Liza Pusztai (16-08), avant de se faire \u00e9liminer par la Grecque Theodora Gkountoura (11-15).Boudiaf qui a termin\u00e9 \u00e0 la 12e place du classement g\u00e9n\u00e9ral, s&rsquo;\u00e9tait illustr\u00e9e jeudi en remportant ses sept matchs de poule disput\u00e9s pour le compte de la 1\u00e8re journ\u00e9e.Dans ce contexte, l&rsquo;escrimeuse alg\u00e9rienne s\u2019est dite \u00ab\u00a0satisfaite\u00a0\u00bb de sa performance, apr\u00e8s un d\u00e9but de saison perturb\u00e9 par une blessure au genou.\u00a0\u00bbDerni\u00e8rement j\u2019\u00e9tais g\u00ean\u00e9e par une blessure au genou, qui m&rsquo;a emp\u00each\u00e9 de bien pr\u00e9parer ce rendez-vous. Vu les circonstances, je suis contente de mon parcours en atteignant le tableau 16. Cette place parmi le top 16 mondial est encourageante pour la suite de la saison\u00a0\u00bb, a d\u00e9clar\u00e9 \u00e0 l\u2019APS la m\u00e9daill\u00e9e d&rsquo;or aux Jeux m\u00e9diterran\u00e9ens-2022 d&rsquo;Oran.\u00a0\u00bbMaintenant, je vais continuer \u00e0 travailler tr\u00e8s dur en pr\u00e9vision des qualifications pour les Jeux olympiques 2024 \u00e0 Paris\u00a0\u00bb, a ajout\u00e9 la championne alg\u00e9rienne, remerciant tous les organisateurs et les b\u00e9n\u00e9voles pour la r\u00e9ussite de cette \u00e9tape de la Coupe du monde.Boudiaf qui a termin\u00e9 \u00e0 la 12 place du classement g\u00e9n\u00e9ral, s&rsquo;\u00e9tait illustr\u00e9e jeudi en remportant ses sept matchs de poule disput\u00e9s pour le compte de la 1\u00e8re journ\u00e9e \u00e0 la salle Harcha-Hassen (Alger).<\/p>\n\n\n\n<p>Pour rappel, plus de 336 athl\u00e8tes dont 157 dames, repr\u00e9sentant 41 pays, prennent part \u00e0 ce rendez-vous mondial.<\/p>\n\n\n\n<p>R.S.<\/p>\n","protected":false},"excerpt":{"rendered":"<p>L&rsquo;Espagnole Lucia Martin-Portugues a remport\u00e9 l&rsquo;\u00e9tape d&rsquo;Alger de la Coupe du monde de Sabre, en s&rsquo;imposant en finale devant l&rsquo;Italienne<\/p>\n","protected":false},"author":3,"featured_media":30569,"comment_status":"open","ping_status":"closed","sticky":false,"template":"","format":"standard","meta":{"colormag_page_container_layout":"default_layout","colormag_page_sidebar_layout":"default_layout","om_disable_all_campaigns":false,"_monsterinsights_skip_tracking":false,"_monsterinsights_sitenote_active":false,"_monsterinsights_sitenote_note":"","_monsterinsights_sitenote_category":0,"footnotes":"","_wpscppro_dont_share_socialmedia":false,"_wpscppro_custom_social_share_image":0,"_facebook_share_type":"","_twitter_share_type":"","_linkedin_share_type":"","_pinterest_share_type":"","_linkedin_share_type_page":"","_instagram_share_type":"","_medium_share_type":"","_threads_share_type":"","_google_business_share_type":"","_selected_social_profile":[],"_wpsp_enable_custom_social_template":false,"_wpsp_social_scheduling":{"enabled":false,"datetime":null,"platforms":[],"status":"template_only","dateOption":"today","timeOption":"now","customDays":"","customHours":"","customDate":"","customTime":"","schedulingType":"absolute"},"_wpsp_active_default_template":true},"categories":[33],"tags":[],"class_list":["post-30568","post","type-post","status-publish","format-standard","has-post-thumbnail","hentry","category-sports"],"aioseo_notices":[],"yoast_head":"<!-- This site is optimized with the Yoast SEO plugin v27.5 - https:\/\/yoast.com\/product\/yoast-seo-wordpress\/ -->\n<title>Coupe du monde Sabre\u00a0: L&rsquo;Espagnole Martin-Portugues remporte l&rsquo;\u00e9tape d&rsquo;Alger - La Sentinelle<\/title>\n<meta name=\"robots\" content=\"index, follow, max-snippet:-1, max-image-preview:large, max-video-preview:-1\" \/>\n<link rel=\"canonical\" href=\"https:\/\/lasentinelle.dz\/index.php\/2022\/11\/12\/coupe-du-monde-sabre-lespagnole-martin-portugues-remporte-letape-dalger\/\" \/>\n<meta property=\"og:locale\" content=\"fr_FR\" \/>\n<meta property=\"og:type\" content=\"article\" \/>\n<meta property=\"og:title\" content=\"Coupe du monde Sabre\u00a0: L&rsquo;Espagnole Martin-Portugues remporte l&rsquo;\u00e9tape d&rsquo;Alger - La Sentinelle\" \/>\n<meta property=\"og:description\" content=\"L&rsquo;Espagnole Lucia Martin-Portugues a remport\u00e9 l&rsquo;\u00e9tape d&rsquo;Alger de la Coupe du monde de Sabre, en s&rsquo;imposant en finale devant l&rsquo;Italienne\" \/>\n<meta property=\"og:url\" content=\"https:\/\/lasentinelle.dz\/index.php\/2022\/11\/12\/coupe-du-monde-sabre-lespagnole-martin-portugues-remporte-letape-dalger\/\" \/>\n<meta property=\"og:site_name\" content=\"La Sentinelle\" \/>\n<meta property=\"article:publisher\" content=\"https:\/\/www.facebook.com\/La-Sentinelle-104059864394773\" \/>\n<meta property=\"article:published_time\" content=\"2022-11-12T21:00:00+00:00\" \/>\n<meta property=\"og:image\" content=\"https:\/\/lasentinelle.dz\/wp-content\/uploads\/2022\/11\/Boudiaf.jpeg\" \/>\n\t<meta property=\"og:image:width\" content=\"580\" \/>\n\t<meta property=\"og:image:height\" content=\"350\" \/>\n\t<meta property=\"og:image:type\" content=\"image\/jpeg\" \/>\n<meta name=\"author\" content=\"La Sentinelle\" \/>\n<meta name=\"twitter:card\" content=\"summary_large_image\" \/>\n<meta name=\"twitter:label1\" content=\"\u00c9crit par\" \/>\n\t<meta name=\"twitter:data1\" content=\"La Sentinelle\" \/>\n\t<meta name=\"twitter:label2\" content=\"Dur\u00e9e de lecture estim\u00e9e\" \/>\n\t<meta name=\"twitter:data2\" content=\"2 minutes\" \/>\n<script type=\"application\/ld+json\" class=\"yoast-schema-graph\">{\"@context\":\"https:\\\/\\\/schema.org\",\"@graph\":[{\"@type\":\"Article\",\"@id\":\"https:\\\/\\\/lasentinelle.dz\\\/index.php\\\/2022\\\/11\\\/12\\\/coupe-du-monde-sabre-lespagnole-martin-portugues-remporte-letape-dalger\\\/#article\",\"isPartOf\":{\"@id\":\"https:\\\/\\\/lasentinelle.dz\\\/index.php\\\/2022\\\/11\\\/12\\\/coupe-du-monde-sabre-lespagnole-martin-portugues-remporte-letape-dalger\\\/\"},\"author\":{\"name\":\"La Sentinelle\",\"@id\":\"https:\\\/\\\/lasentinelle.dz\\\/#\\\/schema\\\/person\\\/d865044e22e70a75174ce8bcad3acfb3\"},\"headline\":\"Coupe du monde Sabre\u00a0: L&rsquo;Espagnole Martin-Portugues remporte l&rsquo;\u00e9tape d&rsquo;Alger\",\"datePublished\":\"2022-11-12T21:00:00+00:00\",\"mainEntityOfPage\":{\"@id\":\"https:\\\/\\\/lasentinelle.dz\\\/index.php\\\/2022\\\/11\\\/12\\\/coupe-du-monde-sabre-lespagnole-martin-portugues-remporte-letape-dalger\\\/\"},\"wordCount\":453,\"commentCount\":0,\"publisher\":{\"@id\":\"https:\\\/\\\/lasentinelle.dz\\\/#organization\"},\"image\":{\"@id\":\"https:\\\/\\\/lasentinelle.dz\\\/index.php\\\/2022\\\/11\\\/12\\\/coupe-du-monde-sabre-lespagnole-martin-portugues-remporte-letape-dalger\\\/#primaryimage\"},\"thumbnailUrl\":\"https:\\\/\\\/lasentinelle.dz\\\/wp-content\\\/uploads\\\/2022\\\/11\\\/Boudiaf.jpeg\",\"articleSection\":[\"Sports\"],\"inLanguage\":\"fr-FR\",\"potentialAction\":[{\"@type\":\"CommentAction\",\"name\":\"Comment\",\"target\":[\"https:\\\/\\\/lasentinelle.dz\\\/index.php\\\/2022\\\/11\\\/12\\\/coupe-du-monde-sabre-lespagnole-martin-portugues-remporte-letape-dalger\\\/#respond\"]}]},{\"@type\":\"WebPage\",\"@id\":\"https:\\\/\\\/lasentinelle.dz\\\/index.php\\\/2022\\\/11\\\/12\\\/coupe-du-monde-sabre-lespagnole-martin-portugues-remporte-letape-dalger\\\/\",\"url\":\"https:\\\/\\\/lasentinelle.dz\\\/index.php\\\/2022\\\/11\\\/12\\\/coupe-du-monde-sabre-lespagnole-martin-portugues-remporte-letape-dalger\\\/\",\"name\":\"Coupe du monde Sabre\u00a0: L&rsquo;Espagnole Martin-Portugues remporte l&rsquo;\u00e9tape d&rsquo;Alger - La Sentinelle\",\"isPartOf\":{\"@id\":\"https:\\\/\\\/lasentinelle.dz\\\/#website\"},\"primaryImageOfPage\":{\"@id\":\"https:\\\/\\\/lasentinelle.dz\\\/index.php\\\/2022\\\/11\\\/12\\\/coupe-du-monde-sabre-lespagnole-martin-portugues-remporte-letape-dalger\\\/#primaryimage\"},\"image\":{\"@id\":\"https:\\\/\\\/lasentinelle.dz\\\/index.php\\\/2022\\\/11\\\/12\\\/coupe-du-monde-sabre-lespagnole-martin-portugues-remporte-letape-dalger\\\/#primaryimage\"},\"thumbnailUrl\":\"https:\\\/\\\/lasentinelle.dz\\\/wp-content\\\/uploads\\\/2022\\\/11\\\/Boudiaf.jpeg\",\"datePublished\":\"2022-11-12T21:00:00+00:00\",\"breadcrumb\":{\"@id\":\"https:\\\/\\\/lasentinelle.dz\\\/index.php\\\/2022\\\/11\\\/12\\\/coupe-du-monde-sabre-lespagnole-martin-portugues-remporte-letape-dalger\\\/#breadcrumb\"},\"inLanguage\":\"fr-FR\",\"potentialAction\":[{\"@type\":\"ReadAction\",\"target\":[\"https:\\\/\\\/lasentinelle.dz\\\/index.php\\\/2022\\\/11\\\/12\\\/coupe-du-monde-sabre-lespagnole-martin-portugues-remporte-letape-dalger\\\/\"]}]},{\"@type\":\"ImageObject\",\"inLanguage\":\"fr-FR\",\"@id\":\"https:\\\/\\\/lasentinelle.dz\\\/index.php\\\/2022\\\/11\\\/12\\\/coupe-du-monde-sabre-lespagnole-martin-portugues-remporte-letape-dalger\\\/#primaryimage\",\"url\":\"https:\\\/\\\/lasentinelle.dz\\\/wp-content\\\/uploads\\\/2022\\\/11\\\/Boudiaf.jpeg\",\"contentUrl\":\"https:\\\/\\\/lasentinelle.dz\\\/wp-content\\\/uploads\\\/2022\\\/11\\\/Boudiaf.jpeg\",\"width\":580,\"height\":350},{\"@type\":\"BreadcrumbList\",\"@id\":\"https:\\\/\\\/lasentinelle.dz\\\/index.php\\\/2022\\\/11\\\/12\\\/coupe-du-monde-sabre-lespagnole-martin-portugues-remporte-letape-dalger\\\/#breadcrumb\",\"itemListElement\":[{\"@type\":\"ListItem\",\"position\":1,\"name\":\"Accueil\",\"item\":\"https:\\\/\\\/lasentinelle.dz\\\/\"},{\"@type\":\"ListItem\",\"position\":2,\"name\":\"Coupe du monde Sabre\u00a0: L&rsquo;Espagnole Martin-Portugues remporte l&rsquo;\u00e9tape d&rsquo;Alger\"}]},{\"@type\":\"WebSite\",\"@id\":\"https:\\\/\\\/lasentinelle.dz\\\/#website\",\"url\":\"https:\\\/\\\/lasentinelle.dz\\\/\",\"name\":\"La Sentinelle\",\"description\":\"Quotidien national d&#039;information\",\"publisher\":{\"@id\":\"https:\\\/\\\/lasentinelle.dz\\\/#organization\"},\"potentialAction\":[{\"@type\":\"SearchAction\",\"target\":{\"@type\":\"EntryPoint\",\"urlTemplate\":\"https:\\\/\\\/lasentinelle.dz\\\/?s={search_term_string}\"},\"query-input\":{\"@type\":\"PropertyValueSpecification\",\"valueRequired\":true,\"valueName\":\"search_term_string\"}}],\"inLanguage\":\"fr-FR\"},{\"@type\":\"Organization\",\"@id\":\"https:\\\/\\\/lasentinelle.dz\\\/#organization\",\"name\":\"Quotidien La Sentinelle\",\"url\":\"https:\\\/\\\/lasentinelle.dz\\\/\",\"logo\":{\"@type\":\"ImageObject\",\"inLanguage\":\"fr-FR\",\"@id\":\"https:\\\/\\\/lasentinelle.dz\\\/#\\\/schema\\\/logo\\\/image\\\/\",\"url\":\"https:\\\/\\\/lasentinelle.dz\\\/wp-content\\\/uploads\\\/2021\\\/09\\\/logo-sentinelleSLOGAN-1.png\",\"contentUrl\":\"https:\\\/\\\/lasentinelle.dz\\\/wp-content\\\/uploads\\\/2021\\\/09\\\/logo-sentinelleSLOGAN-1.png\",\"width\":615,\"height\":142,\"caption\":\"Quotidien La Sentinelle\"},\"image\":{\"@id\":\"https:\\\/\\\/lasentinelle.dz\\\/#\\\/schema\\\/logo\\\/image\\\/\"},\"sameAs\":[\"https:\\\/\\\/www.facebook.com\\\/La-Sentinelle-104059864394773\"]},{\"@type\":\"Person\",\"@id\":\"https:\\\/\\\/lasentinelle.dz\\\/#\\\/schema\\\/person\\\/d865044e22e70a75174ce8bcad3acfb3\",\"name\":\"La Sentinelle\",\"image\":{\"@type\":\"ImageObject\",\"inLanguage\":\"fr-FR\",\"@id\":\"https:\\\/\\\/secure.gravatar.com\\\/avatar\\\/57de8e5d4b15d43fb361a71fbb36338450fe67865b528a43dd10ef7c51a20392?s=96&d=mm&r=g\",\"url\":\"https:\\\/\\\/secure.gravatar.com\\\/avatar\\\/57de8e5d4b15d43fb361a71fbb36338450fe67865b528a43dd10ef7c51a20392?s=96&d=mm&r=g\",\"contentUrl\":\"https:\\\/\\\/secure.gravatar.com\\\/avatar\\\/57de8e5d4b15d43fb361a71fbb36338450fe67865b528a43dd10ef7c51a20392?s=96&d=mm&r=g\",\"caption\":\"La Sentinelle\"},\"sameAs\":[\"http:\\\/\\\/www.lasentinelle.dz\"],\"url\":\"https:\\\/\\\/lasentinelle.dz\\\/author\\\/redaction\\\/\"}]}<\/script>\n<!-- \/ Yoast SEO plugin. -->","yoast_head_json":{"title":"Coupe du monde Sabre\u00a0: L&rsquo;Espagnole Martin-Portugues remporte l&rsquo;\u00e9tape d&rsquo;Alger - La Sentinelle","robots":{"index":"index","follow":"follow","max-snippet":"max-snippet:-1","max-image-preview":"max-image-preview:large","max-video-preview":"max-video-preview:-1"},"canonical":"https:\/\/lasentinelle.dz\/index.php\/2022\/11\/12\/coupe-du-monde-sabre-lespagnole-martin-portugues-remporte-letape-dalger\/","og_locale":"fr_FR","og_type":"article","og_title":"Coupe du monde Sabre\u00a0: L&rsquo;Espagnole Martin-Portugues remporte l&rsquo;\u00e9tape d&rsquo;Alger - La Sentinelle","og_description":"L&rsquo;Espagnole Lucia Martin-Portugues a remport\u00e9 l&rsquo;\u00e9tape d&rsquo;Alger de la Coupe du monde de Sabre, en s&rsquo;imposant en finale devant l&rsquo;Italienne","og_url":"https:\/\/lasentinelle.dz\/index.php\/2022\/11\/12\/coupe-du-monde-sabre-lespagnole-martin-portugues-remporte-letape-dalger\/","og_site_name":"La Sentinelle","article_publisher":"https:\/\/www.facebook.com\/La-Sentinelle-104059864394773","article_published_time":"2022-11-12T21:00:00+00:00","og_image":[{"width":580,"height":350,"url":"https:\/\/lasentinelle.dz\/wp-content\/uploads\/2022\/11\/Boudiaf.jpeg","type":"image\/jpeg"}],"author":"La Sentinelle","twitter_card":"summary_large_image","twitter_misc":{"\u00c9crit par":"La Sentinelle","Dur\u00e9e de lecture estim\u00e9e":"2 minutes"},"schema":{"@context":"https:\/\/schema.org","@graph":[{"@type":"Article","@id":"https:\/\/lasentinelle.dz\/index.php\/2022\/11\/12\/coupe-du-monde-sabre-lespagnole-martin-portugues-remporte-letape-dalger\/#article","isPartOf":{"@id":"https:\/\/lasentinelle.dz\/index.php\/2022\/11\/12\/coupe-du-monde-sabre-lespagnole-martin-portugues-remporte-letape-dalger\/"},"author":{"name":"La Sentinelle","@id":"https:\/\/lasentinelle.dz\/#\/schema\/person\/d865044e22e70a75174ce8bcad3acfb3"},"headline":"Coupe du monde Sabre\u00a0: L&rsquo;Espagnole Martin-Portugues remporte l&rsquo;\u00e9tape d&rsquo;Alger","datePublished":"2022-11-12T21:00:00+00:00","mainEntityOfPage":{"@id":"https:\/\/lasentinelle.dz\/index.php\/2022\/11\/12\/coupe-du-monde-sabre-lespagnole-martin-portugues-remporte-letape-dalger\/"},"wordCount":453,"commentCount":0,"publisher":{"@id":"https:\/\/lasentinelle.dz\/#organization"},"image":{"@id":"https:\/\/lasentinelle.dz\/index.php\/2022\/11\/12\/coupe-du-monde-sabre-lespagnole-martin-portugues-remporte-letape-dalger\/#primaryimage"},"thumbnailUrl":"https:\/\/lasentinelle.dz\/wp-content\/uploads\/2022\/11\/Boudiaf.jpeg","articleSection":["Sports"],"inLanguage":"fr-FR","potentialAction":[{"@type":"CommentAction","name":"Comment","target":["https:\/\/lasentinelle.dz\/index.php\/2022\/11\/12\/coupe-du-monde-sabre-lespagnole-martin-portugues-remporte-letape-dalger\/#respond"]}]},{"@type":"WebPage","@id":"https:\/\/lasentinelle.dz\/index.php\/2022\/11\/12\/coupe-du-monde-sabre-lespagnole-martin-portugues-remporte-letape-dalger\/","url":"https:\/\/lasentinelle.dz\/index.php\/2022\/11\/12\/coupe-du-monde-sabre-lespagnole-martin-portugues-remporte-letape-dalger\/","name":"Coupe du monde Sabre\u00a0: L&rsquo;Espagnole Martin-Portugues remporte l&rsquo;\u00e9tape d&rsquo;Alger - La Sentinelle","isPartOf":{"@id":"https:\/\/lasentinelle.dz\/#website"},"primaryImageOfPage":{"@id":"https:\/\/lasentinelle.dz\/index.php\/2022\/11\/12\/coupe-du-monde-sabre-lespagnole-martin-portugues-remporte-letape-dalger\/#primaryimage"},"image":{"@id":"https:\/\/lasentinelle.dz\/index.php\/2022\/11\/12\/coupe-du-monde-sabre-lespagnole-martin-portugues-remporte-letape-dalger\/#primaryimage"},"thumbnailUrl":"https:\/\/lasentinelle.dz\/wp-content\/uploads\/2022\/11\/Boudiaf.jpeg","datePublished":"2022-11-12T21:00:00+00:00","breadcrumb":{"@id":"https:\/\/lasentinelle.dz\/index.php\/2022\/11\/12\/coupe-du-monde-sabre-lespagnole-martin-portugues-remporte-letape-dalger\/#breadcrumb"},"inLanguage":"fr-FR","potentialAction":[{"@type":"ReadAction","target":["https:\/\/lasentinelle.dz\/index.php\/2022\/11\/12\/coupe-du-monde-sabre-lespagnole-martin-portugues-remporte-letape-dalger\/"]}]},{"@type":"ImageObject","inLanguage":"fr-FR","@id":"https:\/\/lasentinelle.dz\/index.php\/2022\/11\/12\/coupe-du-monde-sabre-lespagnole-martin-portugues-remporte-letape-dalger\/#primaryimage","url":"https:\/\/lasentinelle.dz\/wp-content\/uploads\/2022\/11\/Boudiaf.jpeg","contentUrl":"https:\/\/lasentinelle.dz\/wp-content\/uploads\/2022\/11\/Boudiaf.jpeg","width":580,"height":350},{"@type":"BreadcrumbList","@id":"https:\/\/lasentinelle.dz\/index.php\/2022\/11\/12\/coupe-du-monde-sabre-lespagnole-martin-portugues-remporte-letape-dalger\/#breadcrumb","itemListElement":[{"@type":"ListItem","position":1,"name":"Accueil","item":"https:\/\/lasentinelle.dz\/"},{"@type":"ListItem","position":2,"name":"Coupe du monde Sabre\u00a0: L&rsquo;Espagnole Martin-Portugues remporte l&rsquo;\u00e9tape d&rsquo;Alger"}]},{"@type":"WebSite","@id":"https:\/\/lasentinelle.dz\/#website","url":"https:\/\/lasentinelle.dz\/","name":"La Sentinelle","description":"Quotidien national d&#039;information","publisher":{"@id":"https:\/\/lasentinelle.dz\/#organization"},"potentialAction":[{"@type":"SearchAction","target":{"@type":"EntryPoint","urlTemplate":"https:\/\/lasentinelle.dz\/?s={search_term_string}"},"query-input":{"@type":"PropertyValueSpecification","valueRequired":true,"valueName":"search_term_string"}}],"inLanguage":"fr-FR"},{"@type":"Organization","@id":"https:\/\/lasentinelle.dz\/#organization","name":"Quotidien La Sentinelle","url":"https:\/\/lasentinelle.dz\/","logo":{"@type":"ImageObject","inLanguage":"fr-FR","@id":"https:\/\/lasentinelle.dz\/#\/schema\/logo\/image\/","url":"https:\/\/lasentinelle.dz\/wp-content\/uploads\/2021\/09\/logo-sentinelleSLOGAN-1.png","contentUrl":"https:\/\/lasentinelle.dz\/wp-content\/uploads\/2021\/09\/logo-sentinelleSLOGAN-1.png","width":615,"height":142,"caption":"Quotidien La Sentinelle"},"image":{"@id":"https:\/\/lasentinelle.dz\/#\/schema\/logo\/image\/"},"sameAs":["https:\/\/www.facebook.com\/La-Sentinelle-104059864394773"]},{"@type":"Person","@id":"https:\/\/lasentinelle.dz\/#\/schema\/person\/d865044e22e70a75174ce8bcad3acfb3","name":"La Sentinelle","image":{"@type":"ImageObject","inLanguage":"fr-FR","@id":"https:\/\/secure.gravatar.com\/avatar\/57de8e5d4b15d43fb361a71fbb36338450fe67865b528a43dd10ef7c51a20392?s=96&d=mm&r=g","url":"https:\/\/secure.gravatar.com\/avatar\/57de8e5d4b15d43fb361a71fbb36338450fe67865b528a43dd10ef7c51a20392?s=96&d=mm&r=g","contentUrl":"https:\/\/secure.gravatar.com\/avatar\/57de8e5d4b15d43fb361a71fbb36338450fe67865b528a43dd10ef7c51a20392?s=96&d=mm&r=g","caption":"La Sentinelle"},"sameAs":["http:\/\/www.lasentinelle.dz"],"url":"https:\/\/lasentinelle.dz\/author\/redaction\/"}]}},"_links":{"self":[{"href":"https:\/\/lasentinelle.dz\/index.php\/wp-json\/wp\/v2\/posts\/30568","targetHints":{"allow":["GET"]}}],"collection":[{"href":"https:\/\/lasentinelle.dz\/index.php\/wp-json\/wp\/v2\/posts"}],"about":[{"href":"https:\/\/lasentinelle.dz\/index.php\/wp-json\/wp\/v2\/types\/post"}],"author":[{"embeddable":true,"href":"https:\/\/lasentinelle.dz\/index.php\/wp-json\/wp\/v2\/users\/3"}],"replies":[{"embeddable":true,"href":"https:\/\/lasentinelle.dz\/index.php\/wp-json\/wp\/v2\/comments?post=30568"}],"version-history":[{"count":1,"href":"https:\/\/lasentinelle.dz\/index.php\/wp-json\/wp\/v2\/posts\/30568\/revisions"}],"predecessor-version":[{"id":30570,"href":"https:\/\/lasentinelle.dz\/index.php\/wp-json\/wp\/v2\/posts\/30568\/revisions\/30570"}],"wp:featuredmedia":[{"embeddable":true,"href":"https:\/\/lasentinelle.dz\/index.php\/wp-json\/wp\/v2\/media\/30569"}],"wp:attachment":[{"href":"https:\/\/lasentinelle.dz\/index.php\/wp-json\/wp\/v2\/media?parent=30568"}],"wp:term":[{"taxonomy":"category","embeddable":true,"href":"https:\/\/lasentinelle.dz\/index.php\/wp-json\/wp\/v2\/categories?post=30568"},{"taxonomy":"post_tag","embeddable":true,"href":"https:\/\/lasentinelle.dz\/index.php\/wp-json\/wp\/v2\/tags?post=30568"}],"curies":[{"name":"wp","href":"https:\/\/api.w.org\/{rel}","templated":true}]}}