{"id":30574,"date":"2022-11-12T22:08:00","date_gmt":"2022-11-12T21:08:00","guid":{"rendered":"https:\/\/lasentinelle.dz\/?p=30574"},"modified":"2022-11-12T18:08:19","modified_gmt":"2022-11-12T17:08:19","slug":"equipe-nationale-leris-arrive-delort-absent","status":"publish","type":"post","link":"https:\/\/lasentinelle.dz\/index.php\/2022\/11\/12\/equipe-nationale-leris-arrive-delort-absent\/","title":{"rendered":"Equipe nationale\u00a0: Leris arrive, Delort absent"},"content":{"rendered":"\n<p>La F\u00e9d\u00e9ration alg\u00e9rienne de football a d\u00e9voil\u00e9 hier la liste des 24 joueurs convoqu\u00e9s par Djamel Belmadi pour le stage des Verts de ce mois de novembre. Une liste qui refl\u00e8te d\u2019ailleurs la volont\u00e9 de Belmadi d\u2019explorer diverses possibilit\u00e9s et de disposer d\u2019alternatives.<\/p>\n\n\n\n<p>Le coach national a une nouvelle fois quelque peu surpris et d\u00e9menti les rumeurs \u00e0 propose de l\u2019effectif convoqu\u00e9 pour le stage des Verts du mois de novembre. Si une bonne partie des joueurs convoqu\u00e9s lors du stage du mois de septembre rempile cette fois-ci d\u00e9montrant que le ministre du bonheur commence \u00e0 avoir une id\u00e9e plus ou moins pr\u00e9cise de l\u2019effectif qu\u2019il compte aligner pour aller au bout des qualifs pour la prochaine Coupe d\u2019Afrique des Nations, il apporte quelques changements majeurs et injecte du sang neuf dans l\u2019\u00e9quipe. Ainsi et pour la caution jeune, Djamel Belmadi compte sur l\u2019arriv\u00e9edu novice Mehdi Leris, joueur de la formation italienne de Sampdoria (Serie A), pour donner du sang neuf, d\u00e9mentant ainsi et une nouvelle fois les rumeurs sur les cas du soci\u00e9taire de l\u2019OL Houssam Aouar et du joueur de Wolverhampton Rayan Ait Nouri.<\/p>\n\n\n\n<p>La liste de Belmadi est \u00e9galement marqu\u00e9e par le retour de Ra\u00efs M\u2019bolhi. Le portier de l\u2019EN depuis 12 ans n\u2019avait pas \u00e9t\u00e9 convoqu\u00e9 en septembre, apr\u00e8s plusieurs mois sans club. Une situation qui avait laiss\u00e9 penser que M\u2019bolhi devait laisser sa carri\u00e8re chez les Verts derri\u00e8re lui. Depuis, M\u2019bolhi s\u2019est engag\u00e9 avec le club saoudien Al Qadsiah FC et a retrouv\u00e9 du temps de jeu. La liste est marqu\u00e9e par la convocation ainsi que par le retour du gardien Rais M&rsquo;bolhi et de l&rsquo;attaquant de West Ham Said Benrahma.<\/p>\n\n\n\n<p>En revanche, plusieurs joueurs pr\u00e9sents lors du stage de septembre dernier ne figurent pas dans la nouvelle liste, il s&rsquo;agit de Bedrane (Damac FC \/Arabie saoudite), Zedadka (LOSC Lille\/France), Mrezigue (CR Belouizdad\/Alg\u00e9rie) appel\u00e9 en \u00e9quipe nationale A&rsquo;, Brahimi (OGC Nice\/ France) et Andy Delors (OGC Nice), qui semble souffrir d\u2019une blessure handicapante au genou. Notons que l&rsquo;\u00e9quipe nationale a affrontera son homologue du Mali, en match amical le mercredi 16 novembre au stade Miloud-Hadefi d&rsquo;Oran (20h30).Ce sera la premi\u00e8re rencontre des hommes de Djamel Belmadi lors de la prochaine fen\u00eatre de la FIFA du mois de novembre.La derni\u00e8re rencontre entre les s\u00e9lections alg\u00e9rienne et malienne remonte au 6 juin 2021 au stade Mustapha-Tchaker de&nbsp; Blida, remport\u00e9e par les Verts (1-0) gr\u00e2ce \u00e0 un but du capitaine Riyad Mahrez (56e).<\/p>\n\n\n\n<p>Un second match amical est au programme des Verts contre la Su\u00e8de le samedi 19 novembre \u00e0 l&rsquo;Eleda Stadium de Malmo (20h30, alg\u00e9riennes).L&rsquo;Alg\u00e9rie a rencontr\u00e9 la Su\u00e8de \u00e0 quatre reprises par le pass\u00e9. La derni\u00e8re opposition entre les deux \u00e9quipes remonte \u00e0 1990. Le match s&rsquo;est jou\u00e9 \u00e0 Alger et s&rsquo;est termin\u00e9 sur un score de parit\u00e9 (1-1).<\/p>\n\n\n\n<p>Le Mali et la Su\u00e8de, respectivement 46e et 25e au dernier classement de la Fifa, publi\u00e9 le 6 octobre, ont \u00e9chou\u00e9 \u00e0 se qualifier pour la prochaine Coupe du monde au Qatar (20 novembre- 18 d\u00e9cembre), au m\u00eame titre que l&rsquo;Alg\u00e9rie.Les co\u00e9quipiers du capitaine Riyad Mahrez (Manchester City\/ Angleterre) restent sur deux victoires en amical : face \u00e0 la Guin\u00e9e (1-0) et au Nigeria (2-1), en matchs disput\u00e9s respectivement les 23 et 27 septembre dernier au stade olympique Miloud-Hadefi d&rsquo;Oran.<\/p>\n\n\n\n<p><strong>Chokri Hafed<\/strong><\/p>\n","protected":false},"excerpt":{"rendered":"<p>La F\u00e9d\u00e9ration alg\u00e9rienne de football a d\u00e9voil\u00e9 hier la liste des 24 joueurs convoqu\u00e9s par Djamel Belmadi pour le stage<\/p>\n","protected":false},"author":3,"featured_media":30575,"comment_status":"open","ping_status":"closed","sticky":false,"template":"","format":"standard","meta":{"colormag_page_container_layout":"default_layout","colormag_page_sidebar_layout":"default_layout","om_disable_all_campaigns":false,"_monsterinsights_skip_tracking":false,"_monsterinsights_sitenote_active":false,"_monsterinsights_sitenote_note":"","_monsterinsights_sitenote_category":0,"footnotes":"","_wpscppro_dont_share_socialmedia":false,"_wpscppro_custom_social_share_image":0,"_facebook_share_type":"","_twitter_share_type":"","_linkedin_share_type":"","_pinterest_share_type":"","_linkedin_share_type_page":"","_instagram_share_type":"","_medium_share_type":"","_threads_share_type":"","_google_business_share_type":"","_selected_social_profile":[],"_wpsp_enable_custom_social_template":false,"_wpsp_social_scheduling":{"enabled":false,"datetime":null,"platforms":[],"status":"template_only","dateOption":"today","timeOption":"now","customDays":"","customHours":"","customDate":"","customTime":"","schedulingType":"absolute"},"_wpsp_active_default_template":true},"categories":[52,33],"tags":[],"class_list":["post-30574","post","type-post","status-publish","format-standard","has-post-thumbnail","hentry","category-a-la-une","category-sports"],"aioseo_notices":[],"yoast_head":"<!-- This site is optimized with the Yoast SEO plugin v27.5 - https:\/\/yoast.com\/product\/yoast-seo-wordpress\/ -->\n<title>Equipe nationale\u00a0: Leris arrive, Delort absent - La Sentinelle<\/title>\n<meta name=\"robots\" content=\"index, follow, max-snippet:-1, max-image-preview:large, max-video-preview:-1\" \/>\n<link rel=\"canonical\" href=\"https:\/\/lasentinelle.dz\/index.php\/2022\/11\/12\/equipe-nationale-leris-arrive-delort-absent\/\" \/>\n<meta property=\"og:locale\" content=\"fr_FR\" \/>\n<meta property=\"og:type\" content=\"article\" \/>\n<meta property=\"og:title\" content=\"Equipe nationale\u00a0: Leris arrive, Delort absent - La Sentinelle\" \/>\n<meta property=\"og:description\" content=\"La F\u00e9d\u00e9ration alg\u00e9rienne de football a d\u00e9voil\u00e9 hier la liste des 24 joueurs convoqu\u00e9s par Djamel Belmadi pour le stage\" \/>\n<meta property=\"og:url\" content=\"https:\/\/lasentinelle.dz\/index.php\/2022\/11\/12\/equipe-nationale-leris-arrive-delort-absent\/\" \/>\n<meta property=\"og:site_name\" content=\"La Sentinelle\" \/>\n<meta property=\"article:publisher\" content=\"https:\/\/www.facebook.com\/La-Sentinelle-104059864394773\" \/>\n<meta property=\"article:published_time\" content=\"2022-11-12T21:08:00+00:00\" \/>\n<meta property=\"og:image\" content=\"https:\/\/lasentinelle.dz\/wp-content\/uploads\/2022\/11\/EN-1.png\" \/>\n\t<meta property=\"og:image:width\" content=\"1200\" \/>\n\t<meta property=\"og:image:height\" content=\"900\" \/>\n\t<meta property=\"og:image:type\" content=\"image\/png\" \/>\n<meta name=\"author\" content=\"La Sentinelle\" \/>\n<meta name=\"twitter:card\" content=\"summary_large_image\" \/>\n<meta name=\"twitter:label1\" content=\"\u00c9crit par\" \/>\n\t<meta name=\"twitter:data1\" content=\"La Sentinelle\" \/>\n\t<meta name=\"twitter:label2\" content=\"Dur\u00e9e de lecture estim\u00e9e\" \/>\n\t<meta name=\"twitter:data2\" content=\"3 minutes\" \/>\n<script type=\"application\/ld+json\" class=\"yoast-schema-graph\">{\"@context\":\"https:\\\/\\\/schema.org\",\"@graph\":[{\"@type\":\"Article\",\"@id\":\"https:\\\/\\\/lasentinelle.dz\\\/index.php\\\/2022\\\/11\\\/12\\\/equipe-nationale-leris-arrive-delort-absent\\\/#article\",\"isPartOf\":{\"@id\":\"https:\\\/\\\/lasentinelle.dz\\\/index.php\\\/2022\\\/11\\\/12\\\/equipe-nationale-leris-arrive-delort-absent\\\/\"},\"author\":{\"name\":\"La Sentinelle\",\"@id\":\"https:\\\/\\\/lasentinelle.dz\\\/#\\\/schema\\\/person\\\/d865044e22e70a75174ce8bcad3acfb3\"},\"headline\":\"Equipe nationale\u00a0: Leris arrive, Delort absent\",\"datePublished\":\"2022-11-12T21:08:00+00:00\",\"mainEntityOfPage\":{\"@id\":\"https:\\\/\\\/lasentinelle.dz\\\/index.php\\\/2022\\\/11\\\/12\\\/equipe-nationale-leris-arrive-delort-absent\\\/\"},\"wordCount\":606,\"commentCount\":0,\"publisher\":{\"@id\":\"https:\\\/\\\/lasentinelle.dz\\\/#organization\"},\"image\":{\"@id\":\"https:\\\/\\\/lasentinelle.dz\\\/index.php\\\/2022\\\/11\\\/12\\\/equipe-nationale-leris-arrive-delort-absent\\\/#primaryimage\"},\"thumbnailUrl\":\"https:\\\/\\\/lasentinelle.dz\\\/wp-content\\\/uploads\\\/2022\\\/11\\\/EN-1.png\",\"articleSection\":[\"\u00c0 la Une\",\"Sports\"],\"inLanguage\":\"fr-FR\",\"potentialAction\":[{\"@type\":\"CommentAction\",\"name\":\"Comment\",\"target\":[\"https:\\\/\\\/lasentinelle.dz\\\/index.php\\\/2022\\\/11\\\/12\\\/equipe-nationale-leris-arrive-delort-absent\\\/#respond\"]}]},{\"@type\":\"WebPage\",\"@id\":\"https:\\\/\\\/lasentinelle.dz\\\/index.php\\\/2022\\\/11\\\/12\\\/equipe-nationale-leris-arrive-delort-absent\\\/\",\"url\":\"https:\\\/\\\/lasentinelle.dz\\\/index.php\\\/2022\\\/11\\\/12\\\/equipe-nationale-leris-arrive-delort-absent\\\/\",\"name\":\"Equipe nationale\u00a0: Leris arrive, Delort absent - La Sentinelle\",\"isPartOf\":{\"@id\":\"https:\\\/\\\/lasentinelle.dz\\\/#website\"},\"primaryImageOfPage\":{\"@id\":\"https:\\\/\\\/lasentinelle.dz\\\/index.php\\\/2022\\\/11\\\/12\\\/equipe-nationale-leris-arrive-delort-absent\\\/#primaryimage\"},\"image\":{\"@id\":\"https:\\\/\\\/lasentinelle.dz\\\/index.php\\\/2022\\\/11\\\/12\\\/equipe-nationale-leris-arrive-delort-absent\\\/#primaryimage\"},\"thumbnailUrl\":\"https:\\\/\\\/lasentinelle.dz\\\/wp-content\\\/uploads\\\/2022\\\/11\\\/EN-1.png\",\"datePublished\":\"2022-11-12T21:08:00+00:00\",\"breadcrumb\":{\"@id\":\"https:\\\/\\\/lasentinelle.dz\\\/index.php\\\/2022\\\/11\\\/12\\\/equipe-nationale-leris-arrive-delort-absent\\\/#breadcrumb\"},\"inLanguage\":\"fr-FR\",\"potentialAction\":[{\"@type\":\"ReadAction\",\"target\":[\"https:\\\/\\\/lasentinelle.dz\\\/index.php\\\/2022\\\/11\\\/12\\\/equipe-nationale-leris-arrive-delort-absent\\\/\"]}]},{\"@type\":\"ImageObject\",\"inLanguage\":\"fr-FR\",\"@id\":\"https:\\\/\\\/lasentinelle.dz\\\/index.php\\\/2022\\\/11\\\/12\\\/equipe-nationale-leris-arrive-delort-absent\\\/#primaryimage\",\"url\":\"https:\\\/\\\/lasentinelle.dz\\\/wp-content\\\/uploads\\\/2022\\\/11\\\/EN-1.png\",\"contentUrl\":\"https:\\\/\\\/lasentinelle.dz\\\/wp-content\\\/uploads\\\/2022\\\/11\\\/EN-1.png\",\"width\":1200,\"height\":900},{\"@type\":\"BreadcrumbList\",\"@id\":\"https:\\\/\\\/lasentinelle.dz\\\/index.php\\\/2022\\\/11\\\/12\\\/equipe-nationale-leris-arrive-delort-absent\\\/#breadcrumb\",\"itemListElement\":[{\"@type\":\"ListItem\",\"position\":1,\"name\":\"Accueil\",\"item\":\"https:\\\/\\\/lasentinelle.dz\\\/\"},{\"@type\":\"ListItem\",\"position\":2,\"name\":\"Equipe nationale\u00a0: Leris arrive, Delort absent\"}]},{\"@type\":\"WebSite\",\"@id\":\"https:\\\/\\\/lasentinelle.dz\\\/#website\",\"url\":\"https:\\\/\\\/lasentinelle.dz\\\/\",\"name\":\"La Sentinelle\",\"description\":\"Quotidien national d&#039;information\",\"publisher\":{\"@id\":\"https:\\\/\\\/lasentinelle.dz\\\/#organization\"},\"potentialAction\":[{\"@type\":\"SearchAction\",\"target\":{\"@type\":\"EntryPoint\",\"urlTemplate\":\"https:\\\/\\\/lasentinelle.dz\\\/?s={search_term_string}\"},\"query-input\":{\"@type\":\"PropertyValueSpecification\",\"valueRequired\":true,\"valueName\":\"search_term_string\"}}],\"inLanguage\":\"fr-FR\"},{\"@type\":\"Organization\",\"@id\":\"https:\\\/\\\/lasentinelle.dz\\\/#organization\",\"name\":\"Quotidien La Sentinelle\",\"url\":\"https:\\\/\\\/lasentinelle.dz\\\/\",\"logo\":{\"@type\":\"ImageObject\",\"inLanguage\":\"fr-FR\",\"@id\":\"https:\\\/\\\/lasentinelle.dz\\\/#\\\/schema\\\/logo\\\/image\\\/\",\"url\":\"https:\\\/\\\/lasentinelle.dz\\\/wp-content\\\/uploads\\\/2021\\\/09\\\/logo-sentinelleSLOGAN-1.png\",\"contentUrl\":\"https:\\\/\\\/lasentinelle.dz\\\/wp-content\\\/uploads\\\/2021\\\/09\\\/logo-sentinelleSLOGAN-1.png\",\"width\":615,\"height\":142,\"caption\":\"Quotidien La Sentinelle\"},\"image\":{\"@id\":\"https:\\\/\\\/lasentinelle.dz\\\/#\\\/schema\\\/logo\\\/image\\\/\"},\"sameAs\":[\"https:\\\/\\\/www.facebook.com\\\/La-Sentinelle-104059864394773\"]},{\"@type\":\"Person\",\"@id\":\"https:\\\/\\\/lasentinelle.dz\\\/#\\\/schema\\\/person\\\/d865044e22e70a75174ce8bcad3acfb3\",\"name\":\"La Sentinelle\",\"image\":{\"@type\":\"ImageObject\",\"inLanguage\":\"fr-FR\",\"@id\":\"https:\\\/\\\/secure.gravatar.com\\\/avatar\\\/57de8e5d4b15d43fb361a71fbb36338450fe67865b528a43dd10ef7c51a20392?s=96&d=mm&r=g\",\"url\":\"https:\\\/\\\/secure.gravatar.com\\\/avatar\\\/57de8e5d4b15d43fb361a71fbb36338450fe67865b528a43dd10ef7c51a20392?s=96&d=mm&r=g\",\"contentUrl\":\"https:\\\/\\\/secure.gravatar.com\\\/avatar\\\/57de8e5d4b15d43fb361a71fbb36338450fe67865b528a43dd10ef7c51a20392?s=96&d=mm&r=g\",\"caption\":\"La Sentinelle\"},\"sameAs\":[\"http:\\\/\\\/www.lasentinelle.dz\"],\"url\":\"https:\\\/\\\/lasentinelle.dz\\\/author\\\/redaction\\\/\"}]}<\/script>\n<!-- \/ Yoast SEO plugin. -->","yoast_head_json":{"title":"Equipe nationale\u00a0: Leris arrive, Delort absent - La Sentinelle","robots":{"index":"index","follow":"follow","max-snippet":"max-snippet:-1","max-image-preview":"max-image-preview:large","max-video-preview":"max-video-preview:-1"},"canonical":"https:\/\/lasentinelle.dz\/index.php\/2022\/11\/12\/equipe-nationale-leris-arrive-delort-absent\/","og_locale":"fr_FR","og_type":"article","og_title":"Equipe nationale\u00a0: Leris arrive, Delort absent - La Sentinelle","og_description":"La F\u00e9d\u00e9ration alg\u00e9rienne de football a d\u00e9voil\u00e9 hier la liste des 24 joueurs convoqu\u00e9s par Djamel Belmadi pour le stage","og_url":"https:\/\/lasentinelle.dz\/index.php\/2022\/11\/12\/equipe-nationale-leris-arrive-delort-absent\/","og_site_name":"La Sentinelle","article_publisher":"https:\/\/www.facebook.com\/La-Sentinelle-104059864394773","article_published_time":"2022-11-12T21:08:00+00:00","og_image":[{"width":1200,"height":900,"url":"https:\/\/lasentinelle.dz\/wp-content\/uploads\/2022\/11\/EN-1.png","type":"image\/png"}],"author":"La Sentinelle","twitter_card":"summary_large_image","twitter_misc":{"\u00c9crit par":"La Sentinelle","Dur\u00e9e de lecture estim\u00e9e":"3 minutes"},"schema":{"@context":"https:\/\/schema.org","@graph":[{"@type":"Article","@id":"https:\/\/lasentinelle.dz\/index.php\/2022\/11\/12\/equipe-nationale-leris-arrive-delort-absent\/#article","isPartOf":{"@id":"https:\/\/lasentinelle.dz\/index.php\/2022\/11\/12\/equipe-nationale-leris-arrive-delort-absent\/"},"author":{"name":"La Sentinelle","@id":"https:\/\/lasentinelle.dz\/#\/schema\/person\/d865044e22e70a75174ce8bcad3acfb3"},"headline":"Equipe nationale\u00a0: Leris arrive, Delort absent","datePublished":"2022-11-12T21:08:00+00:00","mainEntityOfPage":{"@id":"https:\/\/lasentinelle.dz\/index.php\/2022\/11\/12\/equipe-nationale-leris-arrive-delort-absent\/"},"wordCount":606,"commentCount":0,"publisher":{"@id":"https:\/\/lasentinelle.dz\/#organization"},"image":{"@id":"https:\/\/lasentinelle.dz\/index.php\/2022\/11\/12\/equipe-nationale-leris-arrive-delort-absent\/#primaryimage"},"thumbnailUrl":"https:\/\/lasentinelle.dz\/wp-content\/uploads\/2022\/11\/EN-1.png","articleSection":["\u00c0 la Une","Sports"],"inLanguage":"fr-FR","potentialAction":[{"@type":"CommentAction","name":"Comment","target":["https:\/\/lasentinelle.dz\/index.php\/2022\/11\/12\/equipe-nationale-leris-arrive-delort-absent\/#respond"]}]},{"@type":"WebPage","@id":"https:\/\/lasentinelle.dz\/index.php\/2022\/11\/12\/equipe-nationale-leris-arrive-delort-absent\/","url":"https:\/\/lasentinelle.dz\/index.php\/2022\/11\/12\/equipe-nationale-leris-arrive-delort-absent\/","name":"Equipe nationale\u00a0: Leris arrive, Delort absent - La Sentinelle","isPartOf":{"@id":"https:\/\/lasentinelle.dz\/#website"},"primaryImageOfPage":{"@id":"https:\/\/lasentinelle.dz\/index.php\/2022\/11\/12\/equipe-nationale-leris-arrive-delort-absent\/#primaryimage"},"image":{"@id":"https:\/\/lasentinelle.dz\/index.php\/2022\/11\/12\/equipe-nationale-leris-arrive-delort-absent\/#primaryimage"},"thumbnailUrl":"https:\/\/lasentinelle.dz\/wp-content\/uploads\/2022\/11\/EN-1.png","datePublished":"2022-11-12T21:08:00+00:00","breadcrumb":{"@id":"https:\/\/lasentinelle.dz\/index.php\/2022\/11\/12\/equipe-nationale-leris-arrive-delort-absent\/#breadcrumb"},"inLanguage":"fr-FR","potentialAction":[{"@type":"ReadAction","target":["https:\/\/lasentinelle.dz\/index.php\/2022\/11\/12\/equipe-nationale-leris-arrive-delort-absent\/"]}]},{"@type":"ImageObject","inLanguage":"fr-FR","@id":"https:\/\/lasentinelle.dz\/index.php\/2022\/11\/12\/equipe-nationale-leris-arrive-delort-absent\/#primaryimage","url":"https:\/\/lasentinelle.dz\/wp-content\/uploads\/2022\/11\/EN-1.png","contentUrl":"https:\/\/lasentinelle.dz\/wp-content\/uploads\/2022\/11\/EN-1.png","width":1200,"height":900},{"@type":"BreadcrumbList","@id":"https:\/\/lasentinelle.dz\/index.php\/2022\/11\/12\/equipe-nationale-leris-arrive-delort-absent\/#breadcrumb","itemListElement":[{"@type":"ListItem","position":1,"name":"Accueil","item":"https:\/\/lasentinelle.dz\/"},{"@type":"ListItem","position":2,"name":"Equipe nationale\u00a0: Leris arrive, Delort absent"}]},{"@type":"WebSite","@id":"https:\/\/lasentinelle.dz\/#website","url":"https:\/\/lasentinelle.dz\/","name":"La Sentinelle","description":"Quotidien national d&#039;information","publisher":{"@id":"https:\/\/lasentinelle.dz\/#organization"},"potentialAction":[{"@type":"SearchAction","target":{"@type":"EntryPoint","urlTemplate":"https:\/\/lasentinelle.dz\/?s={search_term_string}"},"query-input":{"@type":"PropertyValueSpecification","valueRequired":true,"valueName":"search_term_string"}}],"inLanguage":"fr-FR"},{"@type":"Organization","@id":"https:\/\/lasentinelle.dz\/#organization","name":"Quotidien La Sentinelle","url":"https:\/\/lasentinelle.dz\/","logo":{"@type":"ImageObject","inLanguage":"fr-FR","@id":"https:\/\/lasentinelle.dz\/#\/schema\/logo\/image\/","url":"https:\/\/lasentinelle.dz\/wp-content\/uploads\/2021\/09\/logo-sentinelleSLOGAN-1.png","contentUrl":"https:\/\/lasentinelle.dz\/wp-content\/uploads\/2021\/09\/logo-sentinelleSLOGAN-1.png","width":615,"height":142,"caption":"Quotidien La Sentinelle"},"image":{"@id":"https:\/\/lasentinelle.dz\/#\/schema\/logo\/image\/"},"sameAs":["https:\/\/www.facebook.com\/La-Sentinelle-104059864394773"]},{"@type":"Person","@id":"https:\/\/lasentinelle.dz\/#\/schema\/person\/d865044e22e70a75174ce8bcad3acfb3","name":"La Sentinelle","image":{"@type":"ImageObject","inLanguage":"fr-FR","@id":"https:\/\/secure.gravatar.com\/avatar\/57de8e5d4b15d43fb361a71fbb36338450fe67865b528a43dd10ef7c51a20392?s=96&d=mm&r=g","url":"https:\/\/secure.gravatar.com\/avatar\/57de8e5d4b15d43fb361a71fbb36338450fe67865b528a43dd10ef7c51a20392?s=96&d=mm&r=g","contentUrl":"https:\/\/secure.gravatar.com\/avatar\/57de8e5d4b15d43fb361a71fbb36338450fe67865b528a43dd10ef7c51a20392?s=96&d=mm&r=g","caption":"La Sentinelle"},"sameAs":["http:\/\/www.lasentinelle.dz"],"url":"https:\/\/lasentinelle.dz\/author\/redaction\/"}]}},"_links":{"self":[{"href":"https:\/\/lasentinelle.dz\/index.php\/wp-json\/wp\/v2\/posts\/30574","targetHints":{"allow":["GET"]}}],"collection":[{"href":"https:\/\/lasentinelle.dz\/index.php\/wp-json\/wp\/v2\/posts"}],"about":[{"href":"https:\/\/lasentinelle.dz\/index.php\/wp-json\/wp\/v2\/types\/post"}],"author":[{"embeddable":true,"href":"https:\/\/lasentinelle.dz\/index.php\/wp-json\/wp\/v2\/users\/3"}],"replies":[{"embeddable":true,"href":"https:\/\/lasentinelle.dz\/index.php\/wp-json\/wp\/v2\/comments?post=30574"}],"version-history":[{"count":1,"href":"https:\/\/lasentinelle.dz\/index.php\/wp-json\/wp\/v2\/posts\/30574\/revisions"}],"predecessor-version":[{"id":30576,"href":"https:\/\/lasentinelle.dz\/index.php\/wp-json\/wp\/v2\/posts\/30574\/revisions\/30576"}],"wp:featuredmedia":[{"embeddable":true,"href":"https:\/\/lasentinelle.dz\/index.php\/wp-json\/wp\/v2\/media\/30575"}],"wp:attachment":[{"href":"https:\/\/lasentinelle.dz\/index.php\/wp-json\/wp\/v2\/media?parent=30574"}],"wp:term":[{"taxonomy":"category","embeddable":true,"href":"https:\/\/lasentinelle.dz\/index.php\/wp-json\/wp\/v2\/categories?post=30574"},{"taxonomy":"post_tag","embeddable":true,"href":"https:\/\/lasentinelle.dz\/index.php\/wp-json\/wp\/v2\/tags?post=30574"}],"curies":[{"name":"wp","href":"https:\/\/api.w.org\/{rel}","templated":true}]}}