{"id":30613,"date":"2022-11-13T22:00:00","date_gmt":"2022-11-13T21:00:00","guid":{"rendered":"https:\/\/lasentinelle.dz\/?p=30613"},"modified":"2022-11-13T17:39:43","modified_gmt":"2022-11-13T16:39:43","slug":"comite-international-des-jeux-mediterraneens-amar-addadi-president-dhonneur-a-vie","status":"publish","type":"post","link":"https:\/\/lasentinelle.dz\/index.php\/2022\/11\/13\/comite-international-des-jeux-mediterraneens-amar-addadi-president-dhonneur-a-vie\/","title":{"rendered":"Comit\u00e9 international des Jeux m\u00e9diterran\u00e9ens\u00a0: Amar Addadi pr\u00e9sident d&rsquo;honneur \u00e0 vie"},"content":{"rendered":"\n<p>L&rsquo;ancien pr\u00e9sident du Comit\u00e9 international des Jeux m\u00e9diterran\u00e9ens, l&rsquo;Alg\u00e9rien Amar Addadi, a \u00e9t\u00e9 d\u00e9sign\u00e9 pr\u00e9sident d&rsquo;honneur \u00e0 vie du CIJM, a indiqu\u00e9 samedi le Comit\u00e9 olympique et sportif alg\u00e9rien (COA).<\/p>\n\n\n\n<p>La c\u00e9r\u00e9monie de remise du titre de pr\u00e9sident d&rsquo;honneur \u00e0 vie \u00e0 Amar Addadi s&rsquo;est d\u00e9roul\u00e9e samedi en marge de l&rsquo;Assembl\u00e9e g\u00e9n\u00e9rale extraordinaire du Comit\u00e9 international des Jeux m\u00e9diterran\u00e9ens (11-12 novembre 2022), organis\u00e9e dans la ville italienne de Tarente, h\u00f4te des prochains JM2026.Pour rappel, Amar Addadi a pr\u00e9sid\u00e9 le CIJM pendant 18 ans soit cinq mandats de rang. L&rsquo;instance sportive m\u00e9diterran\u00e9enne est pr\u00e9sid\u00e9e depuis octobre 2021 par l&rsquo;Italien Davide Tizzano.L&rsquo;Assembl\u00e9e G\u00e9n\u00e9rale, pr\u00e9sid\u00e9e&nbsp; par Davide Tizzano, a r\u00e9uni le Comit\u00e9 International des Jeux m\u00e9diterran\u00e9ens et les d\u00e9l\u00e9gu\u00e9s des Comit\u00e9s Nationaux Olympiques des 26 pays participants dont le COA repr\u00e9sent\u00e9 par son pr\u00e9sident Abderrahmane Hamad et son vice-pr\u00e9sident Yacine Louail .D&rsquo;autre part, le maire de Tarente et pr\u00e9sident du comit\u00e9 d\u2019organisation de Tarente 2026, Rinaldo Melucci, a inaugur\u00e9 vendredi \u00e0 la mairie le nouveau si\u00e8ge du comit\u00e9 d\u2019organisation.La derni\u00e8re \u00e9dition des Jeux m\u00e9diterran\u00e9ens s&rsquo;est d\u00e9roul\u00e9e \u00e0 Oran du&nbsp; 25 juin au 6 juillet 2022.<\/p>\n\n\n\n<p>APS<\/p>\n","protected":false},"excerpt":{"rendered":"<p>L&rsquo;ancien pr\u00e9sident du Comit\u00e9 international des Jeux m\u00e9diterran\u00e9ens, l&rsquo;Alg\u00e9rien Amar Addadi, a \u00e9t\u00e9 d\u00e9sign\u00e9 pr\u00e9sident d&rsquo;honneur \u00e0 vie du CIJM,<\/p>\n","protected":false},"author":3,"featured_media":30622,"comment_status":"open","ping_status":"closed","sticky":false,"template":"","format":"standard","meta":{"colormag_page_container_layout":"default_layout","colormag_page_sidebar_layout":"default_layout","om_disable_all_campaigns":false,"_monsterinsights_skip_tracking":false,"_monsterinsights_sitenote_active":false,"_monsterinsights_sitenote_note":"","_monsterinsights_sitenote_category":0,"footnotes":"","_wpscppro_dont_share_socialmedia":false,"_wpscppro_custom_social_share_image":0,"_facebook_share_type":"","_twitter_share_type":"","_linkedin_share_type":"","_pinterest_share_type":"","_linkedin_share_type_page":"","_instagram_share_type":"","_medium_share_type":"","_threads_share_type":"","_google_business_share_type":"","_selected_social_profile":[],"_wpsp_enable_custom_social_template":false,"_wpsp_social_scheduling":{"enabled":false,"datetime":null,"platforms":[],"status":"template_only","dateOption":"today","timeOption":"now","customDays":"","customHours":"","customDate":"","customTime":"","schedulingType":"absolute"},"_wpsp_active_default_template":true},"categories":[33],"tags":[],"class_list":["post-30613","post","type-post","status-publish","format-standard","has-post-thumbnail","hentry","category-sports"],"aioseo_notices":[],"yoast_head":"<!-- This site is optimized with the Yoast SEO plugin v27.5 - https:\/\/yoast.com\/product\/yoast-seo-wordpress\/ -->\n<title>Comit\u00e9 international des Jeux m\u00e9diterran\u00e9ens\u00a0: Amar Addadi pr\u00e9sident d&rsquo;honneur \u00e0 vie - La Sentinelle<\/title>\n<meta name=\"robots\" content=\"index, follow, max-snippet:-1, max-image-preview:large, max-video-preview:-1\" \/>\n<link rel=\"canonical\" href=\"https:\/\/lasentinelle.dz\/index.php\/2022\/11\/13\/comite-international-des-jeux-mediterraneens-amar-addadi-president-dhonneur-a-vie\/\" \/>\n<meta property=\"og:locale\" content=\"fr_FR\" \/>\n<meta property=\"og:type\" content=\"article\" \/>\n<meta property=\"og:title\" content=\"Comit\u00e9 international des Jeux m\u00e9diterran\u00e9ens\u00a0: Amar Addadi pr\u00e9sident d&rsquo;honneur \u00e0 vie - La Sentinelle\" \/>\n<meta property=\"og:description\" content=\"L&rsquo;ancien pr\u00e9sident du Comit\u00e9 international des Jeux m\u00e9diterran\u00e9ens, l&rsquo;Alg\u00e9rien Amar Addadi, a \u00e9t\u00e9 d\u00e9sign\u00e9 pr\u00e9sident d&rsquo;honneur \u00e0 vie du CIJM,\" \/>\n<meta property=\"og:url\" content=\"https:\/\/lasentinelle.dz\/index.php\/2022\/11\/13\/comite-international-des-jeux-mediterraneens-amar-addadi-president-dhonneur-a-vie\/\" \/>\n<meta property=\"og:site_name\" content=\"La Sentinelle\" \/>\n<meta property=\"article:publisher\" content=\"https:\/\/www.facebook.com\/La-Sentinelle-104059864394773\" \/>\n<meta property=\"article:published_time\" content=\"2022-11-13T21:00:00+00:00\" \/>\n<meta property=\"og:image\" content=\"https:\/\/lasentinelle.dz\/wp-content\/uploads\/2022\/11\/Amar-Addadi-.jpeg\" \/>\n\t<meta property=\"og:image:width\" content=\"2000\" \/>\n\t<meta property=\"og:image:height\" content=\"1249\" \/>\n\t<meta property=\"og:image:type\" content=\"image\/jpeg\" \/>\n<meta name=\"author\" content=\"La Sentinelle\" \/>\n<meta name=\"twitter:card\" content=\"summary_large_image\" \/>\n<meta name=\"twitter:label1\" content=\"\u00c9crit par\" \/>\n\t<meta name=\"twitter:data1\" content=\"La Sentinelle\" \/>\n\t<meta name=\"twitter:label2\" content=\"Dur\u00e9e de lecture estim\u00e9e\" \/>\n\t<meta name=\"twitter:data2\" content=\"1 minute\" \/>\n<script type=\"application\/ld+json\" class=\"yoast-schema-graph\">{\"@context\":\"https:\\\/\\\/schema.org\",\"@graph\":[{\"@type\":\"Article\",\"@id\":\"https:\\\/\\\/lasentinelle.dz\\\/index.php\\\/2022\\\/11\\\/13\\\/comite-international-des-jeux-mediterraneens-amar-addadi-president-dhonneur-a-vie\\\/#article\",\"isPartOf\":{\"@id\":\"https:\\\/\\\/lasentinelle.dz\\\/index.php\\\/2022\\\/11\\\/13\\\/comite-international-des-jeux-mediterraneens-amar-addadi-president-dhonneur-a-vie\\\/\"},\"author\":{\"name\":\"La Sentinelle\",\"@id\":\"https:\\\/\\\/lasentinelle.dz\\\/#\\\/schema\\\/person\\\/d865044e22e70a75174ce8bcad3acfb3\"},\"headline\":\"Comit\u00e9 international des Jeux m\u00e9diterran\u00e9ens\u00a0: Amar Addadi pr\u00e9sident d&rsquo;honneur \u00e0 vie\",\"datePublished\":\"2022-11-13T21:00:00+00:00\",\"mainEntityOfPage\":{\"@id\":\"https:\\\/\\\/lasentinelle.dz\\\/index.php\\\/2022\\\/11\\\/13\\\/comite-international-des-jeux-mediterraneens-amar-addadi-president-dhonneur-a-vie\\\/\"},\"wordCount\":249,\"commentCount\":0,\"publisher\":{\"@id\":\"https:\\\/\\\/lasentinelle.dz\\\/#organization\"},\"image\":{\"@id\":\"https:\\\/\\\/lasentinelle.dz\\\/index.php\\\/2022\\\/11\\\/13\\\/comite-international-des-jeux-mediterraneens-amar-addadi-president-dhonneur-a-vie\\\/#primaryimage\"},\"thumbnailUrl\":\"https:\\\/\\\/lasentinelle.dz\\\/wp-content\\\/uploads\\\/2022\\\/11\\\/Amar-Addadi-.jpeg\",\"articleSection\":[\"Sports\"],\"inLanguage\":\"fr-FR\",\"potentialAction\":[{\"@type\":\"CommentAction\",\"name\":\"Comment\",\"target\":[\"https:\\\/\\\/lasentinelle.dz\\\/index.php\\\/2022\\\/11\\\/13\\\/comite-international-des-jeux-mediterraneens-amar-addadi-president-dhonneur-a-vie\\\/#respond\"]}]},{\"@type\":\"WebPage\",\"@id\":\"https:\\\/\\\/lasentinelle.dz\\\/index.php\\\/2022\\\/11\\\/13\\\/comite-international-des-jeux-mediterraneens-amar-addadi-president-dhonneur-a-vie\\\/\",\"url\":\"https:\\\/\\\/lasentinelle.dz\\\/index.php\\\/2022\\\/11\\\/13\\\/comite-international-des-jeux-mediterraneens-amar-addadi-president-dhonneur-a-vie\\\/\",\"name\":\"Comit\u00e9 international des Jeux m\u00e9diterran\u00e9ens\u00a0: Amar Addadi pr\u00e9sident d&rsquo;honneur \u00e0 vie - La Sentinelle\",\"isPartOf\":{\"@id\":\"https:\\\/\\\/lasentinelle.dz\\\/#website\"},\"primaryImageOfPage\":{\"@id\":\"https:\\\/\\\/lasentinelle.dz\\\/index.php\\\/2022\\\/11\\\/13\\\/comite-international-des-jeux-mediterraneens-amar-addadi-president-dhonneur-a-vie\\\/#primaryimage\"},\"image\":{\"@id\":\"https:\\\/\\\/lasentinelle.dz\\\/index.php\\\/2022\\\/11\\\/13\\\/comite-international-des-jeux-mediterraneens-amar-addadi-president-dhonneur-a-vie\\\/#primaryimage\"},\"thumbnailUrl\":\"https:\\\/\\\/lasentinelle.dz\\\/wp-content\\\/uploads\\\/2022\\\/11\\\/Amar-Addadi-.jpeg\",\"datePublished\":\"2022-11-13T21:00:00+00:00\",\"breadcrumb\":{\"@id\":\"https:\\\/\\\/lasentinelle.dz\\\/index.php\\\/2022\\\/11\\\/13\\\/comite-international-des-jeux-mediterraneens-amar-addadi-president-dhonneur-a-vie\\\/#breadcrumb\"},\"inLanguage\":\"fr-FR\",\"potentialAction\":[{\"@type\":\"ReadAction\",\"target\":[\"https:\\\/\\\/lasentinelle.dz\\\/index.php\\\/2022\\\/11\\\/13\\\/comite-international-des-jeux-mediterraneens-amar-addadi-president-dhonneur-a-vie\\\/\"]}]},{\"@type\":\"ImageObject\",\"inLanguage\":\"fr-FR\",\"@id\":\"https:\\\/\\\/lasentinelle.dz\\\/index.php\\\/2022\\\/11\\\/13\\\/comite-international-des-jeux-mediterraneens-amar-addadi-president-dhonneur-a-vie\\\/#primaryimage\",\"url\":\"https:\\\/\\\/lasentinelle.dz\\\/wp-content\\\/uploads\\\/2022\\\/11\\\/Amar-Addadi-.jpeg\",\"contentUrl\":\"https:\\\/\\\/lasentinelle.dz\\\/wp-content\\\/uploads\\\/2022\\\/11\\\/Amar-Addadi-.jpeg\",\"width\":2000,\"height\":1249},{\"@type\":\"BreadcrumbList\",\"@id\":\"https:\\\/\\\/lasentinelle.dz\\\/index.php\\\/2022\\\/11\\\/13\\\/comite-international-des-jeux-mediterraneens-amar-addadi-president-dhonneur-a-vie\\\/#breadcrumb\",\"itemListElement\":[{\"@type\":\"ListItem\",\"position\":1,\"name\":\"Accueil\",\"item\":\"https:\\\/\\\/lasentinelle.dz\\\/\"},{\"@type\":\"ListItem\",\"position\":2,\"name\":\"Comit\u00e9 international des Jeux m\u00e9diterran\u00e9ens\u00a0: Amar Addadi pr\u00e9sident d&rsquo;honneur \u00e0 vie\"}]},{\"@type\":\"WebSite\",\"@id\":\"https:\\\/\\\/lasentinelle.dz\\\/#website\",\"url\":\"https:\\\/\\\/lasentinelle.dz\\\/\",\"name\":\"La Sentinelle\",\"description\":\"Quotidien national d&#039;information\",\"publisher\":{\"@id\":\"https:\\\/\\\/lasentinelle.dz\\\/#organization\"},\"potentialAction\":[{\"@type\":\"SearchAction\",\"target\":{\"@type\":\"EntryPoint\",\"urlTemplate\":\"https:\\\/\\\/lasentinelle.dz\\\/?s={search_term_string}\"},\"query-input\":{\"@type\":\"PropertyValueSpecification\",\"valueRequired\":true,\"valueName\":\"search_term_string\"}}],\"inLanguage\":\"fr-FR\"},{\"@type\":\"Organization\",\"@id\":\"https:\\\/\\\/lasentinelle.dz\\\/#organization\",\"name\":\"Quotidien La Sentinelle\",\"url\":\"https:\\\/\\\/lasentinelle.dz\\\/\",\"logo\":{\"@type\":\"ImageObject\",\"inLanguage\":\"fr-FR\",\"@id\":\"https:\\\/\\\/lasentinelle.dz\\\/#\\\/schema\\\/logo\\\/image\\\/\",\"url\":\"https:\\\/\\\/lasentinelle.dz\\\/wp-content\\\/uploads\\\/2021\\\/09\\\/logo-sentinelleSLOGAN-1.png\",\"contentUrl\":\"https:\\\/\\\/lasentinelle.dz\\\/wp-content\\\/uploads\\\/2021\\\/09\\\/logo-sentinelleSLOGAN-1.png\",\"width\":615,\"height\":142,\"caption\":\"Quotidien La Sentinelle\"},\"image\":{\"@id\":\"https:\\\/\\\/lasentinelle.dz\\\/#\\\/schema\\\/logo\\\/image\\\/\"},\"sameAs\":[\"https:\\\/\\\/www.facebook.com\\\/La-Sentinelle-104059864394773\"]},{\"@type\":\"Person\",\"@id\":\"https:\\\/\\\/lasentinelle.dz\\\/#\\\/schema\\\/person\\\/d865044e22e70a75174ce8bcad3acfb3\",\"name\":\"La Sentinelle\",\"image\":{\"@type\":\"ImageObject\",\"inLanguage\":\"fr-FR\",\"@id\":\"https:\\\/\\\/secure.gravatar.com\\\/avatar\\\/57de8e5d4b15d43fb361a71fbb36338450fe67865b528a43dd10ef7c51a20392?s=96&d=mm&r=g\",\"url\":\"https:\\\/\\\/secure.gravatar.com\\\/avatar\\\/57de8e5d4b15d43fb361a71fbb36338450fe67865b528a43dd10ef7c51a20392?s=96&d=mm&r=g\",\"contentUrl\":\"https:\\\/\\\/secure.gravatar.com\\\/avatar\\\/57de8e5d4b15d43fb361a71fbb36338450fe67865b528a43dd10ef7c51a20392?s=96&d=mm&r=g\",\"caption\":\"La Sentinelle\"},\"sameAs\":[\"http:\\\/\\\/www.lasentinelle.dz\"],\"url\":\"https:\\\/\\\/lasentinelle.dz\\\/author\\\/redaction\\\/\"}]}<\/script>\n<!-- \/ Yoast SEO plugin. -->","yoast_head_json":{"title":"Comit\u00e9 international des Jeux m\u00e9diterran\u00e9ens\u00a0: Amar Addadi pr\u00e9sident d&rsquo;honneur \u00e0 vie - La Sentinelle","robots":{"index":"index","follow":"follow","max-snippet":"max-snippet:-1","max-image-preview":"max-image-preview:large","max-video-preview":"max-video-preview:-1"},"canonical":"https:\/\/lasentinelle.dz\/index.php\/2022\/11\/13\/comite-international-des-jeux-mediterraneens-amar-addadi-president-dhonneur-a-vie\/","og_locale":"fr_FR","og_type":"article","og_title":"Comit\u00e9 international des Jeux m\u00e9diterran\u00e9ens\u00a0: Amar Addadi pr\u00e9sident d&rsquo;honneur \u00e0 vie - La Sentinelle","og_description":"L&rsquo;ancien pr\u00e9sident du Comit\u00e9 international des Jeux m\u00e9diterran\u00e9ens, l&rsquo;Alg\u00e9rien Amar Addadi, a \u00e9t\u00e9 d\u00e9sign\u00e9 pr\u00e9sident d&rsquo;honneur \u00e0 vie du CIJM,","og_url":"https:\/\/lasentinelle.dz\/index.php\/2022\/11\/13\/comite-international-des-jeux-mediterraneens-amar-addadi-president-dhonneur-a-vie\/","og_site_name":"La Sentinelle","article_publisher":"https:\/\/www.facebook.com\/La-Sentinelle-104059864394773","article_published_time":"2022-11-13T21:00:00+00:00","og_image":[{"width":2000,"height":1249,"url":"https:\/\/lasentinelle.dz\/wp-content\/uploads\/2022\/11\/Amar-Addadi-.jpeg","type":"image\/jpeg"}],"author":"La Sentinelle","twitter_card":"summary_large_image","twitter_misc":{"\u00c9crit par":"La Sentinelle","Dur\u00e9e de lecture estim\u00e9e":"1 minute"},"schema":{"@context":"https:\/\/schema.org","@graph":[{"@type":"Article","@id":"https:\/\/lasentinelle.dz\/index.php\/2022\/11\/13\/comite-international-des-jeux-mediterraneens-amar-addadi-president-dhonneur-a-vie\/#article","isPartOf":{"@id":"https:\/\/lasentinelle.dz\/index.php\/2022\/11\/13\/comite-international-des-jeux-mediterraneens-amar-addadi-president-dhonneur-a-vie\/"},"author":{"name":"La Sentinelle","@id":"https:\/\/lasentinelle.dz\/#\/schema\/person\/d865044e22e70a75174ce8bcad3acfb3"},"headline":"Comit\u00e9 international des Jeux m\u00e9diterran\u00e9ens\u00a0: Amar Addadi pr\u00e9sident d&rsquo;honneur \u00e0 vie","datePublished":"2022-11-13T21:00:00+00:00","mainEntityOfPage":{"@id":"https:\/\/lasentinelle.dz\/index.php\/2022\/11\/13\/comite-international-des-jeux-mediterraneens-amar-addadi-president-dhonneur-a-vie\/"},"wordCount":249,"commentCount":0,"publisher":{"@id":"https:\/\/lasentinelle.dz\/#organization"},"image":{"@id":"https:\/\/lasentinelle.dz\/index.php\/2022\/11\/13\/comite-international-des-jeux-mediterraneens-amar-addadi-president-dhonneur-a-vie\/#primaryimage"},"thumbnailUrl":"https:\/\/lasentinelle.dz\/wp-content\/uploads\/2022\/11\/Amar-Addadi-.jpeg","articleSection":["Sports"],"inLanguage":"fr-FR","potentialAction":[{"@type":"CommentAction","name":"Comment","target":["https:\/\/lasentinelle.dz\/index.php\/2022\/11\/13\/comite-international-des-jeux-mediterraneens-amar-addadi-president-dhonneur-a-vie\/#respond"]}]},{"@type":"WebPage","@id":"https:\/\/lasentinelle.dz\/index.php\/2022\/11\/13\/comite-international-des-jeux-mediterraneens-amar-addadi-president-dhonneur-a-vie\/","url":"https:\/\/lasentinelle.dz\/index.php\/2022\/11\/13\/comite-international-des-jeux-mediterraneens-amar-addadi-president-dhonneur-a-vie\/","name":"Comit\u00e9 international des Jeux m\u00e9diterran\u00e9ens\u00a0: Amar Addadi pr\u00e9sident d&rsquo;honneur \u00e0 vie - La Sentinelle","isPartOf":{"@id":"https:\/\/lasentinelle.dz\/#website"},"primaryImageOfPage":{"@id":"https:\/\/lasentinelle.dz\/index.php\/2022\/11\/13\/comite-international-des-jeux-mediterraneens-amar-addadi-president-dhonneur-a-vie\/#primaryimage"},"image":{"@id":"https:\/\/lasentinelle.dz\/index.php\/2022\/11\/13\/comite-international-des-jeux-mediterraneens-amar-addadi-president-dhonneur-a-vie\/#primaryimage"},"thumbnailUrl":"https:\/\/lasentinelle.dz\/wp-content\/uploads\/2022\/11\/Amar-Addadi-.jpeg","datePublished":"2022-11-13T21:00:00+00:00","breadcrumb":{"@id":"https:\/\/lasentinelle.dz\/index.php\/2022\/11\/13\/comite-international-des-jeux-mediterraneens-amar-addadi-president-dhonneur-a-vie\/#breadcrumb"},"inLanguage":"fr-FR","potentialAction":[{"@type":"ReadAction","target":["https:\/\/lasentinelle.dz\/index.php\/2022\/11\/13\/comite-international-des-jeux-mediterraneens-amar-addadi-president-dhonneur-a-vie\/"]}]},{"@type":"ImageObject","inLanguage":"fr-FR","@id":"https:\/\/lasentinelle.dz\/index.php\/2022\/11\/13\/comite-international-des-jeux-mediterraneens-amar-addadi-president-dhonneur-a-vie\/#primaryimage","url":"https:\/\/lasentinelle.dz\/wp-content\/uploads\/2022\/11\/Amar-Addadi-.jpeg","contentUrl":"https:\/\/lasentinelle.dz\/wp-content\/uploads\/2022\/11\/Amar-Addadi-.jpeg","width":2000,"height":1249},{"@type":"BreadcrumbList","@id":"https:\/\/lasentinelle.dz\/index.php\/2022\/11\/13\/comite-international-des-jeux-mediterraneens-amar-addadi-president-dhonneur-a-vie\/#breadcrumb","itemListElement":[{"@type":"ListItem","position":1,"name":"Accueil","item":"https:\/\/lasentinelle.dz\/"},{"@type":"ListItem","position":2,"name":"Comit\u00e9 international des Jeux m\u00e9diterran\u00e9ens\u00a0: Amar Addadi pr\u00e9sident d&rsquo;honneur \u00e0 vie"}]},{"@type":"WebSite","@id":"https:\/\/lasentinelle.dz\/#website","url":"https:\/\/lasentinelle.dz\/","name":"La Sentinelle","description":"Quotidien national d&#039;information","publisher":{"@id":"https:\/\/lasentinelle.dz\/#organization"},"potentialAction":[{"@type":"SearchAction","target":{"@type":"EntryPoint","urlTemplate":"https:\/\/lasentinelle.dz\/?s={search_term_string}"},"query-input":{"@type":"PropertyValueSpecification","valueRequired":true,"valueName":"search_term_string"}}],"inLanguage":"fr-FR"},{"@type":"Organization","@id":"https:\/\/lasentinelle.dz\/#organization","name":"Quotidien La Sentinelle","url":"https:\/\/lasentinelle.dz\/","logo":{"@type":"ImageObject","inLanguage":"fr-FR","@id":"https:\/\/lasentinelle.dz\/#\/schema\/logo\/image\/","url":"https:\/\/lasentinelle.dz\/wp-content\/uploads\/2021\/09\/logo-sentinelleSLOGAN-1.png","contentUrl":"https:\/\/lasentinelle.dz\/wp-content\/uploads\/2021\/09\/logo-sentinelleSLOGAN-1.png","width":615,"height":142,"caption":"Quotidien La Sentinelle"},"image":{"@id":"https:\/\/lasentinelle.dz\/#\/schema\/logo\/image\/"},"sameAs":["https:\/\/www.facebook.com\/La-Sentinelle-104059864394773"]},{"@type":"Person","@id":"https:\/\/lasentinelle.dz\/#\/schema\/person\/d865044e22e70a75174ce8bcad3acfb3","name":"La Sentinelle","image":{"@type":"ImageObject","inLanguage":"fr-FR","@id":"https:\/\/secure.gravatar.com\/avatar\/57de8e5d4b15d43fb361a71fbb36338450fe67865b528a43dd10ef7c51a20392?s=96&d=mm&r=g","url":"https:\/\/secure.gravatar.com\/avatar\/57de8e5d4b15d43fb361a71fbb36338450fe67865b528a43dd10ef7c51a20392?s=96&d=mm&r=g","contentUrl":"https:\/\/secure.gravatar.com\/avatar\/57de8e5d4b15d43fb361a71fbb36338450fe67865b528a43dd10ef7c51a20392?s=96&d=mm&r=g","caption":"La Sentinelle"},"sameAs":["http:\/\/www.lasentinelle.dz"],"url":"https:\/\/lasentinelle.dz\/author\/redaction\/"}]}},"_links":{"self":[{"href":"https:\/\/lasentinelle.dz\/index.php\/wp-json\/wp\/v2\/posts\/30613","targetHints":{"allow":["GET"]}}],"collection":[{"href":"https:\/\/lasentinelle.dz\/index.php\/wp-json\/wp\/v2\/posts"}],"about":[{"href":"https:\/\/lasentinelle.dz\/index.php\/wp-json\/wp\/v2\/types\/post"}],"author":[{"embeddable":true,"href":"https:\/\/lasentinelle.dz\/index.php\/wp-json\/wp\/v2\/users\/3"}],"replies":[{"embeddable":true,"href":"https:\/\/lasentinelle.dz\/index.php\/wp-json\/wp\/v2\/comments?post=30613"}],"version-history":[{"count":1,"href":"https:\/\/lasentinelle.dz\/index.php\/wp-json\/wp\/v2\/posts\/30613\/revisions"}],"predecessor-version":[{"id":30624,"href":"https:\/\/lasentinelle.dz\/index.php\/wp-json\/wp\/v2\/posts\/30613\/revisions\/30624"}],"wp:featuredmedia":[{"embeddable":true,"href":"https:\/\/lasentinelle.dz\/index.php\/wp-json\/wp\/v2\/media\/30622"}],"wp:attachment":[{"href":"https:\/\/lasentinelle.dz\/index.php\/wp-json\/wp\/v2\/media?parent=30613"}],"wp:term":[{"taxonomy":"category","embeddable":true,"href":"https:\/\/lasentinelle.dz\/index.php\/wp-json\/wp\/v2\/categories?post=30613"},{"taxonomy":"post_tag","embeddable":true,"href":"https:\/\/lasentinelle.dz\/index.php\/wp-json\/wp\/v2\/tags?post=30613"}],"curies":[{"name":"wp","href":"https:\/\/api.w.org\/{rel}","templated":true}]}}