{"id":30615,"date":"2022-11-13T22:00:00","date_gmt":"2022-11-13T21:00:00","guid":{"rendered":"https:\/\/lasentinelle.dz\/?p=30615"},"modified":"2022-11-13T17:46:20","modified_gmt":"2022-11-13T16:46:20","slug":"conflit-du-sahara-occidental-marche-a-madrid-pour-un-referendum-dautodetermination","status":"publish","type":"post","link":"https:\/\/lasentinelle.dz\/index.php\/2022\/11\/13\/conflit-du-sahara-occidental-marche-a-madrid-pour-un-referendum-dautodetermination\/","title":{"rendered":"Conflit du Sahara occidental\u00a0: Marche \u00e0 Madrid pour un r\u00e9f\u00e9rendum d&rsquo;autod\u00e9termination"},"content":{"rendered":"\n<p>La Coordination espagnole des associations solidaires avec le Sahara occidental (CEAS-Sahara) a appel\u00e9, samedi, lors d&rsquo;une imposante marche qu&rsquo;elle a organis\u00e9e \u00e0 Madrid, \u00e0 la tenue \u00ab sans d\u00e9lai \u00bb d&rsquo;un r\u00e9f\u00e9rendum d&rsquo;autod\u00e9termination dans les territoires sahraouis occup\u00e9s par le Maroc. Organis\u00e9e sous le slogan : \u00ab Ils ne nous feront pas taire, Sahara libre maintenant, la seule solution est l&rsquo;autod\u00e9termination \u00bb, la marche s&rsquo;est d\u00e9roul\u00e9e de la Calle Atocha \u00e0 la Place de Sainte Ana de la capitale espagnole. Les manifestants qui ont parcouru les rues de Madrid ont port\u00e9 des banderoles sur lesquelles \u00e9tait \u00e9crit notamment \u00ab Free Sahara \u00bb et \u00ab Human rights now \u00bb.Dans une allocution \u00e0 la fin de l&rsquo;action, le pr\u00e9sident de la CEAS-Sahara, Xavier Serra, a indiqu\u00e9 que l&rsquo;objectif de cette marche est \u00ab d&rsquo;exiger l&rsquo;organisation sans d\u00e9lai d&rsquo;un r\u00e9f\u00e9rendum d&rsquo;autod\u00e9termination au Sahara occidental, de d\u00e9noncer l&rsquo;exploitation des ressources naturelles des territoires sahraouis \u00e0 travers des accords ill\u00e9gaux entre l&rsquo;Union europ\u00e9enne et le Maroc, et de r\u00e9clamer l&rsquo;implication directe du gouvernement espagnol dans la r\u00e9solution de ce conflit de fa\u00e7on juste et d\u00e9finitive \u00bb.Poursuivant dans le m\u00eame sens, M. Serra a soulign\u00e9, en outre, que la CEAS-Sahara rejetait la d\u00e9cision de Madrid de soutenir le sinistre plan marocain d\u2019 \u00ab autonomie \u00bb au Sahara occidental, affirmant que \u00ab cette d\u00e9cision, en sus du fait qu&rsquo;elle soit injuste, ignore d\u00e9lib\u00e9r\u00e9ment le devoir et la responsabilit\u00e9 de l&rsquo;Espagne en tant que puissance administrante \u00bb. De plus, ajoute-t-il, \u00ab c&rsquo;est une d\u00e9cision contraire au droit international et \u00e0 la volont\u00e9 de la majorit\u00e9 des citoyens espagnols qui r\u00e9clament pour le peuple sahraoui l&rsquo;exercice effectif de son droit inali\u00e9nable \u00e0 l&rsquo;autod\u00e9termination \u00bb.Avant d&rsquo;appeler \u00e0 une mobilisation pour \u00ab contraindre le gouvernement de revenir sur cette d\u00e9cision et de r\u00e9parer ainsi tant d&rsquo;ann\u00e9es de souffrance qui sont actuellement injustement caus\u00e9es par l&rsquo;occupation, la r\u00e9pression et l&rsquo;exil du peuple sahraoui \u00bb. A noter que cette marche a \u00e9t\u00e9 organis\u00e9e \u00e0 l&rsquo;occasion du 47e anniversaire de la signature des accords tripartites de Madrid, qui avaient \u00e9tabli la partition ill\u00e9gale du territoire du Sahara occidental, occup\u00e9 depuis 1975 par le Maroc.<\/p>\n\n\n\n<p>APS<\/p>\n","protected":false},"excerpt":{"rendered":"<p>La Coordination espagnole des associations solidaires avec le Sahara occidental (CEAS-Sahara) a appel\u00e9, samedi, lors d&rsquo;une imposante marche qu&rsquo;elle a<\/p>\n","protected":false},"author":3,"featured_media":30638,"comment_status":"open","ping_status":"closed","sticky":false,"template":"","format":"standard","meta":{"colormag_page_container_layout":"default_layout","colormag_page_sidebar_layout":"default_layout","om_disable_all_campaigns":false,"_monsterinsights_skip_tracking":false,"_monsterinsights_sitenote_active":false,"_monsterinsights_sitenote_note":"","_monsterinsights_sitenote_category":0,"footnotes":"","_wpscppro_dont_share_socialmedia":false,"_wpscppro_custom_social_share_image":0,"_facebook_share_type":"","_twitter_share_type":"","_linkedin_share_type":"","_pinterest_share_type":"","_linkedin_share_type_page":"","_instagram_share_type":"","_medium_share_type":"","_threads_share_type":"","_google_business_share_type":"","_selected_social_profile":[],"_wpsp_enable_custom_social_template":false,"_wpsp_social_scheduling":{"enabled":false,"datetime":null,"platforms":[],"status":"template_only","dateOption":"today","timeOption":"now","customDays":"","customHours":"","customDate":"","customTime":"","schedulingType":"absolute"},"_wpsp_active_default_template":true},"categories":[37],"tags":[],"class_list":["post-30615","post","type-post","status-publish","format-standard","has-post-thumbnail","hentry","category-monde"],"aioseo_notices":[],"yoast_head":"<!-- This site is optimized with the Yoast SEO plugin v27.5 - https:\/\/yoast.com\/product\/yoast-seo-wordpress\/ -->\n<title>Conflit du Sahara occidental\u00a0: Marche \u00e0 Madrid pour un r\u00e9f\u00e9rendum d&rsquo;autod\u00e9termination - La Sentinelle<\/title>\n<meta name=\"robots\" content=\"index, follow, max-snippet:-1, max-image-preview:large, max-video-preview:-1\" \/>\n<link rel=\"canonical\" href=\"https:\/\/lasentinelle.dz\/index.php\/2022\/11\/13\/conflit-du-sahara-occidental-marche-a-madrid-pour-un-referendum-dautodetermination\/\" \/>\n<meta property=\"og:locale\" content=\"fr_FR\" \/>\n<meta property=\"og:type\" content=\"article\" \/>\n<meta property=\"og:title\" content=\"Conflit du Sahara occidental\u00a0: Marche \u00e0 Madrid pour un r\u00e9f\u00e9rendum d&rsquo;autod\u00e9termination - La Sentinelle\" \/>\n<meta property=\"og:description\" content=\"La Coordination espagnole des associations solidaires avec le Sahara occidental (CEAS-Sahara) a appel\u00e9, samedi, lors d&rsquo;une imposante marche qu&rsquo;elle a\" \/>\n<meta property=\"og:url\" content=\"https:\/\/lasentinelle.dz\/index.php\/2022\/11\/13\/conflit-du-sahara-occidental-marche-a-madrid-pour-un-referendum-dautodetermination\/\" \/>\n<meta property=\"og:site_name\" content=\"La Sentinelle\" \/>\n<meta property=\"article:publisher\" content=\"https:\/\/www.facebook.com\/La-Sentinelle-104059864394773\" \/>\n<meta property=\"article:published_time\" content=\"2022-11-13T21:00:00+00:00\" \/>\n<meta property=\"og:image\" content=\"https:\/\/lasentinelle.dz\/wp-content\/uploads\/2022\/11\/image_2022-11-13_174536051.png\" \/>\n\t<meta property=\"og:image:width\" content=\"800\" \/>\n\t<meta property=\"og:image:height\" content=\"450\" \/>\n\t<meta property=\"og:image:type\" content=\"image\/png\" \/>\n<meta name=\"author\" content=\"La Sentinelle\" \/>\n<meta name=\"twitter:card\" content=\"summary_large_image\" \/>\n<meta name=\"twitter:label1\" content=\"\u00c9crit par\" \/>\n\t<meta name=\"twitter:data1\" content=\"La Sentinelle\" \/>\n\t<meta name=\"twitter:label2\" content=\"Dur\u00e9e de lecture estim\u00e9e\" \/>\n\t<meta name=\"twitter:data2\" content=\"2 minutes\" \/>\n<script type=\"application\/ld+json\" class=\"yoast-schema-graph\">{\"@context\":\"https:\\\/\\\/schema.org\",\"@graph\":[{\"@type\":\"Article\",\"@id\":\"https:\\\/\\\/lasentinelle.dz\\\/index.php\\\/2022\\\/11\\\/13\\\/conflit-du-sahara-occidental-marche-a-madrid-pour-un-referendum-dautodetermination\\\/#article\",\"isPartOf\":{\"@id\":\"https:\\\/\\\/lasentinelle.dz\\\/index.php\\\/2022\\\/11\\\/13\\\/conflit-du-sahara-occidental-marche-a-madrid-pour-un-referendum-dautodetermination\\\/\"},\"author\":{\"name\":\"La Sentinelle\",\"@id\":\"https:\\\/\\\/lasentinelle.dz\\\/#\\\/schema\\\/person\\\/d865044e22e70a75174ce8bcad3acfb3\"},\"headline\":\"Conflit du Sahara occidental\u00a0: Marche \u00e0 Madrid pour un r\u00e9f\u00e9rendum d&rsquo;autod\u00e9termination\",\"datePublished\":\"2022-11-13T21:00:00+00:00\",\"mainEntityOfPage\":{\"@id\":\"https:\\\/\\\/lasentinelle.dz\\\/index.php\\\/2022\\\/11\\\/13\\\/conflit-du-sahara-occidental-marche-a-madrid-pour-un-referendum-dautodetermination\\\/\"},\"wordCount\":404,\"commentCount\":0,\"publisher\":{\"@id\":\"https:\\\/\\\/lasentinelle.dz\\\/#organization\"},\"image\":{\"@id\":\"https:\\\/\\\/lasentinelle.dz\\\/index.php\\\/2022\\\/11\\\/13\\\/conflit-du-sahara-occidental-marche-a-madrid-pour-un-referendum-dautodetermination\\\/#primaryimage\"},\"thumbnailUrl\":\"https:\\\/\\\/lasentinelle.dz\\\/wp-content\\\/uploads\\\/2022\\\/11\\\/image_2022-11-13_174536051.png\",\"articleSection\":[\"Monde\"],\"inLanguage\":\"fr-FR\",\"potentialAction\":[{\"@type\":\"CommentAction\",\"name\":\"Comment\",\"target\":[\"https:\\\/\\\/lasentinelle.dz\\\/index.php\\\/2022\\\/11\\\/13\\\/conflit-du-sahara-occidental-marche-a-madrid-pour-un-referendum-dautodetermination\\\/#respond\"]}]},{\"@type\":\"WebPage\",\"@id\":\"https:\\\/\\\/lasentinelle.dz\\\/index.php\\\/2022\\\/11\\\/13\\\/conflit-du-sahara-occidental-marche-a-madrid-pour-un-referendum-dautodetermination\\\/\",\"url\":\"https:\\\/\\\/lasentinelle.dz\\\/index.php\\\/2022\\\/11\\\/13\\\/conflit-du-sahara-occidental-marche-a-madrid-pour-un-referendum-dautodetermination\\\/\",\"name\":\"Conflit du Sahara occidental\u00a0: Marche \u00e0 Madrid pour un r\u00e9f\u00e9rendum d&rsquo;autod\u00e9termination - La Sentinelle\",\"isPartOf\":{\"@id\":\"https:\\\/\\\/lasentinelle.dz\\\/#website\"},\"primaryImageOfPage\":{\"@id\":\"https:\\\/\\\/lasentinelle.dz\\\/index.php\\\/2022\\\/11\\\/13\\\/conflit-du-sahara-occidental-marche-a-madrid-pour-un-referendum-dautodetermination\\\/#primaryimage\"},\"image\":{\"@id\":\"https:\\\/\\\/lasentinelle.dz\\\/index.php\\\/2022\\\/11\\\/13\\\/conflit-du-sahara-occidental-marche-a-madrid-pour-un-referendum-dautodetermination\\\/#primaryimage\"},\"thumbnailUrl\":\"https:\\\/\\\/lasentinelle.dz\\\/wp-content\\\/uploads\\\/2022\\\/11\\\/image_2022-11-13_174536051.png\",\"datePublished\":\"2022-11-13T21:00:00+00:00\",\"breadcrumb\":{\"@id\":\"https:\\\/\\\/lasentinelle.dz\\\/index.php\\\/2022\\\/11\\\/13\\\/conflit-du-sahara-occidental-marche-a-madrid-pour-un-referendum-dautodetermination\\\/#breadcrumb\"},\"inLanguage\":\"fr-FR\",\"potentialAction\":[{\"@type\":\"ReadAction\",\"target\":[\"https:\\\/\\\/lasentinelle.dz\\\/index.php\\\/2022\\\/11\\\/13\\\/conflit-du-sahara-occidental-marche-a-madrid-pour-un-referendum-dautodetermination\\\/\"]}]},{\"@type\":\"ImageObject\",\"inLanguage\":\"fr-FR\",\"@id\":\"https:\\\/\\\/lasentinelle.dz\\\/index.php\\\/2022\\\/11\\\/13\\\/conflit-du-sahara-occidental-marche-a-madrid-pour-un-referendum-dautodetermination\\\/#primaryimage\",\"url\":\"https:\\\/\\\/lasentinelle.dz\\\/wp-content\\\/uploads\\\/2022\\\/11\\\/image_2022-11-13_174536051.png\",\"contentUrl\":\"https:\\\/\\\/lasentinelle.dz\\\/wp-content\\\/uploads\\\/2022\\\/11\\\/image_2022-11-13_174536051.png\",\"width\":800,\"height\":450},{\"@type\":\"BreadcrumbList\",\"@id\":\"https:\\\/\\\/lasentinelle.dz\\\/index.php\\\/2022\\\/11\\\/13\\\/conflit-du-sahara-occidental-marche-a-madrid-pour-un-referendum-dautodetermination\\\/#breadcrumb\",\"itemListElement\":[{\"@type\":\"ListItem\",\"position\":1,\"name\":\"Accueil\",\"item\":\"https:\\\/\\\/lasentinelle.dz\\\/\"},{\"@type\":\"ListItem\",\"position\":2,\"name\":\"Conflit du Sahara occidental\u00a0: Marche \u00e0 Madrid pour un r\u00e9f\u00e9rendum d&rsquo;autod\u00e9termination\"}]},{\"@type\":\"WebSite\",\"@id\":\"https:\\\/\\\/lasentinelle.dz\\\/#website\",\"url\":\"https:\\\/\\\/lasentinelle.dz\\\/\",\"name\":\"La Sentinelle\",\"description\":\"Quotidien national d&#039;information\",\"publisher\":{\"@id\":\"https:\\\/\\\/lasentinelle.dz\\\/#organization\"},\"potentialAction\":[{\"@type\":\"SearchAction\",\"target\":{\"@type\":\"EntryPoint\",\"urlTemplate\":\"https:\\\/\\\/lasentinelle.dz\\\/?s={search_term_string}\"},\"query-input\":{\"@type\":\"PropertyValueSpecification\",\"valueRequired\":true,\"valueName\":\"search_term_string\"}}],\"inLanguage\":\"fr-FR\"},{\"@type\":\"Organization\",\"@id\":\"https:\\\/\\\/lasentinelle.dz\\\/#organization\",\"name\":\"Quotidien La Sentinelle\",\"url\":\"https:\\\/\\\/lasentinelle.dz\\\/\",\"logo\":{\"@type\":\"ImageObject\",\"inLanguage\":\"fr-FR\",\"@id\":\"https:\\\/\\\/lasentinelle.dz\\\/#\\\/schema\\\/logo\\\/image\\\/\",\"url\":\"https:\\\/\\\/lasentinelle.dz\\\/wp-content\\\/uploads\\\/2021\\\/09\\\/logo-sentinelleSLOGAN-1.png\",\"contentUrl\":\"https:\\\/\\\/lasentinelle.dz\\\/wp-content\\\/uploads\\\/2021\\\/09\\\/logo-sentinelleSLOGAN-1.png\",\"width\":615,\"height\":142,\"caption\":\"Quotidien La Sentinelle\"},\"image\":{\"@id\":\"https:\\\/\\\/lasentinelle.dz\\\/#\\\/schema\\\/logo\\\/image\\\/\"},\"sameAs\":[\"https:\\\/\\\/www.facebook.com\\\/La-Sentinelle-104059864394773\"]},{\"@type\":\"Person\",\"@id\":\"https:\\\/\\\/lasentinelle.dz\\\/#\\\/schema\\\/person\\\/d865044e22e70a75174ce8bcad3acfb3\",\"name\":\"La Sentinelle\",\"image\":{\"@type\":\"ImageObject\",\"inLanguage\":\"fr-FR\",\"@id\":\"https:\\\/\\\/secure.gravatar.com\\\/avatar\\\/57de8e5d4b15d43fb361a71fbb36338450fe67865b528a43dd10ef7c51a20392?s=96&d=mm&r=g\",\"url\":\"https:\\\/\\\/secure.gravatar.com\\\/avatar\\\/57de8e5d4b15d43fb361a71fbb36338450fe67865b528a43dd10ef7c51a20392?s=96&d=mm&r=g\",\"contentUrl\":\"https:\\\/\\\/secure.gravatar.com\\\/avatar\\\/57de8e5d4b15d43fb361a71fbb36338450fe67865b528a43dd10ef7c51a20392?s=96&d=mm&r=g\",\"caption\":\"La Sentinelle\"},\"sameAs\":[\"http:\\\/\\\/www.lasentinelle.dz\"],\"url\":\"https:\\\/\\\/lasentinelle.dz\\\/author\\\/redaction\\\/\"}]}<\/script>\n<!-- \/ Yoast SEO plugin. -->","yoast_head_json":{"title":"Conflit du Sahara occidental\u00a0: Marche \u00e0 Madrid pour un r\u00e9f\u00e9rendum d&rsquo;autod\u00e9termination - La Sentinelle","robots":{"index":"index","follow":"follow","max-snippet":"max-snippet:-1","max-image-preview":"max-image-preview:large","max-video-preview":"max-video-preview:-1"},"canonical":"https:\/\/lasentinelle.dz\/index.php\/2022\/11\/13\/conflit-du-sahara-occidental-marche-a-madrid-pour-un-referendum-dautodetermination\/","og_locale":"fr_FR","og_type":"article","og_title":"Conflit du Sahara occidental\u00a0: Marche \u00e0 Madrid pour un r\u00e9f\u00e9rendum d&rsquo;autod\u00e9termination - La Sentinelle","og_description":"La Coordination espagnole des associations solidaires avec le Sahara occidental (CEAS-Sahara) a appel\u00e9, samedi, lors d&rsquo;une imposante marche qu&rsquo;elle a","og_url":"https:\/\/lasentinelle.dz\/index.php\/2022\/11\/13\/conflit-du-sahara-occidental-marche-a-madrid-pour-un-referendum-dautodetermination\/","og_site_name":"La Sentinelle","article_publisher":"https:\/\/www.facebook.com\/La-Sentinelle-104059864394773","article_published_time":"2022-11-13T21:00:00+00:00","og_image":[{"width":800,"height":450,"url":"https:\/\/lasentinelle.dz\/wp-content\/uploads\/2022\/11\/image_2022-11-13_174536051.png","type":"image\/png"}],"author":"La Sentinelle","twitter_card":"summary_large_image","twitter_misc":{"\u00c9crit par":"La Sentinelle","Dur\u00e9e de lecture estim\u00e9e":"2 minutes"},"schema":{"@context":"https:\/\/schema.org","@graph":[{"@type":"Article","@id":"https:\/\/lasentinelle.dz\/index.php\/2022\/11\/13\/conflit-du-sahara-occidental-marche-a-madrid-pour-un-referendum-dautodetermination\/#article","isPartOf":{"@id":"https:\/\/lasentinelle.dz\/index.php\/2022\/11\/13\/conflit-du-sahara-occidental-marche-a-madrid-pour-un-referendum-dautodetermination\/"},"author":{"name":"La Sentinelle","@id":"https:\/\/lasentinelle.dz\/#\/schema\/person\/d865044e22e70a75174ce8bcad3acfb3"},"headline":"Conflit du Sahara occidental\u00a0: Marche \u00e0 Madrid pour un r\u00e9f\u00e9rendum d&rsquo;autod\u00e9termination","datePublished":"2022-11-13T21:00:00+00:00","mainEntityOfPage":{"@id":"https:\/\/lasentinelle.dz\/index.php\/2022\/11\/13\/conflit-du-sahara-occidental-marche-a-madrid-pour-un-referendum-dautodetermination\/"},"wordCount":404,"commentCount":0,"publisher":{"@id":"https:\/\/lasentinelle.dz\/#organization"},"image":{"@id":"https:\/\/lasentinelle.dz\/index.php\/2022\/11\/13\/conflit-du-sahara-occidental-marche-a-madrid-pour-un-referendum-dautodetermination\/#primaryimage"},"thumbnailUrl":"https:\/\/lasentinelle.dz\/wp-content\/uploads\/2022\/11\/image_2022-11-13_174536051.png","articleSection":["Monde"],"inLanguage":"fr-FR","potentialAction":[{"@type":"CommentAction","name":"Comment","target":["https:\/\/lasentinelle.dz\/index.php\/2022\/11\/13\/conflit-du-sahara-occidental-marche-a-madrid-pour-un-referendum-dautodetermination\/#respond"]}]},{"@type":"WebPage","@id":"https:\/\/lasentinelle.dz\/index.php\/2022\/11\/13\/conflit-du-sahara-occidental-marche-a-madrid-pour-un-referendum-dautodetermination\/","url":"https:\/\/lasentinelle.dz\/index.php\/2022\/11\/13\/conflit-du-sahara-occidental-marche-a-madrid-pour-un-referendum-dautodetermination\/","name":"Conflit du Sahara occidental\u00a0: Marche \u00e0 Madrid pour un r\u00e9f\u00e9rendum d&rsquo;autod\u00e9termination - La Sentinelle","isPartOf":{"@id":"https:\/\/lasentinelle.dz\/#website"},"primaryImageOfPage":{"@id":"https:\/\/lasentinelle.dz\/index.php\/2022\/11\/13\/conflit-du-sahara-occidental-marche-a-madrid-pour-un-referendum-dautodetermination\/#primaryimage"},"image":{"@id":"https:\/\/lasentinelle.dz\/index.php\/2022\/11\/13\/conflit-du-sahara-occidental-marche-a-madrid-pour-un-referendum-dautodetermination\/#primaryimage"},"thumbnailUrl":"https:\/\/lasentinelle.dz\/wp-content\/uploads\/2022\/11\/image_2022-11-13_174536051.png","datePublished":"2022-11-13T21:00:00+00:00","breadcrumb":{"@id":"https:\/\/lasentinelle.dz\/index.php\/2022\/11\/13\/conflit-du-sahara-occidental-marche-a-madrid-pour-un-referendum-dautodetermination\/#breadcrumb"},"inLanguage":"fr-FR","potentialAction":[{"@type":"ReadAction","target":["https:\/\/lasentinelle.dz\/index.php\/2022\/11\/13\/conflit-du-sahara-occidental-marche-a-madrid-pour-un-referendum-dautodetermination\/"]}]},{"@type":"ImageObject","inLanguage":"fr-FR","@id":"https:\/\/lasentinelle.dz\/index.php\/2022\/11\/13\/conflit-du-sahara-occidental-marche-a-madrid-pour-un-referendum-dautodetermination\/#primaryimage","url":"https:\/\/lasentinelle.dz\/wp-content\/uploads\/2022\/11\/image_2022-11-13_174536051.png","contentUrl":"https:\/\/lasentinelle.dz\/wp-content\/uploads\/2022\/11\/image_2022-11-13_174536051.png","width":800,"height":450},{"@type":"BreadcrumbList","@id":"https:\/\/lasentinelle.dz\/index.php\/2022\/11\/13\/conflit-du-sahara-occidental-marche-a-madrid-pour-un-referendum-dautodetermination\/#breadcrumb","itemListElement":[{"@type":"ListItem","position":1,"name":"Accueil","item":"https:\/\/lasentinelle.dz\/"},{"@type":"ListItem","position":2,"name":"Conflit du Sahara occidental\u00a0: Marche \u00e0 Madrid pour un r\u00e9f\u00e9rendum d&rsquo;autod\u00e9termination"}]},{"@type":"WebSite","@id":"https:\/\/lasentinelle.dz\/#website","url":"https:\/\/lasentinelle.dz\/","name":"La Sentinelle","description":"Quotidien national d&#039;information","publisher":{"@id":"https:\/\/lasentinelle.dz\/#organization"},"potentialAction":[{"@type":"SearchAction","target":{"@type":"EntryPoint","urlTemplate":"https:\/\/lasentinelle.dz\/?s={search_term_string}"},"query-input":{"@type":"PropertyValueSpecification","valueRequired":true,"valueName":"search_term_string"}}],"inLanguage":"fr-FR"},{"@type":"Organization","@id":"https:\/\/lasentinelle.dz\/#organization","name":"Quotidien La Sentinelle","url":"https:\/\/lasentinelle.dz\/","logo":{"@type":"ImageObject","inLanguage":"fr-FR","@id":"https:\/\/lasentinelle.dz\/#\/schema\/logo\/image\/","url":"https:\/\/lasentinelle.dz\/wp-content\/uploads\/2021\/09\/logo-sentinelleSLOGAN-1.png","contentUrl":"https:\/\/lasentinelle.dz\/wp-content\/uploads\/2021\/09\/logo-sentinelleSLOGAN-1.png","width":615,"height":142,"caption":"Quotidien La Sentinelle"},"image":{"@id":"https:\/\/lasentinelle.dz\/#\/schema\/logo\/image\/"},"sameAs":["https:\/\/www.facebook.com\/La-Sentinelle-104059864394773"]},{"@type":"Person","@id":"https:\/\/lasentinelle.dz\/#\/schema\/person\/d865044e22e70a75174ce8bcad3acfb3","name":"La Sentinelle","image":{"@type":"ImageObject","inLanguage":"fr-FR","@id":"https:\/\/secure.gravatar.com\/avatar\/57de8e5d4b15d43fb361a71fbb36338450fe67865b528a43dd10ef7c51a20392?s=96&d=mm&r=g","url":"https:\/\/secure.gravatar.com\/avatar\/57de8e5d4b15d43fb361a71fbb36338450fe67865b528a43dd10ef7c51a20392?s=96&d=mm&r=g","contentUrl":"https:\/\/secure.gravatar.com\/avatar\/57de8e5d4b15d43fb361a71fbb36338450fe67865b528a43dd10ef7c51a20392?s=96&d=mm&r=g","caption":"La Sentinelle"},"sameAs":["http:\/\/www.lasentinelle.dz"],"url":"https:\/\/lasentinelle.dz\/author\/redaction\/"}]}},"_links":{"self":[{"href":"https:\/\/lasentinelle.dz\/index.php\/wp-json\/wp\/v2\/posts\/30615","targetHints":{"allow":["GET"]}}],"collection":[{"href":"https:\/\/lasentinelle.dz\/index.php\/wp-json\/wp\/v2\/posts"}],"about":[{"href":"https:\/\/lasentinelle.dz\/index.php\/wp-json\/wp\/v2\/types\/post"}],"author":[{"embeddable":true,"href":"https:\/\/lasentinelle.dz\/index.php\/wp-json\/wp\/v2\/users\/3"}],"replies":[{"embeddable":true,"href":"https:\/\/lasentinelle.dz\/index.php\/wp-json\/wp\/v2\/comments?post=30615"}],"version-history":[{"count":1,"href":"https:\/\/lasentinelle.dz\/index.php\/wp-json\/wp\/v2\/posts\/30615\/revisions"}],"predecessor-version":[{"id":30641,"href":"https:\/\/lasentinelle.dz\/index.php\/wp-json\/wp\/v2\/posts\/30615\/revisions\/30641"}],"wp:featuredmedia":[{"embeddable":true,"href":"https:\/\/lasentinelle.dz\/index.php\/wp-json\/wp\/v2\/media\/30638"}],"wp:attachment":[{"href":"https:\/\/lasentinelle.dz\/index.php\/wp-json\/wp\/v2\/media?parent=30615"}],"wp:term":[{"taxonomy":"category","embeddable":true,"href":"https:\/\/lasentinelle.dz\/index.php\/wp-json\/wp\/v2\/categories?post=30615"},{"taxonomy":"post_tag","embeddable":true,"href":"https:\/\/lasentinelle.dz\/index.php\/wp-json\/wp\/v2\/tags?post=30615"}],"curies":[{"name":"wp","href":"https:\/\/api.w.org\/{rel}","templated":true}]}}