{"id":30644,"date":"2022-11-13T22:05:00","date_gmt":"2022-11-13T21:05:00","guid":{"rendered":"https:\/\/lasentinelle.dz\/?p=30644"},"modified":"2022-11-13T20:15:26","modified_gmt":"2022-11-13T19:15:26","slug":"ali-bey-nasri-president-de-lanexal-lalgerie-est-devenue-un-espace-attractif-pour-des-partenariats-productifs","status":"publish","type":"post","link":"https:\/\/lasentinelle.dz\/index.php\/2022\/11\/13\/ali-bey-nasri-president-de-lanexal-lalgerie-est-devenue-un-espace-attractif-pour-des-partenariats-productifs\/","title":{"rendered":"Ali Bey Nasri, pr\u00e9sident de l\u2019Anexal\u00a0: \u00ab\u00a0L\u2019Alg\u00e9rie est devenue un espace attractif pour des partenariats productifs\u00a0\u00bb"},"content":{"rendered":"\n<p>Le pr\u00e9sident de l&rsquo;Association nationale des exportateurs alg\u00e9riens, Ali Bey Nasri, a salu\u00e9,hier en marge Conf\u00e9rence et l&rsquo;Exposition arabe et internationale des petites et moyennes entreprises (SMEX ALGERIA 2022) qui se tient \u00e0 Alger, la \u00ab\u00a0grande\u00a0\u00bb dynamique enregistr\u00e9e, ces derniers temps en Alg\u00e9rie, par les petites et moyennes entreprises (PME). Il a soulign\u00e9 dans ce sens que gr\u00e2ce au soutien de l&rsquo;Etat et aux diff\u00e9rents m\u00e9canismes mis en place au profit des porteurs de projets, ainsi que la lev\u00e9e des obstacles et la prise de mesures concr\u00e8tes pour encourager et prot\u00e9ger l&rsquo;investissement et la production nationale.<\/p>\n\n\n\n<p>Le pr\u00e9sident de l\u2019Anexal a \u00e9galement estim\u00e9 que l\u2019organisation du SMEX Alg\u00e9riaest \u00ab\u00a0un message fort en direction des investisseurs et qui d\u00e9montre que l&rsquo;Alg\u00e9rie est devenue une nouvelle destination pour les investissements \u00e9trangers arabes et africains d&rsquo;autant qu&rsquo;elle est un espace attractif pour des partenariats productifs et fructueux et refl\u00e8te la volont\u00e9 de l&rsquo;Alg\u00e9rie de d\u00e9velopper l&rsquo;activit\u00e9 de l&rsquo;exportation\u00a0\u00bb. Ali Bey Nasri a \u00e9galement indiqu\u00e9 que l\u2019\u00e9v\u00e9nement constitueun espace de rencontres d&rsquo;affaires entre les op\u00e9rateurs alg\u00e9riens de diff\u00e9rents secteurs et leurs homologues d&rsquo;Afrique et du monde arabe, au regard des capacit\u00e9s du pays en termes de textile industriel et de l&rsquo;ambition d&rsquo;attirer les investissements, notamment arabes. De son c\u00f4t\u00e9, Khadraoui Chemes-Eddine, P-DG de l&rsquo;entreprise Jacket&rsquo;s club, filiale du Groupe public des textiles et cuirs (Getex), a soulign\u00e9que cette conf\u00e9rence constitue une occasion propice pour trouver des soci\u00e9t\u00e9s nationales de sous-traitance, \u00ab\u00a0ce qui nous permettra, a-t-il dit, de nous y approvisionner pour r\u00e9pondre aux besoins de nos entreprises\u00a0\u00bb.Il a ajout\u00e9 que la strat\u00e9gie de son entreprise est bas\u00e9e sur le partenariat avec des entreprises arabes dans le cadre des nouvelles orientations \u00e9conomiques du pays visant \u00e0 encourager la prospection des march\u00e9s internationaux, arguant que Jacket&rsquo;s Club a sign\u00e9 r\u00e9cemment plusieurs accords d&rsquo;importation et d&rsquo;exportation avec des entreprises tunisiennes, outre un autre accord dans le domaine de la formation avec l&rsquo;Institut tunisien du textile.\u00a0 Selon, M. Khadraoui, les perspectives d&rsquo;exportation de textiles et de pr\u00eat-\u00e0-porter alg\u00e9riens vers l&rsquo;Afrique sont prometteuses, comme en t\u00e9moignent les retours positifs, notamment \u00e0 travers la participation \u00e0 de nombreuses manifestations \u00e9conomiques et salons internationaux, dont le dernier en date s&rsquo;est tenu en Afrique du Sud, o\u00f9 plusieurs accords d&rsquo;exportation ont \u00e9t\u00e9 sign\u00e9s.<strong>Ali Bey Nasri, pr\u00e9sident de l\u2019Anexal\u00a0: \u00ab\u00a0L\u2019Alg\u00e9rie est devenue un espace attractif pour des partenariats productifs\u00a0\u00bb<\/strong><\/p>\n\n\n\n<p>Pour sa part, &nbsp;Fadi Kadih, repr\u00e9sentant de l&rsquo;Union des industries manufacturi\u00e8res en Palestine, regroupant sept entreprises sp\u00e9cialis\u00e9es dans les mat\u00e9riaux de construction, a affirm\u00e9 que la participation des entreprises palestiniennes visait \u00e0 prospecter les opportunit\u00e9s d&rsquo;affaires et de partenariat commercial et d&rsquo;investissement avec leurs homologues alg\u00e9riennes, et \u00e0 poser un autre jalon de la coop\u00e9ration \u00ab\u00a0privil\u00e9gi\u00e9e\u00a0\u00bb entre l&rsquo;Alg\u00e9rie et la Palestine.L&rsquo;\u00e9conomie palestinienne, en g\u00e9n\u00e9ral, et les entreprises en particulier, notamment dans la bande de Gaza, souffrent des effets du blocus impos\u00e9 par l&rsquo;entit\u00e9 sioniste, a-t-il ajout\u00e9, soulignant que les hommes d&rsquo;affaires palestiniens s&rsquo;att\u00e8lent \u00e0 rechercher les opportunit\u00e9s d&rsquo;investissement et les projets conjoints avec leurs homologues arabes et africains dans diff\u00e9rents domaines \u00e9conomiques.<\/p>\n\n\n\n<p>Le Directeur g\u00e9n\u00e9ral de la soci\u00e9t\u00e9 africaine du Commerce et des affaires mauritaniennes, Mohammed Ahmad Mostefa a estim\u00e9, de son c\u00f4t\u00e9, que \u00ab\u00a0la situation \u00e9conomique mondiale actuelle exige le d\u00e9veloppement des capacit\u00e9s arabes dans le domaine de l&rsquo;industrialisation, l&rsquo;investissement et la cr\u00e9ation de plusieurs partenariats\u00a0\u00bb, soulignant l&rsquo;importance de l&rsquo;Alg\u00e9rie \u00ab\u00a0qui dispose d&rsquo;une base industrielle importante permettant le renforcement des \u00e9changes \u00e9conomiques interarabes et interafricains, notamment en ce qui concerne les petites et moyennes entreprises (PME)\u00a0\u00bb.Il a pr\u00e9cis\u00e9 que l&rsquo;objectif de sa soci\u00e9t\u00e9, qui a eu plusieurs partenariats \u00ab\u00a0r\u00e9ussis\u00a0\u00bb avec des soci\u00e9t\u00e9s alg\u00e9riennes, consiste \u00e0 examiner la possibilit\u00e9 de lancer des projets communs dans le domaine de l&rsquo;agriculture, des t\u00e9l\u00e9communications et du commerce.<\/p>\n\n\n\n<p>Organis\u00e9e par le minist\u00e8re du Commerce, en coop\u00e9ration avec l&rsquo;Union arabe de d\u00e9veloppement des exportations industrielles (Auired), cette manifestation \u00e9conomique se veut une occasion pour examiner les possibilit\u00e9s d&rsquo;investissement en Alg\u00e9rie et d&rsquo;\u00e9tablir des partenariats.<\/p>\n\n\n\n<p>Pour rappel, pr\u00e8s de 400 soci\u00e9t\u00e9s alg\u00e9riennes, arabes et africaines, repr\u00e9sentent plusieurs secteurs, notamment les industries m\u00e9caniques, les t\u00e9l\u00e9communications, les services financiers, le tourisme, la technologie d&rsquo;informations, la logistiques et les industries agroalimentaires, participent \u00e0 l&rsquo;exposition organis\u00e9e en marge de la Conf\u00e9rence<\/p>\n\n\n\n<p><strong>Chokri Hafed<\/strong><\/p>\n","protected":false},"excerpt":{"rendered":"<p>Le pr\u00e9sident de l&rsquo;Association nationale des exportateurs alg\u00e9riens, Ali Bey Nasri, a salu\u00e9,hier en marge Conf\u00e9rence et l&rsquo;Exposition arabe et<\/p>\n","protected":false},"author":3,"featured_media":30672,"comment_status":"open","ping_status":"closed","sticky":false,"template":"","format":"standard","meta":{"colormag_page_container_layout":"default_layout","colormag_page_sidebar_layout":"default_layout","om_disable_all_campaigns":false,"_monsterinsights_skip_tracking":false,"_monsterinsights_sitenote_active":false,"_monsterinsights_sitenote_note":"","_monsterinsights_sitenote_category":0,"footnotes":"","_wpscppro_dont_share_socialmedia":false,"_wpscppro_custom_social_share_image":0,"_facebook_share_type":"","_twitter_share_type":"","_linkedin_share_type":"","_pinterest_share_type":"","_linkedin_share_type_page":"","_instagram_share_type":"","_medium_share_type":"","_threads_share_type":"","_google_business_share_type":"","_selected_social_profile":[],"_wpsp_enable_custom_social_template":false,"_wpsp_social_scheduling":{"enabled":false,"datetime":null,"platforms":[],"status":"template_only","dateOption":"today","timeOption":"now","customDays":"","customHours":"","customDate":"","customTime":"","schedulingType":"absolute"},"_wpsp_active_default_template":true},"categories":[29],"tags":[],"class_list":["post-30644","post","type-post","status-publish","format-standard","has-post-thumbnail","hentry","category-economie"],"aioseo_notices":[],"yoast_head":"<!-- This site is optimized with the Yoast SEO plugin v27.5 - https:\/\/yoast.com\/product\/yoast-seo-wordpress\/ -->\n<title>Ali Bey Nasri, pr\u00e9sident de l\u2019Anexal\u00a0: \u00ab\u00a0L\u2019Alg\u00e9rie est devenue un espace attractif pour des partenariats productifs\u00a0\u00bb - La Sentinelle<\/title>\n<meta name=\"robots\" content=\"index, follow, max-snippet:-1, max-image-preview:large, max-video-preview:-1\" \/>\n<link rel=\"canonical\" href=\"https:\/\/lasentinelle.dz\/index.php\/2022\/11\/13\/ali-bey-nasri-president-de-lanexal-lalgerie-est-devenue-un-espace-attractif-pour-des-partenariats-productifs\/\" \/>\n<meta property=\"og:locale\" content=\"fr_FR\" \/>\n<meta property=\"og:type\" content=\"article\" \/>\n<meta property=\"og:title\" content=\"Ali Bey Nasri, pr\u00e9sident de l\u2019Anexal\u00a0: \u00ab\u00a0L\u2019Alg\u00e9rie est devenue un espace attractif pour des partenariats productifs\u00a0\u00bb - La Sentinelle\" \/>\n<meta property=\"og:description\" content=\"Le pr\u00e9sident de l&rsquo;Association nationale des exportateurs alg\u00e9riens, Ali Bey Nasri, a salu\u00e9,hier en marge Conf\u00e9rence et l&rsquo;Exposition arabe et\" \/>\n<meta property=\"og:url\" content=\"https:\/\/lasentinelle.dz\/index.php\/2022\/11\/13\/ali-bey-nasri-president-de-lanexal-lalgerie-est-devenue-un-espace-attractif-pour-des-partenariats-productifs\/\" \/>\n<meta property=\"og:site_name\" content=\"La Sentinelle\" \/>\n<meta property=\"article:publisher\" content=\"https:\/\/www.facebook.com\/La-Sentinelle-104059864394773\" \/>\n<meta property=\"article:published_time\" content=\"2022-11-13T21:05:00+00:00\" \/>\n<meta property=\"og:image\" content=\"https:\/\/lasentinelle.dz\/wp-content\/uploads\/2022\/11\/ali-bay.png\" \/>\n\t<meta property=\"og:image:width\" content=\"1691\" \/>\n\t<meta property=\"og:image:height\" content=\"900\" \/>\n\t<meta property=\"og:image:type\" content=\"image\/png\" \/>\n<meta name=\"author\" content=\"La Sentinelle\" \/>\n<meta name=\"twitter:card\" content=\"summary_large_image\" \/>\n<meta name=\"twitter:label1\" content=\"\u00c9crit par\" \/>\n\t<meta name=\"twitter:data1\" content=\"La Sentinelle\" \/>\n\t<meta name=\"twitter:label2\" content=\"Dur\u00e9e de lecture estim\u00e9e\" \/>\n\t<meta name=\"twitter:data2\" content=\"4 minutes\" \/>\n<script type=\"application\/ld+json\" class=\"yoast-schema-graph\">{\"@context\":\"https:\\\/\\\/schema.org\",\"@graph\":[{\"@type\":\"Article\",\"@id\":\"https:\\\/\\\/lasentinelle.dz\\\/index.php\\\/2022\\\/11\\\/13\\\/ali-bey-nasri-president-de-lanexal-lalgerie-est-devenue-un-espace-attractif-pour-des-partenariats-productifs\\\/#article\",\"isPartOf\":{\"@id\":\"https:\\\/\\\/lasentinelle.dz\\\/index.php\\\/2022\\\/11\\\/13\\\/ali-bey-nasri-president-de-lanexal-lalgerie-est-devenue-un-espace-attractif-pour-des-partenariats-productifs\\\/\"},\"author\":{\"name\":\"La Sentinelle\",\"@id\":\"https:\\\/\\\/lasentinelle.dz\\\/#\\\/schema\\\/person\\\/d865044e22e70a75174ce8bcad3acfb3\"},\"headline\":\"Ali Bey Nasri, pr\u00e9sident de l\u2019Anexal\u00a0: \u00ab\u00a0L\u2019Alg\u00e9rie est devenue un espace attractif pour des partenariats productifs\u00a0\u00bb\",\"datePublished\":\"2022-11-13T21:05:00+00:00\",\"mainEntityOfPage\":{\"@id\":\"https:\\\/\\\/lasentinelle.dz\\\/index.php\\\/2022\\\/11\\\/13\\\/ali-bey-nasri-president-de-lanexal-lalgerie-est-devenue-un-espace-attractif-pour-des-partenariats-productifs\\\/\"},\"wordCount\":842,\"commentCount\":0,\"publisher\":{\"@id\":\"https:\\\/\\\/lasentinelle.dz\\\/#organization\"},\"image\":{\"@id\":\"https:\\\/\\\/lasentinelle.dz\\\/index.php\\\/2022\\\/11\\\/13\\\/ali-bey-nasri-president-de-lanexal-lalgerie-est-devenue-un-espace-attractif-pour-des-partenariats-productifs\\\/#primaryimage\"},\"thumbnailUrl\":\"https:\\\/\\\/lasentinelle.dz\\\/wp-content\\\/uploads\\\/2022\\\/11\\\/ali-bay.png\",\"articleSection\":[\"\u00c9conomie\"],\"inLanguage\":\"fr-FR\",\"potentialAction\":[{\"@type\":\"CommentAction\",\"name\":\"Comment\",\"target\":[\"https:\\\/\\\/lasentinelle.dz\\\/index.php\\\/2022\\\/11\\\/13\\\/ali-bey-nasri-president-de-lanexal-lalgerie-est-devenue-un-espace-attractif-pour-des-partenariats-productifs\\\/#respond\"]}]},{\"@type\":\"WebPage\",\"@id\":\"https:\\\/\\\/lasentinelle.dz\\\/index.php\\\/2022\\\/11\\\/13\\\/ali-bey-nasri-president-de-lanexal-lalgerie-est-devenue-un-espace-attractif-pour-des-partenariats-productifs\\\/\",\"url\":\"https:\\\/\\\/lasentinelle.dz\\\/index.php\\\/2022\\\/11\\\/13\\\/ali-bey-nasri-president-de-lanexal-lalgerie-est-devenue-un-espace-attractif-pour-des-partenariats-productifs\\\/\",\"name\":\"Ali Bey Nasri, pr\u00e9sident de l\u2019Anexal\u00a0: \u00ab\u00a0L\u2019Alg\u00e9rie est devenue un espace attractif pour des partenariats productifs\u00a0\u00bb - La Sentinelle\",\"isPartOf\":{\"@id\":\"https:\\\/\\\/lasentinelle.dz\\\/#website\"},\"primaryImageOfPage\":{\"@id\":\"https:\\\/\\\/lasentinelle.dz\\\/index.php\\\/2022\\\/11\\\/13\\\/ali-bey-nasri-president-de-lanexal-lalgerie-est-devenue-un-espace-attractif-pour-des-partenariats-productifs\\\/#primaryimage\"},\"image\":{\"@id\":\"https:\\\/\\\/lasentinelle.dz\\\/index.php\\\/2022\\\/11\\\/13\\\/ali-bey-nasri-president-de-lanexal-lalgerie-est-devenue-un-espace-attractif-pour-des-partenariats-productifs\\\/#primaryimage\"},\"thumbnailUrl\":\"https:\\\/\\\/lasentinelle.dz\\\/wp-content\\\/uploads\\\/2022\\\/11\\\/ali-bay.png\",\"datePublished\":\"2022-11-13T21:05:00+00:00\",\"breadcrumb\":{\"@id\":\"https:\\\/\\\/lasentinelle.dz\\\/index.php\\\/2022\\\/11\\\/13\\\/ali-bey-nasri-president-de-lanexal-lalgerie-est-devenue-un-espace-attractif-pour-des-partenariats-productifs\\\/#breadcrumb\"},\"inLanguage\":\"fr-FR\",\"potentialAction\":[{\"@type\":\"ReadAction\",\"target\":[\"https:\\\/\\\/lasentinelle.dz\\\/index.php\\\/2022\\\/11\\\/13\\\/ali-bey-nasri-president-de-lanexal-lalgerie-est-devenue-un-espace-attractif-pour-des-partenariats-productifs\\\/\"]}]},{\"@type\":\"ImageObject\",\"inLanguage\":\"fr-FR\",\"@id\":\"https:\\\/\\\/lasentinelle.dz\\\/index.php\\\/2022\\\/11\\\/13\\\/ali-bey-nasri-president-de-lanexal-lalgerie-est-devenue-un-espace-attractif-pour-des-partenariats-productifs\\\/#primaryimage\",\"url\":\"https:\\\/\\\/lasentinelle.dz\\\/wp-content\\\/uploads\\\/2022\\\/11\\\/ali-bay.png\",\"contentUrl\":\"https:\\\/\\\/lasentinelle.dz\\\/wp-content\\\/uploads\\\/2022\\\/11\\\/ali-bay.png\",\"width\":1691,\"height\":900},{\"@type\":\"BreadcrumbList\",\"@id\":\"https:\\\/\\\/lasentinelle.dz\\\/index.php\\\/2022\\\/11\\\/13\\\/ali-bey-nasri-president-de-lanexal-lalgerie-est-devenue-un-espace-attractif-pour-des-partenariats-productifs\\\/#breadcrumb\",\"itemListElement\":[{\"@type\":\"ListItem\",\"position\":1,\"name\":\"Accueil\",\"item\":\"https:\\\/\\\/lasentinelle.dz\\\/\"},{\"@type\":\"ListItem\",\"position\":2,\"name\":\"Ali Bey Nasri, pr\u00e9sident de l\u2019Anexal\u00a0: \u00ab\u00a0L\u2019Alg\u00e9rie est devenue un espace attractif pour des partenariats productifs\u00a0\u00bb\"}]},{\"@type\":\"WebSite\",\"@id\":\"https:\\\/\\\/lasentinelle.dz\\\/#website\",\"url\":\"https:\\\/\\\/lasentinelle.dz\\\/\",\"name\":\"La Sentinelle\",\"description\":\"Quotidien national d&#039;information\",\"publisher\":{\"@id\":\"https:\\\/\\\/lasentinelle.dz\\\/#organization\"},\"potentialAction\":[{\"@type\":\"SearchAction\",\"target\":{\"@type\":\"EntryPoint\",\"urlTemplate\":\"https:\\\/\\\/lasentinelle.dz\\\/?s={search_term_string}\"},\"query-input\":{\"@type\":\"PropertyValueSpecification\",\"valueRequired\":true,\"valueName\":\"search_term_string\"}}],\"inLanguage\":\"fr-FR\"},{\"@type\":\"Organization\",\"@id\":\"https:\\\/\\\/lasentinelle.dz\\\/#organization\",\"name\":\"Quotidien La Sentinelle\",\"url\":\"https:\\\/\\\/lasentinelle.dz\\\/\",\"logo\":{\"@type\":\"ImageObject\",\"inLanguage\":\"fr-FR\",\"@id\":\"https:\\\/\\\/lasentinelle.dz\\\/#\\\/schema\\\/logo\\\/image\\\/\",\"url\":\"https:\\\/\\\/lasentinelle.dz\\\/wp-content\\\/uploads\\\/2021\\\/09\\\/logo-sentinelleSLOGAN-1.png\",\"contentUrl\":\"https:\\\/\\\/lasentinelle.dz\\\/wp-content\\\/uploads\\\/2021\\\/09\\\/logo-sentinelleSLOGAN-1.png\",\"width\":615,\"height\":142,\"caption\":\"Quotidien La Sentinelle\"},\"image\":{\"@id\":\"https:\\\/\\\/lasentinelle.dz\\\/#\\\/schema\\\/logo\\\/image\\\/\"},\"sameAs\":[\"https:\\\/\\\/www.facebook.com\\\/La-Sentinelle-104059864394773\"]},{\"@type\":\"Person\",\"@id\":\"https:\\\/\\\/lasentinelle.dz\\\/#\\\/schema\\\/person\\\/d865044e22e70a75174ce8bcad3acfb3\",\"name\":\"La Sentinelle\",\"image\":{\"@type\":\"ImageObject\",\"inLanguage\":\"fr-FR\",\"@id\":\"https:\\\/\\\/secure.gravatar.com\\\/avatar\\\/57de8e5d4b15d43fb361a71fbb36338450fe67865b528a43dd10ef7c51a20392?s=96&d=mm&r=g\",\"url\":\"https:\\\/\\\/secure.gravatar.com\\\/avatar\\\/57de8e5d4b15d43fb361a71fbb36338450fe67865b528a43dd10ef7c51a20392?s=96&d=mm&r=g\",\"contentUrl\":\"https:\\\/\\\/secure.gravatar.com\\\/avatar\\\/57de8e5d4b15d43fb361a71fbb36338450fe67865b528a43dd10ef7c51a20392?s=96&d=mm&r=g\",\"caption\":\"La Sentinelle\"},\"sameAs\":[\"http:\\\/\\\/www.lasentinelle.dz\"],\"url\":\"https:\\\/\\\/lasentinelle.dz\\\/author\\\/redaction\\\/\"}]}<\/script>\n<!-- \/ Yoast SEO plugin. -->","yoast_head_json":{"title":"Ali Bey Nasri, pr\u00e9sident de l\u2019Anexal\u00a0: \u00ab\u00a0L\u2019Alg\u00e9rie est devenue un espace attractif pour des partenariats productifs\u00a0\u00bb - La Sentinelle","robots":{"index":"index","follow":"follow","max-snippet":"max-snippet:-1","max-image-preview":"max-image-preview:large","max-video-preview":"max-video-preview:-1"},"canonical":"https:\/\/lasentinelle.dz\/index.php\/2022\/11\/13\/ali-bey-nasri-president-de-lanexal-lalgerie-est-devenue-un-espace-attractif-pour-des-partenariats-productifs\/","og_locale":"fr_FR","og_type":"article","og_title":"Ali Bey Nasri, pr\u00e9sident de l\u2019Anexal\u00a0: \u00ab\u00a0L\u2019Alg\u00e9rie est devenue un espace attractif pour des partenariats productifs\u00a0\u00bb - La Sentinelle","og_description":"Le pr\u00e9sident de l&rsquo;Association nationale des exportateurs alg\u00e9riens, Ali Bey Nasri, a salu\u00e9,hier en marge Conf\u00e9rence et l&rsquo;Exposition arabe et","og_url":"https:\/\/lasentinelle.dz\/index.php\/2022\/11\/13\/ali-bey-nasri-president-de-lanexal-lalgerie-est-devenue-un-espace-attractif-pour-des-partenariats-productifs\/","og_site_name":"La Sentinelle","article_publisher":"https:\/\/www.facebook.com\/La-Sentinelle-104059864394773","article_published_time":"2022-11-13T21:05:00+00:00","og_image":[{"width":1691,"height":900,"url":"https:\/\/lasentinelle.dz\/wp-content\/uploads\/2022\/11\/ali-bay.png","type":"image\/png"}],"author":"La Sentinelle","twitter_card":"summary_large_image","twitter_misc":{"\u00c9crit par":"La Sentinelle","Dur\u00e9e de lecture estim\u00e9e":"4 minutes"},"schema":{"@context":"https:\/\/schema.org","@graph":[{"@type":"Article","@id":"https:\/\/lasentinelle.dz\/index.php\/2022\/11\/13\/ali-bey-nasri-president-de-lanexal-lalgerie-est-devenue-un-espace-attractif-pour-des-partenariats-productifs\/#article","isPartOf":{"@id":"https:\/\/lasentinelle.dz\/index.php\/2022\/11\/13\/ali-bey-nasri-president-de-lanexal-lalgerie-est-devenue-un-espace-attractif-pour-des-partenariats-productifs\/"},"author":{"name":"La Sentinelle","@id":"https:\/\/lasentinelle.dz\/#\/schema\/person\/d865044e22e70a75174ce8bcad3acfb3"},"headline":"Ali Bey Nasri, pr\u00e9sident de l\u2019Anexal\u00a0: \u00ab\u00a0L\u2019Alg\u00e9rie est devenue un espace attractif pour des partenariats productifs\u00a0\u00bb","datePublished":"2022-11-13T21:05:00+00:00","mainEntityOfPage":{"@id":"https:\/\/lasentinelle.dz\/index.php\/2022\/11\/13\/ali-bey-nasri-president-de-lanexal-lalgerie-est-devenue-un-espace-attractif-pour-des-partenariats-productifs\/"},"wordCount":842,"commentCount":0,"publisher":{"@id":"https:\/\/lasentinelle.dz\/#organization"},"image":{"@id":"https:\/\/lasentinelle.dz\/index.php\/2022\/11\/13\/ali-bey-nasri-president-de-lanexal-lalgerie-est-devenue-un-espace-attractif-pour-des-partenariats-productifs\/#primaryimage"},"thumbnailUrl":"https:\/\/lasentinelle.dz\/wp-content\/uploads\/2022\/11\/ali-bay.png","articleSection":["\u00c9conomie"],"inLanguage":"fr-FR","potentialAction":[{"@type":"CommentAction","name":"Comment","target":["https:\/\/lasentinelle.dz\/index.php\/2022\/11\/13\/ali-bey-nasri-president-de-lanexal-lalgerie-est-devenue-un-espace-attractif-pour-des-partenariats-productifs\/#respond"]}]},{"@type":"WebPage","@id":"https:\/\/lasentinelle.dz\/index.php\/2022\/11\/13\/ali-bey-nasri-president-de-lanexal-lalgerie-est-devenue-un-espace-attractif-pour-des-partenariats-productifs\/","url":"https:\/\/lasentinelle.dz\/index.php\/2022\/11\/13\/ali-bey-nasri-president-de-lanexal-lalgerie-est-devenue-un-espace-attractif-pour-des-partenariats-productifs\/","name":"Ali Bey Nasri, pr\u00e9sident de l\u2019Anexal\u00a0: \u00ab\u00a0L\u2019Alg\u00e9rie est devenue un espace attractif pour des partenariats productifs\u00a0\u00bb - La Sentinelle","isPartOf":{"@id":"https:\/\/lasentinelle.dz\/#website"},"primaryImageOfPage":{"@id":"https:\/\/lasentinelle.dz\/index.php\/2022\/11\/13\/ali-bey-nasri-president-de-lanexal-lalgerie-est-devenue-un-espace-attractif-pour-des-partenariats-productifs\/#primaryimage"},"image":{"@id":"https:\/\/lasentinelle.dz\/index.php\/2022\/11\/13\/ali-bey-nasri-president-de-lanexal-lalgerie-est-devenue-un-espace-attractif-pour-des-partenariats-productifs\/#primaryimage"},"thumbnailUrl":"https:\/\/lasentinelle.dz\/wp-content\/uploads\/2022\/11\/ali-bay.png","datePublished":"2022-11-13T21:05:00+00:00","breadcrumb":{"@id":"https:\/\/lasentinelle.dz\/index.php\/2022\/11\/13\/ali-bey-nasri-president-de-lanexal-lalgerie-est-devenue-un-espace-attractif-pour-des-partenariats-productifs\/#breadcrumb"},"inLanguage":"fr-FR","potentialAction":[{"@type":"ReadAction","target":["https:\/\/lasentinelle.dz\/index.php\/2022\/11\/13\/ali-bey-nasri-president-de-lanexal-lalgerie-est-devenue-un-espace-attractif-pour-des-partenariats-productifs\/"]}]},{"@type":"ImageObject","inLanguage":"fr-FR","@id":"https:\/\/lasentinelle.dz\/index.php\/2022\/11\/13\/ali-bey-nasri-president-de-lanexal-lalgerie-est-devenue-un-espace-attractif-pour-des-partenariats-productifs\/#primaryimage","url":"https:\/\/lasentinelle.dz\/wp-content\/uploads\/2022\/11\/ali-bay.png","contentUrl":"https:\/\/lasentinelle.dz\/wp-content\/uploads\/2022\/11\/ali-bay.png","width":1691,"height":900},{"@type":"BreadcrumbList","@id":"https:\/\/lasentinelle.dz\/index.php\/2022\/11\/13\/ali-bey-nasri-president-de-lanexal-lalgerie-est-devenue-un-espace-attractif-pour-des-partenariats-productifs\/#breadcrumb","itemListElement":[{"@type":"ListItem","position":1,"name":"Accueil","item":"https:\/\/lasentinelle.dz\/"},{"@type":"ListItem","position":2,"name":"Ali Bey Nasri, pr\u00e9sident de l\u2019Anexal\u00a0: \u00ab\u00a0L\u2019Alg\u00e9rie est devenue un espace attractif pour des partenariats productifs\u00a0\u00bb"}]},{"@type":"WebSite","@id":"https:\/\/lasentinelle.dz\/#website","url":"https:\/\/lasentinelle.dz\/","name":"La Sentinelle","description":"Quotidien national d&#039;information","publisher":{"@id":"https:\/\/lasentinelle.dz\/#organization"},"potentialAction":[{"@type":"SearchAction","target":{"@type":"EntryPoint","urlTemplate":"https:\/\/lasentinelle.dz\/?s={search_term_string}"},"query-input":{"@type":"PropertyValueSpecification","valueRequired":true,"valueName":"search_term_string"}}],"inLanguage":"fr-FR"},{"@type":"Organization","@id":"https:\/\/lasentinelle.dz\/#organization","name":"Quotidien La Sentinelle","url":"https:\/\/lasentinelle.dz\/","logo":{"@type":"ImageObject","inLanguage":"fr-FR","@id":"https:\/\/lasentinelle.dz\/#\/schema\/logo\/image\/","url":"https:\/\/lasentinelle.dz\/wp-content\/uploads\/2021\/09\/logo-sentinelleSLOGAN-1.png","contentUrl":"https:\/\/lasentinelle.dz\/wp-content\/uploads\/2021\/09\/logo-sentinelleSLOGAN-1.png","width":615,"height":142,"caption":"Quotidien La Sentinelle"},"image":{"@id":"https:\/\/lasentinelle.dz\/#\/schema\/logo\/image\/"},"sameAs":["https:\/\/www.facebook.com\/La-Sentinelle-104059864394773"]},{"@type":"Person","@id":"https:\/\/lasentinelle.dz\/#\/schema\/person\/d865044e22e70a75174ce8bcad3acfb3","name":"La Sentinelle","image":{"@type":"ImageObject","inLanguage":"fr-FR","@id":"https:\/\/secure.gravatar.com\/avatar\/57de8e5d4b15d43fb361a71fbb36338450fe67865b528a43dd10ef7c51a20392?s=96&d=mm&r=g","url":"https:\/\/secure.gravatar.com\/avatar\/57de8e5d4b15d43fb361a71fbb36338450fe67865b528a43dd10ef7c51a20392?s=96&d=mm&r=g","contentUrl":"https:\/\/secure.gravatar.com\/avatar\/57de8e5d4b15d43fb361a71fbb36338450fe67865b528a43dd10ef7c51a20392?s=96&d=mm&r=g","caption":"La Sentinelle"},"sameAs":["http:\/\/www.lasentinelle.dz"],"url":"https:\/\/lasentinelle.dz\/author\/redaction\/"}]}},"_links":{"self":[{"href":"https:\/\/lasentinelle.dz\/index.php\/wp-json\/wp\/v2\/posts\/30644","targetHints":{"allow":["GET"]}}],"collection":[{"href":"https:\/\/lasentinelle.dz\/index.php\/wp-json\/wp\/v2\/posts"}],"about":[{"href":"https:\/\/lasentinelle.dz\/index.php\/wp-json\/wp\/v2\/types\/post"}],"author":[{"embeddable":true,"href":"https:\/\/lasentinelle.dz\/index.php\/wp-json\/wp\/v2\/users\/3"}],"replies":[{"embeddable":true,"href":"https:\/\/lasentinelle.dz\/index.php\/wp-json\/wp\/v2\/comments?post=30644"}],"version-history":[{"count":1,"href":"https:\/\/lasentinelle.dz\/index.php\/wp-json\/wp\/v2\/posts\/30644\/revisions"}],"predecessor-version":[{"id":30674,"href":"https:\/\/lasentinelle.dz\/index.php\/wp-json\/wp\/v2\/posts\/30644\/revisions\/30674"}],"wp:featuredmedia":[{"embeddable":true,"href":"https:\/\/lasentinelle.dz\/index.php\/wp-json\/wp\/v2\/media\/30672"}],"wp:attachment":[{"href":"https:\/\/lasentinelle.dz\/index.php\/wp-json\/wp\/v2\/media?parent=30644"}],"wp:term":[{"taxonomy":"category","embeddable":true,"href":"https:\/\/lasentinelle.dz\/index.php\/wp-json\/wp\/v2\/categories?post=30644"},{"taxonomy":"post_tag","embeddable":true,"href":"https:\/\/lasentinelle.dz\/index.php\/wp-json\/wp\/v2\/tags?post=30644"}],"curies":[{"name":"wp","href":"https:\/\/api.w.org\/{rel}","templated":true}]}}