{"id":3067,"date":"2021-08-01T17:07:20","date_gmt":"2021-08-01T16:07:20","guid":{"rendered":"https:\/\/lasentinelle.dz\/?p=3067"},"modified":"2021-08-01T17:07:37","modified_gmt":"2021-08-01T16:07:37","slug":"irak-dick-advocaat-nouveau-selectionneur","status":"publish","type":"post","link":"https:\/\/lasentinelle.dz\/index.php\/2021\/08\/01\/irak-dick-advocaat-nouveau-selectionneur\/","title":{"rendered":"Irak : Dick Advocaat nouveau s\u00e9lectionneur"},"content":{"rendered":"\n<p>Le N\u00e9erlandais Dick Advocaat est le nouveau s\u00e9lectionneur de l&rsquo;\u00e9quipe d&rsquo;Irak, un poste o\u00f9 il va succ\u00e9der, \u00e0 73 ans, au Slov\u00e8ne Streshko Katanic, a annonc\u00e9 samedi la f\u00e9d\u00e9ration irakienne de football. Advocaat a \u00e9t\u00e9 choisi sur la base de \u00ab\u00a0son palmar\u00e8s, \u00e0 la fois avec les clubs et les \u00e9quipes nationales\u00a0\u00bb, et cela apr\u00e8s \u00ab\u00a0six heures de n\u00e9gociations\u00a0\u00bb, a rapport\u00e9 l&rsquo;agence de presse n\u00e9erlandaise ANP, citant le conseil d&rsquo;administration de la f\u00e9d\u00e9ration irakienne. En \u00e9quipe nationale, le N\u00e9erlandais a dirig\u00e9 les Pays-Bas, les Emirats Arabes Unis, la Belgique, la Russie et la Serbie. En club, il a \u00e9t\u00e9 aux commandes du PSV Eindhoven, du Borussia M\u00f6nchengladbach et du Zenit Saint-P\u00e9tersbourg vainqueur en 2008 de la Coupe de l&rsquo;UEFA (ancien nom de la Ligue Europa). Sa carri\u00e8re d&rsquo;entra\u00eeneur avait pris fin la saison derni\u00e8re avec le Feyenoord Rotterdam (D1 n\u00e9erlandaise) mais il avait laiss\u00e9 entendre qu&rsquo;il souhaitait continuer sa carri\u00e8re en retrouvant une s\u00e9lection nationale, selon l&rsquo;ANP.&nbsp;<\/p>\n\n\n\n<p>AFP<\/p>\n","protected":false},"excerpt":{"rendered":"<p>Le N\u00e9erlandais Dick Advocaat est le nouveau s\u00e9lectionneur de l&rsquo;\u00e9quipe d&rsquo;Irak, un poste o\u00f9 il va succ\u00e9der, \u00e0 73 ans,<\/p>\n","protected":false},"author":3,"featured_media":3075,"comment_status":"open","ping_status":"closed","sticky":false,"template":"","format":"standard","meta":{"colormag_page_container_layout":"default_layout","colormag_page_sidebar_layout":"default_layout","om_disable_all_campaigns":false,"_monsterinsights_skip_tracking":false,"_monsterinsights_sitenote_active":false,"_monsterinsights_sitenote_note":"","_monsterinsights_sitenote_category":0,"footnotes":"","_wpscppro_dont_share_socialmedia":false,"_wpscppro_custom_social_share_image":0,"_facebook_share_type":"","_twitter_share_type":"","_linkedin_share_type":"","_pinterest_share_type":"","_linkedin_share_type_page":"","_instagram_share_type":"","_medium_share_type":"","_threads_share_type":"","_google_business_share_type":"","_selected_social_profile":[],"_wpsp_enable_custom_social_template":false,"_wpsp_social_scheduling":{"enabled":false,"datetime":null,"platforms":[],"status":"template_only","dateOption":"today","timeOption":"now","customDays":"","customHours":"","customDate":"","customTime":"","schedulingType":"absolute"},"_wpsp_active_default_template":true},"categories":[33],"tags":[],"class_list":["post-3067","post","type-post","status-publish","format-standard","has-post-thumbnail","hentry","category-sports"],"aioseo_notices":[],"yoast_head":"<!-- This site is optimized with the Yoast SEO plugin v27.5 - https:\/\/yoast.com\/product\/yoast-seo-wordpress\/ -->\n<title>Irak : Dick Advocaat nouveau s\u00e9lectionneur - La Sentinelle<\/title>\n<meta name=\"robots\" content=\"index, follow, max-snippet:-1, max-image-preview:large, max-video-preview:-1\" \/>\n<link rel=\"canonical\" href=\"https:\/\/lasentinelle.dz\/index.php\/2021\/08\/01\/irak-dick-advocaat-nouveau-selectionneur\/\" \/>\n<meta property=\"og:locale\" content=\"fr_FR\" \/>\n<meta property=\"og:type\" content=\"article\" \/>\n<meta property=\"og:title\" content=\"Irak : Dick Advocaat nouveau s\u00e9lectionneur - La Sentinelle\" \/>\n<meta property=\"og:description\" content=\"Le N\u00e9erlandais Dick Advocaat est le nouveau s\u00e9lectionneur de l&rsquo;\u00e9quipe d&rsquo;Irak, un poste o\u00f9 il va succ\u00e9der, \u00e0 73 ans,\" \/>\n<meta property=\"og:url\" content=\"https:\/\/lasentinelle.dz\/index.php\/2021\/08\/01\/irak-dick-advocaat-nouveau-selectionneur\/\" \/>\n<meta property=\"og:site_name\" content=\"La Sentinelle\" \/>\n<meta property=\"article:publisher\" content=\"https:\/\/www.facebook.com\/La-Sentinelle-104059864394773\" \/>\n<meta property=\"article:published_time\" content=\"2021-08-01T16:07:20+00:00\" \/>\n<meta property=\"article:modified_time\" content=\"2021-08-01T16:07:37+00:00\" \/>\n<meta property=\"og:image\" content=\"https:\/\/lasentinelle.dz\/wp-content\/uploads\/2021\/08\/dick.png\" \/>\n\t<meta property=\"og:image:width\" content=\"898\" \/>\n\t<meta property=\"og:image:height\" content=\"900\" \/>\n\t<meta property=\"og:image:type\" content=\"image\/png\" \/>\n<meta name=\"author\" content=\"La Sentinelle\" \/>\n<meta name=\"twitter:card\" content=\"summary_large_image\" \/>\n<meta name=\"twitter:label1\" content=\"\u00c9crit par\" \/>\n\t<meta name=\"twitter:data1\" content=\"La Sentinelle\" \/>\n\t<meta name=\"twitter:label2\" content=\"Dur\u00e9e de lecture estim\u00e9e\" \/>\n\t<meta name=\"twitter:data2\" content=\"1 minute\" \/>\n<script type=\"application\/ld+json\" class=\"yoast-schema-graph\">{\"@context\":\"https:\\\/\\\/schema.org\",\"@graph\":[{\"@type\":\"Article\",\"@id\":\"https:\\\/\\\/lasentinelle.dz\\\/index.php\\\/2021\\\/08\\\/01\\\/irak-dick-advocaat-nouveau-selectionneur\\\/#article\",\"isPartOf\":{\"@id\":\"https:\\\/\\\/lasentinelle.dz\\\/index.php\\\/2021\\\/08\\\/01\\\/irak-dick-advocaat-nouveau-selectionneur\\\/\"},\"author\":{\"name\":\"La Sentinelle\",\"@id\":\"https:\\\/\\\/lasentinelle.dz\\\/#\\\/schema\\\/person\\\/d865044e22e70a75174ce8bcad3acfb3\"},\"headline\":\"Irak : Dick Advocaat nouveau s\u00e9lectionneur\",\"datePublished\":\"2021-08-01T16:07:20+00:00\",\"dateModified\":\"2021-08-01T16:07:37+00:00\",\"mainEntityOfPage\":{\"@id\":\"https:\\\/\\\/lasentinelle.dz\\\/index.php\\\/2021\\\/08\\\/01\\\/irak-dick-advocaat-nouveau-selectionneur\\\/\"},\"wordCount\":190,\"commentCount\":0,\"publisher\":{\"@id\":\"https:\\\/\\\/lasentinelle.dz\\\/#organization\"},\"image\":{\"@id\":\"https:\\\/\\\/lasentinelle.dz\\\/index.php\\\/2021\\\/08\\\/01\\\/irak-dick-advocaat-nouveau-selectionneur\\\/#primaryimage\"},\"thumbnailUrl\":\"https:\\\/\\\/lasentinelle.dz\\\/wp-content\\\/uploads\\\/2021\\\/08\\\/dick.png\",\"articleSection\":[\"Sports\"],\"inLanguage\":\"fr-FR\",\"potentialAction\":[{\"@type\":\"CommentAction\",\"name\":\"Comment\",\"target\":[\"https:\\\/\\\/lasentinelle.dz\\\/index.php\\\/2021\\\/08\\\/01\\\/irak-dick-advocaat-nouveau-selectionneur\\\/#respond\"]}]},{\"@type\":\"WebPage\",\"@id\":\"https:\\\/\\\/lasentinelle.dz\\\/index.php\\\/2021\\\/08\\\/01\\\/irak-dick-advocaat-nouveau-selectionneur\\\/\",\"url\":\"https:\\\/\\\/lasentinelle.dz\\\/index.php\\\/2021\\\/08\\\/01\\\/irak-dick-advocaat-nouveau-selectionneur\\\/\",\"name\":\"Irak : Dick Advocaat nouveau s\u00e9lectionneur - La Sentinelle\",\"isPartOf\":{\"@id\":\"https:\\\/\\\/lasentinelle.dz\\\/#website\"},\"primaryImageOfPage\":{\"@id\":\"https:\\\/\\\/lasentinelle.dz\\\/index.php\\\/2021\\\/08\\\/01\\\/irak-dick-advocaat-nouveau-selectionneur\\\/#primaryimage\"},\"image\":{\"@id\":\"https:\\\/\\\/lasentinelle.dz\\\/index.php\\\/2021\\\/08\\\/01\\\/irak-dick-advocaat-nouveau-selectionneur\\\/#primaryimage\"},\"thumbnailUrl\":\"https:\\\/\\\/lasentinelle.dz\\\/wp-content\\\/uploads\\\/2021\\\/08\\\/dick.png\",\"datePublished\":\"2021-08-01T16:07:20+00:00\",\"dateModified\":\"2021-08-01T16:07:37+00:00\",\"breadcrumb\":{\"@id\":\"https:\\\/\\\/lasentinelle.dz\\\/index.php\\\/2021\\\/08\\\/01\\\/irak-dick-advocaat-nouveau-selectionneur\\\/#breadcrumb\"},\"inLanguage\":\"fr-FR\",\"potentialAction\":[{\"@type\":\"ReadAction\",\"target\":[\"https:\\\/\\\/lasentinelle.dz\\\/index.php\\\/2021\\\/08\\\/01\\\/irak-dick-advocaat-nouveau-selectionneur\\\/\"]}]},{\"@type\":\"ImageObject\",\"inLanguage\":\"fr-FR\",\"@id\":\"https:\\\/\\\/lasentinelle.dz\\\/index.php\\\/2021\\\/08\\\/01\\\/irak-dick-advocaat-nouveau-selectionneur\\\/#primaryimage\",\"url\":\"https:\\\/\\\/lasentinelle.dz\\\/wp-content\\\/uploads\\\/2021\\\/08\\\/dick.png\",\"contentUrl\":\"https:\\\/\\\/lasentinelle.dz\\\/wp-content\\\/uploads\\\/2021\\\/08\\\/dick.png\",\"width\":898,\"height\":900},{\"@type\":\"BreadcrumbList\",\"@id\":\"https:\\\/\\\/lasentinelle.dz\\\/index.php\\\/2021\\\/08\\\/01\\\/irak-dick-advocaat-nouveau-selectionneur\\\/#breadcrumb\",\"itemListElement\":[{\"@type\":\"ListItem\",\"position\":1,\"name\":\"Accueil\",\"item\":\"https:\\\/\\\/lasentinelle.dz\\\/\"},{\"@type\":\"ListItem\",\"position\":2,\"name\":\"Irak : Dick Advocaat nouveau s\u00e9lectionneur\"}]},{\"@type\":\"WebSite\",\"@id\":\"https:\\\/\\\/lasentinelle.dz\\\/#website\",\"url\":\"https:\\\/\\\/lasentinelle.dz\\\/\",\"name\":\"La Sentinelle\",\"description\":\"Quotidien national d&#039;information\",\"publisher\":{\"@id\":\"https:\\\/\\\/lasentinelle.dz\\\/#organization\"},\"potentialAction\":[{\"@type\":\"SearchAction\",\"target\":{\"@type\":\"EntryPoint\",\"urlTemplate\":\"https:\\\/\\\/lasentinelle.dz\\\/?s={search_term_string}\"},\"query-input\":{\"@type\":\"PropertyValueSpecification\",\"valueRequired\":true,\"valueName\":\"search_term_string\"}}],\"inLanguage\":\"fr-FR\"},{\"@type\":\"Organization\",\"@id\":\"https:\\\/\\\/lasentinelle.dz\\\/#organization\",\"name\":\"Quotidien La Sentinelle\",\"url\":\"https:\\\/\\\/lasentinelle.dz\\\/\",\"logo\":{\"@type\":\"ImageObject\",\"inLanguage\":\"fr-FR\",\"@id\":\"https:\\\/\\\/lasentinelle.dz\\\/#\\\/schema\\\/logo\\\/image\\\/\",\"url\":\"https:\\\/\\\/lasentinelle.dz\\\/wp-content\\\/uploads\\\/2021\\\/09\\\/logo-sentinelleSLOGAN-1.png\",\"contentUrl\":\"https:\\\/\\\/lasentinelle.dz\\\/wp-content\\\/uploads\\\/2021\\\/09\\\/logo-sentinelleSLOGAN-1.png\",\"width\":615,\"height\":142,\"caption\":\"Quotidien La Sentinelle\"},\"image\":{\"@id\":\"https:\\\/\\\/lasentinelle.dz\\\/#\\\/schema\\\/logo\\\/image\\\/\"},\"sameAs\":[\"https:\\\/\\\/www.facebook.com\\\/La-Sentinelle-104059864394773\"]},{\"@type\":\"Person\",\"@id\":\"https:\\\/\\\/lasentinelle.dz\\\/#\\\/schema\\\/person\\\/d865044e22e70a75174ce8bcad3acfb3\",\"name\":\"La Sentinelle\",\"image\":{\"@type\":\"ImageObject\",\"inLanguage\":\"fr-FR\",\"@id\":\"https:\\\/\\\/secure.gravatar.com\\\/avatar\\\/57de8e5d4b15d43fb361a71fbb36338450fe67865b528a43dd10ef7c51a20392?s=96&d=mm&r=g\",\"url\":\"https:\\\/\\\/secure.gravatar.com\\\/avatar\\\/57de8e5d4b15d43fb361a71fbb36338450fe67865b528a43dd10ef7c51a20392?s=96&d=mm&r=g\",\"contentUrl\":\"https:\\\/\\\/secure.gravatar.com\\\/avatar\\\/57de8e5d4b15d43fb361a71fbb36338450fe67865b528a43dd10ef7c51a20392?s=96&d=mm&r=g\",\"caption\":\"La Sentinelle\"},\"sameAs\":[\"http:\\\/\\\/www.lasentinelle.dz\"],\"url\":\"https:\\\/\\\/lasentinelle.dz\\\/author\\\/redaction\\\/\"}]}<\/script>\n<!-- \/ Yoast SEO plugin. -->","yoast_head_json":{"title":"Irak : Dick Advocaat nouveau s\u00e9lectionneur - La Sentinelle","robots":{"index":"index","follow":"follow","max-snippet":"max-snippet:-1","max-image-preview":"max-image-preview:large","max-video-preview":"max-video-preview:-1"},"canonical":"https:\/\/lasentinelle.dz\/index.php\/2021\/08\/01\/irak-dick-advocaat-nouveau-selectionneur\/","og_locale":"fr_FR","og_type":"article","og_title":"Irak : Dick Advocaat nouveau s\u00e9lectionneur - La Sentinelle","og_description":"Le N\u00e9erlandais Dick Advocaat est le nouveau s\u00e9lectionneur de l&rsquo;\u00e9quipe d&rsquo;Irak, un poste o\u00f9 il va succ\u00e9der, \u00e0 73 ans,","og_url":"https:\/\/lasentinelle.dz\/index.php\/2021\/08\/01\/irak-dick-advocaat-nouveau-selectionneur\/","og_site_name":"La Sentinelle","article_publisher":"https:\/\/www.facebook.com\/La-Sentinelle-104059864394773","article_published_time":"2021-08-01T16:07:20+00:00","article_modified_time":"2021-08-01T16:07:37+00:00","og_image":[{"width":898,"height":900,"url":"https:\/\/lasentinelle.dz\/wp-content\/uploads\/2021\/08\/dick.png","type":"image\/png"}],"author":"La Sentinelle","twitter_card":"summary_large_image","twitter_misc":{"\u00c9crit par":"La Sentinelle","Dur\u00e9e de lecture estim\u00e9e":"1 minute"},"schema":{"@context":"https:\/\/schema.org","@graph":[{"@type":"Article","@id":"https:\/\/lasentinelle.dz\/index.php\/2021\/08\/01\/irak-dick-advocaat-nouveau-selectionneur\/#article","isPartOf":{"@id":"https:\/\/lasentinelle.dz\/index.php\/2021\/08\/01\/irak-dick-advocaat-nouveau-selectionneur\/"},"author":{"name":"La Sentinelle","@id":"https:\/\/lasentinelle.dz\/#\/schema\/person\/d865044e22e70a75174ce8bcad3acfb3"},"headline":"Irak : Dick Advocaat nouveau s\u00e9lectionneur","datePublished":"2021-08-01T16:07:20+00:00","dateModified":"2021-08-01T16:07:37+00:00","mainEntityOfPage":{"@id":"https:\/\/lasentinelle.dz\/index.php\/2021\/08\/01\/irak-dick-advocaat-nouveau-selectionneur\/"},"wordCount":190,"commentCount":0,"publisher":{"@id":"https:\/\/lasentinelle.dz\/#organization"},"image":{"@id":"https:\/\/lasentinelle.dz\/index.php\/2021\/08\/01\/irak-dick-advocaat-nouveau-selectionneur\/#primaryimage"},"thumbnailUrl":"https:\/\/lasentinelle.dz\/wp-content\/uploads\/2021\/08\/dick.png","articleSection":["Sports"],"inLanguage":"fr-FR","potentialAction":[{"@type":"CommentAction","name":"Comment","target":["https:\/\/lasentinelle.dz\/index.php\/2021\/08\/01\/irak-dick-advocaat-nouveau-selectionneur\/#respond"]}]},{"@type":"WebPage","@id":"https:\/\/lasentinelle.dz\/index.php\/2021\/08\/01\/irak-dick-advocaat-nouveau-selectionneur\/","url":"https:\/\/lasentinelle.dz\/index.php\/2021\/08\/01\/irak-dick-advocaat-nouveau-selectionneur\/","name":"Irak : Dick Advocaat nouveau s\u00e9lectionneur - La Sentinelle","isPartOf":{"@id":"https:\/\/lasentinelle.dz\/#website"},"primaryImageOfPage":{"@id":"https:\/\/lasentinelle.dz\/index.php\/2021\/08\/01\/irak-dick-advocaat-nouveau-selectionneur\/#primaryimage"},"image":{"@id":"https:\/\/lasentinelle.dz\/index.php\/2021\/08\/01\/irak-dick-advocaat-nouveau-selectionneur\/#primaryimage"},"thumbnailUrl":"https:\/\/lasentinelle.dz\/wp-content\/uploads\/2021\/08\/dick.png","datePublished":"2021-08-01T16:07:20+00:00","dateModified":"2021-08-01T16:07:37+00:00","breadcrumb":{"@id":"https:\/\/lasentinelle.dz\/index.php\/2021\/08\/01\/irak-dick-advocaat-nouveau-selectionneur\/#breadcrumb"},"inLanguage":"fr-FR","potentialAction":[{"@type":"ReadAction","target":["https:\/\/lasentinelle.dz\/index.php\/2021\/08\/01\/irak-dick-advocaat-nouveau-selectionneur\/"]}]},{"@type":"ImageObject","inLanguage":"fr-FR","@id":"https:\/\/lasentinelle.dz\/index.php\/2021\/08\/01\/irak-dick-advocaat-nouveau-selectionneur\/#primaryimage","url":"https:\/\/lasentinelle.dz\/wp-content\/uploads\/2021\/08\/dick.png","contentUrl":"https:\/\/lasentinelle.dz\/wp-content\/uploads\/2021\/08\/dick.png","width":898,"height":900},{"@type":"BreadcrumbList","@id":"https:\/\/lasentinelle.dz\/index.php\/2021\/08\/01\/irak-dick-advocaat-nouveau-selectionneur\/#breadcrumb","itemListElement":[{"@type":"ListItem","position":1,"name":"Accueil","item":"https:\/\/lasentinelle.dz\/"},{"@type":"ListItem","position":2,"name":"Irak : Dick Advocaat nouveau s\u00e9lectionneur"}]},{"@type":"WebSite","@id":"https:\/\/lasentinelle.dz\/#website","url":"https:\/\/lasentinelle.dz\/","name":"La Sentinelle","description":"Quotidien national d&#039;information","publisher":{"@id":"https:\/\/lasentinelle.dz\/#organization"},"potentialAction":[{"@type":"SearchAction","target":{"@type":"EntryPoint","urlTemplate":"https:\/\/lasentinelle.dz\/?s={search_term_string}"},"query-input":{"@type":"PropertyValueSpecification","valueRequired":true,"valueName":"search_term_string"}}],"inLanguage":"fr-FR"},{"@type":"Organization","@id":"https:\/\/lasentinelle.dz\/#organization","name":"Quotidien La Sentinelle","url":"https:\/\/lasentinelle.dz\/","logo":{"@type":"ImageObject","inLanguage":"fr-FR","@id":"https:\/\/lasentinelle.dz\/#\/schema\/logo\/image\/","url":"https:\/\/lasentinelle.dz\/wp-content\/uploads\/2021\/09\/logo-sentinelleSLOGAN-1.png","contentUrl":"https:\/\/lasentinelle.dz\/wp-content\/uploads\/2021\/09\/logo-sentinelleSLOGAN-1.png","width":615,"height":142,"caption":"Quotidien La Sentinelle"},"image":{"@id":"https:\/\/lasentinelle.dz\/#\/schema\/logo\/image\/"},"sameAs":["https:\/\/www.facebook.com\/La-Sentinelle-104059864394773"]},{"@type":"Person","@id":"https:\/\/lasentinelle.dz\/#\/schema\/person\/d865044e22e70a75174ce8bcad3acfb3","name":"La Sentinelle","image":{"@type":"ImageObject","inLanguage":"fr-FR","@id":"https:\/\/secure.gravatar.com\/avatar\/57de8e5d4b15d43fb361a71fbb36338450fe67865b528a43dd10ef7c51a20392?s=96&d=mm&r=g","url":"https:\/\/secure.gravatar.com\/avatar\/57de8e5d4b15d43fb361a71fbb36338450fe67865b528a43dd10ef7c51a20392?s=96&d=mm&r=g","contentUrl":"https:\/\/secure.gravatar.com\/avatar\/57de8e5d4b15d43fb361a71fbb36338450fe67865b528a43dd10ef7c51a20392?s=96&d=mm&r=g","caption":"La Sentinelle"},"sameAs":["http:\/\/www.lasentinelle.dz"],"url":"https:\/\/lasentinelle.dz\/author\/redaction\/"}]}},"_links":{"self":[{"href":"https:\/\/lasentinelle.dz\/index.php\/wp-json\/wp\/v2\/posts\/3067","targetHints":{"allow":["GET"]}}],"collection":[{"href":"https:\/\/lasentinelle.dz\/index.php\/wp-json\/wp\/v2\/posts"}],"about":[{"href":"https:\/\/lasentinelle.dz\/index.php\/wp-json\/wp\/v2\/types\/post"}],"author":[{"embeddable":true,"href":"https:\/\/lasentinelle.dz\/index.php\/wp-json\/wp\/v2\/users\/3"}],"replies":[{"embeddable":true,"href":"https:\/\/lasentinelle.dz\/index.php\/wp-json\/wp\/v2\/comments?post=3067"}],"version-history":[{"count":1,"href":"https:\/\/lasentinelle.dz\/index.php\/wp-json\/wp\/v2\/posts\/3067\/revisions"}],"predecessor-version":[{"id":3079,"href":"https:\/\/lasentinelle.dz\/index.php\/wp-json\/wp\/v2\/posts\/3067\/revisions\/3079"}],"wp:featuredmedia":[{"embeddable":true,"href":"https:\/\/lasentinelle.dz\/index.php\/wp-json\/wp\/v2\/media\/3075"}],"wp:attachment":[{"href":"https:\/\/lasentinelle.dz\/index.php\/wp-json\/wp\/v2\/media?parent=3067"}],"wp:term":[{"taxonomy":"category","embeddable":true,"href":"https:\/\/lasentinelle.dz\/index.php\/wp-json\/wp\/v2\/categories?post=3067"},{"taxonomy":"post_tag","embeddable":true,"href":"https:\/\/lasentinelle.dz\/index.php\/wp-json\/wp\/v2\/tags?post=3067"}],"curies":[{"name":"wp","href":"https:\/\/api.w.org\/{rel}","templated":true}]}}