{"id":30750,"date":"2022-11-14T22:05:00","date_gmt":"2022-11-14T21:05:00","guid":{"rendered":"https:\/\/lasentinelle.dz\/?p=30750"},"modified":"2022-11-14T19:55:56","modified_gmt":"2022-11-14T18:55:56","slug":"universite-ouverture-de-bureaux-detudes-affilies-a-des-entreprises-economiques","status":"publish","type":"post","link":"https:\/\/lasentinelle.dz\/index.php\/2022\/11\/14\/universite-ouverture-de-bureaux-detudes-affilies-a-des-entreprises-economiques\/","title":{"rendered":"Universit\u00e9\u00a0: Ouverture de bureaux d&rsquo;\u00e9tudes affili\u00e9s \u00e0 des entreprises \u00e9conomiques"},"content":{"rendered":"\n<p>Le minist\u00e8re de l&rsquo;Enseignement sup\u00e9rieur et de la Recherche scientifique a d\u00e9cid\u00e9 l&rsquo;ouverture de bureaux d&rsquo;\u00e9tudes affili\u00e9s \u00e0 des entreprises \u00e9conomiques au sein des \u00e9tablissements d&rsquo;enseignement sup\u00e9rieur dans le cadre des efforts visant \u00e0 transformer le savoir en produit commercialisable et \u00e0 valoriser les r\u00e9sultats de l&rsquo;enseignement, de la formation, de la recherche et de l&rsquo;innovation, a indiqu\u00e9 hier le minist\u00e8re dans un communiqu\u00e9.Le minist\u00e8re de l&rsquo;Enseignement sup\u00e9rieur et de la Recherche scientifique a adress\u00e9 une note aux responsables des conf\u00e9rences r\u00e9gionales et, \u00e0 travers eux, aux directeurs des \u00e9tablissements d&rsquo;enseignement sup\u00e9rieur, les appelant \u00e0 \u00ab\u00a0redoubler d&rsquo;efforts pour d\u00e9velopper la politique de formation et de recherche en adh\u00e9rant \u00e0 la nouvelle strat\u00e9gie du secteur par l&rsquo;ouverture, dans les \u00e9tablissements d&rsquo;enseignement sup\u00e9rieur, de bureaux d&rsquo;\u00e9tudes affili\u00e9s \u00e0 des entreprises \u00e9conomiques en vue de cr\u00e9er de la richesse\u00a0\u00bb. Ainsi, \u00ab\u00a0les \u00e9tablissements d&rsquo;enseignement sup\u00e9rieur assurant des formations en architecture, en g\u00e9nie civil, en gestion des techniques urbaines et en sciences de l&rsquo;ing\u00e9nieur sont tenus d&rsquo;entreprendre, sans d\u00e9lai, les d\u00e9marches n\u00e9cessaires pour l&rsquo;ouverture de bureaux d&rsquo;\u00e9tudes affili\u00e9s \u00e0 des entreprises \u00e9conomiques.Cette mesure permettra aux \u00e9tablissements d&rsquo;enseignement sup\u00e9rieur de d\u00e9velopper des offres de services en mati\u00e8re d&rsquo;expertise, d&rsquo;\u00e9tudes et de conseil en direction des administrations et des entreprises \u00e9conomiques publiques et priv\u00e9es et de r\u00e9pondre ainsi aux exigences de leur environnement \u00e9conomique et social, note la m\u00eame source.&nbsp;&nbsp;<\/p>\n\n\n\n<p>R.N.<\/p>\n","protected":false},"excerpt":{"rendered":"<p>Le minist\u00e8re de l&rsquo;Enseignement sup\u00e9rieur et de la Recherche scientifique a d\u00e9cid\u00e9 l&rsquo;ouverture de bureaux d&rsquo;\u00e9tudes affili\u00e9s \u00e0 des entreprises<\/p>\n","protected":false},"author":3,"featured_media":0,"comment_status":"open","ping_status":"closed","sticky":false,"template":"","format":"standard","meta":{"colormag_page_container_layout":"default_layout","colormag_page_sidebar_layout":"default_layout","om_disable_all_campaigns":false,"_monsterinsights_skip_tracking":false,"_monsterinsights_sitenote_active":false,"_monsterinsights_sitenote_note":"","_monsterinsights_sitenote_category":0,"footnotes":"","_wpscppro_dont_share_socialmedia":false,"_wpscppro_custom_social_share_image":0,"_facebook_share_type":"","_twitter_share_type":"","_linkedin_share_type":"","_pinterest_share_type":"","_linkedin_share_type_page":"","_instagram_share_type":"","_medium_share_type":"","_threads_share_type":"","_google_business_share_type":"","_selected_social_profile":[],"_wpsp_enable_custom_social_template":false,"_wpsp_social_scheduling":{"enabled":false,"datetime":null,"platforms":[],"status":"template_only","dateOption":"today","timeOption":"now","customDays":"","customHours":"","customDate":"","customTime":"","schedulingType":"absolute"},"_wpsp_active_default_template":true},"categories":[27],"tags":[],"class_list":["post-30750","post","type-post","status-publish","format-standard","hentry","category-actualite"],"aioseo_notices":[],"yoast_head":"<!-- This site is optimized with the Yoast SEO plugin v27.5 - https:\/\/yoast.com\/product\/yoast-seo-wordpress\/ -->\n<title>Universit\u00e9\u00a0: Ouverture de bureaux d&rsquo;\u00e9tudes affili\u00e9s \u00e0 des entreprises \u00e9conomiques - La Sentinelle<\/title>\n<meta name=\"robots\" content=\"index, follow, max-snippet:-1, max-image-preview:large, max-video-preview:-1\" \/>\n<link rel=\"canonical\" href=\"https:\/\/lasentinelle.dz\/index.php\/2022\/11\/14\/universite-ouverture-de-bureaux-detudes-affilies-a-des-entreprises-economiques\/\" \/>\n<meta property=\"og:locale\" content=\"fr_FR\" \/>\n<meta property=\"og:type\" content=\"article\" \/>\n<meta property=\"og:title\" content=\"Universit\u00e9\u00a0: Ouverture de bureaux d&rsquo;\u00e9tudes affili\u00e9s \u00e0 des entreprises \u00e9conomiques - La Sentinelle\" \/>\n<meta property=\"og:description\" content=\"Le minist\u00e8re de l&rsquo;Enseignement sup\u00e9rieur et de la Recherche scientifique a d\u00e9cid\u00e9 l&rsquo;ouverture de bureaux d&rsquo;\u00e9tudes affili\u00e9s \u00e0 des entreprises\" \/>\n<meta property=\"og:url\" content=\"https:\/\/lasentinelle.dz\/index.php\/2022\/11\/14\/universite-ouverture-de-bureaux-detudes-affilies-a-des-entreprises-economiques\/\" \/>\n<meta property=\"og:site_name\" content=\"La Sentinelle\" \/>\n<meta property=\"article:publisher\" content=\"https:\/\/www.facebook.com\/La-Sentinelle-104059864394773\" \/>\n<meta property=\"article:published_time\" content=\"2022-11-14T21:05:00+00:00\" \/>\n<meta name=\"author\" content=\"La Sentinelle\" \/>\n<meta name=\"twitter:card\" content=\"summary_large_image\" \/>\n<meta name=\"twitter:label1\" content=\"\u00c9crit par\" \/>\n\t<meta name=\"twitter:data1\" content=\"La Sentinelle\" \/>\n\t<meta name=\"twitter:label2\" content=\"Dur\u00e9e de lecture estim\u00e9e\" \/>\n\t<meta name=\"twitter:data2\" content=\"2 minutes\" \/>\n<script type=\"application\/ld+json\" class=\"yoast-schema-graph\">{\"@context\":\"https:\\\/\\\/schema.org\",\"@graph\":[{\"@type\":\"Article\",\"@id\":\"https:\\\/\\\/lasentinelle.dz\\\/index.php\\\/2022\\\/11\\\/14\\\/universite-ouverture-de-bureaux-detudes-affilies-a-des-entreprises-economiques\\\/#article\",\"isPartOf\":{\"@id\":\"https:\\\/\\\/lasentinelle.dz\\\/index.php\\\/2022\\\/11\\\/14\\\/universite-ouverture-de-bureaux-detudes-affilies-a-des-entreprises-economiques\\\/\"},\"author\":{\"name\":\"La Sentinelle\",\"@id\":\"https:\\\/\\\/lasentinelle.dz\\\/#\\\/schema\\\/person\\\/d865044e22e70a75174ce8bcad3acfb3\"},\"headline\":\"Universit\u00e9\u00a0: Ouverture de bureaux d&rsquo;\u00e9tudes affili\u00e9s \u00e0 des entreprises \u00e9conomiques\",\"datePublished\":\"2022-11-14T21:05:00+00:00\",\"mainEntityOfPage\":{\"@id\":\"https:\\\/\\\/lasentinelle.dz\\\/index.php\\\/2022\\\/11\\\/14\\\/universite-ouverture-de-bureaux-detudes-affilies-a-des-entreprises-economiques\\\/\"},\"wordCount\":284,\"commentCount\":0,\"publisher\":{\"@id\":\"https:\\\/\\\/lasentinelle.dz\\\/#organization\"},\"articleSection\":[\"Actualit\u00e9\"],\"inLanguage\":\"fr-FR\",\"potentialAction\":[{\"@type\":\"CommentAction\",\"name\":\"Comment\",\"target\":[\"https:\\\/\\\/lasentinelle.dz\\\/index.php\\\/2022\\\/11\\\/14\\\/universite-ouverture-de-bureaux-detudes-affilies-a-des-entreprises-economiques\\\/#respond\"]}]},{\"@type\":\"WebPage\",\"@id\":\"https:\\\/\\\/lasentinelle.dz\\\/index.php\\\/2022\\\/11\\\/14\\\/universite-ouverture-de-bureaux-detudes-affilies-a-des-entreprises-economiques\\\/\",\"url\":\"https:\\\/\\\/lasentinelle.dz\\\/index.php\\\/2022\\\/11\\\/14\\\/universite-ouverture-de-bureaux-detudes-affilies-a-des-entreprises-economiques\\\/\",\"name\":\"Universit\u00e9\u00a0: Ouverture de bureaux d&rsquo;\u00e9tudes affili\u00e9s \u00e0 des entreprises \u00e9conomiques - La Sentinelle\",\"isPartOf\":{\"@id\":\"https:\\\/\\\/lasentinelle.dz\\\/#website\"},\"datePublished\":\"2022-11-14T21:05:00+00:00\",\"breadcrumb\":{\"@id\":\"https:\\\/\\\/lasentinelle.dz\\\/index.php\\\/2022\\\/11\\\/14\\\/universite-ouverture-de-bureaux-detudes-affilies-a-des-entreprises-economiques\\\/#breadcrumb\"},\"inLanguage\":\"fr-FR\",\"potentialAction\":[{\"@type\":\"ReadAction\",\"target\":[\"https:\\\/\\\/lasentinelle.dz\\\/index.php\\\/2022\\\/11\\\/14\\\/universite-ouverture-de-bureaux-detudes-affilies-a-des-entreprises-economiques\\\/\"]}]},{\"@type\":\"BreadcrumbList\",\"@id\":\"https:\\\/\\\/lasentinelle.dz\\\/index.php\\\/2022\\\/11\\\/14\\\/universite-ouverture-de-bureaux-detudes-affilies-a-des-entreprises-economiques\\\/#breadcrumb\",\"itemListElement\":[{\"@type\":\"ListItem\",\"position\":1,\"name\":\"Accueil\",\"item\":\"https:\\\/\\\/lasentinelle.dz\\\/\"},{\"@type\":\"ListItem\",\"position\":2,\"name\":\"Universit\u00e9\u00a0: Ouverture de bureaux d&rsquo;\u00e9tudes affili\u00e9s \u00e0 des entreprises \u00e9conomiques\"}]},{\"@type\":\"WebSite\",\"@id\":\"https:\\\/\\\/lasentinelle.dz\\\/#website\",\"url\":\"https:\\\/\\\/lasentinelle.dz\\\/\",\"name\":\"La Sentinelle\",\"description\":\"Quotidien national d&#039;information\",\"publisher\":{\"@id\":\"https:\\\/\\\/lasentinelle.dz\\\/#organization\"},\"potentialAction\":[{\"@type\":\"SearchAction\",\"target\":{\"@type\":\"EntryPoint\",\"urlTemplate\":\"https:\\\/\\\/lasentinelle.dz\\\/?s={search_term_string}\"},\"query-input\":{\"@type\":\"PropertyValueSpecification\",\"valueRequired\":true,\"valueName\":\"search_term_string\"}}],\"inLanguage\":\"fr-FR\"},{\"@type\":\"Organization\",\"@id\":\"https:\\\/\\\/lasentinelle.dz\\\/#organization\",\"name\":\"Quotidien La Sentinelle\",\"url\":\"https:\\\/\\\/lasentinelle.dz\\\/\",\"logo\":{\"@type\":\"ImageObject\",\"inLanguage\":\"fr-FR\",\"@id\":\"https:\\\/\\\/lasentinelle.dz\\\/#\\\/schema\\\/logo\\\/image\\\/\",\"url\":\"https:\\\/\\\/lasentinelle.dz\\\/wp-content\\\/uploads\\\/2021\\\/09\\\/logo-sentinelleSLOGAN-1.png\",\"contentUrl\":\"https:\\\/\\\/lasentinelle.dz\\\/wp-content\\\/uploads\\\/2021\\\/09\\\/logo-sentinelleSLOGAN-1.png\",\"width\":615,\"height\":142,\"caption\":\"Quotidien La Sentinelle\"},\"image\":{\"@id\":\"https:\\\/\\\/lasentinelle.dz\\\/#\\\/schema\\\/logo\\\/image\\\/\"},\"sameAs\":[\"https:\\\/\\\/www.facebook.com\\\/La-Sentinelle-104059864394773\"]},{\"@type\":\"Person\",\"@id\":\"https:\\\/\\\/lasentinelle.dz\\\/#\\\/schema\\\/person\\\/d865044e22e70a75174ce8bcad3acfb3\",\"name\":\"La Sentinelle\",\"image\":{\"@type\":\"ImageObject\",\"inLanguage\":\"fr-FR\",\"@id\":\"https:\\\/\\\/secure.gravatar.com\\\/avatar\\\/57de8e5d4b15d43fb361a71fbb36338450fe67865b528a43dd10ef7c51a20392?s=96&d=mm&r=g\",\"url\":\"https:\\\/\\\/secure.gravatar.com\\\/avatar\\\/57de8e5d4b15d43fb361a71fbb36338450fe67865b528a43dd10ef7c51a20392?s=96&d=mm&r=g\",\"contentUrl\":\"https:\\\/\\\/secure.gravatar.com\\\/avatar\\\/57de8e5d4b15d43fb361a71fbb36338450fe67865b528a43dd10ef7c51a20392?s=96&d=mm&r=g\",\"caption\":\"La Sentinelle\"},\"sameAs\":[\"http:\\\/\\\/www.lasentinelle.dz\"],\"url\":\"https:\\\/\\\/lasentinelle.dz\\\/author\\\/redaction\\\/\"}]}<\/script>\n<!-- \/ Yoast SEO plugin. -->","yoast_head_json":{"title":"Universit\u00e9\u00a0: Ouverture de bureaux d&rsquo;\u00e9tudes affili\u00e9s \u00e0 des entreprises \u00e9conomiques - La Sentinelle","robots":{"index":"index","follow":"follow","max-snippet":"max-snippet:-1","max-image-preview":"max-image-preview:large","max-video-preview":"max-video-preview:-1"},"canonical":"https:\/\/lasentinelle.dz\/index.php\/2022\/11\/14\/universite-ouverture-de-bureaux-detudes-affilies-a-des-entreprises-economiques\/","og_locale":"fr_FR","og_type":"article","og_title":"Universit\u00e9\u00a0: Ouverture de bureaux d&rsquo;\u00e9tudes affili\u00e9s \u00e0 des entreprises \u00e9conomiques - La Sentinelle","og_description":"Le minist\u00e8re de l&rsquo;Enseignement sup\u00e9rieur et de la Recherche scientifique a d\u00e9cid\u00e9 l&rsquo;ouverture de bureaux d&rsquo;\u00e9tudes affili\u00e9s \u00e0 des entreprises","og_url":"https:\/\/lasentinelle.dz\/index.php\/2022\/11\/14\/universite-ouverture-de-bureaux-detudes-affilies-a-des-entreprises-economiques\/","og_site_name":"La Sentinelle","article_publisher":"https:\/\/www.facebook.com\/La-Sentinelle-104059864394773","article_published_time":"2022-11-14T21:05:00+00:00","author":"La Sentinelle","twitter_card":"summary_large_image","twitter_misc":{"\u00c9crit par":"La Sentinelle","Dur\u00e9e de lecture estim\u00e9e":"2 minutes"},"schema":{"@context":"https:\/\/schema.org","@graph":[{"@type":"Article","@id":"https:\/\/lasentinelle.dz\/index.php\/2022\/11\/14\/universite-ouverture-de-bureaux-detudes-affilies-a-des-entreprises-economiques\/#article","isPartOf":{"@id":"https:\/\/lasentinelle.dz\/index.php\/2022\/11\/14\/universite-ouverture-de-bureaux-detudes-affilies-a-des-entreprises-economiques\/"},"author":{"name":"La Sentinelle","@id":"https:\/\/lasentinelle.dz\/#\/schema\/person\/d865044e22e70a75174ce8bcad3acfb3"},"headline":"Universit\u00e9\u00a0: Ouverture de bureaux d&rsquo;\u00e9tudes affili\u00e9s \u00e0 des entreprises \u00e9conomiques","datePublished":"2022-11-14T21:05:00+00:00","mainEntityOfPage":{"@id":"https:\/\/lasentinelle.dz\/index.php\/2022\/11\/14\/universite-ouverture-de-bureaux-detudes-affilies-a-des-entreprises-economiques\/"},"wordCount":284,"commentCount":0,"publisher":{"@id":"https:\/\/lasentinelle.dz\/#organization"},"articleSection":["Actualit\u00e9"],"inLanguage":"fr-FR","potentialAction":[{"@type":"CommentAction","name":"Comment","target":["https:\/\/lasentinelle.dz\/index.php\/2022\/11\/14\/universite-ouverture-de-bureaux-detudes-affilies-a-des-entreprises-economiques\/#respond"]}]},{"@type":"WebPage","@id":"https:\/\/lasentinelle.dz\/index.php\/2022\/11\/14\/universite-ouverture-de-bureaux-detudes-affilies-a-des-entreprises-economiques\/","url":"https:\/\/lasentinelle.dz\/index.php\/2022\/11\/14\/universite-ouverture-de-bureaux-detudes-affilies-a-des-entreprises-economiques\/","name":"Universit\u00e9\u00a0: Ouverture de bureaux d&rsquo;\u00e9tudes affili\u00e9s \u00e0 des entreprises \u00e9conomiques - La Sentinelle","isPartOf":{"@id":"https:\/\/lasentinelle.dz\/#website"},"datePublished":"2022-11-14T21:05:00+00:00","breadcrumb":{"@id":"https:\/\/lasentinelle.dz\/index.php\/2022\/11\/14\/universite-ouverture-de-bureaux-detudes-affilies-a-des-entreprises-economiques\/#breadcrumb"},"inLanguage":"fr-FR","potentialAction":[{"@type":"ReadAction","target":["https:\/\/lasentinelle.dz\/index.php\/2022\/11\/14\/universite-ouverture-de-bureaux-detudes-affilies-a-des-entreprises-economiques\/"]}]},{"@type":"BreadcrumbList","@id":"https:\/\/lasentinelle.dz\/index.php\/2022\/11\/14\/universite-ouverture-de-bureaux-detudes-affilies-a-des-entreprises-economiques\/#breadcrumb","itemListElement":[{"@type":"ListItem","position":1,"name":"Accueil","item":"https:\/\/lasentinelle.dz\/"},{"@type":"ListItem","position":2,"name":"Universit\u00e9\u00a0: Ouverture de bureaux d&rsquo;\u00e9tudes affili\u00e9s \u00e0 des entreprises \u00e9conomiques"}]},{"@type":"WebSite","@id":"https:\/\/lasentinelle.dz\/#website","url":"https:\/\/lasentinelle.dz\/","name":"La Sentinelle","description":"Quotidien national d&#039;information","publisher":{"@id":"https:\/\/lasentinelle.dz\/#organization"},"potentialAction":[{"@type":"SearchAction","target":{"@type":"EntryPoint","urlTemplate":"https:\/\/lasentinelle.dz\/?s={search_term_string}"},"query-input":{"@type":"PropertyValueSpecification","valueRequired":true,"valueName":"search_term_string"}}],"inLanguage":"fr-FR"},{"@type":"Organization","@id":"https:\/\/lasentinelle.dz\/#organization","name":"Quotidien La Sentinelle","url":"https:\/\/lasentinelle.dz\/","logo":{"@type":"ImageObject","inLanguage":"fr-FR","@id":"https:\/\/lasentinelle.dz\/#\/schema\/logo\/image\/","url":"https:\/\/lasentinelle.dz\/wp-content\/uploads\/2021\/09\/logo-sentinelleSLOGAN-1.png","contentUrl":"https:\/\/lasentinelle.dz\/wp-content\/uploads\/2021\/09\/logo-sentinelleSLOGAN-1.png","width":615,"height":142,"caption":"Quotidien La Sentinelle"},"image":{"@id":"https:\/\/lasentinelle.dz\/#\/schema\/logo\/image\/"},"sameAs":["https:\/\/www.facebook.com\/La-Sentinelle-104059864394773"]},{"@type":"Person","@id":"https:\/\/lasentinelle.dz\/#\/schema\/person\/d865044e22e70a75174ce8bcad3acfb3","name":"La Sentinelle","image":{"@type":"ImageObject","inLanguage":"fr-FR","@id":"https:\/\/secure.gravatar.com\/avatar\/57de8e5d4b15d43fb361a71fbb36338450fe67865b528a43dd10ef7c51a20392?s=96&d=mm&r=g","url":"https:\/\/secure.gravatar.com\/avatar\/57de8e5d4b15d43fb361a71fbb36338450fe67865b528a43dd10ef7c51a20392?s=96&d=mm&r=g","contentUrl":"https:\/\/secure.gravatar.com\/avatar\/57de8e5d4b15d43fb361a71fbb36338450fe67865b528a43dd10ef7c51a20392?s=96&d=mm&r=g","caption":"La Sentinelle"},"sameAs":["http:\/\/www.lasentinelle.dz"],"url":"https:\/\/lasentinelle.dz\/author\/redaction\/"}]}},"_links":{"self":[{"href":"https:\/\/lasentinelle.dz\/index.php\/wp-json\/wp\/v2\/posts\/30750","targetHints":{"allow":["GET"]}}],"collection":[{"href":"https:\/\/lasentinelle.dz\/index.php\/wp-json\/wp\/v2\/posts"}],"about":[{"href":"https:\/\/lasentinelle.dz\/index.php\/wp-json\/wp\/v2\/types\/post"}],"author":[{"embeddable":true,"href":"https:\/\/lasentinelle.dz\/index.php\/wp-json\/wp\/v2\/users\/3"}],"replies":[{"embeddable":true,"href":"https:\/\/lasentinelle.dz\/index.php\/wp-json\/wp\/v2\/comments?post=30750"}],"version-history":[{"count":1,"href":"https:\/\/lasentinelle.dz\/index.php\/wp-json\/wp\/v2\/posts\/30750\/revisions"}],"predecessor-version":[{"id":30758,"href":"https:\/\/lasentinelle.dz\/index.php\/wp-json\/wp\/v2\/posts\/30750\/revisions\/30758"}],"wp:attachment":[{"href":"https:\/\/lasentinelle.dz\/index.php\/wp-json\/wp\/v2\/media?parent=30750"}],"wp:term":[{"taxonomy":"category","embeddable":true,"href":"https:\/\/lasentinelle.dz\/index.php\/wp-json\/wp\/v2\/categories?post=30750"},{"taxonomy":"post_tag","embeddable":true,"href":"https:\/\/lasentinelle.dz\/index.php\/wp-json\/wp\/v2\/tags?post=30750"}],"curies":[{"name":"wp","href":"https:\/\/api.w.org\/{rel}","templated":true}]}}